{"id":2373,"date":"2025-04-11T12:38:11","date_gmt":"2025-04-11T15:38:11","guid":{"rendered":"https:\/\/web.consaguirre.com.ar\/noticias\/mariah-carey-comparte-la-edicion-del-vigesimo-aniversario-de-the-emancipation-of-mimi\/"},"modified":"2025-04-11T12:38:11","modified_gmt":"2025-04-11T15:38:11","slug":"mariah-carey-comparte-la-edicion-del-vigesimo-aniversario-de-the-emancipation-of-mimi","status":"publish","type":"post","link":"https:\/\/web.consaguirre.com.ar\/noticias\/mariah-carey-comparte-la-edicion-del-vigesimo-aniversario-de-the-emancipation-of-mimi\/","title":{"rendered":"Mariah Carey comparte la edici\u00f3n del vig\u00e9simo aniversario de &#8216;The Emancipation of Mimi&#8217;"},"content":{"rendered":"<p>Han pasado 20 a\u00f1os desde el lanzamiento de <strong>Mariah Carey&#8217;s<\/strong> El d\u00e9cimo \u00e1lbum m\u00e1s vendido, ganador del Grammy <strong><em>La emancipaci\u00f3n de Mimi<\/em><\/strong>. Para celebrar ese aniversario, Def Jam Records lanzar\u00e1 un conjunto de caja de vinilo de 5 lp de edici\u00f3n limitada, compilada personalmente por Mariah para reunir el mundo musical que cre\u00f3, y contin\u00faa creando, alrededor del registro. Tanto el conjunto de caja como la versi\u00f3n digital estar\u00e1n disponibles el 30 de mayo, con los pedidos anticipados ahora.<\/p>\n<p><strong>Orden<\/strong> <b><i>La emancipaci\u00f3n de Mimi (20<\/i><\/b><b><i>th<\/i><\/b> <b><i>Edici\u00f3n de aniversario)<\/i><\/b><\/p>\n<p>La edici\u00f3n de aniversario de 45 pistas de la <em>Mimi<\/em> Combina el \u00e1lbum original, con &#8220;It\u2019s Like That&#8221;, &#8220;We Beather Together&#8221; y &#8220;Get Your Number&#8221;, con las amadas pistas de la <i>Edici\u00f3n ultra platino<\/i>como el sencillo &#8220;No olvides de nosotros&#8221;, &#8220;Makin &#8216;It Last toda la noche (qu\u00e9 hace)&#8221; y &#8220;Sprung&#8221;. Adem\u00e1s de ellas hay docenas de pistas de bonificaci\u00f3n, que se extienden desde <i>Emancipaci\u00f3n <\/i>Era dance remixes, colaboraciones de artistas, instrumentales y m\u00e1s, a nuevos remixes de personas como Kaytranada y Esentrik. Antes del lanzamiento, los fan\u00e1ticos pueden ver el visualizador de la vida de Mariah, Kaytranada, a fuego lento de &#8220;Don&#8217;t Forget Ons Us&#8221;, que es <strong>Disponible para transmitir en todas partes ahora.<\/strong><\/p>\n<div class=\"uD-YT-container\"><img decoding=\"async\" src=\"https:\/\/web.consaguirre.com.ar\/noticias\/wp-content\/uploads\/2025\/04\/1744385891_42_Mariah-Carey-comparte-la-edicion-del-vigesimo-aniversario-de-The.jpg\" alt=\"Video de YouTube\"><br \/>Haga clic para cargar video<\/div>\n<p>La expansiva colecci\u00f3n de vinilo de 5 lp presenta un empaque exclusivo con un folleto de fotos de 28 p\u00e1ginas, as\u00ed como una carta personal de la cantante a sus fan\u00e1ticos sobre la importancia de este \u00e1lbum en su extraordinaria carrera. Tambi\u00e9n estar\u00e1 disponible un conjunto de vinilo de 2LP de lujo.<\/p>\n<p>&#8220;Estoy muy feliz de celebrar &#8216;Mimi&#8217;s Emancipation&#8217; con este relanzamiento especial de aniversario&#8221;, dice Mariah. &#8220;Mientras trabajaba en esta edici\u00f3n, pude revivir todos los recuerdos de este momento crucial en mi vida personal y profesional. Este \u00e1lbum tiene algunos de mis mayores \u00e9xitos hasta la fecha, as\u00ed como algunos favoritos personales que est\u00e1n muy especiales para m\u00ed.<\/p>\n<p><strong>Orden<\/strong> <b><i>La emancipaci\u00f3n de Mimi (20<\/i><\/b><b><i>th<\/i><\/b> <b><i>Edici\u00f3n de aniversario.)<\/i><\/b><\/p>\n","protected":false},"excerpt":{"rendered":"<p>Han pasado 20 a\u00f1os desde el lanzamiento de Mariah Carey&#8217;s El d\u00e9cimo \u00e1lbum m\u00e1s vendido, ganador del Grammy La emancipaci\u00f3n de Mimi. Para celebrar ese<\/p>\n","protected":false},"author":1,"featured_media":2374,"comment_status":"closed","ping_status":"","sticky":false,"template":"","format":"standard","meta":{"footnotes":""},"categories":[50],"tags":[98,2312,201,10,160,2313,2311,2314,1130],"class_list":["post-2373","post","type-post","status-publish","format-standard","has-post-thumbnail","hentry","category-el-ultimo","tag-aniversario","tag-carey","tag-comparte","tag-del","tag-edicion","tag-emancipation","tag-mariah","tag-mimi","tag-vigesimo","generate-columns","tablet-grid-50","mobile-grid-100","grid-parent","grid-50"],"yoast_head":"<!-- This site is optimized with the Yoast SEO plugin v23.3 - https:\/\/yoast.com\/wordpress\/plugins\/seo\/ -->\n<title>Mariah Carey comparte la edici\u00f3n del vig\u00e9simo aniversario de &#039;The Emancipation of Mimi&#039;<\/title>\n<meta name=\"robots\" content=\"index, follow, max-snippet:-1, max-image-preview:large, max-video-preview:-1\" \/>\n<link rel=\"canonical\" href=\"https:\/\/web.consaguirre.com.ar\/noticias\/mariah-carey-comparte-la-edicion-del-vigesimo-aniversario-de-the-emancipation-of-mimi\/\" \/>\n<meta property=\"og:locale\" content=\"es_ES\" \/>\n<meta property=\"og:type\" content=\"article\" \/>\n<meta property=\"og:title\" content=\"Mariah Carey comparte la edici\u00f3n del vig\u00e9simo aniversario de &#039;The Emancipation of Mimi&#039;\" \/>\n<meta property=\"og:description\" content=\"Han pasado 20 a\u00f1os desde el lanzamiento de Mariah Carey&#8217;s El d\u00e9cimo \u00e1lbum m\u00e1s vendido, ganador del Grammy La emancipaci\u00f3n de Mimi. Para celebrar ese\" \/>\n<meta property=\"og:url\" content=\"https:\/\/web.consaguirre.com.ar\/noticias\/mariah-carey-comparte-la-edicion-del-vigesimo-aniversario-de-the-emancipation-of-mimi\/\" \/>\n<meta property=\"og:site_name\" content=\"Conservatorio de M\u00fasica Juli\u00e1n Aguirre\" \/>\n<meta property=\"article:published_time\" content=\"2025-04-11T15:38:11+00:00\" \/>\n<meta property=\"og:image\" content=\"https:\/\/web.consaguirre.com.ar\/noticias\/wp-content\/uploads\/2025\/04\/Mariah-Carey-comparte-la-edicion-del-vigesimo-aniversario-de-The.jpg\" \/>\n\t<meta property=\"og:image:width\" content=\"1440\" \/>\n\t<meta property=\"og:image:height\" content=\"864\" \/>\n\t<meta property=\"og:image:type\" content=\"image\/jpeg\" \/>\n<meta name=\"author\" content=\"Javier Figueroa\" \/>\n<meta name=\"twitter:card\" content=\"summary_large_image\" \/>\n<meta name=\"twitter:label1\" content=\"Escrito por\" \/>\n\t<meta name=\"twitter:data1\" content=\"Javier Figueroa\" \/>\n\t<meta name=\"twitter:label2\" content=\"Tiempo de lectura\" \/>\n\t<meta name=\"twitter:data2\" content=\"2 minutos\" \/>\n<script type=\"application\/ld+json\" class=\"yoast-schema-graph\">{\"@context\":\"https:\/\/schema.org\",\"@graph\":[{\"@type\":\"Article\",\"@id\":\"https:\/\/web.consaguirre.com.ar\/noticias\/mariah-carey-comparte-la-edicion-del-vigesimo-aniversario-de-the-emancipation-of-mimi\/#article\",\"isPartOf\":{\"@id\":\"https:\/\/web.consaguirre.com.ar\/noticias\/mariah-carey-comparte-la-edicion-del-vigesimo-aniversario-de-the-emancipation-of-mimi\/\"},\"author\":{\"name\":\"Javier Figueroa\",\"@id\":\"https:\/\/web.consaguirre.com.ar\/noticias\/#\/schema\/person\/6558b0cfedee7ddc5425602b237d5722\"},\"headline\":\"Mariah Carey comparte la edici\u00f3n del vig\u00e9simo aniversario de &#8216;The Emancipation of Mimi&#8217;\",\"datePublished\":\"2025-04-11T15:38:11+00:00\",\"dateModified\":\"2025-04-11T15:38:11+00:00\",\"mainEntityOfPage\":{\"@id\":\"https:\/\/web.consaguirre.com.ar\/noticias\/mariah-carey-comparte-la-edicion-del-vigesimo-aniversario-de-the-emancipation-of-mimi\/\"},\"wordCount\":363,\"publisher\":{\"@id\":\"https:\/\/web.consaguirre.com.ar\/noticias\/#organization\"},\"image\":{\"@id\":\"https:\/\/web.consaguirre.com.ar\/noticias\/mariah-carey-comparte-la-edicion-del-vigesimo-aniversario-de-the-emancipation-of-mimi\/#primaryimage\"},\"thumbnailUrl\":\"https:\/\/web.consaguirre.com.ar\/noticias\/wp-content\/uploads\/2025\/04\/Mariah-Carey-comparte-la-edicion-del-vigesimo-aniversario-de-The.jpg\",\"keywords\":[\"aniversario\",\"Carey\",\"comparte\",\"del\",\"edici\u00f3n\",\"Emancipation\",\"Mariah\",\"Mimi\",\"vig\u00e9simo\"],\"articleSection\":[\"El \u00faltimo\"],\"inLanguage\":\"es-AR\"},{\"@type\":\"WebPage\",\"@id\":\"https:\/\/web.consaguirre.com.ar\/noticias\/mariah-carey-comparte-la-edicion-del-vigesimo-aniversario-de-the-emancipation-of-mimi\/\",\"url\":\"https:\/\/web.consaguirre.com.ar\/noticias\/mariah-carey-comparte-la-edicion-del-vigesimo-aniversario-de-the-emancipation-of-mimi\/\",\"name\":\"Mariah Carey comparte la edici\u00f3n del vig\u00e9simo aniversario de 'The Emancipation of Mimi'\",\"isPartOf\":{\"@id\":\"https:\/\/web.consaguirre.com.ar\/noticias\/#website\"},\"primaryImageOfPage\":{\"@id\":\"https:\/\/web.consaguirre.com.ar\/noticias\/mariah-carey-comparte-la-edicion-del-vigesimo-aniversario-de-the-emancipation-of-mimi\/#primaryimage\"},\"image\":{\"@id\":\"https:\/\/web.consaguirre.com.ar\/noticias\/mariah-carey-comparte-la-edicion-del-vigesimo-aniversario-de-the-emancipation-of-mimi\/#primaryimage\"},\"thumbnailUrl\":\"https:\/\/web.consaguirre.com.ar\/noticias\/wp-content\/uploads\/2025\/04\/Mariah-Carey-comparte-la-edicion-del-vigesimo-aniversario-de-The.jpg\",\"datePublished\":\"2025-04-11T15:38:11+00:00\",\"dateModified\":\"2025-04-11T15:38:11+00:00\",\"breadcrumb\":{\"@id\":\"https:\/\/web.consaguirre.com.ar\/noticias\/mariah-carey-comparte-la-edicion-del-vigesimo-aniversario-de-the-emancipation-of-mimi\/#breadcrumb\"},\"inLanguage\":\"es-AR\",\"potentialAction\":[{\"@type\":\"ReadAction\",\"target\":[\"https:\/\/web.consaguirre.com.ar\/noticias\/mariah-carey-comparte-la-edicion-del-vigesimo-aniversario-de-the-emancipation-of-mimi\/\"]}]},{\"@type\":\"ImageObject\",\"inLanguage\":\"es-AR\",\"@id\":\"https:\/\/web.consaguirre.com.ar\/noticias\/mariah-carey-comparte-la-edicion-del-vigesimo-aniversario-de-the-emancipation-of-mimi\/#primaryimage\",\"url\":\"https:\/\/web.consaguirre.com.ar\/noticias\/wp-content\/uploads\/2025\/04\/Mariah-Carey-comparte-la-edicion-del-vigesimo-aniversario-de-The.jpg\",\"contentUrl\":\"https:\/\/web.consaguirre.com.ar\/noticias\/wp-content\/uploads\/2025\/04\/Mariah-Carey-comparte-la-edicion-del-vigesimo-aniversario-de-The.jpg\",\"width\":1440,\"height\":864,\"caption\":\"Mariah Carey comparte la edici\u00f3n del vig\u00e9simo aniversario de 'The Emancipation of Mimi'\"},{\"@type\":\"BreadcrumbList\",\"@id\":\"https:\/\/web.consaguirre.com.ar\/noticias\/mariah-carey-comparte-la-edicion-del-vigesimo-aniversario-de-the-emancipation-of-mimi\/#breadcrumb\",\"itemListElement\":[{\"@type\":\"ListItem\",\"position\":1,\"name\":\"Inicio\",\"item\":\"https:\/\/web.consaguirre.com.ar\/noticias\/\"},{\"@type\":\"ListItem\",\"position\":2,\"name\":\"Mariah Carey comparte la edici\u00f3n del vig\u00e9simo aniversario de &#8216;The Emancipation of Mimi&#8217;\"}]},{\"@type\":\"WebSite\",\"@id\":\"https:\/\/web.consaguirre.com.ar\/noticias\/#website\",\"url\":\"https:\/\/web.consaguirre.com.ar\/noticias\/\",\"name\":\"Conservatorio de M\u00fasica Juli\u00e1n Aguirre\",\"description\":\"\",\"publisher\":{\"@id\":\"https:\/\/web.consaguirre.com.ar\/noticias\/#organization\"},\"potentialAction\":[{\"@type\":\"SearchAction\",\"target\":{\"@type\":\"EntryPoint\",\"urlTemplate\":\"https:\/\/web.consaguirre.com.ar\/noticias\/?s={search_term_string}\"},\"query-input\":\"required name=search_term_string\"}],\"inLanguage\":\"es-AR\"},{\"@type\":\"Organization\",\"@id\":\"https:\/\/web.consaguirre.com.ar\/noticias\/#organization\",\"name\":\"Conservatorio de M\u00fasica Juli\u00e1n Aguirre\",\"url\":\"https:\/\/web.consaguirre.com.ar\/noticias\/\",\"logo\":{\"@type\":\"ImageObject\",\"inLanguage\":\"es-AR\",\"@id\":\"https:\/\/web.consaguirre.com.ar\/noticias\/#\/schema\/logo\/image\/\",\"url\":\"https:\/\/web.consaguirre.com.ar\/noticias\/wp-content\/uploads\/2024\/08\/Banner-Aguirre-23.jpg\",\"contentUrl\":\"https:\/\/web.consaguirre.com.ar\/noticias\/wp-content\/uploads\/2024\/08\/Banner-Aguirre-23.jpg\",\"width\":1192,\"height\":600,\"caption\":\"Conservatorio de M\u00fasica Juli\u00e1n Aguirre\"},\"image\":{\"@id\":\"https:\/\/web.consaguirre.com.ar\/noticias\/#\/schema\/logo\/image\/\"}},{\"@type\":\"Person\",\"@id\":\"https:\/\/web.consaguirre.com.ar\/noticias\/#\/schema\/person\/6558b0cfedee7ddc5425602b237d5722\",\"name\":\"Javier Figueroa\",\"image\":{\"@type\":\"ImageObject\",\"inLanguage\":\"es-AR\",\"@id\":\"https:\/\/web.consaguirre.com.ar\/noticias\/#\/schema\/person\/image\/\",\"url\":\"https:\/\/web.consaguirre.com.ar\/noticias\/wp-content\/uploads\/2024\/08\/Consaguirre-scaled.jpg\",\"contentUrl\":\"https:\/\/web.consaguirre.com.ar\/noticias\/wp-content\/uploads\/2024\/08\/Consaguirre-scaled.jpg\",\"caption\":\"Javier Figueroa\"},\"description\":\"Me llamo Javier Figueroa y soy redactor para el sitio oficial del Conservatorio de M\u00fasica Juli\u00e1n Aguirre en Buenos Aires, consaguirre.com. Apasionado por la m\u00fasica y la escritura, me esfuerzo por destacar los talentos y eventos de nuestra prestigiosa instituci\u00f3n. Mi trayectoria se nutre de una profunda admiraci\u00f3n por los artistas, haciendo de cada art\u00edculo una celebraci\u00f3n de la creatividad y la cultura musical.\",\"sameAs\":[\"https:\/\/web.consaguirre.com.ar\/noticias\"]}]}<\/script>\n<!-- \/ Yoast SEO plugin. -->","yoast_head_json":{"title":"Mariah Carey comparte la edici\u00f3n del vig\u00e9simo aniversario de 'The Emancipation of Mimi'","robots":{"index":"index","follow":"follow","max-snippet":"max-snippet:-1","max-image-preview":"max-image-preview:large","max-video-preview":"max-video-preview:-1"},"canonical":"https:\/\/web.consaguirre.com.ar\/noticias\/mariah-carey-comparte-la-edicion-del-vigesimo-aniversario-de-the-emancipation-of-mimi\/","og_locale":"es_ES","og_type":"article","og_title":"Mariah Carey comparte la edici\u00f3n del vig\u00e9simo aniversario de 'The Emancipation of Mimi'","og_description":"Han pasado 20 a\u00f1os desde el lanzamiento de Mariah Carey&#8217;s El d\u00e9cimo \u00e1lbum m\u00e1s vendido, ganador del Grammy La emancipaci\u00f3n de Mimi. Para celebrar ese","og_url":"https:\/\/web.consaguirre.com.ar\/noticias\/mariah-carey-comparte-la-edicion-del-vigesimo-aniversario-de-the-emancipation-of-mimi\/","og_site_name":"Conservatorio de M\u00fasica Juli\u00e1n Aguirre","article_published_time":"2025-04-11T15:38:11+00:00","og_image":[{"width":1440,"height":864,"url":"https:\/\/web.consaguirre.com.ar\/noticias\/wp-content\/uploads\/2025\/04\/Mariah-Carey-comparte-la-edicion-del-vigesimo-aniversario-de-The.jpg","type":"image\/jpeg"}],"author":"Javier Figueroa","twitter_card":"summary_large_image","twitter_misc":{"Escrito por":"Javier Figueroa","Tiempo de lectura":"2 minutos"},"schema":{"@context":"https:\/\/schema.org","@graph":[{"@type":"Article","@id":"https:\/\/web.consaguirre.com.ar\/noticias\/mariah-carey-comparte-la-edicion-del-vigesimo-aniversario-de-the-emancipation-of-mimi\/#article","isPartOf":{"@id":"https:\/\/web.consaguirre.com.ar\/noticias\/mariah-carey-comparte-la-edicion-del-vigesimo-aniversario-de-the-emancipation-of-mimi\/"},"author":{"name":"Javier Figueroa","@id":"https:\/\/web.consaguirre.com.ar\/noticias\/#\/schema\/person\/6558b0cfedee7ddc5425602b237d5722"},"headline":"Mariah Carey comparte la edici\u00f3n del vig\u00e9simo aniversario de &#8216;The Emancipation of Mimi&#8217;","datePublished":"2025-04-11T15:38:11+00:00","dateModified":"2025-04-11T15:38:11+00:00","mainEntityOfPage":{"@id":"https:\/\/web.consaguirre.com.ar\/noticias\/mariah-carey-comparte-la-edicion-del-vigesimo-aniversario-de-the-emancipation-of-mimi\/"},"wordCount":363,"publisher":{"@id":"https:\/\/web.consaguirre.com.ar\/noticias\/#organization"},"image":{"@id":"https:\/\/web.consaguirre.com.ar\/noticias\/mariah-carey-comparte-la-edicion-del-vigesimo-aniversario-de-the-emancipation-of-mimi\/#primaryimage"},"thumbnailUrl":"https:\/\/web.consaguirre.com.ar\/noticias\/wp-content\/uploads\/2025\/04\/Mariah-Carey-comparte-la-edicion-del-vigesimo-aniversario-de-The.jpg","keywords":["aniversario","Carey","comparte","del","edici\u00f3n","Emancipation","Mariah","Mimi","vig\u00e9simo"],"articleSection":["El \u00faltimo"],"inLanguage":"es-AR"},{"@type":"WebPage","@id":"https:\/\/web.consaguirre.com.ar\/noticias\/mariah-carey-comparte-la-edicion-del-vigesimo-aniversario-de-the-emancipation-of-mimi\/","url":"https:\/\/web.consaguirre.com.ar\/noticias\/mariah-carey-comparte-la-edicion-del-vigesimo-aniversario-de-the-emancipation-of-mimi\/","name":"Mariah Carey comparte la edici\u00f3n del vig\u00e9simo aniversario de 'The Emancipation of Mimi'","isPartOf":{"@id":"https:\/\/web.consaguirre.com.ar\/noticias\/#website"},"primaryImageOfPage":{"@id":"https:\/\/web.consaguirre.com.ar\/noticias\/mariah-carey-comparte-la-edicion-del-vigesimo-aniversario-de-the-emancipation-of-mimi\/#primaryimage"},"image":{"@id":"https:\/\/web.consaguirre.com.ar\/noticias\/mariah-carey-comparte-la-edicion-del-vigesimo-aniversario-de-the-emancipation-of-mimi\/#primaryimage"},"thumbnailUrl":"https:\/\/web.consaguirre.com.ar\/noticias\/wp-content\/uploads\/2025\/04\/Mariah-Carey-comparte-la-edicion-del-vigesimo-aniversario-de-The.jpg","datePublished":"2025-04-11T15:38:11+00:00","dateModified":"2025-04-11T15:38:11+00:00","breadcrumb":{"@id":"https:\/\/web.consaguirre.com.ar\/noticias\/mariah-carey-comparte-la-edicion-del-vigesimo-aniversario-de-the-emancipation-of-mimi\/#breadcrumb"},"inLanguage":"es-AR","potentialAction":[{"@type":"ReadAction","target":["https:\/\/web.consaguirre.com.ar\/noticias\/mariah-carey-comparte-la-edicion-del-vigesimo-aniversario-de-the-emancipation-of-mimi\/"]}]},{"@type":"ImageObject","inLanguage":"es-AR","@id":"https:\/\/web.consaguirre.com.ar\/noticias\/mariah-carey-comparte-la-edicion-del-vigesimo-aniversario-de-the-emancipation-of-mimi\/#primaryimage","url":"https:\/\/web.consaguirre.com.ar\/noticias\/wp-content\/uploads\/2025\/04\/Mariah-Carey-comparte-la-edicion-del-vigesimo-aniversario-de-The.jpg","contentUrl":"https:\/\/web.consaguirre.com.ar\/noticias\/wp-content\/uploads\/2025\/04\/Mariah-Carey-comparte-la-edicion-del-vigesimo-aniversario-de-The.jpg","width":1440,"height":864,"caption":"Mariah Carey comparte la edici\u00f3n del vig\u00e9simo aniversario de 'The Emancipation of Mimi'"},{"@type":"BreadcrumbList","@id":"https:\/\/web.consaguirre.com.ar\/noticias\/mariah-carey-comparte-la-edicion-del-vigesimo-aniversario-de-the-emancipation-of-mimi\/#breadcrumb","itemListElement":[{"@type":"ListItem","position":1,"name":"Inicio","item":"https:\/\/web.consaguirre.com.ar\/noticias\/"},{"@type":"ListItem","position":2,"name":"Mariah Carey comparte la edici\u00f3n del vig\u00e9simo aniversario de &#8216;The Emancipation of Mimi&#8217;"}]},{"@type":"WebSite","@id":"https:\/\/web.consaguirre.com.ar\/noticias\/#website","url":"https:\/\/web.consaguirre.com.ar\/noticias\/","name":"Conservatorio de M\u00fasica Juli\u00e1n Aguirre","description":"","publisher":{"@id":"https:\/\/web.consaguirre.com.ar\/noticias\/#organization"},"potentialAction":[{"@type":"SearchAction","target":{"@type":"EntryPoint","urlTemplate":"https:\/\/web.consaguirre.com.ar\/noticias\/?s={search_term_string}"},"query-input":"required name=search_term_string"}],"inLanguage":"es-AR"},{"@type":"Organization","@id":"https:\/\/web.consaguirre.com.ar\/noticias\/#organization","name":"Conservatorio de M\u00fasica Juli\u00e1n Aguirre","url":"https:\/\/web.consaguirre.com.ar\/noticias\/","logo":{"@type":"ImageObject","inLanguage":"es-AR","@id":"https:\/\/web.consaguirre.com.ar\/noticias\/#\/schema\/logo\/image\/","url":"https:\/\/web.consaguirre.com.ar\/noticias\/wp-content\/uploads\/2024\/08\/Banner-Aguirre-23.jpg","contentUrl":"https:\/\/web.consaguirre.com.ar\/noticias\/wp-content\/uploads\/2024\/08\/Banner-Aguirre-23.jpg","width":1192,"height":600,"caption":"Conservatorio de M\u00fasica Juli\u00e1n Aguirre"},"image":{"@id":"https:\/\/web.consaguirre.com.ar\/noticias\/#\/schema\/logo\/image\/"}},{"@type":"Person","@id":"https:\/\/web.consaguirre.com.ar\/noticias\/#\/schema\/person\/6558b0cfedee7ddc5425602b237d5722","name":"Javier Figueroa","image":{"@type":"ImageObject","inLanguage":"es-AR","@id":"https:\/\/web.consaguirre.com.ar\/noticias\/#\/schema\/person\/image\/","url":"https:\/\/web.consaguirre.com.ar\/noticias\/wp-content\/uploads\/2024\/08\/Consaguirre-scaled.jpg","contentUrl":"https:\/\/web.consaguirre.com.ar\/noticias\/wp-content\/uploads\/2024\/08\/Consaguirre-scaled.jpg","caption":"Javier Figueroa"},"description":"Me llamo Javier Figueroa y soy redactor para el sitio oficial del Conservatorio de M\u00fasica Juli\u00e1n Aguirre en Buenos Aires, consaguirre.com. Apasionado por la m\u00fasica y la escritura, me esfuerzo por destacar los talentos y eventos de nuestra prestigiosa instituci\u00f3n. Mi trayectoria se nutre de una profunda admiraci\u00f3n por los artistas, haciendo de cada art\u00edculo una celebraci\u00f3n de la creatividad y la cultura musical.","sameAs":["https:\/\/web.consaguirre.com.ar\/noticias"]}]}},"_links":{"self":[{"href":"https:\/\/web.consaguirre.com.ar\/noticias\/wp-json\/wp\/v2\/posts\/2373"}],"collection":[{"href":"https:\/\/web.consaguirre.com.ar\/noticias\/wp-json\/wp\/v2\/posts"}],"about":[{"href":"https:\/\/web.consaguirre.com.ar\/noticias\/wp-json\/wp\/v2\/types\/post"}],"author":[{"embeddable":true,"href":"https:\/\/web.consaguirre.com.ar\/noticias\/wp-json\/wp\/v2\/users\/1"}],"replies":[{"embeddable":true,"href":"https:\/\/web.consaguirre.com.ar\/noticias\/wp-json\/wp\/v2\/comments?post=2373"}],"version-history":[{"count":1,"href":"https:\/\/web.consaguirre.com.ar\/noticias\/wp-json\/wp\/v2\/posts\/2373\/revisions"}],"predecessor-version":[{"id":2375,"href":"https:\/\/web.consaguirre.com.ar\/noticias\/wp-json\/wp\/v2\/posts\/2373\/revisions\/2375"}],"wp:featuredmedia":[{"embeddable":true,"href":"https:\/\/web.consaguirre.com.ar\/noticias\/wp-json\/wp\/v2\/media\/2374"}],"wp:attachment":[{"href":"https:\/\/web.consaguirre.com.ar\/noticias\/wp-json\/wp\/v2\/media?parent=2373"}],"wp:term":[{"taxonomy":"category","embeddable":true,"href":"https:\/\/web.consaguirre.com.ar\/noticias\/wp-json\/wp\/v2\/categories?post=2373"},{"taxonomy":"post_tag","embeddable":true,"href":"https:\/\/web.consaguirre.com.ar\/noticias\/wp-json\/wp\/v2\/tags?post=2373"}],"curies":[{"name":"wp","href":"https:\/\/api.w.org\/{rel}","templated":true}]}}