{"id":236,"date":"2024-08-27T03:38:51","date_gmt":"2024-08-27T06:38:51","guid":{"rendered":"https:\/\/web.consaguirre.com.ar\/noticias\/billie-eilish-se-asocia-con-vevo-footnotes-para-hablar-sobre-lunch\/"},"modified":"2024-09-08T16:27:50","modified_gmt":"2024-09-08T19:27:50","slug":"billie-eilish-se-asocia-con-vevo-footnotes-para-hablar-sobre-lunch","status":"publish","type":"post","link":"https:\/\/web.consaguirre.com.ar\/noticias\/billie-eilish-se-asocia-con-vevo-footnotes-para-hablar-sobre-lunch\/","title":{"rendered":"Billie Eilish se asocia con Vevo Footnotes para hablar sobre &#8216;Lunch&#8217;"},"content":{"rendered":"<p>La \u00faltima entrega de la serie Footnotes de Vevo ya est\u00e1 aqu\u00ed y presenta <strong>Billie Eilish<\/strong> Llevando a los fans detr\u00e1s de escena del video musical de su exitosa canci\u00f3n &#8220;Lunch&#8221;. Eilish llama al video del primer sencillo de su exitoso \u00e1lbum <em>Golp\u00e9ame fuerte y suave<\/em> \u201cUna oda a los v\u00eddeos musicales de los 90\u201d.<\/p>\n<p>\u201cAlgunos artistas que inspiraron la onda del video incluyen a Biggie, Tupac, Spice Girls, Green Day y My Chemical Romance\u201d, explica Eilish en el video. Y aunque la cantante admite que \u201cno quer\u00eda hacer el video directamente en la nariz\u201d, no pudo resistirse a comer un poco durante la grabaci\u00f3n.<\/p>\n<div class=\"uD-YT-container\"><img decoding=\"async\" src=\"https:\/\/web.consaguirre.com.ar\/noticias\/wp-content\/uploads\/2024\/08\/1724740731_671_Billie-Eilish-se-asocia-con-Vevo-Footnotes-para-hablar-sobre.jpg\" alt=\"V\u00eddeo de YouTube\"><\/p>\n<\/div>\n<p>\u201cLo m\u00e1s complicado de grabar el v\u00eddeo fue toda la comida que ten\u00eda que comer\u201d, recuerda Eilish sobre el v\u00eddeo musical que dirigi\u00f3 ella misma. \u201cTen\u00eda una mesa gigante con comida de la que iba tomando bocados y escupiendo a lo largo del d\u00eda. Pero deber\u00eda haber hecho eso desde el principio, porque al principio me com\u00eda todo y me llenaba de inmediato\u201d. Y aunque el v\u00eddeo era informal, Eilish tambi\u00e9n explica c\u00f3mo su entrenador de movimiento Matty Peacock la ayud\u00f3 a coreografiar el baile para el v\u00eddeo.<\/p>\n<p>Mientras tanto, Eilish y su productor y hermano Finneas se divirtieron jugando y experimentando mientras grababan. <em>Golp\u00e9ame fuerte y suave<\/em>\u201cFinneas ve\u00eda algo genial en Internet y lo entend\u00eda, y luego ve\u00edamos si era inspirador de alguna manera\u201d, comparte la cantante. \u201cEl \u00e1lbum ser\u00eda muy diferente si no hubi\u00e9ramos usado todos esos juguetes raros\u201d. Pero Finneas no es el \u00fanico colaborador al que Eilish elogia; su director de fotograf\u00eda, Rob Witt, tambi\u00e9n recibe algo de cari\u00f1o. \u201cEs muy colaborador y trabajamos muy de cerca. Siempre fui muy particular con la cinematograf\u00eda, las tomas y el encuadre de mis videos\u201d, dice Eilish. \u201cEs todo lo que quer\u00eda en un director de fotograf\u00eda y m\u00e1s\u201d.<\/p>\n<p><em>Golp\u00e9ame fuerte y suave<\/em> fue lanzado por Interscope Records el 17 de mayo de 2024. El \u00e1lbum debut\u00f3 en el n.\u00b0 2 en el Billboard 200, mientras que los sencillos &#8220;Lunch&#8221; y &#8220;Birds Of A Feather&#8221; alcanzaron hasta la fecha el n.\u00b0 5 en el Billboard Hot 100. El 29 de septiembre, Eilish se embarcar\u00e1 en <em>Golp\u00e9ame fuerte y suave: La gira<\/em>con 81 fechas en Am\u00e9rica del Norte, Australia y Europa.<\/p>\n<p><strong>Escucha a Billie Eilish <em>Golp\u00e9ame fuerte y suave <\/em>ahora.<\/strong><\/p>\n","protected":false},"excerpt":{"rendered":"<p>La \u00faltima entrega de la serie Footnotes de Vevo ya est\u00e1 aqu\u00ed y presenta Billie Eilish Llevando a los fans detr\u00e1s de escena del video<\/p>\n","protected":false},"author":1,"featured_media":237,"comment_status":"closed","ping_status":"open","sticky":false,"template":"","format":"standard","meta":{"footnotes":""},"categories":[50],"tags":[151,137,32,150,153,155,157,154,156,152],"class_list":["post-236","post","type-post","status-publish","format-standard","has-post-thumbnail","hentry","category-el-ultimo","tag-asocia","tag-billie","tag-con","tag-eilish","tag-footnotes","tag-hablar","tag-lunch","tag-para","tag-sobre","tag-vevo","generate-columns","tablet-grid-50","mobile-grid-100","grid-parent","grid-50"],"yoast_head":"<!-- This site is optimized with the Yoast SEO plugin v23.3 - https:\/\/yoast.com\/wordpress\/plugins\/seo\/ -->\n<title>Billie Eilish se asocia con Vevo Footnotes para hablar sobre &#039;Lunch&#039;<\/title>\n<meta name=\"robots\" content=\"index, follow, max-snippet:-1, max-image-preview:large, max-video-preview:-1\" \/>\n<link rel=\"canonical\" href=\"https:\/\/web.consaguirre.com.ar\/noticias\/billie-eilish-se-asocia-con-vevo-footnotes-para-hablar-sobre-lunch\/\" \/>\n<meta property=\"og:locale\" content=\"es_ES\" \/>\n<meta property=\"og:type\" content=\"article\" \/>\n<meta property=\"og:title\" content=\"Billie Eilish se asocia con Vevo Footnotes para hablar sobre &#039;Lunch&#039;\" \/>\n<meta property=\"og:description\" content=\"La \u00faltima entrega de la serie Footnotes de Vevo ya est\u00e1 aqu\u00ed y presenta Billie Eilish Llevando a los fans detr\u00e1s de escena del video\" \/>\n<meta property=\"og:url\" content=\"https:\/\/web.consaguirre.com.ar\/noticias\/billie-eilish-se-asocia-con-vevo-footnotes-para-hablar-sobre-lunch\/\" \/>\n<meta property=\"og:site_name\" content=\"Conservatorio de M\u00fasica Juli\u00e1n Aguirre\" \/>\n<meta property=\"article:published_time\" content=\"2024-08-27T06:38:51+00:00\" \/>\n<meta property=\"article:modified_time\" content=\"2024-09-08T19:27:50+00:00\" \/>\n<meta property=\"og:image\" content=\"https:\/\/web.consaguirre.com.ar\/noticias\/wp-content\/uploads\/2024\/08\/Billie-Eilish-se-asocia-con-Vevo-Footnotes-para-hablar-sobre.jpg\" \/>\n\t<meta property=\"og:image:width\" content=\"1440\" \/>\n\t<meta property=\"og:image:height\" content=\"864\" \/>\n\t<meta property=\"og:image:type\" content=\"image\/jpeg\" \/>\n<meta name=\"author\" content=\"Javier Figueroa\" \/>\n<meta name=\"twitter:card\" content=\"summary_large_image\" \/>\n<meta name=\"twitter:label1\" content=\"Escrito por\" \/>\n\t<meta name=\"twitter:data1\" content=\"Javier Figueroa\" \/>\n\t<meta name=\"twitter:label2\" content=\"Tiempo de lectura\" \/>\n\t<meta name=\"twitter:data2\" content=\"2 minutos\" \/>\n<script type=\"application\/ld+json\" class=\"yoast-schema-graph\">{\"@context\":\"https:\/\/schema.org\",\"@graph\":[{\"@type\":\"Article\",\"@id\":\"https:\/\/web.consaguirre.com.ar\/noticias\/billie-eilish-se-asocia-con-vevo-footnotes-para-hablar-sobre-lunch\/#article\",\"isPartOf\":{\"@id\":\"https:\/\/web.consaguirre.com.ar\/noticias\/billie-eilish-se-asocia-con-vevo-footnotes-para-hablar-sobre-lunch\/\"},\"author\":{\"name\":\"Javier Figueroa\",\"@id\":\"https:\/\/web.consaguirre.com.ar\/noticias\/#\/schema\/person\/6558b0cfedee7ddc5425602b237d5722\"},\"headline\":\"Billie Eilish se asocia con Vevo Footnotes para hablar sobre &#8216;Lunch&#8217;\",\"datePublished\":\"2024-08-27T06:38:51+00:00\",\"dateModified\":\"2024-09-08T19:27:50+00:00\",\"mainEntityOfPage\":{\"@id\":\"https:\/\/web.consaguirre.com.ar\/noticias\/billie-eilish-se-asocia-con-vevo-footnotes-para-hablar-sobre-lunch\/\"},\"wordCount\":423,\"publisher\":{\"@id\":\"https:\/\/web.consaguirre.com.ar\/noticias\/#organization\"},\"image\":{\"@id\":\"https:\/\/web.consaguirre.com.ar\/noticias\/billie-eilish-se-asocia-con-vevo-footnotes-para-hablar-sobre-lunch\/#primaryimage\"},\"thumbnailUrl\":\"https:\/\/web.consaguirre.com.ar\/noticias\/wp-content\/uploads\/2024\/08\/Billie-Eilish-se-asocia-con-Vevo-Footnotes-para-hablar-sobre.jpg\",\"keywords\":[\"asocia\",\"Billie\",\"con\",\"Eilish\",\"Footnotes\",\"hablar\",\"Lunch\",\"para\",\"sobre\",\"Vevo\"],\"articleSection\":[\"El \u00faltimo\"],\"inLanguage\":\"es-AR\"},{\"@type\":\"WebPage\",\"@id\":\"https:\/\/web.consaguirre.com.ar\/noticias\/billie-eilish-se-asocia-con-vevo-footnotes-para-hablar-sobre-lunch\/\",\"url\":\"https:\/\/web.consaguirre.com.ar\/noticias\/billie-eilish-se-asocia-con-vevo-footnotes-para-hablar-sobre-lunch\/\",\"name\":\"Billie Eilish se asocia con Vevo Footnotes para hablar sobre 'Lunch'\",\"isPartOf\":{\"@id\":\"https:\/\/web.consaguirre.com.ar\/noticias\/#website\"},\"primaryImageOfPage\":{\"@id\":\"https:\/\/web.consaguirre.com.ar\/noticias\/billie-eilish-se-asocia-con-vevo-footnotes-para-hablar-sobre-lunch\/#primaryimage\"},\"image\":{\"@id\":\"https:\/\/web.consaguirre.com.ar\/noticias\/billie-eilish-se-asocia-con-vevo-footnotes-para-hablar-sobre-lunch\/#primaryimage\"},\"thumbnailUrl\":\"https:\/\/web.consaguirre.com.ar\/noticias\/wp-content\/uploads\/2024\/08\/Billie-Eilish-se-asocia-con-Vevo-Footnotes-para-hablar-sobre.jpg\",\"datePublished\":\"2024-08-27T06:38:51+00:00\",\"dateModified\":\"2024-09-08T19:27:50+00:00\",\"breadcrumb\":{\"@id\":\"https:\/\/web.consaguirre.com.ar\/noticias\/billie-eilish-se-asocia-con-vevo-footnotes-para-hablar-sobre-lunch\/#breadcrumb\"},\"inLanguage\":\"es-AR\",\"potentialAction\":[{\"@type\":\"ReadAction\",\"target\":[\"https:\/\/web.consaguirre.com.ar\/noticias\/billie-eilish-se-asocia-con-vevo-footnotes-para-hablar-sobre-lunch\/\"]}]},{\"@type\":\"ImageObject\",\"inLanguage\":\"es-AR\",\"@id\":\"https:\/\/web.consaguirre.com.ar\/noticias\/billie-eilish-se-asocia-con-vevo-footnotes-para-hablar-sobre-lunch\/#primaryimage\",\"url\":\"https:\/\/web.consaguirre.com.ar\/noticias\/wp-content\/uploads\/2024\/08\/Billie-Eilish-se-asocia-con-Vevo-Footnotes-para-hablar-sobre.jpg\",\"contentUrl\":\"https:\/\/web.consaguirre.com.ar\/noticias\/wp-content\/uploads\/2024\/08\/Billie-Eilish-se-asocia-con-Vevo-Footnotes-para-hablar-sobre.jpg\",\"width\":1440,\"height\":864,\"caption\":\"Billie Eilish se asocia con Vevo Footnotes para hablar sobre 'Lunch'\"},{\"@type\":\"BreadcrumbList\",\"@id\":\"https:\/\/web.consaguirre.com.ar\/noticias\/billie-eilish-se-asocia-con-vevo-footnotes-para-hablar-sobre-lunch\/#breadcrumb\",\"itemListElement\":[{\"@type\":\"ListItem\",\"position\":1,\"name\":\"Inicio\",\"item\":\"https:\/\/web.consaguirre.com.ar\/noticias\/\"},{\"@type\":\"ListItem\",\"position\":2,\"name\":\"Billie Eilish se asocia con Vevo Footnotes para hablar sobre &#8216;Lunch&#8217;\"}]},{\"@type\":\"WebSite\",\"@id\":\"https:\/\/web.consaguirre.com.ar\/noticias\/#website\",\"url\":\"https:\/\/web.consaguirre.com.ar\/noticias\/\",\"name\":\"Conservatorio de M\u00fasica Juli\u00e1n Aguirre\",\"description\":\"\",\"publisher\":{\"@id\":\"https:\/\/web.consaguirre.com.ar\/noticias\/#organization\"},\"potentialAction\":[{\"@type\":\"SearchAction\",\"target\":{\"@type\":\"EntryPoint\",\"urlTemplate\":\"https:\/\/web.consaguirre.com.ar\/noticias\/?s={search_term_string}\"},\"query-input\":\"required name=search_term_string\"}],\"inLanguage\":\"es-AR\"},{\"@type\":\"Organization\",\"@id\":\"https:\/\/web.consaguirre.com.ar\/noticias\/#organization\",\"name\":\"Conservatorio de M\u00fasica Juli\u00e1n Aguirre\",\"url\":\"https:\/\/web.consaguirre.com.ar\/noticias\/\",\"logo\":{\"@type\":\"ImageObject\",\"inLanguage\":\"es-AR\",\"@id\":\"https:\/\/web.consaguirre.com.ar\/noticias\/#\/schema\/logo\/image\/\",\"url\":\"https:\/\/web.consaguirre.com.ar\/noticias\/wp-content\/uploads\/2024\/08\/Banner-Aguirre-23.jpg\",\"contentUrl\":\"https:\/\/web.consaguirre.com.ar\/noticias\/wp-content\/uploads\/2024\/08\/Banner-Aguirre-23.jpg\",\"width\":1192,\"height\":600,\"caption\":\"Conservatorio de M\u00fasica Juli\u00e1n Aguirre\"},\"image\":{\"@id\":\"https:\/\/web.consaguirre.com.ar\/noticias\/#\/schema\/logo\/image\/\"}},{\"@type\":\"Person\",\"@id\":\"https:\/\/web.consaguirre.com.ar\/noticias\/#\/schema\/person\/6558b0cfedee7ddc5425602b237d5722\",\"name\":\"Javier Figueroa\",\"image\":{\"@type\":\"ImageObject\",\"inLanguage\":\"es-AR\",\"@id\":\"https:\/\/web.consaguirre.com.ar\/noticias\/#\/schema\/person\/image\/\",\"url\":\"https:\/\/web.consaguirre.com.ar\/noticias\/wp-content\/uploads\/2024\/08\/Consaguirre-scaled.jpg\",\"contentUrl\":\"https:\/\/web.consaguirre.com.ar\/noticias\/wp-content\/uploads\/2024\/08\/Consaguirre-scaled.jpg\",\"caption\":\"Javier Figueroa\"},\"description\":\"Me llamo Javier Figueroa y soy redactor para el sitio oficial del Conservatorio de M\u00fasica Juli\u00e1n Aguirre en Buenos Aires, consaguirre.com. Apasionado por la m\u00fasica y la escritura, me esfuerzo por destacar los talentos y eventos de nuestra prestigiosa instituci\u00f3n. Mi trayectoria se nutre de una profunda admiraci\u00f3n por los artistas, haciendo de cada art\u00edculo una celebraci\u00f3n de la creatividad y la cultura musical.\",\"sameAs\":[\"https:\/\/web.consaguirre.com.ar\/noticias\"]}]}<\/script>\n<!-- \/ Yoast SEO plugin. -->","yoast_head_json":{"title":"Billie Eilish se asocia con Vevo Footnotes para hablar sobre 'Lunch'","robots":{"index":"index","follow":"follow","max-snippet":"max-snippet:-1","max-image-preview":"max-image-preview:large","max-video-preview":"max-video-preview:-1"},"canonical":"https:\/\/web.consaguirre.com.ar\/noticias\/billie-eilish-se-asocia-con-vevo-footnotes-para-hablar-sobre-lunch\/","og_locale":"es_ES","og_type":"article","og_title":"Billie Eilish se asocia con Vevo Footnotes para hablar sobre 'Lunch'","og_description":"La \u00faltima entrega de la serie Footnotes de Vevo ya est\u00e1 aqu\u00ed y presenta Billie Eilish Llevando a los fans detr\u00e1s de escena del video","og_url":"https:\/\/web.consaguirre.com.ar\/noticias\/billie-eilish-se-asocia-con-vevo-footnotes-para-hablar-sobre-lunch\/","og_site_name":"Conservatorio de M\u00fasica Juli\u00e1n Aguirre","article_published_time":"2024-08-27T06:38:51+00:00","article_modified_time":"2024-09-08T19:27:50+00:00","og_image":[{"width":1440,"height":864,"url":"https:\/\/web.consaguirre.com.ar\/noticias\/wp-content\/uploads\/2024\/08\/Billie-Eilish-se-asocia-con-Vevo-Footnotes-para-hablar-sobre.jpg","type":"image\/jpeg"}],"author":"Javier Figueroa","twitter_card":"summary_large_image","twitter_misc":{"Escrito por":"Javier Figueroa","Tiempo de lectura":"2 minutos"},"schema":{"@context":"https:\/\/schema.org","@graph":[{"@type":"Article","@id":"https:\/\/web.consaguirre.com.ar\/noticias\/billie-eilish-se-asocia-con-vevo-footnotes-para-hablar-sobre-lunch\/#article","isPartOf":{"@id":"https:\/\/web.consaguirre.com.ar\/noticias\/billie-eilish-se-asocia-con-vevo-footnotes-para-hablar-sobre-lunch\/"},"author":{"name":"Javier Figueroa","@id":"https:\/\/web.consaguirre.com.ar\/noticias\/#\/schema\/person\/6558b0cfedee7ddc5425602b237d5722"},"headline":"Billie Eilish se asocia con Vevo Footnotes para hablar sobre &#8216;Lunch&#8217;","datePublished":"2024-08-27T06:38:51+00:00","dateModified":"2024-09-08T19:27:50+00:00","mainEntityOfPage":{"@id":"https:\/\/web.consaguirre.com.ar\/noticias\/billie-eilish-se-asocia-con-vevo-footnotes-para-hablar-sobre-lunch\/"},"wordCount":423,"publisher":{"@id":"https:\/\/web.consaguirre.com.ar\/noticias\/#organization"},"image":{"@id":"https:\/\/web.consaguirre.com.ar\/noticias\/billie-eilish-se-asocia-con-vevo-footnotes-para-hablar-sobre-lunch\/#primaryimage"},"thumbnailUrl":"https:\/\/web.consaguirre.com.ar\/noticias\/wp-content\/uploads\/2024\/08\/Billie-Eilish-se-asocia-con-Vevo-Footnotes-para-hablar-sobre.jpg","keywords":["asocia","Billie","con","Eilish","Footnotes","hablar","Lunch","para","sobre","Vevo"],"articleSection":["El \u00faltimo"],"inLanguage":"es-AR"},{"@type":"WebPage","@id":"https:\/\/web.consaguirre.com.ar\/noticias\/billie-eilish-se-asocia-con-vevo-footnotes-para-hablar-sobre-lunch\/","url":"https:\/\/web.consaguirre.com.ar\/noticias\/billie-eilish-se-asocia-con-vevo-footnotes-para-hablar-sobre-lunch\/","name":"Billie Eilish se asocia con Vevo Footnotes para hablar sobre 'Lunch'","isPartOf":{"@id":"https:\/\/web.consaguirre.com.ar\/noticias\/#website"},"primaryImageOfPage":{"@id":"https:\/\/web.consaguirre.com.ar\/noticias\/billie-eilish-se-asocia-con-vevo-footnotes-para-hablar-sobre-lunch\/#primaryimage"},"image":{"@id":"https:\/\/web.consaguirre.com.ar\/noticias\/billie-eilish-se-asocia-con-vevo-footnotes-para-hablar-sobre-lunch\/#primaryimage"},"thumbnailUrl":"https:\/\/web.consaguirre.com.ar\/noticias\/wp-content\/uploads\/2024\/08\/Billie-Eilish-se-asocia-con-Vevo-Footnotes-para-hablar-sobre.jpg","datePublished":"2024-08-27T06:38:51+00:00","dateModified":"2024-09-08T19:27:50+00:00","breadcrumb":{"@id":"https:\/\/web.consaguirre.com.ar\/noticias\/billie-eilish-se-asocia-con-vevo-footnotes-para-hablar-sobre-lunch\/#breadcrumb"},"inLanguage":"es-AR","potentialAction":[{"@type":"ReadAction","target":["https:\/\/web.consaguirre.com.ar\/noticias\/billie-eilish-se-asocia-con-vevo-footnotes-para-hablar-sobre-lunch\/"]}]},{"@type":"ImageObject","inLanguage":"es-AR","@id":"https:\/\/web.consaguirre.com.ar\/noticias\/billie-eilish-se-asocia-con-vevo-footnotes-para-hablar-sobre-lunch\/#primaryimage","url":"https:\/\/web.consaguirre.com.ar\/noticias\/wp-content\/uploads\/2024\/08\/Billie-Eilish-se-asocia-con-Vevo-Footnotes-para-hablar-sobre.jpg","contentUrl":"https:\/\/web.consaguirre.com.ar\/noticias\/wp-content\/uploads\/2024\/08\/Billie-Eilish-se-asocia-con-Vevo-Footnotes-para-hablar-sobre.jpg","width":1440,"height":864,"caption":"Billie Eilish se asocia con Vevo Footnotes para hablar sobre 'Lunch'"},{"@type":"BreadcrumbList","@id":"https:\/\/web.consaguirre.com.ar\/noticias\/billie-eilish-se-asocia-con-vevo-footnotes-para-hablar-sobre-lunch\/#breadcrumb","itemListElement":[{"@type":"ListItem","position":1,"name":"Inicio","item":"https:\/\/web.consaguirre.com.ar\/noticias\/"},{"@type":"ListItem","position":2,"name":"Billie Eilish se asocia con Vevo Footnotes para hablar sobre &#8216;Lunch&#8217;"}]},{"@type":"WebSite","@id":"https:\/\/web.consaguirre.com.ar\/noticias\/#website","url":"https:\/\/web.consaguirre.com.ar\/noticias\/","name":"Conservatorio de M\u00fasica Juli\u00e1n Aguirre","description":"","publisher":{"@id":"https:\/\/web.consaguirre.com.ar\/noticias\/#organization"},"potentialAction":[{"@type":"SearchAction","target":{"@type":"EntryPoint","urlTemplate":"https:\/\/web.consaguirre.com.ar\/noticias\/?s={search_term_string}"},"query-input":"required name=search_term_string"}],"inLanguage":"es-AR"},{"@type":"Organization","@id":"https:\/\/web.consaguirre.com.ar\/noticias\/#organization","name":"Conservatorio de M\u00fasica Juli\u00e1n Aguirre","url":"https:\/\/web.consaguirre.com.ar\/noticias\/","logo":{"@type":"ImageObject","inLanguage":"es-AR","@id":"https:\/\/web.consaguirre.com.ar\/noticias\/#\/schema\/logo\/image\/","url":"https:\/\/web.consaguirre.com.ar\/noticias\/wp-content\/uploads\/2024\/08\/Banner-Aguirre-23.jpg","contentUrl":"https:\/\/web.consaguirre.com.ar\/noticias\/wp-content\/uploads\/2024\/08\/Banner-Aguirre-23.jpg","width":1192,"height":600,"caption":"Conservatorio de M\u00fasica Juli\u00e1n Aguirre"},"image":{"@id":"https:\/\/web.consaguirre.com.ar\/noticias\/#\/schema\/logo\/image\/"}},{"@type":"Person","@id":"https:\/\/web.consaguirre.com.ar\/noticias\/#\/schema\/person\/6558b0cfedee7ddc5425602b237d5722","name":"Javier Figueroa","image":{"@type":"ImageObject","inLanguage":"es-AR","@id":"https:\/\/web.consaguirre.com.ar\/noticias\/#\/schema\/person\/image\/","url":"https:\/\/web.consaguirre.com.ar\/noticias\/wp-content\/uploads\/2024\/08\/Consaguirre-scaled.jpg","contentUrl":"https:\/\/web.consaguirre.com.ar\/noticias\/wp-content\/uploads\/2024\/08\/Consaguirre-scaled.jpg","caption":"Javier Figueroa"},"description":"Me llamo Javier Figueroa y soy redactor para el sitio oficial del Conservatorio de M\u00fasica Juli\u00e1n Aguirre en Buenos Aires, consaguirre.com. Apasionado por la m\u00fasica y la escritura, me esfuerzo por destacar los talentos y eventos de nuestra prestigiosa instituci\u00f3n. Mi trayectoria se nutre de una profunda admiraci\u00f3n por los artistas, haciendo de cada art\u00edculo una celebraci\u00f3n de la creatividad y la cultura musical.","sameAs":["https:\/\/web.consaguirre.com.ar\/noticias"]}]}},"_links":{"self":[{"href":"https:\/\/web.consaguirre.com.ar\/noticias\/wp-json\/wp\/v2\/posts\/236"}],"collection":[{"href":"https:\/\/web.consaguirre.com.ar\/noticias\/wp-json\/wp\/v2\/posts"}],"about":[{"href":"https:\/\/web.consaguirre.com.ar\/noticias\/wp-json\/wp\/v2\/types\/post"}],"author":[{"embeddable":true,"href":"https:\/\/web.consaguirre.com.ar\/noticias\/wp-json\/wp\/v2\/users\/1"}],"replies":[{"embeddable":true,"href":"https:\/\/web.consaguirre.com.ar\/noticias\/wp-json\/wp\/v2\/comments?post=236"}],"version-history":[{"count":1,"href":"https:\/\/web.consaguirre.com.ar\/noticias\/wp-json\/wp\/v2\/posts\/236\/revisions"}],"predecessor-version":[{"id":238,"href":"https:\/\/web.consaguirre.com.ar\/noticias\/wp-json\/wp\/v2\/posts\/236\/revisions\/238"}],"wp:featuredmedia":[{"embeddable":true,"href":"https:\/\/web.consaguirre.com.ar\/noticias\/wp-json\/wp\/v2\/media\/237"}],"wp:attachment":[{"href":"https:\/\/web.consaguirre.com.ar\/noticias\/wp-json\/wp\/v2\/media?parent=236"}],"wp:term":[{"taxonomy":"category","embeddable":true,"href":"https:\/\/web.consaguirre.com.ar\/noticias\/wp-json\/wp\/v2\/categories?post=236"},{"taxonomy":"post_tag","embeddable":true,"href":"https:\/\/web.consaguirre.com.ar\/noticias\/wp-json\/wp\/v2\/tags?post=236"}],"curies":[{"name":"wp","href":"https:\/\/api.w.org\/{rel}","templated":true}]}}