{"id":2340,"date":"2025-04-08T00:38:08","date_gmt":"2025-04-08T03:38:08","guid":{"rendered":"https:\/\/web.consaguirre.com.ar\/noticias\/tamla-records-se-relanza-oficialmente-bajo-capitol-music-group\/"},"modified":"2025-04-08T00:38:09","modified_gmt":"2025-04-08T03:38:09","slug":"tamla-records-se-relanza-oficialmente-bajo-capitol-music-group","status":"publish","type":"post","link":"https:\/\/web.consaguirre.com.ar\/noticias\/tamla-records-se-relanza-oficialmente-bajo-capitol-music-group\/","title":{"rendered":"Tamla Records se relanza oficialmente bajo Capitol Music Group"},"content":{"rendered":"<p>El legendario Tamla Records ha sido relanzado bajo Capitol Music Group y ahora tendr\u00e1 su sede en Nashville. Fundada en 1959 por el \u00edcono de Motown Records Berry Gordy, el sello busca &#8220;redefinir&#8221; el panorama musical de Faith.<\/p>\n<p>Tamla ahora es dirigida por Walter Thomas, vicepresidente senior de Motown Gospel &#038; Tamla. &#8220;Tamla Records siempre ha sido un faro de innovaci\u00f3n, calidad y arte&#8221;, dijo. &#8220;Ahora, bajo el Capitol Christian Music Group Umbrella, tenemos la oportunidad de continuar con este legado mientras empuja los l\u00edmites de lo que puede ser la m\u00fasica positiva. Nuestra misi\u00f3n es simple: elevar las voces de los artistas que est\u00e1n creando m\u00fasica positiva y cambiante de vida&#8221;.<\/p>\n<p>La compositora\/productora ganadora del premio Grammy Rodney &#8220;Darkchild&#8221; Jerkins se ha asociado con Tamla para firmar y desarrollar talento emergente bajo su impronta, Evolve Music Group. &#8220;Berry Gordy construy\u00f3 Tamla sobre los principios del desarrollo de artistas, la excelencia y la m\u00fasica que mueve a las personas&#8221;, dijo. &#8220;Esa visi\u00f3n sigue en pie hoy, y estamos orgullosos de seguir llev\u00e1ndola hacia adelante mientras lanzamos este nuevo cap\u00edtulo&#8221;.<\/p>\n<p>La lista actual de Tamla ahora incluye CICI infantil, Jordan L&#8217;Oreal, Emmanuel da Profet, Dante Bowe y Lee Vasi. El sello tambi\u00e9n ha participado en una asociaci\u00f3n con AMG Music Group (Anderson Music Group). El equipo de etiqueta de Tamla incluye al director senior de A&#038;R Alex Dollar, director senior de marketing Justin Tomlinson, director de A&#038;R Justin Pearson y m\u00e1s.<\/p>\n<p>En 1959, Gordy fund\u00f3 Tamla Records con la ayuda de un pr\u00e9stamo de $ 800 de su familia. Un a\u00f1o despu\u00e9s, Tamla se fusion\u00f3 con Motown en Motown Record Corporation y estaba en camino de cambiar la industria de la m\u00fasica para siempre. El primer \u00e1lbum de Motown fue <em>Hola\u2026 somos los milagros<\/em>lanzado en 1961. El \u00e1lbum incluy\u00f3 &#8220;Shop Around&#8221;, el primer sencillo de Motown en vender m\u00e1s de un mill\u00f3n de copias.<\/p>\n<p><strong>Visite el sitio web oficial de Tamla ahora.<\/strong><\/p>\n","protected":false},"excerpt":{"rendered":"<p>El legendario Tamla Records ha sido relanzado bajo Capitol Music Group y ahora tendr\u00e1 su sede en Nashville. Fundada en 1959 por el \u00edcono de<\/p>\n","protected":false},"author":1,"featured_media":2341,"comment_status":"closed","ping_status":"","sticky":false,"template":"","format":"standard","meta":{"footnotes":""},"categories":[50],"tags":[2292,1224,440,439,2291,256,2290,2289],"class_list":["post-2340","post","type-post","status-publish","format-standard","has-post-thumbnail","hentry","category-el-ultimo","tag-bajo","tag-capitol","tag-group","tag-music","tag-oficialmente","tag-records","tag-relanza","tag-tamla","generate-columns","tablet-grid-50","mobile-grid-100","grid-parent","grid-50"],"yoast_head":"<!-- This site is optimized with the Yoast SEO plugin v23.3 - https:\/\/yoast.com\/wordpress\/plugins\/seo\/ -->\n<title>Tamla Records se relanza oficialmente bajo Capitol Music Group<\/title>\n<meta name=\"robots\" content=\"index, follow, max-snippet:-1, max-image-preview:large, max-video-preview:-1\" \/>\n<link rel=\"canonical\" href=\"https:\/\/web.consaguirre.com.ar\/noticias\/tamla-records-se-relanza-oficialmente-bajo-capitol-music-group\/\" \/>\n<meta property=\"og:locale\" content=\"es_ES\" \/>\n<meta property=\"og:type\" content=\"article\" \/>\n<meta property=\"og:title\" content=\"Tamla Records se relanza oficialmente bajo Capitol Music Group\" \/>\n<meta property=\"og:description\" content=\"El legendario Tamla Records ha sido relanzado bajo Capitol Music Group y ahora tendr\u00e1 su sede en Nashville. Fundada en 1959 por el \u00edcono de\" \/>\n<meta property=\"og:url\" content=\"https:\/\/web.consaguirre.com.ar\/noticias\/tamla-records-se-relanza-oficialmente-bajo-capitol-music-group\/\" \/>\n<meta property=\"og:site_name\" content=\"Conservatorio de M\u00fasica Juli\u00e1n Aguirre\" \/>\n<meta property=\"article:published_time\" content=\"2025-04-08T03:38:08+00:00\" \/>\n<meta property=\"article:modified_time\" content=\"2025-04-08T03:38:09+00:00\" \/>\n<meta property=\"og:image\" content=\"https:\/\/web.consaguirre.com.ar\/noticias\/wp-content\/uploads\/2025\/04\/Tamla-Records-se-relanza-oficialmente-bajo-Capitol-Music-Group.jpg\" \/>\n\t<meta property=\"og:image:width\" content=\"1440\" \/>\n\t<meta property=\"og:image:height\" content=\"864\" \/>\n\t<meta property=\"og:image:type\" content=\"image\/jpeg\" \/>\n<meta name=\"author\" content=\"Javier Figueroa\" \/>\n<meta name=\"twitter:card\" content=\"summary_large_image\" \/>\n<meta name=\"twitter:label1\" content=\"Escrito por\" \/>\n\t<meta name=\"twitter:data1\" content=\"Javier Figueroa\" \/>\n\t<meta name=\"twitter:label2\" content=\"Tiempo de lectura\" \/>\n\t<meta name=\"twitter:data2\" content=\"2 minutos\" \/>\n<script type=\"application\/ld+json\" class=\"yoast-schema-graph\">{\"@context\":\"https:\/\/schema.org\",\"@graph\":[{\"@type\":\"Article\",\"@id\":\"https:\/\/web.consaguirre.com.ar\/noticias\/tamla-records-se-relanza-oficialmente-bajo-capitol-music-group\/#article\",\"isPartOf\":{\"@id\":\"https:\/\/web.consaguirre.com.ar\/noticias\/tamla-records-se-relanza-oficialmente-bajo-capitol-music-group\/\"},\"author\":{\"name\":\"Javier Figueroa\",\"@id\":\"https:\/\/web.consaguirre.com.ar\/noticias\/#\/schema\/person\/6558b0cfedee7ddc5425602b237d5722\"},\"headline\":\"Tamla Records se relanza oficialmente bajo Capitol Music Group\",\"datePublished\":\"2025-04-08T03:38:08+00:00\",\"dateModified\":\"2025-04-08T03:38:09+00:00\",\"mainEntityOfPage\":{\"@id\":\"https:\/\/web.consaguirre.com.ar\/noticias\/tamla-records-se-relanza-oficialmente-bajo-capitol-music-group\/\"},\"wordCount\":347,\"publisher\":{\"@id\":\"https:\/\/web.consaguirre.com.ar\/noticias\/#organization\"},\"image\":{\"@id\":\"https:\/\/web.consaguirre.com.ar\/noticias\/tamla-records-se-relanza-oficialmente-bajo-capitol-music-group\/#primaryimage\"},\"thumbnailUrl\":\"https:\/\/web.consaguirre.com.ar\/noticias\/wp-content\/uploads\/2025\/04\/Tamla-Records-se-relanza-oficialmente-bajo-Capitol-Music-Group.jpg\",\"keywords\":[\"bajo\",\"Capitol\",\"Group\",\"Music\",\"oficialmente\",\"Records\",\"relanza\",\"Tamla\"],\"articleSection\":[\"El \u00faltimo\"],\"inLanguage\":\"es-AR\"},{\"@type\":\"WebPage\",\"@id\":\"https:\/\/web.consaguirre.com.ar\/noticias\/tamla-records-se-relanza-oficialmente-bajo-capitol-music-group\/\",\"url\":\"https:\/\/web.consaguirre.com.ar\/noticias\/tamla-records-se-relanza-oficialmente-bajo-capitol-music-group\/\",\"name\":\"Tamla Records se relanza oficialmente bajo Capitol Music Group\",\"isPartOf\":{\"@id\":\"https:\/\/web.consaguirre.com.ar\/noticias\/#website\"},\"primaryImageOfPage\":{\"@id\":\"https:\/\/web.consaguirre.com.ar\/noticias\/tamla-records-se-relanza-oficialmente-bajo-capitol-music-group\/#primaryimage\"},\"image\":{\"@id\":\"https:\/\/web.consaguirre.com.ar\/noticias\/tamla-records-se-relanza-oficialmente-bajo-capitol-music-group\/#primaryimage\"},\"thumbnailUrl\":\"https:\/\/web.consaguirre.com.ar\/noticias\/wp-content\/uploads\/2025\/04\/Tamla-Records-se-relanza-oficialmente-bajo-Capitol-Music-Group.jpg\",\"datePublished\":\"2025-04-08T03:38:08+00:00\",\"dateModified\":\"2025-04-08T03:38:09+00:00\",\"breadcrumb\":{\"@id\":\"https:\/\/web.consaguirre.com.ar\/noticias\/tamla-records-se-relanza-oficialmente-bajo-capitol-music-group\/#breadcrumb\"},\"inLanguage\":\"es-AR\",\"potentialAction\":[{\"@type\":\"ReadAction\",\"target\":[\"https:\/\/web.consaguirre.com.ar\/noticias\/tamla-records-se-relanza-oficialmente-bajo-capitol-music-group\/\"]}]},{\"@type\":\"ImageObject\",\"inLanguage\":\"es-AR\",\"@id\":\"https:\/\/web.consaguirre.com.ar\/noticias\/tamla-records-se-relanza-oficialmente-bajo-capitol-music-group\/#primaryimage\",\"url\":\"https:\/\/web.consaguirre.com.ar\/noticias\/wp-content\/uploads\/2025\/04\/Tamla-Records-se-relanza-oficialmente-bajo-Capitol-Music-Group.jpg\",\"contentUrl\":\"https:\/\/web.consaguirre.com.ar\/noticias\/wp-content\/uploads\/2025\/04\/Tamla-Records-se-relanza-oficialmente-bajo-Capitol-Music-Group.jpg\",\"width\":1440,\"height\":864,\"caption\":\"Tamla Records se relanza oficialmente bajo Capitol Music Group\"},{\"@type\":\"BreadcrumbList\",\"@id\":\"https:\/\/web.consaguirre.com.ar\/noticias\/tamla-records-se-relanza-oficialmente-bajo-capitol-music-group\/#breadcrumb\",\"itemListElement\":[{\"@type\":\"ListItem\",\"position\":1,\"name\":\"Inicio\",\"item\":\"https:\/\/web.consaguirre.com.ar\/noticias\/\"},{\"@type\":\"ListItem\",\"position\":2,\"name\":\"Tamla Records se relanza oficialmente bajo Capitol Music Group\"}]},{\"@type\":\"WebSite\",\"@id\":\"https:\/\/web.consaguirre.com.ar\/noticias\/#website\",\"url\":\"https:\/\/web.consaguirre.com.ar\/noticias\/\",\"name\":\"Conservatorio de M\u00fasica Juli\u00e1n Aguirre\",\"description\":\"\",\"publisher\":{\"@id\":\"https:\/\/web.consaguirre.com.ar\/noticias\/#organization\"},\"potentialAction\":[{\"@type\":\"SearchAction\",\"target\":{\"@type\":\"EntryPoint\",\"urlTemplate\":\"https:\/\/web.consaguirre.com.ar\/noticias\/?s={search_term_string}\"},\"query-input\":\"required name=search_term_string\"}],\"inLanguage\":\"es-AR\"},{\"@type\":\"Organization\",\"@id\":\"https:\/\/web.consaguirre.com.ar\/noticias\/#organization\",\"name\":\"Conservatorio de M\u00fasica Juli\u00e1n Aguirre\",\"url\":\"https:\/\/web.consaguirre.com.ar\/noticias\/\",\"logo\":{\"@type\":\"ImageObject\",\"inLanguage\":\"es-AR\",\"@id\":\"https:\/\/web.consaguirre.com.ar\/noticias\/#\/schema\/logo\/image\/\",\"url\":\"https:\/\/web.consaguirre.com.ar\/noticias\/wp-content\/uploads\/2024\/08\/Banner-Aguirre-23.jpg\",\"contentUrl\":\"https:\/\/web.consaguirre.com.ar\/noticias\/wp-content\/uploads\/2024\/08\/Banner-Aguirre-23.jpg\",\"width\":1192,\"height\":600,\"caption\":\"Conservatorio de M\u00fasica Juli\u00e1n Aguirre\"},\"image\":{\"@id\":\"https:\/\/web.consaguirre.com.ar\/noticias\/#\/schema\/logo\/image\/\"}},{\"@type\":\"Person\",\"@id\":\"https:\/\/web.consaguirre.com.ar\/noticias\/#\/schema\/person\/6558b0cfedee7ddc5425602b237d5722\",\"name\":\"Javier Figueroa\",\"image\":{\"@type\":\"ImageObject\",\"inLanguage\":\"es-AR\",\"@id\":\"https:\/\/web.consaguirre.com.ar\/noticias\/#\/schema\/person\/image\/\",\"url\":\"https:\/\/web.consaguirre.com.ar\/noticias\/wp-content\/uploads\/2024\/08\/Consaguirre-scaled.jpg\",\"contentUrl\":\"https:\/\/web.consaguirre.com.ar\/noticias\/wp-content\/uploads\/2024\/08\/Consaguirre-scaled.jpg\",\"caption\":\"Javier Figueroa\"},\"description\":\"Me llamo Javier Figueroa y soy redactor para el sitio oficial del Conservatorio de M\u00fasica Juli\u00e1n Aguirre en Buenos Aires, consaguirre.com. Apasionado por la m\u00fasica y la escritura, me esfuerzo por destacar los talentos y eventos de nuestra prestigiosa instituci\u00f3n. Mi trayectoria se nutre de una profunda admiraci\u00f3n por los artistas, haciendo de cada art\u00edculo una celebraci\u00f3n de la creatividad y la cultura musical.\",\"sameAs\":[\"https:\/\/web.consaguirre.com.ar\/noticias\"]}]}<\/script>\n<!-- \/ Yoast SEO plugin. -->","yoast_head_json":{"title":"Tamla Records se relanza oficialmente bajo Capitol Music Group","robots":{"index":"index","follow":"follow","max-snippet":"max-snippet:-1","max-image-preview":"max-image-preview:large","max-video-preview":"max-video-preview:-1"},"canonical":"https:\/\/web.consaguirre.com.ar\/noticias\/tamla-records-se-relanza-oficialmente-bajo-capitol-music-group\/","og_locale":"es_ES","og_type":"article","og_title":"Tamla Records se relanza oficialmente bajo Capitol Music Group","og_description":"El legendario Tamla Records ha sido relanzado bajo Capitol Music Group y ahora tendr\u00e1 su sede en Nashville. Fundada en 1959 por el \u00edcono de","og_url":"https:\/\/web.consaguirre.com.ar\/noticias\/tamla-records-se-relanza-oficialmente-bajo-capitol-music-group\/","og_site_name":"Conservatorio de M\u00fasica Juli\u00e1n Aguirre","article_published_time":"2025-04-08T03:38:08+00:00","article_modified_time":"2025-04-08T03:38:09+00:00","og_image":[{"width":1440,"height":864,"url":"https:\/\/web.consaguirre.com.ar\/noticias\/wp-content\/uploads\/2025\/04\/Tamla-Records-se-relanza-oficialmente-bajo-Capitol-Music-Group.jpg","type":"image\/jpeg"}],"author":"Javier Figueroa","twitter_card":"summary_large_image","twitter_misc":{"Escrito por":"Javier Figueroa","Tiempo de lectura":"2 minutos"},"schema":{"@context":"https:\/\/schema.org","@graph":[{"@type":"Article","@id":"https:\/\/web.consaguirre.com.ar\/noticias\/tamla-records-se-relanza-oficialmente-bajo-capitol-music-group\/#article","isPartOf":{"@id":"https:\/\/web.consaguirre.com.ar\/noticias\/tamla-records-se-relanza-oficialmente-bajo-capitol-music-group\/"},"author":{"name":"Javier Figueroa","@id":"https:\/\/web.consaguirre.com.ar\/noticias\/#\/schema\/person\/6558b0cfedee7ddc5425602b237d5722"},"headline":"Tamla Records se relanza oficialmente bajo Capitol Music Group","datePublished":"2025-04-08T03:38:08+00:00","dateModified":"2025-04-08T03:38:09+00:00","mainEntityOfPage":{"@id":"https:\/\/web.consaguirre.com.ar\/noticias\/tamla-records-se-relanza-oficialmente-bajo-capitol-music-group\/"},"wordCount":347,"publisher":{"@id":"https:\/\/web.consaguirre.com.ar\/noticias\/#organization"},"image":{"@id":"https:\/\/web.consaguirre.com.ar\/noticias\/tamla-records-se-relanza-oficialmente-bajo-capitol-music-group\/#primaryimage"},"thumbnailUrl":"https:\/\/web.consaguirre.com.ar\/noticias\/wp-content\/uploads\/2025\/04\/Tamla-Records-se-relanza-oficialmente-bajo-Capitol-Music-Group.jpg","keywords":["bajo","Capitol","Group","Music","oficialmente","Records","relanza","Tamla"],"articleSection":["El \u00faltimo"],"inLanguage":"es-AR"},{"@type":"WebPage","@id":"https:\/\/web.consaguirre.com.ar\/noticias\/tamla-records-se-relanza-oficialmente-bajo-capitol-music-group\/","url":"https:\/\/web.consaguirre.com.ar\/noticias\/tamla-records-se-relanza-oficialmente-bajo-capitol-music-group\/","name":"Tamla Records se relanza oficialmente bajo Capitol Music Group","isPartOf":{"@id":"https:\/\/web.consaguirre.com.ar\/noticias\/#website"},"primaryImageOfPage":{"@id":"https:\/\/web.consaguirre.com.ar\/noticias\/tamla-records-se-relanza-oficialmente-bajo-capitol-music-group\/#primaryimage"},"image":{"@id":"https:\/\/web.consaguirre.com.ar\/noticias\/tamla-records-se-relanza-oficialmente-bajo-capitol-music-group\/#primaryimage"},"thumbnailUrl":"https:\/\/web.consaguirre.com.ar\/noticias\/wp-content\/uploads\/2025\/04\/Tamla-Records-se-relanza-oficialmente-bajo-Capitol-Music-Group.jpg","datePublished":"2025-04-08T03:38:08+00:00","dateModified":"2025-04-08T03:38:09+00:00","breadcrumb":{"@id":"https:\/\/web.consaguirre.com.ar\/noticias\/tamla-records-se-relanza-oficialmente-bajo-capitol-music-group\/#breadcrumb"},"inLanguage":"es-AR","potentialAction":[{"@type":"ReadAction","target":["https:\/\/web.consaguirre.com.ar\/noticias\/tamla-records-se-relanza-oficialmente-bajo-capitol-music-group\/"]}]},{"@type":"ImageObject","inLanguage":"es-AR","@id":"https:\/\/web.consaguirre.com.ar\/noticias\/tamla-records-se-relanza-oficialmente-bajo-capitol-music-group\/#primaryimage","url":"https:\/\/web.consaguirre.com.ar\/noticias\/wp-content\/uploads\/2025\/04\/Tamla-Records-se-relanza-oficialmente-bajo-Capitol-Music-Group.jpg","contentUrl":"https:\/\/web.consaguirre.com.ar\/noticias\/wp-content\/uploads\/2025\/04\/Tamla-Records-se-relanza-oficialmente-bajo-Capitol-Music-Group.jpg","width":1440,"height":864,"caption":"Tamla Records se relanza oficialmente bajo Capitol Music Group"},{"@type":"BreadcrumbList","@id":"https:\/\/web.consaguirre.com.ar\/noticias\/tamla-records-se-relanza-oficialmente-bajo-capitol-music-group\/#breadcrumb","itemListElement":[{"@type":"ListItem","position":1,"name":"Inicio","item":"https:\/\/web.consaguirre.com.ar\/noticias\/"},{"@type":"ListItem","position":2,"name":"Tamla Records se relanza oficialmente bajo Capitol Music Group"}]},{"@type":"WebSite","@id":"https:\/\/web.consaguirre.com.ar\/noticias\/#website","url":"https:\/\/web.consaguirre.com.ar\/noticias\/","name":"Conservatorio de M\u00fasica Juli\u00e1n Aguirre","description":"","publisher":{"@id":"https:\/\/web.consaguirre.com.ar\/noticias\/#organization"},"potentialAction":[{"@type":"SearchAction","target":{"@type":"EntryPoint","urlTemplate":"https:\/\/web.consaguirre.com.ar\/noticias\/?s={search_term_string}"},"query-input":"required name=search_term_string"}],"inLanguage":"es-AR"},{"@type":"Organization","@id":"https:\/\/web.consaguirre.com.ar\/noticias\/#organization","name":"Conservatorio de M\u00fasica Juli\u00e1n Aguirre","url":"https:\/\/web.consaguirre.com.ar\/noticias\/","logo":{"@type":"ImageObject","inLanguage":"es-AR","@id":"https:\/\/web.consaguirre.com.ar\/noticias\/#\/schema\/logo\/image\/","url":"https:\/\/web.consaguirre.com.ar\/noticias\/wp-content\/uploads\/2024\/08\/Banner-Aguirre-23.jpg","contentUrl":"https:\/\/web.consaguirre.com.ar\/noticias\/wp-content\/uploads\/2024\/08\/Banner-Aguirre-23.jpg","width":1192,"height":600,"caption":"Conservatorio de M\u00fasica Juli\u00e1n Aguirre"},"image":{"@id":"https:\/\/web.consaguirre.com.ar\/noticias\/#\/schema\/logo\/image\/"}},{"@type":"Person","@id":"https:\/\/web.consaguirre.com.ar\/noticias\/#\/schema\/person\/6558b0cfedee7ddc5425602b237d5722","name":"Javier Figueroa","image":{"@type":"ImageObject","inLanguage":"es-AR","@id":"https:\/\/web.consaguirre.com.ar\/noticias\/#\/schema\/person\/image\/","url":"https:\/\/web.consaguirre.com.ar\/noticias\/wp-content\/uploads\/2024\/08\/Consaguirre-scaled.jpg","contentUrl":"https:\/\/web.consaguirre.com.ar\/noticias\/wp-content\/uploads\/2024\/08\/Consaguirre-scaled.jpg","caption":"Javier Figueroa"},"description":"Me llamo Javier Figueroa y soy redactor para el sitio oficial del Conservatorio de M\u00fasica Juli\u00e1n Aguirre en Buenos Aires, consaguirre.com. Apasionado por la m\u00fasica y la escritura, me esfuerzo por destacar los talentos y eventos de nuestra prestigiosa instituci\u00f3n. Mi trayectoria se nutre de una profunda admiraci\u00f3n por los artistas, haciendo de cada art\u00edculo una celebraci\u00f3n de la creatividad y la cultura musical.","sameAs":["https:\/\/web.consaguirre.com.ar\/noticias"]}]}},"_links":{"self":[{"href":"https:\/\/web.consaguirre.com.ar\/noticias\/wp-json\/wp\/v2\/posts\/2340"}],"collection":[{"href":"https:\/\/web.consaguirre.com.ar\/noticias\/wp-json\/wp\/v2\/posts"}],"about":[{"href":"https:\/\/web.consaguirre.com.ar\/noticias\/wp-json\/wp\/v2\/types\/post"}],"author":[{"embeddable":true,"href":"https:\/\/web.consaguirre.com.ar\/noticias\/wp-json\/wp\/v2\/users\/1"}],"replies":[{"embeddable":true,"href":"https:\/\/web.consaguirre.com.ar\/noticias\/wp-json\/wp\/v2\/comments?post=2340"}],"version-history":[{"count":1,"href":"https:\/\/web.consaguirre.com.ar\/noticias\/wp-json\/wp\/v2\/posts\/2340\/revisions"}],"predecessor-version":[{"id":2342,"href":"https:\/\/web.consaguirre.com.ar\/noticias\/wp-json\/wp\/v2\/posts\/2340\/revisions\/2342"}],"wp:featuredmedia":[{"embeddable":true,"href":"https:\/\/web.consaguirre.com.ar\/noticias\/wp-json\/wp\/v2\/media\/2341"}],"wp:attachment":[{"href":"https:\/\/web.consaguirre.com.ar\/noticias\/wp-json\/wp\/v2\/media?parent=2340"}],"wp:term":[{"taxonomy":"category","embeddable":true,"href":"https:\/\/web.consaguirre.com.ar\/noticias\/wp-json\/wp\/v2\/categories?post=2340"},{"taxonomy":"post_tag","embeddable":true,"href":"https:\/\/web.consaguirre.com.ar\/noticias\/wp-json\/wp\/v2\/tags?post=2340"}],"curies":[{"name":"wp","href":"https:\/\/api.w.org\/{rel}","templated":true}]}}