{"id":2337,"date":"2025-04-07T21:38:23","date_gmt":"2025-04-08T00:38:23","guid":{"rendered":"https:\/\/web.consaguirre.com.ar\/noticias\/little-big-town-anuncia-la-gira-de-verano-2025\/"},"modified":"2025-04-07T21:38:24","modified_gmt":"2025-04-08T00:38:24","slug":"little-big-town-anuncia-la-gira-de-verano-2025","status":"publish","type":"post","link":"https:\/\/web.consaguirre.com.ar\/noticias\/little-big-town-anuncia-la-gira-de-verano-2025\/","title":{"rendered":"Little Big Town anuncia la gira de verano 2025"},"content":{"rendered":"<p><strong>Little Big Town<\/strong> Viene a una ciudad cerca de ti. La Banda Superstar Country ha anunciado una gira de verano 2025 que los llevar\u00e1 a anfiteatros en Am\u00e9rica del Norte, con el apoyo de un elenco rotativo de actos de apertura notables.<\/p>\n<p>Wynonna Judd, Carly Pearce, Ashley McBryde y Russell Dickerson aparecer\u00e1n como apoyo directo en fechas selectas. Cada espect\u00e1culo ser\u00e1 abierto por Carter Faith o Shelby Lynne. Cerrando cada noche, por supuesto, habr\u00e1 Little Big Town, que se dirige a su primera gira completa de verano desde 2019. (Y no hay mejor temporada para &#8220;Day Beber&#8221; que el verano).<\/p>\n<div class=\"uD-YT-container\"><img decoding=\"async\" src=\"https:\/\/web.consaguirre.com.ar\/noticias\/wp-content\/uploads\/2025\/04\/1744072703_512_Little-Big-Town-anuncia-la-gira-de-verano-2025.jpg\" alt=\"Video de YouTube\"><br \/>Haga clic para cargar video<\/div>\n<p>Summer Tour &#8217;25 comienza el 24 de julio en Walmart Amp en Rogers, AR y Will Hace paradas en lugares como Toronto, St. Louis, Tampa y Salt Lake City, as\u00ed como una visita a Holmdel en el \u00e1rea metropolitana de la ciudad de Nueva York, antes de concluir el 13 de septiembre en Charlotte, NC en PNC Music Pavilion. La preventa del artista para cada espect\u00e1culo comienza al mediod\u00eda a la hora local el martes 8 de abril y se extender\u00e1 hasta el jueves 10 de abril a las 10 pm, se anunciar\u00e1n preventas adicionales antes de que el general Onsale comience el viernes 11 de abril a las 10 a.m. a las 10 a.m. <strong>LittleBigtown.com<\/strong>.<\/p>\n<p>Desde que se form\u00f3 en 1998, Little Big Town ha mantenido notablemente los cuatro miembros fundadores: Karen Fairchild, Kimberly Schlapman, Phillip Sweet y Jimi Westbrook. El combo de Alabama ha creado una colecci\u00f3n de excelentes productos b\u00e1sicos de radio country, incluidos los 10 mejores \u00e9xitos como &#8220;Pontoon&#8221;, &#8220;Better Man&#8221;, &#8220;Boondocks&#8221;, &#8220;Tr\u00e1talo en casa&#8221;, &#8220;Little White Church&#8221;, &#8220;Tornado&#8221;, &#8220;Day Beber&#8221; y &#8220;Girl Crush&#8221;. Su lanzamiento m\u00e1s reciente fue el a\u00f1o pasado <em>El disco de Navidad<\/em>que presentaba cl\u00e1sicos de vacaciones twangy como el est\u00e1ndar de leiber-siller &#8220;Santa Claus est\u00e1 de regreso en la ciudad&#8221;, &#8220;If We We Guin It Through Diciembre&#8221; de Merle Haggard, y &#8220;Tennessee Christmas&#8221; de Amy Grant, m\u00e1s originales como el sencillo &#8220;Noche de Navidad contigo&#8221;.<\/p>\n<p><strong>Compre la m\u00fasica de Little Big Town en vinilo ahora.<\/strong><\/p>\n","protected":false},"excerpt":{"rendered":"<p>Little Big Town Viene a una ciudad cerca de ti. La Banda Superstar Country ha anunciado una gira de verano 2025 que los llevar\u00e1 a<\/p>\n","protected":false},"author":1,"featured_media":2338,"comment_status":"closed","ping_status":"","sticky":false,"template":"","format":"standard","meta":{"footnotes":""},"categories":[50],"tags":[56,199,492,685,2288],"class_list":["post-2337","post","type-post","status-publish","format-standard","has-post-thumbnail","hentry","category-el-ultimo","tag-anuncia","tag-big","tag-gira","tag-town","tag-verano","generate-columns","tablet-grid-50","mobile-grid-100","grid-parent","grid-50"],"yoast_head":"<!-- This site is optimized with the Yoast SEO plugin v23.3 - https:\/\/yoast.com\/wordpress\/plugins\/seo\/ -->\n<title>Little Big Town anuncia la gira de verano 2025<\/title>\n<meta name=\"robots\" content=\"index, follow, max-snippet:-1, max-image-preview:large, max-video-preview:-1\" \/>\n<link rel=\"canonical\" href=\"https:\/\/web.consaguirre.com.ar\/noticias\/little-big-town-anuncia-la-gira-de-verano-2025\/\" \/>\n<meta property=\"og:locale\" content=\"es_ES\" \/>\n<meta property=\"og:type\" content=\"article\" \/>\n<meta property=\"og:title\" content=\"Little Big Town anuncia la gira de verano 2025\" \/>\n<meta property=\"og:description\" content=\"Little Big Town Viene a una ciudad cerca de ti. La Banda Superstar Country ha anunciado una gira de verano 2025 que los llevar\u00e1 a\" \/>\n<meta property=\"og:url\" content=\"https:\/\/web.consaguirre.com.ar\/noticias\/little-big-town-anuncia-la-gira-de-verano-2025\/\" \/>\n<meta property=\"og:site_name\" content=\"Conservatorio de M\u00fasica Juli\u00e1n Aguirre\" \/>\n<meta property=\"article:published_time\" content=\"2025-04-08T00:38:23+00:00\" \/>\n<meta property=\"article:modified_time\" content=\"2025-04-08T00:38:24+00:00\" \/>\n<meta property=\"og:image\" content=\"https:\/\/web.consaguirre.com.ar\/noticias\/wp-content\/uploads\/2025\/04\/Little-Big-Town-anuncia-la-gira-de-verano-2025.jpg\" \/>\n\t<meta property=\"og:image:width\" content=\"1440\" \/>\n\t<meta property=\"og:image:height\" content=\"864\" \/>\n\t<meta property=\"og:image:type\" content=\"image\/jpeg\" \/>\n<meta name=\"author\" content=\"Javier Figueroa\" \/>\n<meta name=\"twitter:card\" content=\"summary_large_image\" \/>\n<meta name=\"twitter:label1\" content=\"Escrito por\" \/>\n\t<meta name=\"twitter:data1\" content=\"Javier Figueroa\" \/>\n\t<meta name=\"twitter:label2\" content=\"Tiempo de lectura\" \/>\n\t<meta name=\"twitter:data2\" content=\"2 minutos\" \/>\n<script type=\"application\/ld+json\" class=\"yoast-schema-graph\">{\"@context\":\"https:\/\/schema.org\",\"@graph\":[{\"@type\":\"Article\",\"@id\":\"https:\/\/web.consaguirre.com.ar\/noticias\/little-big-town-anuncia-la-gira-de-verano-2025\/#article\",\"isPartOf\":{\"@id\":\"https:\/\/web.consaguirre.com.ar\/noticias\/little-big-town-anuncia-la-gira-de-verano-2025\/\"},\"author\":{\"name\":\"Javier Figueroa\",\"@id\":\"https:\/\/web.consaguirre.com.ar\/noticias\/#\/schema\/person\/6558b0cfedee7ddc5425602b237d5722\"},\"headline\":\"Little Big Town anuncia la gira de verano 2025\",\"datePublished\":\"2025-04-08T00:38:23+00:00\",\"dateModified\":\"2025-04-08T00:38:24+00:00\",\"mainEntityOfPage\":{\"@id\":\"https:\/\/web.consaguirre.com.ar\/noticias\/little-big-town-anuncia-la-gira-de-verano-2025\/\"},\"wordCount\":361,\"publisher\":{\"@id\":\"https:\/\/web.consaguirre.com.ar\/noticias\/#organization\"},\"image\":{\"@id\":\"https:\/\/web.consaguirre.com.ar\/noticias\/little-big-town-anuncia-la-gira-de-verano-2025\/#primaryimage\"},\"thumbnailUrl\":\"https:\/\/web.consaguirre.com.ar\/noticias\/wp-content\/uploads\/2025\/04\/Little-Big-Town-anuncia-la-gira-de-verano-2025.jpg\",\"keywords\":[\"anuncia\",\"Big\",\"gira\",\"Town\",\"verano\"],\"articleSection\":[\"El \u00faltimo\"],\"inLanguage\":\"es-AR\"},{\"@type\":\"WebPage\",\"@id\":\"https:\/\/web.consaguirre.com.ar\/noticias\/little-big-town-anuncia-la-gira-de-verano-2025\/\",\"url\":\"https:\/\/web.consaguirre.com.ar\/noticias\/little-big-town-anuncia-la-gira-de-verano-2025\/\",\"name\":\"Little Big Town anuncia la gira de verano 2025\",\"isPartOf\":{\"@id\":\"https:\/\/web.consaguirre.com.ar\/noticias\/#website\"},\"primaryImageOfPage\":{\"@id\":\"https:\/\/web.consaguirre.com.ar\/noticias\/little-big-town-anuncia-la-gira-de-verano-2025\/#primaryimage\"},\"image\":{\"@id\":\"https:\/\/web.consaguirre.com.ar\/noticias\/little-big-town-anuncia-la-gira-de-verano-2025\/#primaryimage\"},\"thumbnailUrl\":\"https:\/\/web.consaguirre.com.ar\/noticias\/wp-content\/uploads\/2025\/04\/Little-Big-Town-anuncia-la-gira-de-verano-2025.jpg\",\"datePublished\":\"2025-04-08T00:38:23+00:00\",\"dateModified\":\"2025-04-08T00:38:24+00:00\",\"breadcrumb\":{\"@id\":\"https:\/\/web.consaguirre.com.ar\/noticias\/little-big-town-anuncia-la-gira-de-verano-2025\/#breadcrumb\"},\"inLanguage\":\"es-AR\",\"potentialAction\":[{\"@type\":\"ReadAction\",\"target\":[\"https:\/\/web.consaguirre.com.ar\/noticias\/little-big-town-anuncia-la-gira-de-verano-2025\/\"]}]},{\"@type\":\"ImageObject\",\"inLanguage\":\"es-AR\",\"@id\":\"https:\/\/web.consaguirre.com.ar\/noticias\/little-big-town-anuncia-la-gira-de-verano-2025\/#primaryimage\",\"url\":\"https:\/\/web.consaguirre.com.ar\/noticias\/wp-content\/uploads\/2025\/04\/Little-Big-Town-anuncia-la-gira-de-verano-2025.jpg\",\"contentUrl\":\"https:\/\/web.consaguirre.com.ar\/noticias\/wp-content\/uploads\/2025\/04\/Little-Big-Town-anuncia-la-gira-de-verano-2025.jpg\",\"width\":1440,\"height\":864,\"caption\":\"Little Big Town anuncia la gira de verano 2025\"},{\"@type\":\"BreadcrumbList\",\"@id\":\"https:\/\/web.consaguirre.com.ar\/noticias\/little-big-town-anuncia-la-gira-de-verano-2025\/#breadcrumb\",\"itemListElement\":[{\"@type\":\"ListItem\",\"position\":1,\"name\":\"Inicio\",\"item\":\"https:\/\/web.consaguirre.com.ar\/noticias\/\"},{\"@type\":\"ListItem\",\"position\":2,\"name\":\"Little Big Town anuncia la gira de verano 2025\"}]},{\"@type\":\"WebSite\",\"@id\":\"https:\/\/web.consaguirre.com.ar\/noticias\/#website\",\"url\":\"https:\/\/web.consaguirre.com.ar\/noticias\/\",\"name\":\"Conservatorio de M\u00fasica Juli\u00e1n Aguirre\",\"description\":\"\",\"publisher\":{\"@id\":\"https:\/\/web.consaguirre.com.ar\/noticias\/#organization\"},\"potentialAction\":[{\"@type\":\"SearchAction\",\"target\":{\"@type\":\"EntryPoint\",\"urlTemplate\":\"https:\/\/web.consaguirre.com.ar\/noticias\/?s={search_term_string}\"},\"query-input\":\"required name=search_term_string\"}],\"inLanguage\":\"es-AR\"},{\"@type\":\"Organization\",\"@id\":\"https:\/\/web.consaguirre.com.ar\/noticias\/#organization\",\"name\":\"Conservatorio de M\u00fasica Juli\u00e1n Aguirre\",\"url\":\"https:\/\/web.consaguirre.com.ar\/noticias\/\",\"logo\":{\"@type\":\"ImageObject\",\"inLanguage\":\"es-AR\",\"@id\":\"https:\/\/web.consaguirre.com.ar\/noticias\/#\/schema\/logo\/image\/\",\"url\":\"https:\/\/web.consaguirre.com.ar\/noticias\/wp-content\/uploads\/2024\/08\/Banner-Aguirre-23.jpg\",\"contentUrl\":\"https:\/\/web.consaguirre.com.ar\/noticias\/wp-content\/uploads\/2024\/08\/Banner-Aguirre-23.jpg\",\"width\":1192,\"height\":600,\"caption\":\"Conservatorio de M\u00fasica Juli\u00e1n Aguirre\"},\"image\":{\"@id\":\"https:\/\/web.consaguirre.com.ar\/noticias\/#\/schema\/logo\/image\/\"}},{\"@type\":\"Person\",\"@id\":\"https:\/\/web.consaguirre.com.ar\/noticias\/#\/schema\/person\/6558b0cfedee7ddc5425602b237d5722\",\"name\":\"Javier Figueroa\",\"image\":{\"@type\":\"ImageObject\",\"inLanguage\":\"es-AR\",\"@id\":\"https:\/\/web.consaguirre.com.ar\/noticias\/#\/schema\/person\/image\/\",\"url\":\"https:\/\/web.consaguirre.com.ar\/noticias\/wp-content\/uploads\/2024\/08\/Consaguirre-scaled.jpg\",\"contentUrl\":\"https:\/\/web.consaguirre.com.ar\/noticias\/wp-content\/uploads\/2024\/08\/Consaguirre-scaled.jpg\",\"caption\":\"Javier Figueroa\"},\"description\":\"Me llamo Javier Figueroa y soy redactor para el sitio oficial del Conservatorio de M\u00fasica Juli\u00e1n Aguirre en Buenos Aires, consaguirre.com. Apasionado por la m\u00fasica y la escritura, me esfuerzo por destacar los talentos y eventos de nuestra prestigiosa instituci\u00f3n. Mi trayectoria se nutre de una profunda admiraci\u00f3n por los artistas, haciendo de cada art\u00edculo una celebraci\u00f3n de la creatividad y la cultura musical.\",\"sameAs\":[\"https:\/\/web.consaguirre.com.ar\/noticias\"]}]}<\/script>\n<!-- \/ Yoast SEO plugin. -->","yoast_head_json":{"title":"Little Big Town anuncia la gira de verano 2025","robots":{"index":"index","follow":"follow","max-snippet":"max-snippet:-1","max-image-preview":"max-image-preview:large","max-video-preview":"max-video-preview:-1"},"canonical":"https:\/\/web.consaguirre.com.ar\/noticias\/little-big-town-anuncia-la-gira-de-verano-2025\/","og_locale":"es_ES","og_type":"article","og_title":"Little Big Town anuncia la gira de verano 2025","og_description":"Little Big Town Viene a una ciudad cerca de ti. La Banda Superstar Country ha anunciado una gira de verano 2025 que los llevar\u00e1 a","og_url":"https:\/\/web.consaguirre.com.ar\/noticias\/little-big-town-anuncia-la-gira-de-verano-2025\/","og_site_name":"Conservatorio de M\u00fasica Juli\u00e1n Aguirre","article_published_time":"2025-04-08T00:38:23+00:00","article_modified_time":"2025-04-08T00:38:24+00:00","og_image":[{"width":1440,"height":864,"url":"https:\/\/web.consaguirre.com.ar\/noticias\/wp-content\/uploads\/2025\/04\/Little-Big-Town-anuncia-la-gira-de-verano-2025.jpg","type":"image\/jpeg"}],"author":"Javier Figueroa","twitter_card":"summary_large_image","twitter_misc":{"Escrito por":"Javier Figueroa","Tiempo de lectura":"2 minutos"},"schema":{"@context":"https:\/\/schema.org","@graph":[{"@type":"Article","@id":"https:\/\/web.consaguirre.com.ar\/noticias\/little-big-town-anuncia-la-gira-de-verano-2025\/#article","isPartOf":{"@id":"https:\/\/web.consaguirre.com.ar\/noticias\/little-big-town-anuncia-la-gira-de-verano-2025\/"},"author":{"name":"Javier Figueroa","@id":"https:\/\/web.consaguirre.com.ar\/noticias\/#\/schema\/person\/6558b0cfedee7ddc5425602b237d5722"},"headline":"Little Big Town anuncia la gira de verano 2025","datePublished":"2025-04-08T00:38:23+00:00","dateModified":"2025-04-08T00:38:24+00:00","mainEntityOfPage":{"@id":"https:\/\/web.consaguirre.com.ar\/noticias\/little-big-town-anuncia-la-gira-de-verano-2025\/"},"wordCount":361,"publisher":{"@id":"https:\/\/web.consaguirre.com.ar\/noticias\/#organization"},"image":{"@id":"https:\/\/web.consaguirre.com.ar\/noticias\/little-big-town-anuncia-la-gira-de-verano-2025\/#primaryimage"},"thumbnailUrl":"https:\/\/web.consaguirre.com.ar\/noticias\/wp-content\/uploads\/2025\/04\/Little-Big-Town-anuncia-la-gira-de-verano-2025.jpg","keywords":["anuncia","Big","gira","Town","verano"],"articleSection":["El \u00faltimo"],"inLanguage":"es-AR"},{"@type":"WebPage","@id":"https:\/\/web.consaguirre.com.ar\/noticias\/little-big-town-anuncia-la-gira-de-verano-2025\/","url":"https:\/\/web.consaguirre.com.ar\/noticias\/little-big-town-anuncia-la-gira-de-verano-2025\/","name":"Little Big Town anuncia la gira de verano 2025","isPartOf":{"@id":"https:\/\/web.consaguirre.com.ar\/noticias\/#website"},"primaryImageOfPage":{"@id":"https:\/\/web.consaguirre.com.ar\/noticias\/little-big-town-anuncia-la-gira-de-verano-2025\/#primaryimage"},"image":{"@id":"https:\/\/web.consaguirre.com.ar\/noticias\/little-big-town-anuncia-la-gira-de-verano-2025\/#primaryimage"},"thumbnailUrl":"https:\/\/web.consaguirre.com.ar\/noticias\/wp-content\/uploads\/2025\/04\/Little-Big-Town-anuncia-la-gira-de-verano-2025.jpg","datePublished":"2025-04-08T00:38:23+00:00","dateModified":"2025-04-08T00:38:24+00:00","breadcrumb":{"@id":"https:\/\/web.consaguirre.com.ar\/noticias\/little-big-town-anuncia-la-gira-de-verano-2025\/#breadcrumb"},"inLanguage":"es-AR","potentialAction":[{"@type":"ReadAction","target":["https:\/\/web.consaguirre.com.ar\/noticias\/little-big-town-anuncia-la-gira-de-verano-2025\/"]}]},{"@type":"ImageObject","inLanguage":"es-AR","@id":"https:\/\/web.consaguirre.com.ar\/noticias\/little-big-town-anuncia-la-gira-de-verano-2025\/#primaryimage","url":"https:\/\/web.consaguirre.com.ar\/noticias\/wp-content\/uploads\/2025\/04\/Little-Big-Town-anuncia-la-gira-de-verano-2025.jpg","contentUrl":"https:\/\/web.consaguirre.com.ar\/noticias\/wp-content\/uploads\/2025\/04\/Little-Big-Town-anuncia-la-gira-de-verano-2025.jpg","width":1440,"height":864,"caption":"Little Big Town anuncia la gira de verano 2025"},{"@type":"BreadcrumbList","@id":"https:\/\/web.consaguirre.com.ar\/noticias\/little-big-town-anuncia-la-gira-de-verano-2025\/#breadcrumb","itemListElement":[{"@type":"ListItem","position":1,"name":"Inicio","item":"https:\/\/web.consaguirre.com.ar\/noticias\/"},{"@type":"ListItem","position":2,"name":"Little Big Town anuncia la gira de verano 2025"}]},{"@type":"WebSite","@id":"https:\/\/web.consaguirre.com.ar\/noticias\/#website","url":"https:\/\/web.consaguirre.com.ar\/noticias\/","name":"Conservatorio de M\u00fasica Juli\u00e1n Aguirre","description":"","publisher":{"@id":"https:\/\/web.consaguirre.com.ar\/noticias\/#organization"},"potentialAction":[{"@type":"SearchAction","target":{"@type":"EntryPoint","urlTemplate":"https:\/\/web.consaguirre.com.ar\/noticias\/?s={search_term_string}"},"query-input":"required name=search_term_string"}],"inLanguage":"es-AR"},{"@type":"Organization","@id":"https:\/\/web.consaguirre.com.ar\/noticias\/#organization","name":"Conservatorio de M\u00fasica Juli\u00e1n Aguirre","url":"https:\/\/web.consaguirre.com.ar\/noticias\/","logo":{"@type":"ImageObject","inLanguage":"es-AR","@id":"https:\/\/web.consaguirre.com.ar\/noticias\/#\/schema\/logo\/image\/","url":"https:\/\/web.consaguirre.com.ar\/noticias\/wp-content\/uploads\/2024\/08\/Banner-Aguirre-23.jpg","contentUrl":"https:\/\/web.consaguirre.com.ar\/noticias\/wp-content\/uploads\/2024\/08\/Banner-Aguirre-23.jpg","width":1192,"height":600,"caption":"Conservatorio de M\u00fasica Juli\u00e1n Aguirre"},"image":{"@id":"https:\/\/web.consaguirre.com.ar\/noticias\/#\/schema\/logo\/image\/"}},{"@type":"Person","@id":"https:\/\/web.consaguirre.com.ar\/noticias\/#\/schema\/person\/6558b0cfedee7ddc5425602b237d5722","name":"Javier Figueroa","image":{"@type":"ImageObject","inLanguage":"es-AR","@id":"https:\/\/web.consaguirre.com.ar\/noticias\/#\/schema\/person\/image\/","url":"https:\/\/web.consaguirre.com.ar\/noticias\/wp-content\/uploads\/2024\/08\/Consaguirre-scaled.jpg","contentUrl":"https:\/\/web.consaguirre.com.ar\/noticias\/wp-content\/uploads\/2024\/08\/Consaguirre-scaled.jpg","caption":"Javier Figueroa"},"description":"Me llamo Javier Figueroa y soy redactor para el sitio oficial del Conservatorio de M\u00fasica Juli\u00e1n Aguirre en Buenos Aires, consaguirre.com. Apasionado por la m\u00fasica y la escritura, me esfuerzo por destacar los talentos y eventos de nuestra prestigiosa instituci\u00f3n. Mi trayectoria se nutre de una profunda admiraci\u00f3n por los artistas, haciendo de cada art\u00edculo una celebraci\u00f3n de la creatividad y la cultura musical.","sameAs":["https:\/\/web.consaguirre.com.ar\/noticias"]}]}},"_links":{"self":[{"href":"https:\/\/web.consaguirre.com.ar\/noticias\/wp-json\/wp\/v2\/posts\/2337"}],"collection":[{"href":"https:\/\/web.consaguirre.com.ar\/noticias\/wp-json\/wp\/v2\/posts"}],"about":[{"href":"https:\/\/web.consaguirre.com.ar\/noticias\/wp-json\/wp\/v2\/types\/post"}],"author":[{"embeddable":true,"href":"https:\/\/web.consaguirre.com.ar\/noticias\/wp-json\/wp\/v2\/users\/1"}],"replies":[{"embeddable":true,"href":"https:\/\/web.consaguirre.com.ar\/noticias\/wp-json\/wp\/v2\/comments?post=2337"}],"version-history":[{"count":1,"href":"https:\/\/web.consaguirre.com.ar\/noticias\/wp-json\/wp\/v2\/posts\/2337\/revisions"}],"predecessor-version":[{"id":2339,"href":"https:\/\/web.consaguirre.com.ar\/noticias\/wp-json\/wp\/v2\/posts\/2337\/revisions\/2339"}],"wp:featuredmedia":[{"embeddable":true,"href":"https:\/\/web.consaguirre.com.ar\/noticias\/wp-json\/wp\/v2\/media\/2338"}],"wp:attachment":[{"href":"https:\/\/web.consaguirre.com.ar\/noticias\/wp-json\/wp\/v2\/media?parent=2337"}],"wp:term":[{"taxonomy":"category","embeddable":true,"href":"https:\/\/web.consaguirre.com.ar\/noticias\/wp-json\/wp\/v2\/categories?post=2337"},{"taxonomy":"post_tag","embeddable":true,"href":"https:\/\/web.consaguirre.com.ar\/noticias\/wp-json\/wp\/v2\/tags?post=2337"}],"curies":[{"name":"wp","href":"https:\/\/api.w.org\/{rel}","templated":true}]}}