{"id":2313,"date":"2025-04-04T21:39:16","date_gmt":"2025-04-05T00:39:16","guid":{"rendered":"https:\/\/web.consaguirre.com.ar\/noticias\/jon-batiste-recibira-el-premio-ray-charles-en-la-gala-del-salon-de-la-fama-del-grammy\/"},"modified":"2025-04-04T21:39:17","modified_gmt":"2025-04-05T00:39:17","slug":"jon-batiste-recibira-el-premio-ray-charles-en-la-gala-del-salon-de-la-fama-del-grammy","status":"publish","type":"post","link":"https:\/\/web.consaguirre.com.ar\/noticias\/jon-batiste-recibira-el-premio-ray-charles-en-la-gala-del-salon-de-la-fama-del-grammy\/","title":{"rendered":"Jon Batiste recibir\u00e1 el Premio Ray Charles en la Gala del Sal\u00f3n de la Fama del Grammy"},"content":{"rendered":"<p><strong>Jon Batiste<\/strong> Recibir\u00e1 el premio inaugural Ray Charles &#8220;Architect of Sound&#8221; en la pr\u00f3xima Gala del Sal\u00f3n de la Fama del Grammy. El premio es una asociaci\u00f3n con la Fundaci\u00f3n Ray Charles.<\/p>\n<p>Seg\u00fan una declaraci\u00f3n de los Grammys, el Premio Ray Charles est\u00e1 destinado a honrar a un m\u00fasico &#8220;cuya influencia se hace eco en las generaciones. Este premio celebra a aquellos que, como Charles, transcenden el g\u00e9nero, redefinen la creatividad y dejan una marca indeleble sobre la m\u00fasica y la cultura. Ya sea a trav\u00e9s de la innovaci\u00f3n en el sonido, el arte de la base de la tierra&#8221; o un compromiso inquebrantable con el excelencia musical, la excepci\u00f3n de los bueyes de los bueyes de los bueyes de la p\u00f3ni\u00f3n de los bueyes.<\/p>\n<p><strong>Ordene la m\u00fasica de Jon Batiste en vinilo ahora.<\/strong><\/p>\n<p>Batiste, un pianista decorado, compositor y m\u00fasico en solitario, lanz\u00f3 su \u00e1lbum m\u00e1s reciente, <strong><em>Beethoven Blues<\/em><\/strong>en 2024. Este nuevo premio marca su s\u00e9ptima carrera Grammy: recibi\u00f3 su honor m\u00e1s reciente en los premios 2024, a la mejor pel\u00edcula musical y la mejor canci\u00f3n escrita para los medios visuales para <em>Sinfon\u00eda americana<\/em> Y su canci\u00f3n &#8220;Nunca se fue&#8221;.<\/p>\n<div class=\"uD-YT-container\"><img decoding=\"async\" src=\"https:\/\/web.consaguirre.com.ar\/noticias\/wp-content\/uploads\/2024\/10\/1728495907_634_Jon-Batiste-reinventa-las-composiciones-de-Beethoven-en-un-nuevo.jpg\" alt=\"Video de YouTube\"><br \/>Haga clic para cargar video<\/div>\n<p>En su propia declaraci\u00f3n, Batiste comparti\u00f3: &#8220;Ray Charles es un faro para m\u00ed, un plan. Es un ejemplo singular de genio musical, libertad art\u00edstica y artesan\u00eda del m\u00e1s alto nivel que continuar\u00e1 inspirando a la humanidad para generaciones y soportar la prueba de tiempo. Estoy honrado de recibir este premio. Es una importancia vital para m\u00ed para continuar con nuestro cultivo de la verdadera gesti\u00f3n art\u00edstica y l\u00edder en el camino por las generaciones de las generaciones a la generaci\u00f3n,&#8221;.<\/p>\n<p>El premio se presentar\u00e1 durante la Gala en Beverly Hilton en Los \u00c1ngeles el 16 de mayo. Anthony Mason de CBS News regresa para ser anfitri\u00f3n del programa este a\u00f1o. La ceremonia anual celebra las grabaciones inducidas por el Sal\u00f3n de la Fama del Grammy 2025: este a\u00f1o, incluyen pistas de Jay-Z, Santana, <strong>Cat Stevens \/ Yusuf<\/strong>Big Star, Clara Ward, Eddie Floyd, Emmylou Harris, Fela Kuti y Afrika 70, Geeshie Wiley, Gloria Estefan y Miami Sound Machine, JD Crowe y el Nuevo Sur, Linda Martell y Luther Vandross.<\/p>\n<p><strong>Ordene la m\u00fasica de Jon Batiste en vinilo ahora.<\/strong><\/p>\n","protected":false},"excerpt":{"rendered":"<p>Jon Batiste Recibir\u00e1 el premio inaugural Ray Charles &#8220;Architect of Sound&#8221; en la pr\u00f3xima Gala del Sal\u00f3n de la Fama del Grammy. El premio es<\/p>\n","protected":false},"author":1,"featured_media":2314,"comment_status":"closed","ping_status":"","sticky":false,"template":"","format":"standard","meta":{"footnotes":""},"categories":[50],"tags":[909,2266,10,870,2103,1202,908,178,2108,306,1019],"class_list":["post-2313","post","type-post","status-publish","format-standard","has-post-thumbnail","hentry","category-el-ultimo","tag-batiste","tag-charles","tag-del","tag-fama","tag-gala","tag-grammy","tag-jon","tag-premio","tag-ray","tag-recibira","tag-salon","generate-columns","tablet-grid-50","mobile-grid-100","grid-parent","grid-50"],"yoast_head":"<!-- This site is optimized with the Yoast SEO plugin v23.3 - https:\/\/yoast.com\/wordpress\/plugins\/seo\/ -->\n<title>Jon Batiste recibir\u00e1 el Premio Ray Charles en la Gala del Sal\u00f3n de la Fama del Grammy<\/title>\n<meta name=\"robots\" content=\"index, follow, max-snippet:-1, max-image-preview:large, max-video-preview:-1\" \/>\n<link rel=\"canonical\" href=\"https:\/\/web.consaguirre.com.ar\/noticias\/jon-batiste-recibira-el-premio-ray-charles-en-la-gala-del-salon-de-la-fama-del-grammy\/\" \/>\n<meta property=\"og:locale\" content=\"es_ES\" \/>\n<meta property=\"og:type\" content=\"article\" \/>\n<meta property=\"og:title\" content=\"Jon Batiste recibir\u00e1 el Premio Ray Charles en la Gala del Sal\u00f3n de la Fama del Grammy\" \/>\n<meta property=\"og:description\" content=\"Jon Batiste Recibir\u00e1 el premio inaugural Ray Charles &#8220;Architect of Sound&#8221; en la pr\u00f3xima Gala del Sal\u00f3n de la Fama del Grammy. El premio es\" \/>\n<meta property=\"og:url\" content=\"https:\/\/web.consaguirre.com.ar\/noticias\/jon-batiste-recibira-el-premio-ray-charles-en-la-gala-del-salon-de-la-fama-del-grammy\/\" \/>\n<meta property=\"og:site_name\" content=\"Conservatorio de M\u00fasica Juli\u00e1n Aguirre\" \/>\n<meta property=\"article:published_time\" content=\"2025-04-05T00:39:16+00:00\" \/>\n<meta property=\"article:modified_time\" content=\"2025-04-05T00:39:17+00:00\" \/>\n<meta property=\"og:image\" content=\"https:\/\/web.consaguirre.com.ar\/noticias\/wp-content\/uploads\/2025\/04\/Jon-Batiste-recibira-el-Premio-Ray-Charles-en-la-Gala.jpg\" \/>\n\t<meta property=\"og:image:width\" content=\"1440\" \/>\n\t<meta property=\"og:image:height\" content=\"864\" \/>\n\t<meta property=\"og:image:type\" content=\"image\/jpeg\" \/>\n<meta name=\"author\" content=\"Javier Figueroa\" \/>\n<meta name=\"twitter:card\" content=\"summary_large_image\" \/>\n<meta name=\"twitter:label1\" content=\"Escrito por\" \/>\n\t<meta name=\"twitter:data1\" content=\"Javier Figueroa\" \/>\n\t<meta name=\"twitter:label2\" content=\"Tiempo de lectura\" \/>\n\t<meta name=\"twitter:data2\" content=\"2 minutos\" \/>\n<script type=\"application\/ld+json\" class=\"yoast-schema-graph\">{\"@context\":\"https:\/\/schema.org\",\"@graph\":[{\"@type\":\"Article\",\"@id\":\"https:\/\/web.consaguirre.com.ar\/noticias\/jon-batiste-recibira-el-premio-ray-charles-en-la-gala-del-salon-de-la-fama-del-grammy\/#article\",\"isPartOf\":{\"@id\":\"https:\/\/web.consaguirre.com.ar\/noticias\/jon-batiste-recibira-el-premio-ray-charles-en-la-gala-del-salon-de-la-fama-del-grammy\/\"},\"author\":{\"name\":\"Javier Figueroa\",\"@id\":\"https:\/\/web.consaguirre.com.ar\/noticias\/#\/schema\/person\/6558b0cfedee7ddc5425602b237d5722\"},\"headline\":\"Jon Batiste recibir\u00e1 el Premio Ray Charles en la Gala del Sal\u00f3n de la Fama del Grammy\",\"datePublished\":\"2025-04-05T00:39:16+00:00\",\"dateModified\":\"2025-04-05T00:39:17+00:00\",\"mainEntityOfPage\":{\"@id\":\"https:\/\/web.consaguirre.com.ar\/noticias\/jon-batiste-recibira-el-premio-ray-charles-en-la-gala-del-salon-de-la-fama-del-grammy\/\"},\"wordCount\":422,\"publisher\":{\"@id\":\"https:\/\/web.consaguirre.com.ar\/noticias\/#organization\"},\"image\":{\"@id\":\"https:\/\/web.consaguirre.com.ar\/noticias\/jon-batiste-recibira-el-premio-ray-charles-en-la-gala-del-salon-de-la-fama-del-grammy\/#primaryimage\"},\"thumbnailUrl\":\"https:\/\/web.consaguirre.com.ar\/noticias\/wp-content\/uploads\/2025\/04\/Jon-Batiste-recibira-el-Premio-Ray-Charles-en-la-Gala.jpg\",\"keywords\":[\"Batiste\",\"Charles\",\"del\",\"Fama\",\"Gala\",\"Grammy\",\"Jon\",\"premio\",\"Ray\",\"recibir\u00e1\",\"Sal\u00f3n\"],\"articleSection\":[\"El \u00faltimo\"],\"inLanguage\":\"es-AR\"},{\"@type\":\"WebPage\",\"@id\":\"https:\/\/web.consaguirre.com.ar\/noticias\/jon-batiste-recibira-el-premio-ray-charles-en-la-gala-del-salon-de-la-fama-del-grammy\/\",\"url\":\"https:\/\/web.consaguirre.com.ar\/noticias\/jon-batiste-recibira-el-premio-ray-charles-en-la-gala-del-salon-de-la-fama-del-grammy\/\",\"name\":\"Jon Batiste recibir\u00e1 el Premio Ray Charles en la Gala del Sal\u00f3n de la Fama del Grammy\",\"isPartOf\":{\"@id\":\"https:\/\/web.consaguirre.com.ar\/noticias\/#website\"},\"primaryImageOfPage\":{\"@id\":\"https:\/\/web.consaguirre.com.ar\/noticias\/jon-batiste-recibira-el-premio-ray-charles-en-la-gala-del-salon-de-la-fama-del-grammy\/#primaryimage\"},\"image\":{\"@id\":\"https:\/\/web.consaguirre.com.ar\/noticias\/jon-batiste-recibira-el-premio-ray-charles-en-la-gala-del-salon-de-la-fama-del-grammy\/#primaryimage\"},\"thumbnailUrl\":\"https:\/\/web.consaguirre.com.ar\/noticias\/wp-content\/uploads\/2025\/04\/Jon-Batiste-recibira-el-Premio-Ray-Charles-en-la-Gala.jpg\",\"datePublished\":\"2025-04-05T00:39:16+00:00\",\"dateModified\":\"2025-04-05T00:39:17+00:00\",\"breadcrumb\":{\"@id\":\"https:\/\/web.consaguirre.com.ar\/noticias\/jon-batiste-recibira-el-premio-ray-charles-en-la-gala-del-salon-de-la-fama-del-grammy\/#breadcrumb\"},\"inLanguage\":\"es-AR\",\"potentialAction\":[{\"@type\":\"ReadAction\",\"target\":[\"https:\/\/web.consaguirre.com.ar\/noticias\/jon-batiste-recibira-el-premio-ray-charles-en-la-gala-del-salon-de-la-fama-del-grammy\/\"]}]},{\"@type\":\"ImageObject\",\"inLanguage\":\"es-AR\",\"@id\":\"https:\/\/web.consaguirre.com.ar\/noticias\/jon-batiste-recibira-el-premio-ray-charles-en-la-gala-del-salon-de-la-fama-del-grammy\/#primaryimage\",\"url\":\"https:\/\/web.consaguirre.com.ar\/noticias\/wp-content\/uploads\/2025\/04\/Jon-Batiste-recibira-el-Premio-Ray-Charles-en-la-Gala.jpg\",\"contentUrl\":\"https:\/\/web.consaguirre.com.ar\/noticias\/wp-content\/uploads\/2025\/04\/Jon-Batiste-recibira-el-Premio-Ray-Charles-en-la-Gala.jpg\",\"width\":1440,\"height\":864,\"caption\":\"Jon Batiste recibir\u00e1 el Premio Ray Charles en la Gala del Sal\u00f3n de la Fama del Grammy\"},{\"@type\":\"BreadcrumbList\",\"@id\":\"https:\/\/web.consaguirre.com.ar\/noticias\/jon-batiste-recibira-el-premio-ray-charles-en-la-gala-del-salon-de-la-fama-del-grammy\/#breadcrumb\",\"itemListElement\":[{\"@type\":\"ListItem\",\"position\":1,\"name\":\"Inicio\",\"item\":\"https:\/\/web.consaguirre.com.ar\/noticias\/\"},{\"@type\":\"ListItem\",\"position\":2,\"name\":\"Jon Batiste recibir\u00e1 el Premio Ray Charles en la Gala del Sal\u00f3n de la Fama del Grammy\"}]},{\"@type\":\"WebSite\",\"@id\":\"https:\/\/web.consaguirre.com.ar\/noticias\/#website\",\"url\":\"https:\/\/web.consaguirre.com.ar\/noticias\/\",\"name\":\"Conservatorio de M\u00fasica Juli\u00e1n Aguirre\",\"description\":\"\",\"publisher\":{\"@id\":\"https:\/\/web.consaguirre.com.ar\/noticias\/#organization\"},\"potentialAction\":[{\"@type\":\"SearchAction\",\"target\":{\"@type\":\"EntryPoint\",\"urlTemplate\":\"https:\/\/web.consaguirre.com.ar\/noticias\/?s={search_term_string}\"},\"query-input\":\"required name=search_term_string\"}],\"inLanguage\":\"es-AR\"},{\"@type\":\"Organization\",\"@id\":\"https:\/\/web.consaguirre.com.ar\/noticias\/#organization\",\"name\":\"Conservatorio de M\u00fasica Juli\u00e1n Aguirre\",\"url\":\"https:\/\/web.consaguirre.com.ar\/noticias\/\",\"logo\":{\"@type\":\"ImageObject\",\"inLanguage\":\"es-AR\",\"@id\":\"https:\/\/web.consaguirre.com.ar\/noticias\/#\/schema\/logo\/image\/\",\"url\":\"https:\/\/web.consaguirre.com.ar\/noticias\/wp-content\/uploads\/2024\/08\/Banner-Aguirre-23.jpg\",\"contentUrl\":\"https:\/\/web.consaguirre.com.ar\/noticias\/wp-content\/uploads\/2024\/08\/Banner-Aguirre-23.jpg\",\"width\":1192,\"height\":600,\"caption\":\"Conservatorio de M\u00fasica Juli\u00e1n Aguirre\"},\"image\":{\"@id\":\"https:\/\/web.consaguirre.com.ar\/noticias\/#\/schema\/logo\/image\/\"}},{\"@type\":\"Person\",\"@id\":\"https:\/\/web.consaguirre.com.ar\/noticias\/#\/schema\/person\/6558b0cfedee7ddc5425602b237d5722\",\"name\":\"Javier Figueroa\",\"image\":{\"@type\":\"ImageObject\",\"inLanguage\":\"es-AR\",\"@id\":\"https:\/\/web.consaguirre.com.ar\/noticias\/#\/schema\/person\/image\/\",\"url\":\"https:\/\/web.consaguirre.com.ar\/noticias\/wp-content\/uploads\/2024\/08\/Consaguirre-scaled.jpg\",\"contentUrl\":\"https:\/\/web.consaguirre.com.ar\/noticias\/wp-content\/uploads\/2024\/08\/Consaguirre-scaled.jpg\",\"caption\":\"Javier Figueroa\"},\"description\":\"Me llamo Javier Figueroa y soy redactor para el sitio oficial del Conservatorio de M\u00fasica Juli\u00e1n Aguirre en Buenos Aires, consaguirre.com. Apasionado por la m\u00fasica y la escritura, me esfuerzo por destacar los talentos y eventos de nuestra prestigiosa instituci\u00f3n. Mi trayectoria se nutre de una profunda admiraci\u00f3n por los artistas, haciendo de cada art\u00edculo una celebraci\u00f3n de la creatividad y la cultura musical.\",\"sameAs\":[\"https:\/\/web.consaguirre.com.ar\/noticias\"]}]}<\/script>\n<!-- \/ Yoast SEO plugin. -->","yoast_head_json":{"title":"Jon Batiste recibir\u00e1 el Premio Ray Charles en la Gala del Sal\u00f3n de la Fama del Grammy","robots":{"index":"index","follow":"follow","max-snippet":"max-snippet:-1","max-image-preview":"max-image-preview:large","max-video-preview":"max-video-preview:-1"},"canonical":"https:\/\/web.consaguirre.com.ar\/noticias\/jon-batiste-recibira-el-premio-ray-charles-en-la-gala-del-salon-de-la-fama-del-grammy\/","og_locale":"es_ES","og_type":"article","og_title":"Jon Batiste recibir\u00e1 el Premio Ray Charles en la Gala del Sal\u00f3n de la Fama del Grammy","og_description":"Jon Batiste Recibir\u00e1 el premio inaugural Ray Charles &#8220;Architect of Sound&#8221; en la pr\u00f3xima Gala del Sal\u00f3n de la Fama del Grammy. El premio es","og_url":"https:\/\/web.consaguirre.com.ar\/noticias\/jon-batiste-recibira-el-premio-ray-charles-en-la-gala-del-salon-de-la-fama-del-grammy\/","og_site_name":"Conservatorio de M\u00fasica Juli\u00e1n Aguirre","article_published_time":"2025-04-05T00:39:16+00:00","article_modified_time":"2025-04-05T00:39:17+00:00","og_image":[{"width":1440,"height":864,"url":"https:\/\/web.consaguirre.com.ar\/noticias\/wp-content\/uploads\/2025\/04\/Jon-Batiste-recibira-el-Premio-Ray-Charles-en-la-Gala.jpg","type":"image\/jpeg"}],"author":"Javier Figueroa","twitter_card":"summary_large_image","twitter_misc":{"Escrito por":"Javier Figueroa","Tiempo de lectura":"2 minutos"},"schema":{"@context":"https:\/\/schema.org","@graph":[{"@type":"Article","@id":"https:\/\/web.consaguirre.com.ar\/noticias\/jon-batiste-recibira-el-premio-ray-charles-en-la-gala-del-salon-de-la-fama-del-grammy\/#article","isPartOf":{"@id":"https:\/\/web.consaguirre.com.ar\/noticias\/jon-batiste-recibira-el-premio-ray-charles-en-la-gala-del-salon-de-la-fama-del-grammy\/"},"author":{"name":"Javier Figueroa","@id":"https:\/\/web.consaguirre.com.ar\/noticias\/#\/schema\/person\/6558b0cfedee7ddc5425602b237d5722"},"headline":"Jon Batiste recibir\u00e1 el Premio Ray Charles en la Gala del Sal\u00f3n de la Fama del Grammy","datePublished":"2025-04-05T00:39:16+00:00","dateModified":"2025-04-05T00:39:17+00:00","mainEntityOfPage":{"@id":"https:\/\/web.consaguirre.com.ar\/noticias\/jon-batiste-recibira-el-premio-ray-charles-en-la-gala-del-salon-de-la-fama-del-grammy\/"},"wordCount":422,"publisher":{"@id":"https:\/\/web.consaguirre.com.ar\/noticias\/#organization"},"image":{"@id":"https:\/\/web.consaguirre.com.ar\/noticias\/jon-batiste-recibira-el-premio-ray-charles-en-la-gala-del-salon-de-la-fama-del-grammy\/#primaryimage"},"thumbnailUrl":"https:\/\/web.consaguirre.com.ar\/noticias\/wp-content\/uploads\/2025\/04\/Jon-Batiste-recibira-el-Premio-Ray-Charles-en-la-Gala.jpg","keywords":["Batiste","Charles","del","Fama","Gala","Grammy","Jon","premio","Ray","recibir\u00e1","Sal\u00f3n"],"articleSection":["El \u00faltimo"],"inLanguage":"es-AR"},{"@type":"WebPage","@id":"https:\/\/web.consaguirre.com.ar\/noticias\/jon-batiste-recibira-el-premio-ray-charles-en-la-gala-del-salon-de-la-fama-del-grammy\/","url":"https:\/\/web.consaguirre.com.ar\/noticias\/jon-batiste-recibira-el-premio-ray-charles-en-la-gala-del-salon-de-la-fama-del-grammy\/","name":"Jon Batiste recibir\u00e1 el Premio Ray Charles en la Gala del Sal\u00f3n de la Fama del Grammy","isPartOf":{"@id":"https:\/\/web.consaguirre.com.ar\/noticias\/#website"},"primaryImageOfPage":{"@id":"https:\/\/web.consaguirre.com.ar\/noticias\/jon-batiste-recibira-el-premio-ray-charles-en-la-gala-del-salon-de-la-fama-del-grammy\/#primaryimage"},"image":{"@id":"https:\/\/web.consaguirre.com.ar\/noticias\/jon-batiste-recibira-el-premio-ray-charles-en-la-gala-del-salon-de-la-fama-del-grammy\/#primaryimage"},"thumbnailUrl":"https:\/\/web.consaguirre.com.ar\/noticias\/wp-content\/uploads\/2025\/04\/Jon-Batiste-recibira-el-Premio-Ray-Charles-en-la-Gala.jpg","datePublished":"2025-04-05T00:39:16+00:00","dateModified":"2025-04-05T00:39:17+00:00","breadcrumb":{"@id":"https:\/\/web.consaguirre.com.ar\/noticias\/jon-batiste-recibira-el-premio-ray-charles-en-la-gala-del-salon-de-la-fama-del-grammy\/#breadcrumb"},"inLanguage":"es-AR","potentialAction":[{"@type":"ReadAction","target":["https:\/\/web.consaguirre.com.ar\/noticias\/jon-batiste-recibira-el-premio-ray-charles-en-la-gala-del-salon-de-la-fama-del-grammy\/"]}]},{"@type":"ImageObject","inLanguage":"es-AR","@id":"https:\/\/web.consaguirre.com.ar\/noticias\/jon-batiste-recibira-el-premio-ray-charles-en-la-gala-del-salon-de-la-fama-del-grammy\/#primaryimage","url":"https:\/\/web.consaguirre.com.ar\/noticias\/wp-content\/uploads\/2025\/04\/Jon-Batiste-recibira-el-Premio-Ray-Charles-en-la-Gala.jpg","contentUrl":"https:\/\/web.consaguirre.com.ar\/noticias\/wp-content\/uploads\/2025\/04\/Jon-Batiste-recibira-el-Premio-Ray-Charles-en-la-Gala.jpg","width":1440,"height":864,"caption":"Jon Batiste recibir\u00e1 el Premio Ray Charles en la Gala del Sal\u00f3n de la Fama del Grammy"},{"@type":"BreadcrumbList","@id":"https:\/\/web.consaguirre.com.ar\/noticias\/jon-batiste-recibira-el-premio-ray-charles-en-la-gala-del-salon-de-la-fama-del-grammy\/#breadcrumb","itemListElement":[{"@type":"ListItem","position":1,"name":"Inicio","item":"https:\/\/web.consaguirre.com.ar\/noticias\/"},{"@type":"ListItem","position":2,"name":"Jon Batiste recibir\u00e1 el Premio Ray Charles en la Gala del Sal\u00f3n de la Fama del Grammy"}]},{"@type":"WebSite","@id":"https:\/\/web.consaguirre.com.ar\/noticias\/#website","url":"https:\/\/web.consaguirre.com.ar\/noticias\/","name":"Conservatorio de M\u00fasica Juli\u00e1n Aguirre","description":"","publisher":{"@id":"https:\/\/web.consaguirre.com.ar\/noticias\/#organization"},"potentialAction":[{"@type":"SearchAction","target":{"@type":"EntryPoint","urlTemplate":"https:\/\/web.consaguirre.com.ar\/noticias\/?s={search_term_string}"},"query-input":"required name=search_term_string"}],"inLanguage":"es-AR"},{"@type":"Organization","@id":"https:\/\/web.consaguirre.com.ar\/noticias\/#organization","name":"Conservatorio de M\u00fasica Juli\u00e1n Aguirre","url":"https:\/\/web.consaguirre.com.ar\/noticias\/","logo":{"@type":"ImageObject","inLanguage":"es-AR","@id":"https:\/\/web.consaguirre.com.ar\/noticias\/#\/schema\/logo\/image\/","url":"https:\/\/web.consaguirre.com.ar\/noticias\/wp-content\/uploads\/2024\/08\/Banner-Aguirre-23.jpg","contentUrl":"https:\/\/web.consaguirre.com.ar\/noticias\/wp-content\/uploads\/2024\/08\/Banner-Aguirre-23.jpg","width":1192,"height":600,"caption":"Conservatorio de M\u00fasica Juli\u00e1n Aguirre"},"image":{"@id":"https:\/\/web.consaguirre.com.ar\/noticias\/#\/schema\/logo\/image\/"}},{"@type":"Person","@id":"https:\/\/web.consaguirre.com.ar\/noticias\/#\/schema\/person\/6558b0cfedee7ddc5425602b237d5722","name":"Javier Figueroa","image":{"@type":"ImageObject","inLanguage":"es-AR","@id":"https:\/\/web.consaguirre.com.ar\/noticias\/#\/schema\/person\/image\/","url":"https:\/\/web.consaguirre.com.ar\/noticias\/wp-content\/uploads\/2024\/08\/Consaguirre-scaled.jpg","contentUrl":"https:\/\/web.consaguirre.com.ar\/noticias\/wp-content\/uploads\/2024\/08\/Consaguirre-scaled.jpg","caption":"Javier Figueroa"},"description":"Me llamo Javier Figueroa y soy redactor para el sitio oficial del Conservatorio de M\u00fasica Juli\u00e1n Aguirre en Buenos Aires, consaguirre.com. Apasionado por la m\u00fasica y la escritura, me esfuerzo por destacar los talentos y eventos de nuestra prestigiosa instituci\u00f3n. Mi trayectoria se nutre de una profunda admiraci\u00f3n por los artistas, haciendo de cada art\u00edculo una celebraci\u00f3n de la creatividad y la cultura musical.","sameAs":["https:\/\/web.consaguirre.com.ar\/noticias"]}]}},"_links":{"self":[{"href":"https:\/\/web.consaguirre.com.ar\/noticias\/wp-json\/wp\/v2\/posts\/2313"}],"collection":[{"href":"https:\/\/web.consaguirre.com.ar\/noticias\/wp-json\/wp\/v2\/posts"}],"about":[{"href":"https:\/\/web.consaguirre.com.ar\/noticias\/wp-json\/wp\/v2\/types\/post"}],"author":[{"embeddable":true,"href":"https:\/\/web.consaguirre.com.ar\/noticias\/wp-json\/wp\/v2\/users\/1"}],"replies":[{"embeddable":true,"href":"https:\/\/web.consaguirre.com.ar\/noticias\/wp-json\/wp\/v2\/comments?post=2313"}],"version-history":[{"count":1,"href":"https:\/\/web.consaguirre.com.ar\/noticias\/wp-json\/wp\/v2\/posts\/2313\/revisions"}],"predecessor-version":[{"id":2315,"href":"https:\/\/web.consaguirre.com.ar\/noticias\/wp-json\/wp\/v2\/posts\/2313\/revisions\/2315"}],"wp:featuredmedia":[{"embeddable":true,"href":"https:\/\/web.consaguirre.com.ar\/noticias\/wp-json\/wp\/v2\/media\/2314"}],"wp:attachment":[{"href":"https:\/\/web.consaguirre.com.ar\/noticias\/wp-json\/wp\/v2\/media?parent=2313"}],"wp:term":[{"taxonomy":"category","embeddable":true,"href":"https:\/\/web.consaguirre.com.ar\/noticias\/wp-json\/wp\/v2\/categories?post=2313"},{"taxonomy":"post_tag","embeddable":true,"href":"https:\/\/web.consaguirre.com.ar\/noticias\/wp-json\/wp\/v2\/tags?post=2313"}],"curies":[{"name":"wp","href":"https:\/\/api.w.org\/{rel}","templated":true}]}}