{"id":2271,"date":"2025-03-31T15:39:11","date_gmt":"2025-03-31T18:39:11","guid":{"rendered":"https:\/\/web.consaguirre.com.ar\/noticias\/kali-uchis-comparte-un-nuevo-sencillo-sunshine-rain\/"},"modified":"2025-03-31T15:39:12","modified_gmt":"2025-03-31T18:39:12","slug":"kali-uchis-comparte-un-nuevo-sencillo-sunshine-rain","status":"publish","type":"post","link":"https:\/\/web.consaguirre.com.ar\/noticias\/kali-uchis-comparte-un-nuevo-sencillo-sunshine-rain\/","title":{"rendered":"Kali Uchis comparte un nuevo sencillo &#8216;Sunshine &#038; Rain&#8217;"},"content":{"rendered":"<p><strong>Kali Uchis<\/strong> ha lanzado un nuevo sencillo. &#8220;Sunshine &#038; Rain&#8221; es la primera oferta de su pr\u00f3ximo quinto \u00e1lbum de estudio, <em>Atentamente,<\/em>. Fuera el 9 de mayo, est\u00e1 disponible para pre-Save ahora.<\/p>\n<p>&#8220;Sunshine &#038; Rain&#8221; toca los efectos estabilizadores que la maternidad y un romance saludable han tenido en su vida. (Uchis dio la bienvenida a su primer hijo en 2024). Ella desea la misma felicidad para el mundo y votos ser una fuente de paz para aquellos que dependen de ella.<\/p>\n<div class=\"uD-YT-container\"><img decoding=\"async\" src=\"https:\/\/web.consaguirre.com.ar\/noticias\/wp-content\/uploads\/2025\/03\/1743446351_383_Kali-Uchis-comparte-un-nuevo-sencillo-Sunshine-Rain.jpg\" alt=\"Video de YouTube\"><br \/>Haga clic para cargar video<\/div>\n<p>&#8220;A trav\u00e9s del sol y la lluvia, a medida que cambian las estaciones, todos necesitamos a alguien que haga que la tierra se sienta celestial&#8221;, canta. &#8220;Beb\u00e9, ser\u00e9 ese alguien porque eres ese alguien para m\u00ed&#8221;.<\/p>\n<p>&#8220;Este registro se trata de adoptar una vida de disfrute a pesar del mundo o sus circunstancias &#8230;&#8221;, dice Uchis sobre el significado detr\u00e1s de la pista, &#8220;una pieza existencial centrada en la vulnerabilidad y el romanticismo de la vida&#8221;.<\/p>\n<p>Al anunciar <em>Atentamente,<\/em> A principios de este mes, Uchis tambi\u00e9n revel\u00f3 que ha firmado un nuevo acuerdo de sello con Capitol Records. Ella lanz\u00f3 sus \u00faltimos dos \u00e1lbumes, 2023&#8217;s <em>Luna roja en Venus<\/em> y 2024 <em>Orqu\u00eddeas<\/em>a trav\u00e9s de Geffen.<\/p>\n<p>Uchis apareci\u00f3 recientemente en &#8220;Damn Right&#8221; de Jennie, tambi\u00e9n con Childish Gambino y &#8220;Crashing&#8221; de D4VD.<\/p>\n<p>El a\u00f1o pasado <em>Orqu\u00eddeas<\/em> fue el cuarto \u00e1lbum de Uchis y el segundo lanzamiento en espa\u00f1ol. El \u00e1lbum fue su lanzamiento de m\u00e1s alto nivel hasta la fecha, debutando en el n\u00famero 2 en el Billboard 200. Present\u00f3 sencillos crossover exitosos como &#8220;Igual que un \u00c1ngel&#8221; con Peso Pluma y &#8220;Labios Mordidos&#8221; con Karol G. &#8220;Este \u00e1lbum est\u00e1 inspirado por el Timeless, Eerie, Mystic, Striking, Graceful and Sensual Allure of the Orchid,&#8221; Uchis &#8220;. &#8220;Con este vasto alcance de energ\u00eda fresca, deseo redefinir la forma en que miramos las latinas en la m\u00fasica&#8221;. <em>Orqu\u00eddeas<\/em> fue nominado al Mejor \u00e1lbum Pop Latin en los Premios Grammy 2025, el Mejor \u00e1lbum Vocal Pop en The Latin Grammys, y se llev\u00f3 a casa trofeos de los Billboard Latin Music Awards y Latin American Music Awards.<\/p>\n<p><strong>Ordene el \u00e1lbum Kali Uchis <em>Atentamente,<\/em> ahora.<\/strong><\/p>\n","protected":false},"excerpt":{"rendered":"<p>Kali Uchis ha lanzado un nuevo sencillo. &#8220;Sunshine &#038; Rain&#8221; es la primera oferta de su pr\u00f3ximo quinto \u00e1lbum de estudio, Atentamente,. Fuera el 9<\/p>\n","protected":false},"author":1,"featured_media":2272,"comment_status":"closed","ping_status":"","sticky":false,"template":"","format":"standard","meta":{"footnotes":""},"categories":[50],"tags":[201,2229,146,947,204,839,2230],"class_list":["post-2271","post","type-post","status-publish","format-standard","has-post-thumbnail","hentry","category-el-ultimo","tag-comparte","tag-kali","tag-nuevo","tag-rain","tag-sencillo","tag-sunshine","tag-uchis","generate-columns","tablet-grid-50","mobile-grid-100","grid-parent","grid-50"],"yoast_head":"<!-- This site is optimized with the Yoast SEO plugin v23.3 - https:\/\/yoast.com\/wordpress\/plugins\/seo\/ -->\n<title>Kali Uchis comparte un nuevo sencillo &#039;Sunshine &amp; Rain&#039;<\/title>\n<meta name=\"robots\" content=\"index, follow, max-snippet:-1, max-image-preview:large, max-video-preview:-1\" \/>\n<link rel=\"canonical\" href=\"https:\/\/web.consaguirre.com.ar\/noticias\/kali-uchis-comparte-un-nuevo-sencillo-sunshine-rain\/\" \/>\n<meta property=\"og:locale\" content=\"es_ES\" \/>\n<meta property=\"og:type\" content=\"article\" \/>\n<meta property=\"og:title\" content=\"Kali Uchis comparte un nuevo sencillo &#039;Sunshine &amp; Rain&#039;\" \/>\n<meta property=\"og:description\" content=\"Kali Uchis ha lanzado un nuevo sencillo. &#8220;Sunshine &#038; Rain&#8221; es la primera oferta de su pr\u00f3ximo quinto \u00e1lbum de estudio, Atentamente,. Fuera el 9\" \/>\n<meta property=\"og:url\" content=\"https:\/\/web.consaguirre.com.ar\/noticias\/kali-uchis-comparte-un-nuevo-sencillo-sunshine-rain\/\" \/>\n<meta property=\"og:site_name\" content=\"Conservatorio de M\u00fasica Juli\u00e1n Aguirre\" \/>\n<meta property=\"article:published_time\" content=\"2025-03-31T18:39:11+00:00\" \/>\n<meta property=\"article:modified_time\" content=\"2025-03-31T18:39:12+00:00\" \/>\n<meta property=\"og:image\" content=\"https:\/\/web.consaguirre.com.ar\/noticias\/wp-content\/uploads\/2025\/03\/Kali-Uchis-comparte-un-nuevo-sencillo-Sunshine-Rain.jpg\" \/>\n\t<meta property=\"og:image:width\" content=\"1280\" \/>\n\t<meta property=\"og:image:height\" content=\"1280\" \/>\n\t<meta property=\"og:image:type\" content=\"image\/jpeg\" \/>\n<meta name=\"author\" content=\"Javier Figueroa\" \/>\n<meta name=\"twitter:card\" content=\"summary_large_image\" \/>\n<meta name=\"twitter:label1\" content=\"Escrito por\" \/>\n\t<meta name=\"twitter:data1\" content=\"Javier Figueroa\" \/>\n\t<meta name=\"twitter:label2\" content=\"Tiempo de lectura\" \/>\n\t<meta name=\"twitter:data2\" content=\"2 minutos\" \/>\n<script type=\"application\/ld+json\" class=\"yoast-schema-graph\">{\"@context\":\"https:\/\/schema.org\",\"@graph\":[{\"@type\":\"Article\",\"@id\":\"https:\/\/web.consaguirre.com.ar\/noticias\/kali-uchis-comparte-un-nuevo-sencillo-sunshine-rain\/#article\",\"isPartOf\":{\"@id\":\"https:\/\/web.consaguirre.com.ar\/noticias\/kali-uchis-comparte-un-nuevo-sencillo-sunshine-rain\/\"},\"author\":{\"name\":\"Javier Figueroa\",\"@id\":\"https:\/\/web.consaguirre.com.ar\/noticias\/#\/schema\/person\/6558b0cfedee7ddc5425602b237d5722\"},\"headline\":\"Kali Uchis comparte un nuevo sencillo &#8216;Sunshine &#038; Rain&#8217;\",\"datePublished\":\"2025-03-31T18:39:11+00:00\",\"dateModified\":\"2025-03-31T18:39:12+00:00\",\"mainEntityOfPage\":{\"@id\":\"https:\/\/web.consaguirre.com.ar\/noticias\/kali-uchis-comparte-un-nuevo-sencillo-sunshine-rain\/\"},\"wordCount\":371,\"publisher\":{\"@id\":\"https:\/\/web.consaguirre.com.ar\/noticias\/#organization\"},\"image\":{\"@id\":\"https:\/\/web.consaguirre.com.ar\/noticias\/kali-uchis-comparte-un-nuevo-sencillo-sunshine-rain\/#primaryimage\"},\"thumbnailUrl\":\"https:\/\/web.consaguirre.com.ar\/noticias\/wp-content\/uploads\/2025\/03\/Kali-Uchis-comparte-un-nuevo-sencillo-Sunshine-Rain.jpg\",\"keywords\":[\"comparte\",\"Kali\",\"nuevo\",\"Rain\",\"sencillo\",\"Sunshine\",\"Uchis\"],\"articleSection\":[\"El \u00faltimo\"],\"inLanguage\":\"es-AR\"},{\"@type\":\"WebPage\",\"@id\":\"https:\/\/web.consaguirre.com.ar\/noticias\/kali-uchis-comparte-un-nuevo-sencillo-sunshine-rain\/\",\"url\":\"https:\/\/web.consaguirre.com.ar\/noticias\/kali-uchis-comparte-un-nuevo-sencillo-sunshine-rain\/\",\"name\":\"Kali Uchis comparte un nuevo sencillo 'Sunshine & Rain'\",\"isPartOf\":{\"@id\":\"https:\/\/web.consaguirre.com.ar\/noticias\/#website\"},\"primaryImageOfPage\":{\"@id\":\"https:\/\/web.consaguirre.com.ar\/noticias\/kali-uchis-comparte-un-nuevo-sencillo-sunshine-rain\/#primaryimage\"},\"image\":{\"@id\":\"https:\/\/web.consaguirre.com.ar\/noticias\/kali-uchis-comparte-un-nuevo-sencillo-sunshine-rain\/#primaryimage\"},\"thumbnailUrl\":\"https:\/\/web.consaguirre.com.ar\/noticias\/wp-content\/uploads\/2025\/03\/Kali-Uchis-comparte-un-nuevo-sencillo-Sunshine-Rain.jpg\",\"datePublished\":\"2025-03-31T18:39:11+00:00\",\"dateModified\":\"2025-03-31T18:39:12+00:00\",\"breadcrumb\":{\"@id\":\"https:\/\/web.consaguirre.com.ar\/noticias\/kali-uchis-comparte-un-nuevo-sencillo-sunshine-rain\/#breadcrumb\"},\"inLanguage\":\"es-AR\",\"potentialAction\":[{\"@type\":\"ReadAction\",\"target\":[\"https:\/\/web.consaguirre.com.ar\/noticias\/kali-uchis-comparte-un-nuevo-sencillo-sunshine-rain\/\"]}]},{\"@type\":\"ImageObject\",\"inLanguage\":\"es-AR\",\"@id\":\"https:\/\/web.consaguirre.com.ar\/noticias\/kali-uchis-comparte-un-nuevo-sencillo-sunshine-rain\/#primaryimage\",\"url\":\"https:\/\/web.consaguirre.com.ar\/noticias\/wp-content\/uploads\/2025\/03\/Kali-Uchis-comparte-un-nuevo-sencillo-Sunshine-Rain.jpg\",\"contentUrl\":\"https:\/\/web.consaguirre.com.ar\/noticias\/wp-content\/uploads\/2025\/03\/Kali-Uchis-comparte-un-nuevo-sencillo-Sunshine-Rain.jpg\",\"width\":1280,\"height\":1280,\"caption\":\"Kali Uchis comparte un nuevo sencillo 'Sunshine & Rain'\"},{\"@type\":\"BreadcrumbList\",\"@id\":\"https:\/\/web.consaguirre.com.ar\/noticias\/kali-uchis-comparte-un-nuevo-sencillo-sunshine-rain\/#breadcrumb\",\"itemListElement\":[{\"@type\":\"ListItem\",\"position\":1,\"name\":\"Inicio\",\"item\":\"https:\/\/web.consaguirre.com.ar\/noticias\/\"},{\"@type\":\"ListItem\",\"position\":2,\"name\":\"Kali Uchis comparte un nuevo sencillo &#8216;Sunshine &#038; Rain&#8217;\"}]},{\"@type\":\"WebSite\",\"@id\":\"https:\/\/web.consaguirre.com.ar\/noticias\/#website\",\"url\":\"https:\/\/web.consaguirre.com.ar\/noticias\/\",\"name\":\"Conservatorio de M\u00fasica Juli\u00e1n Aguirre\",\"description\":\"\",\"publisher\":{\"@id\":\"https:\/\/web.consaguirre.com.ar\/noticias\/#organization\"},\"potentialAction\":[{\"@type\":\"SearchAction\",\"target\":{\"@type\":\"EntryPoint\",\"urlTemplate\":\"https:\/\/web.consaguirre.com.ar\/noticias\/?s={search_term_string}\"},\"query-input\":\"required name=search_term_string\"}],\"inLanguage\":\"es-AR\"},{\"@type\":\"Organization\",\"@id\":\"https:\/\/web.consaguirre.com.ar\/noticias\/#organization\",\"name\":\"Conservatorio de M\u00fasica Juli\u00e1n Aguirre\",\"url\":\"https:\/\/web.consaguirre.com.ar\/noticias\/\",\"logo\":{\"@type\":\"ImageObject\",\"inLanguage\":\"es-AR\",\"@id\":\"https:\/\/web.consaguirre.com.ar\/noticias\/#\/schema\/logo\/image\/\",\"url\":\"https:\/\/web.consaguirre.com.ar\/noticias\/wp-content\/uploads\/2024\/08\/Banner-Aguirre-23.jpg\",\"contentUrl\":\"https:\/\/web.consaguirre.com.ar\/noticias\/wp-content\/uploads\/2024\/08\/Banner-Aguirre-23.jpg\",\"width\":1192,\"height\":600,\"caption\":\"Conservatorio de M\u00fasica Juli\u00e1n Aguirre\"},\"image\":{\"@id\":\"https:\/\/web.consaguirre.com.ar\/noticias\/#\/schema\/logo\/image\/\"}},{\"@type\":\"Person\",\"@id\":\"https:\/\/web.consaguirre.com.ar\/noticias\/#\/schema\/person\/6558b0cfedee7ddc5425602b237d5722\",\"name\":\"Javier Figueroa\",\"image\":{\"@type\":\"ImageObject\",\"inLanguage\":\"es-AR\",\"@id\":\"https:\/\/web.consaguirre.com.ar\/noticias\/#\/schema\/person\/image\/\",\"url\":\"https:\/\/web.consaguirre.com.ar\/noticias\/wp-content\/uploads\/2024\/08\/Consaguirre-scaled.jpg\",\"contentUrl\":\"https:\/\/web.consaguirre.com.ar\/noticias\/wp-content\/uploads\/2024\/08\/Consaguirre-scaled.jpg\",\"caption\":\"Javier Figueroa\"},\"description\":\"Me llamo Javier Figueroa y soy redactor para el sitio oficial del Conservatorio de M\u00fasica Juli\u00e1n Aguirre en Buenos Aires, consaguirre.com. Apasionado por la m\u00fasica y la escritura, me esfuerzo por destacar los talentos y eventos de nuestra prestigiosa instituci\u00f3n. Mi trayectoria se nutre de una profunda admiraci\u00f3n por los artistas, haciendo de cada art\u00edculo una celebraci\u00f3n de la creatividad y la cultura musical.\",\"sameAs\":[\"https:\/\/web.consaguirre.com.ar\/noticias\"]}]}<\/script>\n<!-- \/ Yoast SEO plugin. -->","yoast_head_json":{"title":"Kali Uchis comparte un nuevo sencillo 'Sunshine & Rain'","robots":{"index":"index","follow":"follow","max-snippet":"max-snippet:-1","max-image-preview":"max-image-preview:large","max-video-preview":"max-video-preview:-1"},"canonical":"https:\/\/web.consaguirre.com.ar\/noticias\/kali-uchis-comparte-un-nuevo-sencillo-sunshine-rain\/","og_locale":"es_ES","og_type":"article","og_title":"Kali Uchis comparte un nuevo sencillo 'Sunshine & Rain'","og_description":"Kali Uchis ha lanzado un nuevo sencillo. &#8220;Sunshine &#038; Rain&#8221; es la primera oferta de su pr\u00f3ximo quinto \u00e1lbum de estudio, Atentamente,. Fuera el 9","og_url":"https:\/\/web.consaguirre.com.ar\/noticias\/kali-uchis-comparte-un-nuevo-sencillo-sunshine-rain\/","og_site_name":"Conservatorio de M\u00fasica Juli\u00e1n Aguirre","article_published_time":"2025-03-31T18:39:11+00:00","article_modified_time":"2025-03-31T18:39:12+00:00","og_image":[{"width":1280,"height":1280,"url":"https:\/\/web.consaguirre.com.ar\/noticias\/wp-content\/uploads\/2025\/03\/Kali-Uchis-comparte-un-nuevo-sencillo-Sunshine-Rain.jpg","type":"image\/jpeg"}],"author":"Javier Figueroa","twitter_card":"summary_large_image","twitter_misc":{"Escrito por":"Javier Figueroa","Tiempo de lectura":"2 minutos"},"schema":{"@context":"https:\/\/schema.org","@graph":[{"@type":"Article","@id":"https:\/\/web.consaguirre.com.ar\/noticias\/kali-uchis-comparte-un-nuevo-sencillo-sunshine-rain\/#article","isPartOf":{"@id":"https:\/\/web.consaguirre.com.ar\/noticias\/kali-uchis-comparte-un-nuevo-sencillo-sunshine-rain\/"},"author":{"name":"Javier Figueroa","@id":"https:\/\/web.consaguirre.com.ar\/noticias\/#\/schema\/person\/6558b0cfedee7ddc5425602b237d5722"},"headline":"Kali Uchis comparte un nuevo sencillo &#8216;Sunshine &#038; Rain&#8217;","datePublished":"2025-03-31T18:39:11+00:00","dateModified":"2025-03-31T18:39:12+00:00","mainEntityOfPage":{"@id":"https:\/\/web.consaguirre.com.ar\/noticias\/kali-uchis-comparte-un-nuevo-sencillo-sunshine-rain\/"},"wordCount":371,"publisher":{"@id":"https:\/\/web.consaguirre.com.ar\/noticias\/#organization"},"image":{"@id":"https:\/\/web.consaguirre.com.ar\/noticias\/kali-uchis-comparte-un-nuevo-sencillo-sunshine-rain\/#primaryimage"},"thumbnailUrl":"https:\/\/web.consaguirre.com.ar\/noticias\/wp-content\/uploads\/2025\/03\/Kali-Uchis-comparte-un-nuevo-sencillo-Sunshine-Rain.jpg","keywords":["comparte","Kali","nuevo","Rain","sencillo","Sunshine","Uchis"],"articleSection":["El \u00faltimo"],"inLanguage":"es-AR"},{"@type":"WebPage","@id":"https:\/\/web.consaguirre.com.ar\/noticias\/kali-uchis-comparte-un-nuevo-sencillo-sunshine-rain\/","url":"https:\/\/web.consaguirre.com.ar\/noticias\/kali-uchis-comparte-un-nuevo-sencillo-sunshine-rain\/","name":"Kali Uchis comparte un nuevo sencillo 'Sunshine & Rain'","isPartOf":{"@id":"https:\/\/web.consaguirre.com.ar\/noticias\/#website"},"primaryImageOfPage":{"@id":"https:\/\/web.consaguirre.com.ar\/noticias\/kali-uchis-comparte-un-nuevo-sencillo-sunshine-rain\/#primaryimage"},"image":{"@id":"https:\/\/web.consaguirre.com.ar\/noticias\/kali-uchis-comparte-un-nuevo-sencillo-sunshine-rain\/#primaryimage"},"thumbnailUrl":"https:\/\/web.consaguirre.com.ar\/noticias\/wp-content\/uploads\/2025\/03\/Kali-Uchis-comparte-un-nuevo-sencillo-Sunshine-Rain.jpg","datePublished":"2025-03-31T18:39:11+00:00","dateModified":"2025-03-31T18:39:12+00:00","breadcrumb":{"@id":"https:\/\/web.consaguirre.com.ar\/noticias\/kali-uchis-comparte-un-nuevo-sencillo-sunshine-rain\/#breadcrumb"},"inLanguage":"es-AR","potentialAction":[{"@type":"ReadAction","target":["https:\/\/web.consaguirre.com.ar\/noticias\/kali-uchis-comparte-un-nuevo-sencillo-sunshine-rain\/"]}]},{"@type":"ImageObject","inLanguage":"es-AR","@id":"https:\/\/web.consaguirre.com.ar\/noticias\/kali-uchis-comparte-un-nuevo-sencillo-sunshine-rain\/#primaryimage","url":"https:\/\/web.consaguirre.com.ar\/noticias\/wp-content\/uploads\/2025\/03\/Kali-Uchis-comparte-un-nuevo-sencillo-Sunshine-Rain.jpg","contentUrl":"https:\/\/web.consaguirre.com.ar\/noticias\/wp-content\/uploads\/2025\/03\/Kali-Uchis-comparte-un-nuevo-sencillo-Sunshine-Rain.jpg","width":1280,"height":1280,"caption":"Kali Uchis comparte un nuevo sencillo 'Sunshine & Rain'"},{"@type":"BreadcrumbList","@id":"https:\/\/web.consaguirre.com.ar\/noticias\/kali-uchis-comparte-un-nuevo-sencillo-sunshine-rain\/#breadcrumb","itemListElement":[{"@type":"ListItem","position":1,"name":"Inicio","item":"https:\/\/web.consaguirre.com.ar\/noticias\/"},{"@type":"ListItem","position":2,"name":"Kali Uchis comparte un nuevo sencillo &#8216;Sunshine &#038; Rain&#8217;"}]},{"@type":"WebSite","@id":"https:\/\/web.consaguirre.com.ar\/noticias\/#website","url":"https:\/\/web.consaguirre.com.ar\/noticias\/","name":"Conservatorio de M\u00fasica Juli\u00e1n Aguirre","description":"","publisher":{"@id":"https:\/\/web.consaguirre.com.ar\/noticias\/#organization"},"potentialAction":[{"@type":"SearchAction","target":{"@type":"EntryPoint","urlTemplate":"https:\/\/web.consaguirre.com.ar\/noticias\/?s={search_term_string}"},"query-input":"required name=search_term_string"}],"inLanguage":"es-AR"},{"@type":"Organization","@id":"https:\/\/web.consaguirre.com.ar\/noticias\/#organization","name":"Conservatorio de M\u00fasica Juli\u00e1n Aguirre","url":"https:\/\/web.consaguirre.com.ar\/noticias\/","logo":{"@type":"ImageObject","inLanguage":"es-AR","@id":"https:\/\/web.consaguirre.com.ar\/noticias\/#\/schema\/logo\/image\/","url":"https:\/\/web.consaguirre.com.ar\/noticias\/wp-content\/uploads\/2024\/08\/Banner-Aguirre-23.jpg","contentUrl":"https:\/\/web.consaguirre.com.ar\/noticias\/wp-content\/uploads\/2024\/08\/Banner-Aguirre-23.jpg","width":1192,"height":600,"caption":"Conservatorio de M\u00fasica Juli\u00e1n Aguirre"},"image":{"@id":"https:\/\/web.consaguirre.com.ar\/noticias\/#\/schema\/logo\/image\/"}},{"@type":"Person","@id":"https:\/\/web.consaguirre.com.ar\/noticias\/#\/schema\/person\/6558b0cfedee7ddc5425602b237d5722","name":"Javier Figueroa","image":{"@type":"ImageObject","inLanguage":"es-AR","@id":"https:\/\/web.consaguirre.com.ar\/noticias\/#\/schema\/person\/image\/","url":"https:\/\/web.consaguirre.com.ar\/noticias\/wp-content\/uploads\/2024\/08\/Consaguirre-scaled.jpg","contentUrl":"https:\/\/web.consaguirre.com.ar\/noticias\/wp-content\/uploads\/2024\/08\/Consaguirre-scaled.jpg","caption":"Javier Figueroa"},"description":"Me llamo Javier Figueroa y soy redactor para el sitio oficial del Conservatorio de M\u00fasica Juli\u00e1n Aguirre en Buenos Aires, consaguirre.com. Apasionado por la m\u00fasica y la escritura, me esfuerzo por destacar los talentos y eventos de nuestra prestigiosa instituci\u00f3n. Mi trayectoria se nutre de una profunda admiraci\u00f3n por los artistas, haciendo de cada art\u00edculo una celebraci\u00f3n de la creatividad y la cultura musical.","sameAs":["https:\/\/web.consaguirre.com.ar\/noticias"]}]}},"_links":{"self":[{"href":"https:\/\/web.consaguirre.com.ar\/noticias\/wp-json\/wp\/v2\/posts\/2271"}],"collection":[{"href":"https:\/\/web.consaguirre.com.ar\/noticias\/wp-json\/wp\/v2\/posts"}],"about":[{"href":"https:\/\/web.consaguirre.com.ar\/noticias\/wp-json\/wp\/v2\/types\/post"}],"author":[{"embeddable":true,"href":"https:\/\/web.consaguirre.com.ar\/noticias\/wp-json\/wp\/v2\/users\/1"}],"replies":[{"embeddable":true,"href":"https:\/\/web.consaguirre.com.ar\/noticias\/wp-json\/wp\/v2\/comments?post=2271"}],"version-history":[{"count":1,"href":"https:\/\/web.consaguirre.com.ar\/noticias\/wp-json\/wp\/v2\/posts\/2271\/revisions"}],"predecessor-version":[{"id":2273,"href":"https:\/\/web.consaguirre.com.ar\/noticias\/wp-json\/wp\/v2\/posts\/2271\/revisions\/2273"}],"wp:featuredmedia":[{"embeddable":true,"href":"https:\/\/web.consaguirre.com.ar\/noticias\/wp-json\/wp\/v2\/media\/2272"}],"wp:attachment":[{"href":"https:\/\/web.consaguirre.com.ar\/noticias\/wp-json\/wp\/v2\/media?parent=2271"}],"wp:term":[{"taxonomy":"category","embeddable":true,"href":"https:\/\/web.consaguirre.com.ar\/noticias\/wp-json\/wp\/v2\/categories?post=2271"},{"taxonomy":"post_tag","embeddable":true,"href":"https:\/\/web.consaguirre.com.ar\/noticias\/wp-json\/wp\/v2\/tags?post=2271"}],"curies":[{"name":"wp","href":"https:\/\/api.w.org\/{rel}","templated":true}]}}