{"id":227,"date":"2024-08-26T21:46:23","date_gmt":"2024-08-27T00:46:23","guid":{"rendered":"https:\/\/web.consaguirre.com.ar\/noticias\/bakers-holiday-el-tributo-de-chet-baker-a-billie-holiday-se-reedita-en-vinilo\/"},"modified":"2024-09-08T16:27:50","modified_gmt":"2024-09-08T19:27:50","slug":"bakers-holiday-el-tributo-de-chet-baker-a-billie-holiday-se-reedita-en-vinilo","status":"publish","type":"post","link":"https:\/\/web.consaguirre.com.ar\/noticias\/bakers-holiday-el-tributo-de-chet-baker-a-billie-holiday-se-reedita-en-vinilo\/","title":{"rendered":"&#8216;Baker&#8217;s Holiday&#8217;, el tributo de Chet Baker a Billie Holiday, se reedita en vinilo"},"content":{"rendered":"<p><strong>Chet Baker<\/strong>\u00c1lbum tributo a Billie Holiday, <em>Vacaciones del panadero<\/em>llegar\u00e1 en vinilo. Tras su lanzamiento original en 1965, <em>Vacaciones del panadero<\/em> El \u00e1lbum incluye una serie de canciones in\u00e9ditas del m\u00fasico. Las diez pistas del \u00e1lbum destacan la trompeta caracter\u00edstica de Baker y cuentan con una secci\u00f3n completa de saxof\u00f3n, una secci\u00f3n r\u00edtmica de cuatro piezas que incluye al pianista Hank Jones y arreglos de Jimmy Mundy. El vinilo remasterizado de 180 gramos, que se lanzar\u00e1 en octubre a trav\u00e9s de la serie Acoustic Sounds de Verve, incluye transferencias de cintas anal\u00f3gicas y un empaque de lujo desplegable.<\/p>\n<p><em>Vacaciones del panadero<\/em> incluye interpretaciones de varios standards de jazz interpretados previamente por Holiday a lo largo de su carrera, entre ellos \u201cTravelin&#8217; Light\u201d, \u201cYou&#8217;re My Thrill\u201d y su \u00faltima canci\u00f3n, \u201cDon&#8217;t Explain\u201d. Baker&#8217;s Holiday tambi\u00e9n incluye \u201cEasy Living\u201d y \u201cThese Foolish Things (Remind Me of You)\u201d, standards que Holiday grab\u00f3 con el pianista de jazz Teddy Wilson. Otros temas incluyen \u201cThere Is No Greater Love\u201d y \u201cThat Ole Devil Called Love\u201d, que se lanz\u00f3 como lado B del \u00e9xito de Holiday \u201cLover Man\u201d.<\/p>\n<p><strong>Compra Chet Baker en vinilo ahora.<\/strong><\/p>\n<p>A principios de este a\u00f1o, Decca Records Francia reedit\u00f3 un tr\u00edo de <em>Chet Baker en Par\u00eds<\/em> \u00e1lbumes en honor del que habr\u00eda sido el 95 cumplea\u00f1os de la leyenda del jazz. En octubre de 1955, Baker lleg\u00f3 a Europa para una serie de conciertos con su cuarteto. La primera m\u00fasica grabada durante la estancia del Pr\u00edncipe de lo cool en Par\u00eds se convirti\u00f3 en <em>Volumen uno<\/em>y est\u00e1 compuesto en gran parte por interpretaciones de canciones de Robert L. \u201cBob\u201d Zieff. El \u00e1lbum tambi\u00e9n incluye \u201cThe Girl From Greenland\u201d, una composici\u00f3n del pianista Richard \u201cDick\u201d Twardzik. Twardzik muri\u00f3 de una sobredosis una semana despu\u00e9s de la<em> Volumen 1<\/em> Se completaron las sesiones.<\/p>\n<p>Baker regres\u00f3 al estudio s\u00f3lo tres d\u00edas despu\u00e9s y comenz\u00f3 a trabajar en <em>Volumen 2<\/em>que se compone de ocho standards atormentados por la muerte de Twardzik. Las sesiones grabadas entre el 25 de octubre de 1955 y el 1 de febrero de 1956 se recopilaron en el Volumen 3, tambi\u00e9n conocido como <em>Chet Baker y su quinteto con Bobby Jaspar<\/em>.<\/p>\n<p>La serie Acoustic Sounds 2024 de Verve incluye discos cl\u00e1sicos de artistas como Ben Webster, Diana Krall, Ella Fitzgerald, Nina Simone, Sonny Rollins y muchos m\u00e1s. La mayor\u00eda de los \u00e1lbumes (incluidos <em>Vacaciones del panadero<\/em>) han sido masterizados por Ryan K. Smith en Sterling Sound, mientras que Bernie Grundman en Bernie Grundman Mastering masterizar\u00e1 los t\u00edtulos de Diana Krall y varios otros.<\/p>\n<p><strong>Compra Chet Baker en vinilo ahora.<\/strong><\/p>\n","protected":false},"excerpt":{"rendered":"<p>Chet Baker\u00c1lbum tributo a Billie Holiday, Vacaciones del panaderollegar\u00e1 en vinilo. Tras su lanzamiento original en 1965, Vacaciones del panadero El \u00e1lbum incluye una serie<\/p>\n","protected":false},"author":1,"featured_media":228,"comment_status":"closed","ping_status":"open","sticky":false,"template":"","format":"standard","meta":{"footnotes":""},"categories":[50],"tags":[136,132,137,135,133,95,134,87],"class_list":["post-227","post","type-post","status-publish","format-standard","has-post-thumbnail","hentry","category-el-ultimo","tag-baker","tag-bakers","tag-billie","tag-chet","tag-holiday","tag-reedita","tag-tributo","tag-vinilo","generate-columns","tablet-grid-50","mobile-grid-100","grid-parent","grid-50"],"yoast_head":"<!-- This site is optimized with the Yoast SEO plugin v23.3 - https:\/\/yoast.com\/wordpress\/plugins\/seo\/ -->\n<title>&#039;Baker&#039;s Holiday&#039;, el tributo de Chet Baker a Billie Holiday, se reedita en vinilo<\/title>\n<meta name=\"robots\" content=\"index, follow, max-snippet:-1, max-image-preview:large, max-video-preview:-1\" \/>\n<link rel=\"canonical\" href=\"https:\/\/web.consaguirre.com.ar\/noticias\/bakers-holiday-el-tributo-de-chet-baker-a-billie-holiday-se-reedita-en-vinilo\/\" \/>\n<meta property=\"og:locale\" content=\"es_ES\" \/>\n<meta property=\"og:type\" content=\"article\" \/>\n<meta property=\"og:title\" content=\"&#039;Baker&#039;s Holiday&#039;, el tributo de Chet Baker a Billie Holiday, se reedita en vinilo\" \/>\n<meta property=\"og:description\" content=\"Chet Baker\u00c1lbum tributo a Billie Holiday, Vacaciones del panaderollegar\u00e1 en vinilo. Tras su lanzamiento original en 1965, Vacaciones del panadero El \u00e1lbum incluye una serie\" \/>\n<meta property=\"og:url\" content=\"https:\/\/web.consaguirre.com.ar\/noticias\/bakers-holiday-el-tributo-de-chet-baker-a-billie-holiday-se-reedita-en-vinilo\/\" \/>\n<meta property=\"og:site_name\" content=\"Conservatorio de M\u00fasica Juli\u00e1n Aguirre\" \/>\n<meta property=\"article:published_time\" content=\"2024-08-27T00:46:23+00:00\" \/>\n<meta property=\"article:modified_time\" content=\"2024-09-08T19:27:50+00:00\" \/>\n<meta property=\"og:image\" content=\"https:\/\/web.consaguirre.com.ar\/noticias\/wp-content\/uploads\/2024\/08\/Bakers-Holiday-el-tributo-de-Chet-Baker-a-Billie-Holiday.jpg\" \/>\n\t<meta property=\"og:image:width\" content=\"1440\" \/>\n\t<meta property=\"og:image:height\" content=\"864\" \/>\n\t<meta property=\"og:image:type\" content=\"image\/jpeg\" \/>\n<meta name=\"author\" content=\"Javier Figueroa\" \/>\n<meta name=\"twitter:card\" content=\"summary_large_image\" \/>\n<meta name=\"twitter:label1\" content=\"Escrito por\" \/>\n\t<meta name=\"twitter:data1\" content=\"Javier Figueroa\" \/>\n\t<meta name=\"twitter:label2\" content=\"Tiempo de lectura\" \/>\n\t<meta name=\"twitter:data2\" content=\"2 minutos\" \/>\n<script type=\"application\/ld+json\" class=\"yoast-schema-graph\">{\"@context\":\"https:\/\/schema.org\",\"@graph\":[{\"@type\":\"Article\",\"@id\":\"https:\/\/web.consaguirre.com.ar\/noticias\/bakers-holiday-el-tributo-de-chet-baker-a-billie-holiday-se-reedita-en-vinilo\/#article\",\"isPartOf\":{\"@id\":\"https:\/\/web.consaguirre.com.ar\/noticias\/bakers-holiday-el-tributo-de-chet-baker-a-billie-holiday-se-reedita-en-vinilo\/\"},\"author\":{\"name\":\"Javier Figueroa\",\"@id\":\"https:\/\/web.consaguirre.com.ar\/noticias\/#\/schema\/person\/6558b0cfedee7ddc5425602b237d5722\"},\"headline\":\"&#8216;Baker&#8217;s Holiday&#8217;, el tributo de Chet Baker a Billie Holiday, se reedita en vinilo\",\"datePublished\":\"2024-08-27T00:46:23+00:00\",\"dateModified\":\"2024-09-08T19:27:50+00:00\",\"mainEntityOfPage\":{\"@id\":\"https:\/\/web.consaguirre.com.ar\/noticias\/bakers-holiday-el-tributo-de-chet-baker-a-billie-holiday-se-reedita-en-vinilo\/\"},\"wordCount\":464,\"publisher\":{\"@id\":\"https:\/\/web.consaguirre.com.ar\/noticias\/#organization\"},\"image\":{\"@id\":\"https:\/\/web.consaguirre.com.ar\/noticias\/bakers-holiday-el-tributo-de-chet-baker-a-billie-holiday-se-reedita-en-vinilo\/#primaryimage\"},\"thumbnailUrl\":\"https:\/\/web.consaguirre.com.ar\/noticias\/wp-content\/uploads\/2024\/08\/Bakers-Holiday-el-tributo-de-Chet-Baker-a-Billie-Holiday.jpg\",\"keywords\":[\"Baker\",\"Bakers\",\"Billie\",\"Chet\",\"Holiday\",\"reedita\",\"tributo\",\"vinilo\"],\"articleSection\":[\"El \u00faltimo\"],\"inLanguage\":\"es-AR\"},{\"@type\":\"WebPage\",\"@id\":\"https:\/\/web.consaguirre.com.ar\/noticias\/bakers-holiday-el-tributo-de-chet-baker-a-billie-holiday-se-reedita-en-vinilo\/\",\"url\":\"https:\/\/web.consaguirre.com.ar\/noticias\/bakers-holiday-el-tributo-de-chet-baker-a-billie-holiday-se-reedita-en-vinilo\/\",\"name\":\"'Baker's Holiday', el tributo de Chet Baker a Billie Holiday, se reedita en vinilo\",\"isPartOf\":{\"@id\":\"https:\/\/web.consaguirre.com.ar\/noticias\/#website\"},\"primaryImageOfPage\":{\"@id\":\"https:\/\/web.consaguirre.com.ar\/noticias\/bakers-holiday-el-tributo-de-chet-baker-a-billie-holiday-se-reedita-en-vinilo\/#primaryimage\"},\"image\":{\"@id\":\"https:\/\/web.consaguirre.com.ar\/noticias\/bakers-holiday-el-tributo-de-chet-baker-a-billie-holiday-se-reedita-en-vinilo\/#primaryimage\"},\"thumbnailUrl\":\"https:\/\/web.consaguirre.com.ar\/noticias\/wp-content\/uploads\/2024\/08\/Bakers-Holiday-el-tributo-de-Chet-Baker-a-Billie-Holiday.jpg\",\"datePublished\":\"2024-08-27T00:46:23+00:00\",\"dateModified\":\"2024-09-08T19:27:50+00:00\",\"breadcrumb\":{\"@id\":\"https:\/\/web.consaguirre.com.ar\/noticias\/bakers-holiday-el-tributo-de-chet-baker-a-billie-holiday-se-reedita-en-vinilo\/#breadcrumb\"},\"inLanguage\":\"es-AR\",\"potentialAction\":[{\"@type\":\"ReadAction\",\"target\":[\"https:\/\/web.consaguirre.com.ar\/noticias\/bakers-holiday-el-tributo-de-chet-baker-a-billie-holiday-se-reedita-en-vinilo\/\"]}]},{\"@type\":\"ImageObject\",\"inLanguage\":\"es-AR\",\"@id\":\"https:\/\/web.consaguirre.com.ar\/noticias\/bakers-holiday-el-tributo-de-chet-baker-a-billie-holiday-se-reedita-en-vinilo\/#primaryimage\",\"url\":\"https:\/\/web.consaguirre.com.ar\/noticias\/wp-content\/uploads\/2024\/08\/Bakers-Holiday-el-tributo-de-Chet-Baker-a-Billie-Holiday.jpg\",\"contentUrl\":\"https:\/\/web.consaguirre.com.ar\/noticias\/wp-content\/uploads\/2024\/08\/Bakers-Holiday-el-tributo-de-Chet-Baker-a-Billie-Holiday.jpg\",\"width\":1440,\"height\":864,\"caption\":\"'Baker's Holiday', el tributo de Chet Baker a Billie Holiday, se reedita en vinilo\"},{\"@type\":\"BreadcrumbList\",\"@id\":\"https:\/\/web.consaguirre.com.ar\/noticias\/bakers-holiday-el-tributo-de-chet-baker-a-billie-holiday-se-reedita-en-vinilo\/#breadcrumb\",\"itemListElement\":[{\"@type\":\"ListItem\",\"position\":1,\"name\":\"Inicio\",\"item\":\"https:\/\/web.consaguirre.com.ar\/noticias\/\"},{\"@type\":\"ListItem\",\"position\":2,\"name\":\"&#8216;Baker&#8217;s Holiday&#8217;, el tributo de Chet Baker a Billie Holiday, se reedita en vinilo\"}]},{\"@type\":\"WebSite\",\"@id\":\"https:\/\/web.consaguirre.com.ar\/noticias\/#website\",\"url\":\"https:\/\/web.consaguirre.com.ar\/noticias\/\",\"name\":\"Conservatorio de M\u00fasica Juli\u00e1n Aguirre\",\"description\":\"\",\"publisher\":{\"@id\":\"https:\/\/web.consaguirre.com.ar\/noticias\/#organization\"},\"potentialAction\":[{\"@type\":\"SearchAction\",\"target\":{\"@type\":\"EntryPoint\",\"urlTemplate\":\"https:\/\/web.consaguirre.com.ar\/noticias\/?s={search_term_string}\"},\"query-input\":\"required name=search_term_string\"}],\"inLanguage\":\"es-AR\"},{\"@type\":\"Organization\",\"@id\":\"https:\/\/web.consaguirre.com.ar\/noticias\/#organization\",\"name\":\"Conservatorio de M\u00fasica Juli\u00e1n Aguirre\",\"url\":\"https:\/\/web.consaguirre.com.ar\/noticias\/\",\"logo\":{\"@type\":\"ImageObject\",\"inLanguage\":\"es-AR\",\"@id\":\"https:\/\/web.consaguirre.com.ar\/noticias\/#\/schema\/logo\/image\/\",\"url\":\"https:\/\/web.consaguirre.com.ar\/noticias\/wp-content\/uploads\/2024\/08\/Banner-Aguirre-23.jpg\",\"contentUrl\":\"https:\/\/web.consaguirre.com.ar\/noticias\/wp-content\/uploads\/2024\/08\/Banner-Aguirre-23.jpg\",\"width\":1192,\"height\":600,\"caption\":\"Conservatorio de M\u00fasica Juli\u00e1n Aguirre\"},\"image\":{\"@id\":\"https:\/\/web.consaguirre.com.ar\/noticias\/#\/schema\/logo\/image\/\"}},{\"@type\":\"Person\",\"@id\":\"https:\/\/web.consaguirre.com.ar\/noticias\/#\/schema\/person\/6558b0cfedee7ddc5425602b237d5722\",\"name\":\"Javier Figueroa\",\"image\":{\"@type\":\"ImageObject\",\"inLanguage\":\"es-AR\",\"@id\":\"https:\/\/web.consaguirre.com.ar\/noticias\/#\/schema\/person\/image\/\",\"url\":\"https:\/\/web.consaguirre.com.ar\/noticias\/wp-content\/uploads\/2024\/08\/Consaguirre-scaled.jpg\",\"contentUrl\":\"https:\/\/web.consaguirre.com.ar\/noticias\/wp-content\/uploads\/2024\/08\/Consaguirre-scaled.jpg\",\"caption\":\"Javier Figueroa\"},\"description\":\"Me llamo Javier Figueroa y soy redactor para el sitio oficial del Conservatorio de M\u00fasica Juli\u00e1n Aguirre en Buenos Aires, consaguirre.com. Apasionado por la m\u00fasica y la escritura, me esfuerzo por destacar los talentos y eventos de nuestra prestigiosa instituci\u00f3n. Mi trayectoria se nutre de una profunda admiraci\u00f3n por los artistas, haciendo de cada art\u00edculo una celebraci\u00f3n de la creatividad y la cultura musical.\",\"sameAs\":[\"https:\/\/web.consaguirre.com.ar\/noticias\"]}]}<\/script>\n<!-- \/ Yoast SEO plugin. -->","yoast_head_json":{"title":"'Baker's Holiday', el tributo de Chet Baker a Billie Holiday, se reedita en vinilo","robots":{"index":"index","follow":"follow","max-snippet":"max-snippet:-1","max-image-preview":"max-image-preview:large","max-video-preview":"max-video-preview:-1"},"canonical":"https:\/\/web.consaguirre.com.ar\/noticias\/bakers-holiday-el-tributo-de-chet-baker-a-billie-holiday-se-reedita-en-vinilo\/","og_locale":"es_ES","og_type":"article","og_title":"'Baker's Holiday', el tributo de Chet Baker a Billie Holiday, se reedita en vinilo","og_description":"Chet Baker\u00c1lbum tributo a Billie Holiday, Vacaciones del panaderollegar\u00e1 en vinilo. Tras su lanzamiento original en 1965, Vacaciones del panadero El \u00e1lbum incluye una serie","og_url":"https:\/\/web.consaguirre.com.ar\/noticias\/bakers-holiday-el-tributo-de-chet-baker-a-billie-holiday-se-reedita-en-vinilo\/","og_site_name":"Conservatorio de M\u00fasica Juli\u00e1n Aguirre","article_published_time":"2024-08-27T00:46:23+00:00","article_modified_time":"2024-09-08T19:27:50+00:00","og_image":[{"width":1440,"height":864,"url":"https:\/\/web.consaguirre.com.ar\/noticias\/wp-content\/uploads\/2024\/08\/Bakers-Holiday-el-tributo-de-Chet-Baker-a-Billie-Holiday.jpg","type":"image\/jpeg"}],"author":"Javier Figueroa","twitter_card":"summary_large_image","twitter_misc":{"Escrito por":"Javier Figueroa","Tiempo de lectura":"2 minutos"},"schema":{"@context":"https:\/\/schema.org","@graph":[{"@type":"Article","@id":"https:\/\/web.consaguirre.com.ar\/noticias\/bakers-holiday-el-tributo-de-chet-baker-a-billie-holiday-se-reedita-en-vinilo\/#article","isPartOf":{"@id":"https:\/\/web.consaguirre.com.ar\/noticias\/bakers-holiday-el-tributo-de-chet-baker-a-billie-holiday-se-reedita-en-vinilo\/"},"author":{"name":"Javier Figueroa","@id":"https:\/\/web.consaguirre.com.ar\/noticias\/#\/schema\/person\/6558b0cfedee7ddc5425602b237d5722"},"headline":"&#8216;Baker&#8217;s Holiday&#8217;, el tributo de Chet Baker a Billie Holiday, se reedita en vinilo","datePublished":"2024-08-27T00:46:23+00:00","dateModified":"2024-09-08T19:27:50+00:00","mainEntityOfPage":{"@id":"https:\/\/web.consaguirre.com.ar\/noticias\/bakers-holiday-el-tributo-de-chet-baker-a-billie-holiday-se-reedita-en-vinilo\/"},"wordCount":464,"publisher":{"@id":"https:\/\/web.consaguirre.com.ar\/noticias\/#organization"},"image":{"@id":"https:\/\/web.consaguirre.com.ar\/noticias\/bakers-holiday-el-tributo-de-chet-baker-a-billie-holiday-se-reedita-en-vinilo\/#primaryimage"},"thumbnailUrl":"https:\/\/web.consaguirre.com.ar\/noticias\/wp-content\/uploads\/2024\/08\/Bakers-Holiday-el-tributo-de-Chet-Baker-a-Billie-Holiday.jpg","keywords":["Baker","Bakers","Billie","Chet","Holiday","reedita","tributo","vinilo"],"articleSection":["El \u00faltimo"],"inLanguage":"es-AR"},{"@type":"WebPage","@id":"https:\/\/web.consaguirre.com.ar\/noticias\/bakers-holiday-el-tributo-de-chet-baker-a-billie-holiday-se-reedita-en-vinilo\/","url":"https:\/\/web.consaguirre.com.ar\/noticias\/bakers-holiday-el-tributo-de-chet-baker-a-billie-holiday-se-reedita-en-vinilo\/","name":"'Baker's Holiday', el tributo de Chet Baker a Billie Holiday, se reedita en vinilo","isPartOf":{"@id":"https:\/\/web.consaguirre.com.ar\/noticias\/#website"},"primaryImageOfPage":{"@id":"https:\/\/web.consaguirre.com.ar\/noticias\/bakers-holiday-el-tributo-de-chet-baker-a-billie-holiday-se-reedita-en-vinilo\/#primaryimage"},"image":{"@id":"https:\/\/web.consaguirre.com.ar\/noticias\/bakers-holiday-el-tributo-de-chet-baker-a-billie-holiday-se-reedita-en-vinilo\/#primaryimage"},"thumbnailUrl":"https:\/\/web.consaguirre.com.ar\/noticias\/wp-content\/uploads\/2024\/08\/Bakers-Holiday-el-tributo-de-Chet-Baker-a-Billie-Holiday.jpg","datePublished":"2024-08-27T00:46:23+00:00","dateModified":"2024-09-08T19:27:50+00:00","breadcrumb":{"@id":"https:\/\/web.consaguirre.com.ar\/noticias\/bakers-holiday-el-tributo-de-chet-baker-a-billie-holiday-se-reedita-en-vinilo\/#breadcrumb"},"inLanguage":"es-AR","potentialAction":[{"@type":"ReadAction","target":["https:\/\/web.consaguirre.com.ar\/noticias\/bakers-holiday-el-tributo-de-chet-baker-a-billie-holiday-se-reedita-en-vinilo\/"]}]},{"@type":"ImageObject","inLanguage":"es-AR","@id":"https:\/\/web.consaguirre.com.ar\/noticias\/bakers-holiday-el-tributo-de-chet-baker-a-billie-holiday-se-reedita-en-vinilo\/#primaryimage","url":"https:\/\/web.consaguirre.com.ar\/noticias\/wp-content\/uploads\/2024\/08\/Bakers-Holiday-el-tributo-de-Chet-Baker-a-Billie-Holiday.jpg","contentUrl":"https:\/\/web.consaguirre.com.ar\/noticias\/wp-content\/uploads\/2024\/08\/Bakers-Holiday-el-tributo-de-Chet-Baker-a-Billie-Holiday.jpg","width":1440,"height":864,"caption":"'Baker's Holiday', el tributo de Chet Baker a Billie Holiday, se reedita en vinilo"},{"@type":"BreadcrumbList","@id":"https:\/\/web.consaguirre.com.ar\/noticias\/bakers-holiday-el-tributo-de-chet-baker-a-billie-holiday-se-reedita-en-vinilo\/#breadcrumb","itemListElement":[{"@type":"ListItem","position":1,"name":"Inicio","item":"https:\/\/web.consaguirre.com.ar\/noticias\/"},{"@type":"ListItem","position":2,"name":"&#8216;Baker&#8217;s Holiday&#8217;, el tributo de Chet Baker a Billie Holiday, se reedita en vinilo"}]},{"@type":"WebSite","@id":"https:\/\/web.consaguirre.com.ar\/noticias\/#website","url":"https:\/\/web.consaguirre.com.ar\/noticias\/","name":"Conservatorio de M\u00fasica Juli\u00e1n Aguirre","description":"","publisher":{"@id":"https:\/\/web.consaguirre.com.ar\/noticias\/#organization"},"potentialAction":[{"@type":"SearchAction","target":{"@type":"EntryPoint","urlTemplate":"https:\/\/web.consaguirre.com.ar\/noticias\/?s={search_term_string}"},"query-input":"required name=search_term_string"}],"inLanguage":"es-AR"},{"@type":"Organization","@id":"https:\/\/web.consaguirre.com.ar\/noticias\/#organization","name":"Conservatorio de M\u00fasica Juli\u00e1n Aguirre","url":"https:\/\/web.consaguirre.com.ar\/noticias\/","logo":{"@type":"ImageObject","inLanguage":"es-AR","@id":"https:\/\/web.consaguirre.com.ar\/noticias\/#\/schema\/logo\/image\/","url":"https:\/\/web.consaguirre.com.ar\/noticias\/wp-content\/uploads\/2024\/08\/Banner-Aguirre-23.jpg","contentUrl":"https:\/\/web.consaguirre.com.ar\/noticias\/wp-content\/uploads\/2024\/08\/Banner-Aguirre-23.jpg","width":1192,"height":600,"caption":"Conservatorio de M\u00fasica Juli\u00e1n Aguirre"},"image":{"@id":"https:\/\/web.consaguirre.com.ar\/noticias\/#\/schema\/logo\/image\/"}},{"@type":"Person","@id":"https:\/\/web.consaguirre.com.ar\/noticias\/#\/schema\/person\/6558b0cfedee7ddc5425602b237d5722","name":"Javier Figueroa","image":{"@type":"ImageObject","inLanguage":"es-AR","@id":"https:\/\/web.consaguirre.com.ar\/noticias\/#\/schema\/person\/image\/","url":"https:\/\/web.consaguirre.com.ar\/noticias\/wp-content\/uploads\/2024\/08\/Consaguirre-scaled.jpg","contentUrl":"https:\/\/web.consaguirre.com.ar\/noticias\/wp-content\/uploads\/2024\/08\/Consaguirre-scaled.jpg","caption":"Javier Figueroa"},"description":"Me llamo Javier Figueroa y soy redactor para el sitio oficial del Conservatorio de M\u00fasica Juli\u00e1n Aguirre en Buenos Aires, consaguirre.com. Apasionado por la m\u00fasica y la escritura, me esfuerzo por destacar los talentos y eventos de nuestra prestigiosa instituci\u00f3n. Mi trayectoria se nutre de una profunda admiraci\u00f3n por los artistas, haciendo de cada art\u00edculo una celebraci\u00f3n de la creatividad y la cultura musical.","sameAs":["https:\/\/web.consaguirre.com.ar\/noticias"]}]}},"_links":{"self":[{"href":"https:\/\/web.consaguirre.com.ar\/noticias\/wp-json\/wp\/v2\/posts\/227"}],"collection":[{"href":"https:\/\/web.consaguirre.com.ar\/noticias\/wp-json\/wp\/v2\/posts"}],"about":[{"href":"https:\/\/web.consaguirre.com.ar\/noticias\/wp-json\/wp\/v2\/types\/post"}],"author":[{"embeddable":true,"href":"https:\/\/web.consaguirre.com.ar\/noticias\/wp-json\/wp\/v2\/users\/1"}],"replies":[{"embeddable":true,"href":"https:\/\/web.consaguirre.com.ar\/noticias\/wp-json\/wp\/v2\/comments?post=227"}],"version-history":[{"count":1,"href":"https:\/\/web.consaguirre.com.ar\/noticias\/wp-json\/wp\/v2\/posts\/227\/revisions"}],"predecessor-version":[{"id":229,"href":"https:\/\/web.consaguirre.com.ar\/noticias\/wp-json\/wp\/v2\/posts\/227\/revisions\/229"}],"wp:featuredmedia":[{"embeddable":true,"href":"https:\/\/web.consaguirre.com.ar\/noticias\/wp-json\/wp\/v2\/media\/228"}],"wp:attachment":[{"href":"https:\/\/web.consaguirre.com.ar\/noticias\/wp-json\/wp\/v2\/media?parent=227"}],"wp:term":[{"taxonomy":"category","embeddable":true,"href":"https:\/\/web.consaguirre.com.ar\/noticias\/wp-json\/wp\/v2\/categories?post=227"},{"taxonomy":"post_tag","embeddable":true,"href":"https:\/\/web.consaguirre.com.ar\/noticias\/wp-json\/wp\/v2\/tags?post=227"}],"curies":[{"name":"wp","href":"https:\/\/api.w.org\/{rel}","templated":true}]}}