{"id":224,"date":"2024-08-26T20:41:37","date_gmt":"2024-08-26T23:41:37","guid":{"rendered":"https:\/\/web.consaguirre.com.ar\/noticias\/resena-de-cd-hyeonseon-baek-longing\/"},"modified":"2024-09-08T16:27:50","modified_gmt":"2024-09-08T19:27:50","slug":"resena-de-cd-hyeonseon-baek-longing","status":"publish","type":"post","link":"https:\/\/web.consaguirre.com.ar\/noticias\/resena-de-cd-hyeonseon-baek-longing\/","title":{"rendered":"Rese\u00f1a de CD: Hyeonseon Baek, Longing"},"content":{"rendered":"<div class=\"entry\" itemprop=\"text\">\n<p><em><strong>El cantante coreano Hyeonseon Baek lanz\u00f3 recientemente su CD debut, \u201cLonging\u201d, con el sello You &#038; Me. El \u00e1lbum incluye cuatro de las melod\u00edas originales de Baek y seis standards de jazz y cuenta con la participaci\u00f3n de un talentoso conjunto de m\u00fasicos de jazz progresivo de Nueva York, entre los que se incluyen el especialista en instrumentos de viento Lucas Pino, el pianista Kevin Hays, la bajista Linda May Han Oh y el baterista Joechen Rueckert.<\/strong><\/em><\/p>\n<p>El amor de Baek por la m\u00fasica floreci\u00f3 a la edad de 8 a\u00f1os cuando cantaba en el coro de la escuela. Sus influencias musicales iban desde artistas de soul y R&#038;B como Stevie Wonder, Luther Vandross y Donny Hathaway hasta m\u00fasicos pop y, finalmente, descubri\u00f3 el jazz a trav\u00e9s de la m\u00fasica de Mel Torme y Carmen McRae. El talento de Baek le vali\u00f3 una beca de Excelencia Nacional Holandesa, lo que lo llev\u00f3 a obtener una licenciatura en M\u00fasica en los Pa\u00edses Bajos en 2019. En su \u00faltimo a\u00f1o como estudiante universitario, Baek recibi\u00f3 una beca para viajar a la ciudad de Nueva York, donde se inspir\u00f3 en la vibrante escena de la ciudad. Esta experiencia lo impuls\u00f3 a mudarse a los Estados Unidos y cursar una maestr\u00eda en M\u00fasica en el prestigioso Conservatorio de Nueva Inglaterra, que obtuvo con la ayuda de una beca.<\/p>\n<p>El \u00e1lbum debut de Hyeonseon, \u201cLonging\u201d, es una exploraci\u00f3n cautivadora de una selecci\u00f3n de standards y composiciones originales, que muestra la habilidad de la cantante coreana para combinar elementos tradicionales y modernos. El \u00e1lbum comienza con una versi\u00f3n m\u00edstica de \u201cCaravan\u201d de Duke Ellington, donde Baek aborda el cl\u00e1sico desde una perspectiva \u00fanica, ofreciendo una interpretaci\u00f3n mel\u00f3dica que est\u00e1 bien respaldada por la secci\u00f3n r\u00edtmica, con solos notables del pianista Kevin Hays y el especialista en instrumentos de viento Lucas Pino.<\/p>\n<p>El ambiente ex\u00f3tico contin\u00faa con \u201cBlack Narcissus\u201d, que incluye una introducci\u00f3n vocal sin palabras seguida de la melod\u00eda de Joe Henderson, interpretada con un ritmo y una entonaci\u00f3n impecables. El solo de bajo l\u00edrico de la bajista Linda May Han Oh es un momento destacado en esta pista. Baek luego ofrece una interpretaci\u00f3n vocal poco com\u00fan de \u201cSound of Love\u201d de Duke Ellington, cantando la letra original de Mingus con convicci\u00f3n. El comunicado de prensa elude el hecho de que su voz tiene un parecido inconfundible con la de Chet Baker, y es f\u00e1cil imaginar al legendario trompetista tomando decisiones art\u00edsticas similares. Tendr\u00eda que estar de acuerdo con esto.<\/p>\n<p>Las composiciones originales de Baek brillan en el \u00e1lbum, con \u201cWest Fourth Street\u201d como tributo a la escena de clubes de Greenwich Village. La canci\u00f3n aparece dos veces, una en coreano y otra en ingl\u00e9s, mostrando la precisi\u00f3n n\u00edtida de Baek con un fraseo bop complejo. Ambas versiones presentan solos fuertes de Pino y Hays, con Baek contribuyendo con coros de scat bien formados. Disfrut\u00e9 mucho de esta canci\u00f3n, aunque creo que la inclusi\u00f3n de ambas versiones puede ser redundante; personalmente, la habr\u00eda dejado solo con la versi\u00f3n en coreano.<\/p>\n<p>La canci\u00f3n principal, \u201cLonging\u201d, es una de las m\u00e1s fuertes del \u00e1lbum y hace referencia a la autorreflexi\u00f3n que todos experimentamos en alg\u00fan momento de nuestras vidas. El scat de Baek sobre el vampiro final y el solo de piano de Hays son puntos destacados. Otra canci\u00f3n original destacada, \u201cMy Temptation\u201d, canaliza el estilo de las grandes bossanovas de Jobim, anclada en la compleja l\u00ednea de bajo de Oh. La letra describe un amor que puede ser real o imaginario, lo que la convierte en una de las mejores canciones del \u00e1lbum.<\/p>\n<div class=\"Elite_video_player\" id=\"426\">\n<div id=\"elite_options\" style=\"display:none;\">{&#8220;id&#8221;:426,&#8221;instanceName&#8221;: &#8220;Hyeonseon Baek&#8221;, &#8220;videos&#8221;:({&#8220;videoType&#8221;: &#8220;youtube&#8221;, &#8220;title&#8221;: &#8220;Hyeonseon Baek&#8221;, &#8220;description&#8221;: &#8220;Hyeonseon Baek &#8211; My Temptation &#8211; Video oficial&#8221;, &#8220;info&#8221;: &#8220;Hyeonseon Baek &#8211; My Temptation &#8211; Video oficial&#8221; V\u00eddeo&#8221;,&#8221;thumbImg&#8221;: &#8220;https:\/\/jazzineurope.mfmmedia.nl\/wp-content\/uploads\/2018\/10\/Revista-JIE-Invierno-2018-TN-150&#215;150.jpg&#8221;, &#8220;youtubeID&#8221;: &#8220;ioAk1g3MMVE&#8221;, &#8220;prerollAD&#8221;: &#8220;no&#8221;, &#8220;prerollGotoLink&#8221;: &#8220;http:\/\/bit.ly\/2sVU1BA&#8221;, &#8220;preroll_mp4&#8221;: &#8220;https:\/\/jazzineurope.mfmmedia.nl\/wp-content\/uploads\/2018\/10\/Revista-Jazz-In-Europe-Invierno-2018-Promo.mp4&#8221;, &#8220;prerollSkipTimer&#8221;: &#8220;10&#8221;, &#8220;midrollAD&#8221;: &#8220;no&#8221;, &#8220;midrollAD_displayTime&#8221;: &#8220;midrollAD_displayTime&#8221;, &#8220;midrollGotoLink&#8221;: &#8220;mid rollGotoLink&#8221;,&#8221;midroll_mp4&#8243;: &#8220;midroll_mp4&#8243;, midrollSkipTimer&#8221;: &#8220;midrollSkipTimer&#8221;, postrollAD&#8221;: &#8220;no&#8221;, postrollGotoLink&#8221;: &#8220;postrollGotoLink&#8221;, postroll_mp4&#8243;: &#8220;postroll_mp4&#8243;, postrollSkipTimer&#8221;: &#8220;postrollSkipTimer&#8221;, popupAdShow&#8221;: &#8220;no&#8221;, popupImg&#8221;: &#8220;https:\/\/jazzineurope.mfmmedia.nl\/wp-content\/uploads\/2013\/01\/Jazz-Republic-Radio-Leaderboard.jpg&#8221;, popupAdStartTime&#8221;: &#8220;12&#8221;, popupAdEndTime&#8221;: &#8220;20&#8221;, popupAdGoToLink&#8221;: &#8220;https:\/\/twitter.com\/Jazzineu&#8221;}), &#8220;submit&#8221;: &#8220;Guardar&#8221; Cambios&#8221;,&#8221;instanceTheme&#8221;: &#8220;light&#8221;, &#8220;playerLayout&#8221;: &#8220;fitToContainer&#8221;, &#8220;videoPlayerWidth&#8221;: 1006, &#8220;videoPlayerHeight&#8221;: 420, &#8220;videoRatio&#8221;: 1.7777777777778, &#8220;videoRatioStretch&#8221;: falso, &#8220;videoPlayerShadow&#8221;: &#8220;effect3&#8221;, &#8220;colorAccent&#8221;: &#8220;#ff9100&#8221;, &#8220;posterImg&#8221;: &#8220;&#8221;, &#8220;posterImgOnVideoFinish&#8221;: &#8220;&#8221;, &#8220;logoShow&#8221;: &#8220;S\u00ed&#8221;, &#8220;logoPath&#8221;: &#8220;https: \/\/jazzineurope.mfm media.nl\/wp-content\/uploads\/2018\/08\/JIE-Logo-New-White-Final-Video-Player.png&#8221;,&#8221;logoPosition&#8221;:&#8221;bottom-left&#8221;,&#8221;logoClickable&#8221;:&#8221;Yes&#8221;,&#8221;logoGoToLink&#8221;:&#8221;https:\/\/jazzineurope.mfmmedia.nl\/2018\/07\/bill-evans-an-insight-into-a-genius\/&#8221;,&#8221;allowSkipAd&#8221;:true,&#8221;advertisementTitle&#8221;:Publicidad&#8221;,&#8221;skipAdvertisementText&#8221;:Omitir anuncio&#8221;,&#8221;skipAdText&#8221;: &#8220;Puedes omitir este anuncio en&#8221;, &#8220;playBtnTooltipTxt&#8221;: &#8220;Reproducir&#8221;, &#8220;pauseBtnTooltipTxt&#8221;: &#8220;Pausar&#8221;, &#8220;rewindBtnTooltipTxt&#8221;: &#8220;Rebobinar&#8221;, &#8220;downloadVideoBtnTooltipTxt&#8221;: &#8220;Descargar video&#8221;, &#8220;qualityBtnOpenedTooltipTxt&#8221;: &#8220;Cerrar configuraci\u00f3n&#8221;, &#8220;qualityBtnClosedTooltipTxt&#8221;: &#8220;Configuraci\u00f3n&#8221;, &#8220;muteBtnTooltipTxt&#8221;: &#8220;Silenciar&#8221;, &#8220;unmuteBtnTooltipTxt&#8221;: &#8220;Desactivar silencio&#8221;, &#8220;fullscreenBtnTooltipTxt&#8221;: &#8220;Pantalla completa&#8221;, &#8220;exitFullscreenBtnTooltipTxt&#8221;: &#8220;Salir de pantalla completa&#8221;, &#8220;infoBtnTooltipTxt&#8221;: &#8220;Mostrar informaci\u00f3n&#8221;, &#8220;embedBtnTooltipTxt&#8221;: &#8220;Incrustar&#8221;, &#8220;shareBtnTooltipTxt&#8221;: &#8220;Compartir&#8221;, &#8220;volumeTooltipTxt&#8221;: &#8220;Volumen&#8221;, &#8220;playlistBtnClosedTooltipTxt&#8221;: &#8220;Mostrar&#8221; playlist&#8221;,&#8221;playlistBtnOpenedTooltipTxt&#8221;:&#8221;Ocultar lista de reproducci\u00f3n&#8221;,&#8221;facebookBtnTooltipTxt&#8221;:&#8221;Compartir en Facebook&#8221;,&#8221;twitterBtnTooltipTxt&#8221;:&#8221;Compartir en Twitter&#8221;,&#8221;googlePlusBtnTooltipTxt&#8221;:&#8221;Compartir en Google+&#8221;,&#8221;lastBtnTooltipTxt&#8221;:&#8221;Ir al \u00faltimo v\u00eddeo&#8221;,&#8221;firstBtnTooltipTxt&#8221;:&#8221;Ir al primer v\u00eddeo&#8221;,&#8221;nextBtnTooltipTxt&#8221;:&#8221;Reproducir el siguiente v\u00eddeo&#8221;,&#8221;previousBtnTooltipTxt&#8221;:&#8221;Reproducir el v\u00eddeo anterior&#8221;,&#8221;shuffleBtnOnTooltipTxt&#8221;:&#8221;Reproducci\u00f3n aleatoria activada&#8221;,&#8221;shuffleBtnOffTooltipTxt&#8221;:&#8221;Reproducci\u00f3n aleatoria desactivada&#8221;,&#8221;nowPlayingTooltipTxt&#8221;:&#8221;REPRODUCCI\u00d3N AHORA&#8221;,&#8221;embedWindowTitle1&#8243;:&#8221;COMPARTE ESTE REPRODUCTOR:&#8221;,&#8221;embedWindowTitle2&#8243;:&#8221;INCLUYE ESTE V\u00cdDEO EN TU SITIO:&#8221;,&#8221;embedWindowTitle3&#8243;:&#8221;COMPARTE EL ENLACE A ESTE REPRODUCTOR:&#8221;,&#8221;lightBox&#8221;:false,&#8221;lightBoxAutoplay&#8221;:false,&#8221;lightBoxThumbnail&#8221;:&#8221;,&#8221;lightBoxThumbnailWidth&#8221;:400,&#8221;lightBoxThumbnailHeight&#8221;:220,&#8221;lightBoxCloseOnOutsideClick&#8221;:true,&#8221;onFinish&#8221;:Reproducir siguiente v\u00eddeo&#8221;,&#8221;autoplay&#8221;:false,&#8221;loadRandomVideoOnStart&#8221;:No&#8221;,&#8221;shuffle&#8221;:No&#8221;,&#8221;playlist&#8221;:Off&#8221;,&#8221;playlistBehaviourOnPageload&#8221;:opened (default)&#8221;,&#8221;playlistScrollType&#8221;:light&#8221;,&#8221;preloadSelfHosted&#8221;:none&#8221;,&#8221;hideVideoSource&#8221;:true,&#8221;showAllControls&#8221;:true,&#8221;rightClickMenu&#8221;:true,&#8221;autohideControls&#8221;:2,&#8221;hideControlsOnMouseOut&#8221;:No&#8221;,&#8221;nowPlayingText&#8221;:S\u00ed&#8221;,&#8221;infoShow&#8221;:S\u00ed&#8221;,&#8221;shareShow&#8221;:No&#8221;,&#8221;facebookShow&#8221;:S\u00ed&#8221;,&#8221;twitterShow&#8221;:S\u00ed&#8221;,&#8221;mailShow&#8221;:S\u00ed&#8221;,&#8221;facebookShareName&#8221;:Bill Evans &#8211; Una mirada a un Genio. &#8220;,&#8221;facebookShareLink&#8221;:&#8221;https:\/\/jazzineurope.mfmmedia.nl\/2018\/07\/bill-evans-una-vision-de-un-genio\/&#8221;,&#8221;facebookShareDescription&#8221;:&#8221;V\u00eddeo del ensayo de Copenhague de 1966. &#8220;,&#8221;facebookSharePicture&#8221;:&#8221;https:\/\/jazzineurope.mfmmedia.nl\/wp-content\/uploads\/2018\/07\/bill_evans_featured-New.jpg&#8221;,&#8221;twitterText&#8221;:&#8221;Bill Evans &#8211; Una visi\u00f3n de un genio. &#8220;,&#8221;twitterLink&#8221;:&#8221;https:\/\/jazzineurope.mfmmedia.nl\/2018\/07\/bill-evans-una-vision-de-un-genio\/&#8221;,&#8221;twitterHashtags&#8221;:&#8221;#BillEvans #JazzInEurope&#8221;,&#8221;twitterVia&#8221;:&#8221;Jazzineu&#8221;,&#8221;googlePlus&#8221;:&#8221;https:\/\/jazzineurope.mfmmedia.nl\/2018\/07\/bill-evans-una-mirada-a-un-genio\/&#8221;,&#8221;embedShow&#8221;:&#8221;No&#8221;,&#8221;embedCodeSrc&#8221;:&#8221;&#8221;,&#8221;embedCodeW&#8221;:746,&#8221;embedCodeH&#8221;:420,&#8221;embedShareLink&#8221;:&#8221;https:\/\/jazzineurope.mfmmedia.nl\/&#8221;,&#8221;youtubeControls&#8221;:&#8221;custom controles&#8221;,&#8221;youtubeSkin&#8221;: &#8220;claro&#8221;, &#8220;youtubeColor&#8221;: &#8220;rojo&#8221;, &#8220;youtubeQuality&#8221;: &#8220;predeterminado&#8221;, &#8220;youtubeShowRelatedVideos&#8221;: &#8220;No&#8221;, &#8220;vimeoColor&#8221;: &#8220;00adef&#8221;, &#8220;showGlobalPrerollAds&#8221;: &#8220;falso&#8221;, &#8220;globalPrerollAds&#8221;: &#8220;url1; url2; url3; url4; url5&#8221;, &#8220;globalPrerollAdsSkipTimer&#8221;: &#8220;5&#8221;, &#8220;globalPrerollAdsGotoLink&#8221;: &#8220;http:\/\/codecanyon.net\/&#8221;, &#8220;videoType&#8221;: &#8220;YouTube&#8221;, &#8220;rootFolder&#8221;: &#8220;https:\/\/jazzineurope.mfmmedia.nl\/wp-content\/plugins\/Elite-video-player\/&#8221;}<\/div>\n<\/div>\n<p>Baek explora m\u00e1s a fondo baladas famosas del canon del jazz, ofreciendo una s\u00f3lida interpretaci\u00f3n vocal de la atemporal \u201cLush Life\u201d de Billy Strayhorn. En \u201cThe Peacocks\u201d de Jimmy Rowles (presentada aqu\u00ed en la versi\u00f3n l\u00edrica de Norma Winstone, \u201cA Timeless Place\u201d), la voz de Baek se eleva en forma de rubato libre sobre una base r\u00edtmica inesperadamente vivaz, navegando por los intrincados giros y vueltas de la melod\u00eda con una precisi\u00f3n inquebrantable. La composici\u00f3n enga\u00f1osamente sencilla de Horace Silver, \u201cPeace\u201d, comienza con una fascinante introducci\u00f3n sin acompa\u00f1amiento de Oh, antes de que Baek d\u00e9 rienda suelta a una interpretaci\u00f3n imponente de la melod\u00eda, canalizando su formidable destreza t\u00e9cnica y su profunda profundidad emocional en una declaraci\u00f3n indeleble de 10 compases.<\/p>\n<p><img loading=\"lazy\" decoding=\"async\" class=\"aligncenter size-full wp-image-61016\" src=\"https:\/\/web.consaguirre.com.ar\/noticias\/wp-content\/uploads\/2024\/08\/Resena-de-CD-Hyeonseon-Baek-Longing.png\" alt=\"\" width=\"936\" height=\"562\"  ><\/p>\n<p>\u201cLonging\u201d es un debut excepcionalmente fuerte de Hyeonseon Baek, que muestra su versatilidad como vocalista y su capacidad para combinar a la perfecci\u00f3n la tradici\u00f3n con un enfoque moderno. Con su voz de tenor pura y flexible y la colaboraci\u00f3n con m\u00fasicos de primer nivel, Baek ha creado un \u00e1lbum cohesivo y aventurero que atrae a una amplia audiencia, cruzando fronteras culturales con facilidad. Su exploraci\u00f3n de los est\u00e1ndares elegidos y las composiciones originales proporciona una exhibici\u00f3n convincente que ofrece una perspectiva \u00fanica sobre cl\u00e1sicos familiares al mismo tiempo que presenta obras originales atractivas. Desde la interpretaci\u00f3n m\u00edstica de \u201cCaravan\u201d hasta los originales destacados como \u201cMy Temptation\u201d y las s\u00f3lidas interpretaciones de baladas como \u201cLush Life\u201d, el \u00e1lbum impresiona constantemente con el ritmo, la profundidad emocional y la destreza t\u00e9cnica de Baek. \u201cLonging\u201d es muy recomendable para cualquiera que busque una visi\u00f3n fresca e innovadora del g\u00e9nero, ya que sin duda anuncia la llegada de una nueva voz prometedora en el mundo del jazz.<\/p>\n<p><strong>P\u00f3ngase en fila:<\/strong><\/p>\n<p>Hyeonseon Baek, voz | Kevin Hays, piano | Linda May Han Oh, contrabajo | Jochen Rueckert, bater\u00eda | Lucas Pino, saxof\u00f3n tenor.<\/p>\n<p><strong>Listado de canciones:<\/strong><\/p>\n<p>1. Caravana | 2. Narciso negro | 3. Sonidos del amor de Duke Ellington | 4. West 4th St (coreano) | 5. Anhelo | 6. Mi tentaci\u00f3n | 7. Vida exuberante | 8. Un lugar sin tiempo | 9. Paz | 10. West 4th St (ingl\u00e9s)<\/p>\n<p>Fecha de lanzamiento: 26 de abril de 2024<br \/>\nFormato: CD | Transmisi\u00f3n<br \/>\nEtiqueta: M\u00fasica T\u00fa y Yo<\/p>\n<p><img loading=\"lazy\" decoding=\"async\" class=\"aligncenter size-medium wp-image-36519\" src=\"https:\/\/web.consaguirre.com.ar\/noticias\/wp-content\/uploads\/2024\/08\/1724715697_68_Resena-de-CD-Hyeonseon-Baek-Longing.png\" alt=\"\" width=\"300\" height=\"43\"  ><\/p>\n<p><img loading=\"lazy\" decoding=\"async\" class=\"aligncenter wp-image-60869 size-large\" src=\"https:\/\/web.consaguirre.com.ar\/noticias\/wp-content\/uploads\/2024\/08\/1724695902_806_Resena-del-CD-Tide-Rises-de-Lauren-Bush.jpg\" rel=\"prettyPhoto\" alt=\"\" width=\"1024\" height=\"233\"  ><\/p>\n<div class=\"post-pagination\"><\/div>\n<div class=\"clearfix\"><\/div>\n<\/p><\/div>\n<p><script async src=\"https:\/\/platform.twitter.com\/widgets.js\" charset=\"utf-8\"><\/script><\/p>\n","protected":false},"excerpt":{"rendered":"<p>El cantante coreano Hyeonseon Baek lanz\u00f3 recientemente su CD debut, \u201cLonging\u201d, con el sello You &#038; Me. El \u00e1lbum incluye cuatro de las melod\u00edas originales<\/p>\n","protected":false},"author":1,"featured_media":225,"comment_status":"closed","ping_status":"open","sticky":false,"template":"","format":"standard","meta":{"footnotes":""},"categories":[4],"tags":[130,129,131,6],"class_list":["post-224","post","type-post","status-publish","format-standard","has-post-thumbnail","hentry","category-critica","tag-baek","tag-hyeonseon","tag-longing","tag-resena","generate-columns","tablet-grid-50","mobile-grid-100","grid-parent","grid-50"],"yoast_head":"<!-- This site is optimized with the Yoast SEO plugin v23.3 - https:\/\/yoast.com\/wordpress\/plugins\/seo\/ -->\n<title>Rese\u00f1a de CD: Hyeonseon Baek, Longing<\/title>\n<meta name=\"robots\" content=\"index, follow, max-snippet:-1, max-image-preview:large, max-video-preview:-1\" \/>\n<link rel=\"canonical\" href=\"https:\/\/web.consaguirre.com.ar\/noticias\/resena-de-cd-hyeonseon-baek-longing\/\" \/>\n<meta property=\"og:locale\" content=\"es_ES\" \/>\n<meta property=\"og:type\" content=\"article\" \/>\n<meta property=\"og:title\" content=\"Rese\u00f1a de CD: Hyeonseon Baek, Longing\" \/>\n<meta property=\"og:description\" content=\"El cantante coreano Hyeonseon Baek lanz\u00f3 recientemente su CD debut, \u201cLonging\u201d, con el sello You &#038; Me. El \u00e1lbum incluye cuatro de las melod\u00edas originales\" \/>\n<meta property=\"og:url\" content=\"https:\/\/web.consaguirre.com.ar\/noticias\/resena-de-cd-hyeonseon-baek-longing\/\" \/>\n<meta property=\"og:site_name\" content=\"Conservatorio de M\u00fasica Juli\u00e1n Aguirre\" \/>\n<meta property=\"article:published_time\" content=\"2024-08-26T23:41:37+00:00\" \/>\n<meta property=\"article:modified_time\" content=\"2024-09-08T19:27:50+00:00\" \/>\n<meta property=\"og:image\" content=\"https:\/\/web.consaguirre.com.ar\/noticias\/wp-content\/uploads\/2024\/08\/Resena-de-CD-Hyeonseon-Baek-Longing.jpg\" \/>\n\t<meta property=\"og:image:width\" content=\"300\" \/>\n\t<meta property=\"og:image:height\" content=\"264\" \/>\n\t<meta property=\"og:image:type\" content=\"image\/jpeg\" \/>\n<meta name=\"author\" content=\"Javier Figueroa\" \/>\n<meta name=\"twitter:card\" content=\"summary_large_image\" \/>\n<meta name=\"twitter:label1\" content=\"Escrito por\" \/>\n\t<meta name=\"twitter:data1\" content=\"Javier Figueroa\" \/>\n\t<meta name=\"twitter:label2\" content=\"Tiempo de lectura\" \/>\n\t<meta name=\"twitter:data2\" content=\"7 minutos\" \/>\n<script type=\"application\/ld+json\" class=\"yoast-schema-graph\">{\"@context\":\"https:\/\/schema.org\",\"@graph\":[{\"@type\":\"Article\",\"@id\":\"https:\/\/web.consaguirre.com.ar\/noticias\/resena-de-cd-hyeonseon-baek-longing\/#article\",\"isPartOf\":{\"@id\":\"https:\/\/web.consaguirre.com.ar\/noticias\/resena-de-cd-hyeonseon-baek-longing\/\"},\"author\":{\"name\":\"Javier Figueroa\",\"@id\":\"https:\/\/web.consaguirre.com.ar\/noticias\/#\/schema\/person\/6558b0cfedee7ddc5425602b237d5722\"},\"headline\":\"Rese\u00f1a de CD: Hyeonseon Baek, Longing\",\"datePublished\":\"2024-08-26T23:41:37+00:00\",\"dateModified\":\"2024-09-08T19:27:50+00:00\",\"mainEntityOfPage\":{\"@id\":\"https:\/\/web.consaguirre.com.ar\/noticias\/resena-de-cd-hyeonseon-baek-longing\/\"},\"wordCount\":1470,\"publisher\":{\"@id\":\"https:\/\/web.consaguirre.com.ar\/noticias\/#organization\"},\"image\":{\"@id\":\"https:\/\/web.consaguirre.com.ar\/noticias\/resena-de-cd-hyeonseon-baek-longing\/#primaryimage\"},\"thumbnailUrl\":\"https:\/\/web.consaguirre.com.ar\/noticias\/wp-content\/uploads\/2024\/08\/Resena-de-CD-Hyeonseon-Baek-Longing.jpg\",\"keywords\":[\"Baek\",\"Hyeonseon\",\"Longing\",\"Rese\u00f1a\"],\"articleSection\":[\"Cr\u00edtica\"],\"inLanguage\":\"es-AR\"},{\"@type\":\"WebPage\",\"@id\":\"https:\/\/web.consaguirre.com.ar\/noticias\/resena-de-cd-hyeonseon-baek-longing\/\",\"url\":\"https:\/\/web.consaguirre.com.ar\/noticias\/resena-de-cd-hyeonseon-baek-longing\/\",\"name\":\"Rese\u00f1a de CD: Hyeonseon Baek, Longing\",\"isPartOf\":{\"@id\":\"https:\/\/web.consaguirre.com.ar\/noticias\/#website\"},\"primaryImageOfPage\":{\"@id\":\"https:\/\/web.consaguirre.com.ar\/noticias\/resena-de-cd-hyeonseon-baek-longing\/#primaryimage\"},\"image\":{\"@id\":\"https:\/\/web.consaguirre.com.ar\/noticias\/resena-de-cd-hyeonseon-baek-longing\/#primaryimage\"},\"thumbnailUrl\":\"https:\/\/web.consaguirre.com.ar\/noticias\/wp-content\/uploads\/2024\/08\/Resena-de-CD-Hyeonseon-Baek-Longing.jpg\",\"datePublished\":\"2024-08-26T23:41:37+00:00\",\"dateModified\":\"2024-09-08T19:27:50+00:00\",\"breadcrumb\":{\"@id\":\"https:\/\/web.consaguirre.com.ar\/noticias\/resena-de-cd-hyeonseon-baek-longing\/#breadcrumb\"},\"inLanguage\":\"es-AR\",\"potentialAction\":[{\"@type\":\"ReadAction\",\"target\":[\"https:\/\/web.consaguirre.com.ar\/noticias\/resena-de-cd-hyeonseon-baek-longing\/\"]}]},{\"@type\":\"ImageObject\",\"inLanguage\":\"es-AR\",\"@id\":\"https:\/\/web.consaguirre.com.ar\/noticias\/resena-de-cd-hyeonseon-baek-longing\/#primaryimage\",\"url\":\"https:\/\/web.consaguirre.com.ar\/noticias\/wp-content\/uploads\/2024\/08\/Resena-de-CD-Hyeonseon-Baek-Longing.jpg\",\"contentUrl\":\"https:\/\/web.consaguirre.com.ar\/noticias\/wp-content\/uploads\/2024\/08\/Resena-de-CD-Hyeonseon-Baek-Longing.jpg\",\"width\":300,\"height\":264,\"caption\":\"Rese\u00f1a de CD: Hyeonseon Baek, Longing\"},{\"@type\":\"BreadcrumbList\",\"@id\":\"https:\/\/web.consaguirre.com.ar\/noticias\/resena-de-cd-hyeonseon-baek-longing\/#breadcrumb\",\"itemListElement\":[{\"@type\":\"ListItem\",\"position\":1,\"name\":\"Inicio\",\"item\":\"https:\/\/web.consaguirre.com.ar\/noticias\/\"},{\"@type\":\"ListItem\",\"position\":2,\"name\":\"Rese\u00f1a de CD: Hyeonseon Baek, Longing\"}]},{\"@type\":\"WebSite\",\"@id\":\"https:\/\/web.consaguirre.com.ar\/noticias\/#website\",\"url\":\"https:\/\/web.consaguirre.com.ar\/noticias\/\",\"name\":\"Conservatorio de M\u00fasica Juli\u00e1n Aguirre\",\"description\":\"\",\"publisher\":{\"@id\":\"https:\/\/web.consaguirre.com.ar\/noticias\/#organization\"},\"potentialAction\":[{\"@type\":\"SearchAction\",\"target\":{\"@type\":\"EntryPoint\",\"urlTemplate\":\"https:\/\/web.consaguirre.com.ar\/noticias\/?s={search_term_string}\"},\"query-input\":\"required name=search_term_string\"}],\"inLanguage\":\"es-AR\"},{\"@type\":\"Organization\",\"@id\":\"https:\/\/web.consaguirre.com.ar\/noticias\/#organization\",\"name\":\"Conservatorio de M\u00fasica Juli\u00e1n Aguirre\",\"url\":\"https:\/\/web.consaguirre.com.ar\/noticias\/\",\"logo\":{\"@type\":\"ImageObject\",\"inLanguage\":\"es-AR\",\"@id\":\"https:\/\/web.consaguirre.com.ar\/noticias\/#\/schema\/logo\/image\/\",\"url\":\"https:\/\/web.consaguirre.com.ar\/noticias\/wp-content\/uploads\/2024\/08\/Banner-Aguirre-23.jpg\",\"contentUrl\":\"https:\/\/web.consaguirre.com.ar\/noticias\/wp-content\/uploads\/2024\/08\/Banner-Aguirre-23.jpg\",\"width\":1192,\"height\":600,\"caption\":\"Conservatorio de M\u00fasica Juli\u00e1n Aguirre\"},\"image\":{\"@id\":\"https:\/\/web.consaguirre.com.ar\/noticias\/#\/schema\/logo\/image\/\"}},{\"@type\":\"Person\",\"@id\":\"https:\/\/web.consaguirre.com.ar\/noticias\/#\/schema\/person\/6558b0cfedee7ddc5425602b237d5722\",\"name\":\"Javier Figueroa\",\"image\":{\"@type\":\"ImageObject\",\"inLanguage\":\"es-AR\",\"@id\":\"https:\/\/web.consaguirre.com.ar\/noticias\/#\/schema\/person\/image\/\",\"url\":\"https:\/\/web.consaguirre.com.ar\/noticias\/wp-content\/uploads\/2024\/08\/Consaguirre-scaled.jpg\",\"contentUrl\":\"https:\/\/web.consaguirre.com.ar\/noticias\/wp-content\/uploads\/2024\/08\/Consaguirre-scaled.jpg\",\"caption\":\"Javier Figueroa\"},\"description\":\"Me llamo Javier Figueroa y soy redactor para el sitio oficial del Conservatorio de M\u00fasica Juli\u00e1n Aguirre en Buenos Aires, consaguirre.com. Apasionado por la m\u00fasica y la escritura, me esfuerzo por destacar los talentos y eventos de nuestra prestigiosa instituci\u00f3n. Mi trayectoria se nutre de una profunda admiraci\u00f3n por los artistas, haciendo de cada art\u00edculo una celebraci\u00f3n de la creatividad y la cultura musical.\",\"sameAs\":[\"https:\/\/web.consaguirre.com.ar\/noticias\"]}]}<\/script>\n<!-- \/ Yoast SEO plugin. -->","yoast_head_json":{"title":"Rese\u00f1a de CD: Hyeonseon Baek, Longing","robots":{"index":"index","follow":"follow","max-snippet":"max-snippet:-1","max-image-preview":"max-image-preview:large","max-video-preview":"max-video-preview:-1"},"canonical":"https:\/\/web.consaguirre.com.ar\/noticias\/resena-de-cd-hyeonseon-baek-longing\/","og_locale":"es_ES","og_type":"article","og_title":"Rese\u00f1a de CD: Hyeonseon Baek, Longing","og_description":"El cantante coreano Hyeonseon Baek lanz\u00f3 recientemente su CD debut, \u201cLonging\u201d, con el sello You &#038; Me. El \u00e1lbum incluye cuatro de las melod\u00edas originales","og_url":"https:\/\/web.consaguirre.com.ar\/noticias\/resena-de-cd-hyeonseon-baek-longing\/","og_site_name":"Conservatorio de M\u00fasica Juli\u00e1n Aguirre","article_published_time":"2024-08-26T23:41:37+00:00","article_modified_time":"2024-09-08T19:27:50+00:00","og_image":[{"width":300,"height":264,"url":"https:\/\/web.consaguirre.com.ar\/noticias\/wp-content\/uploads\/2024\/08\/Resena-de-CD-Hyeonseon-Baek-Longing.jpg","type":"image\/jpeg"}],"author":"Javier Figueroa","twitter_card":"summary_large_image","twitter_misc":{"Escrito por":"Javier Figueroa","Tiempo de lectura":"7 minutos"},"schema":{"@context":"https:\/\/schema.org","@graph":[{"@type":"Article","@id":"https:\/\/web.consaguirre.com.ar\/noticias\/resena-de-cd-hyeonseon-baek-longing\/#article","isPartOf":{"@id":"https:\/\/web.consaguirre.com.ar\/noticias\/resena-de-cd-hyeonseon-baek-longing\/"},"author":{"name":"Javier Figueroa","@id":"https:\/\/web.consaguirre.com.ar\/noticias\/#\/schema\/person\/6558b0cfedee7ddc5425602b237d5722"},"headline":"Rese\u00f1a de CD: Hyeonseon Baek, Longing","datePublished":"2024-08-26T23:41:37+00:00","dateModified":"2024-09-08T19:27:50+00:00","mainEntityOfPage":{"@id":"https:\/\/web.consaguirre.com.ar\/noticias\/resena-de-cd-hyeonseon-baek-longing\/"},"wordCount":1470,"publisher":{"@id":"https:\/\/web.consaguirre.com.ar\/noticias\/#organization"},"image":{"@id":"https:\/\/web.consaguirre.com.ar\/noticias\/resena-de-cd-hyeonseon-baek-longing\/#primaryimage"},"thumbnailUrl":"https:\/\/web.consaguirre.com.ar\/noticias\/wp-content\/uploads\/2024\/08\/Resena-de-CD-Hyeonseon-Baek-Longing.jpg","keywords":["Baek","Hyeonseon","Longing","Rese\u00f1a"],"articleSection":["Cr\u00edtica"],"inLanguage":"es-AR"},{"@type":"WebPage","@id":"https:\/\/web.consaguirre.com.ar\/noticias\/resena-de-cd-hyeonseon-baek-longing\/","url":"https:\/\/web.consaguirre.com.ar\/noticias\/resena-de-cd-hyeonseon-baek-longing\/","name":"Rese\u00f1a de CD: Hyeonseon Baek, Longing","isPartOf":{"@id":"https:\/\/web.consaguirre.com.ar\/noticias\/#website"},"primaryImageOfPage":{"@id":"https:\/\/web.consaguirre.com.ar\/noticias\/resena-de-cd-hyeonseon-baek-longing\/#primaryimage"},"image":{"@id":"https:\/\/web.consaguirre.com.ar\/noticias\/resena-de-cd-hyeonseon-baek-longing\/#primaryimage"},"thumbnailUrl":"https:\/\/web.consaguirre.com.ar\/noticias\/wp-content\/uploads\/2024\/08\/Resena-de-CD-Hyeonseon-Baek-Longing.jpg","datePublished":"2024-08-26T23:41:37+00:00","dateModified":"2024-09-08T19:27:50+00:00","breadcrumb":{"@id":"https:\/\/web.consaguirre.com.ar\/noticias\/resena-de-cd-hyeonseon-baek-longing\/#breadcrumb"},"inLanguage":"es-AR","potentialAction":[{"@type":"ReadAction","target":["https:\/\/web.consaguirre.com.ar\/noticias\/resena-de-cd-hyeonseon-baek-longing\/"]}]},{"@type":"ImageObject","inLanguage":"es-AR","@id":"https:\/\/web.consaguirre.com.ar\/noticias\/resena-de-cd-hyeonseon-baek-longing\/#primaryimage","url":"https:\/\/web.consaguirre.com.ar\/noticias\/wp-content\/uploads\/2024\/08\/Resena-de-CD-Hyeonseon-Baek-Longing.jpg","contentUrl":"https:\/\/web.consaguirre.com.ar\/noticias\/wp-content\/uploads\/2024\/08\/Resena-de-CD-Hyeonseon-Baek-Longing.jpg","width":300,"height":264,"caption":"Rese\u00f1a de CD: Hyeonseon Baek, Longing"},{"@type":"BreadcrumbList","@id":"https:\/\/web.consaguirre.com.ar\/noticias\/resena-de-cd-hyeonseon-baek-longing\/#breadcrumb","itemListElement":[{"@type":"ListItem","position":1,"name":"Inicio","item":"https:\/\/web.consaguirre.com.ar\/noticias\/"},{"@type":"ListItem","position":2,"name":"Rese\u00f1a de CD: Hyeonseon Baek, Longing"}]},{"@type":"WebSite","@id":"https:\/\/web.consaguirre.com.ar\/noticias\/#website","url":"https:\/\/web.consaguirre.com.ar\/noticias\/","name":"Conservatorio de M\u00fasica Juli\u00e1n Aguirre","description":"","publisher":{"@id":"https:\/\/web.consaguirre.com.ar\/noticias\/#organization"},"potentialAction":[{"@type":"SearchAction","target":{"@type":"EntryPoint","urlTemplate":"https:\/\/web.consaguirre.com.ar\/noticias\/?s={search_term_string}"},"query-input":"required name=search_term_string"}],"inLanguage":"es-AR"},{"@type":"Organization","@id":"https:\/\/web.consaguirre.com.ar\/noticias\/#organization","name":"Conservatorio de M\u00fasica Juli\u00e1n Aguirre","url":"https:\/\/web.consaguirre.com.ar\/noticias\/","logo":{"@type":"ImageObject","inLanguage":"es-AR","@id":"https:\/\/web.consaguirre.com.ar\/noticias\/#\/schema\/logo\/image\/","url":"https:\/\/web.consaguirre.com.ar\/noticias\/wp-content\/uploads\/2024\/08\/Banner-Aguirre-23.jpg","contentUrl":"https:\/\/web.consaguirre.com.ar\/noticias\/wp-content\/uploads\/2024\/08\/Banner-Aguirre-23.jpg","width":1192,"height":600,"caption":"Conservatorio de M\u00fasica Juli\u00e1n Aguirre"},"image":{"@id":"https:\/\/web.consaguirre.com.ar\/noticias\/#\/schema\/logo\/image\/"}},{"@type":"Person","@id":"https:\/\/web.consaguirre.com.ar\/noticias\/#\/schema\/person\/6558b0cfedee7ddc5425602b237d5722","name":"Javier Figueroa","image":{"@type":"ImageObject","inLanguage":"es-AR","@id":"https:\/\/web.consaguirre.com.ar\/noticias\/#\/schema\/person\/image\/","url":"https:\/\/web.consaguirre.com.ar\/noticias\/wp-content\/uploads\/2024\/08\/Consaguirre-scaled.jpg","contentUrl":"https:\/\/web.consaguirre.com.ar\/noticias\/wp-content\/uploads\/2024\/08\/Consaguirre-scaled.jpg","caption":"Javier Figueroa"},"description":"Me llamo Javier Figueroa y soy redactor para el sitio oficial del Conservatorio de M\u00fasica Juli\u00e1n Aguirre en Buenos Aires, consaguirre.com. Apasionado por la m\u00fasica y la escritura, me esfuerzo por destacar los talentos y eventos de nuestra prestigiosa instituci\u00f3n. Mi trayectoria se nutre de una profunda admiraci\u00f3n por los artistas, haciendo de cada art\u00edculo una celebraci\u00f3n de la creatividad y la cultura musical.","sameAs":["https:\/\/web.consaguirre.com.ar\/noticias"]}]}},"_links":{"self":[{"href":"https:\/\/web.consaguirre.com.ar\/noticias\/wp-json\/wp\/v2\/posts\/224"}],"collection":[{"href":"https:\/\/web.consaguirre.com.ar\/noticias\/wp-json\/wp\/v2\/posts"}],"about":[{"href":"https:\/\/web.consaguirre.com.ar\/noticias\/wp-json\/wp\/v2\/types\/post"}],"author":[{"embeddable":true,"href":"https:\/\/web.consaguirre.com.ar\/noticias\/wp-json\/wp\/v2\/users\/1"}],"replies":[{"embeddable":true,"href":"https:\/\/web.consaguirre.com.ar\/noticias\/wp-json\/wp\/v2\/comments?post=224"}],"version-history":[{"count":1,"href":"https:\/\/web.consaguirre.com.ar\/noticias\/wp-json\/wp\/v2\/posts\/224\/revisions"}],"predecessor-version":[{"id":226,"href":"https:\/\/web.consaguirre.com.ar\/noticias\/wp-json\/wp\/v2\/posts\/224\/revisions\/226"}],"wp:featuredmedia":[{"embeddable":true,"href":"https:\/\/web.consaguirre.com.ar\/noticias\/wp-json\/wp\/v2\/media\/225"}],"wp:attachment":[{"href":"https:\/\/web.consaguirre.com.ar\/noticias\/wp-json\/wp\/v2\/media?parent=224"}],"wp:term":[{"taxonomy":"category","embeddable":true,"href":"https:\/\/web.consaguirre.com.ar\/noticias\/wp-json\/wp\/v2\/categories?post=224"},{"taxonomy":"post_tag","embeddable":true,"href":"https:\/\/web.consaguirre.com.ar\/noticias\/wp-json\/wp\/v2\/tags?post=224"}],"curies":[{"name":"wp","href":"https:\/\/api.w.org\/{rel}","templated":true}]}}