{"id":2235,"date":"2025-03-26T18:38:37","date_gmt":"2025-03-26T21:38:37","guid":{"rendered":"https:\/\/web.consaguirre.com.ar\/noticias\/parker-mccollum-se-prepara-para-el-quinto-album-homonimo\/"},"modified":"2025-03-26T18:38:38","modified_gmt":"2025-03-26T21:38:38","slug":"parker-mccollum-se-prepara-para-el-quinto-album-homonimo","status":"publish","type":"post","link":"https:\/\/web.consaguirre.com.ar\/noticias\/parker-mccollum-se-prepara-para-el-quinto-album-homonimo\/","title":{"rendered":"Parker McCollum se prepara para el quinto \u00e1lbum hom\u00f3nimo"},"content":{"rendered":"<p>El 21 de marzo, la superestrella country Parker McCollum sorprendi\u00f3 a una multitud agotada en Rodeohouston al anunciar su pr\u00f3ximo quinto \u00e1lbum de estudio, <em>Parker McCollum<\/em>llegar\u00e1 el 27 de junio a trav\u00e9s de MCA Nashville. <\/p>\n<p>McCollum dio una actuaci\u00f3n explosiva en su tercera aparici\u00f3n consecutiva con entradas agotadas en RodeoHouston y la multitud obtuvo el primer acceso para pre-salvar su pr\u00f3ximo \u00e1lbum.<\/p>\n<p>El pr\u00f3ximo \u00e1lbum se basa en una introspecci\u00f3n honesta y evoca sonicamente el esp\u00edritu de Texas. Producido por el ganador del Premio Grammy Frank Lindell y grabado en el legendario estudio de grabaci\u00f3n de la estaci\u00f3n de energ\u00eda en la ciudad de Nueva York, el proyecto est\u00e1 imbuido de intensidad emocional y narraci\u00f3n magistral. <\/p>\n<p>McCollum revisa las emociones en torno a sus &#8220;a\u00f1os salvajes&#8221; sin gastarse, las presiones de medir a los est\u00e1ndares p\u00fablicos y personales, algunas de las malas decisiones y las bendiciones insondables que han coloreado su vida hasta este punto. Mira un teaser para el nuevo \u00e1lbum a continuaci\u00f3n.<\/p>\n<div class=\"uD-YT-container\"><img decoding=\"async\" src=\"https:\/\/web.consaguirre.com.ar\/noticias\/wp-content\/uploads\/2025\/03\/Parker-McCollum-se-prepara-para-el-quinto-album-homonimo.jpg\" alt=\"Video de YouTube\"><br \/>Haga clic para cargar video<\/div>\n<p>Con respecto al nuevo proyecto, McCollum dijo: &#8220;Es lo mejor que he hecho. Este disco es honesto, este disco es crudo, este disco es mil por ciento aut\u00e9ntico, Parker, y se siente muy bien volver a escribir y grabar canciones como siempre quise&#8221;.<\/p>\n<p>Escribiendo en todas las pistas, excluyendo dos canciones de portada, McCollum regresa al sonido de The Limestone Kid con m\u00e1s vida vivida y una nueva perspectiva. Teaming con c\u00e9lebres compositores como Monty Criswell, Natalie Hemby, Randy Montana, Lori McKenna, Jon Randall, Randy Rogers, Liz Rose y m\u00e1s, este \u00e1lbum es un proyecto destacado dentro de la discograf\u00eda de McCollum.<\/p>\n<p>El show de RodeoHouston con entradas agotadas de McCollum vio al Conroe, Texas-Native en su mejor momento. Actuando para una multitud r\u00e9cord de temporada de 71,216 fan\u00e1ticos, McCollum y su banda tomaron el escenario en forma de estrella tocando un set de 12 canciones. La noche fue una noche llena de energ\u00eda y momentos inolvidables, incluidos Son, Major, haciendo su debut en el rodeo y una propuesta en el escenario frente a una casa llena.<\/p>\n<p><strong>Orden <em>Parker McCollum<\/em> ahora.<\/strong><\/p>\n","protected":false},"excerpt":{"rendered":"<p>El 21 de marzo, la superestrella country Parker McCollum sorprendi\u00f3 a una multitud agotada en Rodeohouston al anunciar su pr\u00f3ximo quinto \u00e1lbum de estudio, Parker<\/p>\n","protected":false},"author":1,"featured_media":2236,"comment_status":"closed","ping_status":"","sticky":false,"template":"","format":"standard","meta":{"footnotes":""},"categories":[50],"tags":[147,258,1690,154,265,231,2210],"class_list":["post-2235","post","type-post","status-publish","format-standard","has-post-thumbnail","hentry","category-el-ultimo","tag-album","tag-homonimo","tag-mccollum","tag-para","tag-parker","tag-prepara","tag-quinto","generate-columns","tablet-grid-50","mobile-grid-100","grid-parent","grid-50"],"yoast_head":"<!-- This site is optimized with the Yoast SEO plugin v23.3 - https:\/\/yoast.com\/wordpress\/plugins\/seo\/ -->\n<title>Parker McCollum se prepara para el quinto \u00e1lbum hom\u00f3nimo<\/title>\n<meta name=\"robots\" content=\"index, follow, max-snippet:-1, max-image-preview:large, max-video-preview:-1\" \/>\n<link rel=\"canonical\" href=\"https:\/\/web.consaguirre.com.ar\/noticias\/parker-mccollum-se-prepara-para-el-quinto-album-homonimo\/\" \/>\n<meta property=\"og:locale\" content=\"es_ES\" \/>\n<meta property=\"og:type\" content=\"article\" \/>\n<meta property=\"og:title\" content=\"Parker McCollum se prepara para el quinto \u00e1lbum hom\u00f3nimo\" \/>\n<meta property=\"og:description\" content=\"El 21 de marzo, la superestrella country Parker McCollum sorprendi\u00f3 a una multitud agotada en Rodeohouston al anunciar su pr\u00f3ximo quinto \u00e1lbum de estudio, Parker\" \/>\n<meta property=\"og:url\" content=\"https:\/\/web.consaguirre.com.ar\/noticias\/parker-mccollum-se-prepara-para-el-quinto-album-homonimo\/\" \/>\n<meta property=\"og:site_name\" content=\"Conservatorio de M\u00fasica Juli\u00e1n Aguirre\" \/>\n<meta property=\"article:published_time\" content=\"2025-03-26T21:38:37+00:00\" \/>\n<meta property=\"article:modified_time\" content=\"2025-03-26T21:38:38+00:00\" \/>\n<meta property=\"og:image\" content=\"https:\/\/web.consaguirre.com.ar\/noticias\/wp-content\/uploads\/2025\/03\/Parker-McCollum-se-prepara-para-el-quinto-album-homonimo.jpeg\" \/>\n\t<meta property=\"og:image:width\" content=\"1280\" \/>\n\t<meta property=\"og:image:height\" content=\"1280\" \/>\n\t<meta property=\"og:image:type\" content=\"image\/jpeg\" \/>\n<meta name=\"author\" content=\"Javier Figueroa\" \/>\n<meta name=\"twitter:card\" content=\"summary_large_image\" \/>\n<meta name=\"twitter:label1\" content=\"Escrito por\" \/>\n\t<meta name=\"twitter:data1\" content=\"Javier Figueroa\" \/>\n\t<meta name=\"twitter:label2\" content=\"Tiempo de lectura\" \/>\n\t<meta name=\"twitter:data2\" content=\"2 minutos\" \/>\n<script type=\"application\/ld+json\" class=\"yoast-schema-graph\">{\"@context\":\"https:\/\/schema.org\",\"@graph\":[{\"@type\":\"Article\",\"@id\":\"https:\/\/web.consaguirre.com.ar\/noticias\/parker-mccollum-se-prepara-para-el-quinto-album-homonimo\/#article\",\"isPartOf\":{\"@id\":\"https:\/\/web.consaguirre.com.ar\/noticias\/parker-mccollum-se-prepara-para-el-quinto-album-homonimo\/\"},\"author\":{\"name\":\"Javier Figueroa\",\"@id\":\"https:\/\/web.consaguirre.com.ar\/noticias\/#\/schema\/person\/6558b0cfedee7ddc5425602b237d5722\"},\"headline\":\"Parker McCollum se prepara para el quinto \u00e1lbum hom\u00f3nimo\",\"datePublished\":\"2025-03-26T21:38:37+00:00\",\"dateModified\":\"2025-03-26T21:38:38+00:00\",\"mainEntityOfPage\":{\"@id\":\"https:\/\/web.consaguirre.com.ar\/noticias\/parker-mccollum-se-prepara-para-el-quinto-album-homonimo\/\"},\"wordCount\":380,\"publisher\":{\"@id\":\"https:\/\/web.consaguirre.com.ar\/noticias\/#organization\"},\"image\":{\"@id\":\"https:\/\/web.consaguirre.com.ar\/noticias\/parker-mccollum-se-prepara-para-el-quinto-album-homonimo\/#primaryimage\"},\"thumbnailUrl\":\"https:\/\/web.consaguirre.com.ar\/noticias\/wp-content\/uploads\/2025\/03\/Parker-McCollum-se-prepara-para-el-quinto-album-homonimo.jpeg\",\"keywords\":[\"\u00e1lbum\",\"hom\u00f3nimo\",\"McCollum\",\"para\",\"Parker\",\"prepara\",\"quinto\"],\"articleSection\":[\"El \u00faltimo\"],\"inLanguage\":\"es-AR\"},{\"@type\":\"WebPage\",\"@id\":\"https:\/\/web.consaguirre.com.ar\/noticias\/parker-mccollum-se-prepara-para-el-quinto-album-homonimo\/\",\"url\":\"https:\/\/web.consaguirre.com.ar\/noticias\/parker-mccollum-se-prepara-para-el-quinto-album-homonimo\/\",\"name\":\"Parker McCollum se prepara para el quinto \u00e1lbum hom\u00f3nimo\",\"isPartOf\":{\"@id\":\"https:\/\/web.consaguirre.com.ar\/noticias\/#website\"},\"primaryImageOfPage\":{\"@id\":\"https:\/\/web.consaguirre.com.ar\/noticias\/parker-mccollum-se-prepara-para-el-quinto-album-homonimo\/#primaryimage\"},\"image\":{\"@id\":\"https:\/\/web.consaguirre.com.ar\/noticias\/parker-mccollum-se-prepara-para-el-quinto-album-homonimo\/#primaryimage\"},\"thumbnailUrl\":\"https:\/\/web.consaguirre.com.ar\/noticias\/wp-content\/uploads\/2025\/03\/Parker-McCollum-se-prepara-para-el-quinto-album-homonimo.jpeg\",\"datePublished\":\"2025-03-26T21:38:37+00:00\",\"dateModified\":\"2025-03-26T21:38:38+00:00\",\"breadcrumb\":{\"@id\":\"https:\/\/web.consaguirre.com.ar\/noticias\/parker-mccollum-se-prepara-para-el-quinto-album-homonimo\/#breadcrumb\"},\"inLanguage\":\"es-AR\",\"potentialAction\":[{\"@type\":\"ReadAction\",\"target\":[\"https:\/\/web.consaguirre.com.ar\/noticias\/parker-mccollum-se-prepara-para-el-quinto-album-homonimo\/\"]}]},{\"@type\":\"ImageObject\",\"inLanguage\":\"es-AR\",\"@id\":\"https:\/\/web.consaguirre.com.ar\/noticias\/parker-mccollum-se-prepara-para-el-quinto-album-homonimo\/#primaryimage\",\"url\":\"https:\/\/web.consaguirre.com.ar\/noticias\/wp-content\/uploads\/2025\/03\/Parker-McCollum-se-prepara-para-el-quinto-album-homonimo.jpeg\",\"contentUrl\":\"https:\/\/web.consaguirre.com.ar\/noticias\/wp-content\/uploads\/2025\/03\/Parker-McCollum-se-prepara-para-el-quinto-album-homonimo.jpeg\",\"width\":1280,\"height\":1280,\"caption\":\"Parker McCollum, \u2018Parker McCollum\u2019 - Photo: Courtesy of MCA Nashville\"},{\"@type\":\"BreadcrumbList\",\"@id\":\"https:\/\/web.consaguirre.com.ar\/noticias\/parker-mccollum-se-prepara-para-el-quinto-album-homonimo\/#breadcrumb\",\"itemListElement\":[{\"@type\":\"ListItem\",\"position\":1,\"name\":\"Inicio\",\"item\":\"https:\/\/web.consaguirre.com.ar\/noticias\/\"},{\"@type\":\"ListItem\",\"position\":2,\"name\":\"Parker McCollum se prepara para el quinto \u00e1lbum hom\u00f3nimo\"}]},{\"@type\":\"WebSite\",\"@id\":\"https:\/\/web.consaguirre.com.ar\/noticias\/#website\",\"url\":\"https:\/\/web.consaguirre.com.ar\/noticias\/\",\"name\":\"Conservatorio de M\u00fasica Juli\u00e1n Aguirre\",\"description\":\"\",\"publisher\":{\"@id\":\"https:\/\/web.consaguirre.com.ar\/noticias\/#organization\"},\"potentialAction\":[{\"@type\":\"SearchAction\",\"target\":{\"@type\":\"EntryPoint\",\"urlTemplate\":\"https:\/\/web.consaguirre.com.ar\/noticias\/?s={search_term_string}\"},\"query-input\":\"required name=search_term_string\"}],\"inLanguage\":\"es-AR\"},{\"@type\":\"Organization\",\"@id\":\"https:\/\/web.consaguirre.com.ar\/noticias\/#organization\",\"name\":\"Conservatorio de M\u00fasica Juli\u00e1n Aguirre\",\"url\":\"https:\/\/web.consaguirre.com.ar\/noticias\/\",\"logo\":{\"@type\":\"ImageObject\",\"inLanguage\":\"es-AR\",\"@id\":\"https:\/\/web.consaguirre.com.ar\/noticias\/#\/schema\/logo\/image\/\",\"url\":\"https:\/\/web.consaguirre.com.ar\/noticias\/wp-content\/uploads\/2024\/08\/Banner-Aguirre-23.jpg\",\"contentUrl\":\"https:\/\/web.consaguirre.com.ar\/noticias\/wp-content\/uploads\/2024\/08\/Banner-Aguirre-23.jpg\",\"width\":1192,\"height\":600,\"caption\":\"Conservatorio de M\u00fasica Juli\u00e1n Aguirre\"},\"image\":{\"@id\":\"https:\/\/web.consaguirre.com.ar\/noticias\/#\/schema\/logo\/image\/\"}},{\"@type\":\"Person\",\"@id\":\"https:\/\/web.consaguirre.com.ar\/noticias\/#\/schema\/person\/6558b0cfedee7ddc5425602b237d5722\",\"name\":\"Javier Figueroa\",\"image\":{\"@type\":\"ImageObject\",\"inLanguage\":\"es-AR\",\"@id\":\"https:\/\/web.consaguirre.com.ar\/noticias\/#\/schema\/person\/image\/\",\"url\":\"https:\/\/web.consaguirre.com.ar\/noticias\/wp-content\/uploads\/2024\/08\/Consaguirre-scaled.jpg\",\"contentUrl\":\"https:\/\/web.consaguirre.com.ar\/noticias\/wp-content\/uploads\/2024\/08\/Consaguirre-scaled.jpg\",\"caption\":\"Javier Figueroa\"},\"description\":\"Me llamo Javier Figueroa y soy redactor para el sitio oficial del Conservatorio de M\u00fasica Juli\u00e1n Aguirre en Buenos Aires, consaguirre.com. Apasionado por la m\u00fasica y la escritura, me esfuerzo por destacar los talentos y eventos de nuestra prestigiosa instituci\u00f3n. Mi trayectoria se nutre de una profunda admiraci\u00f3n por los artistas, haciendo de cada art\u00edculo una celebraci\u00f3n de la creatividad y la cultura musical.\",\"sameAs\":[\"https:\/\/web.consaguirre.com.ar\/noticias\"]}]}<\/script>\n<!-- \/ Yoast SEO plugin. -->","yoast_head_json":{"title":"Parker McCollum se prepara para el quinto \u00e1lbum hom\u00f3nimo","robots":{"index":"index","follow":"follow","max-snippet":"max-snippet:-1","max-image-preview":"max-image-preview:large","max-video-preview":"max-video-preview:-1"},"canonical":"https:\/\/web.consaguirre.com.ar\/noticias\/parker-mccollum-se-prepara-para-el-quinto-album-homonimo\/","og_locale":"es_ES","og_type":"article","og_title":"Parker McCollum se prepara para el quinto \u00e1lbum hom\u00f3nimo","og_description":"El 21 de marzo, la superestrella country Parker McCollum sorprendi\u00f3 a una multitud agotada en Rodeohouston al anunciar su pr\u00f3ximo quinto \u00e1lbum de estudio, Parker","og_url":"https:\/\/web.consaguirre.com.ar\/noticias\/parker-mccollum-se-prepara-para-el-quinto-album-homonimo\/","og_site_name":"Conservatorio de M\u00fasica Juli\u00e1n Aguirre","article_published_time":"2025-03-26T21:38:37+00:00","article_modified_time":"2025-03-26T21:38:38+00:00","og_image":[{"width":1280,"height":1280,"url":"https:\/\/web.consaguirre.com.ar\/noticias\/wp-content\/uploads\/2025\/03\/Parker-McCollum-se-prepara-para-el-quinto-album-homonimo.jpeg","type":"image\/jpeg"}],"author":"Javier Figueroa","twitter_card":"summary_large_image","twitter_misc":{"Escrito por":"Javier Figueroa","Tiempo de lectura":"2 minutos"},"schema":{"@context":"https:\/\/schema.org","@graph":[{"@type":"Article","@id":"https:\/\/web.consaguirre.com.ar\/noticias\/parker-mccollum-se-prepara-para-el-quinto-album-homonimo\/#article","isPartOf":{"@id":"https:\/\/web.consaguirre.com.ar\/noticias\/parker-mccollum-se-prepara-para-el-quinto-album-homonimo\/"},"author":{"name":"Javier Figueroa","@id":"https:\/\/web.consaguirre.com.ar\/noticias\/#\/schema\/person\/6558b0cfedee7ddc5425602b237d5722"},"headline":"Parker McCollum se prepara para el quinto \u00e1lbum hom\u00f3nimo","datePublished":"2025-03-26T21:38:37+00:00","dateModified":"2025-03-26T21:38:38+00:00","mainEntityOfPage":{"@id":"https:\/\/web.consaguirre.com.ar\/noticias\/parker-mccollum-se-prepara-para-el-quinto-album-homonimo\/"},"wordCount":380,"publisher":{"@id":"https:\/\/web.consaguirre.com.ar\/noticias\/#organization"},"image":{"@id":"https:\/\/web.consaguirre.com.ar\/noticias\/parker-mccollum-se-prepara-para-el-quinto-album-homonimo\/#primaryimage"},"thumbnailUrl":"https:\/\/web.consaguirre.com.ar\/noticias\/wp-content\/uploads\/2025\/03\/Parker-McCollum-se-prepara-para-el-quinto-album-homonimo.jpeg","keywords":["\u00e1lbum","hom\u00f3nimo","McCollum","para","Parker","prepara","quinto"],"articleSection":["El \u00faltimo"],"inLanguage":"es-AR"},{"@type":"WebPage","@id":"https:\/\/web.consaguirre.com.ar\/noticias\/parker-mccollum-se-prepara-para-el-quinto-album-homonimo\/","url":"https:\/\/web.consaguirre.com.ar\/noticias\/parker-mccollum-se-prepara-para-el-quinto-album-homonimo\/","name":"Parker McCollum se prepara para el quinto \u00e1lbum hom\u00f3nimo","isPartOf":{"@id":"https:\/\/web.consaguirre.com.ar\/noticias\/#website"},"primaryImageOfPage":{"@id":"https:\/\/web.consaguirre.com.ar\/noticias\/parker-mccollum-se-prepara-para-el-quinto-album-homonimo\/#primaryimage"},"image":{"@id":"https:\/\/web.consaguirre.com.ar\/noticias\/parker-mccollum-se-prepara-para-el-quinto-album-homonimo\/#primaryimage"},"thumbnailUrl":"https:\/\/web.consaguirre.com.ar\/noticias\/wp-content\/uploads\/2025\/03\/Parker-McCollum-se-prepara-para-el-quinto-album-homonimo.jpeg","datePublished":"2025-03-26T21:38:37+00:00","dateModified":"2025-03-26T21:38:38+00:00","breadcrumb":{"@id":"https:\/\/web.consaguirre.com.ar\/noticias\/parker-mccollum-se-prepara-para-el-quinto-album-homonimo\/#breadcrumb"},"inLanguage":"es-AR","potentialAction":[{"@type":"ReadAction","target":["https:\/\/web.consaguirre.com.ar\/noticias\/parker-mccollum-se-prepara-para-el-quinto-album-homonimo\/"]}]},{"@type":"ImageObject","inLanguage":"es-AR","@id":"https:\/\/web.consaguirre.com.ar\/noticias\/parker-mccollum-se-prepara-para-el-quinto-album-homonimo\/#primaryimage","url":"https:\/\/web.consaguirre.com.ar\/noticias\/wp-content\/uploads\/2025\/03\/Parker-McCollum-se-prepara-para-el-quinto-album-homonimo.jpeg","contentUrl":"https:\/\/web.consaguirre.com.ar\/noticias\/wp-content\/uploads\/2025\/03\/Parker-McCollum-se-prepara-para-el-quinto-album-homonimo.jpeg","width":1280,"height":1280,"caption":"Parker McCollum, \u2018Parker McCollum\u2019 - Photo: Courtesy of MCA Nashville"},{"@type":"BreadcrumbList","@id":"https:\/\/web.consaguirre.com.ar\/noticias\/parker-mccollum-se-prepara-para-el-quinto-album-homonimo\/#breadcrumb","itemListElement":[{"@type":"ListItem","position":1,"name":"Inicio","item":"https:\/\/web.consaguirre.com.ar\/noticias\/"},{"@type":"ListItem","position":2,"name":"Parker McCollum se prepara para el quinto \u00e1lbum hom\u00f3nimo"}]},{"@type":"WebSite","@id":"https:\/\/web.consaguirre.com.ar\/noticias\/#website","url":"https:\/\/web.consaguirre.com.ar\/noticias\/","name":"Conservatorio de M\u00fasica Juli\u00e1n Aguirre","description":"","publisher":{"@id":"https:\/\/web.consaguirre.com.ar\/noticias\/#organization"},"potentialAction":[{"@type":"SearchAction","target":{"@type":"EntryPoint","urlTemplate":"https:\/\/web.consaguirre.com.ar\/noticias\/?s={search_term_string}"},"query-input":"required name=search_term_string"}],"inLanguage":"es-AR"},{"@type":"Organization","@id":"https:\/\/web.consaguirre.com.ar\/noticias\/#organization","name":"Conservatorio de M\u00fasica Juli\u00e1n Aguirre","url":"https:\/\/web.consaguirre.com.ar\/noticias\/","logo":{"@type":"ImageObject","inLanguage":"es-AR","@id":"https:\/\/web.consaguirre.com.ar\/noticias\/#\/schema\/logo\/image\/","url":"https:\/\/web.consaguirre.com.ar\/noticias\/wp-content\/uploads\/2024\/08\/Banner-Aguirre-23.jpg","contentUrl":"https:\/\/web.consaguirre.com.ar\/noticias\/wp-content\/uploads\/2024\/08\/Banner-Aguirre-23.jpg","width":1192,"height":600,"caption":"Conservatorio de M\u00fasica Juli\u00e1n Aguirre"},"image":{"@id":"https:\/\/web.consaguirre.com.ar\/noticias\/#\/schema\/logo\/image\/"}},{"@type":"Person","@id":"https:\/\/web.consaguirre.com.ar\/noticias\/#\/schema\/person\/6558b0cfedee7ddc5425602b237d5722","name":"Javier Figueroa","image":{"@type":"ImageObject","inLanguage":"es-AR","@id":"https:\/\/web.consaguirre.com.ar\/noticias\/#\/schema\/person\/image\/","url":"https:\/\/web.consaguirre.com.ar\/noticias\/wp-content\/uploads\/2024\/08\/Consaguirre-scaled.jpg","contentUrl":"https:\/\/web.consaguirre.com.ar\/noticias\/wp-content\/uploads\/2024\/08\/Consaguirre-scaled.jpg","caption":"Javier Figueroa"},"description":"Me llamo Javier Figueroa y soy redactor para el sitio oficial del Conservatorio de M\u00fasica Juli\u00e1n Aguirre en Buenos Aires, consaguirre.com. Apasionado por la m\u00fasica y la escritura, me esfuerzo por destacar los talentos y eventos de nuestra prestigiosa instituci\u00f3n. Mi trayectoria se nutre de una profunda admiraci\u00f3n por los artistas, haciendo de cada art\u00edculo una celebraci\u00f3n de la creatividad y la cultura musical.","sameAs":["https:\/\/web.consaguirre.com.ar\/noticias"]}]}},"_links":{"self":[{"href":"https:\/\/web.consaguirre.com.ar\/noticias\/wp-json\/wp\/v2\/posts\/2235"}],"collection":[{"href":"https:\/\/web.consaguirre.com.ar\/noticias\/wp-json\/wp\/v2\/posts"}],"about":[{"href":"https:\/\/web.consaguirre.com.ar\/noticias\/wp-json\/wp\/v2\/types\/post"}],"author":[{"embeddable":true,"href":"https:\/\/web.consaguirre.com.ar\/noticias\/wp-json\/wp\/v2\/users\/1"}],"replies":[{"embeddable":true,"href":"https:\/\/web.consaguirre.com.ar\/noticias\/wp-json\/wp\/v2\/comments?post=2235"}],"version-history":[{"count":1,"href":"https:\/\/web.consaguirre.com.ar\/noticias\/wp-json\/wp\/v2\/posts\/2235\/revisions"}],"predecessor-version":[{"id":2237,"href":"https:\/\/web.consaguirre.com.ar\/noticias\/wp-json\/wp\/v2\/posts\/2235\/revisions\/2237"}],"wp:featuredmedia":[{"embeddable":true,"href":"https:\/\/web.consaguirre.com.ar\/noticias\/wp-json\/wp\/v2\/media\/2236"}],"wp:attachment":[{"href":"https:\/\/web.consaguirre.com.ar\/noticias\/wp-json\/wp\/v2\/media?parent=2235"}],"wp:term":[{"taxonomy":"category","embeddable":true,"href":"https:\/\/web.consaguirre.com.ar\/noticias\/wp-json\/wp\/v2\/categories?post=2235"},{"taxonomy":"post_tag","embeddable":true,"href":"https:\/\/web.consaguirre.com.ar\/noticias\/wp-json\/wp\/v2\/tags?post=2235"}],"curies":[{"name":"wp","href":"https:\/\/api.w.org\/{rel}","templated":true}]}}