{"id":2229,"date":"2025-03-26T12:39:02","date_gmt":"2025-03-26T15:39:02","guid":{"rendered":"https:\/\/web.consaguirre.com.ar\/noticias\/elton-john-y-brandi-carlile-anuncian-quien-cree-en-los-angeles-estreno-documental\/"},"modified":"2025-03-26T12:39:03","modified_gmt":"2025-03-26T15:39:03","slug":"elton-john-y-brandi-carlile-anuncian-quien-cree-en-los-angeles-estreno-documental","status":"publish","type":"post","link":"https:\/\/web.consaguirre.com.ar\/noticias\/elton-john-y-brandi-carlile-anuncian-quien-cree-en-los-angeles-estreno-documental\/","title":{"rendered":"Elton John y Brandi Carlile anuncian &#8216;\u00bfQui\u00e9n cree en los \u00e1ngeles?&#8217; Estreno documental"},"content":{"rendered":"<p><strong>Elton<\/strong><b> John<\/b> y <b>Brandi Carlile<\/b> han anunciado el estreno mundial de &#8220;\u00bfQui\u00e9n cree en los \u00e1ngeles? Historias desde el borde de la creaci\u00f3n&#8221;.<\/p>\n<p>Este cortometraje ofrece a los fan\u00e1ticos una mirada detr\u00e1s de escena de la &#8220;fabricaci\u00f3n de&#8221; cada canci\u00f3n de su pr\u00f3ximo \u00e1lbum colaborativo, <strong><em>\u00bfQui\u00e9n cree en los \u00e1ngeles?<\/em><\/strong><\/p>\n<p>El estreno est\u00e1 programado para el viernes 4 de abril en 92NY y ser\u00e1 seguida por una conversaci\u00f3n moderada por el presentador de TCM Dave Karger con Elton John, Brandi Carlile, el antiguo letrista y colaborador de Elton, Bernie Taupin y el productor y compositor ganador de Grammy, Andrew Watt. Los fan\u00e1ticos pueden ver todos los episodios y la grabaci\u00f3n de las preguntas y respuestas en vivo de 92NY exclusivamente en YouTube a partir del 5 de abril.<\/p>\n<p>&#8220;\u00bfQui\u00e9n cree en los \u00e1ngeles? Historias de The Edge of Creation&#8221; es una serie de pel\u00edculas sinceras de 30 minutos que encapsula la colaboraci\u00f3n creativa de todos los m\u00fasicos que trabajaron en el disco. Las c\u00e1maras est\u00e1ticas colocadas alrededor del estudio capturaron miles de horas de im\u00e1genes en bruto y finalmente documentaron toda la creaci\u00f3n del \u00e1lbum.<\/p>\n<div class=\"uD-YT-container\"><img decoding=\"async\" src=\"https:\/\/web.consaguirre.com.ar\/noticias\/wp-content\/uploads\/2025\/03\/1741308108_518_Elton-John-y-Brandi-Carlile-comparten-una-nueva-cancion-Swing.jpg\" alt=\"Video de YouTube\"><br \/>Haga clic para cargar video<\/div>\n<p>Ofreciendo a los fan\u00e1ticos una mirada sin precedentes a los procesos creativos: descomposici\u00f3n, avances, l\u00e1grimas, s\u00e1banas de l\u00edrica desgarrada y todo. &#8220;Historias de The Edge of Creation&#8221; marca la primera vez que Elton ha permitido que las c\u00e1maras filmaran sus sesiones de escritura y grabaci\u00f3n mientras crean un \u00e1lbum.<\/p>\n<p><em>\u00bfQui\u00e9n cree en los \u00e1ngeles?<\/em>tambi\u00e9n programado para el lanzamiento mundial el 4 de abril, se anunci\u00f3 con el sencillo hom\u00f3nimo. El \u00e1lbum tambi\u00e9n presenta la canci\u00f3n nominada a los Oscar 2025 &#8220;Never Too Too Late&#8221;, creada especialmente para el documental de Disney+ del mismo nombre y se dio a conocer el a\u00f1o pasado.<\/p>\n<p><em>\u00bfQui\u00e9n cree en los \u00e1ngeles?<\/em> fue ideado por amigos cercanos y colaboradores regulares Elton John, y Brandi Carlile con el productor y compositor Andrew Watt.<\/p>\n<p>Al ingresar a los estudios Sunset Sound de Los \u00c1ngeles en octubre de 2023 con una pizarra completamente en blanco, se expulsaron de sus zonas de confort para escribir y grabar un \u00e1lbum completamente desde cero en solo 20 d\u00edas. Est\u00e1n respaldados en el disco por una banda de m\u00fasicos de clase mundial que comprende Chad Smith (Red Hot Chili Peppers), Pino Palladino (Nine Inch Nails, Gary Numan y David Gilmour) y Josh Klinghoffer (Pearl Jam, Beck).<\/p>\n<p><strong>Orden <i>\u00bfQui\u00e9n cree en los \u00e1ngeles?<\/i><\/strong><\/p>\n","protected":false},"excerpt":{"rendered":"<p>Elton John y Brandi Carlile han anunciado el estreno mundial de &#8220;\u00bfQui\u00e9n cree en los \u00e1ngeles? Historias desde el borde de la creaci\u00f3n&#8221;. Este cortometraje<\/p>\n","protected":false},"author":1,"featured_media":2230,"comment_status":"closed","ping_status":"","sticky":false,"template":"","format":"standard","meta":{"footnotes":""},"categories":[50],"tags":[1627,725,1291,1292,1838,419,824,2207,91,180,2206],"class_list":["post-2229","post","type-post","status-publish","format-standard","has-post-thumbnail","hentry","category-el-ultimo","tag-angeles","tag-anuncian","tag-brandi","tag-carlile","tag-cree","tag-documental","tag-elton","tag-estreno","tag-john","tag-los","tag-quien","generate-columns","tablet-grid-50","mobile-grid-100","grid-parent","grid-50"],"yoast_head":"<!-- This site is optimized with the Yoast SEO plugin v23.3 - https:\/\/yoast.com\/wordpress\/plugins\/seo\/ -->\n<title>Elton John y Brandi Carlile anuncian &#039;\u00bfQui\u00e9n cree en los \u00e1ngeles?&#039; Estreno documental<\/title>\n<meta name=\"robots\" content=\"index, follow, max-snippet:-1, max-image-preview:large, max-video-preview:-1\" \/>\n<link rel=\"canonical\" href=\"https:\/\/web.consaguirre.com.ar\/noticias\/elton-john-y-brandi-carlile-anuncian-quien-cree-en-los-angeles-estreno-documental\/\" \/>\n<meta property=\"og:locale\" content=\"es_ES\" \/>\n<meta property=\"og:type\" content=\"article\" \/>\n<meta property=\"og:title\" content=\"Elton John y Brandi Carlile anuncian &#039;\u00bfQui\u00e9n cree en los \u00e1ngeles?&#039; Estreno documental\" \/>\n<meta property=\"og:description\" content=\"Elton John y Brandi Carlile han anunciado el estreno mundial de &#8220;\u00bfQui\u00e9n cree en los \u00e1ngeles? Historias desde el borde de la creaci\u00f3n&#8221;. Este cortometraje\" \/>\n<meta property=\"og:url\" content=\"https:\/\/web.consaguirre.com.ar\/noticias\/elton-john-y-brandi-carlile-anuncian-quien-cree-en-los-angeles-estreno-documental\/\" \/>\n<meta property=\"og:site_name\" content=\"Conservatorio de M\u00fasica Juli\u00e1n Aguirre\" \/>\n<meta property=\"article:published_time\" content=\"2025-03-26T15:39:02+00:00\" \/>\n<meta property=\"article:modified_time\" content=\"2025-03-26T15:39:03+00:00\" \/>\n<meta property=\"og:image\" content=\"https:\/\/web.consaguirre.com.ar\/noticias\/wp-content\/uploads\/2025\/03\/1743003542_Elton-John-y-Brandi-Carlile-anuncian-\u00bfQuien-cree-en-los.jpeg\" \/>\n\t<meta property=\"og:image:width\" content=\"1440\" \/>\n\t<meta property=\"og:image:height\" content=\"864\" \/>\n\t<meta property=\"og:image:type\" content=\"image\/jpeg\" \/>\n<meta name=\"author\" content=\"Javier Figueroa\" \/>\n<meta name=\"twitter:card\" content=\"summary_large_image\" \/>\n<meta name=\"twitter:label1\" content=\"Escrito por\" \/>\n\t<meta name=\"twitter:data1\" content=\"Javier Figueroa\" \/>\n\t<meta name=\"twitter:label2\" content=\"Tiempo de lectura\" \/>\n\t<meta name=\"twitter:data2\" content=\"2 minutos\" \/>\n<script type=\"application\/ld+json\" class=\"yoast-schema-graph\">{\"@context\":\"https:\/\/schema.org\",\"@graph\":[{\"@type\":\"Article\",\"@id\":\"https:\/\/web.consaguirre.com.ar\/noticias\/elton-john-y-brandi-carlile-anuncian-quien-cree-en-los-angeles-estreno-documental\/#article\",\"isPartOf\":{\"@id\":\"https:\/\/web.consaguirre.com.ar\/noticias\/elton-john-y-brandi-carlile-anuncian-quien-cree-en-los-angeles-estreno-documental\/\"},\"author\":{\"name\":\"Javier Figueroa\",\"@id\":\"https:\/\/web.consaguirre.com.ar\/noticias\/#\/schema\/person\/6558b0cfedee7ddc5425602b237d5722\"},\"headline\":\"Elton John y Brandi Carlile anuncian &#8216;\u00bfQui\u00e9n cree en los \u00e1ngeles?&#8217; Estreno documental\",\"datePublished\":\"2025-03-26T15:39:02+00:00\",\"dateModified\":\"2025-03-26T15:39:03+00:00\",\"mainEntityOfPage\":{\"@id\":\"https:\/\/web.consaguirre.com.ar\/noticias\/elton-john-y-brandi-carlile-anuncian-quien-cree-en-los-angeles-estreno-documental\/\"},\"wordCount\":445,\"publisher\":{\"@id\":\"https:\/\/web.consaguirre.com.ar\/noticias\/#organization\"},\"image\":{\"@id\":\"https:\/\/web.consaguirre.com.ar\/noticias\/elton-john-y-brandi-carlile-anuncian-quien-cree-en-los-angeles-estreno-documental\/#primaryimage\"},\"thumbnailUrl\":\"https:\/\/web.consaguirre.com.ar\/noticias\/wp-content\/uploads\/2025\/03\/1743003542_Elton-John-y-Brandi-Carlile-anuncian-\u00bfQuien-cree-en-los.jpeg\",\"keywords\":[\"\u00c1ngeles\",\"anuncian\",\"Brandi\",\"Carlile\",\"cree\",\"documental\",\"Elton\",\"Estreno\",\"John\",\"los\",\"Qui\u00e9n\"],\"articleSection\":[\"El \u00faltimo\"],\"inLanguage\":\"es-AR\"},{\"@type\":\"WebPage\",\"@id\":\"https:\/\/web.consaguirre.com.ar\/noticias\/elton-john-y-brandi-carlile-anuncian-quien-cree-en-los-angeles-estreno-documental\/\",\"url\":\"https:\/\/web.consaguirre.com.ar\/noticias\/elton-john-y-brandi-carlile-anuncian-quien-cree-en-los-angeles-estreno-documental\/\",\"name\":\"Elton John y Brandi Carlile anuncian '\u00bfQui\u00e9n cree en los \u00e1ngeles?' Estreno documental\",\"isPartOf\":{\"@id\":\"https:\/\/web.consaguirre.com.ar\/noticias\/#website\"},\"primaryImageOfPage\":{\"@id\":\"https:\/\/web.consaguirre.com.ar\/noticias\/elton-john-y-brandi-carlile-anuncian-quien-cree-en-los-angeles-estreno-documental\/#primaryimage\"},\"image\":{\"@id\":\"https:\/\/web.consaguirre.com.ar\/noticias\/elton-john-y-brandi-carlile-anuncian-quien-cree-en-los-angeles-estreno-documental\/#primaryimage\"},\"thumbnailUrl\":\"https:\/\/web.consaguirre.com.ar\/noticias\/wp-content\/uploads\/2025\/03\/1743003542_Elton-John-y-Brandi-Carlile-anuncian-\u00bfQuien-cree-en-los.jpeg\",\"datePublished\":\"2025-03-26T15:39:02+00:00\",\"dateModified\":\"2025-03-26T15:39:03+00:00\",\"breadcrumb\":{\"@id\":\"https:\/\/web.consaguirre.com.ar\/noticias\/elton-john-y-brandi-carlile-anuncian-quien-cree-en-los-angeles-estreno-documental\/#breadcrumb\"},\"inLanguage\":\"es-AR\",\"potentialAction\":[{\"@type\":\"ReadAction\",\"target\":[\"https:\/\/web.consaguirre.com.ar\/noticias\/elton-john-y-brandi-carlile-anuncian-quien-cree-en-los-angeles-estreno-documental\/\"]}]},{\"@type\":\"ImageObject\",\"inLanguage\":\"es-AR\",\"@id\":\"https:\/\/web.consaguirre.com.ar\/noticias\/elton-john-y-brandi-carlile-anuncian-quien-cree-en-los-angeles-estreno-documental\/#primaryimage\",\"url\":\"https:\/\/web.consaguirre.com.ar\/noticias\/wp-content\/uploads\/2025\/03\/1743003542_Elton-John-y-Brandi-Carlile-anuncian-\u00bfQuien-cree-en-los.jpeg\",\"contentUrl\":\"https:\/\/web.consaguirre.com.ar\/noticias\/wp-content\/uploads\/2025\/03\/1743003542_Elton-John-y-Brandi-Carlile-anuncian-\u00bfQuien-cree-en-los.jpeg\",\"width\":1440,\"height\":864,\"caption\":\"(L-R) Bernie Taupin, Brandi Carlile, Elton John, and Andrew Watt - Photo: Peggy Sirota\"},{\"@type\":\"BreadcrumbList\",\"@id\":\"https:\/\/web.consaguirre.com.ar\/noticias\/elton-john-y-brandi-carlile-anuncian-quien-cree-en-los-angeles-estreno-documental\/#breadcrumb\",\"itemListElement\":[{\"@type\":\"ListItem\",\"position\":1,\"name\":\"Inicio\",\"item\":\"https:\/\/web.consaguirre.com.ar\/noticias\/\"},{\"@type\":\"ListItem\",\"position\":2,\"name\":\"Elton John y Brandi Carlile anuncian &#8216;\u00bfQui\u00e9n cree en los \u00e1ngeles?&#8217; Estreno documental\"}]},{\"@type\":\"WebSite\",\"@id\":\"https:\/\/web.consaguirre.com.ar\/noticias\/#website\",\"url\":\"https:\/\/web.consaguirre.com.ar\/noticias\/\",\"name\":\"Conservatorio de M\u00fasica Juli\u00e1n Aguirre\",\"description\":\"\",\"publisher\":{\"@id\":\"https:\/\/web.consaguirre.com.ar\/noticias\/#organization\"},\"potentialAction\":[{\"@type\":\"SearchAction\",\"target\":{\"@type\":\"EntryPoint\",\"urlTemplate\":\"https:\/\/web.consaguirre.com.ar\/noticias\/?s={search_term_string}\"},\"query-input\":\"required name=search_term_string\"}],\"inLanguage\":\"es-AR\"},{\"@type\":\"Organization\",\"@id\":\"https:\/\/web.consaguirre.com.ar\/noticias\/#organization\",\"name\":\"Conservatorio de M\u00fasica Juli\u00e1n Aguirre\",\"url\":\"https:\/\/web.consaguirre.com.ar\/noticias\/\",\"logo\":{\"@type\":\"ImageObject\",\"inLanguage\":\"es-AR\",\"@id\":\"https:\/\/web.consaguirre.com.ar\/noticias\/#\/schema\/logo\/image\/\",\"url\":\"https:\/\/web.consaguirre.com.ar\/noticias\/wp-content\/uploads\/2024\/08\/Banner-Aguirre-23.jpg\",\"contentUrl\":\"https:\/\/web.consaguirre.com.ar\/noticias\/wp-content\/uploads\/2024\/08\/Banner-Aguirre-23.jpg\",\"width\":1192,\"height\":600,\"caption\":\"Conservatorio de M\u00fasica Juli\u00e1n Aguirre\"},\"image\":{\"@id\":\"https:\/\/web.consaguirre.com.ar\/noticias\/#\/schema\/logo\/image\/\"}},{\"@type\":\"Person\",\"@id\":\"https:\/\/web.consaguirre.com.ar\/noticias\/#\/schema\/person\/6558b0cfedee7ddc5425602b237d5722\",\"name\":\"Javier Figueroa\",\"image\":{\"@type\":\"ImageObject\",\"inLanguage\":\"es-AR\",\"@id\":\"https:\/\/web.consaguirre.com.ar\/noticias\/#\/schema\/person\/image\/\",\"url\":\"https:\/\/web.consaguirre.com.ar\/noticias\/wp-content\/uploads\/2024\/08\/Consaguirre-scaled.jpg\",\"contentUrl\":\"https:\/\/web.consaguirre.com.ar\/noticias\/wp-content\/uploads\/2024\/08\/Consaguirre-scaled.jpg\",\"caption\":\"Javier Figueroa\"},\"description\":\"Me llamo Javier Figueroa y soy redactor para el sitio oficial del Conservatorio de M\u00fasica Juli\u00e1n Aguirre en Buenos Aires, consaguirre.com. Apasionado por la m\u00fasica y la escritura, me esfuerzo por destacar los talentos y eventos de nuestra prestigiosa instituci\u00f3n. Mi trayectoria se nutre de una profunda admiraci\u00f3n por los artistas, haciendo de cada art\u00edculo una celebraci\u00f3n de la creatividad y la cultura musical.\",\"sameAs\":[\"https:\/\/web.consaguirre.com.ar\/noticias\"]}]}<\/script>\n<!-- \/ Yoast SEO plugin. -->","yoast_head_json":{"title":"Elton John y Brandi Carlile anuncian '\u00bfQui\u00e9n cree en los \u00e1ngeles?' Estreno documental","robots":{"index":"index","follow":"follow","max-snippet":"max-snippet:-1","max-image-preview":"max-image-preview:large","max-video-preview":"max-video-preview:-1"},"canonical":"https:\/\/web.consaguirre.com.ar\/noticias\/elton-john-y-brandi-carlile-anuncian-quien-cree-en-los-angeles-estreno-documental\/","og_locale":"es_ES","og_type":"article","og_title":"Elton John y Brandi Carlile anuncian '\u00bfQui\u00e9n cree en los \u00e1ngeles?' Estreno documental","og_description":"Elton John y Brandi Carlile han anunciado el estreno mundial de &#8220;\u00bfQui\u00e9n cree en los \u00e1ngeles? Historias desde el borde de la creaci\u00f3n&#8221;. Este cortometraje","og_url":"https:\/\/web.consaguirre.com.ar\/noticias\/elton-john-y-brandi-carlile-anuncian-quien-cree-en-los-angeles-estreno-documental\/","og_site_name":"Conservatorio de M\u00fasica Juli\u00e1n Aguirre","article_published_time":"2025-03-26T15:39:02+00:00","article_modified_time":"2025-03-26T15:39:03+00:00","og_image":[{"width":1440,"height":864,"url":"https:\/\/web.consaguirre.com.ar\/noticias\/wp-content\/uploads\/2025\/03\/1743003542_Elton-John-y-Brandi-Carlile-anuncian-\u00bfQuien-cree-en-los.jpeg","type":"image\/jpeg"}],"author":"Javier Figueroa","twitter_card":"summary_large_image","twitter_misc":{"Escrito por":"Javier Figueroa","Tiempo de lectura":"2 minutos"},"schema":{"@context":"https:\/\/schema.org","@graph":[{"@type":"Article","@id":"https:\/\/web.consaguirre.com.ar\/noticias\/elton-john-y-brandi-carlile-anuncian-quien-cree-en-los-angeles-estreno-documental\/#article","isPartOf":{"@id":"https:\/\/web.consaguirre.com.ar\/noticias\/elton-john-y-brandi-carlile-anuncian-quien-cree-en-los-angeles-estreno-documental\/"},"author":{"name":"Javier Figueroa","@id":"https:\/\/web.consaguirre.com.ar\/noticias\/#\/schema\/person\/6558b0cfedee7ddc5425602b237d5722"},"headline":"Elton John y Brandi Carlile anuncian &#8216;\u00bfQui\u00e9n cree en los \u00e1ngeles?&#8217; Estreno documental","datePublished":"2025-03-26T15:39:02+00:00","dateModified":"2025-03-26T15:39:03+00:00","mainEntityOfPage":{"@id":"https:\/\/web.consaguirre.com.ar\/noticias\/elton-john-y-brandi-carlile-anuncian-quien-cree-en-los-angeles-estreno-documental\/"},"wordCount":445,"publisher":{"@id":"https:\/\/web.consaguirre.com.ar\/noticias\/#organization"},"image":{"@id":"https:\/\/web.consaguirre.com.ar\/noticias\/elton-john-y-brandi-carlile-anuncian-quien-cree-en-los-angeles-estreno-documental\/#primaryimage"},"thumbnailUrl":"https:\/\/web.consaguirre.com.ar\/noticias\/wp-content\/uploads\/2025\/03\/1743003542_Elton-John-y-Brandi-Carlile-anuncian-\u00bfQuien-cree-en-los.jpeg","keywords":["\u00c1ngeles","anuncian","Brandi","Carlile","cree","documental","Elton","Estreno","John","los","Qui\u00e9n"],"articleSection":["El \u00faltimo"],"inLanguage":"es-AR"},{"@type":"WebPage","@id":"https:\/\/web.consaguirre.com.ar\/noticias\/elton-john-y-brandi-carlile-anuncian-quien-cree-en-los-angeles-estreno-documental\/","url":"https:\/\/web.consaguirre.com.ar\/noticias\/elton-john-y-brandi-carlile-anuncian-quien-cree-en-los-angeles-estreno-documental\/","name":"Elton John y Brandi Carlile anuncian '\u00bfQui\u00e9n cree en los \u00e1ngeles?' Estreno documental","isPartOf":{"@id":"https:\/\/web.consaguirre.com.ar\/noticias\/#website"},"primaryImageOfPage":{"@id":"https:\/\/web.consaguirre.com.ar\/noticias\/elton-john-y-brandi-carlile-anuncian-quien-cree-en-los-angeles-estreno-documental\/#primaryimage"},"image":{"@id":"https:\/\/web.consaguirre.com.ar\/noticias\/elton-john-y-brandi-carlile-anuncian-quien-cree-en-los-angeles-estreno-documental\/#primaryimage"},"thumbnailUrl":"https:\/\/web.consaguirre.com.ar\/noticias\/wp-content\/uploads\/2025\/03\/1743003542_Elton-John-y-Brandi-Carlile-anuncian-\u00bfQuien-cree-en-los.jpeg","datePublished":"2025-03-26T15:39:02+00:00","dateModified":"2025-03-26T15:39:03+00:00","breadcrumb":{"@id":"https:\/\/web.consaguirre.com.ar\/noticias\/elton-john-y-brandi-carlile-anuncian-quien-cree-en-los-angeles-estreno-documental\/#breadcrumb"},"inLanguage":"es-AR","potentialAction":[{"@type":"ReadAction","target":["https:\/\/web.consaguirre.com.ar\/noticias\/elton-john-y-brandi-carlile-anuncian-quien-cree-en-los-angeles-estreno-documental\/"]}]},{"@type":"ImageObject","inLanguage":"es-AR","@id":"https:\/\/web.consaguirre.com.ar\/noticias\/elton-john-y-brandi-carlile-anuncian-quien-cree-en-los-angeles-estreno-documental\/#primaryimage","url":"https:\/\/web.consaguirre.com.ar\/noticias\/wp-content\/uploads\/2025\/03\/1743003542_Elton-John-y-Brandi-Carlile-anuncian-\u00bfQuien-cree-en-los.jpeg","contentUrl":"https:\/\/web.consaguirre.com.ar\/noticias\/wp-content\/uploads\/2025\/03\/1743003542_Elton-John-y-Brandi-Carlile-anuncian-\u00bfQuien-cree-en-los.jpeg","width":1440,"height":864,"caption":"(L-R) Bernie Taupin, Brandi Carlile, Elton John, and Andrew Watt - Photo: Peggy Sirota"},{"@type":"BreadcrumbList","@id":"https:\/\/web.consaguirre.com.ar\/noticias\/elton-john-y-brandi-carlile-anuncian-quien-cree-en-los-angeles-estreno-documental\/#breadcrumb","itemListElement":[{"@type":"ListItem","position":1,"name":"Inicio","item":"https:\/\/web.consaguirre.com.ar\/noticias\/"},{"@type":"ListItem","position":2,"name":"Elton John y Brandi Carlile anuncian &#8216;\u00bfQui\u00e9n cree en los \u00e1ngeles?&#8217; Estreno documental"}]},{"@type":"WebSite","@id":"https:\/\/web.consaguirre.com.ar\/noticias\/#website","url":"https:\/\/web.consaguirre.com.ar\/noticias\/","name":"Conservatorio de M\u00fasica Juli\u00e1n Aguirre","description":"","publisher":{"@id":"https:\/\/web.consaguirre.com.ar\/noticias\/#organization"},"potentialAction":[{"@type":"SearchAction","target":{"@type":"EntryPoint","urlTemplate":"https:\/\/web.consaguirre.com.ar\/noticias\/?s={search_term_string}"},"query-input":"required name=search_term_string"}],"inLanguage":"es-AR"},{"@type":"Organization","@id":"https:\/\/web.consaguirre.com.ar\/noticias\/#organization","name":"Conservatorio de M\u00fasica Juli\u00e1n Aguirre","url":"https:\/\/web.consaguirre.com.ar\/noticias\/","logo":{"@type":"ImageObject","inLanguage":"es-AR","@id":"https:\/\/web.consaguirre.com.ar\/noticias\/#\/schema\/logo\/image\/","url":"https:\/\/web.consaguirre.com.ar\/noticias\/wp-content\/uploads\/2024\/08\/Banner-Aguirre-23.jpg","contentUrl":"https:\/\/web.consaguirre.com.ar\/noticias\/wp-content\/uploads\/2024\/08\/Banner-Aguirre-23.jpg","width":1192,"height":600,"caption":"Conservatorio de M\u00fasica Juli\u00e1n Aguirre"},"image":{"@id":"https:\/\/web.consaguirre.com.ar\/noticias\/#\/schema\/logo\/image\/"}},{"@type":"Person","@id":"https:\/\/web.consaguirre.com.ar\/noticias\/#\/schema\/person\/6558b0cfedee7ddc5425602b237d5722","name":"Javier Figueroa","image":{"@type":"ImageObject","inLanguage":"es-AR","@id":"https:\/\/web.consaguirre.com.ar\/noticias\/#\/schema\/person\/image\/","url":"https:\/\/web.consaguirre.com.ar\/noticias\/wp-content\/uploads\/2024\/08\/Consaguirre-scaled.jpg","contentUrl":"https:\/\/web.consaguirre.com.ar\/noticias\/wp-content\/uploads\/2024\/08\/Consaguirre-scaled.jpg","caption":"Javier Figueroa"},"description":"Me llamo Javier Figueroa y soy redactor para el sitio oficial del Conservatorio de M\u00fasica Juli\u00e1n Aguirre en Buenos Aires, consaguirre.com. Apasionado por la m\u00fasica y la escritura, me esfuerzo por destacar los talentos y eventos de nuestra prestigiosa instituci\u00f3n. Mi trayectoria se nutre de una profunda admiraci\u00f3n por los artistas, haciendo de cada art\u00edculo una celebraci\u00f3n de la creatividad y la cultura musical.","sameAs":["https:\/\/web.consaguirre.com.ar\/noticias"]}]}},"_links":{"self":[{"href":"https:\/\/web.consaguirre.com.ar\/noticias\/wp-json\/wp\/v2\/posts\/2229"}],"collection":[{"href":"https:\/\/web.consaguirre.com.ar\/noticias\/wp-json\/wp\/v2\/posts"}],"about":[{"href":"https:\/\/web.consaguirre.com.ar\/noticias\/wp-json\/wp\/v2\/types\/post"}],"author":[{"embeddable":true,"href":"https:\/\/web.consaguirre.com.ar\/noticias\/wp-json\/wp\/v2\/users\/1"}],"replies":[{"embeddable":true,"href":"https:\/\/web.consaguirre.com.ar\/noticias\/wp-json\/wp\/v2\/comments?post=2229"}],"version-history":[{"count":1,"href":"https:\/\/web.consaguirre.com.ar\/noticias\/wp-json\/wp\/v2\/posts\/2229\/revisions"}],"predecessor-version":[{"id":2231,"href":"https:\/\/web.consaguirre.com.ar\/noticias\/wp-json\/wp\/v2\/posts\/2229\/revisions\/2231"}],"wp:featuredmedia":[{"embeddable":true,"href":"https:\/\/web.consaguirre.com.ar\/noticias\/wp-json\/wp\/v2\/media\/2230"}],"wp:attachment":[{"href":"https:\/\/web.consaguirre.com.ar\/noticias\/wp-json\/wp\/v2\/media?parent=2229"}],"wp:term":[{"taxonomy":"category","embeddable":true,"href":"https:\/\/web.consaguirre.com.ar\/noticias\/wp-json\/wp\/v2\/categories?post=2229"},{"taxonomy":"post_tag","embeddable":true,"href":"https:\/\/web.consaguirre.com.ar\/noticias\/wp-json\/wp\/v2\/tags?post=2229"}],"curies":[{"name":"wp","href":"https:\/\/api.w.org\/{rel}","templated":true}]}}