{"id":2226,"date":"2025-03-26T03:40:15","date_gmt":"2025-03-26T06:40:15","guid":{"rendered":"https:\/\/web.consaguirre.com.ar\/noticias\/james-taylor-jukebox-musical-in-works\/"},"modified":"2025-03-26T03:40:16","modified_gmt":"2025-03-26T06:40:16","slug":"james-taylor-jukebox-musical-in-works","status":"publish","type":"post","link":"https:\/\/web.consaguirre.com.ar\/noticias\/james-taylor-jukebox-musical-in-works\/","title":{"rendered":"James Taylor Jukebox Musical In Works"},"content":{"rendered":"<p>Un nuevo musical de etapa basado en las canciones de <strong>James Taylor<\/strong> est\u00e1 en las primeras etapas del desarrollo. Noble <em>Fuego y lluvia<\/em>el programa enhebrar\u00e1 las canciones del legendario cantante y compositor en una nueva historia original del dramaturgo y actor Tracy Letts, cuyo trabajo en <em>Agosto: condado de Osage<\/em> le gan\u00f3 un premio Pulitzer y un premio Tony a la mejor obra de teatro en 2008. Algunos de los otros proyectos anteriores de Letts incluyen <em>Asesino Joe<\/em>, <em>Donas superiores<\/em>y <em>Las actas<\/em>.<\/p>\n<p>David Cromer, quien actualmente dirige a George Clooney en una producci\u00f3n de Broadway de <em>Buenas noches y buena suerte<\/em>est\u00e1 a bordo como director. Cromer dirigi\u00f3 anteriormente dos de las obras de Letts, <em>Bicho<\/em> en 2020 y <em>Hombre de Nebraska<\/em> en 2017. Letts &#8216;Story para <em>Fuego y lluvia<\/em> todav\u00eda est\u00e1 en secreto por ahora, pero no deber\u00eda tener escasez de canciones populares de Taylor para trabajar. El cantante <em>Mayores \u00e9xitos<\/em> El \u00e1lbum est\u00e1 certificado Diamond en los Estados Unidos, lo que lo convierte en uno de los \u00e1lbumes m\u00e1s vendidos de todos los tiempos.<\/p>\n<p>Una declaraci\u00f3n que acompa\u00f1a al anuncio de <em>Fuego y lluvia<\/em> Llama a Taylor &#8220;una influencia profunda en la m\u00fasica estadounidense, particularmente en los g\u00e9neros de las tradiciones folkl\u00f3ricas, pop y cantantes y compositores&#8221;. Contin\u00faa: &#8220;Su carrera abarca m\u00e1s de cinco d\u00e9cadas, y su impacto se puede sentir tanto en la naturaleza personal de sus canciones como en sus innovaciones estil\u00edsticas. Sus letras profundamente personales e introspectivas y su entrega conmovedora ayudaron a definir el paisaje musical de la \u00e9poca&#8221;.<\/p>\n<p><em>Fuego y lluvia<\/em> Toma su t\u00edtulo del sencillo de 1970 de Taylor &#8220;Fire and Rain&#8221;, un \u00e9xito n\u00famero 3 que fue ayud\u00f3 a que el producto de Carolina del Norte se rompiera y se convirti\u00f3 en una de sus canciones exclusivas. Seg\u00fan la declaraci\u00f3n que anuncia el musical, la canci\u00f3n &#8220;ayud\u00f3 a solidificar la carrera de James Taylor y presentarle a un p\u00fablico m\u00e1s amplio&#8221; y su &#8220;vulnerabilidad y honestidad lo hicieron resonar con los oyentes y se convirti\u00f3 en una de las canciones definitorias de su carrera&#8221;.<\/p>\n<p>Gail Berman, Sam Feldman, Michael Gorfaine y Jimmy Nederlander son acreditados como productores en el programa, en asociaci\u00f3n con Frank Marshall y Jere Harris, con gesti\u00f3n general de Bespoke Theatricals.<\/p>\n<p><strong>Compre la m\u00fasica de James Taylor en vinilo ahora.<\/strong><\/p>\n","protected":false},"excerpt":{"rendered":"<p>Un nuevo musical de etapa basado en las canciones de James Taylor est\u00e1 en las primeras etapas del desarrollo. Noble Fuego y lluviael programa enhebrar\u00e1<\/p>\n","protected":false},"author":1,"featured_media":2227,"comment_status":"closed","ping_status":"","sticky":false,"template":"","format":"standard","meta":{"footnotes":""},"categories":[50],"tags":[453,2204,203,172,2205],"class_list":["post-2226","post","type-post","status-publish","format-standard","has-post-thumbnail","hentry","category-el-ultimo","tag-james","tag-jukebox","tag-musical","tag-taylor","tag-works","generate-columns","tablet-grid-50","mobile-grid-100","grid-parent","grid-50"],"yoast_head":"<!-- This site is optimized with the Yoast SEO plugin v23.3 - https:\/\/yoast.com\/wordpress\/plugins\/seo\/ -->\n<title>James Taylor Jukebox Musical In Works<\/title>\n<meta name=\"robots\" content=\"index, follow, max-snippet:-1, max-image-preview:large, max-video-preview:-1\" \/>\n<link rel=\"canonical\" href=\"https:\/\/web.consaguirre.com.ar\/noticias\/james-taylor-jukebox-musical-in-works\/\" \/>\n<meta property=\"og:locale\" content=\"es_ES\" \/>\n<meta property=\"og:type\" content=\"article\" \/>\n<meta property=\"og:title\" content=\"James Taylor Jukebox Musical In Works\" \/>\n<meta property=\"og:description\" content=\"Un nuevo musical de etapa basado en las canciones de James Taylor est\u00e1 en las primeras etapas del desarrollo. Noble Fuego y lluviael programa enhebrar\u00e1\" \/>\n<meta property=\"og:url\" content=\"https:\/\/web.consaguirre.com.ar\/noticias\/james-taylor-jukebox-musical-in-works\/\" \/>\n<meta property=\"og:site_name\" content=\"Conservatorio de M\u00fasica Juli\u00e1n Aguirre\" \/>\n<meta property=\"article:published_time\" content=\"2025-03-26T06:40:15+00:00\" \/>\n<meta property=\"article:modified_time\" content=\"2025-03-26T06:40:16+00:00\" \/>\n<meta property=\"og:image\" content=\"https:\/\/web.consaguirre.com.ar\/noticias\/wp-content\/uploads\/2025\/03\/James-Taylor-Jukebox-Musical-In-Works.jpg\" \/>\n\t<meta property=\"og:image:width\" content=\"1280\" \/>\n\t<meta property=\"og:image:height\" content=\"1280\" \/>\n\t<meta property=\"og:image:type\" content=\"image\/jpeg\" \/>\n<meta name=\"author\" content=\"Javier Figueroa\" \/>\n<meta name=\"twitter:card\" content=\"summary_large_image\" \/>\n<meta name=\"twitter:label1\" content=\"Escrito por\" \/>\n\t<meta name=\"twitter:data1\" content=\"Javier Figueroa\" \/>\n\t<meta name=\"twitter:label2\" content=\"Tiempo de lectura\" \/>\n\t<meta name=\"twitter:data2\" content=\"2 minutos\" \/>\n<script type=\"application\/ld+json\" class=\"yoast-schema-graph\">{\"@context\":\"https:\/\/schema.org\",\"@graph\":[{\"@type\":\"Article\",\"@id\":\"https:\/\/web.consaguirre.com.ar\/noticias\/james-taylor-jukebox-musical-in-works\/#article\",\"isPartOf\":{\"@id\":\"https:\/\/web.consaguirre.com.ar\/noticias\/james-taylor-jukebox-musical-in-works\/\"},\"author\":{\"name\":\"Javier Figueroa\",\"@id\":\"https:\/\/web.consaguirre.com.ar\/noticias\/#\/schema\/person\/6558b0cfedee7ddc5425602b237d5722\"},\"headline\":\"James Taylor Jukebox Musical In Works\",\"datePublished\":\"2025-03-26T06:40:15+00:00\",\"dateModified\":\"2025-03-26T06:40:16+00:00\",\"mainEntityOfPage\":{\"@id\":\"https:\/\/web.consaguirre.com.ar\/noticias\/james-taylor-jukebox-musical-in-works\/\"},\"wordCount\":405,\"publisher\":{\"@id\":\"https:\/\/web.consaguirre.com.ar\/noticias\/#organization\"},\"image\":{\"@id\":\"https:\/\/web.consaguirre.com.ar\/noticias\/james-taylor-jukebox-musical-in-works\/#primaryimage\"},\"thumbnailUrl\":\"https:\/\/web.consaguirre.com.ar\/noticias\/wp-content\/uploads\/2025\/03\/James-Taylor-Jukebox-Musical-In-Works.jpg\",\"keywords\":[\"James\",\"Jukebox\",\"musical\",\"Taylor\",\"Works\"],\"articleSection\":[\"El \u00faltimo\"],\"inLanguage\":\"es-AR\"},{\"@type\":\"WebPage\",\"@id\":\"https:\/\/web.consaguirre.com.ar\/noticias\/james-taylor-jukebox-musical-in-works\/\",\"url\":\"https:\/\/web.consaguirre.com.ar\/noticias\/james-taylor-jukebox-musical-in-works\/\",\"name\":\"James Taylor Jukebox Musical In Works\",\"isPartOf\":{\"@id\":\"https:\/\/web.consaguirre.com.ar\/noticias\/#website\"},\"primaryImageOfPage\":{\"@id\":\"https:\/\/web.consaguirre.com.ar\/noticias\/james-taylor-jukebox-musical-in-works\/#primaryimage\"},\"image\":{\"@id\":\"https:\/\/web.consaguirre.com.ar\/noticias\/james-taylor-jukebox-musical-in-works\/#primaryimage\"},\"thumbnailUrl\":\"https:\/\/web.consaguirre.com.ar\/noticias\/wp-content\/uploads\/2025\/03\/James-Taylor-Jukebox-Musical-In-Works.jpg\",\"datePublished\":\"2025-03-26T06:40:15+00:00\",\"dateModified\":\"2025-03-26T06:40:16+00:00\",\"breadcrumb\":{\"@id\":\"https:\/\/web.consaguirre.com.ar\/noticias\/james-taylor-jukebox-musical-in-works\/#breadcrumb\"},\"inLanguage\":\"es-AR\",\"potentialAction\":[{\"@type\":\"ReadAction\",\"target\":[\"https:\/\/web.consaguirre.com.ar\/noticias\/james-taylor-jukebox-musical-in-works\/\"]}]},{\"@type\":\"ImageObject\",\"inLanguage\":\"es-AR\",\"@id\":\"https:\/\/web.consaguirre.com.ar\/noticias\/james-taylor-jukebox-musical-in-works\/#primaryimage\",\"url\":\"https:\/\/web.consaguirre.com.ar\/noticias\/wp-content\/uploads\/2025\/03\/James-Taylor-Jukebox-Musical-In-Works.jpg\",\"contentUrl\":\"https:\/\/web.consaguirre.com.ar\/noticias\/wp-content\/uploads\/2025\/03\/James-Taylor-Jukebox-Musical-In-Works.jpg\",\"width\":1280,\"height\":1280,\"caption\":\"James Taylor Jukebox Musical In Works\"},{\"@type\":\"BreadcrumbList\",\"@id\":\"https:\/\/web.consaguirre.com.ar\/noticias\/james-taylor-jukebox-musical-in-works\/#breadcrumb\",\"itemListElement\":[{\"@type\":\"ListItem\",\"position\":1,\"name\":\"Inicio\",\"item\":\"https:\/\/web.consaguirre.com.ar\/noticias\/\"},{\"@type\":\"ListItem\",\"position\":2,\"name\":\"James Taylor Jukebox Musical In Works\"}]},{\"@type\":\"WebSite\",\"@id\":\"https:\/\/web.consaguirre.com.ar\/noticias\/#website\",\"url\":\"https:\/\/web.consaguirre.com.ar\/noticias\/\",\"name\":\"Conservatorio de M\u00fasica Juli\u00e1n Aguirre\",\"description\":\"\",\"publisher\":{\"@id\":\"https:\/\/web.consaguirre.com.ar\/noticias\/#organization\"},\"potentialAction\":[{\"@type\":\"SearchAction\",\"target\":{\"@type\":\"EntryPoint\",\"urlTemplate\":\"https:\/\/web.consaguirre.com.ar\/noticias\/?s={search_term_string}\"},\"query-input\":\"required name=search_term_string\"}],\"inLanguage\":\"es-AR\"},{\"@type\":\"Organization\",\"@id\":\"https:\/\/web.consaguirre.com.ar\/noticias\/#organization\",\"name\":\"Conservatorio de M\u00fasica Juli\u00e1n Aguirre\",\"url\":\"https:\/\/web.consaguirre.com.ar\/noticias\/\",\"logo\":{\"@type\":\"ImageObject\",\"inLanguage\":\"es-AR\",\"@id\":\"https:\/\/web.consaguirre.com.ar\/noticias\/#\/schema\/logo\/image\/\",\"url\":\"https:\/\/web.consaguirre.com.ar\/noticias\/wp-content\/uploads\/2024\/08\/Banner-Aguirre-23.jpg\",\"contentUrl\":\"https:\/\/web.consaguirre.com.ar\/noticias\/wp-content\/uploads\/2024\/08\/Banner-Aguirre-23.jpg\",\"width\":1192,\"height\":600,\"caption\":\"Conservatorio de M\u00fasica Juli\u00e1n Aguirre\"},\"image\":{\"@id\":\"https:\/\/web.consaguirre.com.ar\/noticias\/#\/schema\/logo\/image\/\"}},{\"@type\":\"Person\",\"@id\":\"https:\/\/web.consaguirre.com.ar\/noticias\/#\/schema\/person\/6558b0cfedee7ddc5425602b237d5722\",\"name\":\"Javier Figueroa\",\"image\":{\"@type\":\"ImageObject\",\"inLanguage\":\"es-AR\",\"@id\":\"https:\/\/web.consaguirre.com.ar\/noticias\/#\/schema\/person\/image\/\",\"url\":\"https:\/\/web.consaguirre.com.ar\/noticias\/wp-content\/uploads\/2024\/08\/Consaguirre-scaled.jpg\",\"contentUrl\":\"https:\/\/web.consaguirre.com.ar\/noticias\/wp-content\/uploads\/2024\/08\/Consaguirre-scaled.jpg\",\"caption\":\"Javier Figueroa\"},\"description\":\"Me llamo Javier Figueroa y soy redactor para el sitio oficial del Conservatorio de M\u00fasica Juli\u00e1n Aguirre en Buenos Aires, consaguirre.com. Apasionado por la m\u00fasica y la escritura, me esfuerzo por destacar los talentos y eventos de nuestra prestigiosa instituci\u00f3n. Mi trayectoria se nutre de una profunda admiraci\u00f3n por los artistas, haciendo de cada art\u00edculo una celebraci\u00f3n de la creatividad y la cultura musical.\",\"sameAs\":[\"https:\/\/web.consaguirre.com.ar\/noticias\"]}]}<\/script>\n<!-- \/ Yoast SEO plugin. -->","yoast_head_json":{"title":"James Taylor Jukebox Musical In Works","robots":{"index":"index","follow":"follow","max-snippet":"max-snippet:-1","max-image-preview":"max-image-preview:large","max-video-preview":"max-video-preview:-1"},"canonical":"https:\/\/web.consaguirre.com.ar\/noticias\/james-taylor-jukebox-musical-in-works\/","og_locale":"es_ES","og_type":"article","og_title":"James Taylor Jukebox Musical In Works","og_description":"Un nuevo musical de etapa basado en las canciones de James Taylor est\u00e1 en las primeras etapas del desarrollo. Noble Fuego y lluviael programa enhebrar\u00e1","og_url":"https:\/\/web.consaguirre.com.ar\/noticias\/james-taylor-jukebox-musical-in-works\/","og_site_name":"Conservatorio de M\u00fasica Juli\u00e1n Aguirre","article_published_time":"2025-03-26T06:40:15+00:00","article_modified_time":"2025-03-26T06:40:16+00:00","og_image":[{"width":1280,"height":1280,"url":"https:\/\/web.consaguirre.com.ar\/noticias\/wp-content\/uploads\/2025\/03\/James-Taylor-Jukebox-Musical-In-Works.jpg","type":"image\/jpeg"}],"author":"Javier Figueroa","twitter_card":"summary_large_image","twitter_misc":{"Escrito por":"Javier Figueroa","Tiempo de lectura":"2 minutos"},"schema":{"@context":"https:\/\/schema.org","@graph":[{"@type":"Article","@id":"https:\/\/web.consaguirre.com.ar\/noticias\/james-taylor-jukebox-musical-in-works\/#article","isPartOf":{"@id":"https:\/\/web.consaguirre.com.ar\/noticias\/james-taylor-jukebox-musical-in-works\/"},"author":{"name":"Javier Figueroa","@id":"https:\/\/web.consaguirre.com.ar\/noticias\/#\/schema\/person\/6558b0cfedee7ddc5425602b237d5722"},"headline":"James Taylor Jukebox Musical In Works","datePublished":"2025-03-26T06:40:15+00:00","dateModified":"2025-03-26T06:40:16+00:00","mainEntityOfPage":{"@id":"https:\/\/web.consaguirre.com.ar\/noticias\/james-taylor-jukebox-musical-in-works\/"},"wordCount":405,"publisher":{"@id":"https:\/\/web.consaguirre.com.ar\/noticias\/#organization"},"image":{"@id":"https:\/\/web.consaguirre.com.ar\/noticias\/james-taylor-jukebox-musical-in-works\/#primaryimage"},"thumbnailUrl":"https:\/\/web.consaguirre.com.ar\/noticias\/wp-content\/uploads\/2025\/03\/James-Taylor-Jukebox-Musical-In-Works.jpg","keywords":["James","Jukebox","musical","Taylor","Works"],"articleSection":["El \u00faltimo"],"inLanguage":"es-AR"},{"@type":"WebPage","@id":"https:\/\/web.consaguirre.com.ar\/noticias\/james-taylor-jukebox-musical-in-works\/","url":"https:\/\/web.consaguirre.com.ar\/noticias\/james-taylor-jukebox-musical-in-works\/","name":"James Taylor Jukebox Musical In Works","isPartOf":{"@id":"https:\/\/web.consaguirre.com.ar\/noticias\/#website"},"primaryImageOfPage":{"@id":"https:\/\/web.consaguirre.com.ar\/noticias\/james-taylor-jukebox-musical-in-works\/#primaryimage"},"image":{"@id":"https:\/\/web.consaguirre.com.ar\/noticias\/james-taylor-jukebox-musical-in-works\/#primaryimage"},"thumbnailUrl":"https:\/\/web.consaguirre.com.ar\/noticias\/wp-content\/uploads\/2025\/03\/James-Taylor-Jukebox-Musical-In-Works.jpg","datePublished":"2025-03-26T06:40:15+00:00","dateModified":"2025-03-26T06:40:16+00:00","breadcrumb":{"@id":"https:\/\/web.consaguirre.com.ar\/noticias\/james-taylor-jukebox-musical-in-works\/#breadcrumb"},"inLanguage":"es-AR","potentialAction":[{"@type":"ReadAction","target":["https:\/\/web.consaguirre.com.ar\/noticias\/james-taylor-jukebox-musical-in-works\/"]}]},{"@type":"ImageObject","inLanguage":"es-AR","@id":"https:\/\/web.consaguirre.com.ar\/noticias\/james-taylor-jukebox-musical-in-works\/#primaryimage","url":"https:\/\/web.consaguirre.com.ar\/noticias\/wp-content\/uploads\/2025\/03\/James-Taylor-Jukebox-Musical-In-Works.jpg","contentUrl":"https:\/\/web.consaguirre.com.ar\/noticias\/wp-content\/uploads\/2025\/03\/James-Taylor-Jukebox-Musical-In-Works.jpg","width":1280,"height":1280,"caption":"James Taylor Jukebox Musical In Works"},{"@type":"BreadcrumbList","@id":"https:\/\/web.consaguirre.com.ar\/noticias\/james-taylor-jukebox-musical-in-works\/#breadcrumb","itemListElement":[{"@type":"ListItem","position":1,"name":"Inicio","item":"https:\/\/web.consaguirre.com.ar\/noticias\/"},{"@type":"ListItem","position":2,"name":"James Taylor Jukebox Musical In Works"}]},{"@type":"WebSite","@id":"https:\/\/web.consaguirre.com.ar\/noticias\/#website","url":"https:\/\/web.consaguirre.com.ar\/noticias\/","name":"Conservatorio de M\u00fasica Juli\u00e1n Aguirre","description":"","publisher":{"@id":"https:\/\/web.consaguirre.com.ar\/noticias\/#organization"},"potentialAction":[{"@type":"SearchAction","target":{"@type":"EntryPoint","urlTemplate":"https:\/\/web.consaguirre.com.ar\/noticias\/?s={search_term_string}"},"query-input":"required name=search_term_string"}],"inLanguage":"es-AR"},{"@type":"Organization","@id":"https:\/\/web.consaguirre.com.ar\/noticias\/#organization","name":"Conservatorio de M\u00fasica Juli\u00e1n Aguirre","url":"https:\/\/web.consaguirre.com.ar\/noticias\/","logo":{"@type":"ImageObject","inLanguage":"es-AR","@id":"https:\/\/web.consaguirre.com.ar\/noticias\/#\/schema\/logo\/image\/","url":"https:\/\/web.consaguirre.com.ar\/noticias\/wp-content\/uploads\/2024\/08\/Banner-Aguirre-23.jpg","contentUrl":"https:\/\/web.consaguirre.com.ar\/noticias\/wp-content\/uploads\/2024\/08\/Banner-Aguirre-23.jpg","width":1192,"height":600,"caption":"Conservatorio de M\u00fasica Juli\u00e1n Aguirre"},"image":{"@id":"https:\/\/web.consaguirre.com.ar\/noticias\/#\/schema\/logo\/image\/"}},{"@type":"Person","@id":"https:\/\/web.consaguirre.com.ar\/noticias\/#\/schema\/person\/6558b0cfedee7ddc5425602b237d5722","name":"Javier Figueroa","image":{"@type":"ImageObject","inLanguage":"es-AR","@id":"https:\/\/web.consaguirre.com.ar\/noticias\/#\/schema\/person\/image\/","url":"https:\/\/web.consaguirre.com.ar\/noticias\/wp-content\/uploads\/2024\/08\/Consaguirre-scaled.jpg","contentUrl":"https:\/\/web.consaguirre.com.ar\/noticias\/wp-content\/uploads\/2024\/08\/Consaguirre-scaled.jpg","caption":"Javier Figueroa"},"description":"Me llamo Javier Figueroa y soy redactor para el sitio oficial del Conservatorio de M\u00fasica Juli\u00e1n Aguirre en Buenos Aires, consaguirre.com. Apasionado por la m\u00fasica y la escritura, me esfuerzo por destacar los talentos y eventos de nuestra prestigiosa instituci\u00f3n. Mi trayectoria se nutre de una profunda admiraci\u00f3n por los artistas, haciendo de cada art\u00edculo una celebraci\u00f3n de la creatividad y la cultura musical.","sameAs":["https:\/\/web.consaguirre.com.ar\/noticias"]}]}},"_links":{"self":[{"href":"https:\/\/web.consaguirre.com.ar\/noticias\/wp-json\/wp\/v2\/posts\/2226"}],"collection":[{"href":"https:\/\/web.consaguirre.com.ar\/noticias\/wp-json\/wp\/v2\/posts"}],"about":[{"href":"https:\/\/web.consaguirre.com.ar\/noticias\/wp-json\/wp\/v2\/types\/post"}],"author":[{"embeddable":true,"href":"https:\/\/web.consaguirre.com.ar\/noticias\/wp-json\/wp\/v2\/users\/1"}],"replies":[{"embeddable":true,"href":"https:\/\/web.consaguirre.com.ar\/noticias\/wp-json\/wp\/v2\/comments?post=2226"}],"version-history":[{"count":1,"href":"https:\/\/web.consaguirre.com.ar\/noticias\/wp-json\/wp\/v2\/posts\/2226\/revisions"}],"predecessor-version":[{"id":2228,"href":"https:\/\/web.consaguirre.com.ar\/noticias\/wp-json\/wp\/v2\/posts\/2226\/revisions\/2228"}],"wp:featuredmedia":[{"embeddable":true,"href":"https:\/\/web.consaguirre.com.ar\/noticias\/wp-json\/wp\/v2\/media\/2227"}],"wp:attachment":[{"href":"https:\/\/web.consaguirre.com.ar\/noticias\/wp-json\/wp\/v2\/media?parent=2226"}],"wp:term":[{"taxonomy":"category","embeddable":true,"href":"https:\/\/web.consaguirre.com.ar\/noticias\/wp-json\/wp\/v2\/categories?post=2226"},{"taxonomy":"post_tag","embeddable":true,"href":"https:\/\/web.consaguirre.com.ar\/noticias\/wp-json\/wp\/v2\/tags?post=2226"}],"curies":[{"name":"wp","href":"https:\/\/api.w.org\/{rel}","templated":true}]}}