{"id":2193,"date":"2025-03-21T21:45:17","date_gmt":"2025-03-22T00:45:17","guid":{"rendered":"https:\/\/web.consaguirre.com.ar\/noticias\/el-set-de-ben-webster-and-associates-de-ben-webster-para-reedicion\/"},"modified":"2025-03-21T21:45:18","modified_gmt":"2025-03-22T00:45:18","slug":"el-set-de-ben-webster-and-associates-de-ben-webster-para-reedicion","status":"publish","type":"post","link":"https:\/\/web.consaguirre.com.ar\/noticias\/el-set-de-ben-webster-and-associates-de-ben-webster-para-reedicion\/","title":{"rendered":"El set de &#8216;Ben Webster and Associates&#8217; de Ben Webster para reedici\u00f3n"},"content":{"rendered":"<p>Ben Webster&#8217;s <em>Ben Webster y asociados<\/em> es el \u00faltimo en recibir una reedici\u00f3n de vinilo a trav\u00e9s de la serie Acoustic Sounds de Verve. Lanzado originalmente en 1959, es conocido por ser <strong>Norman Granz<\/strong>La \u00faltima empresa que muestra los \u00edconos de saxof\u00f3n tenor Ben Webster y <strong>Coleman Hawkins<\/strong> juntos.<\/p>\n<p>La pareja (que se conoci\u00f3 en la ciudad natal de Webster de Kansas City) se reuni\u00f3 por primera vez para 1957 <em>Coleman Hawkins se encuentra con Ben Webster<\/em>. Webster, cuya carrera abarc\u00f3 desde la d\u00e9cada de 1930 hasta su muerte en 1973, ha jugado con el conde Basie, Cab Calloway, Duke Ellington, Billie Holiday, Johnny Hodges y muchos otros. Granz, una figura b\u00e1sica en la historia de la m\u00fasica de jazz, fue el fundador de los sellos discogr\u00e1ficos Verve, Clef, Norgran, Down Home, Pablo y The Jazz at the Philarmonic Concert Series.<\/p>\n<div class=\"uD-YT-container\"><img decoding=\"async\" src=\"https:\/\/web.consaguirre.com.ar\/noticias\/wp-content\/uploads\/2025\/03\/1742604317_820_El-set-de-Ben-Webster-and-Associates-de-Ben-Webster.jpg\" alt=\"Video de YouTube\"><br \/>Haga clic para cargar video<\/div>\n<p>Otros grandes de jazz que aparecen en el <em>Ben Webster y asociados<\/em> El \u00e1lbum es el veterano saxofonista Budd Johnson (a quien Webster recibi\u00f3 lecciones), el trompetista Roy Eldridge, el guitarrista Les Spann, el pianista Jimmy Jones, el bajista Ray Brown y el baterista Jo Jones.<\/p>\n<p><em>Ben Webster y asociados<\/em> Incluye dos est\u00e1ndares, &#8220;Time After Time&#8221; y el extenso &#8220;en un tono suave&#8221; de Duke Ellington, m\u00e1s tres composiciones originales de Webster.<\/p>\n<p>La serie Acoustic Sounds es la serie de reedici\u00f3n de vinilo All-Analog de Verve. Cuenta con transferencias de cintas anal\u00f3gicas y vinilo remasterizado de 180 gramos en un paquete de puerta de lujo. Lanzado por primera vez en 2020, la serie suministra prensas de grado audi\u00f3filos de \u00e1lbumes ic\u00f3nicos de jazz a lo largo de la historia. La serie incluye LP de leyendas como Ella Fitzgerald, Louis Armstrong, Peggy Lee, Sonny Rollins, Mel Torme, Stan Getz, Oscar Peterson, John Lee Hooker, Lightnin &#8216;Hopkins y m\u00e1s.<\/p>\n<p><strong>Orden <em>Ben Webster y asociados<\/em> en vinilo ahora.<\/strong><\/p>\n","protected":false},"excerpt":{"rendered":"<p>Ben Webster&#8217;s Ben Webster y asociados es el \u00faltimo en recibir una reedici\u00f3n de vinilo a trav\u00e9s de la serie Acoustic Sounds de Verve. Lanzado<\/p>\n","protected":false},"author":1,"featured_media":2194,"comment_status":"closed","ping_status":"","sticky":false,"template":"","format":"standard","meta":{"footnotes":""},"categories":[50],"tags":[2173,1693,154,117,465,2172],"class_list":["post-2193","post","type-post","status-publish","format-standard","has-post-thumbnail","hentry","category-el-ultimo","tag-associates","tag-ben","tag-para","tag-reedicion","tag-set","tag-webster","generate-columns","tablet-grid-50","mobile-grid-100","grid-parent","grid-50"],"yoast_head":"<!-- This site is optimized with the Yoast SEO plugin v23.3 - https:\/\/yoast.com\/wordpress\/plugins\/seo\/ -->\n<title>El set de &#039;Ben Webster and Associates&#039; de Ben Webster para reedici\u00f3n<\/title>\n<meta name=\"robots\" content=\"index, follow, max-snippet:-1, max-image-preview:large, max-video-preview:-1\" \/>\n<link rel=\"canonical\" href=\"https:\/\/web.consaguirre.com.ar\/noticias\/el-set-de-ben-webster-and-associates-de-ben-webster-para-reedicion\/\" \/>\n<meta property=\"og:locale\" content=\"es_ES\" \/>\n<meta property=\"og:type\" content=\"article\" \/>\n<meta property=\"og:title\" content=\"El set de &#039;Ben Webster and Associates&#039; de Ben Webster para reedici\u00f3n\" \/>\n<meta property=\"og:description\" content=\"Ben Webster&#8217;s Ben Webster y asociados es el \u00faltimo en recibir una reedici\u00f3n de vinilo a trav\u00e9s de la serie Acoustic Sounds de Verve. Lanzado\" \/>\n<meta property=\"og:url\" content=\"https:\/\/web.consaguirre.com.ar\/noticias\/el-set-de-ben-webster-and-associates-de-ben-webster-para-reedicion\/\" \/>\n<meta property=\"og:site_name\" content=\"Conservatorio de M\u00fasica Juli\u00e1n Aguirre\" \/>\n<meta property=\"article:published_time\" content=\"2025-03-22T00:45:17+00:00\" \/>\n<meta property=\"article:modified_time\" content=\"2025-03-22T00:45:18+00:00\" \/>\n<meta property=\"og:image\" content=\"https:\/\/web.consaguirre.com.ar\/noticias\/wp-content\/uploads\/2025\/03\/El-set-de-Ben-Webster-and-Associates-de-Ben-Webster.jpg\" \/>\n\t<meta property=\"og:image:width\" content=\"1280\" \/>\n\t<meta property=\"og:image:height\" content=\"1280\" \/>\n\t<meta property=\"og:image:type\" content=\"image\/jpeg\" \/>\n<meta name=\"author\" content=\"Javier Figueroa\" \/>\n<meta name=\"twitter:card\" content=\"summary_large_image\" \/>\n<meta name=\"twitter:label1\" content=\"Escrito por\" \/>\n\t<meta name=\"twitter:data1\" content=\"Javier Figueroa\" \/>\n\t<meta name=\"twitter:label2\" content=\"Tiempo de lectura\" \/>\n\t<meta name=\"twitter:data2\" content=\"2 minutos\" \/>\n<script type=\"application\/ld+json\" class=\"yoast-schema-graph\">{\"@context\":\"https:\/\/schema.org\",\"@graph\":[{\"@type\":\"Article\",\"@id\":\"https:\/\/web.consaguirre.com.ar\/noticias\/el-set-de-ben-webster-and-associates-de-ben-webster-para-reedicion\/#article\",\"isPartOf\":{\"@id\":\"https:\/\/web.consaguirre.com.ar\/noticias\/el-set-de-ben-webster-and-associates-de-ben-webster-para-reedicion\/\"},\"author\":{\"name\":\"Javier Figueroa\",\"@id\":\"https:\/\/web.consaguirre.com.ar\/noticias\/#\/schema\/person\/6558b0cfedee7ddc5425602b237d5722\"},\"headline\":\"El set de &#8216;Ben Webster and Associates&#8217; de Ben Webster para reedici\u00f3n\",\"datePublished\":\"2025-03-22T00:45:17+00:00\",\"dateModified\":\"2025-03-22T00:45:18+00:00\",\"mainEntityOfPage\":{\"@id\":\"https:\/\/web.consaguirre.com.ar\/noticias\/el-set-de-ben-webster-and-associates-de-ben-webster-para-reedicion\/\"},\"wordCount\":333,\"publisher\":{\"@id\":\"https:\/\/web.consaguirre.com.ar\/noticias\/#organization\"},\"image\":{\"@id\":\"https:\/\/web.consaguirre.com.ar\/noticias\/el-set-de-ben-webster-and-associates-de-ben-webster-para-reedicion\/#primaryimage\"},\"thumbnailUrl\":\"https:\/\/web.consaguirre.com.ar\/noticias\/wp-content\/uploads\/2025\/03\/El-set-de-Ben-Webster-and-Associates-de-Ben-Webster.jpg\",\"keywords\":[\"Associates\",\"Ben\",\"para\",\"reedici\u00f3n\",\"set\",\"Webster\"],\"articleSection\":[\"El \u00faltimo\"],\"inLanguage\":\"es-AR\"},{\"@type\":\"WebPage\",\"@id\":\"https:\/\/web.consaguirre.com.ar\/noticias\/el-set-de-ben-webster-and-associates-de-ben-webster-para-reedicion\/\",\"url\":\"https:\/\/web.consaguirre.com.ar\/noticias\/el-set-de-ben-webster-and-associates-de-ben-webster-para-reedicion\/\",\"name\":\"El set de 'Ben Webster and Associates' de Ben Webster para reedici\u00f3n\",\"isPartOf\":{\"@id\":\"https:\/\/web.consaguirre.com.ar\/noticias\/#website\"},\"primaryImageOfPage\":{\"@id\":\"https:\/\/web.consaguirre.com.ar\/noticias\/el-set-de-ben-webster-and-associates-de-ben-webster-para-reedicion\/#primaryimage\"},\"image\":{\"@id\":\"https:\/\/web.consaguirre.com.ar\/noticias\/el-set-de-ben-webster-and-associates-de-ben-webster-para-reedicion\/#primaryimage\"},\"thumbnailUrl\":\"https:\/\/web.consaguirre.com.ar\/noticias\/wp-content\/uploads\/2025\/03\/El-set-de-Ben-Webster-and-Associates-de-Ben-Webster.jpg\",\"datePublished\":\"2025-03-22T00:45:17+00:00\",\"dateModified\":\"2025-03-22T00:45:18+00:00\",\"breadcrumb\":{\"@id\":\"https:\/\/web.consaguirre.com.ar\/noticias\/el-set-de-ben-webster-and-associates-de-ben-webster-para-reedicion\/#breadcrumb\"},\"inLanguage\":\"es-AR\",\"potentialAction\":[{\"@type\":\"ReadAction\",\"target\":[\"https:\/\/web.consaguirre.com.ar\/noticias\/el-set-de-ben-webster-and-associates-de-ben-webster-para-reedicion\/\"]}]},{\"@type\":\"ImageObject\",\"inLanguage\":\"es-AR\",\"@id\":\"https:\/\/web.consaguirre.com.ar\/noticias\/el-set-de-ben-webster-and-associates-de-ben-webster-para-reedicion\/#primaryimage\",\"url\":\"https:\/\/web.consaguirre.com.ar\/noticias\/wp-content\/uploads\/2025\/03\/El-set-de-Ben-Webster-and-Associates-de-Ben-Webster.jpg\",\"contentUrl\":\"https:\/\/web.consaguirre.com.ar\/noticias\/wp-content\/uploads\/2025\/03\/El-set-de-Ben-Webster-and-Associates-de-Ben-Webster.jpg\",\"width\":1280,\"height\":1280,\"caption\":\"El set de 'Ben Webster and Associates' de Ben Webster para reedici\u00f3n\"},{\"@type\":\"BreadcrumbList\",\"@id\":\"https:\/\/web.consaguirre.com.ar\/noticias\/el-set-de-ben-webster-and-associates-de-ben-webster-para-reedicion\/#breadcrumb\",\"itemListElement\":[{\"@type\":\"ListItem\",\"position\":1,\"name\":\"Inicio\",\"item\":\"https:\/\/web.consaguirre.com.ar\/noticias\/\"},{\"@type\":\"ListItem\",\"position\":2,\"name\":\"El set de &#8216;Ben Webster and Associates&#8217; de Ben Webster para reedici\u00f3n\"}]},{\"@type\":\"WebSite\",\"@id\":\"https:\/\/web.consaguirre.com.ar\/noticias\/#website\",\"url\":\"https:\/\/web.consaguirre.com.ar\/noticias\/\",\"name\":\"Conservatorio de M\u00fasica Juli\u00e1n Aguirre\",\"description\":\"\",\"publisher\":{\"@id\":\"https:\/\/web.consaguirre.com.ar\/noticias\/#organization\"},\"potentialAction\":[{\"@type\":\"SearchAction\",\"target\":{\"@type\":\"EntryPoint\",\"urlTemplate\":\"https:\/\/web.consaguirre.com.ar\/noticias\/?s={search_term_string}\"},\"query-input\":\"required name=search_term_string\"}],\"inLanguage\":\"es-AR\"},{\"@type\":\"Organization\",\"@id\":\"https:\/\/web.consaguirre.com.ar\/noticias\/#organization\",\"name\":\"Conservatorio de M\u00fasica Juli\u00e1n Aguirre\",\"url\":\"https:\/\/web.consaguirre.com.ar\/noticias\/\",\"logo\":{\"@type\":\"ImageObject\",\"inLanguage\":\"es-AR\",\"@id\":\"https:\/\/web.consaguirre.com.ar\/noticias\/#\/schema\/logo\/image\/\",\"url\":\"https:\/\/web.consaguirre.com.ar\/noticias\/wp-content\/uploads\/2024\/08\/Banner-Aguirre-23.jpg\",\"contentUrl\":\"https:\/\/web.consaguirre.com.ar\/noticias\/wp-content\/uploads\/2024\/08\/Banner-Aguirre-23.jpg\",\"width\":1192,\"height\":600,\"caption\":\"Conservatorio de M\u00fasica Juli\u00e1n Aguirre\"},\"image\":{\"@id\":\"https:\/\/web.consaguirre.com.ar\/noticias\/#\/schema\/logo\/image\/\"}},{\"@type\":\"Person\",\"@id\":\"https:\/\/web.consaguirre.com.ar\/noticias\/#\/schema\/person\/6558b0cfedee7ddc5425602b237d5722\",\"name\":\"Javier Figueroa\",\"image\":{\"@type\":\"ImageObject\",\"inLanguage\":\"es-AR\",\"@id\":\"https:\/\/web.consaguirre.com.ar\/noticias\/#\/schema\/person\/image\/\",\"url\":\"https:\/\/web.consaguirre.com.ar\/noticias\/wp-content\/uploads\/2024\/08\/Consaguirre-scaled.jpg\",\"contentUrl\":\"https:\/\/web.consaguirre.com.ar\/noticias\/wp-content\/uploads\/2024\/08\/Consaguirre-scaled.jpg\",\"caption\":\"Javier Figueroa\"},\"description\":\"Me llamo Javier Figueroa y soy redactor para el sitio oficial del Conservatorio de M\u00fasica Juli\u00e1n Aguirre en Buenos Aires, consaguirre.com. Apasionado por la m\u00fasica y la escritura, me esfuerzo por destacar los talentos y eventos de nuestra prestigiosa instituci\u00f3n. Mi trayectoria se nutre de una profunda admiraci\u00f3n por los artistas, haciendo de cada art\u00edculo una celebraci\u00f3n de la creatividad y la cultura musical.\",\"sameAs\":[\"https:\/\/web.consaguirre.com.ar\/noticias\"]}]}<\/script>\n<!-- \/ Yoast SEO plugin. -->","yoast_head_json":{"title":"El set de 'Ben Webster and Associates' de Ben Webster para reedici\u00f3n","robots":{"index":"index","follow":"follow","max-snippet":"max-snippet:-1","max-image-preview":"max-image-preview:large","max-video-preview":"max-video-preview:-1"},"canonical":"https:\/\/web.consaguirre.com.ar\/noticias\/el-set-de-ben-webster-and-associates-de-ben-webster-para-reedicion\/","og_locale":"es_ES","og_type":"article","og_title":"El set de 'Ben Webster and Associates' de Ben Webster para reedici\u00f3n","og_description":"Ben Webster&#8217;s Ben Webster y asociados es el \u00faltimo en recibir una reedici\u00f3n de vinilo a trav\u00e9s de la serie Acoustic Sounds de Verve. Lanzado","og_url":"https:\/\/web.consaguirre.com.ar\/noticias\/el-set-de-ben-webster-and-associates-de-ben-webster-para-reedicion\/","og_site_name":"Conservatorio de M\u00fasica Juli\u00e1n Aguirre","article_published_time":"2025-03-22T00:45:17+00:00","article_modified_time":"2025-03-22T00:45:18+00:00","og_image":[{"width":1280,"height":1280,"url":"https:\/\/web.consaguirre.com.ar\/noticias\/wp-content\/uploads\/2025\/03\/El-set-de-Ben-Webster-and-Associates-de-Ben-Webster.jpg","type":"image\/jpeg"}],"author":"Javier Figueroa","twitter_card":"summary_large_image","twitter_misc":{"Escrito por":"Javier Figueroa","Tiempo de lectura":"2 minutos"},"schema":{"@context":"https:\/\/schema.org","@graph":[{"@type":"Article","@id":"https:\/\/web.consaguirre.com.ar\/noticias\/el-set-de-ben-webster-and-associates-de-ben-webster-para-reedicion\/#article","isPartOf":{"@id":"https:\/\/web.consaguirre.com.ar\/noticias\/el-set-de-ben-webster-and-associates-de-ben-webster-para-reedicion\/"},"author":{"name":"Javier Figueroa","@id":"https:\/\/web.consaguirre.com.ar\/noticias\/#\/schema\/person\/6558b0cfedee7ddc5425602b237d5722"},"headline":"El set de &#8216;Ben Webster and Associates&#8217; de Ben Webster para reedici\u00f3n","datePublished":"2025-03-22T00:45:17+00:00","dateModified":"2025-03-22T00:45:18+00:00","mainEntityOfPage":{"@id":"https:\/\/web.consaguirre.com.ar\/noticias\/el-set-de-ben-webster-and-associates-de-ben-webster-para-reedicion\/"},"wordCount":333,"publisher":{"@id":"https:\/\/web.consaguirre.com.ar\/noticias\/#organization"},"image":{"@id":"https:\/\/web.consaguirre.com.ar\/noticias\/el-set-de-ben-webster-and-associates-de-ben-webster-para-reedicion\/#primaryimage"},"thumbnailUrl":"https:\/\/web.consaguirre.com.ar\/noticias\/wp-content\/uploads\/2025\/03\/El-set-de-Ben-Webster-and-Associates-de-Ben-Webster.jpg","keywords":["Associates","Ben","para","reedici\u00f3n","set","Webster"],"articleSection":["El \u00faltimo"],"inLanguage":"es-AR"},{"@type":"WebPage","@id":"https:\/\/web.consaguirre.com.ar\/noticias\/el-set-de-ben-webster-and-associates-de-ben-webster-para-reedicion\/","url":"https:\/\/web.consaguirre.com.ar\/noticias\/el-set-de-ben-webster-and-associates-de-ben-webster-para-reedicion\/","name":"El set de 'Ben Webster and Associates' de Ben Webster para reedici\u00f3n","isPartOf":{"@id":"https:\/\/web.consaguirre.com.ar\/noticias\/#website"},"primaryImageOfPage":{"@id":"https:\/\/web.consaguirre.com.ar\/noticias\/el-set-de-ben-webster-and-associates-de-ben-webster-para-reedicion\/#primaryimage"},"image":{"@id":"https:\/\/web.consaguirre.com.ar\/noticias\/el-set-de-ben-webster-and-associates-de-ben-webster-para-reedicion\/#primaryimage"},"thumbnailUrl":"https:\/\/web.consaguirre.com.ar\/noticias\/wp-content\/uploads\/2025\/03\/El-set-de-Ben-Webster-and-Associates-de-Ben-Webster.jpg","datePublished":"2025-03-22T00:45:17+00:00","dateModified":"2025-03-22T00:45:18+00:00","breadcrumb":{"@id":"https:\/\/web.consaguirre.com.ar\/noticias\/el-set-de-ben-webster-and-associates-de-ben-webster-para-reedicion\/#breadcrumb"},"inLanguage":"es-AR","potentialAction":[{"@type":"ReadAction","target":["https:\/\/web.consaguirre.com.ar\/noticias\/el-set-de-ben-webster-and-associates-de-ben-webster-para-reedicion\/"]}]},{"@type":"ImageObject","inLanguage":"es-AR","@id":"https:\/\/web.consaguirre.com.ar\/noticias\/el-set-de-ben-webster-and-associates-de-ben-webster-para-reedicion\/#primaryimage","url":"https:\/\/web.consaguirre.com.ar\/noticias\/wp-content\/uploads\/2025\/03\/El-set-de-Ben-Webster-and-Associates-de-Ben-Webster.jpg","contentUrl":"https:\/\/web.consaguirre.com.ar\/noticias\/wp-content\/uploads\/2025\/03\/El-set-de-Ben-Webster-and-Associates-de-Ben-Webster.jpg","width":1280,"height":1280,"caption":"El set de 'Ben Webster and Associates' de Ben Webster para reedici\u00f3n"},{"@type":"BreadcrumbList","@id":"https:\/\/web.consaguirre.com.ar\/noticias\/el-set-de-ben-webster-and-associates-de-ben-webster-para-reedicion\/#breadcrumb","itemListElement":[{"@type":"ListItem","position":1,"name":"Inicio","item":"https:\/\/web.consaguirre.com.ar\/noticias\/"},{"@type":"ListItem","position":2,"name":"El set de &#8216;Ben Webster and Associates&#8217; de Ben Webster para reedici\u00f3n"}]},{"@type":"WebSite","@id":"https:\/\/web.consaguirre.com.ar\/noticias\/#website","url":"https:\/\/web.consaguirre.com.ar\/noticias\/","name":"Conservatorio de M\u00fasica Juli\u00e1n Aguirre","description":"","publisher":{"@id":"https:\/\/web.consaguirre.com.ar\/noticias\/#organization"},"potentialAction":[{"@type":"SearchAction","target":{"@type":"EntryPoint","urlTemplate":"https:\/\/web.consaguirre.com.ar\/noticias\/?s={search_term_string}"},"query-input":"required name=search_term_string"}],"inLanguage":"es-AR"},{"@type":"Organization","@id":"https:\/\/web.consaguirre.com.ar\/noticias\/#organization","name":"Conservatorio de M\u00fasica Juli\u00e1n Aguirre","url":"https:\/\/web.consaguirre.com.ar\/noticias\/","logo":{"@type":"ImageObject","inLanguage":"es-AR","@id":"https:\/\/web.consaguirre.com.ar\/noticias\/#\/schema\/logo\/image\/","url":"https:\/\/web.consaguirre.com.ar\/noticias\/wp-content\/uploads\/2024\/08\/Banner-Aguirre-23.jpg","contentUrl":"https:\/\/web.consaguirre.com.ar\/noticias\/wp-content\/uploads\/2024\/08\/Banner-Aguirre-23.jpg","width":1192,"height":600,"caption":"Conservatorio de M\u00fasica Juli\u00e1n Aguirre"},"image":{"@id":"https:\/\/web.consaguirre.com.ar\/noticias\/#\/schema\/logo\/image\/"}},{"@type":"Person","@id":"https:\/\/web.consaguirre.com.ar\/noticias\/#\/schema\/person\/6558b0cfedee7ddc5425602b237d5722","name":"Javier Figueroa","image":{"@type":"ImageObject","inLanguage":"es-AR","@id":"https:\/\/web.consaguirre.com.ar\/noticias\/#\/schema\/person\/image\/","url":"https:\/\/web.consaguirre.com.ar\/noticias\/wp-content\/uploads\/2024\/08\/Consaguirre-scaled.jpg","contentUrl":"https:\/\/web.consaguirre.com.ar\/noticias\/wp-content\/uploads\/2024\/08\/Consaguirre-scaled.jpg","caption":"Javier Figueroa"},"description":"Me llamo Javier Figueroa y soy redactor para el sitio oficial del Conservatorio de M\u00fasica Juli\u00e1n Aguirre en Buenos Aires, consaguirre.com. Apasionado por la m\u00fasica y la escritura, me esfuerzo por destacar los talentos y eventos de nuestra prestigiosa instituci\u00f3n. Mi trayectoria se nutre de una profunda admiraci\u00f3n por los artistas, haciendo de cada art\u00edculo una celebraci\u00f3n de la creatividad y la cultura musical.","sameAs":["https:\/\/web.consaguirre.com.ar\/noticias"]}]}},"_links":{"self":[{"href":"https:\/\/web.consaguirre.com.ar\/noticias\/wp-json\/wp\/v2\/posts\/2193"}],"collection":[{"href":"https:\/\/web.consaguirre.com.ar\/noticias\/wp-json\/wp\/v2\/posts"}],"about":[{"href":"https:\/\/web.consaguirre.com.ar\/noticias\/wp-json\/wp\/v2\/types\/post"}],"author":[{"embeddable":true,"href":"https:\/\/web.consaguirre.com.ar\/noticias\/wp-json\/wp\/v2\/users\/1"}],"replies":[{"embeddable":true,"href":"https:\/\/web.consaguirre.com.ar\/noticias\/wp-json\/wp\/v2\/comments?post=2193"}],"version-history":[{"count":1,"href":"https:\/\/web.consaguirre.com.ar\/noticias\/wp-json\/wp\/v2\/posts\/2193\/revisions"}],"predecessor-version":[{"id":2195,"href":"https:\/\/web.consaguirre.com.ar\/noticias\/wp-json\/wp\/v2\/posts\/2193\/revisions\/2195"}],"wp:featuredmedia":[{"embeddable":true,"href":"https:\/\/web.consaguirre.com.ar\/noticias\/wp-json\/wp\/v2\/media\/2194"}],"wp:attachment":[{"href":"https:\/\/web.consaguirre.com.ar\/noticias\/wp-json\/wp\/v2\/media?parent=2193"}],"wp:term":[{"taxonomy":"category","embeddable":true,"href":"https:\/\/web.consaguirre.com.ar\/noticias\/wp-json\/wp\/v2\/categories?post=2193"},{"taxonomy":"post_tag","embeddable":true,"href":"https:\/\/web.consaguirre.com.ar\/noticias\/wp-json\/wp\/v2\/tags?post=2193"}],"curies":[{"name":"wp","href":"https:\/\/api.w.org\/{rel}","templated":true}]}}