{"id":215,"date":"2024-08-26T15:59:06","date_gmt":"2024-08-26T18:59:06","guid":{"rendered":"https:\/\/web.consaguirre.com.ar\/noticias\/sabor-sureno-de-sonora-poncena-celebra-50-anos-con-nueva-reedicion\/"},"modified":"2024-09-08T16:27:50","modified_gmt":"2024-09-08T19:27:50","slug":"sabor-sureno-de-sonora-poncena-celebra-50-anos-con-nueva-reedicion","status":"publish","type":"post","link":"https:\/\/web.consaguirre.com.ar\/noticias\/sabor-sureno-de-sonora-poncena-celebra-50-anos-con-nueva-reedicion\/","title":{"rendered":"&#8216;Sabor Sure\u00f1o&#8217; de Sonora Ponce\u00f1a celebra 50 a\u00f1os con nueva reedici\u00f3n"},"content":{"rendered":"<p>Conmemorando el 50 aniversario del s\u00e9ptimo \u00e1lbum de la famosa banda puertorrique\u00f1a Sonora Ponce\u00f1a <em>Sabor Sure\u00f1o<\/em>Craft Latino ha anunciado una reedici\u00f3n especial del disco de salsa que se ha convertido en un referente. El \u00e1lbum ya est\u00e1 disponible para pedidos anticipados antes de su lanzamiento oficial el 18 de octubre.<\/p>\n<p>Con conocidos favoritos de los fan\u00e1ticos como \u201cJuana Bayona\u201d, \u201cEcue Baroni\u201d y \u201cLas mujeres son de az\u00facar\u201d, el \u00e1lbum de Sonora Ponce\u00f1a fue lanzado inicialmente a trav\u00e9s de <strong>Registros Incas<\/strong> (una subsidiaria de <strong>Fania Records<\/strong>) en 1974. Esa historia se conserva, literalmente, en la nueva reedici\u00f3n, que se ha prensado en vinilo de 180 gramos y utiliza lacas cortadas de esos masters originales. Los devotos tambi\u00e9n pueden conseguir una de las 300 variantes limitadas de vinilo morado, as\u00ed como una camiseta a trav\u00e9s de la opci\u00f3n de paquete. En formato digital, Sabor Sure\u00f1o tambi\u00e9n har\u00e1 su debut en audio 192\/24.<\/p>\n<div class=\"uD-YT-container\"><img decoding=\"async\" src=\"https:\/\/web.consaguirre.com.ar\/noticias\/wp-content\/uploads\/2024\/08\/1724698746_419_Sabor-Sureno-de-Sonora-Poncena-celebra-50-anos-con-nueva.jpg\" alt=\"V\u00eddeo de YouTube\"><\/p>\n<\/div>\n<p>La historia de la Sonora Ponce\u00f1a se extiende por d\u00e9cadas, desde sus inicios en 1944 como El Conjunto Internacional. Pero fue cuando el hijo de 8 a\u00f1os de Enrique \u201cQuique\u201d Lucca Caraballo, Enrique \u201cPapo\u201d Lucca Qui\u00f1onez, Jr., miembro fundador, se uni\u00f3 al grupo como pianista que su carrera realmente despeg\u00f3. Despu\u00e9s de a\u00f1os de demostrar sus habilidades como prodigio musical, Papo finalmente asumi\u00f3 el cargo de l\u00edder de la banda a fines de la d\u00e9cada de 1960. El \u00e9xito de la banda continu\u00f3 mucho m\u00e1s all\u00e1 de <em>Sabor Sure\u00f1o<\/em>Papo continu\u00f3 recibiendo honores y premios a lo largo de los a\u00f1os 90 y 2000, incluso del gobierno de Puerto Rico, que bautiz\u00f3 el \u201cD\u00eda Nacional de la Salsa\u201d en su honor en 2004.<\/p>\n<p>Fania Records, por su parte, celebra este a\u00f1o su 60 aniversario y conmemora la ocasi\u00f3n con m\u00e1s de una docena de reediciones en vinilo, adem\u00e1s de una docena de ediciones digitales adicionales, a trav\u00e9s de Craft Latino, la divisi\u00f3n latina de Craft Recordings. Fania Records surgi\u00f3 en la d\u00e9cada de 1960 como pionera de la m\u00fasica salsa, ayudando a popularizar el g\u00e9nero a nivel mundial. El sello tambi\u00e9n acoge a artistas que r\u00e1pidamente se convirtieron en nombres conocidos, como Tito Puente y Celia Cruz.<\/p>\n<p><strong>Ordena Sonora Ponce\u00f1a <em>Sabor Sure\u00f1o<\/em> ahora.<\/strong><\/p>\n","protected":false},"excerpt":{"rendered":"<p>Conmemorando el 50 aniversario del s\u00e9ptimo \u00e1lbum de la famosa banda puertorrique\u00f1a Sonora Ponce\u00f1a Sabor Sure\u00f1oCraft Latino ha anunciado una reedici\u00f3n especial del disco de<\/p>\n","protected":false},"author":1,"featured_media":216,"comment_status":"closed","ping_status":"open","sticky":false,"template":"","format":"standard","meta":{"footnotes":""},"categories":[50],"tags":[115,114,32,116,113,117,110,112,111],"class_list":["post-215","post","type-post","status-publish","format-standard","has-post-thumbnail","hentry","category-el-ultimo","tag-anos","tag-celebra","tag-con","tag-nueva","tag-poncena","tag-reedicion","tag-sabor","tag-sonora","tag-sureno","generate-columns","tablet-grid-50","mobile-grid-100","grid-parent","grid-50"],"yoast_head":"<!-- This site is optimized with the Yoast SEO plugin v23.3 - https:\/\/yoast.com\/wordpress\/plugins\/seo\/ -->\n<title>&#039;Sabor Sure\u00f1o&#039; de Sonora Ponce\u00f1a celebra 50 a\u00f1os con nueva reedici\u00f3n<\/title>\n<meta name=\"robots\" content=\"index, follow, max-snippet:-1, max-image-preview:large, max-video-preview:-1\" \/>\n<link rel=\"canonical\" href=\"https:\/\/web.consaguirre.com.ar\/noticias\/sabor-sureno-de-sonora-poncena-celebra-50-anos-con-nueva-reedicion\/\" \/>\n<meta property=\"og:locale\" content=\"es_ES\" \/>\n<meta property=\"og:type\" content=\"article\" \/>\n<meta property=\"og:title\" content=\"&#039;Sabor Sure\u00f1o&#039; de Sonora Ponce\u00f1a celebra 50 a\u00f1os con nueva reedici\u00f3n\" \/>\n<meta property=\"og:description\" content=\"Conmemorando el 50 aniversario del s\u00e9ptimo \u00e1lbum de la famosa banda puertorrique\u00f1a Sonora Ponce\u00f1a Sabor Sure\u00f1oCraft Latino ha anunciado una reedici\u00f3n especial del disco de\" \/>\n<meta property=\"og:url\" content=\"https:\/\/web.consaguirre.com.ar\/noticias\/sabor-sureno-de-sonora-poncena-celebra-50-anos-con-nueva-reedicion\/\" \/>\n<meta property=\"og:site_name\" content=\"Conservatorio de M\u00fasica Juli\u00e1n Aguirre\" \/>\n<meta property=\"article:published_time\" content=\"2024-08-26T18:59:06+00:00\" \/>\n<meta property=\"article:modified_time\" content=\"2024-09-08T19:27:50+00:00\" \/>\n<meta property=\"og:image\" content=\"https:\/\/web.consaguirre.com.ar\/noticias\/wp-content\/uploads\/2024\/08\/Sabor-Sureno-de-Sonora-Poncena-celebra-50-anos-con-nueva.jpg\" \/>\n\t<meta property=\"og:image:width\" content=\"1280\" \/>\n\t<meta property=\"og:image:height\" content=\"1280\" \/>\n\t<meta property=\"og:image:type\" content=\"image\/jpeg\" \/>\n<meta name=\"author\" content=\"Javier Figueroa\" \/>\n<meta name=\"twitter:card\" content=\"summary_large_image\" \/>\n<meta name=\"twitter:label1\" content=\"Escrito por\" \/>\n\t<meta name=\"twitter:data1\" content=\"Javier Figueroa\" \/>\n\t<meta name=\"twitter:label2\" content=\"Tiempo de lectura\" \/>\n\t<meta name=\"twitter:data2\" content=\"2 minutos\" \/>\n<script type=\"application\/ld+json\" class=\"yoast-schema-graph\">{\"@context\":\"https:\/\/schema.org\",\"@graph\":[{\"@type\":\"Article\",\"@id\":\"https:\/\/web.consaguirre.com.ar\/noticias\/sabor-sureno-de-sonora-poncena-celebra-50-anos-con-nueva-reedicion\/#article\",\"isPartOf\":{\"@id\":\"https:\/\/web.consaguirre.com.ar\/noticias\/sabor-sureno-de-sonora-poncena-celebra-50-anos-con-nueva-reedicion\/\"},\"author\":{\"name\":\"Javier Figueroa\",\"@id\":\"https:\/\/web.consaguirre.com.ar\/noticias\/#\/schema\/person\/6558b0cfedee7ddc5425602b237d5722\"},\"headline\":\"&#8216;Sabor Sure\u00f1o&#8217; de Sonora Ponce\u00f1a celebra 50 a\u00f1os con nueva reedici\u00f3n\",\"datePublished\":\"2024-08-26T18:59:06+00:00\",\"dateModified\":\"2024-09-08T19:27:50+00:00\",\"mainEntityOfPage\":{\"@id\":\"https:\/\/web.consaguirre.com.ar\/noticias\/sabor-sureno-de-sonora-poncena-celebra-50-anos-con-nueva-reedicion\/\"},\"wordCount\":402,\"publisher\":{\"@id\":\"https:\/\/web.consaguirre.com.ar\/noticias\/#organization\"},\"image\":{\"@id\":\"https:\/\/web.consaguirre.com.ar\/noticias\/sabor-sureno-de-sonora-poncena-celebra-50-anos-con-nueva-reedicion\/#primaryimage\"},\"thumbnailUrl\":\"https:\/\/web.consaguirre.com.ar\/noticias\/wp-content\/uploads\/2024\/08\/Sabor-Sureno-de-Sonora-Poncena-celebra-50-anos-con-nueva.jpg\",\"keywords\":[\"a\u00f1os\",\"celebra\",\"con\",\"nueva\",\"Ponce\u00f1a\",\"reedici\u00f3n\",\"Sabor\",\"Sonora\",\"Sure\u00f1o\"],\"articleSection\":[\"El \u00faltimo\"],\"inLanguage\":\"es-AR\"},{\"@type\":\"WebPage\",\"@id\":\"https:\/\/web.consaguirre.com.ar\/noticias\/sabor-sureno-de-sonora-poncena-celebra-50-anos-con-nueva-reedicion\/\",\"url\":\"https:\/\/web.consaguirre.com.ar\/noticias\/sabor-sureno-de-sonora-poncena-celebra-50-anos-con-nueva-reedicion\/\",\"name\":\"'Sabor Sure\u00f1o' de Sonora Ponce\u00f1a celebra 50 a\u00f1os con nueva reedici\u00f3n\",\"isPartOf\":{\"@id\":\"https:\/\/web.consaguirre.com.ar\/noticias\/#website\"},\"primaryImageOfPage\":{\"@id\":\"https:\/\/web.consaguirre.com.ar\/noticias\/sabor-sureno-de-sonora-poncena-celebra-50-anos-con-nueva-reedicion\/#primaryimage\"},\"image\":{\"@id\":\"https:\/\/web.consaguirre.com.ar\/noticias\/sabor-sureno-de-sonora-poncena-celebra-50-anos-con-nueva-reedicion\/#primaryimage\"},\"thumbnailUrl\":\"https:\/\/web.consaguirre.com.ar\/noticias\/wp-content\/uploads\/2024\/08\/Sabor-Sureno-de-Sonora-Poncena-celebra-50-anos-con-nueva.jpg\",\"datePublished\":\"2024-08-26T18:59:06+00:00\",\"dateModified\":\"2024-09-08T19:27:50+00:00\",\"breadcrumb\":{\"@id\":\"https:\/\/web.consaguirre.com.ar\/noticias\/sabor-sureno-de-sonora-poncena-celebra-50-anos-con-nueva-reedicion\/#breadcrumb\"},\"inLanguage\":\"es-AR\",\"potentialAction\":[{\"@type\":\"ReadAction\",\"target\":[\"https:\/\/web.consaguirre.com.ar\/noticias\/sabor-sureno-de-sonora-poncena-celebra-50-anos-con-nueva-reedicion\/\"]}]},{\"@type\":\"ImageObject\",\"inLanguage\":\"es-AR\",\"@id\":\"https:\/\/web.consaguirre.com.ar\/noticias\/sabor-sureno-de-sonora-poncena-celebra-50-anos-con-nueva-reedicion\/#primaryimage\",\"url\":\"https:\/\/web.consaguirre.com.ar\/noticias\/wp-content\/uploads\/2024\/08\/Sabor-Sureno-de-Sonora-Poncena-celebra-50-anos-con-nueva.jpg\",\"contentUrl\":\"https:\/\/web.consaguirre.com.ar\/noticias\/wp-content\/uploads\/2024\/08\/Sabor-Sureno-de-Sonora-Poncena-celebra-50-anos-con-nueva.jpg\",\"width\":1280,\"height\":1280,\"caption\":\"'Sabor Sure\u00f1o' de Sonora Ponce\u00f1a celebra 50 a\u00f1os con nueva reedici\u00f3n\"},{\"@type\":\"BreadcrumbList\",\"@id\":\"https:\/\/web.consaguirre.com.ar\/noticias\/sabor-sureno-de-sonora-poncena-celebra-50-anos-con-nueva-reedicion\/#breadcrumb\",\"itemListElement\":[{\"@type\":\"ListItem\",\"position\":1,\"name\":\"Inicio\",\"item\":\"https:\/\/web.consaguirre.com.ar\/noticias\/\"},{\"@type\":\"ListItem\",\"position\":2,\"name\":\"&#8216;Sabor Sure\u00f1o&#8217; de Sonora Ponce\u00f1a celebra 50 a\u00f1os con nueva reedici\u00f3n\"}]},{\"@type\":\"WebSite\",\"@id\":\"https:\/\/web.consaguirre.com.ar\/noticias\/#website\",\"url\":\"https:\/\/web.consaguirre.com.ar\/noticias\/\",\"name\":\"Conservatorio de M\u00fasica Juli\u00e1n Aguirre\",\"description\":\"\",\"publisher\":{\"@id\":\"https:\/\/web.consaguirre.com.ar\/noticias\/#organization\"},\"potentialAction\":[{\"@type\":\"SearchAction\",\"target\":{\"@type\":\"EntryPoint\",\"urlTemplate\":\"https:\/\/web.consaguirre.com.ar\/noticias\/?s={search_term_string}\"},\"query-input\":\"required name=search_term_string\"}],\"inLanguage\":\"es-AR\"},{\"@type\":\"Organization\",\"@id\":\"https:\/\/web.consaguirre.com.ar\/noticias\/#organization\",\"name\":\"Conservatorio de M\u00fasica Juli\u00e1n Aguirre\",\"url\":\"https:\/\/web.consaguirre.com.ar\/noticias\/\",\"logo\":{\"@type\":\"ImageObject\",\"inLanguage\":\"es-AR\",\"@id\":\"https:\/\/web.consaguirre.com.ar\/noticias\/#\/schema\/logo\/image\/\",\"url\":\"https:\/\/web.consaguirre.com.ar\/noticias\/wp-content\/uploads\/2024\/08\/Banner-Aguirre-23.jpg\",\"contentUrl\":\"https:\/\/web.consaguirre.com.ar\/noticias\/wp-content\/uploads\/2024\/08\/Banner-Aguirre-23.jpg\",\"width\":1192,\"height\":600,\"caption\":\"Conservatorio de M\u00fasica Juli\u00e1n Aguirre\"},\"image\":{\"@id\":\"https:\/\/web.consaguirre.com.ar\/noticias\/#\/schema\/logo\/image\/\"}},{\"@type\":\"Person\",\"@id\":\"https:\/\/web.consaguirre.com.ar\/noticias\/#\/schema\/person\/6558b0cfedee7ddc5425602b237d5722\",\"name\":\"Javier Figueroa\",\"image\":{\"@type\":\"ImageObject\",\"inLanguage\":\"es-AR\",\"@id\":\"https:\/\/web.consaguirre.com.ar\/noticias\/#\/schema\/person\/image\/\",\"url\":\"https:\/\/web.consaguirre.com.ar\/noticias\/wp-content\/uploads\/2024\/08\/Consaguirre-scaled.jpg\",\"contentUrl\":\"https:\/\/web.consaguirre.com.ar\/noticias\/wp-content\/uploads\/2024\/08\/Consaguirre-scaled.jpg\",\"caption\":\"Javier Figueroa\"},\"description\":\"Me llamo Javier Figueroa y soy redactor para el sitio oficial del Conservatorio de M\u00fasica Juli\u00e1n Aguirre en Buenos Aires, consaguirre.com. Apasionado por la m\u00fasica y la escritura, me esfuerzo por destacar los talentos y eventos de nuestra prestigiosa instituci\u00f3n. Mi trayectoria se nutre de una profunda admiraci\u00f3n por los artistas, haciendo de cada art\u00edculo una celebraci\u00f3n de la creatividad y la cultura musical.\",\"sameAs\":[\"https:\/\/web.consaguirre.com.ar\/noticias\"]}]}<\/script>\n<!-- \/ Yoast SEO plugin. -->","yoast_head_json":{"title":"'Sabor Sure\u00f1o' de Sonora Ponce\u00f1a celebra 50 a\u00f1os con nueva reedici\u00f3n","robots":{"index":"index","follow":"follow","max-snippet":"max-snippet:-1","max-image-preview":"max-image-preview:large","max-video-preview":"max-video-preview:-1"},"canonical":"https:\/\/web.consaguirre.com.ar\/noticias\/sabor-sureno-de-sonora-poncena-celebra-50-anos-con-nueva-reedicion\/","og_locale":"es_ES","og_type":"article","og_title":"'Sabor Sure\u00f1o' de Sonora Ponce\u00f1a celebra 50 a\u00f1os con nueva reedici\u00f3n","og_description":"Conmemorando el 50 aniversario del s\u00e9ptimo \u00e1lbum de la famosa banda puertorrique\u00f1a Sonora Ponce\u00f1a Sabor Sure\u00f1oCraft Latino ha anunciado una reedici\u00f3n especial del disco de","og_url":"https:\/\/web.consaguirre.com.ar\/noticias\/sabor-sureno-de-sonora-poncena-celebra-50-anos-con-nueva-reedicion\/","og_site_name":"Conservatorio de M\u00fasica Juli\u00e1n Aguirre","article_published_time":"2024-08-26T18:59:06+00:00","article_modified_time":"2024-09-08T19:27:50+00:00","og_image":[{"width":1280,"height":1280,"url":"https:\/\/web.consaguirre.com.ar\/noticias\/wp-content\/uploads\/2024\/08\/Sabor-Sureno-de-Sonora-Poncena-celebra-50-anos-con-nueva.jpg","type":"image\/jpeg"}],"author":"Javier Figueroa","twitter_card":"summary_large_image","twitter_misc":{"Escrito por":"Javier Figueroa","Tiempo de lectura":"2 minutos"},"schema":{"@context":"https:\/\/schema.org","@graph":[{"@type":"Article","@id":"https:\/\/web.consaguirre.com.ar\/noticias\/sabor-sureno-de-sonora-poncena-celebra-50-anos-con-nueva-reedicion\/#article","isPartOf":{"@id":"https:\/\/web.consaguirre.com.ar\/noticias\/sabor-sureno-de-sonora-poncena-celebra-50-anos-con-nueva-reedicion\/"},"author":{"name":"Javier Figueroa","@id":"https:\/\/web.consaguirre.com.ar\/noticias\/#\/schema\/person\/6558b0cfedee7ddc5425602b237d5722"},"headline":"&#8216;Sabor Sure\u00f1o&#8217; de Sonora Ponce\u00f1a celebra 50 a\u00f1os con nueva reedici\u00f3n","datePublished":"2024-08-26T18:59:06+00:00","dateModified":"2024-09-08T19:27:50+00:00","mainEntityOfPage":{"@id":"https:\/\/web.consaguirre.com.ar\/noticias\/sabor-sureno-de-sonora-poncena-celebra-50-anos-con-nueva-reedicion\/"},"wordCount":402,"publisher":{"@id":"https:\/\/web.consaguirre.com.ar\/noticias\/#organization"},"image":{"@id":"https:\/\/web.consaguirre.com.ar\/noticias\/sabor-sureno-de-sonora-poncena-celebra-50-anos-con-nueva-reedicion\/#primaryimage"},"thumbnailUrl":"https:\/\/web.consaguirre.com.ar\/noticias\/wp-content\/uploads\/2024\/08\/Sabor-Sureno-de-Sonora-Poncena-celebra-50-anos-con-nueva.jpg","keywords":["a\u00f1os","celebra","con","nueva","Ponce\u00f1a","reedici\u00f3n","Sabor","Sonora","Sure\u00f1o"],"articleSection":["El \u00faltimo"],"inLanguage":"es-AR"},{"@type":"WebPage","@id":"https:\/\/web.consaguirre.com.ar\/noticias\/sabor-sureno-de-sonora-poncena-celebra-50-anos-con-nueva-reedicion\/","url":"https:\/\/web.consaguirre.com.ar\/noticias\/sabor-sureno-de-sonora-poncena-celebra-50-anos-con-nueva-reedicion\/","name":"'Sabor Sure\u00f1o' de Sonora Ponce\u00f1a celebra 50 a\u00f1os con nueva reedici\u00f3n","isPartOf":{"@id":"https:\/\/web.consaguirre.com.ar\/noticias\/#website"},"primaryImageOfPage":{"@id":"https:\/\/web.consaguirre.com.ar\/noticias\/sabor-sureno-de-sonora-poncena-celebra-50-anos-con-nueva-reedicion\/#primaryimage"},"image":{"@id":"https:\/\/web.consaguirre.com.ar\/noticias\/sabor-sureno-de-sonora-poncena-celebra-50-anos-con-nueva-reedicion\/#primaryimage"},"thumbnailUrl":"https:\/\/web.consaguirre.com.ar\/noticias\/wp-content\/uploads\/2024\/08\/Sabor-Sureno-de-Sonora-Poncena-celebra-50-anos-con-nueva.jpg","datePublished":"2024-08-26T18:59:06+00:00","dateModified":"2024-09-08T19:27:50+00:00","breadcrumb":{"@id":"https:\/\/web.consaguirre.com.ar\/noticias\/sabor-sureno-de-sonora-poncena-celebra-50-anos-con-nueva-reedicion\/#breadcrumb"},"inLanguage":"es-AR","potentialAction":[{"@type":"ReadAction","target":["https:\/\/web.consaguirre.com.ar\/noticias\/sabor-sureno-de-sonora-poncena-celebra-50-anos-con-nueva-reedicion\/"]}]},{"@type":"ImageObject","inLanguage":"es-AR","@id":"https:\/\/web.consaguirre.com.ar\/noticias\/sabor-sureno-de-sonora-poncena-celebra-50-anos-con-nueva-reedicion\/#primaryimage","url":"https:\/\/web.consaguirre.com.ar\/noticias\/wp-content\/uploads\/2024\/08\/Sabor-Sureno-de-Sonora-Poncena-celebra-50-anos-con-nueva.jpg","contentUrl":"https:\/\/web.consaguirre.com.ar\/noticias\/wp-content\/uploads\/2024\/08\/Sabor-Sureno-de-Sonora-Poncena-celebra-50-anos-con-nueva.jpg","width":1280,"height":1280,"caption":"'Sabor Sure\u00f1o' de Sonora Ponce\u00f1a celebra 50 a\u00f1os con nueva reedici\u00f3n"},{"@type":"BreadcrumbList","@id":"https:\/\/web.consaguirre.com.ar\/noticias\/sabor-sureno-de-sonora-poncena-celebra-50-anos-con-nueva-reedicion\/#breadcrumb","itemListElement":[{"@type":"ListItem","position":1,"name":"Inicio","item":"https:\/\/web.consaguirre.com.ar\/noticias\/"},{"@type":"ListItem","position":2,"name":"&#8216;Sabor Sure\u00f1o&#8217; de Sonora Ponce\u00f1a celebra 50 a\u00f1os con nueva reedici\u00f3n"}]},{"@type":"WebSite","@id":"https:\/\/web.consaguirre.com.ar\/noticias\/#website","url":"https:\/\/web.consaguirre.com.ar\/noticias\/","name":"Conservatorio de M\u00fasica Juli\u00e1n Aguirre","description":"","publisher":{"@id":"https:\/\/web.consaguirre.com.ar\/noticias\/#organization"},"potentialAction":[{"@type":"SearchAction","target":{"@type":"EntryPoint","urlTemplate":"https:\/\/web.consaguirre.com.ar\/noticias\/?s={search_term_string}"},"query-input":"required name=search_term_string"}],"inLanguage":"es-AR"},{"@type":"Organization","@id":"https:\/\/web.consaguirre.com.ar\/noticias\/#organization","name":"Conservatorio de M\u00fasica Juli\u00e1n Aguirre","url":"https:\/\/web.consaguirre.com.ar\/noticias\/","logo":{"@type":"ImageObject","inLanguage":"es-AR","@id":"https:\/\/web.consaguirre.com.ar\/noticias\/#\/schema\/logo\/image\/","url":"https:\/\/web.consaguirre.com.ar\/noticias\/wp-content\/uploads\/2024\/08\/Banner-Aguirre-23.jpg","contentUrl":"https:\/\/web.consaguirre.com.ar\/noticias\/wp-content\/uploads\/2024\/08\/Banner-Aguirre-23.jpg","width":1192,"height":600,"caption":"Conservatorio de M\u00fasica Juli\u00e1n Aguirre"},"image":{"@id":"https:\/\/web.consaguirre.com.ar\/noticias\/#\/schema\/logo\/image\/"}},{"@type":"Person","@id":"https:\/\/web.consaguirre.com.ar\/noticias\/#\/schema\/person\/6558b0cfedee7ddc5425602b237d5722","name":"Javier Figueroa","image":{"@type":"ImageObject","inLanguage":"es-AR","@id":"https:\/\/web.consaguirre.com.ar\/noticias\/#\/schema\/person\/image\/","url":"https:\/\/web.consaguirre.com.ar\/noticias\/wp-content\/uploads\/2024\/08\/Consaguirre-scaled.jpg","contentUrl":"https:\/\/web.consaguirre.com.ar\/noticias\/wp-content\/uploads\/2024\/08\/Consaguirre-scaled.jpg","caption":"Javier Figueroa"},"description":"Me llamo Javier Figueroa y soy redactor para el sitio oficial del Conservatorio de M\u00fasica Juli\u00e1n Aguirre en Buenos Aires, consaguirre.com. Apasionado por la m\u00fasica y la escritura, me esfuerzo por destacar los talentos y eventos de nuestra prestigiosa instituci\u00f3n. Mi trayectoria se nutre de una profunda admiraci\u00f3n por los artistas, haciendo de cada art\u00edculo una celebraci\u00f3n de la creatividad y la cultura musical.","sameAs":["https:\/\/web.consaguirre.com.ar\/noticias"]}]}},"_links":{"self":[{"href":"https:\/\/web.consaguirre.com.ar\/noticias\/wp-json\/wp\/v2\/posts\/215"}],"collection":[{"href":"https:\/\/web.consaguirre.com.ar\/noticias\/wp-json\/wp\/v2\/posts"}],"about":[{"href":"https:\/\/web.consaguirre.com.ar\/noticias\/wp-json\/wp\/v2\/types\/post"}],"author":[{"embeddable":true,"href":"https:\/\/web.consaguirre.com.ar\/noticias\/wp-json\/wp\/v2\/users\/1"}],"replies":[{"embeddable":true,"href":"https:\/\/web.consaguirre.com.ar\/noticias\/wp-json\/wp\/v2\/comments?post=215"}],"version-history":[{"count":1,"href":"https:\/\/web.consaguirre.com.ar\/noticias\/wp-json\/wp\/v2\/posts\/215\/revisions"}],"predecessor-version":[{"id":217,"href":"https:\/\/web.consaguirre.com.ar\/noticias\/wp-json\/wp\/v2\/posts\/215\/revisions\/217"}],"wp:featuredmedia":[{"embeddable":true,"href":"https:\/\/web.consaguirre.com.ar\/noticias\/wp-json\/wp\/v2\/media\/216"}],"wp:attachment":[{"href":"https:\/\/web.consaguirre.com.ar\/noticias\/wp-json\/wp\/v2\/media?parent=215"}],"wp:term":[{"taxonomy":"category","embeddable":true,"href":"https:\/\/web.consaguirre.com.ar\/noticias\/wp-json\/wp\/v2\/categories?post=215"},{"taxonomy":"post_tag","embeddable":true,"href":"https:\/\/web.consaguirre.com.ar\/noticias\/wp-json\/wp\/v2\/tags?post=215"}],"curies":[{"name":"wp","href":"https:\/\/api.w.org\/{rel}","templated":true}]}}