{"id":2142,"date":"2025-03-16T10:39:33","date_gmt":"2025-03-16T13:39:33","guid":{"rendered":"https:\/\/web.consaguirre.com.ar\/noticias\/devon-gates-bailarines-de-agua\/"},"modified":"2025-03-16T10:39:33","modified_gmt":"2025-03-16T13:39:33","slug":"devon-gates-bailarines-de-agua","status":"publish","type":"post","link":"https:\/\/web.consaguirre.com.ar\/noticias\/devon-gates-bailarines-de-agua\/","title":{"rendered":"Devon Gates: bailarines de agua"},"content":{"rendered":"<div class=\"entry\" itemprop=\"text\">\n<p><em><span style=\"font-weight: 400;\">Hace solo un a\u00f1o, estaba disfrutando las vistas y la m\u00fasica de Nueva York, y en el proceso, llegu\u00e9 a las maravillosas Gates Devon. Devon Gates es bajista, vocalista y compositor de Atlanta, Georgia, ahora con sede en Brooklyn, NY. Despu\u00e9s de estudiar antropolog\u00eda y actuaci\u00f3n de jazz en la Universidad de Harvard y Berklee College of Music, ha trabajado con artistas como Terri Lyne Carrington, Vijay Iyer, Jen Shyu, Fay Victor, Nicole Mitchell, Susie Ibarra y Sara Serpa, actuando en los Estados Unidos y en el escenario internacional.<\/span><\/em><\/p>\n<div id=\"attachment_62258\" style=\"width: 210px\" class=\"wp-caption alignleft\">\n<p class=\"wp-caption-text\">Foto de Neri Mastriani-Levi<\/p>\n<\/div>\n<p><span style=\"font-weight: 400;\">Realizando obras por primera vez en el Reino Unido desde su nuevo proyecto, &#8220;Water Dancers&#8221; y reci\u00e9n salido de un estreno de Nueva York en la Galer\u00eda de Jazz en diciembre, explora los colores, los sonidos y las texturas inspiradas en los elementos del agua y el aire, el blues y la pregunta: \u00bfqu\u00e9 significa bailar en ritmo con el movimiento siempre de los tontos de la vida? Sus composiciones y arreglos originales se combinan con una combinaci\u00f3n de instrumentos tradicionales y poco convencionales, con un quinteto de amigos que conoci\u00f3 estudiando en el extranjero en la Royal Academy of Music: Hoda Jahanpour (violonchelo), Casey Whyte (viol\u00edn), Gates en Bass and Voice, Scottie Thompson (Piano) y Ananda Brand\u00e3o (Drums). Este espect\u00e1culo se llevar\u00e1 a cabo como parte de las residencias regulares de Women in Jazz Media en Karamel Club. No podemos esperar para darle la bienvenida a Devon al Reino Unido, \u00a1y esperamos ver a muchos de ustedes all\u00ed!<\/span><\/p>\n<p><span style=\"font-weight: 400;\">Desde que nos conocimos el a\u00f1o pasado en Nueva York, \u00bfqu\u00e9 has estado haciendo?<\/span><\/p>\n<p><i><span style=\"font-weight: 400;\">Desde que nos conocimos en Nueva York en marzo del a\u00f1o pasado, \u00a1ha sucedido muchas cosas! He estado yendo entre Boston y Nueva York mientras busqu\u00e9 una maestr\u00eda a trav\u00e9s del Instituto Global de Jazz de Berklee College of Music, he tenido el honor de tocar con m\u00fasicos que admiro profundamente como Vijay Iyer, Terri Lyne Carrington, Sara Serpa, y m\u00e1s, me estoy acercando a terminar el proceso de escritura para mi \u00e1lbum de debut, he llegado a viajar y jugar a sus amigos en Panama y India &#8230; persona, encontrar mi voz y construir comunidad en esta etapa de mi vida (\u00a1acabo de cumplir 24 a\u00f1os en febrero!). Lo que me parece importante en este momento es encontrar formas de usar la m\u00fasica como una fuerza conectiva, como una forma de organizar a las personas e imaginar formas m\u00e1s amorosas y cari\u00f1osas de estar entre s\u00ed, incluso si solo est\u00e1 atrayendo a la gente a una habitaci\u00f3n juntas para un ensayo, el juego o el concierto que podr\u00edan no conocerse antes, o son de diferentes partes de la m\u00fasica o la comunidad art\u00edstica &#8230; estos peque\u00f1os momentos de conexi\u00f3n que creo en su potencial en bigestimado en su potencial en su potencial en su potencial, y son las personas, y son de s\u00ed mismas, y sus propietarios, y su potencial, me parecen a las personas. maneras. Si alguna persona sale de charlar o jugar conmigo sinti\u00e9ndome un poco m\u00e1s esperanzador que de antemano, eso es todo para m\u00ed, y esa b\u00fasqueda es lo que me inspira a levantarme por la ma\u00f1ana en estos d\u00edas. <\/span><\/i><\/p>\n<p><a href=\"https:\/\/www.youtube.com\/watch?v=wui5rfcgjns\">https:\/\/www.youtube.com\/watch?v=wui5rfcgjns<\/a><\/p>\n<p><span style=\"font-weight: 400;\">\u00bfC\u00f3mo describir\u00edas la escena del jazz ahora mismo en Nueva York?<\/span><\/p>\n<p><i><span style=\"font-weight: 400;\">La escena del jazz en Nueva York es realmente multifac\u00e9tica; Dir\u00eda que mucho como Londres, en su masividad y en la forma en que puedes encontrar a la gente que juega un poco de todo, inspirada en tantas influencias amplias, todas coexistentes y encontrando sus propios bolsillos y espacios. Tambi\u00e9n hay muchos esfuerzos en los que me ha sentido inspirado para aumentar la conciencia social en la comunidad, como un concierto de recaudaci\u00f3n de fondos para la Alianza de Ni\u00f1os del Medio Oriente que form\u00e9 parte recientemente, organizado por un asombroso bajista y organizador o descalzo. Veo esto como una continuaci\u00f3n del legado de la m\u00fasica de jazz como una fuerza para el cambio social, desde la esclavitud hasta el movimiento de los derechos civiles de los Estados Unidos, hasta ahora. Ver tantos m\u00fasicos, desde Immanuel Wilkins hasta Jaleel Shaw hasta Vitor Gon<\/span><\/i><i><span style=\"font-weight: 400;\">do<\/span><\/i><i><span style=\"font-weight: 400;\">Alves se unen por una buena causa, realmente refuerza la interdependencia de cualquier comunidad de jazz, ya sea en Londres o NY o en cualquier lugar: no podemos existir en el vac\u00edo y tenemos tanto la responsabilidad como la oportunidad de tratar de cuidarnos unos a otros, en cualquier forma que pueda tomar.<\/span><\/i><\/p>\n<div id=\"attachment_62259\" style=\"width: 210px\" class=\"wp-caption alignleft\"><img loading=\"lazy\" decoding=\"async\" class=\"size-medium wp-image-62259\" src=\"https:\/\/web.consaguirre.com.ar\/noticias\/wp-content\/uploads\/2025\/03\/1742132373_629_Devon-Gates-bailarines-de-agua.jpeg\" alt=\"\" width=\"200\" height=\"300\"  ><\/p>\n<p class=\"wp-caption-text\">Foto de Neri-Mastriani-Levi<\/p>\n<\/div>\n<p><span style=\"font-weight: 400;\">\u00bfCu\u00e1les son tus conexiones con Londres? \u00bfY c\u00f3mo fue tu experiencia jugando aqu\u00ed?<\/span><\/p>\n<p><i><span style=\"font-weight: 400;\">I had barely been to London before I decided to study abroad at the Royal Academy for a fall term in my final year of undergraduate studies at Harvard, and to be honest I was surprised at how different it felt from the US, and from the \u201cNew England\u201d I was familiar with in Boston (as I&#8217;m sure you could agree, thinking about your experiences spending time in the States!) It was never a dull moment, learning the dry, witty humour, the \u201clanguage barrier\u201d (Grochets, semi-cavos &#8230;), probando frijoles para el desayuno y los pasteles de carne picada, y explorando todos los diferentes universos que tienen la ciudad, desde los guerreros del ma\u00f1ana, las noches de jazz de aquel, hasta los s\u00e1bados por la tarde con Julian Joseph, jazz renovado, peque\u00f1os pubs del vecindario y la energ\u00eda del Festival de Jazz de Londres. Por supuesto, es un clich\u00e9, pero mi parte favorita de pasar tiempo all\u00ed fueron las personas que conoc\u00ed que tan gentilmente me hicieron sentir bienvenida y parte de las cosas aqu\u00ed, incluso visitando por un corto tiempo. Los extra\u00f1o mucho, y estoy muy emocionado de volver, \u00a1incluso por unos d\u00edas esta vez!<\/span><\/i><\/p>\n<p><span style=\"font-weight: 400;\">\u00bfPuede contarnos sobre su pr\u00f3ximo programa en el Karamel y por qu\u00e9 ha elegido esta l\u00ednea?<\/span><\/p>\n<p><i><span style=\"font-weight: 400;\">I am very excited for this show at Karamel because it features a new set of music that I started writing actually for my coursework at RAM, and I feel it is influenced by the sounds I was introduced to here, Norma Winstone, Azimuth, ECM\u2026but at the same time, with a strong sense of groove and soul and my own influences, from the musical Rent to Scott LaFaro and my experiences studying with Danilo P<\/span><\/i><i><span style=\"font-weight: 400;\">mi<\/span><\/i><i><span style=\"font-weight: 400;\">Rez en Berklee. Esta alineaci\u00f3n es espec\u00edficamente todas las personas que tuve la oportunidad de conocer y jugar con la \u00faltima vez que estuve en Londres, y realmente admiro la sensibilidad y la fluidez que cada uno de ellos aporta a cualquier situaci\u00f3n musical: el proyecto se llama &#8220;bailarines de agua&#8221; y quer\u00eda crear una banda que realmente podr\u00eda capturar todas las dimensiones envueltas en ese sonido, y que se llaman para saltar y &#8220;\u00a1Be Water&#8221; conmigo en el momento! Lo que hace que la m\u00fasica sea divertida para m\u00ed es poder montar la ola de lo que est\u00e9 sucediendo en el presente, y hacer que cada canci\u00f3n se sienta completamente diferente y nueva cada vez que se reproduce: \u00a1conozco a Ananda, Scottie, Casey y Hoda para sumergirnos en ese espacio vulnerable y emocionante en cualquier momento, y estoy emocionado de hacerlo el 20 de marzo!<\/span><\/i><\/p>\n<p><span style=\"font-weight: 400;\">\u00bfPuede contarnos sobre su m\u00fasica original y su proceso de composici\u00f3n? <\/span><\/p>\n<p><i><span style=\"font-weight: 400;\">Como mencion\u00e9, este proyecto se llama &#8220;Dancadores de agua&#8221;, y para m\u00ed cada una de las canciones explora las conexiones entre el agua y las formas en que aparece en nuestras vidas: la canci\u00f3n del t\u00edtulo que realmente comenc\u00e9 a componer de una melod\u00eda que escuch\u00e9 en mi cabeza en un paseo de un tubo de regreso desde la academia una noche, cantando en mi voz en mi voz y que finalmente lo termin\u00f3, lo termina en un fin de semana en un tripo de un querido con un amigo m\u00e1s tarde (que lo sugieren, lo que sugiere que lo sugiere, lo que lo sale, lo que lo entiende, lo que termina en un truco de Lisbon con un querido amigo m\u00e1s tarde (\u00bflo que sugiere? \u00a1t\u00edtulo!) <\/span><\/i><\/p>\n<p><i><span style=\"font-weight: 400;\">La letra comienza &#8220;Dime amor, \u00bfrecuerdas nuestro flujo con la marea, ven como va?&#8221;, Y para m\u00ed, todo el conjunto de m\u00fasica sigue el flujo y el flujo de amor a medida que cambia con las mareas de la vida. <\/span><\/i><i><span style=\"font-weight: 400;\">Cada una de las otras piezas se centra en una &#8220;memoria&#8221; o aspecto diferente de este tema general, la narrativa que destaca la &#8220;perspectiva&#8221; de un instrumento diferente en esta instrumentaci\u00f3n no convencional que he elegido: tr\u00edo de piano con cuerdas (viol\u00edn y violonchelo). Al pensar en los instrumentos como &#8220;personajes&#8221; en una especie de entorno narrativo, espero explorar nuevas formas de improvisar y hacer espacio para expresar ideas matizadas de una manera que corta directamente al coraz\u00f3n y la emoci\u00f3n de un oyente, y crear una atm\u00f3sfera, un peque\u00f1o mundo entre los m\u00fasicos y la audiencia en la que podemos caer juntos.<\/span><\/i><\/p>\n<p><span style=\"font-weight: 400;\"><img loading=\"lazy\" decoding=\"async\" class=\"size-medium wp-image-62260 alignleft\" src=\"https:\/\/web.consaguirre.com.ar\/noticias\/wp-content\/uploads\/2025\/03\/1742132373_448_Devon-Gates-bailarines-de-agua.jpeg\" alt=\"\" width=\"300\" height=\"300\"  >\u00bfD\u00f3nde est\u00e1s a continuaci\u00f3n? <\/span><\/p>\n<p><i><span style=\"font-weight: 400;\">En realidad, justo despu\u00e9s de este espect\u00e1culo, me dirigir\u00e9 a Brujas, B\u00e9lgica, para tocar con un querido amigo Koen Gijsman y un maravilloso chef en un emparejamiento de m\u00fasica y comida llamada &#8220;Let Us Cook&#8221;, que estoy muy emocionado, \u00a1tambi\u00e9n ser\u00e1 mi primera vez en B\u00e9lgica! Y luego regres\u00e9 a los Estados Unidos, donde tengo algunos proyectos realmente intrigantes en proceso, incluido un estreno para una pieza coral que he escrito que est\u00e1 siendo realizada por un coro profesional en Chicago, registrando un nuevo proyecto sobre fantasmas y algunas m\u00e1s giras en el futuro &#8230; \u00a1ciertamente espero volver a estar en Londres muy pronto!<\/span><\/i><\/p>\n<p><span style=\"font-weight: 400;\">Mujeres en Jazz Media Presents: Devon Gates en Karamel Club, jueves 20 de marzo, 8pm<\/span><\/p>\n<p><i><span style=\"font-weight: 400;\">Obtenga sus boletos aqu\u00ed: <\/span><\/i><i><span style=\"font-weight: 400;\">Devon en Karamel Club- 20 de marzo, 8 pm<\/span><\/i><\/p>\n<div class=\"post-pagination\"><\/div>\n<div class=\"clearfix\"><\/div>\n<\/p><\/div>\n","protected":false},"excerpt":{"rendered":"<p>Hace solo un a\u00f1o, estaba disfrutando las vistas y la m\u00fasica de Nueva York, y en el proceso, llegu\u00e9 a las maravillosas Gates Devon. Devon<\/p>\n","protected":false},"author":1,"featured_media":2143,"comment_status":"closed","ping_status":"","sticky":false,"template":"","format":"standard","meta":{"footnotes":""},"categories":[5],"tags":[2129,2128,2126,2127],"class_list":["post-2142","post","type-post","status-publish","format-standard","has-post-thumbnail","hentry","category-entrevista","tag-agua","tag-bailarines","tag-devon","tag-gates","generate-columns","tablet-grid-50","mobile-grid-100","grid-parent","grid-50"],"yoast_head":"<!-- This site is optimized with the Yoast SEO plugin v23.3 - https:\/\/yoast.com\/wordpress\/plugins\/seo\/ -->\n<title>Devon Gates: bailarines de agua<\/title>\n<meta name=\"robots\" content=\"index, follow, max-snippet:-1, max-image-preview:large, max-video-preview:-1\" \/>\n<link rel=\"canonical\" href=\"https:\/\/web.consaguirre.com.ar\/noticias\/devon-gates-bailarines-de-agua\/\" \/>\n<meta property=\"og:locale\" content=\"es_ES\" \/>\n<meta property=\"og:type\" content=\"article\" \/>\n<meta property=\"og:title\" content=\"Devon Gates: bailarines de agua\" \/>\n<meta property=\"og:description\" content=\"Hace solo un a\u00f1o, estaba disfrutando las vistas y la m\u00fasica de Nueva York, y en el proceso, llegu\u00e9 a las maravillosas Gates Devon. Devon\" \/>\n<meta property=\"og:url\" content=\"https:\/\/web.consaguirre.com.ar\/noticias\/devon-gates-bailarines-de-agua\/\" \/>\n<meta property=\"og:site_name\" content=\"Conservatorio de M\u00fasica Juli\u00e1n Aguirre\" \/>\n<meta property=\"article:published_time\" content=\"2025-03-16T13:39:33+00:00\" \/>\n<meta property=\"og:image\" content=\"https:\/\/web.consaguirre.com.ar\/noticias\/wp-content\/uploads\/2025\/03\/Devon-Gates-bailarines-de-agua.jpeg\" \/>\n\t<meta property=\"og:image:width\" content=\"200\" \/>\n\t<meta property=\"og:image:height\" content=\"300\" \/>\n\t<meta property=\"og:image:type\" content=\"image\/jpeg\" \/>\n<meta name=\"author\" content=\"Javier Figueroa\" \/>\n<meta name=\"twitter:card\" content=\"summary_large_image\" \/>\n<meta name=\"twitter:label1\" content=\"Escrito por\" \/>\n\t<meta name=\"twitter:data1\" content=\"Javier Figueroa\" \/>\n\t<meta name=\"twitter:label2\" content=\"Tiempo de lectura\" \/>\n\t<meta name=\"twitter:data2\" content=\"8 minutos\" \/>\n<script type=\"application\/ld+json\" class=\"yoast-schema-graph\">{\"@context\":\"https:\/\/schema.org\",\"@graph\":[{\"@type\":\"Article\",\"@id\":\"https:\/\/web.consaguirre.com.ar\/noticias\/devon-gates-bailarines-de-agua\/#article\",\"isPartOf\":{\"@id\":\"https:\/\/web.consaguirre.com.ar\/noticias\/devon-gates-bailarines-de-agua\/\"},\"author\":{\"name\":\"Javier Figueroa\",\"@id\":\"https:\/\/web.consaguirre.com.ar\/noticias\/#\/schema\/person\/6558b0cfedee7ddc5425602b237d5722\"},\"headline\":\"Devon Gates: bailarines de agua\",\"datePublished\":\"2025-03-16T13:39:33+00:00\",\"dateModified\":\"2025-03-16T13:39:33+00:00\",\"mainEntityOfPage\":{\"@id\":\"https:\/\/web.consaguirre.com.ar\/noticias\/devon-gates-bailarines-de-agua\/\"},\"wordCount\":1700,\"publisher\":{\"@id\":\"https:\/\/web.consaguirre.com.ar\/noticias\/#organization\"},\"image\":{\"@id\":\"https:\/\/web.consaguirre.com.ar\/noticias\/devon-gates-bailarines-de-agua\/#primaryimage\"},\"thumbnailUrl\":\"https:\/\/web.consaguirre.com.ar\/noticias\/wp-content\/uploads\/2025\/03\/Devon-Gates-bailarines-de-agua.jpeg\",\"keywords\":[\"agua\",\"bailarines\",\"Devon\",\"Gates\"],\"articleSection\":[\"Entrevista\"],\"inLanguage\":\"es-AR\"},{\"@type\":\"WebPage\",\"@id\":\"https:\/\/web.consaguirre.com.ar\/noticias\/devon-gates-bailarines-de-agua\/\",\"url\":\"https:\/\/web.consaguirre.com.ar\/noticias\/devon-gates-bailarines-de-agua\/\",\"name\":\"Devon Gates: bailarines de agua\",\"isPartOf\":{\"@id\":\"https:\/\/web.consaguirre.com.ar\/noticias\/#website\"},\"primaryImageOfPage\":{\"@id\":\"https:\/\/web.consaguirre.com.ar\/noticias\/devon-gates-bailarines-de-agua\/#primaryimage\"},\"image\":{\"@id\":\"https:\/\/web.consaguirre.com.ar\/noticias\/devon-gates-bailarines-de-agua\/#primaryimage\"},\"thumbnailUrl\":\"https:\/\/web.consaguirre.com.ar\/noticias\/wp-content\/uploads\/2025\/03\/Devon-Gates-bailarines-de-agua.jpeg\",\"datePublished\":\"2025-03-16T13:39:33+00:00\",\"dateModified\":\"2025-03-16T13:39:33+00:00\",\"breadcrumb\":{\"@id\":\"https:\/\/web.consaguirre.com.ar\/noticias\/devon-gates-bailarines-de-agua\/#breadcrumb\"},\"inLanguage\":\"es-AR\",\"potentialAction\":[{\"@type\":\"ReadAction\",\"target\":[\"https:\/\/web.consaguirre.com.ar\/noticias\/devon-gates-bailarines-de-agua\/\"]}]},{\"@type\":\"ImageObject\",\"inLanguage\":\"es-AR\",\"@id\":\"https:\/\/web.consaguirre.com.ar\/noticias\/devon-gates-bailarines-de-agua\/#primaryimage\",\"url\":\"https:\/\/web.consaguirre.com.ar\/noticias\/wp-content\/uploads\/2025\/03\/Devon-Gates-bailarines-de-agua.jpeg\",\"contentUrl\":\"https:\/\/web.consaguirre.com.ar\/noticias\/wp-content\/uploads\/2025\/03\/Devon-Gates-bailarines-de-agua.jpeg\",\"width\":200,\"height\":300,\"caption\":\"Devon Gates: bailarines de agua\"},{\"@type\":\"BreadcrumbList\",\"@id\":\"https:\/\/web.consaguirre.com.ar\/noticias\/devon-gates-bailarines-de-agua\/#breadcrumb\",\"itemListElement\":[{\"@type\":\"ListItem\",\"position\":1,\"name\":\"Inicio\",\"item\":\"https:\/\/web.consaguirre.com.ar\/noticias\/\"},{\"@type\":\"ListItem\",\"position\":2,\"name\":\"Devon Gates: bailarines de agua\"}]},{\"@type\":\"WebSite\",\"@id\":\"https:\/\/web.consaguirre.com.ar\/noticias\/#website\",\"url\":\"https:\/\/web.consaguirre.com.ar\/noticias\/\",\"name\":\"Conservatorio de M\u00fasica Juli\u00e1n Aguirre\",\"description\":\"\",\"publisher\":{\"@id\":\"https:\/\/web.consaguirre.com.ar\/noticias\/#organization\"},\"potentialAction\":[{\"@type\":\"SearchAction\",\"target\":{\"@type\":\"EntryPoint\",\"urlTemplate\":\"https:\/\/web.consaguirre.com.ar\/noticias\/?s={search_term_string}\"},\"query-input\":\"required name=search_term_string\"}],\"inLanguage\":\"es-AR\"},{\"@type\":\"Organization\",\"@id\":\"https:\/\/web.consaguirre.com.ar\/noticias\/#organization\",\"name\":\"Conservatorio de M\u00fasica Juli\u00e1n Aguirre\",\"url\":\"https:\/\/web.consaguirre.com.ar\/noticias\/\",\"logo\":{\"@type\":\"ImageObject\",\"inLanguage\":\"es-AR\",\"@id\":\"https:\/\/web.consaguirre.com.ar\/noticias\/#\/schema\/logo\/image\/\",\"url\":\"https:\/\/web.consaguirre.com.ar\/noticias\/wp-content\/uploads\/2024\/08\/Banner-Aguirre-23.jpg\",\"contentUrl\":\"https:\/\/web.consaguirre.com.ar\/noticias\/wp-content\/uploads\/2024\/08\/Banner-Aguirre-23.jpg\",\"width\":1192,\"height\":600,\"caption\":\"Conservatorio de M\u00fasica Juli\u00e1n Aguirre\"},\"image\":{\"@id\":\"https:\/\/web.consaguirre.com.ar\/noticias\/#\/schema\/logo\/image\/\"}},{\"@type\":\"Person\",\"@id\":\"https:\/\/web.consaguirre.com.ar\/noticias\/#\/schema\/person\/6558b0cfedee7ddc5425602b237d5722\",\"name\":\"Javier Figueroa\",\"image\":{\"@type\":\"ImageObject\",\"inLanguage\":\"es-AR\",\"@id\":\"https:\/\/web.consaguirre.com.ar\/noticias\/#\/schema\/person\/image\/\",\"url\":\"https:\/\/web.consaguirre.com.ar\/noticias\/wp-content\/uploads\/2024\/08\/Consaguirre-scaled.jpg\",\"contentUrl\":\"https:\/\/web.consaguirre.com.ar\/noticias\/wp-content\/uploads\/2024\/08\/Consaguirre-scaled.jpg\",\"caption\":\"Javier Figueroa\"},\"description\":\"Me llamo Javier Figueroa y soy redactor para el sitio oficial del Conservatorio de M\u00fasica Juli\u00e1n Aguirre en Buenos Aires, consaguirre.com. Apasionado por la m\u00fasica y la escritura, me esfuerzo por destacar los talentos y eventos de nuestra prestigiosa instituci\u00f3n. Mi trayectoria se nutre de una profunda admiraci\u00f3n por los artistas, haciendo de cada art\u00edculo una celebraci\u00f3n de la creatividad y la cultura musical.\",\"sameAs\":[\"https:\/\/web.consaguirre.com.ar\/noticias\"]}]}<\/script>\n<!-- \/ Yoast SEO plugin. -->","yoast_head_json":{"title":"Devon Gates: bailarines de agua","robots":{"index":"index","follow":"follow","max-snippet":"max-snippet:-1","max-image-preview":"max-image-preview:large","max-video-preview":"max-video-preview:-1"},"canonical":"https:\/\/web.consaguirre.com.ar\/noticias\/devon-gates-bailarines-de-agua\/","og_locale":"es_ES","og_type":"article","og_title":"Devon Gates: bailarines de agua","og_description":"Hace solo un a\u00f1o, estaba disfrutando las vistas y la m\u00fasica de Nueva York, y en el proceso, llegu\u00e9 a las maravillosas Gates Devon. Devon","og_url":"https:\/\/web.consaguirre.com.ar\/noticias\/devon-gates-bailarines-de-agua\/","og_site_name":"Conservatorio de M\u00fasica Juli\u00e1n Aguirre","article_published_time":"2025-03-16T13:39:33+00:00","og_image":[{"width":200,"height":300,"url":"https:\/\/web.consaguirre.com.ar\/noticias\/wp-content\/uploads\/2025\/03\/Devon-Gates-bailarines-de-agua.jpeg","type":"image\/jpeg"}],"author":"Javier Figueroa","twitter_card":"summary_large_image","twitter_misc":{"Escrito por":"Javier Figueroa","Tiempo de lectura":"8 minutos"},"schema":{"@context":"https:\/\/schema.org","@graph":[{"@type":"Article","@id":"https:\/\/web.consaguirre.com.ar\/noticias\/devon-gates-bailarines-de-agua\/#article","isPartOf":{"@id":"https:\/\/web.consaguirre.com.ar\/noticias\/devon-gates-bailarines-de-agua\/"},"author":{"name":"Javier Figueroa","@id":"https:\/\/web.consaguirre.com.ar\/noticias\/#\/schema\/person\/6558b0cfedee7ddc5425602b237d5722"},"headline":"Devon Gates: bailarines de agua","datePublished":"2025-03-16T13:39:33+00:00","dateModified":"2025-03-16T13:39:33+00:00","mainEntityOfPage":{"@id":"https:\/\/web.consaguirre.com.ar\/noticias\/devon-gates-bailarines-de-agua\/"},"wordCount":1700,"publisher":{"@id":"https:\/\/web.consaguirre.com.ar\/noticias\/#organization"},"image":{"@id":"https:\/\/web.consaguirre.com.ar\/noticias\/devon-gates-bailarines-de-agua\/#primaryimage"},"thumbnailUrl":"https:\/\/web.consaguirre.com.ar\/noticias\/wp-content\/uploads\/2025\/03\/Devon-Gates-bailarines-de-agua.jpeg","keywords":["agua","bailarines","Devon","Gates"],"articleSection":["Entrevista"],"inLanguage":"es-AR"},{"@type":"WebPage","@id":"https:\/\/web.consaguirre.com.ar\/noticias\/devon-gates-bailarines-de-agua\/","url":"https:\/\/web.consaguirre.com.ar\/noticias\/devon-gates-bailarines-de-agua\/","name":"Devon Gates: bailarines de agua","isPartOf":{"@id":"https:\/\/web.consaguirre.com.ar\/noticias\/#website"},"primaryImageOfPage":{"@id":"https:\/\/web.consaguirre.com.ar\/noticias\/devon-gates-bailarines-de-agua\/#primaryimage"},"image":{"@id":"https:\/\/web.consaguirre.com.ar\/noticias\/devon-gates-bailarines-de-agua\/#primaryimage"},"thumbnailUrl":"https:\/\/web.consaguirre.com.ar\/noticias\/wp-content\/uploads\/2025\/03\/Devon-Gates-bailarines-de-agua.jpeg","datePublished":"2025-03-16T13:39:33+00:00","dateModified":"2025-03-16T13:39:33+00:00","breadcrumb":{"@id":"https:\/\/web.consaguirre.com.ar\/noticias\/devon-gates-bailarines-de-agua\/#breadcrumb"},"inLanguage":"es-AR","potentialAction":[{"@type":"ReadAction","target":["https:\/\/web.consaguirre.com.ar\/noticias\/devon-gates-bailarines-de-agua\/"]}]},{"@type":"ImageObject","inLanguage":"es-AR","@id":"https:\/\/web.consaguirre.com.ar\/noticias\/devon-gates-bailarines-de-agua\/#primaryimage","url":"https:\/\/web.consaguirre.com.ar\/noticias\/wp-content\/uploads\/2025\/03\/Devon-Gates-bailarines-de-agua.jpeg","contentUrl":"https:\/\/web.consaguirre.com.ar\/noticias\/wp-content\/uploads\/2025\/03\/Devon-Gates-bailarines-de-agua.jpeg","width":200,"height":300,"caption":"Devon Gates: bailarines de agua"},{"@type":"BreadcrumbList","@id":"https:\/\/web.consaguirre.com.ar\/noticias\/devon-gates-bailarines-de-agua\/#breadcrumb","itemListElement":[{"@type":"ListItem","position":1,"name":"Inicio","item":"https:\/\/web.consaguirre.com.ar\/noticias\/"},{"@type":"ListItem","position":2,"name":"Devon Gates: bailarines de agua"}]},{"@type":"WebSite","@id":"https:\/\/web.consaguirre.com.ar\/noticias\/#website","url":"https:\/\/web.consaguirre.com.ar\/noticias\/","name":"Conservatorio de M\u00fasica Juli\u00e1n Aguirre","description":"","publisher":{"@id":"https:\/\/web.consaguirre.com.ar\/noticias\/#organization"},"potentialAction":[{"@type":"SearchAction","target":{"@type":"EntryPoint","urlTemplate":"https:\/\/web.consaguirre.com.ar\/noticias\/?s={search_term_string}"},"query-input":"required name=search_term_string"}],"inLanguage":"es-AR"},{"@type":"Organization","@id":"https:\/\/web.consaguirre.com.ar\/noticias\/#organization","name":"Conservatorio de M\u00fasica Juli\u00e1n Aguirre","url":"https:\/\/web.consaguirre.com.ar\/noticias\/","logo":{"@type":"ImageObject","inLanguage":"es-AR","@id":"https:\/\/web.consaguirre.com.ar\/noticias\/#\/schema\/logo\/image\/","url":"https:\/\/web.consaguirre.com.ar\/noticias\/wp-content\/uploads\/2024\/08\/Banner-Aguirre-23.jpg","contentUrl":"https:\/\/web.consaguirre.com.ar\/noticias\/wp-content\/uploads\/2024\/08\/Banner-Aguirre-23.jpg","width":1192,"height":600,"caption":"Conservatorio de M\u00fasica Juli\u00e1n Aguirre"},"image":{"@id":"https:\/\/web.consaguirre.com.ar\/noticias\/#\/schema\/logo\/image\/"}},{"@type":"Person","@id":"https:\/\/web.consaguirre.com.ar\/noticias\/#\/schema\/person\/6558b0cfedee7ddc5425602b237d5722","name":"Javier Figueroa","image":{"@type":"ImageObject","inLanguage":"es-AR","@id":"https:\/\/web.consaguirre.com.ar\/noticias\/#\/schema\/person\/image\/","url":"https:\/\/web.consaguirre.com.ar\/noticias\/wp-content\/uploads\/2024\/08\/Consaguirre-scaled.jpg","contentUrl":"https:\/\/web.consaguirre.com.ar\/noticias\/wp-content\/uploads\/2024\/08\/Consaguirre-scaled.jpg","caption":"Javier Figueroa"},"description":"Me llamo Javier Figueroa y soy redactor para el sitio oficial del Conservatorio de M\u00fasica Juli\u00e1n Aguirre en Buenos Aires, consaguirre.com. Apasionado por la m\u00fasica y la escritura, me esfuerzo por destacar los talentos y eventos de nuestra prestigiosa instituci\u00f3n. Mi trayectoria se nutre de una profunda admiraci\u00f3n por los artistas, haciendo de cada art\u00edculo una celebraci\u00f3n de la creatividad y la cultura musical.","sameAs":["https:\/\/web.consaguirre.com.ar\/noticias"]}]}},"_links":{"self":[{"href":"https:\/\/web.consaguirre.com.ar\/noticias\/wp-json\/wp\/v2\/posts\/2142"}],"collection":[{"href":"https:\/\/web.consaguirre.com.ar\/noticias\/wp-json\/wp\/v2\/posts"}],"about":[{"href":"https:\/\/web.consaguirre.com.ar\/noticias\/wp-json\/wp\/v2\/types\/post"}],"author":[{"embeddable":true,"href":"https:\/\/web.consaguirre.com.ar\/noticias\/wp-json\/wp\/v2\/users\/1"}],"replies":[{"embeddable":true,"href":"https:\/\/web.consaguirre.com.ar\/noticias\/wp-json\/wp\/v2\/comments?post=2142"}],"version-history":[{"count":1,"href":"https:\/\/web.consaguirre.com.ar\/noticias\/wp-json\/wp\/v2\/posts\/2142\/revisions"}],"predecessor-version":[{"id":2144,"href":"https:\/\/web.consaguirre.com.ar\/noticias\/wp-json\/wp\/v2\/posts\/2142\/revisions\/2144"}],"wp:featuredmedia":[{"embeddable":true,"href":"https:\/\/web.consaguirre.com.ar\/noticias\/wp-json\/wp\/v2\/media\/2143"}],"wp:attachment":[{"href":"https:\/\/web.consaguirre.com.ar\/noticias\/wp-json\/wp\/v2\/media?parent=2142"}],"wp:term":[{"taxonomy":"category","embeddable":true,"href":"https:\/\/web.consaguirre.com.ar\/noticias\/wp-json\/wp\/v2\/categories?post=2142"},{"taxonomy":"post_tag","embeddable":true,"href":"https:\/\/web.consaguirre.com.ar\/noticias\/wp-json\/wp\/v2\/tags?post=2142"}],"curies":[{"name":"wp","href":"https:\/\/api.w.org\/{rel}","templated":true}]}}