{"id":2127,"date":"2025-03-14T12:38:28","date_gmt":"2025-03-14T15:38:28","guid":{"rendered":"https:\/\/web.consaguirre.com.ar\/noticias\/mira-un-nuevo-trailer-para-el-documental-de-john-lennon-yoko-ono-one-to-one\/"},"modified":"2025-03-14T12:38:29","modified_gmt":"2025-03-14T15:38:29","slug":"mira-un-nuevo-trailer-para-el-documental-de-john-lennon-yoko-ono-one-to-one","status":"publish","type":"post","link":"https:\/\/web.consaguirre.com.ar\/noticias\/mira-un-nuevo-trailer-para-el-documental-de-john-lennon-yoko-ono-one-to-one\/","title":{"rendered":"Mira un nuevo trailer para el documental de John Lennon &#038; Yoko Ono, &#8216;One to One&#8217;"},"content":{"rendered":"<p>Un nuevo documental que ofrece una mirada \u00edntima a <strong>John Lennon y Yoko Ono<\/strong>La vida de Nueva York a principios de la d\u00e9cada de 1970 tiene sus primeros trailers.<\/p>\n<p>Debido en los cines el 11 de abril, <em>Uno a uno: John y Yoko<\/em> Se centra en su actuaci\u00f3n del 30 de agosto de 1972 en el concierto ben\u00e9fico Free One One en el Madison Square Garden de Nueva York, el \u00fanico espect\u00e1culo completo de Lennon despu\u00e9s de dejar a los Beatles. En el concierto, Ono y Lennon fueron acompa\u00f1ados por la banda de Ono de Ono de Ono, la memoria de Elephant y una gran cantidad de invitados especiales.<\/p>\n<div class=\"uD-YT-container\"><img decoding=\"async\" src=\"https:\/\/web.consaguirre.com.ar\/noticias\/wp-content\/uploads\/2025\/03\/1741966708_132_Mira-un-nuevo-trailer-para-el-documental-de-John-Lennon.jpg\" alt=\"Video de YouTube\"><br \/>Haga clic para cargar video<\/div>\n<p>El documental tambi\u00e9n presenta im\u00e1genes nunca antes vistas y reci\u00e9n restauradas de los a\u00f1os 1971 y 1972, cuando Lennon y Ono acababan de mudarse a su primer apartamento de Greenwich Village. Las im\u00e1genes de archivo, incluidas las llamadas telef\u00f3nicas y los videos privados caseros, se combinan con clips de la televisi\u00f3n estadounidense en los que se hab\u00edan sumergido en ese momento: <em>El precio es correcto<\/em>, <em>Los valientes<\/em>Anuncios de Coca-Cola, Walter Cronkite y sus informes sobre Nixon, la Guerra de Vietnam y m\u00e1s.<\/p>\n<p>Dirigida por Kevin McDonald, la pel\u00edcula tambi\u00e9n presenta m\u00fasica recientemente remezclada y producida de su hijo, Sean Ono Lennon. En un comunicado, Lennon comparti\u00f3: &#8220;El documental de Kevin aporta una visi\u00f3n completamente fresca de la vida de mis padres durante su calle Bank y principios de Nueva York, mostrando a primera mano su inquebrantable dedicaci\u00f3n a la promoci\u00f3n de la paz y la no violencia durante una era turbulenta de disturbios, corrupci\u00f3n y guerra innecesaria&#8221;.<\/p>\n<p>En un clip de la pel\u00edcula, Lennon explica por qu\u00e9 quer\u00eda actuar en un espect\u00e1culo gratuito: &#8220;Cambiar la apat\u00eda que todos los j\u00f3venes tienen, hablarles, cantarles y hacer cualquier cosa para volver a ponerlos con vida&#8221;.<\/p>\n<p><strong>Compre boletos para el documental John Lennon y Yoko Ono <em>Uno a uno: John y Yoko<\/em>.<\/strong><\/p>\n","protected":false},"excerpt":{"rendered":"<p>Un nuevo documental que ofrece una mirada \u00edntima a John Lennon y Yoko OnoLa vida de Nueva York a principios de la d\u00e9cada de 1970<\/p>\n","protected":false},"author":1,"featured_media":2128,"comment_status":"closed","ping_status":"","sticky":false,"template":"","format":"standard","meta":{"footnotes":""},"categories":[50],"tags":[419,91,349,77,146,348,154,635,2114],"class_list":["post-2127","post","type-post","status-publish","format-standard","has-post-thumbnail","hentry","category-el-ultimo","tag-documental","tag-john","tag-lennon","tag-mira","tag-nuevo","tag-ono","tag-para","tag-trailer","tag-yoko","generate-columns","tablet-grid-50","mobile-grid-100","grid-parent","grid-50"],"yoast_head":"<!-- This site is optimized with the Yoast SEO plugin v23.3 - https:\/\/yoast.com\/wordpress\/plugins\/seo\/ -->\n<title>Mira un nuevo trailer para el documental de John Lennon &amp; Yoko Ono, &#039;One to One&#039;<\/title>\n<meta name=\"robots\" content=\"index, follow, max-snippet:-1, max-image-preview:large, max-video-preview:-1\" \/>\n<link rel=\"canonical\" href=\"https:\/\/web.consaguirre.com.ar\/noticias\/mira-un-nuevo-trailer-para-el-documental-de-john-lennon-yoko-ono-one-to-one\/\" \/>\n<meta property=\"og:locale\" content=\"es_ES\" \/>\n<meta property=\"og:type\" content=\"article\" \/>\n<meta property=\"og:title\" content=\"Mira un nuevo trailer para el documental de John Lennon &amp; Yoko Ono, &#039;One to One&#039;\" \/>\n<meta property=\"og:description\" content=\"Un nuevo documental que ofrece una mirada \u00edntima a John Lennon y Yoko OnoLa vida de Nueva York a principios de la d\u00e9cada de 1970\" \/>\n<meta property=\"og:url\" content=\"https:\/\/web.consaguirre.com.ar\/noticias\/mira-un-nuevo-trailer-para-el-documental-de-john-lennon-yoko-ono-one-to-one\/\" \/>\n<meta property=\"og:site_name\" content=\"Conservatorio de M\u00fasica Juli\u00e1n Aguirre\" \/>\n<meta property=\"article:published_time\" content=\"2025-03-14T15:38:28+00:00\" \/>\n<meta property=\"article:modified_time\" content=\"2025-03-14T15:38:29+00:00\" \/>\n<meta property=\"og:image\" content=\"https:\/\/web.consaguirre.com.ar\/noticias\/wp-content\/uploads\/2025\/03\/1741966709_Mira-un-nuevo-trailer-para-el-documental-de-John-Lennon.jpg\" \/>\n\t<meta property=\"og:image:width\" content=\"1440\" \/>\n\t<meta property=\"og:image:height\" content=\"864\" \/>\n\t<meta property=\"og:image:type\" content=\"image\/jpeg\" \/>\n<meta name=\"author\" content=\"Javier Figueroa\" \/>\n<meta name=\"twitter:card\" content=\"summary_large_image\" \/>\n<meta name=\"twitter:label1\" content=\"Escrito por\" \/>\n\t<meta name=\"twitter:data1\" content=\"Javier Figueroa\" \/>\n\t<meta name=\"twitter:label2\" content=\"Tiempo de lectura\" \/>\n\t<meta name=\"twitter:data2\" content=\"2 minutos\" \/>\n<script type=\"application\/ld+json\" class=\"yoast-schema-graph\">{\"@context\":\"https:\/\/schema.org\",\"@graph\":[{\"@type\":\"Article\",\"@id\":\"https:\/\/web.consaguirre.com.ar\/noticias\/mira-un-nuevo-trailer-para-el-documental-de-john-lennon-yoko-ono-one-to-one\/#article\",\"isPartOf\":{\"@id\":\"https:\/\/web.consaguirre.com.ar\/noticias\/mira-un-nuevo-trailer-para-el-documental-de-john-lennon-yoko-ono-one-to-one\/\"},\"author\":{\"name\":\"Javier Figueroa\",\"@id\":\"https:\/\/web.consaguirre.com.ar\/noticias\/#\/schema\/person\/6558b0cfedee7ddc5425602b237d5722\"},\"headline\":\"Mira un nuevo trailer para el documental de John Lennon &#038; Yoko Ono, &#8216;One to One&#8217;\",\"datePublished\":\"2025-03-14T15:38:28+00:00\",\"dateModified\":\"2025-03-14T15:38:29+00:00\",\"mainEntityOfPage\":{\"@id\":\"https:\/\/web.consaguirre.com.ar\/noticias\/mira-un-nuevo-trailer-para-el-documental-de-john-lennon-yoko-ono-one-to-one\/\"},\"wordCount\":359,\"publisher\":{\"@id\":\"https:\/\/web.consaguirre.com.ar\/noticias\/#organization\"},\"image\":{\"@id\":\"https:\/\/web.consaguirre.com.ar\/noticias\/mira-un-nuevo-trailer-para-el-documental-de-john-lennon-yoko-ono-one-to-one\/#primaryimage\"},\"thumbnailUrl\":\"https:\/\/web.consaguirre.com.ar\/noticias\/wp-content\/uploads\/2025\/03\/1741966709_Mira-un-nuevo-trailer-para-el-documental-de-John-Lennon.jpg\",\"keywords\":[\"documental\",\"John\",\"Lennon\",\"Mira\",\"nuevo\",\"Ono\",\"para\",\"tr\u00e1iler\",\"Yoko\"],\"articleSection\":[\"El \u00faltimo\"],\"inLanguage\":\"es-AR\"},{\"@type\":\"WebPage\",\"@id\":\"https:\/\/web.consaguirre.com.ar\/noticias\/mira-un-nuevo-trailer-para-el-documental-de-john-lennon-yoko-ono-one-to-one\/\",\"url\":\"https:\/\/web.consaguirre.com.ar\/noticias\/mira-un-nuevo-trailer-para-el-documental-de-john-lennon-yoko-ono-one-to-one\/\",\"name\":\"Mira un nuevo trailer para el documental de John Lennon & Yoko Ono, 'One to One'\",\"isPartOf\":{\"@id\":\"https:\/\/web.consaguirre.com.ar\/noticias\/#website\"},\"primaryImageOfPage\":{\"@id\":\"https:\/\/web.consaguirre.com.ar\/noticias\/mira-un-nuevo-trailer-para-el-documental-de-john-lennon-yoko-ono-one-to-one\/#primaryimage\"},\"image\":{\"@id\":\"https:\/\/web.consaguirre.com.ar\/noticias\/mira-un-nuevo-trailer-para-el-documental-de-john-lennon-yoko-ono-one-to-one\/#primaryimage\"},\"thumbnailUrl\":\"https:\/\/web.consaguirre.com.ar\/noticias\/wp-content\/uploads\/2025\/03\/1741966709_Mira-un-nuevo-trailer-para-el-documental-de-John-Lennon.jpg\",\"datePublished\":\"2025-03-14T15:38:28+00:00\",\"dateModified\":\"2025-03-14T15:38:29+00:00\",\"breadcrumb\":{\"@id\":\"https:\/\/web.consaguirre.com.ar\/noticias\/mira-un-nuevo-trailer-para-el-documental-de-john-lennon-yoko-ono-one-to-one\/#breadcrumb\"},\"inLanguage\":\"es-AR\",\"potentialAction\":[{\"@type\":\"ReadAction\",\"target\":[\"https:\/\/web.consaguirre.com.ar\/noticias\/mira-un-nuevo-trailer-para-el-documental-de-john-lennon-yoko-ono-one-to-one\/\"]}]},{\"@type\":\"ImageObject\",\"inLanguage\":\"es-AR\",\"@id\":\"https:\/\/web.consaguirre.com.ar\/noticias\/mira-un-nuevo-trailer-para-el-documental-de-john-lennon-yoko-ono-one-to-one\/#primaryimage\",\"url\":\"https:\/\/web.consaguirre.com.ar\/noticias\/wp-content\/uploads\/2025\/03\/1741966709_Mira-un-nuevo-trailer-para-el-documental-de-John-Lennon.jpg\",\"contentUrl\":\"https:\/\/web.consaguirre.com.ar\/noticias\/wp-content\/uploads\/2025\/03\/1741966709_Mira-un-nuevo-trailer-para-el-documental-de-John-Lennon.jpg\",\"width\":1440,\"height\":864,\"caption\":\"Mira un nuevo trailer para el documental de John Lennon & Yoko Ono, 'One to One'\"},{\"@type\":\"BreadcrumbList\",\"@id\":\"https:\/\/web.consaguirre.com.ar\/noticias\/mira-un-nuevo-trailer-para-el-documental-de-john-lennon-yoko-ono-one-to-one\/#breadcrumb\",\"itemListElement\":[{\"@type\":\"ListItem\",\"position\":1,\"name\":\"Inicio\",\"item\":\"https:\/\/web.consaguirre.com.ar\/noticias\/\"},{\"@type\":\"ListItem\",\"position\":2,\"name\":\"Mira un nuevo trailer para el documental de John Lennon &#038; Yoko Ono, &#8216;One to One&#8217;\"}]},{\"@type\":\"WebSite\",\"@id\":\"https:\/\/web.consaguirre.com.ar\/noticias\/#website\",\"url\":\"https:\/\/web.consaguirre.com.ar\/noticias\/\",\"name\":\"Conservatorio de M\u00fasica Juli\u00e1n Aguirre\",\"description\":\"\",\"publisher\":{\"@id\":\"https:\/\/web.consaguirre.com.ar\/noticias\/#organization\"},\"potentialAction\":[{\"@type\":\"SearchAction\",\"target\":{\"@type\":\"EntryPoint\",\"urlTemplate\":\"https:\/\/web.consaguirre.com.ar\/noticias\/?s={search_term_string}\"},\"query-input\":\"required name=search_term_string\"}],\"inLanguage\":\"es-AR\"},{\"@type\":\"Organization\",\"@id\":\"https:\/\/web.consaguirre.com.ar\/noticias\/#organization\",\"name\":\"Conservatorio de M\u00fasica Juli\u00e1n Aguirre\",\"url\":\"https:\/\/web.consaguirre.com.ar\/noticias\/\",\"logo\":{\"@type\":\"ImageObject\",\"inLanguage\":\"es-AR\",\"@id\":\"https:\/\/web.consaguirre.com.ar\/noticias\/#\/schema\/logo\/image\/\",\"url\":\"https:\/\/web.consaguirre.com.ar\/noticias\/wp-content\/uploads\/2024\/08\/Banner-Aguirre-23.jpg\",\"contentUrl\":\"https:\/\/web.consaguirre.com.ar\/noticias\/wp-content\/uploads\/2024\/08\/Banner-Aguirre-23.jpg\",\"width\":1192,\"height\":600,\"caption\":\"Conservatorio de M\u00fasica Juli\u00e1n Aguirre\"},\"image\":{\"@id\":\"https:\/\/web.consaguirre.com.ar\/noticias\/#\/schema\/logo\/image\/\"}},{\"@type\":\"Person\",\"@id\":\"https:\/\/web.consaguirre.com.ar\/noticias\/#\/schema\/person\/6558b0cfedee7ddc5425602b237d5722\",\"name\":\"Javier Figueroa\",\"image\":{\"@type\":\"ImageObject\",\"inLanguage\":\"es-AR\",\"@id\":\"https:\/\/web.consaguirre.com.ar\/noticias\/#\/schema\/person\/image\/\",\"url\":\"https:\/\/web.consaguirre.com.ar\/noticias\/wp-content\/uploads\/2024\/08\/Consaguirre-scaled.jpg\",\"contentUrl\":\"https:\/\/web.consaguirre.com.ar\/noticias\/wp-content\/uploads\/2024\/08\/Consaguirre-scaled.jpg\",\"caption\":\"Javier Figueroa\"},\"description\":\"Me llamo Javier Figueroa y soy redactor para el sitio oficial del Conservatorio de M\u00fasica Juli\u00e1n Aguirre en Buenos Aires, consaguirre.com. Apasionado por la m\u00fasica y la escritura, me esfuerzo por destacar los talentos y eventos de nuestra prestigiosa instituci\u00f3n. Mi trayectoria se nutre de una profunda admiraci\u00f3n por los artistas, haciendo de cada art\u00edculo una celebraci\u00f3n de la creatividad y la cultura musical.\",\"sameAs\":[\"https:\/\/web.consaguirre.com.ar\/noticias\"]}]}<\/script>\n<!-- \/ Yoast SEO plugin. -->","yoast_head_json":{"title":"Mira un nuevo trailer para el documental de John Lennon & Yoko Ono, 'One to One'","robots":{"index":"index","follow":"follow","max-snippet":"max-snippet:-1","max-image-preview":"max-image-preview:large","max-video-preview":"max-video-preview:-1"},"canonical":"https:\/\/web.consaguirre.com.ar\/noticias\/mira-un-nuevo-trailer-para-el-documental-de-john-lennon-yoko-ono-one-to-one\/","og_locale":"es_ES","og_type":"article","og_title":"Mira un nuevo trailer para el documental de John Lennon & Yoko Ono, 'One to One'","og_description":"Un nuevo documental que ofrece una mirada \u00edntima a John Lennon y Yoko OnoLa vida de Nueva York a principios de la d\u00e9cada de 1970","og_url":"https:\/\/web.consaguirre.com.ar\/noticias\/mira-un-nuevo-trailer-para-el-documental-de-john-lennon-yoko-ono-one-to-one\/","og_site_name":"Conservatorio de M\u00fasica Juli\u00e1n Aguirre","article_published_time":"2025-03-14T15:38:28+00:00","article_modified_time":"2025-03-14T15:38:29+00:00","og_image":[{"width":1440,"height":864,"url":"https:\/\/web.consaguirre.com.ar\/noticias\/wp-content\/uploads\/2025\/03\/1741966709_Mira-un-nuevo-trailer-para-el-documental-de-John-Lennon.jpg","type":"image\/jpeg"}],"author":"Javier Figueroa","twitter_card":"summary_large_image","twitter_misc":{"Escrito por":"Javier Figueroa","Tiempo de lectura":"2 minutos"},"schema":{"@context":"https:\/\/schema.org","@graph":[{"@type":"Article","@id":"https:\/\/web.consaguirre.com.ar\/noticias\/mira-un-nuevo-trailer-para-el-documental-de-john-lennon-yoko-ono-one-to-one\/#article","isPartOf":{"@id":"https:\/\/web.consaguirre.com.ar\/noticias\/mira-un-nuevo-trailer-para-el-documental-de-john-lennon-yoko-ono-one-to-one\/"},"author":{"name":"Javier Figueroa","@id":"https:\/\/web.consaguirre.com.ar\/noticias\/#\/schema\/person\/6558b0cfedee7ddc5425602b237d5722"},"headline":"Mira un nuevo trailer para el documental de John Lennon &#038; Yoko Ono, &#8216;One to One&#8217;","datePublished":"2025-03-14T15:38:28+00:00","dateModified":"2025-03-14T15:38:29+00:00","mainEntityOfPage":{"@id":"https:\/\/web.consaguirre.com.ar\/noticias\/mira-un-nuevo-trailer-para-el-documental-de-john-lennon-yoko-ono-one-to-one\/"},"wordCount":359,"publisher":{"@id":"https:\/\/web.consaguirre.com.ar\/noticias\/#organization"},"image":{"@id":"https:\/\/web.consaguirre.com.ar\/noticias\/mira-un-nuevo-trailer-para-el-documental-de-john-lennon-yoko-ono-one-to-one\/#primaryimage"},"thumbnailUrl":"https:\/\/web.consaguirre.com.ar\/noticias\/wp-content\/uploads\/2025\/03\/1741966709_Mira-un-nuevo-trailer-para-el-documental-de-John-Lennon.jpg","keywords":["documental","John","Lennon","Mira","nuevo","Ono","para","tr\u00e1iler","Yoko"],"articleSection":["El \u00faltimo"],"inLanguage":"es-AR"},{"@type":"WebPage","@id":"https:\/\/web.consaguirre.com.ar\/noticias\/mira-un-nuevo-trailer-para-el-documental-de-john-lennon-yoko-ono-one-to-one\/","url":"https:\/\/web.consaguirre.com.ar\/noticias\/mira-un-nuevo-trailer-para-el-documental-de-john-lennon-yoko-ono-one-to-one\/","name":"Mira un nuevo trailer para el documental de John Lennon & Yoko Ono, 'One to One'","isPartOf":{"@id":"https:\/\/web.consaguirre.com.ar\/noticias\/#website"},"primaryImageOfPage":{"@id":"https:\/\/web.consaguirre.com.ar\/noticias\/mira-un-nuevo-trailer-para-el-documental-de-john-lennon-yoko-ono-one-to-one\/#primaryimage"},"image":{"@id":"https:\/\/web.consaguirre.com.ar\/noticias\/mira-un-nuevo-trailer-para-el-documental-de-john-lennon-yoko-ono-one-to-one\/#primaryimage"},"thumbnailUrl":"https:\/\/web.consaguirre.com.ar\/noticias\/wp-content\/uploads\/2025\/03\/1741966709_Mira-un-nuevo-trailer-para-el-documental-de-John-Lennon.jpg","datePublished":"2025-03-14T15:38:28+00:00","dateModified":"2025-03-14T15:38:29+00:00","breadcrumb":{"@id":"https:\/\/web.consaguirre.com.ar\/noticias\/mira-un-nuevo-trailer-para-el-documental-de-john-lennon-yoko-ono-one-to-one\/#breadcrumb"},"inLanguage":"es-AR","potentialAction":[{"@type":"ReadAction","target":["https:\/\/web.consaguirre.com.ar\/noticias\/mira-un-nuevo-trailer-para-el-documental-de-john-lennon-yoko-ono-one-to-one\/"]}]},{"@type":"ImageObject","inLanguage":"es-AR","@id":"https:\/\/web.consaguirre.com.ar\/noticias\/mira-un-nuevo-trailer-para-el-documental-de-john-lennon-yoko-ono-one-to-one\/#primaryimage","url":"https:\/\/web.consaguirre.com.ar\/noticias\/wp-content\/uploads\/2025\/03\/1741966709_Mira-un-nuevo-trailer-para-el-documental-de-John-Lennon.jpg","contentUrl":"https:\/\/web.consaguirre.com.ar\/noticias\/wp-content\/uploads\/2025\/03\/1741966709_Mira-un-nuevo-trailer-para-el-documental-de-John-Lennon.jpg","width":1440,"height":864,"caption":"Mira un nuevo trailer para el documental de John Lennon & Yoko Ono, 'One to One'"},{"@type":"BreadcrumbList","@id":"https:\/\/web.consaguirre.com.ar\/noticias\/mira-un-nuevo-trailer-para-el-documental-de-john-lennon-yoko-ono-one-to-one\/#breadcrumb","itemListElement":[{"@type":"ListItem","position":1,"name":"Inicio","item":"https:\/\/web.consaguirre.com.ar\/noticias\/"},{"@type":"ListItem","position":2,"name":"Mira un nuevo trailer para el documental de John Lennon &#038; Yoko Ono, &#8216;One to One&#8217;"}]},{"@type":"WebSite","@id":"https:\/\/web.consaguirre.com.ar\/noticias\/#website","url":"https:\/\/web.consaguirre.com.ar\/noticias\/","name":"Conservatorio de M\u00fasica Juli\u00e1n Aguirre","description":"","publisher":{"@id":"https:\/\/web.consaguirre.com.ar\/noticias\/#organization"},"potentialAction":[{"@type":"SearchAction","target":{"@type":"EntryPoint","urlTemplate":"https:\/\/web.consaguirre.com.ar\/noticias\/?s={search_term_string}"},"query-input":"required name=search_term_string"}],"inLanguage":"es-AR"},{"@type":"Organization","@id":"https:\/\/web.consaguirre.com.ar\/noticias\/#organization","name":"Conservatorio de M\u00fasica Juli\u00e1n Aguirre","url":"https:\/\/web.consaguirre.com.ar\/noticias\/","logo":{"@type":"ImageObject","inLanguage":"es-AR","@id":"https:\/\/web.consaguirre.com.ar\/noticias\/#\/schema\/logo\/image\/","url":"https:\/\/web.consaguirre.com.ar\/noticias\/wp-content\/uploads\/2024\/08\/Banner-Aguirre-23.jpg","contentUrl":"https:\/\/web.consaguirre.com.ar\/noticias\/wp-content\/uploads\/2024\/08\/Banner-Aguirre-23.jpg","width":1192,"height":600,"caption":"Conservatorio de M\u00fasica Juli\u00e1n Aguirre"},"image":{"@id":"https:\/\/web.consaguirre.com.ar\/noticias\/#\/schema\/logo\/image\/"}},{"@type":"Person","@id":"https:\/\/web.consaguirre.com.ar\/noticias\/#\/schema\/person\/6558b0cfedee7ddc5425602b237d5722","name":"Javier Figueroa","image":{"@type":"ImageObject","inLanguage":"es-AR","@id":"https:\/\/web.consaguirre.com.ar\/noticias\/#\/schema\/person\/image\/","url":"https:\/\/web.consaguirre.com.ar\/noticias\/wp-content\/uploads\/2024\/08\/Consaguirre-scaled.jpg","contentUrl":"https:\/\/web.consaguirre.com.ar\/noticias\/wp-content\/uploads\/2024\/08\/Consaguirre-scaled.jpg","caption":"Javier Figueroa"},"description":"Me llamo Javier Figueroa y soy redactor para el sitio oficial del Conservatorio de M\u00fasica Juli\u00e1n Aguirre en Buenos Aires, consaguirre.com. Apasionado por la m\u00fasica y la escritura, me esfuerzo por destacar los talentos y eventos de nuestra prestigiosa instituci\u00f3n. Mi trayectoria se nutre de una profunda admiraci\u00f3n por los artistas, haciendo de cada art\u00edculo una celebraci\u00f3n de la creatividad y la cultura musical.","sameAs":["https:\/\/web.consaguirre.com.ar\/noticias"]}]}},"_links":{"self":[{"href":"https:\/\/web.consaguirre.com.ar\/noticias\/wp-json\/wp\/v2\/posts\/2127"}],"collection":[{"href":"https:\/\/web.consaguirre.com.ar\/noticias\/wp-json\/wp\/v2\/posts"}],"about":[{"href":"https:\/\/web.consaguirre.com.ar\/noticias\/wp-json\/wp\/v2\/types\/post"}],"author":[{"embeddable":true,"href":"https:\/\/web.consaguirre.com.ar\/noticias\/wp-json\/wp\/v2\/users\/1"}],"replies":[{"embeddable":true,"href":"https:\/\/web.consaguirre.com.ar\/noticias\/wp-json\/wp\/v2\/comments?post=2127"}],"version-history":[{"count":1,"href":"https:\/\/web.consaguirre.com.ar\/noticias\/wp-json\/wp\/v2\/posts\/2127\/revisions"}],"predecessor-version":[{"id":2129,"href":"https:\/\/web.consaguirre.com.ar\/noticias\/wp-json\/wp\/v2\/posts\/2127\/revisions\/2129"}],"wp:featuredmedia":[{"embeddable":true,"href":"https:\/\/web.consaguirre.com.ar\/noticias\/wp-json\/wp\/v2\/media\/2128"}],"wp:attachment":[{"href":"https:\/\/web.consaguirre.com.ar\/noticias\/wp-json\/wp\/v2\/media?parent=2127"}],"wp:term":[{"taxonomy":"category","embeddable":true,"href":"https:\/\/web.consaguirre.com.ar\/noticias\/wp-json\/wp\/v2\/categories?post=2127"},{"taxonomy":"post_tag","embeddable":true,"href":"https:\/\/web.consaguirre.com.ar\/noticias\/wp-json\/wp\/v2\/tags?post=2127"}],"curies":[{"name":"wp","href":"https:\/\/api.w.org\/{rel}","templated":true}]}}