{"id":2100,"date":"2025-03-11T18:40:06","date_gmt":"2025-03-11T21:40:06","guid":{"rendered":"https:\/\/web.consaguirre.com.ar\/noticias\/ariana-grande-anuncia-eternal-sunshine-deluxe-dias-mas-brillantes-por-delante\/"},"modified":"2025-03-11T18:40:07","modified_gmt":"2025-03-11T21:40:07","slug":"ariana-grande-anuncia-eternal-sunshine-deluxe-dias-mas-brillantes-por-delante","status":"publish","type":"post","link":"https:\/\/web.consaguirre.com.ar\/noticias\/ariana-grande-anuncia-eternal-sunshine-deluxe-dias-mas-brillantes-por-delante\/","title":{"rendered":"Ariana Grande anuncia &#8216;Eternal Sunshine Deluxe: D\u00edas m\u00e1s brillantes por delante&#8217;"},"content":{"rendered":"<p><strong>Ariana Grande<\/strong> ha anunciado una edici\u00f3n ampliada de <em>sol<\/em>uno de los \u00e1lbumes m\u00e1s exitosos de 2024. <em>Eternal Sunshine Deluxe: d\u00edas m\u00e1s brillantes por delante<\/em> Se lanzar\u00e1 el 28 de marzo, poco m\u00e1s de un a\u00f1o despu\u00e9s del debut en la lista del \u00e1lbum original. M\u00e1s detalles sobre los d\u00edas m\u00e1s brillantes que se avecinan, incluida la lista de canciones y las caracter\u00edsticas de los invitados, permanecen en secreto por ahora.<\/p>\n<p><strong><em>sol<\/em><\/strong>  Debut\u00f3 en el n\u00famero 1 en la lista de \u00e1lbumes de Billboard 200 con 227,000 en ventas de primera semana, que fue el debut del \u00e1lbum m\u00e1s grande de 2024 en ese momento. Fue el \u00fanico \u00e1lbum que produjo m\u00faltiples \u00e9xitos No. 1 en el Billboard Hot 100 el a\u00f1o pasado, &#8220;\u00bfS\u00ed y?&#8221; y &#8220;No podemos ser amigos (espera tu amor)&#8221;, los cuales debutaron sobre la lista. La \u00faltima pista se certifica RIAA como doble platino, mientras que &#8220;s\u00ed y?&#8221; y &#8220;el ni\u00f1o es m\u00edo&#8221; logr\u00f3 el estado del platino. Ambos &#8220;\u00bfS\u00ed y?&#8221; y &#8220;The Boy Is Mine&#8221; fueron nominados para premios en los Grammys 2025.<\/p>\n<div class=\"uD-YT-container\"><img decoding=\"async\" src=\"https:\/\/web.consaguirre.com.ar\/noticias\/wp-content\/uploads\/2025\/03\/1741729206_607_Ariana-Grande-anuncia-Eternal-Sunshine-Deluxe-Dias-mas-brillantes-por.jpg\" alt=\"Video de YouTube\"><br \/>Haga clic para cargar video<\/div>\n<p>Despu\u00e9s de la tremenda recepci\u00f3n a <em>sol<\/em>Grande continu\u00f3 su gran a\u00f1o con el lanzamiento de <em>Malvado: Parte I<\/em>la adaptaci\u00f3n cinematogr\u00e1fica del cl\u00e1sico musical de Broadway <strong><em>Malvado<\/em><\/strong>en el que interpret\u00f3 a Galinda Upland frente a Elphaba Thropp de Cynthia Erivo. La pel\u00edcula fue un \u00e9xito de taquilla, recaudando $ 473.2 millones en los Estados Unidos y $ 733.8 millones a nivel mundial. Su \u00e1lbum complementario <em>Wicked: la banda sonora<\/em> Super\u00f3 la lista de ventas del \u00e1lbum de Billboard con 85,000 en ventas de primera semana y debut\u00f3 en el n\u00famero 2 en el Billboard 200 con 139,000 unidades generales, el mayor debut en la banda sonora para una adaptaci\u00f3n de etapa a pantalla.<\/p>\n<p>La actuaci\u00f3n de Grande como Galinda fue ampliamente aclamada como un triunfo. Su mezcla de tiempo c\u00f3mico, habilidades dram\u00e1ticas, canto de poder y actuaci\u00f3n f\u00edsica le vali\u00f3 una nominaci\u00f3n a la mejor actriz de reparto en los 2025 Academy Awards, donde ella y Erivo abrieron la ceremonia con un popurr\u00ed. Grande tambi\u00e9n fue nominado en los Globos de Oro, los Premios BAFTA y los Premios del Gremio de Actores Screen.<\/p>\n<p><strong>Ordenar Ariana Grande&#8217;s <em>Eternal Sunshine Deluxe: d\u00edas m\u00e1s brillantes por delante<\/em> ahora.<\/strong><\/p>\n","protected":false},"excerpt":{"rendered":"<p>Ariana Grande ha anunciado una edici\u00f3n ampliada de soluno de los \u00e1lbumes m\u00e1s exitosos de 2024. Eternal Sunshine Deluxe: d\u00edas m\u00e1s brillantes por delante Se<\/p>\n","protected":false},"author":1,"featured_media":2101,"comment_status":"closed","ping_status":"","sticky":false,"template":"","format":"standard","meta":{"footnotes":""},"categories":[50],"tags":[56,158,2093,2094,547,2092,838,159,707,96,839],"class_list":["post-2100","post","type-post","status-publish","format-standard","has-post-thumbnail","hentry","category-el-ultimo","tag-anuncia","tag-ariana","tag-brillantes","tag-delante","tag-deluxe","tag-dias","tag-eternal","tag-grande","tag-mas","tag-por","tag-sunshine","generate-columns","tablet-grid-50","mobile-grid-100","grid-parent","grid-50"],"yoast_head":"<!-- This site is optimized with the Yoast SEO plugin v23.3 - https:\/\/yoast.com\/wordpress\/plugins\/seo\/ -->\n<title>Ariana Grande anuncia &#039;Eternal Sunshine Deluxe: D\u00edas m\u00e1s brillantes por delante&#039;<\/title>\n<meta name=\"robots\" content=\"index, follow, max-snippet:-1, max-image-preview:large, max-video-preview:-1\" \/>\n<link rel=\"canonical\" href=\"https:\/\/web.consaguirre.com.ar\/noticias\/ariana-grande-anuncia-eternal-sunshine-deluxe-dias-mas-brillantes-por-delante\/\" \/>\n<meta property=\"og:locale\" content=\"es_ES\" \/>\n<meta property=\"og:type\" content=\"article\" \/>\n<meta property=\"og:title\" content=\"Ariana Grande anuncia &#039;Eternal Sunshine Deluxe: D\u00edas m\u00e1s brillantes por delante&#039;\" \/>\n<meta property=\"og:description\" content=\"Ariana Grande ha anunciado una edici\u00f3n ampliada de soluno de los \u00e1lbumes m\u00e1s exitosos de 2024. Eternal Sunshine Deluxe: d\u00edas m\u00e1s brillantes por delante Se\" \/>\n<meta property=\"og:url\" content=\"https:\/\/web.consaguirre.com.ar\/noticias\/ariana-grande-anuncia-eternal-sunshine-deluxe-dias-mas-brillantes-por-delante\/\" \/>\n<meta property=\"og:site_name\" content=\"Conservatorio de M\u00fasica Juli\u00e1n Aguirre\" \/>\n<meta property=\"article:published_time\" content=\"2025-03-11T21:40:06+00:00\" \/>\n<meta property=\"article:modified_time\" content=\"2025-03-11T21:40:07+00:00\" \/>\n<meta property=\"og:image\" content=\"https:\/\/web.consaguirre.com.ar\/noticias\/wp-content\/uploads\/2025\/03\/Ariana-Grande-anuncia-Eternal-Sunshine-Deluxe-Dias-mas-brillantes-por.jpg\" \/>\n\t<meta property=\"og:image:width\" content=\"1280\" \/>\n\t<meta property=\"og:image:height\" content=\"1280\" \/>\n\t<meta property=\"og:image:type\" content=\"image\/jpeg\" \/>\n<meta name=\"author\" content=\"Javier Figueroa\" \/>\n<meta name=\"twitter:card\" content=\"summary_large_image\" \/>\n<meta name=\"twitter:label1\" content=\"Escrito por\" \/>\n\t<meta name=\"twitter:data1\" content=\"Javier Figueroa\" \/>\n\t<meta name=\"twitter:label2\" content=\"Tiempo de lectura\" \/>\n\t<meta name=\"twitter:data2\" content=\"2 minutos\" \/>\n<script type=\"application\/ld+json\" class=\"yoast-schema-graph\">{\"@context\":\"https:\/\/schema.org\",\"@graph\":[{\"@type\":\"Article\",\"@id\":\"https:\/\/web.consaguirre.com.ar\/noticias\/ariana-grande-anuncia-eternal-sunshine-deluxe-dias-mas-brillantes-por-delante\/#article\",\"isPartOf\":{\"@id\":\"https:\/\/web.consaguirre.com.ar\/noticias\/ariana-grande-anuncia-eternal-sunshine-deluxe-dias-mas-brillantes-por-delante\/\"},\"author\":{\"name\":\"Javier Figueroa\",\"@id\":\"https:\/\/web.consaguirre.com.ar\/noticias\/#\/schema\/person\/6558b0cfedee7ddc5425602b237d5722\"},\"headline\":\"Ariana Grande anuncia &#8216;Eternal Sunshine Deluxe: D\u00edas m\u00e1s brillantes por delante&#8217;\",\"datePublished\":\"2025-03-11T21:40:06+00:00\",\"dateModified\":\"2025-03-11T21:40:07+00:00\",\"mainEntityOfPage\":{\"@id\":\"https:\/\/web.consaguirre.com.ar\/noticias\/ariana-grande-anuncia-eternal-sunshine-deluxe-dias-mas-brillantes-por-delante\/\"},\"wordCount\":408,\"publisher\":{\"@id\":\"https:\/\/web.consaguirre.com.ar\/noticias\/#organization\"},\"image\":{\"@id\":\"https:\/\/web.consaguirre.com.ar\/noticias\/ariana-grande-anuncia-eternal-sunshine-deluxe-dias-mas-brillantes-por-delante\/#primaryimage\"},\"thumbnailUrl\":\"https:\/\/web.consaguirre.com.ar\/noticias\/wp-content\/uploads\/2025\/03\/Ariana-Grande-anuncia-Eternal-Sunshine-Deluxe-Dias-mas-brillantes-por.jpg\",\"keywords\":[\"anuncia\",\"Ariana\",\"brillantes\",\"delante\",\"Deluxe\",\"D\u00edas\",\"Eternal\",\"Grande\",\"m\u00e1s\",\"por\",\"Sunshine\"],\"articleSection\":[\"El \u00faltimo\"],\"inLanguage\":\"es-AR\"},{\"@type\":\"WebPage\",\"@id\":\"https:\/\/web.consaguirre.com.ar\/noticias\/ariana-grande-anuncia-eternal-sunshine-deluxe-dias-mas-brillantes-por-delante\/\",\"url\":\"https:\/\/web.consaguirre.com.ar\/noticias\/ariana-grande-anuncia-eternal-sunshine-deluxe-dias-mas-brillantes-por-delante\/\",\"name\":\"Ariana Grande anuncia 'Eternal Sunshine Deluxe: D\u00edas m\u00e1s brillantes por delante'\",\"isPartOf\":{\"@id\":\"https:\/\/web.consaguirre.com.ar\/noticias\/#website\"},\"primaryImageOfPage\":{\"@id\":\"https:\/\/web.consaguirre.com.ar\/noticias\/ariana-grande-anuncia-eternal-sunshine-deluxe-dias-mas-brillantes-por-delante\/#primaryimage\"},\"image\":{\"@id\":\"https:\/\/web.consaguirre.com.ar\/noticias\/ariana-grande-anuncia-eternal-sunshine-deluxe-dias-mas-brillantes-por-delante\/#primaryimage\"},\"thumbnailUrl\":\"https:\/\/web.consaguirre.com.ar\/noticias\/wp-content\/uploads\/2025\/03\/Ariana-Grande-anuncia-Eternal-Sunshine-Deluxe-Dias-mas-brillantes-por.jpg\",\"datePublished\":\"2025-03-11T21:40:06+00:00\",\"dateModified\":\"2025-03-11T21:40:07+00:00\",\"breadcrumb\":{\"@id\":\"https:\/\/web.consaguirre.com.ar\/noticias\/ariana-grande-anuncia-eternal-sunshine-deluxe-dias-mas-brillantes-por-delante\/#breadcrumb\"},\"inLanguage\":\"es-AR\",\"potentialAction\":[{\"@type\":\"ReadAction\",\"target\":[\"https:\/\/web.consaguirre.com.ar\/noticias\/ariana-grande-anuncia-eternal-sunshine-deluxe-dias-mas-brillantes-por-delante\/\"]}]},{\"@type\":\"ImageObject\",\"inLanguage\":\"es-AR\",\"@id\":\"https:\/\/web.consaguirre.com.ar\/noticias\/ariana-grande-anuncia-eternal-sunshine-deluxe-dias-mas-brillantes-por-delante\/#primaryimage\",\"url\":\"https:\/\/web.consaguirre.com.ar\/noticias\/wp-content\/uploads\/2025\/03\/Ariana-Grande-anuncia-Eternal-Sunshine-Deluxe-Dias-mas-brillantes-por.jpg\",\"contentUrl\":\"https:\/\/web.consaguirre.com.ar\/noticias\/wp-content\/uploads\/2025\/03\/Ariana-Grande-anuncia-Eternal-Sunshine-Deluxe-Dias-mas-brillantes-por.jpg\",\"width\":1280,\"height\":1280,\"caption\":\"Ariana Grande anuncia 'Eternal Sunshine Deluxe: D\u00edas m\u00e1s brillantes por delante'\"},{\"@type\":\"BreadcrumbList\",\"@id\":\"https:\/\/web.consaguirre.com.ar\/noticias\/ariana-grande-anuncia-eternal-sunshine-deluxe-dias-mas-brillantes-por-delante\/#breadcrumb\",\"itemListElement\":[{\"@type\":\"ListItem\",\"position\":1,\"name\":\"Inicio\",\"item\":\"https:\/\/web.consaguirre.com.ar\/noticias\/\"},{\"@type\":\"ListItem\",\"position\":2,\"name\":\"Ariana Grande anuncia &#8216;Eternal Sunshine Deluxe: D\u00edas m\u00e1s brillantes por delante&#8217;\"}]},{\"@type\":\"WebSite\",\"@id\":\"https:\/\/web.consaguirre.com.ar\/noticias\/#website\",\"url\":\"https:\/\/web.consaguirre.com.ar\/noticias\/\",\"name\":\"Conservatorio de M\u00fasica Juli\u00e1n Aguirre\",\"description\":\"\",\"publisher\":{\"@id\":\"https:\/\/web.consaguirre.com.ar\/noticias\/#organization\"},\"potentialAction\":[{\"@type\":\"SearchAction\",\"target\":{\"@type\":\"EntryPoint\",\"urlTemplate\":\"https:\/\/web.consaguirre.com.ar\/noticias\/?s={search_term_string}\"},\"query-input\":\"required name=search_term_string\"}],\"inLanguage\":\"es-AR\"},{\"@type\":\"Organization\",\"@id\":\"https:\/\/web.consaguirre.com.ar\/noticias\/#organization\",\"name\":\"Conservatorio de M\u00fasica Juli\u00e1n Aguirre\",\"url\":\"https:\/\/web.consaguirre.com.ar\/noticias\/\",\"logo\":{\"@type\":\"ImageObject\",\"inLanguage\":\"es-AR\",\"@id\":\"https:\/\/web.consaguirre.com.ar\/noticias\/#\/schema\/logo\/image\/\",\"url\":\"https:\/\/web.consaguirre.com.ar\/noticias\/wp-content\/uploads\/2024\/08\/Banner-Aguirre-23.jpg\",\"contentUrl\":\"https:\/\/web.consaguirre.com.ar\/noticias\/wp-content\/uploads\/2024\/08\/Banner-Aguirre-23.jpg\",\"width\":1192,\"height\":600,\"caption\":\"Conservatorio de M\u00fasica Juli\u00e1n Aguirre\"},\"image\":{\"@id\":\"https:\/\/web.consaguirre.com.ar\/noticias\/#\/schema\/logo\/image\/\"}},{\"@type\":\"Person\",\"@id\":\"https:\/\/web.consaguirre.com.ar\/noticias\/#\/schema\/person\/6558b0cfedee7ddc5425602b237d5722\",\"name\":\"Javier Figueroa\",\"image\":{\"@type\":\"ImageObject\",\"inLanguage\":\"es-AR\",\"@id\":\"https:\/\/web.consaguirre.com.ar\/noticias\/#\/schema\/person\/image\/\",\"url\":\"https:\/\/web.consaguirre.com.ar\/noticias\/wp-content\/uploads\/2024\/08\/Consaguirre-scaled.jpg\",\"contentUrl\":\"https:\/\/web.consaguirre.com.ar\/noticias\/wp-content\/uploads\/2024\/08\/Consaguirre-scaled.jpg\",\"caption\":\"Javier Figueroa\"},\"description\":\"Me llamo Javier Figueroa y soy redactor para el sitio oficial del Conservatorio de M\u00fasica Juli\u00e1n Aguirre en Buenos Aires, consaguirre.com. Apasionado por la m\u00fasica y la escritura, me esfuerzo por destacar los talentos y eventos de nuestra prestigiosa instituci\u00f3n. Mi trayectoria se nutre de una profunda admiraci\u00f3n por los artistas, haciendo de cada art\u00edculo una celebraci\u00f3n de la creatividad y la cultura musical.\",\"sameAs\":[\"https:\/\/web.consaguirre.com.ar\/noticias\"]}]}<\/script>\n<!-- \/ Yoast SEO plugin. -->","yoast_head_json":{"title":"Ariana Grande anuncia 'Eternal Sunshine Deluxe: D\u00edas m\u00e1s brillantes por delante'","robots":{"index":"index","follow":"follow","max-snippet":"max-snippet:-1","max-image-preview":"max-image-preview:large","max-video-preview":"max-video-preview:-1"},"canonical":"https:\/\/web.consaguirre.com.ar\/noticias\/ariana-grande-anuncia-eternal-sunshine-deluxe-dias-mas-brillantes-por-delante\/","og_locale":"es_ES","og_type":"article","og_title":"Ariana Grande anuncia 'Eternal Sunshine Deluxe: D\u00edas m\u00e1s brillantes por delante'","og_description":"Ariana Grande ha anunciado una edici\u00f3n ampliada de soluno de los \u00e1lbumes m\u00e1s exitosos de 2024. Eternal Sunshine Deluxe: d\u00edas m\u00e1s brillantes por delante Se","og_url":"https:\/\/web.consaguirre.com.ar\/noticias\/ariana-grande-anuncia-eternal-sunshine-deluxe-dias-mas-brillantes-por-delante\/","og_site_name":"Conservatorio de M\u00fasica Juli\u00e1n Aguirre","article_published_time":"2025-03-11T21:40:06+00:00","article_modified_time":"2025-03-11T21:40:07+00:00","og_image":[{"width":1280,"height":1280,"url":"https:\/\/web.consaguirre.com.ar\/noticias\/wp-content\/uploads\/2025\/03\/Ariana-Grande-anuncia-Eternal-Sunshine-Deluxe-Dias-mas-brillantes-por.jpg","type":"image\/jpeg"}],"author":"Javier Figueroa","twitter_card":"summary_large_image","twitter_misc":{"Escrito por":"Javier Figueroa","Tiempo de lectura":"2 minutos"},"schema":{"@context":"https:\/\/schema.org","@graph":[{"@type":"Article","@id":"https:\/\/web.consaguirre.com.ar\/noticias\/ariana-grande-anuncia-eternal-sunshine-deluxe-dias-mas-brillantes-por-delante\/#article","isPartOf":{"@id":"https:\/\/web.consaguirre.com.ar\/noticias\/ariana-grande-anuncia-eternal-sunshine-deluxe-dias-mas-brillantes-por-delante\/"},"author":{"name":"Javier Figueroa","@id":"https:\/\/web.consaguirre.com.ar\/noticias\/#\/schema\/person\/6558b0cfedee7ddc5425602b237d5722"},"headline":"Ariana Grande anuncia &#8216;Eternal Sunshine Deluxe: D\u00edas m\u00e1s brillantes por delante&#8217;","datePublished":"2025-03-11T21:40:06+00:00","dateModified":"2025-03-11T21:40:07+00:00","mainEntityOfPage":{"@id":"https:\/\/web.consaguirre.com.ar\/noticias\/ariana-grande-anuncia-eternal-sunshine-deluxe-dias-mas-brillantes-por-delante\/"},"wordCount":408,"publisher":{"@id":"https:\/\/web.consaguirre.com.ar\/noticias\/#organization"},"image":{"@id":"https:\/\/web.consaguirre.com.ar\/noticias\/ariana-grande-anuncia-eternal-sunshine-deluxe-dias-mas-brillantes-por-delante\/#primaryimage"},"thumbnailUrl":"https:\/\/web.consaguirre.com.ar\/noticias\/wp-content\/uploads\/2025\/03\/Ariana-Grande-anuncia-Eternal-Sunshine-Deluxe-Dias-mas-brillantes-por.jpg","keywords":["anuncia","Ariana","brillantes","delante","Deluxe","D\u00edas","Eternal","Grande","m\u00e1s","por","Sunshine"],"articleSection":["El \u00faltimo"],"inLanguage":"es-AR"},{"@type":"WebPage","@id":"https:\/\/web.consaguirre.com.ar\/noticias\/ariana-grande-anuncia-eternal-sunshine-deluxe-dias-mas-brillantes-por-delante\/","url":"https:\/\/web.consaguirre.com.ar\/noticias\/ariana-grande-anuncia-eternal-sunshine-deluxe-dias-mas-brillantes-por-delante\/","name":"Ariana Grande anuncia 'Eternal Sunshine Deluxe: D\u00edas m\u00e1s brillantes por delante'","isPartOf":{"@id":"https:\/\/web.consaguirre.com.ar\/noticias\/#website"},"primaryImageOfPage":{"@id":"https:\/\/web.consaguirre.com.ar\/noticias\/ariana-grande-anuncia-eternal-sunshine-deluxe-dias-mas-brillantes-por-delante\/#primaryimage"},"image":{"@id":"https:\/\/web.consaguirre.com.ar\/noticias\/ariana-grande-anuncia-eternal-sunshine-deluxe-dias-mas-brillantes-por-delante\/#primaryimage"},"thumbnailUrl":"https:\/\/web.consaguirre.com.ar\/noticias\/wp-content\/uploads\/2025\/03\/Ariana-Grande-anuncia-Eternal-Sunshine-Deluxe-Dias-mas-brillantes-por.jpg","datePublished":"2025-03-11T21:40:06+00:00","dateModified":"2025-03-11T21:40:07+00:00","breadcrumb":{"@id":"https:\/\/web.consaguirre.com.ar\/noticias\/ariana-grande-anuncia-eternal-sunshine-deluxe-dias-mas-brillantes-por-delante\/#breadcrumb"},"inLanguage":"es-AR","potentialAction":[{"@type":"ReadAction","target":["https:\/\/web.consaguirre.com.ar\/noticias\/ariana-grande-anuncia-eternal-sunshine-deluxe-dias-mas-brillantes-por-delante\/"]}]},{"@type":"ImageObject","inLanguage":"es-AR","@id":"https:\/\/web.consaguirre.com.ar\/noticias\/ariana-grande-anuncia-eternal-sunshine-deluxe-dias-mas-brillantes-por-delante\/#primaryimage","url":"https:\/\/web.consaguirre.com.ar\/noticias\/wp-content\/uploads\/2025\/03\/Ariana-Grande-anuncia-Eternal-Sunshine-Deluxe-Dias-mas-brillantes-por.jpg","contentUrl":"https:\/\/web.consaguirre.com.ar\/noticias\/wp-content\/uploads\/2025\/03\/Ariana-Grande-anuncia-Eternal-Sunshine-Deluxe-Dias-mas-brillantes-por.jpg","width":1280,"height":1280,"caption":"Ariana Grande anuncia 'Eternal Sunshine Deluxe: D\u00edas m\u00e1s brillantes por delante'"},{"@type":"BreadcrumbList","@id":"https:\/\/web.consaguirre.com.ar\/noticias\/ariana-grande-anuncia-eternal-sunshine-deluxe-dias-mas-brillantes-por-delante\/#breadcrumb","itemListElement":[{"@type":"ListItem","position":1,"name":"Inicio","item":"https:\/\/web.consaguirre.com.ar\/noticias\/"},{"@type":"ListItem","position":2,"name":"Ariana Grande anuncia &#8216;Eternal Sunshine Deluxe: D\u00edas m\u00e1s brillantes por delante&#8217;"}]},{"@type":"WebSite","@id":"https:\/\/web.consaguirre.com.ar\/noticias\/#website","url":"https:\/\/web.consaguirre.com.ar\/noticias\/","name":"Conservatorio de M\u00fasica Juli\u00e1n Aguirre","description":"","publisher":{"@id":"https:\/\/web.consaguirre.com.ar\/noticias\/#organization"},"potentialAction":[{"@type":"SearchAction","target":{"@type":"EntryPoint","urlTemplate":"https:\/\/web.consaguirre.com.ar\/noticias\/?s={search_term_string}"},"query-input":"required name=search_term_string"}],"inLanguage":"es-AR"},{"@type":"Organization","@id":"https:\/\/web.consaguirre.com.ar\/noticias\/#organization","name":"Conservatorio de M\u00fasica Juli\u00e1n Aguirre","url":"https:\/\/web.consaguirre.com.ar\/noticias\/","logo":{"@type":"ImageObject","inLanguage":"es-AR","@id":"https:\/\/web.consaguirre.com.ar\/noticias\/#\/schema\/logo\/image\/","url":"https:\/\/web.consaguirre.com.ar\/noticias\/wp-content\/uploads\/2024\/08\/Banner-Aguirre-23.jpg","contentUrl":"https:\/\/web.consaguirre.com.ar\/noticias\/wp-content\/uploads\/2024\/08\/Banner-Aguirre-23.jpg","width":1192,"height":600,"caption":"Conservatorio de M\u00fasica Juli\u00e1n Aguirre"},"image":{"@id":"https:\/\/web.consaguirre.com.ar\/noticias\/#\/schema\/logo\/image\/"}},{"@type":"Person","@id":"https:\/\/web.consaguirre.com.ar\/noticias\/#\/schema\/person\/6558b0cfedee7ddc5425602b237d5722","name":"Javier Figueroa","image":{"@type":"ImageObject","inLanguage":"es-AR","@id":"https:\/\/web.consaguirre.com.ar\/noticias\/#\/schema\/person\/image\/","url":"https:\/\/web.consaguirre.com.ar\/noticias\/wp-content\/uploads\/2024\/08\/Consaguirre-scaled.jpg","contentUrl":"https:\/\/web.consaguirre.com.ar\/noticias\/wp-content\/uploads\/2024\/08\/Consaguirre-scaled.jpg","caption":"Javier Figueroa"},"description":"Me llamo Javier Figueroa y soy redactor para el sitio oficial del Conservatorio de M\u00fasica Juli\u00e1n Aguirre en Buenos Aires, consaguirre.com. Apasionado por la m\u00fasica y la escritura, me esfuerzo por destacar los talentos y eventos de nuestra prestigiosa instituci\u00f3n. Mi trayectoria se nutre de una profunda admiraci\u00f3n por los artistas, haciendo de cada art\u00edculo una celebraci\u00f3n de la creatividad y la cultura musical.","sameAs":["https:\/\/web.consaguirre.com.ar\/noticias"]}]}},"_links":{"self":[{"href":"https:\/\/web.consaguirre.com.ar\/noticias\/wp-json\/wp\/v2\/posts\/2100"}],"collection":[{"href":"https:\/\/web.consaguirre.com.ar\/noticias\/wp-json\/wp\/v2\/posts"}],"about":[{"href":"https:\/\/web.consaguirre.com.ar\/noticias\/wp-json\/wp\/v2\/types\/post"}],"author":[{"embeddable":true,"href":"https:\/\/web.consaguirre.com.ar\/noticias\/wp-json\/wp\/v2\/users\/1"}],"replies":[{"embeddable":true,"href":"https:\/\/web.consaguirre.com.ar\/noticias\/wp-json\/wp\/v2\/comments?post=2100"}],"version-history":[{"count":1,"href":"https:\/\/web.consaguirre.com.ar\/noticias\/wp-json\/wp\/v2\/posts\/2100\/revisions"}],"predecessor-version":[{"id":2102,"href":"https:\/\/web.consaguirre.com.ar\/noticias\/wp-json\/wp\/v2\/posts\/2100\/revisions\/2102"}],"wp:featuredmedia":[{"embeddable":true,"href":"https:\/\/web.consaguirre.com.ar\/noticias\/wp-json\/wp\/v2\/media\/2101"}],"wp:attachment":[{"href":"https:\/\/web.consaguirre.com.ar\/noticias\/wp-json\/wp\/v2\/media?parent=2100"}],"wp:term":[{"taxonomy":"category","embeddable":true,"href":"https:\/\/web.consaguirre.com.ar\/noticias\/wp-json\/wp\/v2\/categories?post=2100"},{"taxonomy":"post_tag","embeddable":true,"href":"https:\/\/web.consaguirre.com.ar\/noticias\/wp-json\/wp\/v2\/tags?post=2100"}],"curies":[{"name":"wp","href":"https:\/\/api.w.org\/{rel}","templated":true}]}}