{"id":209,"date":"2024-08-26T13:38:43","date_gmt":"2024-08-26T16:38:43","guid":{"rendered":"https:\/\/web.consaguirre.com.ar\/noticias\/wendy-kirkland-en-el-festival-de-dos-pianos-steinway\/"},"modified":"2024-09-08T16:27:50","modified_gmt":"2024-09-08T19:27:50","slug":"wendy-kirkland-en-el-festival-de-dos-pianos-steinway","status":"publish","type":"post","link":"https:\/\/web.consaguirre.com.ar\/noticias\/wendy-kirkland-en-el-festival-de-dos-pianos-steinway\/","title":{"rendered":"Wendy Kirkland en el Festival de dos pianos Steinway"},"content":{"rendered":"<div class=\"entry\" itemprop=\"text\">\n<p>El Festival de 2 pianos Steinway llega al Pizza Express Jazz Club, Soho de Londres con un programa impresionante de casi 40 pianistas de renombre de todo el mundo que actuar\u00e1n a partir del 21 de marzo.<sup>calle<\/sup> hasta 27<sup>El<\/sup>Con algunas combinaciones fascinantes y \u00fanicas, esto promete ser algo muy especial.<\/p>\n<p>Actuaci\u00f3n el 24 de marzo<sup>El<\/sup> son dos pianistas y compositores excepcionales. Una de las artistas m\u00e1s conocidas y queridas del Reino Unido, Wendy Kirkland, se asocia con la galardonada Charu Suri, con sede en Nueva York. Ambas artistas aportan su propio y \u00fanico arte de diferentes maneras. Charu con sus composiciones pioneras que fusionan g\u00e9neros, combinando m\u00fasica tradicional india con jazz y Wendy con su amor por el lat\u00edn y su emocionante improvisaci\u00f3n. Este evento ser\u00e1 algo muy especial y fue un placer hablar con Wendy sobre esta pr\u00f3xima asociaci\u00f3n y m\u00e1s.<\/p>\n<p>El Festival de dos pianos Steinway de 2024 ser\u00e1 el m\u00e1s grande de la historia, con un total de 36 pianistas diferentes en 20 espect\u00e1culos diferentes. \u00bfEst\u00e1s emocionado por ser parte de un evento tan maravilloso?<\/p>\n<p><em>Estoy absolutamente emocionada, no solo por haber sido incluida, sino tambi\u00e9n por hacerlo con la incre\u00edble y galardonada pianista estadounidense Charu Suri. Ser\u00e1 una primera vez para m\u00ed en muchos sentidos, aunque toqu\u00e9 en el festival en 2019 con el incre\u00edble Steve Melling. Fue muy especial y, por supuesto, un gran honor haber trabajado con \u00e9l en este emblem\u00e1tico recinto y festival.<\/em><\/p>\n<p>No hay muchos clubes de jazz que tengan pianos Steinway para que los pianistas los toquen, y este festival, por supuesto, rinde homenaje a sus pianos de fama mundial. \u00bfCu\u00e1l ha sido tu experiencia, como pianista, tocando y grabando con pianos Steinway?<\/p>\n<p><em><img loading=\"lazy\" decoding=\"async\" class=\"size-medium wp-image-60355 alignleft\" src=\"https:\/\/web.consaguirre.com.ar\/noticias\/wp-content\/uploads\/2024\/08\/1724690322_726_Wendy-Kirkland-en-el-Festival-de-dos-pianos-Steinway.jpg\" alt=\"\" width=\"226\" height=\"300\"  >Dos de mis tres \u00e1lbumes se han grabado en el mismo y maravilloso Steinway modelo B en el estudio de Spencer Cozens, cerca de Grantham. Spencer es un pianista brillante y dise\u00f1\u00f3 el estudio en torno al piano, no al rev\u00e9s: la humedad y la temperatura se establecen en un nivel constante para proporcionar el tono \u00f3ptimo. Todos los detalles para los entusiastas del piano est\u00e1n aqu\u00ed <\/em><em>Cuando toco en un local, siempre me siento tranquilo si s\u00e9 que el piano es un Steinway; hay otros pianos muy buenos que tambi\u00e9n disfruto tocar, pero creo que de los m\u00e1s refinados, los Steinway son la mayor\u00eda.<\/em><\/p>\n<p>&#8216;Juntos, Wendy y Charu ofrecer\u00e1n un repertorio que romper\u00e1 con el g\u00e9nero, que incluir\u00e1 raga, jazz y canciones, para entretener y cautivar&#8217;. Actuar\u00e1s con la brillante Charu Suri y ofrecer\u00e1s un repertorio que parece incre\u00edble. \u00bfQu\u00e9 puede esperar escuchar el p\u00fablico y c\u00f3mo decidiste el repertorio?<\/p>\n<p><em>El \u00faltimo \u00e1lbum de Charu, Rags and Ragas, en el que participan Steve Gadd, Joe Lastie y John Pattitucci, es una maravillosa mezcla de m\u00fasica raga india y su propia marca de jazz. Decidimos crear una mezcla de nuestra propia m\u00fasica que refleje nuestro estilo personal y resaltar d\u00f3nde se superponen estos estilos y d\u00f3nde son diferentes. He tocado ragas antes, pero no me he sumergido tan completamente en esta m\u00fasica. Hay ragas para diferentes momentos del d\u00eda, que evocan diferentes sentimientos, y organizaremos el set para reflejar esto.<\/em><\/p>\n<p>T\u00fa resides en el Reino Unido y Charu en Nueva York, \u00bfc\u00f3mo ha sido para vosotros el proceso de preparaci\u00f3n para la actuaci\u00f3n?<\/p>\n<p><em>\u00a1Lo hemos hecho completamente a distancia! A trav\u00e9s de WhatsApp y compartiendo archivos, y por supuesto, con reuniones remotas. Tendremos tiempo de repasar el set en persona antes de nuestro primer concierto, pero la preparaci\u00f3n personal es tan importante como un ensayo, y por supuesto, ambos lo hemos estado haciendo en serio.<\/em><\/p>\n<p><img loading=\"lazy\" decoding=\"async\" class=\"size-medium wp-image-60356 alignleft\" src=\"https:\/\/web.consaguirre.com.ar\/noticias\/wp-content\/uploads\/2024\/08\/1724690323_722_Wendy-Kirkland-en-el-Festival-de-dos-pianos-Steinway.jpg\" rel=\"prettyPhoto\" alt=\"\" width=\"300\" height=\"271\"  >Tu \u00faltima actuaci\u00f3n en Londres fue en el Ronnie&#8217;s Scott&#8217;s, donde normalmente agotas las entradas. Fuiste nominado al Parliamentary Jazz Award por la innovaci\u00f3n en el confinamiento por tu proyecto Latin Lockdown, y creo que tu actuaci\u00f3n en el Ronnie&#8217;s est\u00e1 igualmente inspirada en el lat\u00edn, \u00a1algo que claramente le encanta al p\u00fablico! \u00bfPuedes contarme sobre tu amor por el lat\u00edn?<\/p>\n<p><em>Supongo que para m\u00ed empez\u00f3 con la adquisici\u00f3n de un \u00e1lbum de Astrud Gilberto en mi adolescencia, hubo un resurgimiento del jazz y la bossa nova en las listas de \u00e9xitos del Reino Unido. Hab\u00eda escuchado algo de esa m\u00fasica antes a trav\u00e9s de mi padre, que tocaba Jobim de vez en cuando en el club en el que trabajaba. Yo sol\u00eda pedirle Wave con regularidad y \u00e9l dec\u00eda: &#8220;\u00bfTe das cuenta de que el p\u00fablico lo odiar\u00e1 porque es jazz?&#8221;, pero lo toc\u00f3 de todos modos, \u00a1para m\u00ed! Ten\u00eda un libro de Jobim y trabaj\u00e9 con todos los cl\u00e1sicos, Desafinado, Samba do Aviao, Insensatez, etc. y me encant\u00f3 la naturaleza r\u00edtmica de la m\u00fasica. Avanzamos r\u00e1pidamente hasta conocer y trabajar con mi esposo Pat: cuando nos conocimos como m\u00fasicos en 2006, r\u00e1pidamente establecimos que a los dos nos gustaba mucho la m\u00fasica brasile\u00f1a, pero \u00e9l, como guitarrista, se inclinaba m\u00e1s por Toninho Horta, Joyce, Nelson Faria, etc., as\u00ed que me present\u00f3 muchos otros estilos de m\u00fasica brasile\u00f1a. Siempre me ha gustado aprender idiomas y creo que el portugu\u00e9s es uno de los idiomas m\u00e1s bonitos para cantar. Lo intento, pero siempre pido disculpas a los hablantes nativos del p\u00fablico. En las ocasiones en las que he estado en el p\u00fablico con portugueses o brasile\u00f1os, siempre he recibido una respuesta muy positiva de su parte. <\/em><em>Las transmisiones de Latin Lockdowns que transmitimos en Facebook de marzo a agosto de 2020, 86 en total, fueron escuchadas por personas de todo el mundo. Recibimos algunos de nuestros comentarios m\u00e1s positivos de lugares como Sao Paulo en Brasil, M\u00e9xico y Costa Rica; por supuesto, incluimos algo de m\u00fasica sudamericana en nuestro set, no era exclusivamente brasile\u00f1a&#8230; pero supongo que eso era lo que mejor conoc\u00edamos en ese momento, as\u00ed que la mayor parte lo era.<\/em><\/p>\n<p><img loading=\"lazy\" decoding=\"async\" class=\"size-medium wp-image-60358 alignleft\" src=\"https:\/\/web.consaguirre.com.ar\/noticias\/wp-content\/uploads\/2024\/08\/1724690323_519_Wendy-Kirkland-en-el-Festival-de-dos-pianos-Steinway.jpg\" alt=\"\" width=\"300\" height=\"256\"  >Cuando lanzaste tu primer \u00e1lbum, aclamado por la cr\u00edtica, <em>Divas del piano<\/em>Dijiste que &#8216;<strong>Mi propio camino hasta este punto no ha sido convencional: a trav\u00e9s de la ingenier\u00eda y la ense\u00f1anza y siendo el producto de una familia incre\u00edblemente musical, he creado m\u00fasica en casi todos los g\u00e9neros que existen, pero siempre he regresado a mi verdadero amor: el jazz y la belleza de la improvisaci\u00f3n.<\/strong>&#8216;. Con tres \u00e1lbumes aclamados por la cr\u00edtica \u2013 Piano Divas, The Music&#8217;s On Me y Latin Lockdown Live \u2013 \u00bfc\u00f3mo sientes que tu camino poco convencional y tu amor por el jazz y la improvisaci\u00f3n han dado forma a tu trabajo?<\/p>\n<p><em>\u00a1Esa es una pregunta dif\u00edcil! Supongo que es la respuesta m\u00e1s cursi que existe: simplemente el amor por la m\u00fasica es lo que me mantiene en marcha. S\u00e9 que a mucha otra gente le pasa lo mismo, nos lo decimos unos a otros con regularidad, porque hay tantos otros desaf\u00edos en este negocio que lo hacen no apto para los d\u00e9biles de coraz\u00f3n. Dir\u00e9 que creo que tener una experiencia previa en la industria es una ventaja en lugar de un inconveniente: comprender la financiaci\u00f3n, la forma en que funcionan las cosas en empresas como los locales y otros proveedores de trabajo para m\u00fasicos, puede ayudar con las expectativas y explorar otras formas de trabajar que no dependan de las mismas fuentes que todos los dem\u00e1s.<\/em><\/p>\n<p>Adem\u00e1s de tus propios conciertos, tambi\u00e9n diriges el exitoso Chesterfield Jazz Club. \u00bfPuedes contarme un poco sobre \u00e9l y sobre algunos artistas emergentes?<\/p>\n<p><em>Pat y yo abrimos el club en 2012, en parte como un medio para hacer m\u00e1s conciertos, en parte para ofrecer a nuestra ciudad algo que realmente no ten\u00eda: una noche de jazz habitual donde los aficionados a la m\u00fasica pudieran ver a los mejores artistas del Reino Unido, y ocasionalmente de Estados Unidos y otros pa\u00edses. Pensamos que trabajar con la mejor gente tambi\u00e9n mejorar\u00eda nuestro nivel musical y har\u00eda correr la voz de que Chesterfield era un nuevo lugar que ofrec\u00eda m\u00fasica en vivo de primera calidad. Ha sido una gran experiencia y continuamos en nuestro duod\u00e9cimo a\u00f1o, con planes de seguir desarroll\u00e1ndonos. \u00a1No te pierdas esta noticia! Tenemos un gran cartel.<\/em><\/p>\n<div class=\"post-pagination\"><\/div>\n<div class=\"clearfix\"><\/div>\n<\/p><\/div>\n","protected":false},"excerpt":{"rendered":"<p>El Festival de 2 pianos Steinway llega al Pizza Express Jazz Club, Soho de Londres con un programa impresionante de casi 40 pianistas de renombre<\/p>\n","protected":false},"author":1,"featured_media":210,"comment_status":"closed","ping_status":"open","sticky":false,"template":"","format":"standard","meta":{"footnotes":""},"categories":[5],"tags":[103,102,101,104,105,100],"class_list":["post-209","post","type-post","status-publish","format-standard","has-post-thumbnail","hentry","category-entrevista","tag-dos","tag-festival","tag-kirkland","tag-pianos","tag-steinway","tag-wendy","generate-columns","tablet-grid-50","mobile-grid-100","grid-parent","grid-50"],"yoast_head":"<!-- This site is optimized with the Yoast SEO plugin v23.3 - https:\/\/yoast.com\/wordpress\/plugins\/seo\/ -->\n<title>Wendy Kirkland en el Festival de dos pianos Steinway<\/title>\n<meta name=\"robots\" content=\"index, follow, max-snippet:-1, max-image-preview:large, max-video-preview:-1\" \/>\n<link rel=\"canonical\" href=\"https:\/\/web.consaguirre.com.ar\/noticias\/wendy-kirkland-en-el-festival-de-dos-pianos-steinway\/\" \/>\n<meta property=\"og:locale\" content=\"es_ES\" \/>\n<meta property=\"og:type\" content=\"article\" \/>\n<meta property=\"og:title\" content=\"Wendy Kirkland en el Festival de dos pianos Steinway\" \/>\n<meta property=\"og:description\" content=\"El Festival de 2 pianos Steinway llega al Pizza Express Jazz Club, Soho de Londres con un programa impresionante de casi 40 pianistas de renombre\" \/>\n<meta property=\"og:url\" content=\"https:\/\/web.consaguirre.com.ar\/noticias\/wendy-kirkland-en-el-festival-de-dos-pianos-steinway\/\" \/>\n<meta property=\"og:site_name\" content=\"Conservatorio de M\u00fasica Juli\u00e1n Aguirre\" \/>\n<meta property=\"article:published_time\" content=\"2024-08-26T16:38:43+00:00\" \/>\n<meta property=\"article:modified_time\" content=\"2024-09-08T19:27:50+00:00\" \/>\n<meta property=\"og:image\" content=\"https:\/\/web.consaguirre.com.ar\/noticias\/wp-content\/uploads\/2024\/08\/Wendy-Kirkland-en-el-Festival-de-dos-pianos-Steinway.jpg\" \/>\n\t<meta property=\"og:image:width\" content=\"300\" \/>\n\t<meta property=\"og:image:height\" content=\"200\" \/>\n\t<meta property=\"og:image:type\" content=\"image\/jpeg\" \/>\n<meta name=\"author\" content=\"Javier Figueroa\" \/>\n<meta name=\"twitter:card\" content=\"summary_large_image\" \/>\n<meta name=\"twitter:label1\" content=\"Escrito por\" \/>\n\t<meta name=\"twitter:data1\" content=\"Javier Figueroa\" \/>\n\t<meta name=\"twitter:label2\" content=\"Tiempo de lectura\" \/>\n\t<meta name=\"twitter:data2\" content=\"7 minutos\" \/>\n<script type=\"application\/ld+json\" class=\"yoast-schema-graph\">{\"@context\":\"https:\/\/schema.org\",\"@graph\":[{\"@type\":\"Article\",\"@id\":\"https:\/\/web.consaguirre.com.ar\/noticias\/wendy-kirkland-en-el-festival-de-dos-pianos-steinway\/#article\",\"isPartOf\":{\"@id\":\"https:\/\/web.consaguirre.com.ar\/noticias\/wendy-kirkland-en-el-festival-de-dos-pianos-steinway\/\"},\"author\":{\"name\":\"Javier Figueroa\",\"@id\":\"https:\/\/web.consaguirre.com.ar\/noticias\/#\/schema\/person\/6558b0cfedee7ddc5425602b237d5722\"},\"headline\":\"Wendy Kirkland en el Festival de dos pianos Steinway\",\"datePublished\":\"2024-08-26T16:38:43+00:00\",\"dateModified\":\"2024-09-08T19:27:50+00:00\",\"mainEntityOfPage\":{\"@id\":\"https:\/\/web.consaguirre.com.ar\/noticias\/wendy-kirkland-en-el-festival-de-dos-pianos-steinway\/\"},\"wordCount\":1440,\"publisher\":{\"@id\":\"https:\/\/web.consaguirre.com.ar\/noticias\/#organization\"},\"image\":{\"@id\":\"https:\/\/web.consaguirre.com.ar\/noticias\/wendy-kirkland-en-el-festival-de-dos-pianos-steinway\/#primaryimage\"},\"thumbnailUrl\":\"https:\/\/web.consaguirre.com.ar\/noticias\/wp-content\/uploads\/2024\/08\/Wendy-Kirkland-en-el-Festival-de-dos-pianos-Steinway.jpg\",\"keywords\":[\"dos\",\"Festival\",\"Kirkland\",\"pianos\",\"Steinway\",\"Wendy\"],\"articleSection\":[\"Entrevista\"],\"inLanguage\":\"es-AR\"},{\"@type\":\"WebPage\",\"@id\":\"https:\/\/web.consaguirre.com.ar\/noticias\/wendy-kirkland-en-el-festival-de-dos-pianos-steinway\/\",\"url\":\"https:\/\/web.consaguirre.com.ar\/noticias\/wendy-kirkland-en-el-festival-de-dos-pianos-steinway\/\",\"name\":\"Wendy Kirkland en el Festival de dos pianos Steinway\",\"isPartOf\":{\"@id\":\"https:\/\/web.consaguirre.com.ar\/noticias\/#website\"},\"primaryImageOfPage\":{\"@id\":\"https:\/\/web.consaguirre.com.ar\/noticias\/wendy-kirkland-en-el-festival-de-dos-pianos-steinway\/#primaryimage\"},\"image\":{\"@id\":\"https:\/\/web.consaguirre.com.ar\/noticias\/wendy-kirkland-en-el-festival-de-dos-pianos-steinway\/#primaryimage\"},\"thumbnailUrl\":\"https:\/\/web.consaguirre.com.ar\/noticias\/wp-content\/uploads\/2024\/08\/Wendy-Kirkland-en-el-Festival-de-dos-pianos-Steinway.jpg\",\"datePublished\":\"2024-08-26T16:38:43+00:00\",\"dateModified\":\"2024-09-08T19:27:50+00:00\",\"breadcrumb\":{\"@id\":\"https:\/\/web.consaguirre.com.ar\/noticias\/wendy-kirkland-en-el-festival-de-dos-pianos-steinway\/#breadcrumb\"},\"inLanguage\":\"es-AR\",\"potentialAction\":[{\"@type\":\"ReadAction\",\"target\":[\"https:\/\/web.consaguirre.com.ar\/noticias\/wendy-kirkland-en-el-festival-de-dos-pianos-steinway\/\"]}]},{\"@type\":\"ImageObject\",\"inLanguage\":\"es-AR\",\"@id\":\"https:\/\/web.consaguirre.com.ar\/noticias\/wendy-kirkland-en-el-festival-de-dos-pianos-steinway\/#primaryimage\",\"url\":\"https:\/\/web.consaguirre.com.ar\/noticias\/wp-content\/uploads\/2024\/08\/Wendy-Kirkland-en-el-Festival-de-dos-pianos-Steinway.jpg\",\"contentUrl\":\"https:\/\/web.consaguirre.com.ar\/noticias\/wp-content\/uploads\/2024\/08\/Wendy-Kirkland-en-el-Festival-de-dos-pianos-Steinway.jpg\",\"width\":300,\"height\":200,\"caption\":\"Wendy Kirkland en el Festival de dos pianos Steinway\"},{\"@type\":\"BreadcrumbList\",\"@id\":\"https:\/\/web.consaguirre.com.ar\/noticias\/wendy-kirkland-en-el-festival-de-dos-pianos-steinway\/#breadcrumb\",\"itemListElement\":[{\"@type\":\"ListItem\",\"position\":1,\"name\":\"Inicio\",\"item\":\"https:\/\/web.consaguirre.com.ar\/noticias\/\"},{\"@type\":\"ListItem\",\"position\":2,\"name\":\"Wendy Kirkland en el Festival de dos pianos Steinway\"}]},{\"@type\":\"WebSite\",\"@id\":\"https:\/\/web.consaguirre.com.ar\/noticias\/#website\",\"url\":\"https:\/\/web.consaguirre.com.ar\/noticias\/\",\"name\":\"Conservatorio de M\u00fasica Juli\u00e1n Aguirre\",\"description\":\"\",\"publisher\":{\"@id\":\"https:\/\/web.consaguirre.com.ar\/noticias\/#organization\"},\"potentialAction\":[{\"@type\":\"SearchAction\",\"target\":{\"@type\":\"EntryPoint\",\"urlTemplate\":\"https:\/\/web.consaguirre.com.ar\/noticias\/?s={search_term_string}\"},\"query-input\":\"required name=search_term_string\"}],\"inLanguage\":\"es-AR\"},{\"@type\":\"Organization\",\"@id\":\"https:\/\/web.consaguirre.com.ar\/noticias\/#organization\",\"name\":\"Conservatorio de M\u00fasica Juli\u00e1n Aguirre\",\"url\":\"https:\/\/web.consaguirre.com.ar\/noticias\/\",\"logo\":{\"@type\":\"ImageObject\",\"inLanguage\":\"es-AR\",\"@id\":\"https:\/\/web.consaguirre.com.ar\/noticias\/#\/schema\/logo\/image\/\",\"url\":\"https:\/\/web.consaguirre.com.ar\/noticias\/wp-content\/uploads\/2024\/08\/Banner-Aguirre-23.jpg\",\"contentUrl\":\"https:\/\/web.consaguirre.com.ar\/noticias\/wp-content\/uploads\/2024\/08\/Banner-Aguirre-23.jpg\",\"width\":1192,\"height\":600,\"caption\":\"Conservatorio de M\u00fasica Juli\u00e1n Aguirre\"},\"image\":{\"@id\":\"https:\/\/web.consaguirre.com.ar\/noticias\/#\/schema\/logo\/image\/\"}},{\"@type\":\"Person\",\"@id\":\"https:\/\/web.consaguirre.com.ar\/noticias\/#\/schema\/person\/6558b0cfedee7ddc5425602b237d5722\",\"name\":\"Javier Figueroa\",\"image\":{\"@type\":\"ImageObject\",\"inLanguage\":\"es-AR\",\"@id\":\"https:\/\/web.consaguirre.com.ar\/noticias\/#\/schema\/person\/image\/\",\"url\":\"https:\/\/web.consaguirre.com.ar\/noticias\/wp-content\/uploads\/2024\/08\/Consaguirre-scaled.jpg\",\"contentUrl\":\"https:\/\/web.consaguirre.com.ar\/noticias\/wp-content\/uploads\/2024\/08\/Consaguirre-scaled.jpg\",\"caption\":\"Javier Figueroa\"},\"description\":\"Me llamo Javier Figueroa y soy redactor para el sitio oficial del Conservatorio de M\u00fasica Juli\u00e1n Aguirre en Buenos Aires, consaguirre.com. Apasionado por la m\u00fasica y la escritura, me esfuerzo por destacar los talentos y eventos de nuestra prestigiosa instituci\u00f3n. Mi trayectoria se nutre de una profunda admiraci\u00f3n por los artistas, haciendo de cada art\u00edculo una celebraci\u00f3n de la creatividad y la cultura musical.\",\"sameAs\":[\"https:\/\/web.consaguirre.com.ar\/noticias\"]}]}<\/script>\n<!-- \/ Yoast SEO plugin. -->","yoast_head_json":{"title":"Wendy Kirkland en el Festival de dos pianos Steinway","robots":{"index":"index","follow":"follow","max-snippet":"max-snippet:-1","max-image-preview":"max-image-preview:large","max-video-preview":"max-video-preview:-1"},"canonical":"https:\/\/web.consaguirre.com.ar\/noticias\/wendy-kirkland-en-el-festival-de-dos-pianos-steinway\/","og_locale":"es_ES","og_type":"article","og_title":"Wendy Kirkland en el Festival de dos pianos Steinway","og_description":"El Festival de 2 pianos Steinway llega al Pizza Express Jazz Club, Soho de Londres con un programa impresionante de casi 40 pianistas de renombre","og_url":"https:\/\/web.consaguirre.com.ar\/noticias\/wendy-kirkland-en-el-festival-de-dos-pianos-steinway\/","og_site_name":"Conservatorio de M\u00fasica Juli\u00e1n Aguirre","article_published_time":"2024-08-26T16:38:43+00:00","article_modified_time":"2024-09-08T19:27:50+00:00","og_image":[{"width":300,"height":200,"url":"https:\/\/web.consaguirre.com.ar\/noticias\/wp-content\/uploads\/2024\/08\/Wendy-Kirkland-en-el-Festival-de-dos-pianos-Steinway.jpg","type":"image\/jpeg"}],"author":"Javier Figueroa","twitter_card":"summary_large_image","twitter_misc":{"Escrito por":"Javier Figueroa","Tiempo de lectura":"7 minutos"},"schema":{"@context":"https:\/\/schema.org","@graph":[{"@type":"Article","@id":"https:\/\/web.consaguirre.com.ar\/noticias\/wendy-kirkland-en-el-festival-de-dos-pianos-steinway\/#article","isPartOf":{"@id":"https:\/\/web.consaguirre.com.ar\/noticias\/wendy-kirkland-en-el-festival-de-dos-pianos-steinway\/"},"author":{"name":"Javier Figueroa","@id":"https:\/\/web.consaguirre.com.ar\/noticias\/#\/schema\/person\/6558b0cfedee7ddc5425602b237d5722"},"headline":"Wendy Kirkland en el Festival de dos pianos Steinway","datePublished":"2024-08-26T16:38:43+00:00","dateModified":"2024-09-08T19:27:50+00:00","mainEntityOfPage":{"@id":"https:\/\/web.consaguirre.com.ar\/noticias\/wendy-kirkland-en-el-festival-de-dos-pianos-steinway\/"},"wordCount":1440,"publisher":{"@id":"https:\/\/web.consaguirre.com.ar\/noticias\/#organization"},"image":{"@id":"https:\/\/web.consaguirre.com.ar\/noticias\/wendy-kirkland-en-el-festival-de-dos-pianos-steinway\/#primaryimage"},"thumbnailUrl":"https:\/\/web.consaguirre.com.ar\/noticias\/wp-content\/uploads\/2024\/08\/Wendy-Kirkland-en-el-Festival-de-dos-pianos-Steinway.jpg","keywords":["dos","Festival","Kirkland","pianos","Steinway","Wendy"],"articleSection":["Entrevista"],"inLanguage":"es-AR"},{"@type":"WebPage","@id":"https:\/\/web.consaguirre.com.ar\/noticias\/wendy-kirkland-en-el-festival-de-dos-pianos-steinway\/","url":"https:\/\/web.consaguirre.com.ar\/noticias\/wendy-kirkland-en-el-festival-de-dos-pianos-steinway\/","name":"Wendy Kirkland en el Festival de dos pianos Steinway","isPartOf":{"@id":"https:\/\/web.consaguirre.com.ar\/noticias\/#website"},"primaryImageOfPage":{"@id":"https:\/\/web.consaguirre.com.ar\/noticias\/wendy-kirkland-en-el-festival-de-dos-pianos-steinway\/#primaryimage"},"image":{"@id":"https:\/\/web.consaguirre.com.ar\/noticias\/wendy-kirkland-en-el-festival-de-dos-pianos-steinway\/#primaryimage"},"thumbnailUrl":"https:\/\/web.consaguirre.com.ar\/noticias\/wp-content\/uploads\/2024\/08\/Wendy-Kirkland-en-el-Festival-de-dos-pianos-Steinway.jpg","datePublished":"2024-08-26T16:38:43+00:00","dateModified":"2024-09-08T19:27:50+00:00","breadcrumb":{"@id":"https:\/\/web.consaguirre.com.ar\/noticias\/wendy-kirkland-en-el-festival-de-dos-pianos-steinway\/#breadcrumb"},"inLanguage":"es-AR","potentialAction":[{"@type":"ReadAction","target":["https:\/\/web.consaguirre.com.ar\/noticias\/wendy-kirkland-en-el-festival-de-dos-pianos-steinway\/"]}]},{"@type":"ImageObject","inLanguage":"es-AR","@id":"https:\/\/web.consaguirre.com.ar\/noticias\/wendy-kirkland-en-el-festival-de-dos-pianos-steinway\/#primaryimage","url":"https:\/\/web.consaguirre.com.ar\/noticias\/wp-content\/uploads\/2024\/08\/Wendy-Kirkland-en-el-Festival-de-dos-pianos-Steinway.jpg","contentUrl":"https:\/\/web.consaguirre.com.ar\/noticias\/wp-content\/uploads\/2024\/08\/Wendy-Kirkland-en-el-Festival-de-dos-pianos-Steinway.jpg","width":300,"height":200,"caption":"Wendy Kirkland en el Festival de dos pianos Steinway"},{"@type":"BreadcrumbList","@id":"https:\/\/web.consaguirre.com.ar\/noticias\/wendy-kirkland-en-el-festival-de-dos-pianos-steinway\/#breadcrumb","itemListElement":[{"@type":"ListItem","position":1,"name":"Inicio","item":"https:\/\/web.consaguirre.com.ar\/noticias\/"},{"@type":"ListItem","position":2,"name":"Wendy Kirkland en el Festival de dos pianos Steinway"}]},{"@type":"WebSite","@id":"https:\/\/web.consaguirre.com.ar\/noticias\/#website","url":"https:\/\/web.consaguirre.com.ar\/noticias\/","name":"Conservatorio de M\u00fasica Juli\u00e1n Aguirre","description":"","publisher":{"@id":"https:\/\/web.consaguirre.com.ar\/noticias\/#organization"},"potentialAction":[{"@type":"SearchAction","target":{"@type":"EntryPoint","urlTemplate":"https:\/\/web.consaguirre.com.ar\/noticias\/?s={search_term_string}"},"query-input":"required name=search_term_string"}],"inLanguage":"es-AR"},{"@type":"Organization","@id":"https:\/\/web.consaguirre.com.ar\/noticias\/#organization","name":"Conservatorio de M\u00fasica Juli\u00e1n Aguirre","url":"https:\/\/web.consaguirre.com.ar\/noticias\/","logo":{"@type":"ImageObject","inLanguage":"es-AR","@id":"https:\/\/web.consaguirre.com.ar\/noticias\/#\/schema\/logo\/image\/","url":"https:\/\/web.consaguirre.com.ar\/noticias\/wp-content\/uploads\/2024\/08\/Banner-Aguirre-23.jpg","contentUrl":"https:\/\/web.consaguirre.com.ar\/noticias\/wp-content\/uploads\/2024\/08\/Banner-Aguirre-23.jpg","width":1192,"height":600,"caption":"Conservatorio de M\u00fasica Juli\u00e1n Aguirre"},"image":{"@id":"https:\/\/web.consaguirre.com.ar\/noticias\/#\/schema\/logo\/image\/"}},{"@type":"Person","@id":"https:\/\/web.consaguirre.com.ar\/noticias\/#\/schema\/person\/6558b0cfedee7ddc5425602b237d5722","name":"Javier Figueroa","image":{"@type":"ImageObject","inLanguage":"es-AR","@id":"https:\/\/web.consaguirre.com.ar\/noticias\/#\/schema\/person\/image\/","url":"https:\/\/web.consaguirre.com.ar\/noticias\/wp-content\/uploads\/2024\/08\/Consaguirre-scaled.jpg","contentUrl":"https:\/\/web.consaguirre.com.ar\/noticias\/wp-content\/uploads\/2024\/08\/Consaguirre-scaled.jpg","caption":"Javier Figueroa"},"description":"Me llamo Javier Figueroa y soy redactor para el sitio oficial del Conservatorio de M\u00fasica Juli\u00e1n Aguirre en Buenos Aires, consaguirre.com. Apasionado por la m\u00fasica y la escritura, me esfuerzo por destacar los talentos y eventos de nuestra prestigiosa instituci\u00f3n. Mi trayectoria se nutre de una profunda admiraci\u00f3n por los artistas, haciendo de cada art\u00edculo una celebraci\u00f3n de la creatividad y la cultura musical.","sameAs":["https:\/\/web.consaguirre.com.ar\/noticias"]}]}},"_links":{"self":[{"href":"https:\/\/web.consaguirre.com.ar\/noticias\/wp-json\/wp\/v2\/posts\/209"}],"collection":[{"href":"https:\/\/web.consaguirre.com.ar\/noticias\/wp-json\/wp\/v2\/posts"}],"about":[{"href":"https:\/\/web.consaguirre.com.ar\/noticias\/wp-json\/wp\/v2\/types\/post"}],"author":[{"embeddable":true,"href":"https:\/\/web.consaguirre.com.ar\/noticias\/wp-json\/wp\/v2\/users\/1"}],"replies":[{"embeddable":true,"href":"https:\/\/web.consaguirre.com.ar\/noticias\/wp-json\/wp\/v2\/comments?post=209"}],"version-history":[{"count":1,"href":"https:\/\/web.consaguirre.com.ar\/noticias\/wp-json\/wp\/v2\/posts\/209\/revisions"}],"predecessor-version":[{"id":211,"href":"https:\/\/web.consaguirre.com.ar\/noticias\/wp-json\/wp\/v2\/posts\/209\/revisions\/211"}],"wp:featuredmedia":[{"embeddable":true,"href":"https:\/\/web.consaguirre.com.ar\/noticias\/wp-json\/wp\/v2\/media\/210"}],"wp:attachment":[{"href":"https:\/\/web.consaguirre.com.ar\/noticias\/wp-json\/wp\/v2\/media?parent=209"}],"wp:term":[{"taxonomy":"category","embeddable":true,"href":"https:\/\/web.consaguirre.com.ar\/noticias\/wp-json\/wp\/v2\/categories?post=209"},{"taxonomy":"post_tag","embeddable":true,"href":"https:\/\/web.consaguirre.com.ar\/noticias\/wp-json\/wp\/v2\/tags?post=209"}],"curies":[{"name":"wp","href":"https:\/\/api.w.org\/{rel}","templated":true}]}}