{"id":2073,"date":"2025-03-07T18:40:57","date_gmt":"2025-03-07T21:40:57","guid":{"rendered":"https:\/\/web.consaguirre.com.ar\/noticias\/doechii-deja-una-nueva-version-del-favorito-de-los-fanaticos-de-la-carrera-temprana-ansiedad\/"},"modified":"2025-03-07T18:40:57","modified_gmt":"2025-03-07T21:40:57","slug":"doechii-deja-una-nueva-version-del-favorito-de-los-fanaticos-de-la-carrera-temprana-ansiedad","status":"publish","type":"post","link":"https:\/\/web.consaguirre.com.ar\/noticias\/doechii-deja-una-nueva-version-del-favorito-de-los-fanaticos-de-la-carrera-temprana-ansiedad\/","title":{"rendered":"Doechii deja una nueva versi\u00f3n del favorito de los fan\u00e1ticos de la carrera temprana, &#8216;Ansiedad&#8217;"},"content":{"rendered":"<p><strong>Doechii<\/strong> ha compartido una versi\u00f3n oficial de &#8220;Ansyiety&#8221;, una canci\u00f3n de carrera temprana favorita de los fan\u00e1ticos lanzados por primera vez hace cinco a\u00f1os. La canci\u00f3n hab\u00eda ganado recientemente tracci\u00f3n en Tiktok.<\/p>\n<p>Grabado por primera vez en su habitaci\u00f3n en 2019, &#8220;Ansiedad&#8221; apareci\u00f3 en el mixtape de Doechii 2020 <em>Sesiones de m\u00fasica de aquelecci\u00f3n<\/em>. En la canci\u00f3n de aproximadamente cuatro minutos, ella adlibs, rapea y canta sobre el instrumental de la canci\u00f3n de \u00e9xito de Gotye de 2011 con Kimbra, &#8220;alguien que sol\u00eda saber&#8221;. Hasta ahora, la canci\u00f3n nunca hab\u00eda aparecido en DSP, sin embargo, el rapero Sleepy Hallow muestre\u00f3 &#8220;Ansiedad&#8221; en su pista del mismo nombre en 2023.<\/p>\n<div class=\"uD-YT-container\"><img decoding=\"async\" src=\"https:\/\/web.consaguirre.com.ar\/noticias\/wp-content\/uploads\/2025\/03\/1741383657_685_Doechii-deja-una-nueva-version-del-favorito-de-los-fanaticos.jpg\" alt=\"Video de YouTube\"><br \/>Haga clic para cargar video<\/div>\n<p>A principios de este a\u00f1o, el \u00e1lbum debut aclamado por la cr\u00edtica de Doechii <em>Las bocados de cocodrilo nunca sanan <\/em>Gan\u00f3 un Grammy al mejor \u00e1lbum de rap, convirtiendo a Doechii la tercera mujer en la historia despu\u00e9s de Lauryn Hill y Cardi B para recibir el honor. Tambi\u00e9n obtuvo el Premio Hip-Hop Distruptors en el evento anual de Hitmakers de Variety.<\/p>\n<p>Hablando con <em>Piedra rodante<\/em> El a\u00f1o pasado, Doechii comparti\u00f3 la compilaci\u00f3n <em>Las bocados de cocodrilo nunca sanan<\/em>: \u201cCurando, entr\u00e9 con la intenci\u00f3n del contexto. Eso fue una gran cosa para m\u00ed. A veces, los proyectos pueden sentirse largos cuando no hay contexto de lo que est\u00e1s hablando. No hay historia o ninguna narraci\u00f3n para construir. Sent\u00ed que era necesario para m\u00ed contar mi historia en detalle y de muchas maneras diferentes, a trav\u00e9s de muchos ritmos diferentes. Y era importante para nosotros ir en orden cronol\u00f3gico de lo que me ha pasado, c\u00f3mo eso me ha hecho sentir, c\u00f3mo lo super\u00e9 y d\u00f3nde estoy ahora &#8220;.<\/p><\/p>\n","protected":false},"excerpt":{"rendered":"<p>Doechii ha compartido una versi\u00f3n oficial de &#8220;Ansyiety&#8221;, una canci\u00f3n de carrera temprana favorita de los fan\u00e1ticos lanzados por primera vez hace cinco a\u00f1os. La<\/p>\n","protected":false},"author":1,"featured_media":2074,"comment_status":"closed","ping_status":"","sticky":false,"template":"","format":"standard","meta":{"footnotes":""},"categories":[50],"tags":[2071,650,2068,10,404,1015,2069,180,116,2070,191,977],"class_list":["post-2073","post","type-post","status-publish","format-standard","has-post-thumbnail","hentry","category-el-ultimo","tag-ansiedad","tag-carrera","tag-deja","tag-del","tag-doechii","tag-fanaticos","tag-favorito","tag-los","tag-nueva","tag-temprana","tag-una","tag-version","generate-columns","tablet-grid-50","mobile-grid-100","grid-parent","grid-50"],"yoast_head":"<!-- This site is optimized with the Yoast SEO plugin v23.3 - https:\/\/yoast.com\/wordpress\/plugins\/seo\/ -->\n<title>Doechii deja una nueva versi\u00f3n del favorito de los fan\u00e1ticos de la carrera temprana, &#039;Ansiedad&#039;<\/title>\n<meta name=\"robots\" content=\"index, follow, max-snippet:-1, max-image-preview:large, max-video-preview:-1\" \/>\n<link rel=\"canonical\" href=\"https:\/\/web.consaguirre.com.ar\/noticias\/doechii-deja-una-nueva-version-del-favorito-de-los-fanaticos-de-la-carrera-temprana-ansiedad\/\" \/>\n<meta property=\"og:locale\" content=\"es_ES\" \/>\n<meta property=\"og:type\" content=\"article\" \/>\n<meta property=\"og:title\" content=\"Doechii deja una nueva versi\u00f3n del favorito de los fan\u00e1ticos de la carrera temprana, &#039;Ansiedad&#039;\" \/>\n<meta property=\"og:description\" content=\"Doechii ha compartido una versi\u00f3n oficial de &#8220;Ansyiety&#8221;, una canci\u00f3n de carrera temprana favorita de los fan\u00e1ticos lanzados por primera vez hace cinco a\u00f1os. La\" \/>\n<meta property=\"og:url\" content=\"https:\/\/web.consaguirre.com.ar\/noticias\/doechii-deja-una-nueva-version-del-favorito-de-los-fanaticos-de-la-carrera-temprana-ansiedad\/\" \/>\n<meta property=\"og:site_name\" content=\"Conservatorio de M\u00fasica Juli\u00e1n Aguirre\" \/>\n<meta property=\"article:published_time\" content=\"2025-03-07T21:40:57+00:00\" \/>\n<meta property=\"og:image\" content=\"https:\/\/web.consaguirre.com.ar\/noticias\/wp-content\/uploads\/2025\/03\/1741383657_Doechii-deja-una-nueva-version-del-favorito-de-los-fanaticos.jpg\" \/>\n\t<meta property=\"og:image:width\" content=\"1280\" \/>\n\t<meta property=\"og:image:height\" content=\"1280\" \/>\n\t<meta property=\"og:image:type\" content=\"image\/jpeg\" \/>\n<meta name=\"author\" content=\"Javier Figueroa\" \/>\n<meta name=\"twitter:card\" content=\"summary_large_image\" \/>\n<meta name=\"twitter:label1\" content=\"Escrito por\" \/>\n\t<meta name=\"twitter:data1\" content=\"Javier Figueroa\" \/>\n\t<meta name=\"twitter:label2\" content=\"Tiempo de lectura\" \/>\n\t<meta name=\"twitter:data2\" content=\"2 minutos\" \/>\n<script type=\"application\/ld+json\" class=\"yoast-schema-graph\">{\"@context\":\"https:\/\/schema.org\",\"@graph\":[{\"@type\":\"Article\",\"@id\":\"https:\/\/web.consaguirre.com.ar\/noticias\/doechii-deja-una-nueva-version-del-favorito-de-los-fanaticos-de-la-carrera-temprana-ansiedad\/#article\",\"isPartOf\":{\"@id\":\"https:\/\/web.consaguirre.com.ar\/noticias\/doechii-deja-una-nueva-version-del-favorito-de-los-fanaticos-de-la-carrera-temprana-ansiedad\/\"},\"author\":{\"name\":\"Javier Figueroa\",\"@id\":\"https:\/\/web.consaguirre.com.ar\/noticias\/#\/schema\/person\/6558b0cfedee7ddc5425602b237d5722\"},\"headline\":\"Doechii deja una nueva versi\u00f3n del favorito de los fan\u00e1ticos de la carrera temprana, &#8216;Ansiedad&#8217;\",\"datePublished\":\"2025-03-07T21:40:57+00:00\",\"dateModified\":\"2025-03-07T21:40:57+00:00\",\"mainEntityOfPage\":{\"@id\":\"https:\/\/web.consaguirre.com.ar\/noticias\/doechii-deja-una-nueva-version-del-favorito-de-los-fanaticos-de-la-carrera-temprana-ansiedad\/\"},\"wordCount\":323,\"publisher\":{\"@id\":\"https:\/\/web.consaguirre.com.ar\/noticias\/#organization\"},\"image\":{\"@id\":\"https:\/\/web.consaguirre.com.ar\/noticias\/doechii-deja-una-nueva-version-del-favorito-de-los-fanaticos-de-la-carrera-temprana-ansiedad\/#primaryimage\"},\"thumbnailUrl\":\"https:\/\/web.consaguirre.com.ar\/noticias\/wp-content\/uploads\/2025\/03\/1741383657_Doechii-deja-una-nueva-version-del-favorito-de-los-fanaticos.jpg\",\"keywords\":[\"Ansiedad\",\"carrera\",\"deja\",\"del\",\"Doechii\",\"fan\u00e1ticos\",\"favorito\",\"los\",\"nueva\",\"temprana\",\"una\",\"versi\u00f3n\"],\"articleSection\":[\"El \u00faltimo\"],\"inLanguage\":\"es-AR\"},{\"@type\":\"WebPage\",\"@id\":\"https:\/\/web.consaguirre.com.ar\/noticias\/doechii-deja-una-nueva-version-del-favorito-de-los-fanaticos-de-la-carrera-temprana-ansiedad\/\",\"url\":\"https:\/\/web.consaguirre.com.ar\/noticias\/doechii-deja-una-nueva-version-del-favorito-de-los-fanaticos-de-la-carrera-temprana-ansiedad\/\",\"name\":\"Doechii deja una nueva versi\u00f3n del favorito de los fan\u00e1ticos de la carrera temprana, 'Ansiedad'\",\"isPartOf\":{\"@id\":\"https:\/\/web.consaguirre.com.ar\/noticias\/#website\"},\"primaryImageOfPage\":{\"@id\":\"https:\/\/web.consaguirre.com.ar\/noticias\/doechii-deja-una-nueva-version-del-favorito-de-los-fanaticos-de-la-carrera-temprana-ansiedad\/#primaryimage\"},\"image\":{\"@id\":\"https:\/\/web.consaguirre.com.ar\/noticias\/doechii-deja-una-nueva-version-del-favorito-de-los-fanaticos-de-la-carrera-temprana-ansiedad\/#primaryimage\"},\"thumbnailUrl\":\"https:\/\/web.consaguirre.com.ar\/noticias\/wp-content\/uploads\/2025\/03\/1741383657_Doechii-deja-una-nueva-version-del-favorito-de-los-fanaticos.jpg\",\"datePublished\":\"2025-03-07T21:40:57+00:00\",\"dateModified\":\"2025-03-07T21:40:57+00:00\",\"breadcrumb\":{\"@id\":\"https:\/\/web.consaguirre.com.ar\/noticias\/doechii-deja-una-nueva-version-del-favorito-de-los-fanaticos-de-la-carrera-temprana-ansiedad\/#breadcrumb\"},\"inLanguage\":\"es-AR\",\"potentialAction\":[{\"@type\":\"ReadAction\",\"target\":[\"https:\/\/web.consaguirre.com.ar\/noticias\/doechii-deja-una-nueva-version-del-favorito-de-los-fanaticos-de-la-carrera-temprana-ansiedad\/\"]}]},{\"@type\":\"ImageObject\",\"inLanguage\":\"es-AR\",\"@id\":\"https:\/\/web.consaguirre.com.ar\/noticias\/doechii-deja-una-nueva-version-del-favorito-de-los-fanaticos-de-la-carrera-temprana-ansiedad\/#primaryimage\",\"url\":\"https:\/\/web.consaguirre.com.ar\/noticias\/wp-content\/uploads\/2025\/03\/1741383657_Doechii-deja-una-nueva-version-del-favorito-de-los-fanaticos.jpg\",\"contentUrl\":\"https:\/\/web.consaguirre.com.ar\/noticias\/wp-content\/uploads\/2025\/03\/1741383657_Doechii-deja-una-nueva-version-del-favorito-de-los-fanaticos.jpg\",\"width\":1280,\"height\":1280,\"caption\":\"Doechii deja una nueva versi\u00f3n del favorito de los fan\u00e1ticos de la carrera temprana, 'Ansiedad'\"},{\"@type\":\"BreadcrumbList\",\"@id\":\"https:\/\/web.consaguirre.com.ar\/noticias\/doechii-deja-una-nueva-version-del-favorito-de-los-fanaticos-de-la-carrera-temprana-ansiedad\/#breadcrumb\",\"itemListElement\":[{\"@type\":\"ListItem\",\"position\":1,\"name\":\"Inicio\",\"item\":\"https:\/\/web.consaguirre.com.ar\/noticias\/\"},{\"@type\":\"ListItem\",\"position\":2,\"name\":\"Doechii deja una nueva versi\u00f3n del favorito de los fan\u00e1ticos de la carrera temprana, &#8216;Ansiedad&#8217;\"}]},{\"@type\":\"WebSite\",\"@id\":\"https:\/\/web.consaguirre.com.ar\/noticias\/#website\",\"url\":\"https:\/\/web.consaguirre.com.ar\/noticias\/\",\"name\":\"Conservatorio de M\u00fasica Juli\u00e1n Aguirre\",\"description\":\"\",\"publisher\":{\"@id\":\"https:\/\/web.consaguirre.com.ar\/noticias\/#organization\"},\"potentialAction\":[{\"@type\":\"SearchAction\",\"target\":{\"@type\":\"EntryPoint\",\"urlTemplate\":\"https:\/\/web.consaguirre.com.ar\/noticias\/?s={search_term_string}\"},\"query-input\":\"required name=search_term_string\"}],\"inLanguage\":\"es-AR\"},{\"@type\":\"Organization\",\"@id\":\"https:\/\/web.consaguirre.com.ar\/noticias\/#organization\",\"name\":\"Conservatorio de M\u00fasica Juli\u00e1n Aguirre\",\"url\":\"https:\/\/web.consaguirre.com.ar\/noticias\/\",\"logo\":{\"@type\":\"ImageObject\",\"inLanguage\":\"es-AR\",\"@id\":\"https:\/\/web.consaguirre.com.ar\/noticias\/#\/schema\/logo\/image\/\",\"url\":\"https:\/\/web.consaguirre.com.ar\/noticias\/wp-content\/uploads\/2024\/08\/Banner-Aguirre-23.jpg\",\"contentUrl\":\"https:\/\/web.consaguirre.com.ar\/noticias\/wp-content\/uploads\/2024\/08\/Banner-Aguirre-23.jpg\",\"width\":1192,\"height\":600,\"caption\":\"Conservatorio de M\u00fasica Juli\u00e1n Aguirre\"},\"image\":{\"@id\":\"https:\/\/web.consaguirre.com.ar\/noticias\/#\/schema\/logo\/image\/\"}},{\"@type\":\"Person\",\"@id\":\"https:\/\/web.consaguirre.com.ar\/noticias\/#\/schema\/person\/6558b0cfedee7ddc5425602b237d5722\",\"name\":\"Javier Figueroa\",\"image\":{\"@type\":\"ImageObject\",\"inLanguage\":\"es-AR\",\"@id\":\"https:\/\/web.consaguirre.com.ar\/noticias\/#\/schema\/person\/image\/\",\"url\":\"https:\/\/web.consaguirre.com.ar\/noticias\/wp-content\/uploads\/2024\/08\/Consaguirre-scaled.jpg\",\"contentUrl\":\"https:\/\/web.consaguirre.com.ar\/noticias\/wp-content\/uploads\/2024\/08\/Consaguirre-scaled.jpg\",\"caption\":\"Javier Figueroa\"},\"description\":\"Me llamo Javier Figueroa y soy redactor para el sitio oficial del Conservatorio de M\u00fasica Juli\u00e1n Aguirre en Buenos Aires, consaguirre.com. Apasionado por la m\u00fasica y la escritura, me esfuerzo por destacar los talentos y eventos de nuestra prestigiosa instituci\u00f3n. Mi trayectoria se nutre de una profunda admiraci\u00f3n por los artistas, haciendo de cada art\u00edculo una celebraci\u00f3n de la creatividad y la cultura musical.\",\"sameAs\":[\"https:\/\/web.consaguirre.com.ar\/noticias\"]}]}<\/script>\n<!-- \/ Yoast SEO plugin. -->","yoast_head_json":{"title":"Doechii deja una nueva versi\u00f3n del favorito de los fan\u00e1ticos de la carrera temprana, 'Ansiedad'","robots":{"index":"index","follow":"follow","max-snippet":"max-snippet:-1","max-image-preview":"max-image-preview:large","max-video-preview":"max-video-preview:-1"},"canonical":"https:\/\/web.consaguirre.com.ar\/noticias\/doechii-deja-una-nueva-version-del-favorito-de-los-fanaticos-de-la-carrera-temprana-ansiedad\/","og_locale":"es_ES","og_type":"article","og_title":"Doechii deja una nueva versi\u00f3n del favorito de los fan\u00e1ticos de la carrera temprana, 'Ansiedad'","og_description":"Doechii ha compartido una versi\u00f3n oficial de &#8220;Ansyiety&#8221;, una canci\u00f3n de carrera temprana favorita de los fan\u00e1ticos lanzados por primera vez hace cinco a\u00f1os. La","og_url":"https:\/\/web.consaguirre.com.ar\/noticias\/doechii-deja-una-nueva-version-del-favorito-de-los-fanaticos-de-la-carrera-temprana-ansiedad\/","og_site_name":"Conservatorio de M\u00fasica Juli\u00e1n Aguirre","article_published_time":"2025-03-07T21:40:57+00:00","og_image":[{"width":1280,"height":1280,"url":"https:\/\/web.consaguirre.com.ar\/noticias\/wp-content\/uploads\/2025\/03\/1741383657_Doechii-deja-una-nueva-version-del-favorito-de-los-fanaticos.jpg","type":"image\/jpeg"}],"author":"Javier Figueroa","twitter_card":"summary_large_image","twitter_misc":{"Escrito por":"Javier Figueroa","Tiempo de lectura":"2 minutos"},"schema":{"@context":"https:\/\/schema.org","@graph":[{"@type":"Article","@id":"https:\/\/web.consaguirre.com.ar\/noticias\/doechii-deja-una-nueva-version-del-favorito-de-los-fanaticos-de-la-carrera-temprana-ansiedad\/#article","isPartOf":{"@id":"https:\/\/web.consaguirre.com.ar\/noticias\/doechii-deja-una-nueva-version-del-favorito-de-los-fanaticos-de-la-carrera-temprana-ansiedad\/"},"author":{"name":"Javier Figueroa","@id":"https:\/\/web.consaguirre.com.ar\/noticias\/#\/schema\/person\/6558b0cfedee7ddc5425602b237d5722"},"headline":"Doechii deja una nueva versi\u00f3n del favorito de los fan\u00e1ticos de la carrera temprana, &#8216;Ansiedad&#8217;","datePublished":"2025-03-07T21:40:57+00:00","dateModified":"2025-03-07T21:40:57+00:00","mainEntityOfPage":{"@id":"https:\/\/web.consaguirre.com.ar\/noticias\/doechii-deja-una-nueva-version-del-favorito-de-los-fanaticos-de-la-carrera-temprana-ansiedad\/"},"wordCount":323,"publisher":{"@id":"https:\/\/web.consaguirre.com.ar\/noticias\/#organization"},"image":{"@id":"https:\/\/web.consaguirre.com.ar\/noticias\/doechii-deja-una-nueva-version-del-favorito-de-los-fanaticos-de-la-carrera-temprana-ansiedad\/#primaryimage"},"thumbnailUrl":"https:\/\/web.consaguirre.com.ar\/noticias\/wp-content\/uploads\/2025\/03\/1741383657_Doechii-deja-una-nueva-version-del-favorito-de-los-fanaticos.jpg","keywords":["Ansiedad","carrera","deja","del","Doechii","fan\u00e1ticos","favorito","los","nueva","temprana","una","versi\u00f3n"],"articleSection":["El \u00faltimo"],"inLanguage":"es-AR"},{"@type":"WebPage","@id":"https:\/\/web.consaguirre.com.ar\/noticias\/doechii-deja-una-nueva-version-del-favorito-de-los-fanaticos-de-la-carrera-temprana-ansiedad\/","url":"https:\/\/web.consaguirre.com.ar\/noticias\/doechii-deja-una-nueva-version-del-favorito-de-los-fanaticos-de-la-carrera-temprana-ansiedad\/","name":"Doechii deja una nueva versi\u00f3n del favorito de los fan\u00e1ticos de la carrera temprana, 'Ansiedad'","isPartOf":{"@id":"https:\/\/web.consaguirre.com.ar\/noticias\/#website"},"primaryImageOfPage":{"@id":"https:\/\/web.consaguirre.com.ar\/noticias\/doechii-deja-una-nueva-version-del-favorito-de-los-fanaticos-de-la-carrera-temprana-ansiedad\/#primaryimage"},"image":{"@id":"https:\/\/web.consaguirre.com.ar\/noticias\/doechii-deja-una-nueva-version-del-favorito-de-los-fanaticos-de-la-carrera-temprana-ansiedad\/#primaryimage"},"thumbnailUrl":"https:\/\/web.consaguirre.com.ar\/noticias\/wp-content\/uploads\/2025\/03\/1741383657_Doechii-deja-una-nueva-version-del-favorito-de-los-fanaticos.jpg","datePublished":"2025-03-07T21:40:57+00:00","dateModified":"2025-03-07T21:40:57+00:00","breadcrumb":{"@id":"https:\/\/web.consaguirre.com.ar\/noticias\/doechii-deja-una-nueva-version-del-favorito-de-los-fanaticos-de-la-carrera-temprana-ansiedad\/#breadcrumb"},"inLanguage":"es-AR","potentialAction":[{"@type":"ReadAction","target":["https:\/\/web.consaguirre.com.ar\/noticias\/doechii-deja-una-nueva-version-del-favorito-de-los-fanaticos-de-la-carrera-temprana-ansiedad\/"]}]},{"@type":"ImageObject","inLanguage":"es-AR","@id":"https:\/\/web.consaguirre.com.ar\/noticias\/doechii-deja-una-nueva-version-del-favorito-de-los-fanaticos-de-la-carrera-temprana-ansiedad\/#primaryimage","url":"https:\/\/web.consaguirre.com.ar\/noticias\/wp-content\/uploads\/2025\/03\/1741383657_Doechii-deja-una-nueva-version-del-favorito-de-los-fanaticos.jpg","contentUrl":"https:\/\/web.consaguirre.com.ar\/noticias\/wp-content\/uploads\/2025\/03\/1741383657_Doechii-deja-una-nueva-version-del-favorito-de-los-fanaticos.jpg","width":1280,"height":1280,"caption":"Doechii deja una nueva versi\u00f3n del favorito de los fan\u00e1ticos de la carrera temprana, 'Ansiedad'"},{"@type":"BreadcrumbList","@id":"https:\/\/web.consaguirre.com.ar\/noticias\/doechii-deja-una-nueva-version-del-favorito-de-los-fanaticos-de-la-carrera-temprana-ansiedad\/#breadcrumb","itemListElement":[{"@type":"ListItem","position":1,"name":"Inicio","item":"https:\/\/web.consaguirre.com.ar\/noticias\/"},{"@type":"ListItem","position":2,"name":"Doechii deja una nueva versi\u00f3n del favorito de los fan\u00e1ticos de la carrera temprana, &#8216;Ansiedad&#8217;"}]},{"@type":"WebSite","@id":"https:\/\/web.consaguirre.com.ar\/noticias\/#website","url":"https:\/\/web.consaguirre.com.ar\/noticias\/","name":"Conservatorio de M\u00fasica Juli\u00e1n Aguirre","description":"","publisher":{"@id":"https:\/\/web.consaguirre.com.ar\/noticias\/#organization"},"potentialAction":[{"@type":"SearchAction","target":{"@type":"EntryPoint","urlTemplate":"https:\/\/web.consaguirre.com.ar\/noticias\/?s={search_term_string}"},"query-input":"required name=search_term_string"}],"inLanguage":"es-AR"},{"@type":"Organization","@id":"https:\/\/web.consaguirre.com.ar\/noticias\/#organization","name":"Conservatorio de M\u00fasica Juli\u00e1n Aguirre","url":"https:\/\/web.consaguirre.com.ar\/noticias\/","logo":{"@type":"ImageObject","inLanguage":"es-AR","@id":"https:\/\/web.consaguirre.com.ar\/noticias\/#\/schema\/logo\/image\/","url":"https:\/\/web.consaguirre.com.ar\/noticias\/wp-content\/uploads\/2024\/08\/Banner-Aguirre-23.jpg","contentUrl":"https:\/\/web.consaguirre.com.ar\/noticias\/wp-content\/uploads\/2024\/08\/Banner-Aguirre-23.jpg","width":1192,"height":600,"caption":"Conservatorio de M\u00fasica Juli\u00e1n Aguirre"},"image":{"@id":"https:\/\/web.consaguirre.com.ar\/noticias\/#\/schema\/logo\/image\/"}},{"@type":"Person","@id":"https:\/\/web.consaguirre.com.ar\/noticias\/#\/schema\/person\/6558b0cfedee7ddc5425602b237d5722","name":"Javier Figueroa","image":{"@type":"ImageObject","inLanguage":"es-AR","@id":"https:\/\/web.consaguirre.com.ar\/noticias\/#\/schema\/person\/image\/","url":"https:\/\/web.consaguirre.com.ar\/noticias\/wp-content\/uploads\/2024\/08\/Consaguirre-scaled.jpg","contentUrl":"https:\/\/web.consaguirre.com.ar\/noticias\/wp-content\/uploads\/2024\/08\/Consaguirre-scaled.jpg","caption":"Javier Figueroa"},"description":"Me llamo Javier Figueroa y soy redactor para el sitio oficial del Conservatorio de M\u00fasica Juli\u00e1n Aguirre en Buenos Aires, consaguirre.com. Apasionado por la m\u00fasica y la escritura, me esfuerzo por destacar los talentos y eventos de nuestra prestigiosa instituci\u00f3n. Mi trayectoria se nutre de una profunda admiraci\u00f3n por los artistas, haciendo de cada art\u00edculo una celebraci\u00f3n de la creatividad y la cultura musical.","sameAs":["https:\/\/web.consaguirre.com.ar\/noticias"]}]}},"_links":{"self":[{"href":"https:\/\/web.consaguirre.com.ar\/noticias\/wp-json\/wp\/v2\/posts\/2073"}],"collection":[{"href":"https:\/\/web.consaguirre.com.ar\/noticias\/wp-json\/wp\/v2\/posts"}],"about":[{"href":"https:\/\/web.consaguirre.com.ar\/noticias\/wp-json\/wp\/v2\/types\/post"}],"author":[{"embeddable":true,"href":"https:\/\/web.consaguirre.com.ar\/noticias\/wp-json\/wp\/v2\/users\/1"}],"replies":[{"embeddable":true,"href":"https:\/\/web.consaguirre.com.ar\/noticias\/wp-json\/wp\/v2\/comments?post=2073"}],"version-history":[{"count":1,"href":"https:\/\/web.consaguirre.com.ar\/noticias\/wp-json\/wp\/v2\/posts\/2073\/revisions"}],"predecessor-version":[{"id":2075,"href":"https:\/\/web.consaguirre.com.ar\/noticias\/wp-json\/wp\/v2\/posts\/2073\/revisions\/2075"}],"wp:featuredmedia":[{"embeddable":true,"href":"https:\/\/web.consaguirre.com.ar\/noticias\/wp-json\/wp\/v2\/media\/2074"}],"wp:attachment":[{"href":"https:\/\/web.consaguirre.com.ar\/noticias\/wp-json\/wp\/v2\/media?parent=2073"}],"wp:term":[{"taxonomy":"category","embeddable":true,"href":"https:\/\/web.consaguirre.com.ar\/noticias\/wp-json\/wp\/v2\/categories?post=2073"},{"taxonomy":"post_tag","embeddable":true,"href":"https:\/\/web.consaguirre.com.ar\/noticias\/wp-json\/wp\/v2\/tags?post=2073"}],"curies":[{"name":"wp","href":"https:\/\/api.w.org\/{rel}","templated":true}]}}