{"id":2064,"date":"2025-03-06T21:41:48","date_gmt":"2025-03-07T00:41:48","guid":{"rendered":"https:\/\/web.consaguirre.com.ar\/noticias\/elton-john-y-brandi-carlile-comparten-una-nueva-cancion-swing-for-the-fences\/"},"modified":"2025-03-06T21:41:49","modified_gmt":"2025-03-07T00:41:49","slug":"elton-john-y-brandi-carlile-comparten-una-nueva-cancion-swing-for-the-fences","status":"publish","type":"post","link":"https:\/\/web.consaguirre.com.ar\/noticias\/elton-john-y-brandi-carlile-comparten-una-nueva-cancion-swing-for-the-fences\/","title":{"rendered":"Elton John y Brandi Carlile comparten una nueva canci\u00f3n &#8216;Swing for the Fences&#8217;"},"content":{"rendered":"<p>Mes pasado, <strong>Elton John<\/strong> y Brandi Carlile anunci\u00f3 su \u00e1lbum de colaboraci\u00f3n, <strong><em>Quien cree en los \u00e1ngeles<\/em><\/strong><em><strong>?<\/strong> <\/em>Ahora, el d\u00fao ha compartido el \u00faltimo sencillo del disco: la canci\u00f3n de rock alegre &#8220;Swing for the Fences&#8221;.<\/p>\n<p>Hablando en la pista, Brandi dice: &#8220;Swing for the Fences&#8221; fue una peque\u00f1a joya que tom\u00e9 en el estudio conmigo: soy una mujer gay, Elton es un hombre gay y ambos tenemos familias, y nuestros sue\u00f1os se han hecho realidad. Estaba pensando, \u00bfno ser\u00eda genial escribir un himno para j\u00f3venes gay que los llame a una vida m\u00e1s grande, m\u00e1s elegante y m\u00e1s fabulosa? Justo como &#8216;\u00a1Ve, ve! \u00a1No dejes que nada te detenga! &#8216;&#8221;<\/p>\n<p>Elton agrega: &#8220;Cuando grabamos &#8216;Swing for the Fences&#8217;, fue el momento que cristaliz\u00f3 hacia d\u00f3nde iba el \u00e1lbum. Era dif\u00edcil llegar a ese punto, pero sab\u00edamos que ten\u00edamos que ascender a la ocasi\u00f3n y todos sentimos esta enorme sensaci\u00f3n de alegr\u00eda y euforia. Despu\u00e9s de nuestras dificultades iniciales, todas las incertidumbres comenzaron a disiparse cuando esta canci\u00f3n se uni\u00f3. Simplemente sonaba genial &#8220;.<\/p>\n<p>El concepto para <i>\u00bfQui\u00e9n cree en los \u00e1ngeles? <\/i>fue ideado por John, Carlile y m\u00faltiples productores y compositores ganadores del premio Grammy Andrew Watt. Los amigos cercanos y los colaboradores habituales se propusieron crear un \u00e1lbum de estudio genuinamente colaborativo entre Elton y Brandi, con el socio de composici\u00f3n de canciones de Elton <strong>Bernie Taupin<\/strong> y Brandi que contribuyen a las letras. El \u00e1lbum fue creado completamente desde cero en solo 20 d\u00edas en Sunset Sound Studios de Los \u00c1ngeles en octubre de 2023.<\/p>\n<div class=\"uD-YT-container\"><img decoding=\"async\" src=\"https:\/\/web.consaguirre.com.ar\/noticias\/wp-content\/uploads\/2025\/03\/1741308108_518_Elton-John-y-Brandi-Carlile-comparten-una-nueva-cancion-Swing.jpg\" alt=\"Video de YouTube\"><br \/>Haga clic para cargar video<\/div>\n<p>Un cortometraje que documenta el proceso de creaci\u00f3n del \u00e1lbum est\u00e1 disponible para ver ahora. Esta es la primera vez que Elton ha permitido que las c\u00e1maras filmen sus sesiones de escritura y grabaci\u00f3n. Las c\u00e1maras est\u00e1ticas colocadas alrededor del estudio capturaron miles de horas de im\u00e1genes crudas y, en \u00faltima instancia, documentaron todo el proceso creativo: descomposici\u00f3n, avances, l\u00e1grimas, desgarradas s\u00e1banas de letras y todo.<\/p><\/p>\n","protected":false},"excerpt":{"rendered":"<p>Mes pasado, Elton John y Brandi Carlile anunci\u00f3 su \u00e1lbum de colaboraci\u00f3n, Quien cree en los \u00e1ngeles? Ahora, el d\u00fao ha compartido el \u00faltimo sencillo<\/p>\n","protected":false},"author":1,"featured_media":2065,"comment_status":"closed","ping_status":"","sticky":false,"template":"","format":"standard","meta":{"footnotes":""},"categories":[50],"tags":[1291,460,1292,194,824,2059,91,116,2058,191],"class_list":["post-2064","post","type-post","status-publish","format-standard","has-post-thumbnail","hentry","category-el-ultimo","tag-brandi","tag-cancion","tag-carlile","tag-comparten","tag-elton","tag-fences","tag-john","tag-nueva","tag-swing","tag-una","generate-columns","tablet-grid-50","mobile-grid-100","grid-parent","grid-50"],"yoast_head":"<!-- This site is optimized with the Yoast SEO plugin v23.3 - https:\/\/yoast.com\/wordpress\/plugins\/seo\/ -->\n<title>Elton John y Brandi Carlile comparten una nueva canci\u00f3n &#039;Swing for the Fences&#039;<\/title>\n<meta name=\"robots\" content=\"index, follow, max-snippet:-1, max-image-preview:large, max-video-preview:-1\" \/>\n<link rel=\"canonical\" href=\"https:\/\/web.consaguirre.com.ar\/noticias\/elton-john-y-brandi-carlile-comparten-una-nueva-cancion-swing-for-the-fences\/\" \/>\n<meta property=\"og:locale\" content=\"es_ES\" \/>\n<meta property=\"og:type\" content=\"article\" \/>\n<meta property=\"og:title\" content=\"Elton John y Brandi Carlile comparten una nueva canci\u00f3n &#039;Swing for the Fences&#039;\" \/>\n<meta property=\"og:description\" content=\"Mes pasado, Elton John y Brandi Carlile anunci\u00f3 su \u00e1lbum de colaboraci\u00f3n, Quien cree en los \u00e1ngeles? Ahora, el d\u00fao ha compartido el \u00faltimo sencillo\" \/>\n<meta property=\"og:url\" content=\"https:\/\/web.consaguirre.com.ar\/noticias\/elton-john-y-brandi-carlile-comparten-una-nueva-cancion-swing-for-the-fences\/\" \/>\n<meta property=\"og:site_name\" content=\"Conservatorio de M\u00fasica Juli\u00e1n Aguirre\" \/>\n<meta property=\"article:published_time\" content=\"2025-03-07T00:41:48+00:00\" \/>\n<meta property=\"article:modified_time\" content=\"2025-03-07T00:41:49+00:00\" \/>\n<meta property=\"og:image\" content=\"https:\/\/web.consaguirre.com.ar\/noticias\/wp-content\/uploads\/2025\/03\/Elton-John-y-Brandi-Carlile-comparten-una-nueva-cancion-Swing.jpg\" \/>\n\t<meta property=\"og:image:width\" content=\"1280\" \/>\n\t<meta property=\"og:image:height\" content=\"1280\" \/>\n\t<meta property=\"og:image:type\" content=\"image\/jpeg\" \/>\n<meta name=\"author\" content=\"Javier Figueroa\" \/>\n<meta name=\"twitter:card\" content=\"summary_large_image\" \/>\n<meta name=\"twitter:label1\" content=\"Escrito por\" \/>\n\t<meta name=\"twitter:data1\" content=\"Javier Figueroa\" \/>\n\t<meta name=\"twitter:label2\" content=\"Tiempo de lectura\" \/>\n\t<meta name=\"twitter:data2\" content=\"2 minutos\" \/>\n<script type=\"application\/ld+json\" class=\"yoast-schema-graph\">{\"@context\":\"https:\/\/schema.org\",\"@graph\":[{\"@type\":\"Article\",\"@id\":\"https:\/\/web.consaguirre.com.ar\/noticias\/elton-john-y-brandi-carlile-comparten-una-nueva-cancion-swing-for-the-fences\/#article\",\"isPartOf\":{\"@id\":\"https:\/\/web.consaguirre.com.ar\/noticias\/elton-john-y-brandi-carlile-comparten-una-nueva-cancion-swing-for-the-fences\/\"},\"author\":{\"name\":\"Javier Figueroa\",\"@id\":\"https:\/\/web.consaguirre.com.ar\/noticias\/#\/schema\/person\/6558b0cfedee7ddc5425602b237d5722\"},\"headline\":\"Elton John y Brandi Carlile comparten una nueva canci\u00f3n &#8216;Swing for the Fences&#8217;\",\"datePublished\":\"2025-03-07T00:41:48+00:00\",\"dateModified\":\"2025-03-07T00:41:49+00:00\",\"mainEntityOfPage\":{\"@id\":\"https:\/\/web.consaguirre.com.ar\/noticias\/elton-john-y-brandi-carlile-comparten-una-nueva-cancion-swing-for-the-fences\/\"},\"wordCount\":371,\"publisher\":{\"@id\":\"https:\/\/web.consaguirre.com.ar\/noticias\/#organization\"},\"image\":{\"@id\":\"https:\/\/web.consaguirre.com.ar\/noticias\/elton-john-y-brandi-carlile-comparten-una-nueva-cancion-swing-for-the-fences\/#primaryimage\"},\"thumbnailUrl\":\"https:\/\/web.consaguirre.com.ar\/noticias\/wp-content\/uploads\/2025\/03\/Elton-John-y-Brandi-Carlile-comparten-una-nueva-cancion-Swing.jpg\",\"keywords\":[\"Brandi\",\"canci\u00f3n\",\"Carlile\",\"comparten\",\"Elton\",\"Fences\",\"John\",\"nueva\",\"Swing\",\"una\"],\"articleSection\":[\"El \u00faltimo\"],\"inLanguage\":\"es-AR\"},{\"@type\":\"WebPage\",\"@id\":\"https:\/\/web.consaguirre.com.ar\/noticias\/elton-john-y-brandi-carlile-comparten-una-nueva-cancion-swing-for-the-fences\/\",\"url\":\"https:\/\/web.consaguirre.com.ar\/noticias\/elton-john-y-brandi-carlile-comparten-una-nueva-cancion-swing-for-the-fences\/\",\"name\":\"Elton John y Brandi Carlile comparten una nueva canci\u00f3n 'Swing for the Fences'\",\"isPartOf\":{\"@id\":\"https:\/\/web.consaguirre.com.ar\/noticias\/#website\"},\"primaryImageOfPage\":{\"@id\":\"https:\/\/web.consaguirre.com.ar\/noticias\/elton-john-y-brandi-carlile-comparten-una-nueva-cancion-swing-for-the-fences\/#primaryimage\"},\"image\":{\"@id\":\"https:\/\/web.consaguirre.com.ar\/noticias\/elton-john-y-brandi-carlile-comparten-una-nueva-cancion-swing-for-the-fences\/#primaryimage\"},\"thumbnailUrl\":\"https:\/\/web.consaguirre.com.ar\/noticias\/wp-content\/uploads\/2025\/03\/Elton-John-y-Brandi-Carlile-comparten-una-nueva-cancion-Swing.jpg\",\"datePublished\":\"2025-03-07T00:41:48+00:00\",\"dateModified\":\"2025-03-07T00:41:49+00:00\",\"breadcrumb\":{\"@id\":\"https:\/\/web.consaguirre.com.ar\/noticias\/elton-john-y-brandi-carlile-comparten-una-nueva-cancion-swing-for-the-fences\/#breadcrumb\"},\"inLanguage\":\"es-AR\",\"potentialAction\":[{\"@type\":\"ReadAction\",\"target\":[\"https:\/\/web.consaguirre.com.ar\/noticias\/elton-john-y-brandi-carlile-comparten-una-nueva-cancion-swing-for-the-fences\/\"]}]},{\"@type\":\"ImageObject\",\"inLanguage\":\"es-AR\",\"@id\":\"https:\/\/web.consaguirre.com.ar\/noticias\/elton-john-y-brandi-carlile-comparten-una-nueva-cancion-swing-for-the-fences\/#primaryimage\",\"url\":\"https:\/\/web.consaguirre.com.ar\/noticias\/wp-content\/uploads\/2025\/03\/Elton-John-y-Brandi-Carlile-comparten-una-nueva-cancion-Swing.jpg\",\"contentUrl\":\"https:\/\/web.consaguirre.com.ar\/noticias\/wp-content\/uploads\/2025\/03\/Elton-John-y-Brandi-Carlile-comparten-una-nueva-cancion-Swing.jpg\",\"width\":1280,\"height\":1280,\"caption\":\"Cover: Courtesy of Interscope Records\"},{\"@type\":\"BreadcrumbList\",\"@id\":\"https:\/\/web.consaguirre.com.ar\/noticias\/elton-john-y-brandi-carlile-comparten-una-nueva-cancion-swing-for-the-fences\/#breadcrumb\",\"itemListElement\":[{\"@type\":\"ListItem\",\"position\":1,\"name\":\"Inicio\",\"item\":\"https:\/\/web.consaguirre.com.ar\/noticias\/\"},{\"@type\":\"ListItem\",\"position\":2,\"name\":\"Elton John y Brandi Carlile comparten una nueva canci\u00f3n &#8216;Swing for the Fences&#8217;\"}]},{\"@type\":\"WebSite\",\"@id\":\"https:\/\/web.consaguirre.com.ar\/noticias\/#website\",\"url\":\"https:\/\/web.consaguirre.com.ar\/noticias\/\",\"name\":\"Conservatorio de M\u00fasica Juli\u00e1n Aguirre\",\"description\":\"\",\"publisher\":{\"@id\":\"https:\/\/web.consaguirre.com.ar\/noticias\/#organization\"},\"potentialAction\":[{\"@type\":\"SearchAction\",\"target\":{\"@type\":\"EntryPoint\",\"urlTemplate\":\"https:\/\/web.consaguirre.com.ar\/noticias\/?s={search_term_string}\"},\"query-input\":\"required name=search_term_string\"}],\"inLanguage\":\"es-AR\"},{\"@type\":\"Organization\",\"@id\":\"https:\/\/web.consaguirre.com.ar\/noticias\/#organization\",\"name\":\"Conservatorio de M\u00fasica Juli\u00e1n Aguirre\",\"url\":\"https:\/\/web.consaguirre.com.ar\/noticias\/\",\"logo\":{\"@type\":\"ImageObject\",\"inLanguage\":\"es-AR\",\"@id\":\"https:\/\/web.consaguirre.com.ar\/noticias\/#\/schema\/logo\/image\/\",\"url\":\"https:\/\/web.consaguirre.com.ar\/noticias\/wp-content\/uploads\/2024\/08\/Banner-Aguirre-23.jpg\",\"contentUrl\":\"https:\/\/web.consaguirre.com.ar\/noticias\/wp-content\/uploads\/2024\/08\/Banner-Aguirre-23.jpg\",\"width\":1192,\"height\":600,\"caption\":\"Conservatorio de M\u00fasica Juli\u00e1n Aguirre\"},\"image\":{\"@id\":\"https:\/\/web.consaguirre.com.ar\/noticias\/#\/schema\/logo\/image\/\"}},{\"@type\":\"Person\",\"@id\":\"https:\/\/web.consaguirre.com.ar\/noticias\/#\/schema\/person\/6558b0cfedee7ddc5425602b237d5722\",\"name\":\"Javier Figueroa\",\"image\":{\"@type\":\"ImageObject\",\"inLanguage\":\"es-AR\",\"@id\":\"https:\/\/web.consaguirre.com.ar\/noticias\/#\/schema\/person\/image\/\",\"url\":\"https:\/\/web.consaguirre.com.ar\/noticias\/wp-content\/uploads\/2024\/08\/Consaguirre-scaled.jpg\",\"contentUrl\":\"https:\/\/web.consaguirre.com.ar\/noticias\/wp-content\/uploads\/2024\/08\/Consaguirre-scaled.jpg\",\"caption\":\"Javier Figueroa\"},\"description\":\"Me llamo Javier Figueroa y soy redactor para el sitio oficial del Conservatorio de M\u00fasica Juli\u00e1n Aguirre en Buenos Aires, consaguirre.com. Apasionado por la m\u00fasica y la escritura, me esfuerzo por destacar los talentos y eventos de nuestra prestigiosa instituci\u00f3n. Mi trayectoria se nutre de una profunda admiraci\u00f3n por los artistas, haciendo de cada art\u00edculo una celebraci\u00f3n de la creatividad y la cultura musical.\",\"sameAs\":[\"https:\/\/web.consaguirre.com.ar\/noticias\"]}]}<\/script>\n<!-- \/ Yoast SEO plugin. -->","yoast_head_json":{"title":"Elton John y Brandi Carlile comparten una nueva canci\u00f3n 'Swing for the Fences'","robots":{"index":"index","follow":"follow","max-snippet":"max-snippet:-1","max-image-preview":"max-image-preview:large","max-video-preview":"max-video-preview:-1"},"canonical":"https:\/\/web.consaguirre.com.ar\/noticias\/elton-john-y-brandi-carlile-comparten-una-nueva-cancion-swing-for-the-fences\/","og_locale":"es_ES","og_type":"article","og_title":"Elton John y Brandi Carlile comparten una nueva canci\u00f3n 'Swing for the Fences'","og_description":"Mes pasado, Elton John y Brandi Carlile anunci\u00f3 su \u00e1lbum de colaboraci\u00f3n, Quien cree en los \u00e1ngeles? Ahora, el d\u00fao ha compartido el \u00faltimo sencillo","og_url":"https:\/\/web.consaguirre.com.ar\/noticias\/elton-john-y-brandi-carlile-comparten-una-nueva-cancion-swing-for-the-fences\/","og_site_name":"Conservatorio de M\u00fasica Juli\u00e1n Aguirre","article_published_time":"2025-03-07T00:41:48+00:00","article_modified_time":"2025-03-07T00:41:49+00:00","og_image":[{"width":1280,"height":1280,"url":"https:\/\/web.consaguirre.com.ar\/noticias\/wp-content\/uploads\/2025\/03\/Elton-John-y-Brandi-Carlile-comparten-una-nueva-cancion-Swing.jpg","type":"image\/jpeg"}],"author":"Javier Figueroa","twitter_card":"summary_large_image","twitter_misc":{"Escrito por":"Javier Figueroa","Tiempo de lectura":"2 minutos"},"schema":{"@context":"https:\/\/schema.org","@graph":[{"@type":"Article","@id":"https:\/\/web.consaguirre.com.ar\/noticias\/elton-john-y-brandi-carlile-comparten-una-nueva-cancion-swing-for-the-fences\/#article","isPartOf":{"@id":"https:\/\/web.consaguirre.com.ar\/noticias\/elton-john-y-brandi-carlile-comparten-una-nueva-cancion-swing-for-the-fences\/"},"author":{"name":"Javier Figueroa","@id":"https:\/\/web.consaguirre.com.ar\/noticias\/#\/schema\/person\/6558b0cfedee7ddc5425602b237d5722"},"headline":"Elton John y Brandi Carlile comparten una nueva canci\u00f3n &#8216;Swing for the Fences&#8217;","datePublished":"2025-03-07T00:41:48+00:00","dateModified":"2025-03-07T00:41:49+00:00","mainEntityOfPage":{"@id":"https:\/\/web.consaguirre.com.ar\/noticias\/elton-john-y-brandi-carlile-comparten-una-nueva-cancion-swing-for-the-fences\/"},"wordCount":371,"publisher":{"@id":"https:\/\/web.consaguirre.com.ar\/noticias\/#organization"},"image":{"@id":"https:\/\/web.consaguirre.com.ar\/noticias\/elton-john-y-brandi-carlile-comparten-una-nueva-cancion-swing-for-the-fences\/#primaryimage"},"thumbnailUrl":"https:\/\/web.consaguirre.com.ar\/noticias\/wp-content\/uploads\/2025\/03\/Elton-John-y-Brandi-Carlile-comparten-una-nueva-cancion-Swing.jpg","keywords":["Brandi","canci\u00f3n","Carlile","comparten","Elton","Fences","John","nueva","Swing","una"],"articleSection":["El \u00faltimo"],"inLanguage":"es-AR"},{"@type":"WebPage","@id":"https:\/\/web.consaguirre.com.ar\/noticias\/elton-john-y-brandi-carlile-comparten-una-nueva-cancion-swing-for-the-fences\/","url":"https:\/\/web.consaguirre.com.ar\/noticias\/elton-john-y-brandi-carlile-comparten-una-nueva-cancion-swing-for-the-fences\/","name":"Elton John y Brandi Carlile comparten una nueva canci\u00f3n 'Swing for the Fences'","isPartOf":{"@id":"https:\/\/web.consaguirre.com.ar\/noticias\/#website"},"primaryImageOfPage":{"@id":"https:\/\/web.consaguirre.com.ar\/noticias\/elton-john-y-brandi-carlile-comparten-una-nueva-cancion-swing-for-the-fences\/#primaryimage"},"image":{"@id":"https:\/\/web.consaguirre.com.ar\/noticias\/elton-john-y-brandi-carlile-comparten-una-nueva-cancion-swing-for-the-fences\/#primaryimage"},"thumbnailUrl":"https:\/\/web.consaguirre.com.ar\/noticias\/wp-content\/uploads\/2025\/03\/Elton-John-y-Brandi-Carlile-comparten-una-nueva-cancion-Swing.jpg","datePublished":"2025-03-07T00:41:48+00:00","dateModified":"2025-03-07T00:41:49+00:00","breadcrumb":{"@id":"https:\/\/web.consaguirre.com.ar\/noticias\/elton-john-y-brandi-carlile-comparten-una-nueva-cancion-swing-for-the-fences\/#breadcrumb"},"inLanguage":"es-AR","potentialAction":[{"@type":"ReadAction","target":["https:\/\/web.consaguirre.com.ar\/noticias\/elton-john-y-brandi-carlile-comparten-una-nueva-cancion-swing-for-the-fences\/"]}]},{"@type":"ImageObject","inLanguage":"es-AR","@id":"https:\/\/web.consaguirre.com.ar\/noticias\/elton-john-y-brandi-carlile-comparten-una-nueva-cancion-swing-for-the-fences\/#primaryimage","url":"https:\/\/web.consaguirre.com.ar\/noticias\/wp-content\/uploads\/2025\/03\/Elton-John-y-Brandi-Carlile-comparten-una-nueva-cancion-Swing.jpg","contentUrl":"https:\/\/web.consaguirre.com.ar\/noticias\/wp-content\/uploads\/2025\/03\/Elton-John-y-Brandi-Carlile-comparten-una-nueva-cancion-Swing.jpg","width":1280,"height":1280,"caption":"Cover: Courtesy of Interscope Records"},{"@type":"BreadcrumbList","@id":"https:\/\/web.consaguirre.com.ar\/noticias\/elton-john-y-brandi-carlile-comparten-una-nueva-cancion-swing-for-the-fences\/#breadcrumb","itemListElement":[{"@type":"ListItem","position":1,"name":"Inicio","item":"https:\/\/web.consaguirre.com.ar\/noticias\/"},{"@type":"ListItem","position":2,"name":"Elton John y Brandi Carlile comparten una nueva canci\u00f3n &#8216;Swing for the Fences&#8217;"}]},{"@type":"WebSite","@id":"https:\/\/web.consaguirre.com.ar\/noticias\/#website","url":"https:\/\/web.consaguirre.com.ar\/noticias\/","name":"Conservatorio de M\u00fasica Juli\u00e1n Aguirre","description":"","publisher":{"@id":"https:\/\/web.consaguirre.com.ar\/noticias\/#organization"},"potentialAction":[{"@type":"SearchAction","target":{"@type":"EntryPoint","urlTemplate":"https:\/\/web.consaguirre.com.ar\/noticias\/?s={search_term_string}"},"query-input":"required name=search_term_string"}],"inLanguage":"es-AR"},{"@type":"Organization","@id":"https:\/\/web.consaguirre.com.ar\/noticias\/#organization","name":"Conservatorio de M\u00fasica Juli\u00e1n Aguirre","url":"https:\/\/web.consaguirre.com.ar\/noticias\/","logo":{"@type":"ImageObject","inLanguage":"es-AR","@id":"https:\/\/web.consaguirre.com.ar\/noticias\/#\/schema\/logo\/image\/","url":"https:\/\/web.consaguirre.com.ar\/noticias\/wp-content\/uploads\/2024\/08\/Banner-Aguirre-23.jpg","contentUrl":"https:\/\/web.consaguirre.com.ar\/noticias\/wp-content\/uploads\/2024\/08\/Banner-Aguirre-23.jpg","width":1192,"height":600,"caption":"Conservatorio de M\u00fasica Juli\u00e1n Aguirre"},"image":{"@id":"https:\/\/web.consaguirre.com.ar\/noticias\/#\/schema\/logo\/image\/"}},{"@type":"Person","@id":"https:\/\/web.consaguirre.com.ar\/noticias\/#\/schema\/person\/6558b0cfedee7ddc5425602b237d5722","name":"Javier Figueroa","image":{"@type":"ImageObject","inLanguage":"es-AR","@id":"https:\/\/web.consaguirre.com.ar\/noticias\/#\/schema\/person\/image\/","url":"https:\/\/web.consaguirre.com.ar\/noticias\/wp-content\/uploads\/2024\/08\/Consaguirre-scaled.jpg","contentUrl":"https:\/\/web.consaguirre.com.ar\/noticias\/wp-content\/uploads\/2024\/08\/Consaguirre-scaled.jpg","caption":"Javier Figueroa"},"description":"Me llamo Javier Figueroa y soy redactor para el sitio oficial del Conservatorio de M\u00fasica Juli\u00e1n Aguirre en Buenos Aires, consaguirre.com. Apasionado por la m\u00fasica y la escritura, me esfuerzo por destacar los talentos y eventos de nuestra prestigiosa instituci\u00f3n. Mi trayectoria se nutre de una profunda admiraci\u00f3n por los artistas, haciendo de cada art\u00edculo una celebraci\u00f3n de la creatividad y la cultura musical.","sameAs":["https:\/\/web.consaguirre.com.ar\/noticias"]}]}},"_links":{"self":[{"href":"https:\/\/web.consaguirre.com.ar\/noticias\/wp-json\/wp\/v2\/posts\/2064"}],"collection":[{"href":"https:\/\/web.consaguirre.com.ar\/noticias\/wp-json\/wp\/v2\/posts"}],"about":[{"href":"https:\/\/web.consaguirre.com.ar\/noticias\/wp-json\/wp\/v2\/types\/post"}],"author":[{"embeddable":true,"href":"https:\/\/web.consaguirre.com.ar\/noticias\/wp-json\/wp\/v2\/users\/1"}],"replies":[{"embeddable":true,"href":"https:\/\/web.consaguirre.com.ar\/noticias\/wp-json\/wp\/v2\/comments?post=2064"}],"version-history":[{"count":1,"href":"https:\/\/web.consaguirre.com.ar\/noticias\/wp-json\/wp\/v2\/posts\/2064\/revisions"}],"predecessor-version":[{"id":2066,"href":"https:\/\/web.consaguirre.com.ar\/noticias\/wp-json\/wp\/v2\/posts\/2064\/revisions\/2066"}],"wp:featuredmedia":[{"embeddable":true,"href":"https:\/\/web.consaguirre.com.ar\/noticias\/wp-json\/wp\/v2\/media\/2065"}],"wp:attachment":[{"href":"https:\/\/web.consaguirre.com.ar\/noticias\/wp-json\/wp\/v2\/media?parent=2064"}],"wp:term":[{"taxonomy":"category","embeddable":true,"href":"https:\/\/web.consaguirre.com.ar\/noticias\/wp-json\/wp\/v2\/categories?post=2064"},{"taxonomy":"post_tag","embeddable":true,"href":"https:\/\/web.consaguirre.com.ar\/noticias\/wp-json\/wp\/v2\/tags?post=2064"}],"curies":[{"name":"wp","href":"https:\/\/api.w.org\/{rel}","templated":true}]}}