{"id":2058,"date":"2025-03-06T15:38:09","date_gmt":"2025-03-06T18:38:09","guid":{"rendered":"https:\/\/web.consaguirre.com.ar\/noticias\/roy-ayers-vibrafonista-y-pionero-de-la-musica-muere-a-los-84\/"},"modified":"2025-03-06T15:38:10","modified_gmt":"2025-03-06T18:38:10","slug":"roy-ayers-vibrafonista-y-pionero-de-la-musica-muere-a-los-84","status":"publish","type":"post","link":"https:\/\/web.consaguirre.com.ar\/noticias\/roy-ayers-vibrafonista-y-pionero-de-la-musica-muere-a-los-84\/","title":{"rendered":"Roy Ayers, vibrafonista y pionero de la m\u00fasica, muere a los 84"},"content":{"rendered":"<p><strong>Roy Ayers<\/strong>el vibrafonista de g\u00e9nero que se pone a presi\u00f3n a menudo llamaba el &#8216;Padrino de Neo Soul&#8217;, muri\u00f3 en Manhattan el martes. Ten\u00eda 84 a\u00f1os. Su muerte fue anunciada por su hijo Mtume, quien comparti\u00f3 que su padre muri\u00f3 en el hospital despu\u00e9s de una larga enfermedad.<\/p>\n<div class=\"uD-YT-container\"><img decoding=\"async\" src=\"https:\/\/web.consaguirre.com.ar\/noticias\/wp-content\/uploads\/2025\/03\/1741286289_93_Roy-Ayers-vibrafonista-y-pionero-de-la-musica-muere-a.jpg\" alt=\"Video de YouTube\"><br \/>Haga clic para cargar video<\/div>\n<p>Ayers, nativo de Los \u00c1ngeles, creci\u00f3 en una familia musical. Obtuvo su primer par de mazos de vibr\u00e1fono del \u00edcono del jazz Lionel Hampton, quien aparentemente reconoci\u00f3 la incipiente musicalidad de un Ayers de 5 a\u00f1os en la multitud de su programa. &#8220;En ese momento&#8221;, record\u00f3 Ayers m\u00e1s tarde, &#8220;mi madre y mi padre me dijeron que me pusieron algunas vibraciones espirituales&#8221;.<\/p>\n<p>Luego se convirti\u00f3 en uno de los m\u00fasicos de jazz m\u00e1s exitosos de su generaci\u00f3n. Si bien su carrera comenz\u00f3 en la d\u00e9cada de 1960 Bebop World, a principios de los a\u00f1os 70 fund\u00f3 su banda Roy Ayers Ubiquity. El grupo lanz\u00f3 11 \u00e1lbumes de 1970 a 1977, incorporando instrumentos el\u00e9ctricos y elementos de Rock and R&#038;B en su enfoque de jazz. &#8220;Roy Ayers es en gran parte responsable de lo que consideramos &#8216;neo-soul'&#8221;, dijo una vez el productor Adrian Younge, quien colabor\u00f3 \u200b\u200bcon Ayers, una vez <em>Revista choque<\/em>. \u201cEra solo ese ritmo. Eso no quiere decir que la gente no est\u00e9 haciendo m\u00fasica con un ritmo, pero definitivamente es un pionero &#8220;.<\/p>\n<p>Cuando se le pregunt\u00f3 sobre su g\u00e9nero mismo, Ayers dijo: &#8220;No creo que sea realmente tan \u00fanico. Lo que llamamos &#8216;alma&#8217; ha existido mucho tiempo. Sale de una cultura particular de origen africano, pero influenciado por 250 a\u00f1os de esclavitud, as\u00ed como otras formas de opresi\u00f3n racial &#8220;.<\/p>\n<div class=\"uD-YT-container\"><img decoding=\"async\" src=\"https:\/\/web.consaguirre.com.ar\/noticias\/wp-content\/uploads\/2025\/03\/1741286289_734_Roy-Ayers-vibrafonista-y-pionero-de-la-musica-muere-a.jpg\" alt=\"Video de YouTube\"><br \/>Haga clic para cargar video<\/div>\n<p>Doce de los \u00e1lbumes de Ubiquity pasaron un colectivo 149 semanas en la lista de los 200 mejores de Billboard. Composici\u00f3n de 1976 de Ayers <strong>&#8220;Todos aman el sol&#8221;<\/strong> Del \u00e1lbum del grupo del mismo nombre, ha demostrado ser su \u00e9xito m\u00e1s duradero. El ritmo reconocible al instante ha sido muestreado cientos de veces por artistas de hip-hop y R&#038;B, incluidos <strong>Tupac Shakur<\/strong>, <strong>Mary J. Blige<\/strong>y <strong>Snoop Dogg<\/strong>. &#8220;Es maravilloso, el deseo que los j\u00f3venes expresan por mi m\u00fasica&#8221;, dijo Ayers <em><u><strong>Ficticio<\/strong><\/u><\/em> en 2016. &#8220;Es maravilloso porque todav\u00eda estoy creciendo en popularidad&#8221;.<\/p>\n<p>En los \u00faltimos a\u00f1os, Ayers continu\u00f3 teniendo su impacto en la m\u00fasica. Hizo una aparici\u00f3n invitada en Tyler, la canci\u00f3n de 2015 del creador &#8220;Find Your Wings&#8221; y luego actu\u00f3 en el Rapper&#8217;s Camp Flog Gnaw Festival. Su \u00faltimo \u00e1lbum en solitario fue de 2004 <em>Ambiente de caoba<\/em>que cont\u00f3 con un artista neo-soul <strong>Erykah badu<\/strong>.<\/p>\n<p>Roy Ayers es sobrevivido por su esposa Argerie, sus hijos Mtume y Nabil, su hija Ayana y su nieta.<\/p>\n","protected":false},"excerpt":{"rendered":"<p>Roy Ayersel vibrafonista de g\u00e9nero que se pone a presi\u00f3n a menudo llamaba el &#8216;Padrino de Neo Soul&#8217;, muri\u00f3 en Manhattan el martes. Ten\u00eda 84<\/p>\n","protected":false},"author":1,"featured_media":2059,"comment_status":"closed","ping_status":"","sticky":false,"template":"","format":"standard","meta":{"footnotes":""},"categories":[50],"tags":[2055,180,564,632,1205,524,2056],"class_list":["post-2058","post","type-post","status-publish","format-standard","has-post-thumbnail","hentry","category-el-ultimo","tag-ayers","tag-los","tag-muere","tag-musica","tag-pionero","tag-roy","tag-vibrafonista","generate-columns","tablet-grid-50","mobile-grid-100","grid-parent","grid-50"],"yoast_head":"<!-- This site is optimized with the Yoast SEO plugin v23.3 - https:\/\/yoast.com\/wordpress\/plugins\/seo\/ -->\n<title>Roy Ayers, vibrafonista y pionero de la m\u00fasica, muere a los 84<\/title>\n<meta name=\"robots\" content=\"index, follow, max-snippet:-1, max-image-preview:large, max-video-preview:-1\" \/>\n<link rel=\"canonical\" href=\"https:\/\/web.consaguirre.com.ar\/noticias\/roy-ayers-vibrafonista-y-pionero-de-la-musica-muere-a-los-84\/\" \/>\n<meta property=\"og:locale\" content=\"es_ES\" \/>\n<meta property=\"og:type\" content=\"article\" \/>\n<meta property=\"og:title\" content=\"Roy Ayers, vibrafonista y pionero de la m\u00fasica, muere a los 84\" \/>\n<meta property=\"og:description\" content=\"Roy Ayersel vibrafonista de g\u00e9nero que se pone a presi\u00f3n a menudo llamaba el &#8216;Padrino de Neo Soul&#8217;, muri\u00f3 en Manhattan el martes. Ten\u00eda 84\" \/>\n<meta property=\"og:url\" content=\"https:\/\/web.consaguirre.com.ar\/noticias\/roy-ayers-vibrafonista-y-pionero-de-la-musica-muere-a-los-84\/\" \/>\n<meta property=\"og:site_name\" content=\"Conservatorio de M\u00fasica Juli\u00e1n Aguirre\" \/>\n<meta property=\"article:published_time\" content=\"2025-03-06T18:38:09+00:00\" \/>\n<meta property=\"article:modified_time\" content=\"2025-03-06T18:38:10+00:00\" \/>\n<meta property=\"og:image\" content=\"https:\/\/web.consaguirre.com.ar\/noticias\/wp-content\/uploads\/2025\/03\/1741286290_Roy-Ayers-vibrafonista-y-pionero-de-la-musica-muere-a.jpg\" \/>\n\t<meta property=\"og:image:width\" content=\"1440\" \/>\n\t<meta property=\"og:image:height\" content=\"864\" \/>\n\t<meta property=\"og:image:type\" content=\"image\/jpeg\" \/>\n<meta name=\"author\" content=\"Javier Figueroa\" \/>\n<meta name=\"twitter:card\" content=\"summary_large_image\" \/>\n<meta name=\"twitter:label1\" content=\"Escrito por\" \/>\n\t<meta name=\"twitter:data1\" content=\"Javier Figueroa\" \/>\n\t<meta name=\"twitter:label2\" content=\"Tiempo de lectura\" \/>\n\t<meta name=\"twitter:data2\" content=\"2 minutos\" \/>\n<script type=\"application\/ld+json\" class=\"yoast-schema-graph\">{\"@context\":\"https:\/\/schema.org\",\"@graph\":[{\"@type\":\"Article\",\"@id\":\"https:\/\/web.consaguirre.com.ar\/noticias\/roy-ayers-vibrafonista-y-pionero-de-la-musica-muere-a-los-84\/#article\",\"isPartOf\":{\"@id\":\"https:\/\/web.consaguirre.com.ar\/noticias\/roy-ayers-vibrafonista-y-pionero-de-la-musica-muere-a-los-84\/\"},\"author\":{\"name\":\"Javier Figueroa\",\"@id\":\"https:\/\/web.consaguirre.com.ar\/noticias\/#\/schema\/person\/6558b0cfedee7ddc5425602b237d5722\"},\"headline\":\"Roy Ayers, vibrafonista y pionero de la m\u00fasica, muere a los 84\",\"datePublished\":\"2025-03-06T18:38:09+00:00\",\"dateModified\":\"2025-03-06T18:38:10+00:00\",\"mainEntityOfPage\":{\"@id\":\"https:\/\/web.consaguirre.com.ar\/noticias\/roy-ayers-vibrafonista-y-pionero-de-la-musica-muere-a-los-84\/\"},\"wordCount\":473,\"publisher\":{\"@id\":\"https:\/\/web.consaguirre.com.ar\/noticias\/#organization\"},\"image\":{\"@id\":\"https:\/\/web.consaguirre.com.ar\/noticias\/roy-ayers-vibrafonista-y-pionero-de-la-musica-muere-a-los-84\/#primaryimage\"},\"thumbnailUrl\":\"https:\/\/web.consaguirre.com.ar\/noticias\/wp-content\/uploads\/2025\/03\/1741286290_Roy-Ayers-vibrafonista-y-pionero-de-la-musica-muere-a.jpg\",\"keywords\":[\"Ayers\",\"los\",\"muere\",\"m\u00fasica\",\"pionero\",\"Roy\",\"vibrafonista\"],\"articleSection\":[\"El \u00faltimo\"],\"inLanguage\":\"es-AR\"},{\"@type\":\"WebPage\",\"@id\":\"https:\/\/web.consaguirre.com.ar\/noticias\/roy-ayers-vibrafonista-y-pionero-de-la-musica-muere-a-los-84\/\",\"url\":\"https:\/\/web.consaguirre.com.ar\/noticias\/roy-ayers-vibrafonista-y-pionero-de-la-musica-muere-a-los-84\/\",\"name\":\"Roy Ayers, vibrafonista y pionero de la m\u00fasica, muere a los 84\",\"isPartOf\":{\"@id\":\"https:\/\/web.consaguirre.com.ar\/noticias\/#website\"},\"primaryImageOfPage\":{\"@id\":\"https:\/\/web.consaguirre.com.ar\/noticias\/roy-ayers-vibrafonista-y-pionero-de-la-musica-muere-a-los-84\/#primaryimage\"},\"image\":{\"@id\":\"https:\/\/web.consaguirre.com.ar\/noticias\/roy-ayers-vibrafonista-y-pionero-de-la-musica-muere-a-los-84\/#primaryimage\"},\"thumbnailUrl\":\"https:\/\/web.consaguirre.com.ar\/noticias\/wp-content\/uploads\/2025\/03\/1741286290_Roy-Ayers-vibrafonista-y-pionero-de-la-musica-muere-a.jpg\",\"datePublished\":\"2025-03-06T18:38:09+00:00\",\"dateModified\":\"2025-03-06T18:38:10+00:00\",\"breadcrumb\":{\"@id\":\"https:\/\/web.consaguirre.com.ar\/noticias\/roy-ayers-vibrafonista-y-pionero-de-la-musica-muere-a-los-84\/#breadcrumb\"},\"inLanguage\":\"es-AR\",\"potentialAction\":[{\"@type\":\"ReadAction\",\"target\":[\"https:\/\/web.consaguirre.com.ar\/noticias\/roy-ayers-vibrafonista-y-pionero-de-la-musica-muere-a-los-84\/\"]}]},{\"@type\":\"ImageObject\",\"inLanguage\":\"es-AR\",\"@id\":\"https:\/\/web.consaguirre.com.ar\/noticias\/roy-ayers-vibrafonista-y-pionero-de-la-musica-muere-a-los-84\/#primaryimage\",\"url\":\"https:\/\/web.consaguirre.com.ar\/noticias\/wp-content\/uploads\/2025\/03\/1741286290_Roy-Ayers-vibrafonista-y-pionero-de-la-musica-muere-a.jpg\",\"contentUrl\":\"https:\/\/web.consaguirre.com.ar\/noticias\/wp-content\/uploads\/2025\/03\/1741286290_Roy-Ayers-vibrafonista-y-pionero-de-la-musica-muere-a.jpg\",\"width\":1440,\"height\":864,\"caption\":\"Photo: Jack Vartoogian\/Getty Images\"},{\"@type\":\"BreadcrumbList\",\"@id\":\"https:\/\/web.consaguirre.com.ar\/noticias\/roy-ayers-vibrafonista-y-pionero-de-la-musica-muere-a-los-84\/#breadcrumb\",\"itemListElement\":[{\"@type\":\"ListItem\",\"position\":1,\"name\":\"Inicio\",\"item\":\"https:\/\/web.consaguirre.com.ar\/noticias\/\"},{\"@type\":\"ListItem\",\"position\":2,\"name\":\"Roy Ayers, vibrafonista y pionero de la m\u00fasica, muere a los 84\"}]},{\"@type\":\"WebSite\",\"@id\":\"https:\/\/web.consaguirre.com.ar\/noticias\/#website\",\"url\":\"https:\/\/web.consaguirre.com.ar\/noticias\/\",\"name\":\"Conservatorio de M\u00fasica Juli\u00e1n Aguirre\",\"description\":\"\",\"publisher\":{\"@id\":\"https:\/\/web.consaguirre.com.ar\/noticias\/#organization\"},\"potentialAction\":[{\"@type\":\"SearchAction\",\"target\":{\"@type\":\"EntryPoint\",\"urlTemplate\":\"https:\/\/web.consaguirre.com.ar\/noticias\/?s={search_term_string}\"},\"query-input\":\"required name=search_term_string\"}],\"inLanguage\":\"es-AR\"},{\"@type\":\"Organization\",\"@id\":\"https:\/\/web.consaguirre.com.ar\/noticias\/#organization\",\"name\":\"Conservatorio de M\u00fasica Juli\u00e1n Aguirre\",\"url\":\"https:\/\/web.consaguirre.com.ar\/noticias\/\",\"logo\":{\"@type\":\"ImageObject\",\"inLanguage\":\"es-AR\",\"@id\":\"https:\/\/web.consaguirre.com.ar\/noticias\/#\/schema\/logo\/image\/\",\"url\":\"https:\/\/web.consaguirre.com.ar\/noticias\/wp-content\/uploads\/2024\/08\/Banner-Aguirre-23.jpg\",\"contentUrl\":\"https:\/\/web.consaguirre.com.ar\/noticias\/wp-content\/uploads\/2024\/08\/Banner-Aguirre-23.jpg\",\"width\":1192,\"height\":600,\"caption\":\"Conservatorio de M\u00fasica Juli\u00e1n Aguirre\"},\"image\":{\"@id\":\"https:\/\/web.consaguirre.com.ar\/noticias\/#\/schema\/logo\/image\/\"}},{\"@type\":\"Person\",\"@id\":\"https:\/\/web.consaguirre.com.ar\/noticias\/#\/schema\/person\/6558b0cfedee7ddc5425602b237d5722\",\"name\":\"Javier Figueroa\",\"image\":{\"@type\":\"ImageObject\",\"inLanguage\":\"es-AR\",\"@id\":\"https:\/\/web.consaguirre.com.ar\/noticias\/#\/schema\/person\/image\/\",\"url\":\"https:\/\/web.consaguirre.com.ar\/noticias\/wp-content\/uploads\/2024\/08\/Consaguirre-scaled.jpg\",\"contentUrl\":\"https:\/\/web.consaguirre.com.ar\/noticias\/wp-content\/uploads\/2024\/08\/Consaguirre-scaled.jpg\",\"caption\":\"Javier Figueroa\"},\"description\":\"Me llamo Javier Figueroa y soy redactor para el sitio oficial del Conservatorio de M\u00fasica Juli\u00e1n Aguirre en Buenos Aires, consaguirre.com. Apasionado por la m\u00fasica y la escritura, me esfuerzo por destacar los talentos y eventos de nuestra prestigiosa instituci\u00f3n. Mi trayectoria se nutre de una profunda admiraci\u00f3n por los artistas, haciendo de cada art\u00edculo una celebraci\u00f3n de la creatividad y la cultura musical.\",\"sameAs\":[\"https:\/\/web.consaguirre.com.ar\/noticias\"]}]}<\/script>\n<!-- \/ Yoast SEO plugin. -->","yoast_head_json":{"title":"Roy Ayers, vibrafonista y pionero de la m\u00fasica, muere a los 84","robots":{"index":"index","follow":"follow","max-snippet":"max-snippet:-1","max-image-preview":"max-image-preview:large","max-video-preview":"max-video-preview:-1"},"canonical":"https:\/\/web.consaguirre.com.ar\/noticias\/roy-ayers-vibrafonista-y-pionero-de-la-musica-muere-a-los-84\/","og_locale":"es_ES","og_type":"article","og_title":"Roy Ayers, vibrafonista y pionero de la m\u00fasica, muere a los 84","og_description":"Roy Ayersel vibrafonista de g\u00e9nero que se pone a presi\u00f3n a menudo llamaba el &#8216;Padrino de Neo Soul&#8217;, muri\u00f3 en Manhattan el martes. Ten\u00eda 84","og_url":"https:\/\/web.consaguirre.com.ar\/noticias\/roy-ayers-vibrafonista-y-pionero-de-la-musica-muere-a-los-84\/","og_site_name":"Conservatorio de M\u00fasica Juli\u00e1n Aguirre","article_published_time":"2025-03-06T18:38:09+00:00","article_modified_time":"2025-03-06T18:38:10+00:00","og_image":[{"width":1440,"height":864,"url":"https:\/\/web.consaguirre.com.ar\/noticias\/wp-content\/uploads\/2025\/03\/1741286290_Roy-Ayers-vibrafonista-y-pionero-de-la-musica-muere-a.jpg","type":"image\/jpeg"}],"author":"Javier Figueroa","twitter_card":"summary_large_image","twitter_misc":{"Escrito por":"Javier Figueroa","Tiempo de lectura":"2 minutos"},"schema":{"@context":"https:\/\/schema.org","@graph":[{"@type":"Article","@id":"https:\/\/web.consaguirre.com.ar\/noticias\/roy-ayers-vibrafonista-y-pionero-de-la-musica-muere-a-los-84\/#article","isPartOf":{"@id":"https:\/\/web.consaguirre.com.ar\/noticias\/roy-ayers-vibrafonista-y-pionero-de-la-musica-muere-a-los-84\/"},"author":{"name":"Javier Figueroa","@id":"https:\/\/web.consaguirre.com.ar\/noticias\/#\/schema\/person\/6558b0cfedee7ddc5425602b237d5722"},"headline":"Roy Ayers, vibrafonista y pionero de la m\u00fasica, muere a los 84","datePublished":"2025-03-06T18:38:09+00:00","dateModified":"2025-03-06T18:38:10+00:00","mainEntityOfPage":{"@id":"https:\/\/web.consaguirre.com.ar\/noticias\/roy-ayers-vibrafonista-y-pionero-de-la-musica-muere-a-los-84\/"},"wordCount":473,"publisher":{"@id":"https:\/\/web.consaguirre.com.ar\/noticias\/#organization"},"image":{"@id":"https:\/\/web.consaguirre.com.ar\/noticias\/roy-ayers-vibrafonista-y-pionero-de-la-musica-muere-a-los-84\/#primaryimage"},"thumbnailUrl":"https:\/\/web.consaguirre.com.ar\/noticias\/wp-content\/uploads\/2025\/03\/1741286290_Roy-Ayers-vibrafonista-y-pionero-de-la-musica-muere-a.jpg","keywords":["Ayers","los","muere","m\u00fasica","pionero","Roy","vibrafonista"],"articleSection":["El \u00faltimo"],"inLanguage":"es-AR"},{"@type":"WebPage","@id":"https:\/\/web.consaguirre.com.ar\/noticias\/roy-ayers-vibrafonista-y-pionero-de-la-musica-muere-a-los-84\/","url":"https:\/\/web.consaguirre.com.ar\/noticias\/roy-ayers-vibrafonista-y-pionero-de-la-musica-muere-a-los-84\/","name":"Roy Ayers, vibrafonista y pionero de la m\u00fasica, muere a los 84","isPartOf":{"@id":"https:\/\/web.consaguirre.com.ar\/noticias\/#website"},"primaryImageOfPage":{"@id":"https:\/\/web.consaguirre.com.ar\/noticias\/roy-ayers-vibrafonista-y-pionero-de-la-musica-muere-a-los-84\/#primaryimage"},"image":{"@id":"https:\/\/web.consaguirre.com.ar\/noticias\/roy-ayers-vibrafonista-y-pionero-de-la-musica-muere-a-los-84\/#primaryimage"},"thumbnailUrl":"https:\/\/web.consaguirre.com.ar\/noticias\/wp-content\/uploads\/2025\/03\/1741286290_Roy-Ayers-vibrafonista-y-pionero-de-la-musica-muere-a.jpg","datePublished":"2025-03-06T18:38:09+00:00","dateModified":"2025-03-06T18:38:10+00:00","breadcrumb":{"@id":"https:\/\/web.consaguirre.com.ar\/noticias\/roy-ayers-vibrafonista-y-pionero-de-la-musica-muere-a-los-84\/#breadcrumb"},"inLanguage":"es-AR","potentialAction":[{"@type":"ReadAction","target":["https:\/\/web.consaguirre.com.ar\/noticias\/roy-ayers-vibrafonista-y-pionero-de-la-musica-muere-a-los-84\/"]}]},{"@type":"ImageObject","inLanguage":"es-AR","@id":"https:\/\/web.consaguirre.com.ar\/noticias\/roy-ayers-vibrafonista-y-pionero-de-la-musica-muere-a-los-84\/#primaryimage","url":"https:\/\/web.consaguirre.com.ar\/noticias\/wp-content\/uploads\/2025\/03\/1741286290_Roy-Ayers-vibrafonista-y-pionero-de-la-musica-muere-a.jpg","contentUrl":"https:\/\/web.consaguirre.com.ar\/noticias\/wp-content\/uploads\/2025\/03\/1741286290_Roy-Ayers-vibrafonista-y-pionero-de-la-musica-muere-a.jpg","width":1440,"height":864,"caption":"Photo: Jack Vartoogian\/Getty Images"},{"@type":"BreadcrumbList","@id":"https:\/\/web.consaguirre.com.ar\/noticias\/roy-ayers-vibrafonista-y-pionero-de-la-musica-muere-a-los-84\/#breadcrumb","itemListElement":[{"@type":"ListItem","position":1,"name":"Inicio","item":"https:\/\/web.consaguirre.com.ar\/noticias\/"},{"@type":"ListItem","position":2,"name":"Roy Ayers, vibrafonista y pionero de la m\u00fasica, muere a los 84"}]},{"@type":"WebSite","@id":"https:\/\/web.consaguirre.com.ar\/noticias\/#website","url":"https:\/\/web.consaguirre.com.ar\/noticias\/","name":"Conservatorio de M\u00fasica Juli\u00e1n Aguirre","description":"","publisher":{"@id":"https:\/\/web.consaguirre.com.ar\/noticias\/#organization"},"potentialAction":[{"@type":"SearchAction","target":{"@type":"EntryPoint","urlTemplate":"https:\/\/web.consaguirre.com.ar\/noticias\/?s={search_term_string}"},"query-input":"required name=search_term_string"}],"inLanguage":"es-AR"},{"@type":"Organization","@id":"https:\/\/web.consaguirre.com.ar\/noticias\/#organization","name":"Conservatorio de M\u00fasica Juli\u00e1n Aguirre","url":"https:\/\/web.consaguirre.com.ar\/noticias\/","logo":{"@type":"ImageObject","inLanguage":"es-AR","@id":"https:\/\/web.consaguirre.com.ar\/noticias\/#\/schema\/logo\/image\/","url":"https:\/\/web.consaguirre.com.ar\/noticias\/wp-content\/uploads\/2024\/08\/Banner-Aguirre-23.jpg","contentUrl":"https:\/\/web.consaguirre.com.ar\/noticias\/wp-content\/uploads\/2024\/08\/Banner-Aguirre-23.jpg","width":1192,"height":600,"caption":"Conservatorio de M\u00fasica Juli\u00e1n Aguirre"},"image":{"@id":"https:\/\/web.consaguirre.com.ar\/noticias\/#\/schema\/logo\/image\/"}},{"@type":"Person","@id":"https:\/\/web.consaguirre.com.ar\/noticias\/#\/schema\/person\/6558b0cfedee7ddc5425602b237d5722","name":"Javier Figueroa","image":{"@type":"ImageObject","inLanguage":"es-AR","@id":"https:\/\/web.consaguirre.com.ar\/noticias\/#\/schema\/person\/image\/","url":"https:\/\/web.consaguirre.com.ar\/noticias\/wp-content\/uploads\/2024\/08\/Consaguirre-scaled.jpg","contentUrl":"https:\/\/web.consaguirre.com.ar\/noticias\/wp-content\/uploads\/2024\/08\/Consaguirre-scaled.jpg","caption":"Javier Figueroa"},"description":"Me llamo Javier Figueroa y soy redactor para el sitio oficial del Conservatorio de M\u00fasica Juli\u00e1n Aguirre en Buenos Aires, consaguirre.com. Apasionado por la m\u00fasica y la escritura, me esfuerzo por destacar los talentos y eventos de nuestra prestigiosa instituci\u00f3n. Mi trayectoria se nutre de una profunda admiraci\u00f3n por los artistas, haciendo de cada art\u00edculo una celebraci\u00f3n de la creatividad y la cultura musical.","sameAs":["https:\/\/web.consaguirre.com.ar\/noticias"]}]}},"_links":{"self":[{"href":"https:\/\/web.consaguirre.com.ar\/noticias\/wp-json\/wp\/v2\/posts\/2058"}],"collection":[{"href":"https:\/\/web.consaguirre.com.ar\/noticias\/wp-json\/wp\/v2\/posts"}],"about":[{"href":"https:\/\/web.consaguirre.com.ar\/noticias\/wp-json\/wp\/v2\/types\/post"}],"author":[{"embeddable":true,"href":"https:\/\/web.consaguirre.com.ar\/noticias\/wp-json\/wp\/v2\/users\/1"}],"replies":[{"embeddable":true,"href":"https:\/\/web.consaguirre.com.ar\/noticias\/wp-json\/wp\/v2\/comments?post=2058"}],"version-history":[{"count":1,"href":"https:\/\/web.consaguirre.com.ar\/noticias\/wp-json\/wp\/v2\/posts\/2058\/revisions"}],"predecessor-version":[{"id":2060,"href":"https:\/\/web.consaguirre.com.ar\/noticias\/wp-json\/wp\/v2\/posts\/2058\/revisions\/2060"}],"wp:featuredmedia":[{"embeddable":true,"href":"https:\/\/web.consaguirre.com.ar\/noticias\/wp-json\/wp\/v2\/media\/2059"}],"wp:attachment":[{"href":"https:\/\/web.consaguirre.com.ar\/noticias\/wp-json\/wp\/v2\/media?parent=2058"}],"wp:term":[{"taxonomy":"category","embeddable":true,"href":"https:\/\/web.consaguirre.com.ar\/noticias\/wp-json\/wp\/v2\/categories?post=2058"},{"taxonomy":"post_tag","embeddable":true,"href":"https:\/\/web.consaguirre.com.ar\/noticias\/wp-json\/wp\/v2\/tags?post=2058"}],"curies":[{"name":"wp","href":"https:\/\/api.w.org\/{rel}","templated":true}]}}