{"id":2022,"date":"2025-03-03T18:42:57","date_gmt":"2025-03-03T21:42:57","guid":{"rendered":"https:\/\/web.consaguirre.com.ar\/noticias\/my-morning-jacket-anuncia-el-nuevo-album-es\/"},"modified":"2025-03-03T18:42:58","modified_gmt":"2025-03-03T21:42:58","slug":"my-morning-jacket-anuncia-el-nuevo-album-es","status":"publish","type":"post","link":"https:\/\/web.consaguirre.com.ar\/noticias\/my-morning-jacket-anuncia-el-nuevo-album-es\/","title":{"rendered":"My Morning Jacket anuncia el nuevo \u00e1lbum &#8216;es&#8217;"},"content":{"rendered":"<p><strong>Mi chaqueta de la ma\u00f1ana<\/strong> he anunciado un nuevo disco titulado <em>Es<\/em>. El 21 de marzo a trav\u00e9s de ATO, el d\u00e9cimo \u00e1lbum de la banda de rock est\u00e1 disponible para pre-ordenar en vinilo y CD.<\/p>\n<p>El \u00e1lbum est\u00e1 dirigido por el sencillo &#8220;Time Waited&#8221;. El single llega con un video musical, dirigido por Danny Clinch, que incorpora im\u00e1genes de archivo y im\u00e1genes de rendimiento del grupo, que se form\u00f3 en 1998. Un segundo sencillo psicod\u00e9lico, &#8220;Squid Ink&#8221;, se acompa\u00f1a de un video musical oficial que detiene visualmente una vez m\u00e1s dirigido por Clinch.<\/p>\n<div class=\"uD-YT-container\"><img decoding=\"async\" src=\"https:\/\/web.consaguirre.com.ar\/noticias\/wp-content\/uploads\/2025\/03\/1741038177_561_My-Morning-Jacket-anuncia-el-nuevo-album-es.jpg\" alt=\"Video de YouTube\"><br \/>Haga clic para cargar video<\/div>\n<p>El seguimiento de 2021 <em>Mi chaqueta de la ma\u00f1ana<\/em> es producido por Brendan O&#8217;Brien ganador del Grammy, conocido por su trabajo con Bruce Springsteen y Pearl Jam. El l\u00edder de My Morning Jacket Jim James, quien ha producido o coproducido todos los \u00e1lbumes de estudio de la banda desde su debut en 1999, <em>El fuego de Tennessee<\/em>habl\u00f3 sobre renunciar al control a otra persona.<\/p>\n<p>&#8220;Hasta ahora nunca he podido dejarlo ir y permitir que alguien m\u00e1s dirigiera el barco&#8221;, dijo James en un comunicado. &#8220;Casi se sinti\u00f3 como una experiencia fuera del cuerpo dar un paso atr\u00e1s y dar control a alguien que est\u00e1 mucho m\u00e1s logrado e hizo tantos m\u00e1s registros que nosotros, pero al final pude disfrutar el proceso tal vez m\u00e1s de lo que nunca antes&#8221;.<\/p>\n<p>En abril, mi chaqueta de la ma\u00f1ana organizar\u00e1 la pr\u00f3xima edici\u00f3n de <strong>su \u00fanico gran festival de vacaciones<\/strong>que ha tenido lugar desde 2013. El evento 2025 tiene lugar en Seascape Resort, en Miramar Beach, Florida, del 3 al 5 de abril.<\/p>\n<p>En abril, mi chaqueta de la ma\u00f1ana se dirigir\u00e1 a una gira de Estados Unidos, que comienza en Chattanooga, TN e incluye una carrera de regreso a casa de cinco noches en el Palacio de Louisville. En mayo, la banda se presentar\u00e1 en el New Orleans Jazz &#038; Heritage Festival. La gira recoge el 5 de agosto en Bend, o e incluye un par de fechas en Morrison, el renombrado anfiteatro de Red Rocks de CO y un espect\u00e1culo del 22 de agosto en Berkeley, el famoso teatro griego de CA. Una tercera carrera comienza el 8 de octubre en Washington, DC e incluye paradas en Atlanta, el hist\u00f3rico Teatro Fox de GA y una carrera de tres noches en Brooklyn, Brooklyn Paramount y Chicago de NY y Chicago, The Salt Shed. My Morning Jacket continuar\u00e1 su asociaci\u00f3n con el entorno sin fines de lucro Reverb.<\/p>\n<p><strong>Pide mi chaqueta de la ma\u00f1ana <em>Es<\/em> ahora.<\/strong><\/p>\n","protected":false},"excerpt":{"rendered":"<p>Mi chaqueta de la ma\u00f1ana he anunciado un nuevo disco titulado Es. El 21 de marzo a trav\u00e9s de ATO, el d\u00e9cimo \u00e1lbum de la<\/p>\n","protected":false},"author":1,"featured_media":2023,"comment_status":"closed","ping_status":"","sticky":false,"template":"","format":"standard","meta":{"footnotes":""},"categories":[50],"tags":[147,56,2015,2014,146],"class_list":["post-2022","post","type-post","status-publish","format-standard","has-post-thumbnail","hentry","category-el-ultimo","tag-album","tag-anuncia","tag-jacket","tag-morning","tag-nuevo","generate-columns","tablet-grid-50","mobile-grid-100","grid-parent","grid-50"],"yoast_head":"<!-- This site is optimized with the Yoast SEO plugin v23.3 - https:\/\/yoast.com\/wordpress\/plugins\/seo\/ -->\n<title>My Morning Jacket anuncia el nuevo \u00e1lbum &#039;es&#039;<\/title>\n<meta name=\"robots\" content=\"index, follow, max-snippet:-1, max-image-preview:large, max-video-preview:-1\" \/>\n<link rel=\"canonical\" href=\"https:\/\/web.consaguirre.com.ar\/noticias\/my-morning-jacket-anuncia-el-nuevo-album-es\/\" \/>\n<meta property=\"og:locale\" content=\"es_ES\" \/>\n<meta property=\"og:type\" content=\"article\" \/>\n<meta property=\"og:title\" content=\"My Morning Jacket anuncia el nuevo \u00e1lbum &#039;es&#039;\" \/>\n<meta property=\"og:description\" content=\"Mi chaqueta de la ma\u00f1ana he anunciado un nuevo disco titulado Es. El 21 de marzo a trav\u00e9s de ATO, el d\u00e9cimo \u00e1lbum de la\" \/>\n<meta property=\"og:url\" content=\"https:\/\/web.consaguirre.com.ar\/noticias\/my-morning-jacket-anuncia-el-nuevo-album-es\/\" \/>\n<meta property=\"og:site_name\" content=\"Conservatorio de M\u00fasica Juli\u00e1n Aguirre\" \/>\n<meta property=\"article:published_time\" content=\"2025-03-03T21:42:57+00:00\" \/>\n<meta property=\"article:modified_time\" content=\"2025-03-03T21:42:58+00:00\" \/>\n<meta property=\"og:image\" content=\"https:\/\/web.consaguirre.com.ar\/noticias\/wp-content\/uploads\/2025\/03\/My-Morning-Jacket-anuncia-el-nuevo-album-es.jpg\" \/>\n\t<meta property=\"og:image:width\" content=\"1280\" \/>\n\t<meta property=\"og:image:height\" content=\"1280\" \/>\n\t<meta property=\"og:image:type\" content=\"image\/jpeg\" \/>\n<meta name=\"author\" content=\"Javier Figueroa\" \/>\n<meta name=\"twitter:card\" content=\"summary_large_image\" \/>\n<meta name=\"twitter:label1\" content=\"Escrito por\" \/>\n\t<meta name=\"twitter:data1\" content=\"Javier Figueroa\" \/>\n\t<meta name=\"twitter:label2\" content=\"Tiempo de lectura\" \/>\n\t<meta name=\"twitter:data2\" content=\"2 minutos\" \/>\n<script type=\"application\/ld+json\" class=\"yoast-schema-graph\">{\"@context\":\"https:\/\/schema.org\",\"@graph\":[{\"@type\":\"Article\",\"@id\":\"https:\/\/web.consaguirre.com.ar\/noticias\/my-morning-jacket-anuncia-el-nuevo-album-es\/#article\",\"isPartOf\":{\"@id\":\"https:\/\/web.consaguirre.com.ar\/noticias\/my-morning-jacket-anuncia-el-nuevo-album-es\/\"},\"author\":{\"name\":\"Javier Figueroa\",\"@id\":\"https:\/\/web.consaguirre.com.ar\/noticias\/#\/schema\/person\/6558b0cfedee7ddc5425602b237d5722\"},\"headline\":\"My Morning Jacket anuncia el nuevo \u00e1lbum &#8216;es&#8217;\",\"datePublished\":\"2025-03-03T21:42:57+00:00\",\"dateModified\":\"2025-03-03T21:42:58+00:00\",\"mainEntityOfPage\":{\"@id\":\"https:\/\/web.consaguirre.com.ar\/noticias\/my-morning-jacket-anuncia-el-nuevo-album-es\/\"},\"wordCount\":443,\"publisher\":{\"@id\":\"https:\/\/web.consaguirre.com.ar\/noticias\/#organization\"},\"image\":{\"@id\":\"https:\/\/web.consaguirre.com.ar\/noticias\/my-morning-jacket-anuncia-el-nuevo-album-es\/#primaryimage\"},\"thumbnailUrl\":\"https:\/\/web.consaguirre.com.ar\/noticias\/wp-content\/uploads\/2025\/03\/My-Morning-Jacket-anuncia-el-nuevo-album-es.jpg\",\"keywords\":[\"\u00e1lbum\",\"anuncia\",\"Jacket\",\"Morning\",\"nuevo\"],\"articleSection\":[\"El \u00faltimo\"],\"inLanguage\":\"es-AR\"},{\"@type\":\"WebPage\",\"@id\":\"https:\/\/web.consaguirre.com.ar\/noticias\/my-morning-jacket-anuncia-el-nuevo-album-es\/\",\"url\":\"https:\/\/web.consaguirre.com.ar\/noticias\/my-morning-jacket-anuncia-el-nuevo-album-es\/\",\"name\":\"My Morning Jacket anuncia el nuevo \u00e1lbum 'es'\",\"isPartOf\":{\"@id\":\"https:\/\/web.consaguirre.com.ar\/noticias\/#website\"},\"primaryImageOfPage\":{\"@id\":\"https:\/\/web.consaguirre.com.ar\/noticias\/my-morning-jacket-anuncia-el-nuevo-album-es\/#primaryimage\"},\"image\":{\"@id\":\"https:\/\/web.consaguirre.com.ar\/noticias\/my-morning-jacket-anuncia-el-nuevo-album-es\/#primaryimage\"},\"thumbnailUrl\":\"https:\/\/web.consaguirre.com.ar\/noticias\/wp-content\/uploads\/2025\/03\/My-Morning-Jacket-anuncia-el-nuevo-album-es.jpg\",\"datePublished\":\"2025-03-03T21:42:57+00:00\",\"dateModified\":\"2025-03-03T21:42:58+00:00\",\"breadcrumb\":{\"@id\":\"https:\/\/web.consaguirre.com.ar\/noticias\/my-morning-jacket-anuncia-el-nuevo-album-es\/#breadcrumb\"},\"inLanguage\":\"es-AR\",\"potentialAction\":[{\"@type\":\"ReadAction\",\"target\":[\"https:\/\/web.consaguirre.com.ar\/noticias\/my-morning-jacket-anuncia-el-nuevo-album-es\/\"]}]},{\"@type\":\"ImageObject\",\"inLanguage\":\"es-AR\",\"@id\":\"https:\/\/web.consaguirre.com.ar\/noticias\/my-morning-jacket-anuncia-el-nuevo-album-es\/#primaryimage\",\"url\":\"https:\/\/web.consaguirre.com.ar\/noticias\/wp-content\/uploads\/2025\/03\/My-Morning-Jacket-anuncia-el-nuevo-album-es.jpg\",\"contentUrl\":\"https:\/\/web.consaguirre.com.ar\/noticias\/wp-content\/uploads\/2025\/03\/My-Morning-Jacket-anuncia-el-nuevo-album-es.jpg\",\"width\":1280,\"height\":1280,\"caption\":\"My Morning Jacket anuncia el nuevo \u00e1lbum 'es'\"},{\"@type\":\"BreadcrumbList\",\"@id\":\"https:\/\/web.consaguirre.com.ar\/noticias\/my-morning-jacket-anuncia-el-nuevo-album-es\/#breadcrumb\",\"itemListElement\":[{\"@type\":\"ListItem\",\"position\":1,\"name\":\"Inicio\",\"item\":\"https:\/\/web.consaguirre.com.ar\/noticias\/\"},{\"@type\":\"ListItem\",\"position\":2,\"name\":\"My Morning Jacket anuncia el nuevo \u00e1lbum &#8216;es&#8217;\"}]},{\"@type\":\"WebSite\",\"@id\":\"https:\/\/web.consaguirre.com.ar\/noticias\/#website\",\"url\":\"https:\/\/web.consaguirre.com.ar\/noticias\/\",\"name\":\"Conservatorio de M\u00fasica Juli\u00e1n Aguirre\",\"description\":\"\",\"publisher\":{\"@id\":\"https:\/\/web.consaguirre.com.ar\/noticias\/#organization\"},\"potentialAction\":[{\"@type\":\"SearchAction\",\"target\":{\"@type\":\"EntryPoint\",\"urlTemplate\":\"https:\/\/web.consaguirre.com.ar\/noticias\/?s={search_term_string}\"},\"query-input\":\"required name=search_term_string\"}],\"inLanguage\":\"es-AR\"},{\"@type\":\"Organization\",\"@id\":\"https:\/\/web.consaguirre.com.ar\/noticias\/#organization\",\"name\":\"Conservatorio de M\u00fasica Juli\u00e1n Aguirre\",\"url\":\"https:\/\/web.consaguirre.com.ar\/noticias\/\",\"logo\":{\"@type\":\"ImageObject\",\"inLanguage\":\"es-AR\",\"@id\":\"https:\/\/web.consaguirre.com.ar\/noticias\/#\/schema\/logo\/image\/\",\"url\":\"https:\/\/web.consaguirre.com.ar\/noticias\/wp-content\/uploads\/2024\/08\/Banner-Aguirre-23.jpg\",\"contentUrl\":\"https:\/\/web.consaguirre.com.ar\/noticias\/wp-content\/uploads\/2024\/08\/Banner-Aguirre-23.jpg\",\"width\":1192,\"height\":600,\"caption\":\"Conservatorio de M\u00fasica Juli\u00e1n Aguirre\"},\"image\":{\"@id\":\"https:\/\/web.consaguirre.com.ar\/noticias\/#\/schema\/logo\/image\/\"}},{\"@type\":\"Person\",\"@id\":\"https:\/\/web.consaguirre.com.ar\/noticias\/#\/schema\/person\/6558b0cfedee7ddc5425602b237d5722\",\"name\":\"Javier Figueroa\",\"image\":{\"@type\":\"ImageObject\",\"inLanguage\":\"es-AR\",\"@id\":\"https:\/\/web.consaguirre.com.ar\/noticias\/#\/schema\/person\/image\/\",\"url\":\"https:\/\/web.consaguirre.com.ar\/noticias\/wp-content\/uploads\/2024\/08\/Consaguirre-scaled.jpg\",\"contentUrl\":\"https:\/\/web.consaguirre.com.ar\/noticias\/wp-content\/uploads\/2024\/08\/Consaguirre-scaled.jpg\",\"caption\":\"Javier Figueroa\"},\"description\":\"Me llamo Javier Figueroa y soy redactor para el sitio oficial del Conservatorio de M\u00fasica Juli\u00e1n Aguirre en Buenos Aires, consaguirre.com. Apasionado por la m\u00fasica y la escritura, me esfuerzo por destacar los talentos y eventos de nuestra prestigiosa instituci\u00f3n. Mi trayectoria se nutre de una profunda admiraci\u00f3n por los artistas, haciendo de cada art\u00edculo una celebraci\u00f3n de la creatividad y la cultura musical.\",\"sameAs\":[\"https:\/\/web.consaguirre.com.ar\/noticias\"]}]}<\/script>\n<!-- \/ Yoast SEO plugin. -->","yoast_head_json":{"title":"My Morning Jacket anuncia el nuevo \u00e1lbum 'es'","robots":{"index":"index","follow":"follow","max-snippet":"max-snippet:-1","max-image-preview":"max-image-preview:large","max-video-preview":"max-video-preview:-1"},"canonical":"https:\/\/web.consaguirre.com.ar\/noticias\/my-morning-jacket-anuncia-el-nuevo-album-es\/","og_locale":"es_ES","og_type":"article","og_title":"My Morning Jacket anuncia el nuevo \u00e1lbum 'es'","og_description":"Mi chaqueta de la ma\u00f1ana he anunciado un nuevo disco titulado Es. El 21 de marzo a trav\u00e9s de ATO, el d\u00e9cimo \u00e1lbum de la","og_url":"https:\/\/web.consaguirre.com.ar\/noticias\/my-morning-jacket-anuncia-el-nuevo-album-es\/","og_site_name":"Conservatorio de M\u00fasica Juli\u00e1n Aguirre","article_published_time":"2025-03-03T21:42:57+00:00","article_modified_time":"2025-03-03T21:42:58+00:00","og_image":[{"width":1280,"height":1280,"url":"https:\/\/web.consaguirre.com.ar\/noticias\/wp-content\/uploads\/2025\/03\/My-Morning-Jacket-anuncia-el-nuevo-album-es.jpg","type":"image\/jpeg"}],"author":"Javier Figueroa","twitter_card":"summary_large_image","twitter_misc":{"Escrito por":"Javier Figueroa","Tiempo de lectura":"2 minutos"},"schema":{"@context":"https:\/\/schema.org","@graph":[{"@type":"Article","@id":"https:\/\/web.consaguirre.com.ar\/noticias\/my-morning-jacket-anuncia-el-nuevo-album-es\/#article","isPartOf":{"@id":"https:\/\/web.consaguirre.com.ar\/noticias\/my-morning-jacket-anuncia-el-nuevo-album-es\/"},"author":{"name":"Javier Figueroa","@id":"https:\/\/web.consaguirre.com.ar\/noticias\/#\/schema\/person\/6558b0cfedee7ddc5425602b237d5722"},"headline":"My Morning Jacket anuncia el nuevo \u00e1lbum &#8216;es&#8217;","datePublished":"2025-03-03T21:42:57+00:00","dateModified":"2025-03-03T21:42:58+00:00","mainEntityOfPage":{"@id":"https:\/\/web.consaguirre.com.ar\/noticias\/my-morning-jacket-anuncia-el-nuevo-album-es\/"},"wordCount":443,"publisher":{"@id":"https:\/\/web.consaguirre.com.ar\/noticias\/#organization"},"image":{"@id":"https:\/\/web.consaguirre.com.ar\/noticias\/my-morning-jacket-anuncia-el-nuevo-album-es\/#primaryimage"},"thumbnailUrl":"https:\/\/web.consaguirre.com.ar\/noticias\/wp-content\/uploads\/2025\/03\/My-Morning-Jacket-anuncia-el-nuevo-album-es.jpg","keywords":["\u00e1lbum","anuncia","Jacket","Morning","nuevo"],"articleSection":["El \u00faltimo"],"inLanguage":"es-AR"},{"@type":"WebPage","@id":"https:\/\/web.consaguirre.com.ar\/noticias\/my-morning-jacket-anuncia-el-nuevo-album-es\/","url":"https:\/\/web.consaguirre.com.ar\/noticias\/my-morning-jacket-anuncia-el-nuevo-album-es\/","name":"My Morning Jacket anuncia el nuevo \u00e1lbum 'es'","isPartOf":{"@id":"https:\/\/web.consaguirre.com.ar\/noticias\/#website"},"primaryImageOfPage":{"@id":"https:\/\/web.consaguirre.com.ar\/noticias\/my-morning-jacket-anuncia-el-nuevo-album-es\/#primaryimage"},"image":{"@id":"https:\/\/web.consaguirre.com.ar\/noticias\/my-morning-jacket-anuncia-el-nuevo-album-es\/#primaryimage"},"thumbnailUrl":"https:\/\/web.consaguirre.com.ar\/noticias\/wp-content\/uploads\/2025\/03\/My-Morning-Jacket-anuncia-el-nuevo-album-es.jpg","datePublished":"2025-03-03T21:42:57+00:00","dateModified":"2025-03-03T21:42:58+00:00","breadcrumb":{"@id":"https:\/\/web.consaguirre.com.ar\/noticias\/my-morning-jacket-anuncia-el-nuevo-album-es\/#breadcrumb"},"inLanguage":"es-AR","potentialAction":[{"@type":"ReadAction","target":["https:\/\/web.consaguirre.com.ar\/noticias\/my-morning-jacket-anuncia-el-nuevo-album-es\/"]}]},{"@type":"ImageObject","inLanguage":"es-AR","@id":"https:\/\/web.consaguirre.com.ar\/noticias\/my-morning-jacket-anuncia-el-nuevo-album-es\/#primaryimage","url":"https:\/\/web.consaguirre.com.ar\/noticias\/wp-content\/uploads\/2025\/03\/My-Morning-Jacket-anuncia-el-nuevo-album-es.jpg","contentUrl":"https:\/\/web.consaguirre.com.ar\/noticias\/wp-content\/uploads\/2025\/03\/My-Morning-Jacket-anuncia-el-nuevo-album-es.jpg","width":1280,"height":1280,"caption":"My Morning Jacket anuncia el nuevo \u00e1lbum 'es'"},{"@type":"BreadcrumbList","@id":"https:\/\/web.consaguirre.com.ar\/noticias\/my-morning-jacket-anuncia-el-nuevo-album-es\/#breadcrumb","itemListElement":[{"@type":"ListItem","position":1,"name":"Inicio","item":"https:\/\/web.consaguirre.com.ar\/noticias\/"},{"@type":"ListItem","position":2,"name":"My Morning Jacket anuncia el nuevo \u00e1lbum &#8216;es&#8217;"}]},{"@type":"WebSite","@id":"https:\/\/web.consaguirre.com.ar\/noticias\/#website","url":"https:\/\/web.consaguirre.com.ar\/noticias\/","name":"Conservatorio de M\u00fasica Juli\u00e1n Aguirre","description":"","publisher":{"@id":"https:\/\/web.consaguirre.com.ar\/noticias\/#organization"},"potentialAction":[{"@type":"SearchAction","target":{"@type":"EntryPoint","urlTemplate":"https:\/\/web.consaguirre.com.ar\/noticias\/?s={search_term_string}"},"query-input":"required name=search_term_string"}],"inLanguage":"es-AR"},{"@type":"Organization","@id":"https:\/\/web.consaguirre.com.ar\/noticias\/#organization","name":"Conservatorio de M\u00fasica Juli\u00e1n Aguirre","url":"https:\/\/web.consaguirre.com.ar\/noticias\/","logo":{"@type":"ImageObject","inLanguage":"es-AR","@id":"https:\/\/web.consaguirre.com.ar\/noticias\/#\/schema\/logo\/image\/","url":"https:\/\/web.consaguirre.com.ar\/noticias\/wp-content\/uploads\/2024\/08\/Banner-Aguirre-23.jpg","contentUrl":"https:\/\/web.consaguirre.com.ar\/noticias\/wp-content\/uploads\/2024\/08\/Banner-Aguirre-23.jpg","width":1192,"height":600,"caption":"Conservatorio de M\u00fasica Juli\u00e1n Aguirre"},"image":{"@id":"https:\/\/web.consaguirre.com.ar\/noticias\/#\/schema\/logo\/image\/"}},{"@type":"Person","@id":"https:\/\/web.consaguirre.com.ar\/noticias\/#\/schema\/person\/6558b0cfedee7ddc5425602b237d5722","name":"Javier Figueroa","image":{"@type":"ImageObject","inLanguage":"es-AR","@id":"https:\/\/web.consaguirre.com.ar\/noticias\/#\/schema\/person\/image\/","url":"https:\/\/web.consaguirre.com.ar\/noticias\/wp-content\/uploads\/2024\/08\/Consaguirre-scaled.jpg","contentUrl":"https:\/\/web.consaguirre.com.ar\/noticias\/wp-content\/uploads\/2024\/08\/Consaguirre-scaled.jpg","caption":"Javier Figueroa"},"description":"Me llamo Javier Figueroa y soy redactor para el sitio oficial del Conservatorio de M\u00fasica Juli\u00e1n Aguirre en Buenos Aires, consaguirre.com. Apasionado por la m\u00fasica y la escritura, me esfuerzo por destacar los talentos y eventos de nuestra prestigiosa instituci\u00f3n. Mi trayectoria se nutre de una profunda admiraci\u00f3n por los artistas, haciendo de cada art\u00edculo una celebraci\u00f3n de la creatividad y la cultura musical.","sameAs":["https:\/\/web.consaguirre.com.ar\/noticias"]}]}},"_links":{"self":[{"href":"https:\/\/web.consaguirre.com.ar\/noticias\/wp-json\/wp\/v2\/posts\/2022"}],"collection":[{"href":"https:\/\/web.consaguirre.com.ar\/noticias\/wp-json\/wp\/v2\/posts"}],"about":[{"href":"https:\/\/web.consaguirre.com.ar\/noticias\/wp-json\/wp\/v2\/types\/post"}],"author":[{"embeddable":true,"href":"https:\/\/web.consaguirre.com.ar\/noticias\/wp-json\/wp\/v2\/users\/1"}],"replies":[{"embeddable":true,"href":"https:\/\/web.consaguirre.com.ar\/noticias\/wp-json\/wp\/v2\/comments?post=2022"}],"version-history":[{"count":1,"href":"https:\/\/web.consaguirre.com.ar\/noticias\/wp-json\/wp\/v2\/posts\/2022\/revisions"}],"predecessor-version":[{"id":2024,"href":"https:\/\/web.consaguirre.com.ar\/noticias\/wp-json\/wp\/v2\/posts\/2022\/revisions\/2024"}],"wp:featuredmedia":[{"embeddable":true,"href":"https:\/\/web.consaguirre.com.ar\/noticias\/wp-json\/wp\/v2\/media\/2023"}],"wp:attachment":[{"href":"https:\/\/web.consaguirre.com.ar\/noticias\/wp-json\/wp\/v2\/media?parent=2022"}],"wp:term":[{"taxonomy":"category","embeddable":true,"href":"https:\/\/web.consaguirre.com.ar\/noticias\/wp-json\/wp\/v2\/categories?post=2022"},{"taxonomy":"post_tag","embeddable":true,"href":"https:\/\/web.consaguirre.com.ar\/noticias\/wp-json\/wp\/v2\/tags?post=2022"}],"curies":[{"name":"wp","href":"https:\/\/api.w.org\/{rel}","templated":true}]}}