{"id":2013,"date":"2025-02-28T22:39:24","date_gmt":"2025-03-01T01:39:24","guid":{"rendered":"https:\/\/web.consaguirre.com.ar\/noticias\/marvin-gaye-live-celebra-el-50-aniversario-con-reedicion-digital-de-lujo\/"},"modified":"2025-02-28T22:39:25","modified_gmt":"2025-03-01T01:39:25","slug":"marvin-gaye-live-celebra-el-50-aniversario-con-reedicion-digital-de-lujo","status":"publish","type":"post","link":"https:\/\/web.consaguirre.com.ar\/noticias\/marvin-gaye-live-celebra-el-50-aniversario-con-reedicion-digital-de-lujo\/","title":{"rendered":"\u00a1Marvin Gaye Live! Celebra el 50 aniversario con reedici\u00f3n digital de lujo"},"content":{"rendered":"<p><em>Marvin Gaye Live!<\/em>un \u00e1lbum de 1974 de <strong>Marvin Gaye<\/strong>se est\u00e1 volviendo a emitir. Se ha anunciado una nueva edici\u00f3n digital de lujo del \u00e1lbum, reuniendo la actuaci\u00f3n completa del programa de Oakland de Gaye por primera vez. Se lanzar\u00e1 el 28 de marzo. El Digital Deluxe incluye cuatro pistas raras: &#8220;Flying High (en The Friendly Sky)&#8221;, &#8220;Mercy Mercy Me (The Ecology)&#8221;, &#8220;Ven a llegar a esto&#8221; y &#8220;Sigue meti\u00e9ndolo&#8221;. Adem\u00e1s del Digital Deluxe, la presentaci\u00f3n de audio est\u00e1ndar de la versi\u00f3n original de 9 pistas tambi\u00e9n aterrizar\u00e1 en plataformas digitales por primera vez. Ambas versiones est\u00e1n recientemente remasterizadas estar\u00e1n disponibles en Dolby\u00ae Atmos.<\/p>\n<p><strong><em>Vamos a conseguirlo<\/em><\/strong>lanzado en 1973, fue el \u00e1lbum m\u00e1s vendido de Gaye, y uno de los m\u00e1s vendidos en la historia de Motown. En enero de 1974, entreg\u00f3 su primer show en vivo adecuado en a\u00f1os. Afortunadamente, todo fue grabado. La actuaci\u00f3n resultante se lanz\u00f3 en junio de ese a\u00f1o, y r\u00e1pidamente fue al #1 en la lista de \u00e1lbumes Soul\/R&#038;B, ayudado en parte por la incre\u00edble interpretaci\u00f3n de Gaye de &#8220;Distant Lover&#8221;, que luego fue nominada para un Grammy.<\/p>\n<p>El \u00e9xito del programa no fue asegurado. Como la leyenda tiene, el concierto de Oakland Coliseum fue planeado extremadamente r\u00e1pido. (El cantante se hab\u00eda comprometido a una fecha temprana, pero se resisti\u00f3, y la fecha reprogramada no dej\u00f3 mucho tiempo para prepararse). <em>Piedra rodante<\/em> inform\u00f3 una escena ca\u00f3tica detr\u00e1s del escenario en el evento, con una orquesta que nunca hab\u00eda ensayado en la habitaci\u00f3n y un escenario que ni siquiera se hab\u00eda construido hasta una o dos horas antes de la actuaci\u00f3n. Sin embargo, cuando Gaye finalmente subi\u00f3 al escenario, toda duda se desvaneci\u00f3. &#8220;El regreso de Marvin Gaye no fue un concierto, fue un evento&#8221;, escribi\u00f3 un cr\u00edtico en el San Francisco Chronicle, &#8220;una reuni\u00f3n de Black Pride y Stargazers&#8221;. Esa noche en el Coliseo, conservado en <em>Marvin Gaye Live!<\/em> y es una discusi\u00f3n tan buena como cualquiera de los talentos musicales singulares de Gaye.<\/p>\n<p><strong>Ordene la versi\u00f3n digital de lujo de <em>Marvin Gaye Live!<\/em> ahora.<\/strong><\/p>\n","protected":false},"excerpt":{"rendered":"<p>Marvin Gaye Live!un \u00e1lbum de 1974 de Marvin Gayese est\u00e1 volviendo a emitir. Se ha anunciado una nueva edici\u00f3n digital de lujo del \u00e1lbum, reuniendo<\/p>\n","protected":false},"author":1,"featured_media":2014,"comment_status":"closed","ping_status":"","sticky":false,"template":"","format":"standard","meta":{"footnotes":""},"categories":[50],"tags":[98,114,32,2004,1338,126,298,1337,117],"class_list":["post-2013","post","type-post","status-publish","format-standard","has-post-thumbnail","hentry","category-el-ultimo","tag-aniversario","tag-celebra","tag-con","tag-digital","tag-gaye","tag-live","tag-lujo","tag-marvin","tag-reedicion","generate-columns","tablet-grid-50","mobile-grid-100","grid-parent","grid-50"],"yoast_head":"<!-- This site is optimized with the Yoast SEO plugin v23.3 - https:\/\/yoast.com\/wordpress\/plugins\/seo\/ -->\n<title>\u00a1Marvin Gaye Live! Celebra el 50 aniversario con reedici\u00f3n digital de lujo<\/title>\n<meta name=\"robots\" content=\"index, follow, max-snippet:-1, max-image-preview:large, max-video-preview:-1\" \/>\n<link rel=\"canonical\" href=\"https:\/\/web.consaguirre.com.ar\/noticias\/marvin-gaye-live-celebra-el-50-aniversario-con-reedicion-digital-de-lujo\/\" \/>\n<meta property=\"og:locale\" content=\"es_ES\" \/>\n<meta property=\"og:type\" content=\"article\" \/>\n<meta property=\"og:title\" content=\"\u00a1Marvin Gaye Live! Celebra el 50 aniversario con reedici\u00f3n digital de lujo\" \/>\n<meta property=\"og:description\" content=\"Marvin Gaye Live!un \u00e1lbum de 1974 de Marvin Gayese est\u00e1 volviendo a emitir. Se ha anunciado una nueva edici\u00f3n digital de lujo del \u00e1lbum, reuniendo\" \/>\n<meta property=\"og:url\" content=\"https:\/\/web.consaguirre.com.ar\/noticias\/marvin-gaye-live-celebra-el-50-aniversario-con-reedicion-digital-de-lujo\/\" \/>\n<meta property=\"og:site_name\" content=\"Conservatorio de M\u00fasica Juli\u00e1n Aguirre\" \/>\n<meta property=\"article:published_time\" content=\"2025-03-01T01:39:24+00:00\" \/>\n<meta property=\"article:modified_time\" content=\"2025-03-01T01:39:25+00:00\" \/>\n<meta property=\"og:image\" content=\"https:\/\/web.consaguirre.com.ar\/noticias\/wp-content\/uploads\/2025\/02\/\u00a1Marvin-Gaye-Live-Celebra-el-50-aniversario-con-reedicion-digital.jpg\" \/>\n\t<meta property=\"og:image:width\" content=\"1280\" \/>\n\t<meta property=\"og:image:height\" content=\"1280\" \/>\n\t<meta property=\"og:image:type\" content=\"image\/jpeg\" \/>\n<meta name=\"author\" content=\"Javier Figueroa\" \/>\n<meta name=\"twitter:card\" content=\"summary_large_image\" \/>\n<meta name=\"twitter:label1\" content=\"Escrito por\" \/>\n\t<meta name=\"twitter:data1\" content=\"Javier Figueroa\" \/>\n\t<meta name=\"twitter:label2\" content=\"Tiempo de lectura\" \/>\n\t<meta name=\"twitter:data2\" content=\"2 minutos\" \/>\n<script type=\"application\/ld+json\" class=\"yoast-schema-graph\">{\"@context\":\"https:\/\/schema.org\",\"@graph\":[{\"@type\":\"Article\",\"@id\":\"https:\/\/web.consaguirre.com.ar\/noticias\/marvin-gaye-live-celebra-el-50-aniversario-con-reedicion-digital-de-lujo\/#article\",\"isPartOf\":{\"@id\":\"https:\/\/web.consaguirre.com.ar\/noticias\/marvin-gaye-live-celebra-el-50-aniversario-con-reedicion-digital-de-lujo\/\"},\"author\":{\"name\":\"Javier Figueroa\",\"@id\":\"https:\/\/web.consaguirre.com.ar\/noticias\/#\/schema\/person\/6558b0cfedee7ddc5425602b237d5722\"},\"headline\":\"\u00a1Marvin Gaye Live! Celebra el 50 aniversario con reedici\u00f3n digital de lujo\",\"datePublished\":\"2025-03-01T01:39:24+00:00\",\"dateModified\":\"2025-03-01T01:39:25+00:00\",\"mainEntityOfPage\":{\"@id\":\"https:\/\/web.consaguirre.com.ar\/noticias\/marvin-gaye-live-celebra-el-50-aniversario-con-reedicion-digital-de-lujo\/\"},\"wordCount\":380,\"publisher\":{\"@id\":\"https:\/\/web.consaguirre.com.ar\/noticias\/#organization\"},\"image\":{\"@id\":\"https:\/\/web.consaguirre.com.ar\/noticias\/marvin-gaye-live-celebra-el-50-aniversario-con-reedicion-digital-de-lujo\/#primaryimage\"},\"thumbnailUrl\":\"https:\/\/web.consaguirre.com.ar\/noticias\/wp-content\/uploads\/2025\/02\/\u00a1Marvin-Gaye-Live-Celebra-el-50-aniversario-con-reedicion-digital.jpg\",\"keywords\":[\"aniversario\",\"celebra\",\"con\",\"digital\",\"Gaye\",\"Live\",\"lujo\",\"Marvin\",\"reedici\u00f3n\"],\"articleSection\":[\"El \u00faltimo\"],\"inLanguage\":\"es-AR\"},{\"@type\":\"WebPage\",\"@id\":\"https:\/\/web.consaguirre.com.ar\/noticias\/marvin-gaye-live-celebra-el-50-aniversario-con-reedicion-digital-de-lujo\/\",\"url\":\"https:\/\/web.consaguirre.com.ar\/noticias\/marvin-gaye-live-celebra-el-50-aniversario-con-reedicion-digital-de-lujo\/\",\"name\":\"\u00a1Marvin Gaye Live! Celebra el 50 aniversario con reedici\u00f3n digital de lujo\",\"isPartOf\":{\"@id\":\"https:\/\/web.consaguirre.com.ar\/noticias\/#website\"},\"primaryImageOfPage\":{\"@id\":\"https:\/\/web.consaguirre.com.ar\/noticias\/marvin-gaye-live-celebra-el-50-aniversario-con-reedicion-digital-de-lujo\/#primaryimage\"},\"image\":{\"@id\":\"https:\/\/web.consaguirre.com.ar\/noticias\/marvin-gaye-live-celebra-el-50-aniversario-con-reedicion-digital-de-lujo\/#primaryimage\"},\"thumbnailUrl\":\"https:\/\/web.consaguirre.com.ar\/noticias\/wp-content\/uploads\/2025\/02\/\u00a1Marvin-Gaye-Live-Celebra-el-50-aniversario-con-reedicion-digital.jpg\",\"datePublished\":\"2025-03-01T01:39:24+00:00\",\"dateModified\":\"2025-03-01T01:39:25+00:00\",\"breadcrumb\":{\"@id\":\"https:\/\/web.consaguirre.com.ar\/noticias\/marvin-gaye-live-celebra-el-50-aniversario-con-reedicion-digital-de-lujo\/#breadcrumb\"},\"inLanguage\":\"es-AR\",\"potentialAction\":[{\"@type\":\"ReadAction\",\"target\":[\"https:\/\/web.consaguirre.com.ar\/noticias\/marvin-gaye-live-celebra-el-50-aniversario-con-reedicion-digital-de-lujo\/\"]}]},{\"@type\":\"ImageObject\",\"inLanguage\":\"es-AR\",\"@id\":\"https:\/\/web.consaguirre.com.ar\/noticias\/marvin-gaye-live-celebra-el-50-aniversario-con-reedicion-digital-de-lujo\/#primaryimage\",\"url\":\"https:\/\/web.consaguirre.com.ar\/noticias\/wp-content\/uploads\/2025\/02\/\u00a1Marvin-Gaye-Live-Celebra-el-50-aniversario-con-reedicion-digital.jpg\",\"contentUrl\":\"https:\/\/web.consaguirre.com.ar\/noticias\/wp-content\/uploads\/2025\/02\/\u00a1Marvin-Gaye-Live-Celebra-el-50-aniversario-con-reedicion-digital.jpg\",\"width\":1280,\"height\":1280,\"caption\":\"\u00a1Marvin Gaye Live! Celebra el 50 aniversario con reedici\u00f3n digital de lujo\"},{\"@type\":\"BreadcrumbList\",\"@id\":\"https:\/\/web.consaguirre.com.ar\/noticias\/marvin-gaye-live-celebra-el-50-aniversario-con-reedicion-digital-de-lujo\/#breadcrumb\",\"itemListElement\":[{\"@type\":\"ListItem\",\"position\":1,\"name\":\"Inicio\",\"item\":\"https:\/\/web.consaguirre.com.ar\/noticias\/\"},{\"@type\":\"ListItem\",\"position\":2,\"name\":\"\u00a1Marvin Gaye Live! Celebra el 50 aniversario con reedici\u00f3n digital de lujo\"}]},{\"@type\":\"WebSite\",\"@id\":\"https:\/\/web.consaguirre.com.ar\/noticias\/#website\",\"url\":\"https:\/\/web.consaguirre.com.ar\/noticias\/\",\"name\":\"Conservatorio de M\u00fasica Juli\u00e1n Aguirre\",\"description\":\"\",\"publisher\":{\"@id\":\"https:\/\/web.consaguirre.com.ar\/noticias\/#organization\"},\"potentialAction\":[{\"@type\":\"SearchAction\",\"target\":{\"@type\":\"EntryPoint\",\"urlTemplate\":\"https:\/\/web.consaguirre.com.ar\/noticias\/?s={search_term_string}\"},\"query-input\":\"required name=search_term_string\"}],\"inLanguage\":\"es-AR\"},{\"@type\":\"Organization\",\"@id\":\"https:\/\/web.consaguirre.com.ar\/noticias\/#organization\",\"name\":\"Conservatorio de M\u00fasica Juli\u00e1n Aguirre\",\"url\":\"https:\/\/web.consaguirre.com.ar\/noticias\/\",\"logo\":{\"@type\":\"ImageObject\",\"inLanguage\":\"es-AR\",\"@id\":\"https:\/\/web.consaguirre.com.ar\/noticias\/#\/schema\/logo\/image\/\",\"url\":\"https:\/\/web.consaguirre.com.ar\/noticias\/wp-content\/uploads\/2024\/08\/Banner-Aguirre-23.jpg\",\"contentUrl\":\"https:\/\/web.consaguirre.com.ar\/noticias\/wp-content\/uploads\/2024\/08\/Banner-Aguirre-23.jpg\",\"width\":1192,\"height\":600,\"caption\":\"Conservatorio de M\u00fasica Juli\u00e1n Aguirre\"},\"image\":{\"@id\":\"https:\/\/web.consaguirre.com.ar\/noticias\/#\/schema\/logo\/image\/\"}},{\"@type\":\"Person\",\"@id\":\"https:\/\/web.consaguirre.com.ar\/noticias\/#\/schema\/person\/6558b0cfedee7ddc5425602b237d5722\",\"name\":\"Javier Figueroa\",\"image\":{\"@type\":\"ImageObject\",\"inLanguage\":\"es-AR\",\"@id\":\"https:\/\/web.consaguirre.com.ar\/noticias\/#\/schema\/person\/image\/\",\"url\":\"https:\/\/web.consaguirre.com.ar\/noticias\/wp-content\/uploads\/2024\/08\/Consaguirre-scaled.jpg\",\"contentUrl\":\"https:\/\/web.consaguirre.com.ar\/noticias\/wp-content\/uploads\/2024\/08\/Consaguirre-scaled.jpg\",\"caption\":\"Javier Figueroa\"},\"description\":\"Me llamo Javier Figueroa y soy redactor para el sitio oficial del Conservatorio de M\u00fasica Juli\u00e1n Aguirre en Buenos Aires, consaguirre.com. Apasionado por la m\u00fasica y la escritura, me esfuerzo por destacar los talentos y eventos de nuestra prestigiosa instituci\u00f3n. Mi trayectoria se nutre de una profunda admiraci\u00f3n por los artistas, haciendo de cada art\u00edculo una celebraci\u00f3n de la creatividad y la cultura musical.\",\"sameAs\":[\"https:\/\/web.consaguirre.com.ar\/noticias\"]}]}<\/script>\n<!-- \/ Yoast SEO plugin. -->","yoast_head_json":{"title":"\u00a1Marvin Gaye Live! Celebra el 50 aniversario con reedici\u00f3n digital de lujo","robots":{"index":"index","follow":"follow","max-snippet":"max-snippet:-1","max-image-preview":"max-image-preview:large","max-video-preview":"max-video-preview:-1"},"canonical":"https:\/\/web.consaguirre.com.ar\/noticias\/marvin-gaye-live-celebra-el-50-aniversario-con-reedicion-digital-de-lujo\/","og_locale":"es_ES","og_type":"article","og_title":"\u00a1Marvin Gaye Live! Celebra el 50 aniversario con reedici\u00f3n digital de lujo","og_description":"Marvin Gaye Live!un \u00e1lbum de 1974 de Marvin Gayese est\u00e1 volviendo a emitir. Se ha anunciado una nueva edici\u00f3n digital de lujo del \u00e1lbum, reuniendo","og_url":"https:\/\/web.consaguirre.com.ar\/noticias\/marvin-gaye-live-celebra-el-50-aniversario-con-reedicion-digital-de-lujo\/","og_site_name":"Conservatorio de M\u00fasica Juli\u00e1n Aguirre","article_published_time":"2025-03-01T01:39:24+00:00","article_modified_time":"2025-03-01T01:39:25+00:00","og_image":[{"width":1280,"height":1280,"url":"https:\/\/web.consaguirre.com.ar\/noticias\/wp-content\/uploads\/2025\/02\/\u00a1Marvin-Gaye-Live-Celebra-el-50-aniversario-con-reedicion-digital.jpg","type":"image\/jpeg"}],"author":"Javier Figueroa","twitter_card":"summary_large_image","twitter_misc":{"Escrito por":"Javier Figueroa","Tiempo de lectura":"2 minutos"},"schema":{"@context":"https:\/\/schema.org","@graph":[{"@type":"Article","@id":"https:\/\/web.consaguirre.com.ar\/noticias\/marvin-gaye-live-celebra-el-50-aniversario-con-reedicion-digital-de-lujo\/#article","isPartOf":{"@id":"https:\/\/web.consaguirre.com.ar\/noticias\/marvin-gaye-live-celebra-el-50-aniversario-con-reedicion-digital-de-lujo\/"},"author":{"name":"Javier Figueroa","@id":"https:\/\/web.consaguirre.com.ar\/noticias\/#\/schema\/person\/6558b0cfedee7ddc5425602b237d5722"},"headline":"\u00a1Marvin Gaye Live! Celebra el 50 aniversario con reedici\u00f3n digital de lujo","datePublished":"2025-03-01T01:39:24+00:00","dateModified":"2025-03-01T01:39:25+00:00","mainEntityOfPage":{"@id":"https:\/\/web.consaguirre.com.ar\/noticias\/marvin-gaye-live-celebra-el-50-aniversario-con-reedicion-digital-de-lujo\/"},"wordCount":380,"publisher":{"@id":"https:\/\/web.consaguirre.com.ar\/noticias\/#organization"},"image":{"@id":"https:\/\/web.consaguirre.com.ar\/noticias\/marvin-gaye-live-celebra-el-50-aniversario-con-reedicion-digital-de-lujo\/#primaryimage"},"thumbnailUrl":"https:\/\/web.consaguirre.com.ar\/noticias\/wp-content\/uploads\/2025\/02\/\u00a1Marvin-Gaye-Live-Celebra-el-50-aniversario-con-reedicion-digital.jpg","keywords":["aniversario","celebra","con","digital","Gaye","Live","lujo","Marvin","reedici\u00f3n"],"articleSection":["El \u00faltimo"],"inLanguage":"es-AR"},{"@type":"WebPage","@id":"https:\/\/web.consaguirre.com.ar\/noticias\/marvin-gaye-live-celebra-el-50-aniversario-con-reedicion-digital-de-lujo\/","url":"https:\/\/web.consaguirre.com.ar\/noticias\/marvin-gaye-live-celebra-el-50-aniversario-con-reedicion-digital-de-lujo\/","name":"\u00a1Marvin Gaye Live! Celebra el 50 aniversario con reedici\u00f3n digital de lujo","isPartOf":{"@id":"https:\/\/web.consaguirre.com.ar\/noticias\/#website"},"primaryImageOfPage":{"@id":"https:\/\/web.consaguirre.com.ar\/noticias\/marvin-gaye-live-celebra-el-50-aniversario-con-reedicion-digital-de-lujo\/#primaryimage"},"image":{"@id":"https:\/\/web.consaguirre.com.ar\/noticias\/marvin-gaye-live-celebra-el-50-aniversario-con-reedicion-digital-de-lujo\/#primaryimage"},"thumbnailUrl":"https:\/\/web.consaguirre.com.ar\/noticias\/wp-content\/uploads\/2025\/02\/\u00a1Marvin-Gaye-Live-Celebra-el-50-aniversario-con-reedicion-digital.jpg","datePublished":"2025-03-01T01:39:24+00:00","dateModified":"2025-03-01T01:39:25+00:00","breadcrumb":{"@id":"https:\/\/web.consaguirre.com.ar\/noticias\/marvin-gaye-live-celebra-el-50-aniversario-con-reedicion-digital-de-lujo\/#breadcrumb"},"inLanguage":"es-AR","potentialAction":[{"@type":"ReadAction","target":["https:\/\/web.consaguirre.com.ar\/noticias\/marvin-gaye-live-celebra-el-50-aniversario-con-reedicion-digital-de-lujo\/"]}]},{"@type":"ImageObject","inLanguage":"es-AR","@id":"https:\/\/web.consaguirre.com.ar\/noticias\/marvin-gaye-live-celebra-el-50-aniversario-con-reedicion-digital-de-lujo\/#primaryimage","url":"https:\/\/web.consaguirre.com.ar\/noticias\/wp-content\/uploads\/2025\/02\/\u00a1Marvin-Gaye-Live-Celebra-el-50-aniversario-con-reedicion-digital.jpg","contentUrl":"https:\/\/web.consaguirre.com.ar\/noticias\/wp-content\/uploads\/2025\/02\/\u00a1Marvin-Gaye-Live-Celebra-el-50-aniversario-con-reedicion-digital.jpg","width":1280,"height":1280,"caption":"\u00a1Marvin Gaye Live! Celebra el 50 aniversario con reedici\u00f3n digital de lujo"},{"@type":"BreadcrumbList","@id":"https:\/\/web.consaguirre.com.ar\/noticias\/marvin-gaye-live-celebra-el-50-aniversario-con-reedicion-digital-de-lujo\/#breadcrumb","itemListElement":[{"@type":"ListItem","position":1,"name":"Inicio","item":"https:\/\/web.consaguirre.com.ar\/noticias\/"},{"@type":"ListItem","position":2,"name":"\u00a1Marvin Gaye Live! Celebra el 50 aniversario con reedici\u00f3n digital de lujo"}]},{"@type":"WebSite","@id":"https:\/\/web.consaguirre.com.ar\/noticias\/#website","url":"https:\/\/web.consaguirre.com.ar\/noticias\/","name":"Conservatorio de M\u00fasica Juli\u00e1n Aguirre","description":"","publisher":{"@id":"https:\/\/web.consaguirre.com.ar\/noticias\/#organization"},"potentialAction":[{"@type":"SearchAction","target":{"@type":"EntryPoint","urlTemplate":"https:\/\/web.consaguirre.com.ar\/noticias\/?s={search_term_string}"},"query-input":"required name=search_term_string"}],"inLanguage":"es-AR"},{"@type":"Organization","@id":"https:\/\/web.consaguirre.com.ar\/noticias\/#organization","name":"Conservatorio de M\u00fasica Juli\u00e1n Aguirre","url":"https:\/\/web.consaguirre.com.ar\/noticias\/","logo":{"@type":"ImageObject","inLanguage":"es-AR","@id":"https:\/\/web.consaguirre.com.ar\/noticias\/#\/schema\/logo\/image\/","url":"https:\/\/web.consaguirre.com.ar\/noticias\/wp-content\/uploads\/2024\/08\/Banner-Aguirre-23.jpg","contentUrl":"https:\/\/web.consaguirre.com.ar\/noticias\/wp-content\/uploads\/2024\/08\/Banner-Aguirre-23.jpg","width":1192,"height":600,"caption":"Conservatorio de M\u00fasica Juli\u00e1n Aguirre"},"image":{"@id":"https:\/\/web.consaguirre.com.ar\/noticias\/#\/schema\/logo\/image\/"}},{"@type":"Person","@id":"https:\/\/web.consaguirre.com.ar\/noticias\/#\/schema\/person\/6558b0cfedee7ddc5425602b237d5722","name":"Javier Figueroa","image":{"@type":"ImageObject","inLanguage":"es-AR","@id":"https:\/\/web.consaguirre.com.ar\/noticias\/#\/schema\/person\/image\/","url":"https:\/\/web.consaguirre.com.ar\/noticias\/wp-content\/uploads\/2024\/08\/Consaguirre-scaled.jpg","contentUrl":"https:\/\/web.consaguirre.com.ar\/noticias\/wp-content\/uploads\/2024\/08\/Consaguirre-scaled.jpg","caption":"Javier Figueroa"},"description":"Me llamo Javier Figueroa y soy redactor para el sitio oficial del Conservatorio de M\u00fasica Juli\u00e1n Aguirre en Buenos Aires, consaguirre.com. Apasionado por la m\u00fasica y la escritura, me esfuerzo por destacar los talentos y eventos de nuestra prestigiosa instituci\u00f3n. Mi trayectoria se nutre de una profunda admiraci\u00f3n por los artistas, haciendo de cada art\u00edculo una celebraci\u00f3n de la creatividad y la cultura musical.","sameAs":["https:\/\/web.consaguirre.com.ar\/noticias"]}]}},"_links":{"self":[{"href":"https:\/\/web.consaguirre.com.ar\/noticias\/wp-json\/wp\/v2\/posts\/2013"}],"collection":[{"href":"https:\/\/web.consaguirre.com.ar\/noticias\/wp-json\/wp\/v2\/posts"}],"about":[{"href":"https:\/\/web.consaguirre.com.ar\/noticias\/wp-json\/wp\/v2\/types\/post"}],"author":[{"embeddable":true,"href":"https:\/\/web.consaguirre.com.ar\/noticias\/wp-json\/wp\/v2\/users\/1"}],"replies":[{"embeddable":true,"href":"https:\/\/web.consaguirre.com.ar\/noticias\/wp-json\/wp\/v2\/comments?post=2013"}],"version-history":[{"count":1,"href":"https:\/\/web.consaguirre.com.ar\/noticias\/wp-json\/wp\/v2\/posts\/2013\/revisions"}],"predecessor-version":[{"id":2015,"href":"https:\/\/web.consaguirre.com.ar\/noticias\/wp-json\/wp\/v2\/posts\/2013\/revisions\/2015"}],"wp:featuredmedia":[{"embeddable":true,"href":"https:\/\/web.consaguirre.com.ar\/noticias\/wp-json\/wp\/v2\/media\/2014"}],"wp:attachment":[{"href":"https:\/\/web.consaguirre.com.ar\/noticias\/wp-json\/wp\/v2\/media?parent=2013"}],"wp:term":[{"taxonomy":"category","embeddable":true,"href":"https:\/\/web.consaguirre.com.ar\/noticias\/wp-json\/wp\/v2\/categories?post=2013"},{"taxonomy":"post_tag","embeddable":true,"href":"https:\/\/web.consaguirre.com.ar\/noticias\/wp-json\/wp\/v2\/tags?post=2013"}],"curies":[{"name":"wp","href":"https:\/\/api.w.org\/{rel}","templated":true}]}}