{"id":2010,"date":"2025-02-28T19:39:04","date_gmt":"2025-02-28T22:39:04","guid":{"rendered":"https:\/\/web.consaguirre.com.ar\/noticias\/groovin-blue-de-curtis-amy-y-frank-butler-recibe-el-lanzamiento-de-vinilo\/"},"modified":"2025-02-28T19:39:06","modified_gmt":"2025-02-28T22:39:06","slug":"groovin-blue-de-curtis-amy-y-frank-butler-recibe-el-lanzamiento-de-vinilo","status":"publish","type":"post","link":"https:\/\/web.consaguirre.com.ar\/noticias\/groovin-blue-de-curtis-amy-y-frank-butler-recibe-el-lanzamiento-de-vinilo\/","title":{"rendered":"&#8216;Groovin&#8217; Blue &#8216;de Curtis Amy y Frank Butler recibe el lanzamiento de vinilo"},"content":{"rendered":"<p>Un disco clave de la producci\u00f3n de la era de la d\u00e9cada de 1960 de Pacific Jazz, el saxofonista Curtis Amy y el baterista Frank Butler&#8217;s <em>Azul<\/em>recibe un lanzamiento especial de vinilo el pr\u00f3ximo mes.<\/p>\n<p>El 7 de marzo, el \u00e1lbum se unir\u00e1 oficialmente a la serie Tone Poet Audiophile Vinyl Reiss, una colaboraci\u00f3n entre Blue Note Records y Ume. La creaci\u00f3n del presidente de Blue Note Don fue, cada reedici\u00f3n de la serie es comisariada y supervisada por Joe Harley, tambi\u00e9n conocida como el &#8220;Poeta Tone&#8221;, y dominado por Kevin Gray. Desde 2007, el d\u00fao ha colaborado en m\u00e1s de 100 reediciones de Blue Note, incluidas adiciones recientes a la serie como el disco de Hank Mobley&#8217;s 1967 <em>Tercera temporada<\/em>y el esfuerzo de Amy de 1963 con el trompetero Dupree Bolton, <em>Katanga<\/em>.<\/p>\n<p>Grabado entre 1960 y 1961, <em>Azul<\/em> Marc\u00f3 el segundo lanzamiento de Amy, nacido en Texas, con sede en LA, en Pacific Jazz, con el que firm\u00f3 en 1960. El <em>Azul<\/em> Las sesiones tambi\u00e9n cuentan con algunas de las primeras grabaciones conocidas de vibrafonista y jugador de marimba <strong>Bobby Hutcherson<\/strong>que solo ten\u00eda 19 a\u00f1os en ese momento e influy\u00f3 en personas como Steve Nelson, Joe Locke y Stefon Harris. Completando a los instrumentistas que aparecen en el LP de seis canciones est\u00e1n el pianista Frank Strazzeri, el bajista Jimmy Bond y el trompetista Carmell Jones, quien hizo su debut grabado en <em>Azul<\/em>.<\/p>\n<p>Los aspectos m\u00e1s destacados en la lista de canciones incluyen el abridor &#8220;Gone In It&#8221;, la canci\u00f3n principal y la balada escrita de Hutcherson &#8220;Beautiful You&#8221;. Gray domin\u00f3 la nueva edici\u00f3n de <em>Azul<\/em> Desactivados de cintas anal\u00f3gicas originales: se ha presionado en el vinilo 180G por Record Technology Inc.<\/p>\n<p>En una entrevista de 2023 con <em>\u00a1Soundstage!<\/em>Harley comparti\u00f3 que parte de su objetivo en la creaci\u00f3n de la serie Tone Poet era dar a los oyentes la experiencia de escuchar a algunos de los mejores m\u00fasicos de la historia trabajar en tiempo real. Parte de ese trabajo implica confiar \u00fanicamente en las cintas maestras, de la misma manera que Blue Note y Pacitic Jazz hicieron en su mejor momento.<\/p>\n<p>&#8220;En el caso de Blue Note y Pacific Jazz Sesions de los a\u00f1os 50 y hasta mediados a fines de los a\u00f1os 60, todas se grabaron en vivo directamente a Mono, o m\u00e1s tarde, a un est\u00e9reo de dos pistas&#8221;, explic\u00f3. \u201cLa mezcla ocurri\u00f3 mientras los m\u00fasicos estaban tocando. No hab\u00eda &#8216;arreglarlo en la mezcla&#8217;. Solo hay una cinta maestra, esa es la mezcla. Y eso es lo que usamos &#8220;.<\/p>\n<p><strong>Ordene Curtis Amy y Frank Butler&#8217;s <em>Azul<\/em> ahora.<\/strong><\/p>\n","protected":false},"excerpt":{"rendered":"<p>Un disco clave de la producci\u00f3n de la era de la d\u00e9cada de 1960 de Pacific Jazz, el saxofonista Curtis Amy y el baterista Frank<\/p>\n","protected":false},"author":1,"featured_media":2011,"comment_status":"closed","ping_status":"","sticky":false,"template":"","format":"standard","meta":{"footnotes":""},"categories":[50],"tags":[51,498,1951,2006,72,2005,237,177,87],"class_list":["post-2010","post","type-post","status-publish","format-standard","has-post-thumbnail","hentry","category-el-ultimo","tag-amy","tag-blue","tag-butler","tag-curtis","tag-frank","tag-groovin","tag-lanzamiento","tag-recibe","tag-vinilo","generate-columns","tablet-grid-50","mobile-grid-100","grid-parent","grid-50"],"yoast_head":"<!-- This site is optimized with the Yoast SEO plugin v23.3 - https:\/\/yoast.com\/wordpress\/plugins\/seo\/ -->\n<title>&#039;Groovin&#039; Blue &#039;de Curtis Amy y Frank Butler recibe el lanzamiento de vinilo<\/title>\n<meta name=\"robots\" content=\"index, follow, max-snippet:-1, max-image-preview:large, max-video-preview:-1\" \/>\n<link rel=\"canonical\" href=\"https:\/\/web.consaguirre.com.ar\/noticias\/groovin-blue-de-curtis-amy-y-frank-butler-recibe-el-lanzamiento-de-vinilo\/\" \/>\n<meta property=\"og:locale\" content=\"es_ES\" \/>\n<meta property=\"og:type\" content=\"article\" \/>\n<meta property=\"og:title\" content=\"&#039;Groovin&#039; Blue &#039;de Curtis Amy y Frank Butler recibe el lanzamiento de vinilo\" \/>\n<meta property=\"og:description\" content=\"Un disco clave de la producci\u00f3n de la era de la d\u00e9cada de 1960 de Pacific Jazz, el saxofonista Curtis Amy y el baterista Frank\" \/>\n<meta property=\"og:url\" content=\"https:\/\/web.consaguirre.com.ar\/noticias\/groovin-blue-de-curtis-amy-y-frank-butler-recibe-el-lanzamiento-de-vinilo\/\" \/>\n<meta property=\"og:site_name\" content=\"Conservatorio de M\u00fasica Juli\u00e1n Aguirre\" \/>\n<meta property=\"article:published_time\" content=\"2025-02-28T22:39:04+00:00\" \/>\n<meta property=\"article:modified_time\" content=\"2025-02-28T22:39:06+00:00\" \/>\n<meta property=\"og:image\" content=\"https:\/\/web.consaguirre.com.ar\/noticias\/wp-content\/uploads\/2025\/02\/Groovin-Blue-de-Curtis-Amy-y-Frank-Butler-recibe-el.jpg\" \/>\n\t<meta property=\"og:image:width\" content=\"1280\" \/>\n\t<meta property=\"og:image:height\" content=\"1280\" \/>\n\t<meta property=\"og:image:type\" content=\"image\/jpeg\" \/>\n<meta name=\"author\" content=\"Javier Figueroa\" \/>\n<meta name=\"twitter:card\" content=\"summary_large_image\" \/>\n<meta name=\"twitter:label1\" content=\"Escrito por\" \/>\n\t<meta name=\"twitter:data1\" content=\"Javier Figueroa\" \/>\n\t<meta name=\"twitter:label2\" content=\"Tiempo de lectura\" \/>\n\t<meta name=\"twitter:data2\" content=\"2 minutos\" \/>\n<script type=\"application\/ld+json\" class=\"yoast-schema-graph\">{\"@context\":\"https:\/\/schema.org\",\"@graph\":[{\"@type\":\"Article\",\"@id\":\"https:\/\/web.consaguirre.com.ar\/noticias\/groovin-blue-de-curtis-amy-y-frank-butler-recibe-el-lanzamiento-de-vinilo\/#article\",\"isPartOf\":{\"@id\":\"https:\/\/web.consaguirre.com.ar\/noticias\/groovin-blue-de-curtis-amy-y-frank-butler-recibe-el-lanzamiento-de-vinilo\/\"},\"author\":{\"name\":\"Javier Figueroa\",\"@id\":\"https:\/\/web.consaguirre.com.ar\/noticias\/#\/schema\/person\/6558b0cfedee7ddc5425602b237d5722\"},\"headline\":\"&#8216;Groovin&#8217; Blue &#8216;de Curtis Amy y Frank Butler recibe el lanzamiento de vinilo\",\"datePublished\":\"2025-02-28T22:39:04+00:00\",\"dateModified\":\"2025-02-28T22:39:06+00:00\",\"mainEntityOfPage\":{\"@id\":\"https:\/\/web.consaguirre.com.ar\/noticias\/groovin-blue-de-curtis-amy-y-frank-butler-recibe-el-lanzamiento-de-vinilo\/\"},\"wordCount\":459,\"publisher\":{\"@id\":\"https:\/\/web.consaguirre.com.ar\/noticias\/#organization\"},\"image\":{\"@id\":\"https:\/\/web.consaguirre.com.ar\/noticias\/groovin-blue-de-curtis-amy-y-frank-butler-recibe-el-lanzamiento-de-vinilo\/#primaryimage\"},\"thumbnailUrl\":\"https:\/\/web.consaguirre.com.ar\/noticias\/wp-content\/uploads\/2025\/02\/Groovin-Blue-de-Curtis-Amy-y-Frank-Butler-recibe-el.jpg\",\"keywords\":[\"Amy\",\"Blue\",\"Butler\",\"Curtis\",\"Frank\",\"Groovin\",\"lanzamiento\",\"recibe\",\"vinilo\"],\"articleSection\":[\"El \u00faltimo\"],\"inLanguage\":\"es-AR\"},{\"@type\":\"WebPage\",\"@id\":\"https:\/\/web.consaguirre.com.ar\/noticias\/groovin-blue-de-curtis-amy-y-frank-butler-recibe-el-lanzamiento-de-vinilo\/\",\"url\":\"https:\/\/web.consaguirre.com.ar\/noticias\/groovin-blue-de-curtis-amy-y-frank-butler-recibe-el-lanzamiento-de-vinilo\/\",\"name\":\"'Groovin' Blue 'de Curtis Amy y Frank Butler recibe el lanzamiento de vinilo\",\"isPartOf\":{\"@id\":\"https:\/\/web.consaguirre.com.ar\/noticias\/#website\"},\"primaryImageOfPage\":{\"@id\":\"https:\/\/web.consaguirre.com.ar\/noticias\/groovin-blue-de-curtis-amy-y-frank-butler-recibe-el-lanzamiento-de-vinilo\/#primaryimage\"},\"image\":{\"@id\":\"https:\/\/web.consaguirre.com.ar\/noticias\/groovin-blue-de-curtis-amy-y-frank-butler-recibe-el-lanzamiento-de-vinilo\/#primaryimage\"},\"thumbnailUrl\":\"https:\/\/web.consaguirre.com.ar\/noticias\/wp-content\/uploads\/2025\/02\/Groovin-Blue-de-Curtis-Amy-y-Frank-Butler-recibe-el.jpg\",\"datePublished\":\"2025-02-28T22:39:04+00:00\",\"dateModified\":\"2025-02-28T22:39:06+00:00\",\"breadcrumb\":{\"@id\":\"https:\/\/web.consaguirre.com.ar\/noticias\/groovin-blue-de-curtis-amy-y-frank-butler-recibe-el-lanzamiento-de-vinilo\/#breadcrumb\"},\"inLanguage\":\"es-AR\",\"potentialAction\":[{\"@type\":\"ReadAction\",\"target\":[\"https:\/\/web.consaguirre.com.ar\/noticias\/groovin-blue-de-curtis-amy-y-frank-butler-recibe-el-lanzamiento-de-vinilo\/\"]}]},{\"@type\":\"ImageObject\",\"inLanguage\":\"es-AR\",\"@id\":\"https:\/\/web.consaguirre.com.ar\/noticias\/groovin-blue-de-curtis-amy-y-frank-butler-recibe-el-lanzamiento-de-vinilo\/#primaryimage\",\"url\":\"https:\/\/web.consaguirre.com.ar\/noticias\/wp-content\/uploads\/2025\/02\/Groovin-Blue-de-Curtis-Amy-y-Frank-Butler-recibe-el.jpg\",\"contentUrl\":\"https:\/\/web.consaguirre.com.ar\/noticias\/wp-content\/uploads\/2025\/02\/Groovin-Blue-de-Curtis-Amy-y-Frank-Butler-recibe-el.jpg\",\"width\":1280,\"height\":1280,\"caption\":\"'Groovin' Blue 'de Curtis Amy y Frank Butler recibe el lanzamiento de vinilo\"},{\"@type\":\"BreadcrumbList\",\"@id\":\"https:\/\/web.consaguirre.com.ar\/noticias\/groovin-blue-de-curtis-amy-y-frank-butler-recibe-el-lanzamiento-de-vinilo\/#breadcrumb\",\"itemListElement\":[{\"@type\":\"ListItem\",\"position\":1,\"name\":\"Inicio\",\"item\":\"https:\/\/web.consaguirre.com.ar\/noticias\/\"},{\"@type\":\"ListItem\",\"position\":2,\"name\":\"&#8216;Groovin&#8217; Blue &#8216;de Curtis Amy y Frank Butler recibe el lanzamiento de vinilo\"}]},{\"@type\":\"WebSite\",\"@id\":\"https:\/\/web.consaguirre.com.ar\/noticias\/#website\",\"url\":\"https:\/\/web.consaguirre.com.ar\/noticias\/\",\"name\":\"Conservatorio de M\u00fasica Juli\u00e1n Aguirre\",\"description\":\"\",\"publisher\":{\"@id\":\"https:\/\/web.consaguirre.com.ar\/noticias\/#organization\"},\"potentialAction\":[{\"@type\":\"SearchAction\",\"target\":{\"@type\":\"EntryPoint\",\"urlTemplate\":\"https:\/\/web.consaguirre.com.ar\/noticias\/?s={search_term_string}\"},\"query-input\":\"required name=search_term_string\"}],\"inLanguage\":\"es-AR\"},{\"@type\":\"Organization\",\"@id\":\"https:\/\/web.consaguirre.com.ar\/noticias\/#organization\",\"name\":\"Conservatorio de M\u00fasica Juli\u00e1n Aguirre\",\"url\":\"https:\/\/web.consaguirre.com.ar\/noticias\/\",\"logo\":{\"@type\":\"ImageObject\",\"inLanguage\":\"es-AR\",\"@id\":\"https:\/\/web.consaguirre.com.ar\/noticias\/#\/schema\/logo\/image\/\",\"url\":\"https:\/\/web.consaguirre.com.ar\/noticias\/wp-content\/uploads\/2024\/08\/Banner-Aguirre-23.jpg\",\"contentUrl\":\"https:\/\/web.consaguirre.com.ar\/noticias\/wp-content\/uploads\/2024\/08\/Banner-Aguirre-23.jpg\",\"width\":1192,\"height\":600,\"caption\":\"Conservatorio de M\u00fasica Juli\u00e1n Aguirre\"},\"image\":{\"@id\":\"https:\/\/web.consaguirre.com.ar\/noticias\/#\/schema\/logo\/image\/\"}},{\"@type\":\"Person\",\"@id\":\"https:\/\/web.consaguirre.com.ar\/noticias\/#\/schema\/person\/6558b0cfedee7ddc5425602b237d5722\",\"name\":\"Javier Figueroa\",\"image\":{\"@type\":\"ImageObject\",\"inLanguage\":\"es-AR\",\"@id\":\"https:\/\/web.consaguirre.com.ar\/noticias\/#\/schema\/person\/image\/\",\"url\":\"https:\/\/web.consaguirre.com.ar\/noticias\/wp-content\/uploads\/2024\/08\/Consaguirre-scaled.jpg\",\"contentUrl\":\"https:\/\/web.consaguirre.com.ar\/noticias\/wp-content\/uploads\/2024\/08\/Consaguirre-scaled.jpg\",\"caption\":\"Javier Figueroa\"},\"description\":\"Me llamo Javier Figueroa y soy redactor para el sitio oficial del Conservatorio de M\u00fasica Juli\u00e1n Aguirre en Buenos Aires, consaguirre.com. Apasionado por la m\u00fasica y la escritura, me esfuerzo por destacar los talentos y eventos de nuestra prestigiosa instituci\u00f3n. Mi trayectoria se nutre de una profunda admiraci\u00f3n por los artistas, haciendo de cada art\u00edculo una celebraci\u00f3n de la creatividad y la cultura musical.\",\"sameAs\":[\"https:\/\/web.consaguirre.com.ar\/noticias\"]}]}<\/script>\n<!-- \/ Yoast SEO plugin. -->","yoast_head_json":{"title":"'Groovin' Blue 'de Curtis Amy y Frank Butler recibe el lanzamiento de vinilo","robots":{"index":"index","follow":"follow","max-snippet":"max-snippet:-1","max-image-preview":"max-image-preview:large","max-video-preview":"max-video-preview:-1"},"canonical":"https:\/\/web.consaguirre.com.ar\/noticias\/groovin-blue-de-curtis-amy-y-frank-butler-recibe-el-lanzamiento-de-vinilo\/","og_locale":"es_ES","og_type":"article","og_title":"'Groovin' Blue 'de Curtis Amy y Frank Butler recibe el lanzamiento de vinilo","og_description":"Un disco clave de la producci\u00f3n de la era de la d\u00e9cada de 1960 de Pacific Jazz, el saxofonista Curtis Amy y el baterista Frank","og_url":"https:\/\/web.consaguirre.com.ar\/noticias\/groovin-blue-de-curtis-amy-y-frank-butler-recibe-el-lanzamiento-de-vinilo\/","og_site_name":"Conservatorio de M\u00fasica Juli\u00e1n Aguirre","article_published_time":"2025-02-28T22:39:04+00:00","article_modified_time":"2025-02-28T22:39:06+00:00","og_image":[{"width":1280,"height":1280,"url":"https:\/\/web.consaguirre.com.ar\/noticias\/wp-content\/uploads\/2025\/02\/Groovin-Blue-de-Curtis-Amy-y-Frank-Butler-recibe-el.jpg","type":"image\/jpeg"}],"author":"Javier Figueroa","twitter_card":"summary_large_image","twitter_misc":{"Escrito por":"Javier Figueroa","Tiempo de lectura":"2 minutos"},"schema":{"@context":"https:\/\/schema.org","@graph":[{"@type":"Article","@id":"https:\/\/web.consaguirre.com.ar\/noticias\/groovin-blue-de-curtis-amy-y-frank-butler-recibe-el-lanzamiento-de-vinilo\/#article","isPartOf":{"@id":"https:\/\/web.consaguirre.com.ar\/noticias\/groovin-blue-de-curtis-amy-y-frank-butler-recibe-el-lanzamiento-de-vinilo\/"},"author":{"name":"Javier Figueroa","@id":"https:\/\/web.consaguirre.com.ar\/noticias\/#\/schema\/person\/6558b0cfedee7ddc5425602b237d5722"},"headline":"&#8216;Groovin&#8217; Blue &#8216;de Curtis Amy y Frank Butler recibe el lanzamiento de vinilo","datePublished":"2025-02-28T22:39:04+00:00","dateModified":"2025-02-28T22:39:06+00:00","mainEntityOfPage":{"@id":"https:\/\/web.consaguirre.com.ar\/noticias\/groovin-blue-de-curtis-amy-y-frank-butler-recibe-el-lanzamiento-de-vinilo\/"},"wordCount":459,"publisher":{"@id":"https:\/\/web.consaguirre.com.ar\/noticias\/#organization"},"image":{"@id":"https:\/\/web.consaguirre.com.ar\/noticias\/groovin-blue-de-curtis-amy-y-frank-butler-recibe-el-lanzamiento-de-vinilo\/#primaryimage"},"thumbnailUrl":"https:\/\/web.consaguirre.com.ar\/noticias\/wp-content\/uploads\/2025\/02\/Groovin-Blue-de-Curtis-Amy-y-Frank-Butler-recibe-el.jpg","keywords":["Amy","Blue","Butler","Curtis","Frank","Groovin","lanzamiento","recibe","vinilo"],"articleSection":["El \u00faltimo"],"inLanguage":"es-AR"},{"@type":"WebPage","@id":"https:\/\/web.consaguirre.com.ar\/noticias\/groovin-blue-de-curtis-amy-y-frank-butler-recibe-el-lanzamiento-de-vinilo\/","url":"https:\/\/web.consaguirre.com.ar\/noticias\/groovin-blue-de-curtis-amy-y-frank-butler-recibe-el-lanzamiento-de-vinilo\/","name":"'Groovin' Blue 'de Curtis Amy y Frank Butler recibe el lanzamiento de vinilo","isPartOf":{"@id":"https:\/\/web.consaguirre.com.ar\/noticias\/#website"},"primaryImageOfPage":{"@id":"https:\/\/web.consaguirre.com.ar\/noticias\/groovin-blue-de-curtis-amy-y-frank-butler-recibe-el-lanzamiento-de-vinilo\/#primaryimage"},"image":{"@id":"https:\/\/web.consaguirre.com.ar\/noticias\/groovin-blue-de-curtis-amy-y-frank-butler-recibe-el-lanzamiento-de-vinilo\/#primaryimage"},"thumbnailUrl":"https:\/\/web.consaguirre.com.ar\/noticias\/wp-content\/uploads\/2025\/02\/Groovin-Blue-de-Curtis-Amy-y-Frank-Butler-recibe-el.jpg","datePublished":"2025-02-28T22:39:04+00:00","dateModified":"2025-02-28T22:39:06+00:00","breadcrumb":{"@id":"https:\/\/web.consaguirre.com.ar\/noticias\/groovin-blue-de-curtis-amy-y-frank-butler-recibe-el-lanzamiento-de-vinilo\/#breadcrumb"},"inLanguage":"es-AR","potentialAction":[{"@type":"ReadAction","target":["https:\/\/web.consaguirre.com.ar\/noticias\/groovin-blue-de-curtis-amy-y-frank-butler-recibe-el-lanzamiento-de-vinilo\/"]}]},{"@type":"ImageObject","inLanguage":"es-AR","@id":"https:\/\/web.consaguirre.com.ar\/noticias\/groovin-blue-de-curtis-amy-y-frank-butler-recibe-el-lanzamiento-de-vinilo\/#primaryimage","url":"https:\/\/web.consaguirre.com.ar\/noticias\/wp-content\/uploads\/2025\/02\/Groovin-Blue-de-Curtis-Amy-y-Frank-Butler-recibe-el.jpg","contentUrl":"https:\/\/web.consaguirre.com.ar\/noticias\/wp-content\/uploads\/2025\/02\/Groovin-Blue-de-Curtis-Amy-y-Frank-Butler-recibe-el.jpg","width":1280,"height":1280,"caption":"'Groovin' Blue 'de Curtis Amy y Frank Butler recibe el lanzamiento de vinilo"},{"@type":"BreadcrumbList","@id":"https:\/\/web.consaguirre.com.ar\/noticias\/groovin-blue-de-curtis-amy-y-frank-butler-recibe-el-lanzamiento-de-vinilo\/#breadcrumb","itemListElement":[{"@type":"ListItem","position":1,"name":"Inicio","item":"https:\/\/web.consaguirre.com.ar\/noticias\/"},{"@type":"ListItem","position":2,"name":"&#8216;Groovin&#8217; Blue &#8216;de Curtis Amy y Frank Butler recibe el lanzamiento de vinilo"}]},{"@type":"WebSite","@id":"https:\/\/web.consaguirre.com.ar\/noticias\/#website","url":"https:\/\/web.consaguirre.com.ar\/noticias\/","name":"Conservatorio de M\u00fasica Juli\u00e1n Aguirre","description":"","publisher":{"@id":"https:\/\/web.consaguirre.com.ar\/noticias\/#organization"},"potentialAction":[{"@type":"SearchAction","target":{"@type":"EntryPoint","urlTemplate":"https:\/\/web.consaguirre.com.ar\/noticias\/?s={search_term_string}"},"query-input":"required name=search_term_string"}],"inLanguage":"es-AR"},{"@type":"Organization","@id":"https:\/\/web.consaguirre.com.ar\/noticias\/#organization","name":"Conservatorio de M\u00fasica Juli\u00e1n Aguirre","url":"https:\/\/web.consaguirre.com.ar\/noticias\/","logo":{"@type":"ImageObject","inLanguage":"es-AR","@id":"https:\/\/web.consaguirre.com.ar\/noticias\/#\/schema\/logo\/image\/","url":"https:\/\/web.consaguirre.com.ar\/noticias\/wp-content\/uploads\/2024\/08\/Banner-Aguirre-23.jpg","contentUrl":"https:\/\/web.consaguirre.com.ar\/noticias\/wp-content\/uploads\/2024\/08\/Banner-Aguirre-23.jpg","width":1192,"height":600,"caption":"Conservatorio de M\u00fasica Juli\u00e1n Aguirre"},"image":{"@id":"https:\/\/web.consaguirre.com.ar\/noticias\/#\/schema\/logo\/image\/"}},{"@type":"Person","@id":"https:\/\/web.consaguirre.com.ar\/noticias\/#\/schema\/person\/6558b0cfedee7ddc5425602b237d5722","name":"Javier Figueroa","image":{"@type":"ImageObject","inLanguage":"es-AR","@id":"https:\/\/web.consaguirre.com.ar\/noticias\/#\/schema\/person\/image\/","url":"https:\/\/web.consaguirre.com.ar\/noticias\/wp-content\/uploads\/2024\/08\/Consaguirre-scaled.jpg","contentUrl":"https:\/\/web.consaguirre.com.ar\/noticias\/wp-content\/uploads\/2024\/08\/Consaguirre-scaled.jpg","caption":"Javier Figueroa"},"description":"Me llamo Javier Figueroa y soy redactor para el sitio oficial del Conservatorio de M\u00fasica Juli\u00e1n Aguirre en Buenos Aires, consaguirre.com. Apasionado por la m\u00fasica y la escritura, me esfuerzo por destacar los talentos y eventos de nuestra prestigiosa instituci\u00f3n. Mi trayectoria se nutre de una profunda admiraci\u00f3n por los artistas, haciendo de cada art\u00edculo una celebraci\u00f3n de la creatividad y la cultura musical.","sameAs":["https:\/\/web.consaguirre.com.ar\/noticias"]}]}},"_links":{"self":[{"href":"https:\/\/web.consaguirre.com.ar\/noticias\/wp-json\/wp\/v2\/posts\/2010"}],"collection":[{"href":"https:\/\/web.consaguirre.com.ar\/noticias\/wp-json\/wp\/v2\/posts"}],"about":[{"href":"https:\/\/web.consaguirre.com.ar\/noticias\/wp-json\/wp\/v2\/types\/post"}],"author":[{"embeddable":true,"href":"https:\/\/web.consaguirre.com.ar\/noticias\/wp-json\/wp\/v2\/users\/1"}],"replies":[{"embeddable":true,"href":"https:\/\/web.consaguirre.com.ar\/noticias\/wp-json\/wp\/v2\/comments?post=2010"}],"version-history":[{"count":1,"href":"https:\/\/web.consaguirre.com.ar\/noticias\/wp-json\/wp\/v2\/posts\/2010\/revisions"}],"predecessor-version":[{"id":2012,"href":"https:\/\/web.consaguirre.com.ar\/noticias\/wp-json\/wp\/v2\/posts\/2010\/revisions\/2012"}],"wp:featuredmedia":[{"embeddable":true,"href":"https:\/\/web.consaguirre.com.ar\/noticias\/wp-json\/wp\/v2\/media\/2011"}],"wp:attachment":[{"href":"https:\/\/web.consaguirre.com.ar\/noticias\/wp-json\/wp\/v2\/media?parent=2010"}],"wp:term":[{"taxonomy":"category","embeddable":true,"href":"https:\/\/web.consaguirre.com.ar\/noticias\/wp-json\/wp\/v2\/categories?post=2010"},{"taxonomy":"post_tag","embeddable":true,"href":"https:\/\/web.consaguirre.com.ar\/noticias\/wp-json\/wp\/v2\/tags?post=2010"}],"curies":[{"name":"wp","href":"https:\/\/api.w.org\/{rel}","templated":true}]}}