{"id":1995,"date":"2025-02-26T22:47:34","date_gmt":"2025-02-27T01:47:34","guid":{"rendered":"https:\/\/web.consaguirre.com.ar\/noticias\/el-codo-anuncia-la-primera-gira-norteamericana-desde-2020\/"},"modified":"2025-02-26T22:47:35","modified_gmt":"2025-02-27T01:47:35","slug":"el-codo-anuncia-la-primera-gira-norteamericana-desde-2020","status":"publish","type":"post","link":"https:\/\/web.consaguirre.com.ar\/noticias\/el-codo-anuncia-la-primera-gira-norteamericana-desde-2020\/","title":{"rendered":"El codo anuncia la primera gira norteamericana desde 2020"},"content":{"rendered":"<p><strong>codo<\/strong> se est\u00e1n preparando para su primer regreso a Am\u00e9rica del Norte desde 2020, despu\u00e9s de haber anunciado una serie de fechas en toda la regi\u00f3n. La gira tambi\u00e9n marca su primera incursi\u00f3n en la costa este y Canad\u00e1 desde 2017.<\/p>\n<p><strong>Compre lo mejor de la discograf\u00eda de Elbow en vinilo y m\u00e1s<\/strong>.<\/p>\n<p>A partir de Washington, DC, el 26 de septiembre, la banda har\u00e1 14 paradas en Am\u00e9rica, tocando su camino hacia la costa oeste y terminando en el Wiltern en Los \u00c1ngeles el 16 de octubre. Las entradas estar\u00e1n disponibles a trav\u00e9s del sitio web oficial de la banda. Los fan\u00e1ticos en la lista de correo de la banda obtendr\u00e1n autom\u00e1ticamente el acceso de preventa.<\/p>\n<p>La gira marca la primera carrera de la banda desde el lanzamiento de su <strong><em>Audio V\u00e9rtigo<\/em><\/strong>  LP en marzo de 2024. La respuesta cr\u00edtica al \u00e1lbum fue abrumadoramente positiva, con <em>Mojo<\/em> Entregando una revisi\u00f3n de 4 estrellas y se\u00f1alando que &#8220;su d\u00e9cima es adecuadamente hist\u00f3rica&#8221;.<\/p>\n<p><em>Audio V\u00e9rtigo<\/em> fue grabado durante 2023 en los estudios individuales de la banda, Migration Studios, Gloucestershire, y finaliz\u00f3 en las instalaciones de la banda en Blueprint Studios, Salford. El \u00e1lbum marca un cambio de paso significativo para el grupo despu\u00e9s de 2021 <em>Sue\u00f1o volador 1<\/em>. En palabras del cantante principal y letrista Guy Garvey, <em>Audio V\u00e9rtigo<\/em> fue construido a partir de &#8220;ranuras en retorcidos y cutre creados por nosotros jugando juntos en habitaciones de garaje&#8221;, y es m\u00e1s directo y variado sonoramente con un prop\u00f3sito que su predecesor.<\/p>\n<p>Caracterizado por la banda como &#8220;Un \u00e1lbum pesado en stomp, swing y ritmos infecciosos con funk con funk&#8221;. <em>Audio V\u00e9rtigo<\/em> Ve el codo en el pie delantero, fusionando su amor por los estilos variados y varios en una colecci\u00f3n que var\u00eda desde los Beastie Boys se encuentra con John Bonham Breaks of Apener &#8220;Cosas que me he estado diciendo durante a\u00f1os&#8221;, hasta el sencillo principal &#8220;Lover&#8217;s Leap&#8221; y el &#8220;balu&#8221; infecciosamente funky.<\/p>\n<p><strong>Visite el sitio web oficial de Elbow para obtener informaci\u00f3n sobre boletos.<\/strong><\/p>\n<p><strong>Fechas de la gira de Am\u00e9rica del Norte de codo:<\/strong><\/p>\n<p>26\/09 &#8211; 9:30 Club &#8211; Washington, DC<br \/>\n27\/09 &#8211; Brooklyn Bowl Filadelfia, Filadelfia, PA<br \/>\n29\/09 &#8211; Brooklyn Steel &#8211; Brooklyn, NY<br \/>\n10\/02 &#8211; Roadrunner &#8211; Boston, MA<br \/>\n10\/03 &#8211; Mtelus &#8211; Montreal, QC<br \/>\n10\/04 &#8211; Historia &#8211; Toronto, en<br \/>\n10\/06 &#8211; The Riviera Theatre &#8211; Chicago, IL<br \/>\n10\/07 &#8211; Primera avenida &#8211; sala principal &#8211; Minneapolis, MN<br \/>\n10\/09 &#8211; Cumbre &#8211; Denver, CO<br \/>\n10\/10 &#8211; The Union Event Center &#8211; Salt Lake City, UT<br \/>\n10\/12 &#8211; The Showbox &#8211; Seattle, WA<br \/>\n10\/13 &#8211; Revolution Hall &#8211; Portland, o<br \/>\n15\/10 &#8211; Teatro Fox &#8211; Oakland, CA<br \/>\n16\/16 &#8211; The Wiltern &#8211; Los \u00c1ngeles, CA<\/p>\n","protected":false},"excerpt":{"rendered":"<p>codo se est\u00e1n preparando para su primer regreso a Am\u00e9rica del Norte desde 2020, despu\u00e9s de haber anunciado una serie de fechas en toda la<\/p>\n","protected":false},"author":1,"featured_media":1996,"comment_status":"closed","ping_status":"","sticky":false,"template":"","format":"standard","meta":{"footnotes":""},"categories":[50],"tags":[56,1991,60,492,1300,186],"class_list":["post-1995","post","type-post","status-publish","format-standard","has-post-thumbnail","hentry","category-el-ultimo","tag-anuncia","tag-codo","tag-desde","tag-gira","tag-norteamericana","tag-primera","generate-columns","tablet-grid-50","mobile-grid-100","grid-parent","grid-50"],"yoast_head":"<!-- This site is optimized with the Yoast SEO plugin v23.3 - https:\/\/yoast.com\/wordpress\/plugins\/seo\/ -->\n<title>El codo anuncia la primera gira norteamericana desde 2020<\/title>\n<meta name=\"robots\" content=\"index, follow, max-snippet:-1, max-image-preview:large, max-video-preview:-1\" \/>\n<link rel=\"canonical\" href=\"https:\/\/web.consaguirre.com.ar\/noticias\/el-codo-anuncia-la-primera-gira-norteamericana-desde-2020\/\" \/>\n<meta property=\"og:locale\" content=\"es_ES\" \/>\n<meta property=\"og:type\" content=\"article\" \/>\n<meta property=\"og:title\" content=\"El codo anuncia la primera gira norteamericana desde 2020\" \/>\n<meta property=\"og:description\" content=\"codo se est\u00e1n preparando para su primer regreso a Am\u00e9rica del Norte desde 2020, despu\u00e9s de haber anunciado una serie de fechas en toda la\" \/>\n<meta property=\"og:url\" content=\"https:\/\/web.consaguirre.com.ar\/noticias\/el-codo-anuncia-la-primera-gira-norteamericana-desde-2020\/\" \/>\n<meta property=\"og:site_name\" content=\"Conservatorio de M\u00fasica Juli\u00e1n Aguirre\" \/>\n<meta property=\"article:published_time\" content=\"2025-02-27T01:47:34+00:00\" \/>\n<meta property=\"article:modified_time\" content=\"2025-02-27T01:47:35+00:00\" \/>\n<meta property=\"og:image\" content=\"https:\/\/web.consaguirre.com.ar\/noticias\/wp-content\/uploads\/2025\/02\/El-codo-anuncia-la-primera-gira-norteamericana-desde-2020.jpg\" \/>\n\t<meta property=\"og:image:width\" content=\"1440\" \/>\n\t<meta property=\"og:image:height\" content=\"864\" \/>\n\t<meta property=\"og:image:type\" content=\"image\/jpeg\" \/>\n<meta name=\"author\" content=\"Javier Figueroa\" \/>\n<meta name=\"twitter:card\" content=\"summary_large_image\" \/>\n<meta name=\"twitter:label1\" content=\"Escrito por\" \/>\n\t<meta name=\"twitter:data1\" content=\"Javier Figueroa\" \/>\n\t<meta name=\"twitter:label2\" content=\"Tiempo de lectura\" \/>\n\t<meta name=\"twitter:data2\" content=\"2 minutos\" \/>\n<script type=\"application\/ld+json\" class=\"yoast-schema-graph\">{\"@context\":\"https:\/\/schema.org\",\"@graph\":[{\"@type\":\"Article\",\"@id\":\"https:\/\/web.consaguirre.com.ar\/noticias\/el-codo-anuncia-la-primera-gira-norteamericana-desde-2020\/#article\",\"isPartOf\":{\"@id\":\"https:\/\/web.consaguirre.com.ar\/noticias\/el-codo-anuncia-la-primera-gira-norteamericana-desde-2020\/\"},\"author\":{\"name\":\"Javier Figueroa\",\"@id\":\"https:\/\/web.consaguirre.com.ar\/noticias\/#\/schema\/person\/6558b0cfedee7ddc5425602b237d5722\"},\"headline\":\"El codo anuncia la primera gira norteamericana desde 2020\",\"datePublished\":\"2025-02-27T01:47:34+00:00\",\"dateModified\":\"2025-02-27T01:47:35+00:00\",\"mainEntityOfPage\":{\"@id\":\"https:\/\/web.consaguirre.com.ar\/noticias\/el-codo-anuncia-la-primera-gira-norteamericana-desde-2020\/\"},\"wordCount\":463,\"publisher\":{\"@id\":\"https:\/\/web.consaguirre.com.ar\/noticias\/#organization\"},\"image\":{\"@id\":\"https:\/\/web.consaguirre.com.ar\/noticias\/el-codo-anuncia-la-primera-gira-norteamericana-desde-2020\/#primaryimage\"},\"thumbnailUrl\":\"https:\/\/web.consaguirre.com.ar\/noticias\/wp-content\/uploads\/2025\/02\/El-codo-anuncia-la-primera-gira-norteamericana-desde-2020.jpg\",\"keywords\":[\"anuncia\",\"codo\",\"desde\",\"gira\",\"norteamericana\",\"primera\"],\"articleSection\":[\"El \u00faltimo\"],\"inLanguage\":\"es-AR\"},{\"@type\":\"WebPage\",\"@id\":\"https:\/\/web.consaguirre.com.ar\/noticias\/el-codo-anuncia-la-primera-gira-norteamericana-desde-2020\/\",\"url\":\"https:\/\/web.consaguirre.com.ar\/noticias\/el-codo-anuncia-la-primera-gira-norteamericana-desde-2020\/\",\"name\":\"El codo anuncia la primera gira norteamericana desde 2020\",\"isPartOf\":{\"@id\":\"https:\/\/web.consaguirre.com.ar\/noticias\/#website\"},\"primaryImageOfPage\":{\"@id\":\"https:\/\/web.consaguirre.com.ar\/noticias\/el-codo-anuncia-la-primera-gira-norteamericana-desde-2020\/#primaryimage\"},\"image\":{\"@id\":\"https:\/\/web.consaguirre.com.ar\/noticias\/el-codo-anuncia-la-primera-gira-norteamericana-desde-2020\/#primaryimage\"},\"thumbnailUrl\":\"https:\/\/web.consaguirre.com.ar\/noticias\/wp-content\/uploads\/2025\/02\/El-codo-anuncia-la-primera-gira-norteamericana-desde-2020.jpg\",\"datePublished\":\"2025-02-27T01:47:34+00:00\",\"dateModified\":\"2025-02-27T01:47:35+00:00\",\"breadcrumb\":{\"@id\":\"https:\/\/web.consaguirre.com.ar\/noticias\/el-codo-anuncia-la-primera-gira-norteamericana-desde-2020\/#breadcrumb\"},\"inLanguage\":\"es-AR\",\"potentialAction\":[{\"@type\":\"ReadAction\",\"target\":[\"https:\/\/web.consaguirre.com.ar\/noticias\/el-codo-anuncia-la-primera-gira-norteamericana-desde-2020\/\"]}]},{\"@type\":\"ImageObject\",\"inLanguage\":\"es-AR\",\"@id\":\"https:\/\/web.consaguirre.com.ar\/noticias\/el-codo-anuncia-la-primera-gira-norteamericana-desde-2020\/#primaryimage\",\"url\":\"https:\/\/web.consaguirre.com.ar\/noticias\/wp-content\/uploads\/2025\/02\/El-codo-anuncia-la-primera-gira-norteamericana-desde-2020.jpg\",\"contentUrl\":\"https:\/\/web.consaguirre.com.ar\/noticias\/wp-content\/uploads\/2025\/02\/El-codo-anuncia-la-primera-gira-norteamericana-desde-2020.jpg\",\"width\":1440,\"height\":864,\"caption\":\"Elbow - Photo: Courtesy of High Rise PR\"},{\"@type\":\"BreadcrumbList\",\"@id\":\"https:\/\/web.consaguirre.com.ar\/noticias\/el-codo-anuncia-la-primera-gira-norteamericana-desde-2020\/#breadcrumb\",\"itemListElement\":[{\"@type\":\"ListItem\",\"position\":1,\"name\":\"Inicio\",\"item\":\"https:\/\/web.consaguirre.com.ar\/noticias\/\"},{\"@type\":\"ListItem\",\"position\":2,\"name\":\"El codo anuncia la primera gira norteamericana desde 2020\"}]},{\"@type\":\"WebSite\",\"@id\":\"https:\/\/web.consaguirre.com.ar\/noticias\/#website\",\"url\":\"https:\/\/web.consaguirre.com.ar\/noticias\/\",\"name\":\"Conservatorio de M\u00fasica Juli\u00e1n Aguirre\",\"description\":\"\",\"publisher\":{\"@id\":\"https:\/\/web.consaguirre.com.ar\/noticias\/#organization\"},\"potentialAction\":[{\"@type\":\"SearchAction\",\"target\":{\"@type\":\"EntryPoint\",\"urlTemplate\":\"https:\/\/web.consaguirre.com.ar\/noticias\/?s={search_term_string}\"},\"query-input\":\"required name=search_term_string\"}],\"inLanguage\":\"es-AR\"},{\"@type\":\"Organization\",\"@id\":\"https:\/\/web.consaguirre.com.ar\/noticias\/#organization\",\"name\":\"Conservatorio de M\u00fasica Juli\u00e1n Aguirre\",\"url\":\"https:\/\/web.consaguirre.com.ar\/noticias\/\",\"logo\":{\"@type\":\"ImageObject\",\"inLanguage\":\"es-AR\",\"@id\":\"https:\/\/web.consaguirre.com.ar\/noticias\/#\/schema\/logo\/image\/\",\"url\":\"https:\/\/web.consaguirre.com.ar\/noticias\/wp-content\/uploads\/2024\/08\/Banner-Aguirre-23.jpg\",\"contentUrl\":\"https:\/\/web.consaguirre.com.ar\/noticias\/wp-content\/uploads\/2024\/08\/Banner-Aguirre-23.jpg\",\"width\":1192,\"height\":600,\"caption\":\"Conservatorio de M\u00fasica Juli\u00e1n Aguirre\"},\"image\":{\"@id\":\"https:\/\/web.consaguirre.com.ar\/noticias\/#\/schema\/logo\/image\/\"}},{\"@type\":\"Person\",\"@id\":\"https:\/\/web.consaguirre.com.ar\/noticias\/#\/schema\/person\/6558b0cfedee7ddc5425602b237d5722\",\"name\":\"Javier Figueroa\",\"image\":{\"@type\":\"ImageObject\",\"inLanguage\":\"es-AR\",\"@id\":\"https:\/\/web.consaguirre.com.ar\/noticias\/#\/schema\/person\/image\/\",\"url\":\"https:\/\/web.consaguirre.com.ar\/noticias\/wp-content\/uploads\/2024\/08\/Consaguirre-scaled.jpg\",\"contentUrl\":\"https:\/\/web.consaguirre.com.ar\/noticias\/wp-content\/uploads\/2024\/08\/Consaguirre-scaled.jpg\",\"caption\":\"Javier Figueroa\"},\"description\":\"Me llamo Javier Figueroa y soy redactor para el sitio oficial del Conservatorio de M\u00fasica Juli\u00e1n Aguirre en Buenos Aires, consaguirre.com. Apasionado por la m\u00fasica y la escritura, me esfuerzo por destacar los talentos y eventos de nuestra prestigiosa instituci\u00f3n. Mi trayectoria se nutre de una profunda admiraci\u00f3n por los artistas, haciendo de cada art\u00edculo una celebraci\u00f3n de la creatividad y la cultura musical.\",\"sameAs\":[\"https:\/\/web.consaguirre.com.ar\/noticias\"]}]}<\/script>\n<!-- \/ Yoast SEO plugin. -->","yoast_head_json":{"title":"El codo anuncia la primera gira norteamericana desde 2020","robots":{"index":"index","follow":"follow","max-snippet":"max-snippet:-1","max-image-preview":"max-image-preview:large","max-video-preview":"max-video-preview:-1"},"canonical":"https:\/\/web.consaguirre.com.ar\/noticias\/el-codo-anuncia-la-primera-gira-norteamericana-desde-2020\/","og_locale":"es_ES","og_type":"article","og_title":"El codo anuncia la primera gira norteamericana desde 2020","og_description":"codo se est\u00e1n preparando para su primer regreso a Am\u00e9rica del Norte desde 2020, despu\u00e9s de haber anunciado una serie de fechas en toda la","og_url":"https:\/\/web.consaguirre.com.ar\/noticias\/el-codo-anuncia-la-primera-gira-norteamericana-desde-2020\/","og_site_name":"Conservatorio de M\u00fasica Juli\u00e1n Aguirre","article_published_time":"2025-02-27T01:47:34+00:00","article_modified_time":"2025-02-27T01:47:35+00:00","og_image":[{"width":1440,"height":864,"url":"https:\/\/web.consaguirre.com.ar\/noticias\/wp-content\/uploads\/2025\/02\/El-codo-anuncia-la-primera-gira-norteamericana-desde-2020.jpg","type":"image\/jpeg"}],"author":"Javier Figueroa","twitter_card":"summary_large_image","twitter_misc":{"Escrito por":"Javier Figueroa","Tiempo de lectura":"2 minutos"},"schema":{"@context":"https:\/\/schema.org","@graph":[{"@type":"Article","@id":"https:\/\/web.consaguirre.com.ar\/noticias\/el-codo-anuncia-la-primera-gira-norteamericana-desde-2020\/#article","isPartOf":{"@id":"https:\/\/web.consaguirre.com.ar\/noticias\/el-codo-anuncia-la-primera-gira-norteamericana-desde-2020\/"},"author":{"name":"Javier Figueroa","@id":"https:\/\/web.consaguirre.com.ar\/noticias\/#\/schema\/person\/6558b0cfedee7ddc5425602b237d5722"},"headline":"El codo anuncia la primera gira norteamericana desde 2020","datePublished":"2025-02-27T01:47:34+00:00","dateModified":"2025-02-27T01:47:35+00:00","mainEntityOfPage":{"@id":"https:\/\/web.consaguirre.com.ar\/noticias\/el-codo-anuncia-la-primera-gira-norteamericana-desde-2020\/"},"wordCount":463,"publisher":{"@id":"https:\/\/web.consaguirre.com.ar\/noticias\/#organization"},"image":{"@id":"https:\/\/web.consaguirre.com.ar\/noticias\/el-codo-anuncia-la-primera-gira-norteamericana-desde-2020\/#primaryimage"},"thumbnailUrl":"https:\/\/web.consaguirre.com.ar\/noticias\/wp-content\/uploads\/2025\/02\/El-codo-anuncia-la-primera-gira-norteamericana-desde-2020.jpg","keywords":["anuncia","codo","desde","gira","norteamericana","primera"],"articleSection":["El \u00faltimo"],"inLanguage":"es-AR"},{"@type":"WebPage","@id":"https:\/\/web.consaguirre.com.ar\/noticias\/el-codo-anuncia-la-primera-gira-norteamericana-desde-2020\/","url":"https:\/\/web.consaguirre.com.ar\/noticias\/el-codo-anuncia-la-primera-gira-norteamericana-desde-2020\/","name":"El codo anuncia la primera gira norteamericana desde 2020","isPartOf":{"@id":"https:\/\/web.consaguirre.com.ar\/noticias\/#website"},"primaryImageOfPage":{"@id":"https:\/\/web.consaguirre.com.ar\/noticias\/el-codo-anuncia-la-primera-gira-norteamericana-desde-2020\/#primaryimage"},"image":{"@id":"https:\/\/web.consaguirre.com.ar\/noticias\/el-codo-anuncia-la-primera-gira-norteamericana-desde-2020\/#primaryimage"},"thumbnailUrl":"https:\/\/web.consaguirre.com.ar\/noticias\/wp-content\/uploads\/2025\/02\/El-codo-anuncia-la-primera-gira-norteamericana-desde-2020.jpg","datePublished":"2025-02-27T01:47:34+00:00","dateModified":"2025-02-27T01:47:35+00:00","breadcrumb":{"@id":"https:\/\/web.consaguirre.com.ar\/noticias\/el-codo-anuncia-la-primera-gira-norteamericana-desde-2020\/#breadcrumb"},"inLanguage":"es-AR","potentialAction":[{"@type":"ReadAction","target":["https:\/\/web.consaguirre.com.ar\/noticias\/el-codo-anuncia-la-primera-gira-norteamericana-desde-2020\/"]}]},{"@type":"ImageObject","inLanguage":"es-AR","@id":"https:\/\/web.consaguirre.com.ar\/noticias\/el-codo-anuncia-la-primera-gira-norteamericana-desde-2020\/#primaryimage","url":"https:\/\/web.consaguirre.com.ar\/noticias\/wp-content\/uploads\/2025\/02\/El-codo-anuncia-la-primera-gira-norteamericana-desde-2020.jpg","contentUrl":"https:\/\/web.consaguirre.com.ar\/noticias\/wp-content\/uploads\/2025\/02\/El-codo-anuncia-la-primera-gira-norteamericana-desde-2020.jpg","width":1440,"height":864,"caption":"Elbow - Photo: Courtesy of High Rise PR"},{"@type":"BreadcrumbList","@id":"https:\/\/web.consaguirre.com.ar\/noticias\/el-codo-anuncia-la-primera-gira-norteamericana-desde-2020\/#breadcrumb","itemListElement":[{"@type":"ListItem","position":1,"name":"Inicio","item":"https:\/\/web.consaguirre.com.ar\/noticias\/"},{"@type":"ListItem","position":2,"name":"El codo anuncia la primera gira norteamericana desde 2020"}]},{"@type":"WebSite","@id":"https:\/\/web.consaguirre.com.ar\/noticias\/#website","url":"https:\/\/web.consaguirre.com.ar\/noticias\/","name":"Conservatorio de M\u00fasica Juli\u00e1n Aguirre","description":"","publisher":{"@id":"https:\/\/web.consaguirre.com.ar\/noticias\/#organization"},"potentialAction":[{"@type":"SearchAction","target":{"@type":"EntryPoint","urlTemplate":"https:\/\/web.consaguirre.com.ar\/noticias\/?s={search_term_string}"},"query-input":"required name=search_term_string"}],"inLanguage":"es-AR"},{"@type":"Organization","@id":"https:\/\/web.consaguirre.com.ar\/noticias\/#organization","name":"Conservatorio de M\u00fasica Juli\u00e1n Aguirre","url":"https:\/\/web.consaguirre.com.ar\/noticias\/","logo":{"@type":"ImageObject","inLanguage":"es-AR","@id":"https:\/\/web.consaguirre.com.ar\/noticias\/#\/schema\/logo\/image\/","url":"https:\/\/web.consaguirre.com.ar\/noticias\/wp-content\/uploads\/2024\/08\/Banner-Aguirre-23.jpg","contentUrl":"https:\/\/web.consaguirre.com.ar\/noticias\/wp-content\/uploads\/2024\/08\/Banner-Aguirre-23.jpg","width":1192,"height":600,"caption":"Conservatorio de M\u00fasica Juli\u00e1n Aguirre"},"image":{"@id":"https:\/\/web.consaguirre.com.ar\/noticias\/#\/schema\/logo\/image\/"}},{"@type":"Person","@id":"https:\/\/web.consaguirre.com.ar\/noticias\/#\/schema\/person\/6558b0cfedee7ddc5425602b237d5722","name":"Javier Figueroa","image":{"@type":"ImageObject","inLanguage":"es-AR","@id":"https:\/\/web.consaguirre.com.ar\/noticias\/#\/schema\/person\/image\/","url":"https:\/\/web.consaguirre.com.ar\/noticias\/wp-content\/uploads\/2024\/08\/Consaguirre-scaled.jpg","contentUrl":"https:\/\/web.consaguirre.com.ar\/noticias\/wp-content\/uploads\/2024\/08\/Consaguirre-scaled.jpg","caption":"Javier Figueroa"},"description":"Me llamo Javier Figueroa y soy redactor para el sitio oficial del Conservatorio de M\u00fasica Juli\u00e1n Aguirre en Buenos Aires, consaguirre.com. Apasionado por la m\u00fasica y la escritura, me esfuerzo por destacar los talentos y eventos de nuestra prestigiosa instituci\u00f3n. Mi trayectoria se nutre de una profunda admiraci\u00f3n por los artistas, haciendo de cada art\u00edculo una celebraci\u00f3n de la creatividad y la cultura musical.","sameAs":["https:\/\/web.consaguirre.com.ar\/noticias"]}]}},"_links":{"self":[{"href":"https:\/\/web.consaguirre.com.ar\/noticias\/wp-json\/wp\/v2\/posts\/1995"}],"collection":[{"href":"https:\/\/web.consaguirre.com.ar\/noticias\/wp-json\/wp\/v2\/posts"}],"about":[{"href":"https:\/\/web.consaguirre.com.ar\/noticias\/wp-json\/wp\/v2\/types\/post"}],"author":[{"embeddable":true,"href":"https:\/\/web.consaguirre.com.ar\/noticias\/wp-json\/wp\/v2\/users\/1"}],"replies":[{"embeddable":true,"href":"https:\/\/web.consaguirre.com.ar\/noticias\/wp-json\/wp\/v2\/comments?post=1995"}],"version-history":[{"count":1,"href":"https:\/\/web.consaguirre.com.ar\/noticias\/wp-json\/wp\/v2\/posts\/1995\/revisions"}],"predecessor-version":[{"id":1997,"href":"https:\/\/web.consaguirre.com.ar\/noticias\/wp-json\/wp\/v2\/posts\/1995\/revisions\/1997"}],"wp:featuredmedia":[{"embeddable":true,"href":"https:\/\/web.consaguirre.com.ar\/noticias\/wp-json\/wp\/v2\/media\/1996"}],"wp:attachment":[{"href":"https:\/\/web.consaguirre.com.ar\/noticias\/wp-json\/wp\/v2\/media?parent=1995"}],"wp:term":[{"taxonomy":"category","embeddable":true,"href":"https:\/\/web.consaguirre.com.ar\/noticias\/wp-json\/wp\/v2\/categories?post=1995"},{"taxonomy":"post_tag","embeddable":true,"href":"https:\/\/web.consaguirre.com.ar\/noticias\/wp-json\/wp\/v2\/tags?post=1995"}],"curies":[{"name":"wp","href":"https:\/\/api.w.org\/{rel}","templated":true}]}}