{"id":1965,"date":"2025-02-24T19:40:07","date_gmt":"2025-02-24T22:40:07","guid":{"rendered":"https:\/\/web.consaguirre.com.ar\/noticias\/tucker-wetmore-anuncia-el-album-debut-what-not-to\/"},"modified":"2025-02-24T19:40:08","modified_gmt":"2025-02-24T22:40:08","slug":"tucker-wetmore-anuncia-el-album-debut-what-not-to","status":"publish","type":"post","link":"https:\/\/web.consaguirre.com.ar\/noticias\/tucker-wetmore-anuncia-el-album-debut-what-not-to\/","title":{"rendered":"Tucker Wetmore anuncia el \u00e1lbum debut &#8216;What Not to&#8217;"},"content":{"rendered":"<p>Estrella del pa\u00eds en ascenso <strong>Tucker Wetmore<\/strong> ha compartido detalles de su \u00e1lbum debut, <em>Que no<\/em>. El r\u00e9cord de 19 pistas captura los altibajos de los primeros 25 a\u00f1os de Wetmore y sale el 25 de abril a trav\u00e9s de UMG Nashville en asociaci\u00f3n con Back Blocks Music.<\/p>\n<p>El \u00e1lbum est\u00e1 dirigido por el sencillo &#8220;3,2,1&#8221;. Escrito por Josh Miller, Summer Overstreet y Jordan Reynolds, la canci\u00f3n recuerda el arrepentimiento y las oportunidades perdidas: &#8220;Tres palabras, dos tard\u00edas, maldita ni\u00f1a, eres la que se escap\u00f3&#8221;.<\/p>\n<div class=\"uD-YT-container\"><img decoding=\"async\" src=\"https:\/\/web.consaguirre.com.ar\/noticias\/wp-content\/uploads\/2025\/02\/1740436807_471_Tucker-Wetmore-anuncia-el-album-debut-What-Not-to.jpg\" alt=\"Video de YouTube\"><br \/>Haga clic para cargar video<\/div>\n<p><em>Que no<\/em> es producido por Chris Lacorte. &#8220;Al igual que el hilo rojo que conecta un mont\u00f3n de alfileres en una pared&#8221;, el \u00e1lbum conecta temas de madurez, compasi\u00f3n y salvaci\u00f3n, como lo demuestra la canci\u00f3n principal. Escrito por Wetmore con su mejor amigo Jacob Hackworth, Lacorte, Chase McGill y Jameson Rogers, la canci\u00f3n profundamente personal revela una intensa devoci\u00f3n: \u201cMam\u00e1 dijo que no rezas m\u00e1s\/me rompe el coraz\u00f3n, as\u00ed que lo hago por ti. &#8220;<\/p>\n<p>El Wetmore, nacido en Washington, debutar\u00e1 en el Auditorio Ryman el 21 de mayo. &#8220;Es un sue\u00f1o absoluto hecho realidad encabezar la Iglesia Madre de la m\u00fasica country por primera vez, y significa a\u00fan m\u00e1s compartirlo con uno de mis Los mejores amigos, Jacob Hackworth \u201d, comparti\u00f3 Tucker en una declaraci\u00f3n. &#8220;No puedo esperar a verlos el 21 de mayo. Sentirse m\u00e1s que bendecido&#8221;.<\/p>\n<p>Hace casi exactamente un a\u00f1o, Wetmore lanz\u00f3 su sencillo comercial debut, &#8220;Wine Into Whisky&#8221;. \u00c9l sigui\u00f3 eso con &#8220;Wain up Missin &#8216;You&#8221;. Los \u00e9xitos consecutivos con certificaci\u00f3n RIAA Platinum aparecieron en el Billboard Hot 100. Ambas canciones se presentaron en Wetmore&#8217;s <em>Ondas en una puesta de sol<\/em> EP, que fue lanzado en octubre.<\/p>\n<p>En 2025, Wetmore encabezar\u00e1 las fechas en el Reino Unido, EE. UU. Y Europa, incluida una parada con entradas agotadas en el Electric Ballroom de Londres. Tambi\u00e9n se unir\u00e1 a Thomas Rhett&#8217;s Better in Boots Tour 2025 como apoyo directo en 33 fechas este verano. En marzo, actuar\u00e1 en Country 2 Country, el festival de m\u00fasica country m\u00e1s grande de Europa.<\/p>\n<p>El verano pasado, Wetmore ten\u00eda un par de canciones aparecidas en el <em>Twisters<\/em> Banda sonora, &#8220;ya lo ten\u00eda&#8221; y &#8220;robar mi trueno&#8221; con Conner Smith. Despu\u00e9s de hacer su debut en Grand Ole Opry en septiembre, Wetmore fue nombrado recientemente un artista Opry NextStage.<\/p>\n<p><strong>Orden de Tucker Wetmore&#8217;s <em>Que no<\/em> ahora.<\/strong><\/p>\n","protected":false},"excerpt":{"rendered":"<p>Estrella del pa\u00eds en ascenso Tucker Wetmore ha compartido detalles de su \u00e1lbum debut, Que no. El r\u00e9cord de 19 pistas captura los altibajos de<\/p>\n","protected":false},"author":1,"featured_media":1966,"comment_status":"closed","ping_status":"","sticky":false,"template":"","format":"standard","meta":{"footnotes":""},"categories":[50],"tags":[147,56,257,1963,1964],"class_list":["post-1965","post","type-post","status-publish","format-standard","has-post-thumbnail","hentry","category-el-ultimo","tag-album","tag-anuncia","tag-debut","tag-tucker","tag-wetmore","generate-columns","tablet-grid-50","mobile-grid-100","grid-parent","grid-50"],"yoast_head":"<!-- This site is optimized with the Yoast SEO plugin v23.3 - https:\/\/yoast.com\/wordpress\/plugins\/seo\/ -->\n<title>Tucker Wetmore anuncia el \u00e1lbum debut &#039;What Not to&#039;<\/title>\n<meta name=\"robots\" content=\"index, follow, max-snippet:-1, max-image-preview:large, max-video-preview:-1\" \/>\n<link rel=\"canonical\" href=\"https:\/\/web.consaguirre.com.ar\/noticias\/tucker-wetmore-anuncia-el-album-debut-what-not-to\/\" \/>\n<meta property=\"og:locale\" content=\"es_ES\" \/>\n<meta property=\"og:type\" content=\"article\" \/>\n<meta property=\"og:title\" content=\"Tucker Wetmore anuncia el \u00e1lbum debut &#039;What Not to&#039;\" \/>\n<meta property=\"og:description\" content=\"Estrella del pa\u00eds en ascenso Tucker Wetmore ha compartido detalles de su \u00e1lbum debut, Que no. El r\u00e9cord de 19 pistas captura los altibajos de\" \/>\n<meta property=\"og:url\" content=\"https:\/\/web.consaguirre.com.ar\/noticias\/tucker-wetmore-anuncia-el-album-debut-what-not-to\/\" \/>\n<meta property=\"og:site_name\" content=\"Conservatorio de M\u00fasica Juli\u00e1n Aguirre\" \/>\n<meta property=\"article:published_time\" content=\"2025-02-24T22:40:07+00:00\" \/>\n<meta property=\"article:modified_time\" content=\"2025-02-24T22:40:08+00:00\" \/>\n<meta property=\"og:image\" content=\"https:\/\/web.consaguirre.com.ar\/noticias\/wp-content\/uploads\/2025\/02\/Tucker-Wetmore-anuncia-el-album-debut-What-Not-to.jpg\" \/>\n\t<meta property=\"og:image:width\" content=\"1280\" \/>\n\t<meta property=\"og:image:height\" content=\"1280\" \/>\n\t<meta property=\"og:image:type\" content=\"image\/jpeg\" \/>\n<meta name=\"author\" content=\"Javier Figueroa\" \/>\n<meta name=\"twitter:card\" content=\"summary_large_image\" \/>\n<meta name=\"twitter:label1\" content=\"Escrito por\" \/>\n\t<meta name=\"twitter:data1\" content=\"Javier Figueroa\" \/>\n\t<meta name=\"twitter:label2\" content=\"Tiempo de lectura\" \/>\n\t<meta name=\"twitter:data2\" content=\"2 minutos\" \/>\n<script type=\"application\/ld+json\" class=\"yoast-schema-graph\">{\"@context\":\"https:\/\/schema.org\",\"@graph\":[{\"@type\":\"Article\",\"@id\":\"https:\/\/web.consaguirre.com.ar\/noticias\/tucker-wetmore-anuncia-el-album-debut-what-not-to\/#article\",\"isPartOf\":{\"@id\":\"https:\/\/web.consaguirre.com.ar\/noticias\/tucker-wetmore-anuncia-el-album-debut-what-not-to\/\"},\"author\":{\"name\":\"Javier Figueroa\",\"@id\":\"https:\/\/web.consaguirre.com.ar\/noticias\/#\/schema\/person\/6558b0cfedee7ddc5425602b237d5722\"},\"headline\":\"Tucker Wetmore anuncia el \u00e1lbum debut &#8216;What Not to&#8217;\",\"datePublished\":\"2025-02-24T22:40:07+00:00\",\"dateModified\":\"2025-02-24T22:40:08+00:00\",\"mainEntityOfPage\":{\"@id\":\"https:\/\/web.consaguirre.com.ar\/noticias\/tucker-wetmore-anuncia-el-album-debut-what-not-to\/\"},\"wordCount\":425,\"publisher\":{\"@id\":\"https:\/\/web.consaguirre.com.ar\/noticias\/#organization\"},\"image\":{\"@id\":\"https:\/\/web.consaguirre.com.ar\/noticias\/tucker-wetmore-anuncia-el-album-debut-what-not-to\/#primaryimage\"},\"thumbnailUrl\":\"https:\/\/web.consaguirre.com.ar\/noticias\/wp-content\/uploads\/2025\/02\/Tucker-Wetmore-anuncia-el-album-debut-What-Not-to.jpg\",\"keywords\":[\"\u00e1lbum\",\"anuncia\",\"debut\",\"Tucker\",\"Wetmore\"],\"articleSection\":[\"El \u00faltimo\"],\"inLanguage\":\"es-AR\"},{\"@type\":\"WebPage\",\"@id\":\"https:\/\/web.consaguirre.com.ar\/noticias\/tucker-wetmore-anuncia-el-album-debut-what-not-to\/\",\"url\":\"https:\/\/web.consaguirre.com.ar\/noticias\/tucker-wetmore-anuncia-el-album-debut-what-not-to\/\",\"name\":\"Tucker Wetmore anuncia el \u00e1lbum debut 'What Not to'\",\"isPartOf\":{\"@id\":\"https:\/\/web.consaguirre.com.ar\/noticias\/#website\"},\"primaryImageOfPage\":{\"@id\":\"https:\/\/web.consaguirre.com.ar\/noticias\/tucker-wetmore-anuncia-el-album-debut-what-not-to\/#primaryimage\"},\"image\":{\"@id\":\"https:\/\/web.consaguirre.com.ar\/noticias\/tucker-wetmore-anuncia-el-album-debut-what-not-to\/#primaryimage\"},\"thumbnailUrl\":\"https:\/\/web.consaguirre.com.ar\/noticias\/wp-content\/uploads\/2025\/02\/Tucker-Wetmore-anuncia-el-album-debut-What-Not-to.jpg\",\"datePublished\":\"2025-02-24T22:40:07+00:00\",\"dateModified\":\"2025-02-24T22:40:08+00:00\",\"breadcrumb\":{\"@id\":\"https:\/\/web.consaguirre.com.ar\/noticias\/tucker-wetmore-anuncia-el-album-debut-what-not-to\/#breadcrumb\"},\"inLanguage\":\"es-AR\",\"potentialAction\":[{\"@type\":\"ReadAction\",\"target\":[\"https:\/\/web.consaguirre.com.ar\/noticias\/tucker-wetmore-anuncia-el-album-debut-what-not-to\/\"]}]},{\"@type\":\"ImageObject\",\"inLanguage\":\"es-AR\",\"@id\":\"https:\/\/web.consaguirre.com.ar\/noticias\/tucker-wetmore-anuncia-el-album-debut-what-not-to\/#primaryimage\",\"url\":\"https:\/\/web.consaguirre.com.ar\/noticias\/wp-content\/uploads\/2025\/02\/Tucker-Wetmore-anuncia-el-album-debut-What-Not-to.jpg\",\"contentUrl\":\"https:\/\/web.consaguirre.com.ar\/noticias\/wp-content\/uploads\/2025\/02\/Tucker-Wetmore-anuncia-el-album-debut-What-Not-to.jpg\",\"width\":1280,\"height\":1280,\"caption\":\"Tucker Wetmore anuncia el \u00e1lbum debut 'What Not to'\"},{\"@type\":\"BreadcrumbList\",\"@id\":\"https:\/\/web.consaguirre.com.ar\/noticias\/tucker-wetmore-anuncia-el-album-debut-what-not-to\/#breadcrumb\",\"itemListElement\":[{\"@type\":\"ListItem\",\"position\":1,\"name\":\"Inicio\",\"item\":\"https:\/\/web.consaguirre.com.ar\/noticias\/\"},{\"@type\":\"ListItem\",\"position\":2,\"name\":\"Tucker Wetmore anuncia el \u00e1lbum debut &#8216;What Not to&#8217;\"}]},{\"@type\":\"WebSite\",\"@id\":\"https:\/\/web.consaguirre.com.ar\/noticias\/#website\",\"url\":\"https:\/\/web.consaguirre.com.ar\/noticias\/\",\"name\":\"Conservatorio de M\u00fasica Juli\u00e1n Aguirre\",\"description\":\"\",\"publisher\":{\"@id\":\"https:\/\/web.consaguirre.com.ar\/noticias\/#organization\"},\"potentialAction\":[{\"@type\":\"SearchAction\",\"target\":{\"@type\":\"EntryPoint\",\"urlTemplate\":\"https:\/\/web.consaguirre.com.ar\/noticias\/?s={search_term_string}\"},\"query-input\":\"required name=search_term_string\"}],\"inLanguage\":\"es-AR\"},{\"@type\":\"Organization\",\"@id\":\"https:\/\/web.consaguirre.com.ar\/noticias\/#organization\",\"name\":\"Conservatorio de M\u00fasica Juli\u00e1n Aguirre\",\"url\":\"https:\/\/web.consaguirre.com.ar\/noticias\/\",\"logo\":{\"@type\":\"ImageObject\",\"inLanguage\":\"es-AR\",\"@id\":\"https:\/\/web.consaguirre.com.ar\/noticias\/#\/schema\/logo\/image\/\",\"url\":\"https:\/\/web.consaguirre.com.ar\/noticias\/wp-content\/uploads\/2024\/08\/Banner-Aguirre-23.jpg\",\"contentUrl\":\"https:\/\/web.consaguirre.com.ar\/noticias\/wp-content\/uploads\/2024\/08\/Banner-Aguirre-23.jpg\",\"width\":1192,\"height\":600,\"caption\":\"Conservatorio de M\u00fasica Juli\u00e1n Aguirre\"},\"image\":{\"@id\":\"https:\/\/web.consaguirre.com.ar\/noticias\/#\/schema\/logo\/image\/\"}},{\"@type\":\"Person\",\"@id\":\"https:\/\/web.consaguirre.com.ar\/noticias\/#\/schema\/person\/6558b0cfedee7ddc5425602b237d5722\",\"name\":\"Javier Figueroa\",\"image\":{\"@type\":\"ImageObject\",\"inLanguage\":\"es-AR\",\"@id\":\"https:\/\/web.consaguirre.com.ar\/noticias\/#\/schema\/person\/image\/\",\"url\":\"https:\/\/web.consaguirre.com.ar\/noticias\/wp-content\/uploads\/2024\/08\/Consaguirre-scaled.jpg\",\"contentUrl\":\"https:\/\/web.consaguirre.com.ar\/noticias\/wp-content\/uploads\/2024\/08\/Consaguirre-scaled.jpg\",\"caption\":\"Javier Figueroa\"},\"description\":\"Me llamo Javier Figueroa y soy redactor para el sitio oficial del Conservatorio de M\u00fasica Juli\u00e1n Aguirre en Buenos Aires, consaguirre.com. Apasionado por la m\u00fasica y la escritura, me esfuerzo por destacar los talentos y eventos de nuestra prestigiosa instituci\u00f3n. Mi trayectoria se nutre de una profunda admiraci\u00f3n por los artistas, haciendo de cada art\u00edculo una celebraci\u00f3n de la creatividad y la cultura musical.\",\"sameAs\":[\"https:\/\/web.consaguirre.com.ar\/noticias\"]}]}<\/script>\n<!-- \/ Yoast SEO plugin. -->","yoast_head_json":{"title":"Tucker Wetmore anuncia el \u00e1lbum debut 'What Not to'","robots":{"index":"index","follow":"follow","max-snippet":"max-snippet:-1","max-image-preview":"max-image-preview:large","max-video-preview":"max-video-preview:-1"},"canonical":"https:\/\/web.consaguirre.com.ar\/noticias\/tucker-wetmore-anuncia-el-album-debut-what-not-to\/","og_locale":"es_ES","og_type":"article","og_title":"Tucker Wetmore anuncia el \u00e1lbum debut 'What Not to'","og_description":"Estrella del pa\u00eds en ascenso Tucker Wetmore ha compartido detalles de su \u00e1lbum debut, Que no. El r\u00e9cord de 19 pistas captura los altibajos de","og_url":"https:\/\/web.consaguirre.com.ar\/noticias\/tucker-wetmore-anuncia-el-album-debut-what-not-to\/","og_site_name":"Conservatorio de M\u00fasica Juli\u00e1n Aguirre","article_published_time":"2025-02-24T22:40:07+00:00","article_modified_time":"2025-02-24T22:40:08+00:00","og_image":[{"width":1280,"height":1280,"url":"https:\/\/web.consaguirre.com.ar\/noticias\/wp-content\/uploads\/2025\/02\/Tucker-Wetmore-anuncia-el-album-debut-What-Not-to.jpg","type":"image\/jpeg"}],"author":"Javier Figueroa","twitter_card":"summary_large_image","twitter_misc":{"Escrito por":"Javier Figueroa","Tiempo de lectura":"2 minutos"},"schema":{"@context":"https:\/\/schema.org","@graph":[{"@type":"Article","@id":"https:\/\/web.consaguirre.com.ar\/noticias\/tucker-wetmore-anuncia-el-album-debut-what-not-to\/#article","isPartOf":{"@id":"https:\/\/web.consaguirre.com.ar\/noticias\/tucker-wetmore-anuncia-el-album-debut-what-not-to\/"},"author":{"name":"Javier Figueroa","@id":"https:\/\/web.consaguirre.com.ar\/noticias\/#\/schema\/person\/6558b0cfedee7ddc5425602b237d5722"},"headline":"Tucker Wetmore anuncia el \u00e1lbum debut &#8216;What Not to&#8217;","datePublished":"2025-02-24T22:40:07+00:00","dateModified":"2025-02-24T22:40:08+00:00","mainEntityOfPage":{"@id":"https:\/\/web.consaguirre.com.ar\/noticias\/tucker-wetmore-anuncia-el-album-debut-what-not-to\/"},"wordCount":425,"publisher":{"@id":"https:\/\/web.consaguirre.com.ar\/noticias\/#organization"},"image":{"@id":"https:\/\/web.consaguirre.com.ar\/noticias\/tucker-wetmore-anuncia-el-album-debut-what-not-to\/#primaryimage"},"thumbnailUrl":"https:\/\/web.consaguirre.com.ar\/noticias\/wp-content\/uploads\/2025\/02\/Tucker-Wetmore-anuncia-el-album-debut-What-Not-to.jpg","keywords":["\u00e1lbum","anuncia","debut","Tucker","Wetmore"],"articleSection":["El \u00faltimo"],"inLanguage":"es-AR"},{"@type":"WebPage","@id":"https:\/\/web.consaguirre.com.ar\/noticias\/tucker-wetmore-anuncia-el-album-debut-what-not-to\/","url":"https:\/\/web.consaguirre.com.ar\/noticias\/tucker-wetmore-anuncia-el-album-debut-what-not-to\/","name":"Tucker Wetmore anuncia el \u00e1lbum debut 'What Not to'","isPartOf":{"@id":"https:\/\/web.consaguirre.com.ar\/noticias\/#website"},"primaryImageOfPage":{"@id":"https:\/\/web.consaguirre.com.ar\/noticias\/tucker-wetmore-anuncia-el-album-debut-what-not-to\/#primaryimage"},"image":{"@id":"https:\/\/web.consaguirre.com.ar\/noticias\/tucker-wetmore-anuncia-el-album-debut-what-not-to\/#primaryimage"},"thumbnailUrl":"https:\/\/web.consaguirre.com.ar\/noticias\/wp-content\/uploads\/2025\/02\/Tucker-Wetmore-anuncia-el-album-debut-What-Not-to.jpg","datePublished":"2025-02-24T22:40:07+00:00","dateModified":"2025-02-24T22:40:08+00:00","breadcrumb":{"@id":"https:\/\/web.consaguirre.com.ar\/noticias\/tucker-wetmore-anuncia-el-album-debut-what-not-to\/#breadcrumb"},"inLanguage":"es-AR","potentialAction":[{"@type":"ReadAction","target":["https:\/\/web.consaguirre.com.ar\/noticias\/tucker-wetmore-anuncia-el-album-debut-what-not-to\/"]}]},{"@type":"ImageObject","inLanguage":"es-AR","@id":"https:\/\/web.consaguirre.com.ar\/noticias\/tucker-wetmore-anuncia-el-album-debut-what-not-to\/#primaryimage","url":"https:\/\/web.consaguirre.com.ar\/noticias\/wp-content\/uploads\/2025\/02\/Tucker-Wetmore-anuncia-el-album-debut-What-Not-to.jpg","contentUrl":"https:\/\/web.consaguirre.com.ar\/noticias\/wp-content\/uploads\/2025\/02\/Tucker-Wetmore-anuncia-el-album-debut-What-Not-to.jpg","width":1280,"height":1280,"caption":"Tucker Wetmore anuncia el \u00e1lbum debut 'What Not to'"},{"@type":"BreadcrumbList","@id":"https:\/\/web.consaguirre.com.ar\/noticias\/tucker-wetmore-anuncia-el-album-debut-what-not-to\/#breadcrumb","itemListElement":[{"@type":"ListItem","position":1,"name":"Inicio","item":"https:\/\/web.consaguirre.com.ar\/noticias\/"},{"@type":"ListItem","position":2,"name":"Tucker Wetmore anuncia el \u00e1lbum debut &#8216;What Not to&#8217;"}]},{"@type":"WebSite","@id":"https:\/\/web.consaguirre.com.ar\/noticias\/#website","url":"https:\/\/web.consaguirre.com.ar\/noticias\/","name":"Conservatorio de M\u00fasica Juli\u00e1n Aguirre","description":"","publisher":{"@id":"https:\/\/web.consaguirre.com.ar\/noticias\/#organization"},"potentialAction":[{"@type":"SearchAction","target":{"@type":"EntryPoint","urlTemplate":"https:\/\/web.consaguirre.com.ar\/noticias\/?s={search_term_string}"},"query-input":"required name=search_term_string"}],"inLanguage":"es-AR"},{"@type":"Organization","@id":"https:\/\/web.consaguirre.com.ar\/noticias\/#organization","name":"Conservatorio de M\u00fasica Juli\u00e1n Aguirre","url":"https:\/\/web.consaguirre.com.ar\/noticias\/","logo":{"@type":"ImageObject","inLanguage":"es-AR","@id":"https:\/\/web.consaguirre.com.ar\/noticias\/#\/schema\/logo\/image\/","url":"https:\/\/web.consaguirre.com.ar\/noticias\/wp-content\/uploads\/2024\/08\/Banner-Aguirre-23.jpg","contentUrl":"https:\/\/web.consaguirre.com.ar\/noticias\/wp-content\/uploads\/2024\/08\/Banner-Aguirre-23.jpg","width":1192,"height":600,"caption":"Conservatorio de M\u00fasica Juli\u00e1n Aguirre"},"image":{"@id":"https:\/\/web.consaguirre.com.ar\/noticias\/#\/schema\/logo\/image\/"}},{"@type":"Person","@id":"https:\/\/web.consaguirre.com.ar\/noticias\/#\/schema\/person\/6558b0cfedee7ddc5425602b237d5722","name":"Javier Figueroa","image":{"@type":"ImageObject","inLanguage":"es-AR","@id":"https:\/\/web.consaguirre.com.ar\/noticias\/#\/schema\/person\/image\/","url":"https:\/\/web.consaguirre.com.ar\/noticias\/wp-content\/uploads\/2024\/08\/Consaguirre-scaled.jpg","contentUrl":"https:\/\/web.consaguirre.com.ar\/noticias\/wp-content\/uploads\/2024\/08\/Consaguirre-scaled.jpg","caption":"Javier Figueroa"},"description":"Me llamo Javier Figueroa y soy redactor para el sitio oficial del Conservatorio de M\u00fasica Juli\u00e1n Aguirre en Buenos Aires, consaguirre.com. Apasionado por la m\u00fasica y la escritura, me esfuerzo por destacar los talentos y eventos de nuestra prestigiosa instituci\u00f3n. Mi trayectoria se nutre de una profunda admiraci\u00f3n por los artistas, haciendo de cada art\u00edculo una celebraci\u00f3n de la creatividad y la cultura musical.","sameAs":["https:\/\/web.consaguirre.com.ar\/noticias"]}]}},"_links":{"self":[{"href":"https:\/\/web.consaguirre.com.ar\/noticias\/wp-json\/wp\/v2\/posts\/1965"}],"collection":[{"href":"https:\/\/web.consaguirre.com.ar\/noticias\/wp-json\/wp\/v2\/posts"}],"about":[{"href":"https:\/\/web.consaguirre.com.ar\/noticias\/wp-json\/wp\/v2\/types\/post"}],"author":[{"embeddable":true,"href":"https:\/\/web.consaguirre.com.ar\/noticias\/wp-json\/wp\/v2\/users\/1"}],"replies":[{"embeddable":true,"href":"https:\/\/web.consaguirre.com.ar\/noticias\/wp-json\/wp\/v2\/comments?post=1965"}],"version-history":[{"count":1,"href":"https:\/\/web.consaguirre.com.ar\/noticias\/wp-json\/wp\/v2\/posts\/1965\/revisions"}],"predecessor-version":[{"id":1967,"href":"https:\/\/web.consaguirre.com.ar\/noticias\/wp-json\/wp\/v2\/posts\/1965\/revisions\/1967"}],"wp:featuredmedia":[{"embeddable":true,"href":"https:\/\/web.consaguirre.com.ar\/noticias\/wp-json\/wp\/v2\/media\/1966"}],"wp:attachment":[{"href":"https:\/\/web.consaguirre.com.ar\/noticias\/wp-json\/wp\/v2\/media?parent=1965"}],"wp:term":[{"taxonomy":"category","embeddable":true,"href":"https:\/\/web.consaguirre.com.ar\/noticias\/wp-json\/wp\/v2\/categories?post=1965"},{"taxonomy":"post_tag","embeddable":true,"href":"https:\/\/web.consaguirre.com.ar\/noticias\/wp-json\/wp\/v2\/tags?post=1965"}],"curies":[{"name":"wp","href":"https:\/\/api.w.org\/{rel}","templated":true}]}}