{"id":1956,"date":"2025-02-22T02:40:00","date_gmt":"2025-02-22T05:40:00","guid":{"rendered":"https:\/\/web.consaguirre.com.ar\/noticias\/secret-garden-anuncia-la-edicion-del-30-aniversario-del-album-debut\/"},"modified":"2025-02-22T02:40:02","modified_gmt":"2025-02-22T05:40:02","slug":"secret-garden-anuncia-la-edicion-del-30-aniversario-del-album-debut","status":"publish","type":"post","link":"https:\/\/web.consaguirre.com.ar\/noticias\/secret-garden-anuncia-la-edicion-del-30-aniversario-del-album-debut\/","title":{"rendered":"Secret Garden anuncia la edici\u00f3n del 30 aniversario del \u00e1lbum debut"},"content":{"rendered":"<p>D\u00fao irland\u00e9s-noruego <strong>Jard\u00edn secreto<\/strong> he anunciado una edici\u00f3n del 30 aniversario de su \u00e1lbum debut de 1995, <em>Canciones de un jard\u00edn secreto<\/em>.<\/p>\n<p>Combinando m\u00fasica tradicional folk, cl\u00e1sica y celta, <em>Canciones de un jard\u00edn secreto<\/em> Quiz\u00e1s es mejor conocido por su canci\u00f3n &#8220;Nocturne&#8221;, que gan\u00f3 el concurso de canciones de Eurovisi\u00f3n para Noruega en 1995. Otra canci\u00f3n de \u00e1lbum, &#8220;Adagio&#8221;, tambi\u00e9n apareci\u00f3 prominentemente en la aclamada pel\u00edcula de Wong-Kar Wai <em>2046<\/em>.<\/p>\n<div class=\"uD-YT-container\"><img decoding=\"async\" src=\"https:\/\/web.consaguirre.com.ar\/noticias\/wp-content\/uploads\/2025\/02\/1740202800_350_Secret-Garden-anuncia-la-edicion-del-30-aniversario-del-album.jpg\" alt=\"Video de YouTube\"><br \/>Haga clic para cargar video<\/div>\n<p>La nueva versi\u00f3n reci\u00e9n mixta de <em>Canciones de un jard\u00edn secreto<\/em> Cuenta con una versi\u00f3n remasterizada especial de la canci\u00f3n: el \u00e1lbum saldr\u00e1 el 14 de mayo, que marcar\u00e1 30 a\u00f1os hasta el d\u00eda desde la fecha en que &#8220;Nocturne&#8221; obtuvo su gran victoria en el ESC.<\/p>\n<p>El gran a\u00f1o de hitos se alinea muy bien con uno de los propios de L\u00f8vland: su 70 cumplea\u00f1os. No solo famoso por su trabajo con Secret Garden, L\u00f8vland compuso la canci\u00f3n &#8220;You Raise Me Up&#8221;, que ha sido cubierta por m\u00e1s de 125 artistas desde su lanzamiento de 2001, incluidas las versiones de Josh Groban y Westlife.<\/p>\n<p>Durante una carrera de treinta a\u00f1os, Secret Garden ha tra\u00eddo m\u00e1s de tres mil millones de transmisiones mundiales y cinco millones de ventas de \u00e1lbumes individuales, apoyando innumerables giras en todo el mundo. El d\u00fao actualmente tiene 113 certificaciones de platino a su nombre de m\u00faltiples territorios globales. Lanzaron su disco m\u00e1s reciente, <em>Invierno secreto<\/em>en diciembre de 2024.<\/p>\n<p>\u201cCreo que la m\u00fasica ha crecido con nosotros y que hemos crecido con la m\u00fasica. Nunca nos hemos centrado en reinventar nuestro estilo \u201d, dijo el d\u00fao <em>A veces<\/em> en 2019. &#8220;Siempre nos hemos mantenido fieles a la idea de las melod\u00edas y nuestra identidad noruega e irlandesa&#8221;.<\/p>\n<p><strong>Ordene el jard\u00edn secreto <em>Canciones de un jard\u00edn secreto <\/em>ahora.<\/strong><\/p>\n","protected":false},"excerpt":{"rendered":"<p>D\u00fao irland\u00e9s-noruego Jard\u00edn secreto he anunciado una edici\u00f3n del 30 aniversario de su \u00e1lbum debut de 1995, Canciones de un jard\u00edn secreto. Combinando m\u00fasica tradicional<\/p>\n","protected":false},"author":1,"featured_media":1957,"comment_status":"closed","ping_status":"","sticky":false,"template":"","format":"standard","meta":{"footnotes":""},"categories":[50],"tags":[147,98,56,257,10,160,1957,1457],"class_list":["post-1956","post","type-post","status-publish","format-standard","has-post-thumbnail","hentry","category-el-ultimo","tag-album","tag-aniversario","tag-anuncia","tag-debut","tag-del","tag-edicion","tag-garden","tag-secret","generate-columns","tablet-grid-50","mobile-grid-100","grid-parent","grid-50"],"yoast_head":"<!-- This site is optimized with the Yoast SEO plugin v23.3 - https:\/\/yoast.com\/wordpress\/plugins\/seo\/ -->\n<title>Secret Garden anuncia la edici\u00f3n del 30 aniversario del \u00e1lbum debut<\/title>\n<meta name=\"robots\" content=\"index, follow, max-snippet:-1, max-image-preview:large, max-video-preview:-1\" \/>\n<link rel=\"canonical\" href=\"https:\/\/web.consaguirre.com.ar\/noticias\/secret-garden-anuncia-la-edicion-del-30-aniversario-del-album-debut\/\" \/>\n<meta property=\"og:locale\" content=\"es_ES\" \/>\n<meta property=\"og:type\" content=\"article\" \/>\n<meta property=\"og:title\" content=\"Secret Garden anuncia la edici\u00f3n del 30 aniversario del \u00e1lbum debut\" \/>\n<meta property=\"og:description\" content=\"D\u00fao irland\u00e9s-noruego Jard\u00edn secreto he anunciado una edici\u00f3n del 30 aniversario de su \u00e1lbum debut de 1995, Canciones de un jard\u00edn secreto. Combinando m\u00fasica tradicional\" \/>\n<meta property=\"og:url\" content=\"https:\/\/web.consaguirre.com.ar\/noticias\/secret-garden-anuncia-la-edicion-del-30-aniversario-del-album-debut\/\" \/>\n<meta property=\"og:site_name\" content=\"Conservatorio de M\u00fasica Juli\u00e1n Aguirre\" \/>\n<meta property=\"article:published_time\" content=\"2025-02-22T05:40:00+00:00\" \/>\n<meta property=\"article:modified_time\" content=\"2025-02-22T05:40:02+00:00\" \/>\n<meta property=\"og:image\" content=\"https:\/\/web.consaguirre.com.ar\/noticias\/wp-content\/uploads\/2025\/02\/Secret-Garden-anuncia-la-edicion-del-30-aniversario-del-album.jpg\" \/>\n\t<meta property=\"og:image:width\" content=\"1280\" \/>\n\t<meta property=\"og:image:height\" content=\"1280\" \/>\n\t<meta property=\"og:image:type\" content=\"image\/jpeg\" \/>\n<meta name=\"author\" content=\"Javier Figueroa\" \/>\n<meta name=\"twitter:card\" content=\"summary_large_image\" \/>\n<meta name=\"twitter:label1\" content=\"Escrito por\" \/>\n\t<meta name=\"twitter:data1\" content=\"Javier Figueroa\" \/>\n\t<meta name=\"twitter:label2\" content=\"Tiempo de lectura\" \/>\n\t<meta name=\"twitter:data2\" content=\"2 minutos\" \/>\n<script type=\"application\/ld+json\" class=\"yoast-schema-graph\">{\"@context\":\"https:\/\/schema.org\",\"@graph\":[{\"@type\":\"Article\",\"@id\":\"https:\/\/web.consaguirre.com.ar\/noticias\/secret-garden-anuncia-la-edicion-del-30-aniversario-del-album-debut\/#article\",\"isPartOf\":{\"@id\":\"https:\/\/web.consaguirre.com.ar\/noticias\/secret-garden-anuncia-la-edicion-del-30-aniversario-del-album-debut\/\"},\"author\":{\"name\":\"Javier Figueroa\",\"@id\":\"https:\/\/web.consaguirre.com.ar\/noticias\/#\/schema\/person\/6558b0cfedee7ddc5425602b237d5722\"},\"headline\":\"Secret Garden anuncia la edici\u00f3n del 30 aniversario del \u00e1lbum debut\",\"datePublished\":\"2025-02-22T05:40:00+00:00\",\"dateModified\":\"2025-02-22T05:40:02+00:00\",\"mainEntityOfPage\":{\"@id\":\"https:\/\/web.consaguirre.com.ar\/noticias\/secret-garden-anuncia-la-edicion-del-30-aniversario-del-album-debut\/\"},\"wordCount\":333,\"publisher\":{\"@id\":\"https:\/\/web.consaguirre.com.ar\/noticias\/#organization\"},\"image\":{\"@id\":\"https:\/\/web.consaguirre.com.ar\/noticias\/secret-garden-anuncia-la-edicion-del-30-aniversario-del-album-debut\/#primaryimage\"},\"thumbnailUrl\":\"https:\/\/web.consaguirre.com.ar\/noticias\/wp-content\/uploads\/2025\/02\/Secret-Garden-anuncia-la-edicion-del-30-aniversario-del-album.jpg\",\"keywords\":[\"\u00e1lbum\",\"aniversario\",\"anuncia\",\"debut\",\"del\",\"edici\u00f3n\",\"Garden\",\"Secret\"],\"articleSection\":[\"El \u00faltimo\"],\"inLanguage\":\"es-AR\"},{\"@type\":\"WebPage\",\"@id\":\"https:\/\/web.consaguirre.com.ar\/noticias\/secret-garden-anuncia-la-edicion-del-30-aniversario-del-album-debut\/\",\"url\":\"https:\/\/web.consaguirre.com.ar\/noticias\/secret-garden-anuncia-la-edicion-del-30-aniversario-del-album-debut\/\",\"name\":\"Secret Garden anuncia la edici\u00f3n del 30 aniversario del \u00e1lbum debut\",\"isPartOf\":{\"@id\":\"https:\/\/web.consaguirre.com.ar\/noticias\/#website\"},\"primaryImageOfPage\":{\"@id\":\"https:\/\/web.consaguirre.com.ar\/noticias\/secret-garden-anuncia-la-edicion-del-30-aniversario-del-album-debut\/#primaryimage\"},\"image\":{\"@id\":\"https:\/\/web.consaguirre.com.ar\/noticias\/secret-garden-anuncia-la-edicion-del-30-aniversario-del-album-debut\/#primaryimage\"},\"thumbnailUrl\":\"https:\/\/web.consaguirre.com.ar\/noticias\/wp-content\/uploads\/2025\/02\/Secret-Garden-anuncia-la-edicion-del-30-aniversario-del-album.jpg\",\"datePublished\":\"2025-02-22T05:40:00+00:00\",\"dateModified\":\"2025-02-22T05:40:02+00:00\",\"breadcrumb\":{\"@id\":\"https:\/\/web.consaguirre.com.ar\/noticias\/secret-garden-anuncia-la-edicion-del-30-aniversario-del-album-debut\/#breadcrumb\"},\"inLanguage\":\"es-AR\",\"potentialAction\":[{\"@type\":\"ReadAction\",\"target\":[\"https:\/\/web.consaguirre.com.ar\/noticias\/secret-garden-anuncia-la-edicion-del-30-aniversario-del-album-debut\/\"]}]},{\"@type\":\"ImageObject\",\"inLanguage\":\"es-AR\",\"@id\":\"https:\/\/web.consaguirre.com.ar\/noticias\/secret-garden-anuncia-la-edicion-del-30-aniversario-del-album-debut\/#primaryimage\",\"url\":\"https:\/\/web.consaguirre.com.ar\/noticias\/wp-content\/uploads\/2025\/02\/Secret-Garden-anuncia-la-edicion-del-30-aniversario-del-album.jpg\",\"contentUrl\":\"https:\/\/web.consaguirre.com.ar\/noticias\/wp-content\/uploads\/2025\/02\/Secret-Garden-anuncia-la-edicion-del-30-aniversario-del-album.jpg\",\"width\":1280,\"height\":1280,\"caption\":\"Secret Garden anuncia la edici\u00f3n del 30 aniversario del \u00e1lbum debut\"},{\"@type\":\"BreadcrumbList\",\"@id\":\"https:\/\/web.consaguirre.com.ar\/noticias\/secret-garden-anuncia-la-edicion-del-30-aniversario-del-album-debut\/#breadcrumb\",\"itemListElement\":[{\"@type\":\"ListItem\",\"position\":1,\"name\":\"Inicio\",\"item\":\"https:\/\/web.consaguirre.com.ar\/noticias\/\"},{\"@type\":\"ListItem\",\"position\":2,\"name\":\"Secret Garden anuncia la edici\u00f3n del 30 aniversario del \u00e1lbum debut\"}]},{\"@type\":\"WebSite\",\"@id\":\"https:\/\/web.consaguirre.com.ar\/noticias\/#website\",\"url\":\"https:\/\/web.consaguirre.com.ar\/noticias\/\",\"name\":\"Conservatorio de M\u00fasica Juli\u00e1n Aguirre\",\"description\":\"\",\"publisher\":{\"@id\":\"https:\/\/web.consaguirre.com.ar\/noticias\/#organization\"},\"potentialAction\":[{\"@type\":\"SearchAction\",\"target\":{\"@type\":\"EntryPoint\",\"urlTemplate\":\"https:\/\/web.consaguirre.com.ar\/noticias\/?s={search_term_string}\"},\"query-input\":\"required name=search_term_string\"}],\"inLanguage\":\"es-AR\"},{\"@type\":\"Organization\",\"@id\":\"https:\/\/web.consaguirre.com.ar\/noticias\/#organization\",\"name\":\"Conservatorio de M\u00fasica Juli\u00e1n Aguirre\",\"url\":\"https:\/\/web.consaguirre.com.ar\/noticias\/\",\"logo\":{\"@type\":\"ImageObject\",\"inLanguage\":\"es-AR\",\"@id\":\"https:\/\/web.consaguirre.com.ar\/noticias\/#\/schema\/logo\/image\/\",\"url\":\"https:\/\/web.consaguirre.com.ar\/noticias\/wp-content\/uploads\/2024\/08\/Banner-Aguirre-23.jpg\",\"contentUrl\":\"https:\/\/web.consaguirre.com.ar\/noticias\/wp-content\/uploads\/2024\/08\/Banner-Aguirre-23.jpg\",\"width\":1192,\"height\":600,\"caption\":\"Conservatorio de M\u00fasica Juli\u00e1n Aguirre\"},\"image\":{\"@id\":\"https:\/\/web.consaguirre.com.ar\/noticias\/#\/schema\/logo\/image\/\"}},{\"@type\":\"Person\",\"@id\":\"https:\/\/web.consaguirre.com.ar\/noticias\/#\/schema\/person\/6558b0cfedee7ddc5425602b237d5722\",\"name\":\"Javier Figueroa\",\"image\":{\"@type\":\"ImageObject\",\"inLanguage\":\"es-AR\",\"@id\":\"https:\/\/web.consaguirre.com.ar\/noticias\/#\/schema\/person\/image\/\",\"url\":\"https:\/\/web.consaguirre.com.ar\/noticias\/wp-content\/uploads\/2024\/08\/Consaguirre-scaled.jpg\",\"contentUrl\":\"https:\/\/web.consaguirre.com.ar\/noticias\/wp-content\/uploads\/2024\/08\/Consaguirre-scaled.jpg\",\"caption\":\"Javier Figueroa\"},\"description\":\"Me llamo Javier Figueroa y soy redactor para el sitio oficial del Conservatorio de M\u00fasica Juli\u00e1n Aguirre en Buenos Aires, consaguirre.com. Apasionado por la m\u00fasica y la escritura, me esfuerzo por destacar los talentos y eventos de nuestra prestigiosa instituci\u00f3n. Mi trayectoria se nutre de una profunda admiraci\u00f3n por los artistas, haciendo de cada art\u00edculo una celebraci\u00f3n de la creatividad y la cultura musical.\",\"sameAs\":[\"https:\/\/web.consaguirre.com.ar\/noticias\"]}]}<\/script>\n<!-- \/ Yoast SEO plugin. -->","yoast_head_json":{"title":"Secret Garden anuncia la edici\u00f3n del 30 aniversario del \u00e1lbum debut","robots":{"index":"index","follow":"follow","max-snippet":"max-snippet:-1","max-image-preview":"max-image-preview:large","max-video-preview":"max-video-preview:-1"},"canonical":"https:\/\/web.consaguirre.com.ar\/noticias\/secret-garden-anuncia-la-edicion-del-30-aniversario-del-album-debut\/","og_locale":"es_ES","og_type":"article","og_title":"Secret Garden anuncia la edici\u00f3n del 30 aniversario del \u00e1lbum debut","og_description":"D\u00fao irland\u00e9s-noruego Jard\u00edn secreto he anunciado una edici\u00f3n del 30 aniversario de su \u00e1lbum debut de 1995, Canciones de un jard\u00edn secreto. Combinando m\u00fasica tradicional","og_url":"https:\/\/web.consaguirre.com.ar\/noticias\/secret-garden-anuncia-la-edicion-del-30-aniversario-del-album-debut\/","og_site_name":"Conservatorio de M\u00fasica Juli\u00e1n Aguirre","article_published_time":"2025-02-22T05:40:00+00:00","article_modified_time":"2025-02-22T05:40:02+00:00","og_image":[{"width":1280,"height":1280,"url":"https:\/\/web.consaguirre.com.ar\/noticias\/wp-content\/uploads\/2025\/02\/Secret-Garden-anuncia-la-edicion-del-30-aniversario-del-album.jpg","type":"image\/jpeg"}],"author":"Javier Figueroa","twitter_card":"summary_large_image","twitter_misc":{"Escrito por":"Javier Figueroa","Tiempo de lectura":"2 minutos"},"schema":{"@context":"https:\/\/schema.org","@graph":[{"@type":"Article","@id":"https:\/\/web.consaguirre.com.ar\/noticias\/secret-garden-anuncia-la-edicion-del-30-aniversario-del-album-debut\/#article","isPartOf":{"@id":"https:\/\/web.consaguirre.com.ar\/noticias\/secret-garden-anuncia-la-edicion-del-30-aniversario-del-album-debut\/"},"author":{"name":"Javier Figueroa","@id":"https:\/\/web.consaguirre.com.ar\/noticias\/#\/schema\/person\/6558b0cfedee7ddc5425602b237d5722"},"headline":"Secret Garden anuncia la edici\u00f3n del 30 aniversario del \u00e1lbum debut","datePublished":"2025-02-22T05:40:00+00:00","dateModified":"2025-02-22T05:40:02+00:00","mainEntityOfPage":{"@id":"https:\/\/web.consaguirre.com.ar\/noticias\/secret-garden-anuncia-la-edicion-del-30-aniversario-del-album-debut\/"},"wordCount":333,"publisher":{"@id":"https:\/\/web.consaguirre.com.ar\/noticias\/#organization"},"image":{"@id":"https:\/\/web.consaguirre.com.ar\/noticias\/secret-garden-anuncia-la-edicion-del-30-aniversario-del-album-debut\/#primaryimage"},"thumbnailUrl":"https:\/\/web.consaguirre.com.ar\/noticias\/wp-content\/uploads\/2025\/02\/Secret-Garden-anuncia-la-edicion-del-30-aniversario-del-album.jpg","keywords":["\u00e1lbum","aniversario","anuncia","debut","del","edici\u00f3n","Garden","Secret"],"articleSection":["El \u00faltimo"],"inLanguage":"es-AR"},{"@type":"WebPage","@id":"https:\/\/web.consaguirre.com.ar\/noticias\/secret-garden-anuncia-la-edicion-del-30-aniversario-del-album-debut\/","url":"https:\/\/web.consaguirre.com.ar\/noticias\/secret-garden-anuncia-la-edicion-del-30-aniversario-del-album-debut\/","name":"Secret Garden anuncia la edici\u00f3n del 30 aniversario del \u00e1lbum debut","isPartOf":{"@id":"https:\/\/web.consaguirre.com.ar\/noticias\/#website"},"primaryImageOfPage":{"@id":"https:\/\/web.consaguirre.com.ar\/noticias\/secret-garden-anuncia-la-edicion-del-30-aniversario-del-album-debut\/#primaryimage"},"image":{"@id":"https:\/\/web.consaguirre.com.ar\/noticias\/secret-garden-anuncia-la-edicion-del-30-aniversario-del-album-debut\/#primaryimage"},"thumbnailUrl":"https:\/\/web.consaguirre.com.ar\/noticias\/wp-content\/uploads\/2025\/02\/Secret-Garden-anuncia-la-edicion-del-30-aniversario-del-album.jpg","datePublished":"2025-02-22T05:40:00+00:00","dateModified":"2025-02-22T05:40:02+00:00","breadcrumb":{"@id":"https:\/\/web.consaguirre.com.ar\/noticias\/secret-garden-anuncia-la-edicion-del-30-aniversario-del-album-debut\/#breadcrumb"},"inLanguage":"es-AR","potentialAction":[{"@type":"ReadAction","target":["https:\/\/web.consaguirre.com.ar\/noticias\/secret-garden-anuncia-la-edicion-del-30-aniversario-del-album-debut\/"]}]},{"@type":"ImageObject","inLanguage":"es-AR","@id":"https:\/\/web.consaguirre.com.ar\/noticias\/secret-garden-anuncia-la-edicion-del-30-aniversario-del-album-debut\/#primaryimage","url":"https:\/\/web.consaguirre.com.ar\/noticias\/wp-content\/uploads\/2025\/02\/Secret-Garden-anuncia-la-edicion-del-30-aniversario-del-album.jpg","contentUrl":"https:\/\/web.consaguirre.com.ar\/noticias\/wp-content\/uploads\/2025\/02\/Secret-Garden-anuncia-la-edicion-del-30-aniversario-del-album.jpg","width":1280,"height":1280,"caption":"Secret Garden anuncia la edici\u00f3n del 30 aniversario del \u00e1lbum debut"},{"@type":"BreadcrumbList","@id":"https:\/\/web.consaguirre.com.ar\/noticias\/secret-garden-anuncia-la-edicion-del-30-aniversario-del-album-debut\/#breadcrumb","itemListElement":[{"@type":"ListItem","position":1,"name":"Inicio","item":"https:\/\/web.consaguirre.com.ar\/noticias\/"},{"@type":"ListItem","position":2,"name":"Secret Garden anuncia la edici\u00f3n del 30 aniversario del \u00e1lbum debut"}]},{"@type":"WebSite","@id":"https:\/\/web.consaguirre.com.ar\/noticias\/#website","url":"https:\/\/web.consaguirre.com.ar\/noticias\/","name":"Conservatorio de M\u00fasica Juli\u00e1n Aguirre","description":"","publisher":{"@id":"https:\/\/web.consaguirre.com.ar\/noticias\/#organization"},"potentialAction":[{"@type":"SearchAction","target":{"@type":"EntryPoint","urlTemplate":"https:\/\/web.consaguirre.com.ar\/noticias\/?s={search_term_string}"},"query-input":"required name=search_term_string"}],"inLanguage":"es-AR"},{"@type":"Organization","@id":"https:\/\/web.consaguirre.com.ar\/noticias\/#organization","name":"Conservatorio de M\u00fasica Juli\u00e1n Aguirre","url":"https:\/\/web.consaguirre.com.ar\/noticias\/","logo":{"@type":"ImageObject","inLanguage":"es-AR","@id":"https:\/\/web.consaguirre.com.ar\/noticias\/#\/schema\/logo\/image\/","url":"https:\/\/web.consaguirre.com.ar\/noticias\/wp-content\/uploads\/2024\/08\/Banner-Aguirre-23.jpg","contentUrl":"https:\/\/web.consaguirre.com.ar\/noticias\/wp-content\/uploads\/2024\/08\/Banner-Aguirre-23.jpg","width":1192,"height":600,"caption":"Conservatorio de M\u00fasica Juli\u00e1n Aguirre"},"image":{"@id":"https:\/\/web.consaguirre.com.ar\/noticias\/#\/schema\/logo\/image\/"}},{"@type":"Person","@id":"https:\/\/web.consaguirre.com.ar\/noticias\/#\/schema\/person\/6558b0cfedee7ddc5425602b237d5722","name":"Javier Figueroa","image":{"@type":"ImageObject","inLanguage":"es-AR","@id":"https:\/\/web.consaguirre.com.ar\/noticias\/#\/schema\/person\/image\/","url":"https:\/\/web.consaguirre.com.ar\/noticias\/wp-content\/uploads\/2024\/08\/Consaguirre-scaled.jpg","contentUrl":"https:\/\/web.consaguirre.com.ar\/noticias\/wp-content\/uploads\/2024\/08\/Consaguirre-scaled.jpg","caption":"Javier Figueroa"},"description":"Me llamo Javier Figueroa y soy redactor para el sitio oficial del Conservatorio de M\u00fasica Juli\u00e1n Aguirre en Buenos Aires, consaguirre.com. Apasionado por la m\u00fasica y la escritura, me esfuerzo por destacar los talentos y eventos de nuestra prestigiosa instituci\u00f3n. Mi trayectoria se nutre de una profunda admiraci\u00f3n por los artistas, haciendo de cada art\u00edculo una celebraci\u00f3n de la creatividad y la cultura musical.","sameAs":["https:\/\/web.consaguirre.com.ar\/noticias"]}]}},"_links":{"self":[{"href":"https:\/\/web.consaguirre.com.ar\/noticias\/wp-json\/wp\/v2\/posts\/1956"}],"collection":[{"href":"https:\/\/web.consaguirre.com.ar\/noticias\/wp-json\/wp\/v2\/posts"}],"about":[{"href":"https:\/\/web.consaguirre.com.ar\/noticias\/wp-json\/wp\/v2\/types\/post"}],"author":[{"embeddable":true,"href":"https:\/\/web.consaguirre.com.ar\/noticias\/wp-json\/wp\/v2\/users\/1"}],"replies":[{"embeddable":true,"href":"https:\/\/web.consaguirre.com.ar\/noticias\/wp-json\/wp\/v2\/comments?post=1956"}],"version-history":[{"count":1,"href":"https:\/\/web.consaguirre.com.ar\/noticias\/wp-json\/wp\/v2\/posts\/1956\/revisions"}],"predecessor-version":[{"id":1958,"href":"https:\/\/web.consaguirre.com.ar\/noticias\/wp-json\/wp\/v2\/posts\/1956\/revisions\/1958"}],"wp:featuredmedia":[{"embeddable":true,"href":"https:\/\/web.consaguirre.com.ar\/noticias\/wp-json\/wp\/v2\/media\/1957"}],"wp:attachment":[{"href":"https:\/\/web.consaguirre.com.ar\/noticias\/wp-json\/wp\/v2\/media?parent=1956"}],"wp:term":[{"taxonomy":"category","embeddable":true,"href":"https:\/\/web.consaguirre.com.ar\/noticias\/wp-json\/wp\/v2\/categories?post=1956"},{"taxonomy":"post_tag","embeddable":true,"href":"https:\/\/web.consaguirre.com.ar\/noticias\/wp-json\/wp\/v2\/tags?post=1956"}],"curies":[{"name":"wp","href":"https:\/\/api.w.org\/{rel}","templated":true}]}}