{"id":1950,"date":"2025-02-21T20:39:49","date_gmt":"2025-02-21T23:39:49","guid":{"rendered":"https:\/\/web.consaguirre.com.ar\/noticias\/ll-cool-j-patea-la-serie-de-reedicion-de-vinilo\/"},"modified":"2025-02-21T20:39:50","modified_gmt":"2025-02-21T23:39:50","slug":"ll-cool-j-patea-la-serie-de-reedicion-de-vinilo","status":"publish","type":"post","link":"https:\/\/web.consaguirre.com.ar\/noticias\/ll-cool-j-patea-la-serie-de-reedicion-de-vinilo\/","title":{"rendered":"LL Cool J patea la serie de reedici\u00f3n de vinilo"},"content":{"rendered":"<p>Cuatro d\u00e9cadas despu\u00e9s de lanzar su \u00e1lbum debut. <em>Radio<\/em>, <strong>LL Cool J<\/strong> ha iniciado una nueva serie de reediciones de vinilo con nuevas ediciones de dos de sus mayores registros: 1996&#8217;s <strong><em>Todo el mundo: mayores \u00e9xitos<\/em><\/strong>  y 1997 <strong><em>Fen\u00f3meno<\/em><\/strong>.<\/p>\n<p>Lanzado poco m\u00e1s de diez a\u00f1os en la carrera de LL Cool J, la RIAA Certificada <em>Todo el mundo: mayores \u00e9xitos<\/em> Fue un testimonio temprano de su incomparable cuerpo de trabajo, recolectando \u00e9xitos de sus primeros seis LP. Presentaba enormes singles como &#8220;Rock the Bells&#8221; y &#8220;Mama Said Knock You Out&#8221;, que muestrea el primero. Como parte de la celebraci\u00f3n, &#8220;Rock the Bells&#8221; tambi\u00e9n tiene un video musical por primera vez, un montaje en blanco y negro de neoyorquinos que rapeando la canci\u00f3n en su vida cotidiana, y dirigi\u00f3 a Gregory Brunkalla.<\/p>\n<div class=\"uD-YT-container\"><img decoding=\"async\" src=\"https:\/\/web.consaguirre.com.ar\/noticias\/wp-content\/uploads\/2025\/02\/1740181189_577_LL-Cool-J-patea-la-serie-de-reedicion-de-vinilo.jpg\" alt=\"Video de YouTube\"><br \/>Haga clic para cargar video<\/div>\n<p><em>Fen\u00f3meno<\/em> seguido directamente despu\u00e9s en 1997, alcanzando su punto m\u00e1ximo en el n\u00famero 7 en el Billboard 200 y tambi\u00e9n obteniendo una certificaci\u00f3n RIAA Platinum. La lista de canciones inclu\u00eda destacadas como &#8220;Candy&#8221; con Ricky Bell y Ralph Tresvant, y &#8220;Hot, Hot, Hot&#8221;, que prob\u00f3 especialmente el &#8220;Pleasure of Love&#8221; de Tom Tom Club &#8220;. El proceso de grabaci\u00f3n no estuvo sin alg\u00fan drama. La pista producida por el serm\u00f3n Erick &#8220;4, 3, 2, 1&#8221; coloc\u00f3 ll Cool J junto con Method Man, Redman, DMX y Canibus. Pero despu\u00e9s de una de las l\u00edneas de Canibus ofendi\u00f3 a LL Cool J, la pista se transforma en una batalla de rap, con LL disparando algunos de sus bares m\u00e1s memorables (&#8220;Tu ingenua confianza se aplica por mi dominio&#8221;.<\/p>\n<p>Uno de los raperos m\u00e1s populares de todos los tiempos, LL Cool J se convirti\u00f3 en comienzos humildes en Brooklyn en una carrera de d\u00e9cadas. Es dos veces ganador del premio Grammy, un homenajeado del Centro Kennedy y miembro del Sal\u00f3n de la Fama del Rock &#038; Roll: su compa\u00f1\u00eda Rock The Bells abarca un festival de m\u00fasica, la estaci\u00f3n de radio SiriusXM y un extenso trabajo cultural y filantr\u00f3pico.<\/p>\n<p>En una entrevista reciente para Apple Music, LL reflexion\u00f3 sobre su carrera, compartiendo: &#8220;Voy a decir esto humildemente, pero realmente quiero decir esto &#8230; Creo que alg\u00fan d\u00eda la gente se despierta y se dar\u00e1 cuenta de que LL Cool J es el rapero m\u00e1s importante que jam\u00e1s haya existido. Realmente creo que alg\u00fan d\u00eda la gente va a decir eso &#8220;.<\/p>\n<p><strong>Mira el video musical oficial de &#8220;Rock The Bells&#8221; de LL Cool J Now.<\/strong><\/p>\n","protected":false},"excerpt":{"rendered":"<p>Cuatro d\u00e9cadas despu\u00e9s de lanzar su \u00e1lbum debut. Radio, LL Cool J ha iniciado una nueva serie de reediciones de vinilo con nuevas ediciones de<\/p>\n","protected":false},"author":1,"featured_media":1951,"comment_status":"closed","ping_status":"","sticky":false,"template":"","format":"standard","meta":{"footnotes":""},"categories":[50],"tags":[1954,1955,117,220,87],"class_list":["post-1950","post","type-post","status-publish","format-standard","has-post-thumbnail","hentry","category-el-ultimo","tag-cool","tag-patea","tag-reedicion","tag-serie","tag-vinilo","generate-columns","tablet-grid-50","mobile-grid-100","grid-parent","grid-50"],"yoast_head":"<!-- This site is optimized with the Yoast SEO plugin v23.3 - https:\/\/yoast.com\/wordpress\/plugins\/seo\/ -->\n<title>LL Cool J patea la serie de reedici\u00f3n de vinilo<\/title>\n<meta name=\"robots\" content=\"index, follow, max-snippet:-1, max-image-preview:large, max-video-preview:-1\" \/>\n<link rel=\"canonical\" href=\"https:\/\/web.consaguirre.com.ar\/noticias\/ll-cool-j-patea-la-serie-de-reedicion-de-vinilo\/\" \/>\n<meta property=\"og:locale\" content=\"es_ES\" \/>\n<meta property=\"og:type\" content=\"article\" \/>\n<meta property=\"og:title\" content=\"LL Cool J patea la serie de reedici\u00f3n de vinilo\" \/>\n<meta property=\"og:description\" content=\"Cuatro d\u00e9cadas despu\u00e9s de lanzar su \u00e1lbum debut. Radio, LL Cool J ha iniciado una nueva serie de reediciones de vinilo con nuevas ediciones de\" \/>\n<meta property=\"og:url\" content=\"https:\/\/web.consaguirre.com.ar\/noticias\/ll-cool-j-patea-la-serie-de-reedicion-de-vinilo\/\" \/>\n<meta property=\"og:site_name\" content=\"Conservatorio de M\u00fasica Juli\u00e1n Aguirre\" \/>\n<meta property=\"article:published_time\" content=\"2025-02-21T23:39:49+00:00\" \/>\n<meta property=\"article:modified_time\" content=\"2025-02-21T23:39:50+00:00\" \/>\n<meta property=\"og:image\" content=\"https:\/\/web.consaguirre.com.ar\/noticias\/wp-content\/uploads\/2025\/02\/LL-Cool-J-patea-la-serie-de-reedicion-de-vinilo.jpg\" \/>\n\t<meta property=\"og:image:width\" content=\"1280\" \/>\n\t<meta property=\"og:image:height\" content=\"1280\" \/>\n\t<meta property=\"og:image:type\" content=\"image\/jpeg\" \/>\n<meta name=\"author\" content=\"Javier Figueroa\" \/>\n<meta name=\"twitter:card\" content=\"summary_large_image\" \/>\n<meta name=\"twitter:label1\" content=\"Escrito por\" \/>\n\t<meta name=\"twitter:data1\" content=\"Javier Figueroa\" \/>\n\t<meta name=\"twitter:label2\" content=\"Tiempo de lectura\" \/>\n\t<meta name=\"twitter:data2\" content=\"2 minutos\" \/>\n<script type=\"application\/ld+json\" class=\"yoast-schema-graph\">{\"@context\":\"https:\/\/schema.org\",\"@graph\":[{\"@type\":\"Article\",\"@id\":\"https:\/\/web.consaguirre.com.ar\/noticias\/ll-cool-j-patea-la-serie-de-reedicion-de-vinilo\/#article\",\"isPartOf\":{\"@id\":\"https:\/\/web.consaguirre.com.ar\/noticias\/ll-cool-j-patea-la-serie-de-reedicion-de-vinilo\/\"},\"author\":{\"name\":\"Javier Figueroa\",\"@id\":\"https:\/\/web.consaguirre.com.ar\/noticias\/#\/schema\/person\/6558b0cfedee7ddc5425602b237d5722\"},\"headline\":\"LL Cool J patea la serie de reedici\u00f3n de vinilo\",\"datePublished\":\"2025-02-21T23:39:49+00:00\",\"dateModified\":\"2025-02-21T23:39:50+00:00\",\"mainEntityOfPage\":{\"@id\":\"https:\/\/web.consaguirre.com.ar\/noticias\/ll-cool-j-patea-la-serie-de-reedicion-de-vinilo\/\"},\"wordCount\":442,\"publisher\":{\"@id\":\"https:\/\/web.consaguirre.com.ar\/noticias\/#organization\"},\"image\":{\"@id\":\"https:\/\/web.consaguirre.com.ar\/noticias\/ll-cool-j-patea-la-serie-de-reedicion-de-vinilo\/#primaryimage\"},\"thumbnailUrl\":\"https:\/\/web.consaguirre.com.ar\/noticias\/wp-content\/uploads\/2025\/02\/LL-Cool-J-patea-la-serie-de-reedicion-de-vinilo.jpg\",\"keywords\":[\"Cool\",\"patea\",\"reedici\u00f3n\",\"serie\",\"vinilo\"],\"articleSection\":[\"El \u00faltimo\"],\"inLanguage\":\"es-AR\"},{\"@type\":\"WebPage\",\"@id\":\"https:\/\/web.consaguirre.com.ar\/noticias\/ll-cool-j-patea-la-serie-de-reedicion-de-vinilo\/\",\"url\":\"https:\/\/web.consaguirre.com.ar\/noticias\/ll-cool-j-patea-la-serie-de-reedicion-de-vinilo\/\",\"name\":\"LL Cool J patea la serie de reedici\u00f3n de vinilo\",\"isPartOf\":{\"@id\":\"https:\/\/web.consaguirre.com.ar\/noticias\/#website\"},\"primaryImageOfPage\":{\"@id\":\"https:\/\/web.consaguirre.com.ar\/noticias\/ll-cool-j-patea-la-serie-de-reedicion-de-vinilo\/#primaryimage\"},\"image\":{\"@id\":\"https:\/\/web.consaguirre.com.ar\/noticias\/ll-cool-j-patea-la-serie-de-reedicion-de-vinilo\/#primaryimage\"},\"thumbnailUrl\":\"https:\/\/web.consaguirre.com.ar\/noticias\/wp-content\/uploads\/2025\/02\/LL-Cool-J-patea-la-serie-de-reedicion-de-vinilo.jpg\",\"datePublished\":\"2025-02-21T23:39:49+00:00\",\"dateModified\":\"2025-02-21T23:39:50+00:00\",\"breadcrumb\":{\"@id\":\"https:\/\/web.consaguirre.com.ar\/noticias\/ll-cool-j-patea-la-serie-de-reedicion-de-vinilo\/#breadcrumb\"},\"inLanguage\":\"es-AR\",\"potentialAction\":[{\"@type\":\"ReadAction\",\"target\":[\"https:\/\/web.consaguirre.com.ar\/noticias\/ll-cool-j-patea-la-serie-de-reedicion-de-vinilo\/\"]}]},{\"@type\":\"ImageObject\",\"inLanguage\":\"es-AR\",\"@id\":\"https:\/\/web.consaguirre.com.ar\/noticias\/ll-cool-j-patea-la-serie-de-reedicion-de-vinilo\/#primaryimage\",\"url\":\"https:\/\/web.consaguirre.com.ar\/noticias\/wp-content\/uploads\/2025\/02\/LL-Cool-J-patea-la-serie-de-reedicion-de-vinilo.jpg\",\"contentUrl\":\"https:\/\/web.consaguirre.com.ar\/noticias\/wp-content\/uploads\/2025\/02\/LL-Cool-J-patea-la-serie-de-reedicion-de-vinilo.jpg\",\"width\":1280,\"height\":1280,\"caption\":\"LL Cool J patea la serie de reedici\u00f3n de vinilo\"},{\"@type\":\"BreadcrumbList\",\"@id\":\"https:\/\/web.consaguirre.com.ar\/noticias\/ll-cool-j-patea-la-serie-de-reedicion-de-vinilo\/#breadcrumb\",\"itemListElement\":[{\"@type\":\"ListItem\",\"position\":1,\"name\":\"Inicio\",\"item\":\"https:\/\/web.consaguirre.com.ar\/noticias\/\"},{\"@type\":\"ListItem\",\"position\":2,\"name\":\"LL Cool J patea la serie de reedici\u00f3n de vinilo\"}]},{\"@type\":\"WebSite\",\"@id\":\"https:\/\/web.consaguirre.com.ar\/noticias\/#website\",\"url\":\"https:\/\/web.consaguirre.com.ar\/noticias\/\",\"name\":\"Conservatorio de M\u00fasica Juli\u00e1n Aguirre\",\"description\":\"\",\"publisher\":{\"@id\":\"https:\/\/web.consaguirre.com.ar\/noticias\/#organization\"},\"potentialAction\":[{\"@type\":\"SearchAction\",\"target\":{\"@type\":\"EntryPoint\",\"urlTemplate\":\"https:\/\/web.consaguirre.com.ar\/noticias\/?s={search_term_string}\"},\"query-input\":\"required name=search_term_string\"}],\"inLanguage\":\"es-AR\"},{\"@type\":\"Organization\",\"@id\":\"https:\/\/web.consaguirre.com.ar\/noticias\/#organization\",\"name\":\"Conservatorio de M\u00fasica Juli\u00e1n Aguirre\",\"url\":\"https:\/\/web.consaguirre.com.ar\/noticias\/\",\"logo\":{\"@type\":\"ImageObject\",\"inLanguage\":\"es-AR\",\"@id\":\"https:\/\/web.consaguirre.com.ar\/noticias\/#\/schema\/logo\/image\/\",\"url\":\"https:\/\/web.consaguirre.com.ar\/noticias\/wp-content\/uploads\/2024\/08\/Banner-Aguirre-23.jpg\",\"contentUrl\":\"https:\/\/web.consaguirre.com.ar\/noticias\/wp-content\/uploads\/2024\/08\/Banner-Aguirre-23.jpg\",\"width\":1192,\"height\":600,\"caption\":\"Conservatorio de M\u00fasica Juli\u00e1n Aguirre\"},\"image\":{\"@id\":\"https:\/\/web.consaguirre.com.ar\/noticias\/#\/schema\/logo\/image\/\"}},{\"@type\":\"Person\",\"@id\":\"https:\/\/web.consaguirre.com.ar\/noticias\/#\/schema\/person\/6558b0cfedee7ddc5425602b237d5722\",\"name\":\"Javier Figueroa\",\"image\":{\"@type\":\"ImageObject\",\"inLanguage\":\"es-AR\",\"@id\":\"https:\/\/web.consaguirre.com.ar\/noticias\/#\/schema\/person\/image\/\",\"url\":\"https:\/\/web.consaguirre.com.ar\/noticias\/wp-content\/uploads\/2024\/08\/Consaguirre-scaled.jpg\",\"contentUrl\":\"https:\/\/web.consaguirre.com.ar\/noticias\/wp-content\/uploads\/2024\/08\/Consaguirre-scaled.jpg\",\"caption\":\"Javier Figueroa\"},\"description\":\"Me llamo Javier Figueroa y soy redactor para el sitio oficial del Conservatorio de M\u00fasica Juli\u00e1n Aguirre en Buenos Aires, consaguirre.com. Apasionado por la m\u00fasica y la escritura, me esfuerzo por destacar los talentos y eventos de nuestra prestigiosa instituci\u00f3n. Mi trayectoria se nutre de una profunda admiraci\u00f3n por los artistas, haciendo de cada art\u00edculo una celebraci\u00f3n de la creatividad y la cultura musical.\",\"sameAs\":[\"https:\/\/web.consaguirre.com.ar\/noticias\"]}]}<\/script>\n<!-- \/ Yoast SEO plugin. -->","yoast_head_json":{"title":"LL Cool J patea la serie de reedici\u00f3n de vinilo","robots":{"index":"index","follow":"follow","max-snippet":"max-snippet:-1","max-image-preview":"max-image-preview:large","max-video-preview":"max-video-preview:-1"},"canonical":"https:\/\/web.consaguirre.com.ar\/noticias\/ll-cool-j-patea-la-serie-de-reedicion-de-vinilo\/","og_locale":"es_ES","og_type":"article","og_title":"LL Cool J patea la serie de reedici\u00f3n de vinilo","og_description":"Cuatro d\u00e9cadas despu\u00e9s de lanzar su \u00e1lbum debut. Radio, LL Cool J ha iniciado una nueva serie de reediciones de vinilo con nuevas ediciones de","og_url":"https:\/\/web.consaguirre.com.ar\/noticias\/ll-cool-j-patea-la-serie-de-reedicion-de-vinilo\/","og_site_name":"Conservatorio de M\u00fasica Juli\u00e1n Aguirre","article_published_time":"2025-02-21T23:39:49+00:00","article_modified_time":"2025-02-21T23:39:50+00:00","og_image":[{"width":1280,"height":1280,"url":"https:\/\/web.consaguirre.com.ar\/noticias\/wp-content\/uploads\/2025\/02\/LL-Cool-J-patea-la-serie-de-reedicion-de-vinilo.jpg","type":"image\/jpeg"}],"author":"Javier Figueroa","twitter_card":"summary_large_image","twitter_misc":{"Escrito por":"Javier Figueroa","Tiempo de lectura":"2 minutos"},"schema":{"@context":"https:\/\/schema.org","@graph":[{"@type":"Article","@id":"https:\/\/web.consaguirre.com.ar\/noticias\/ll-cool-j-patea-la-serie-de-reedicion-de-vinilo\/#article","isPartOf":{"@id":"https:\/\/web.consaguirre.com.ar\/noticias\/ll-cool-j-patea-la-serie-de-reedicion-de-vinilo\/"},"author":{"name":"Javier Figueroa","@id":"https:\/\/web.consaguirre.com.ar\/noticias\/#\/schema\/person\/6558b0cfedee7ddc5425602b237d5722"},"headline":"LL Cool J patea la serie de reedici\u00f3n de vinilo","datePublished":"2025-02-21T23:39:49+00:00","dateModified":"2025-02-21T23:39:50+00:00","mainEntityOfPage":{"@id":"https:\/\/web.consaguirre.com.ar\/noticias\/ll-cool-j-patea-la-serie-de-reedicion-de-vinilo\/"},"wordCount":442,"publisher":{"@id":"https:\/\/web.consaguirre.com.ar\/noticias\/#organization"},"image":{"@id":"https:\/\/web.consaguirre.com.ar\/noticias\/ll-cool-j-patea-la-serie-de-reedicion-de-vinilo\/#primaryimage"},"thumbnailUrl":"https:\/\/web.consaguirre.com.ar\/noticias\/wp-content\/uploads\/2025\/02\/LL-Cool-J-patea-la-serie-de-reedicion-de-vinilo.jpg","keywords":["Cool","patea","reedici\u00f3n","serie","vinilo"],"articleSection":["El \u00faltimo"],"inLanguage":"es-AR"},{"@type":"WebPage","@id":"https:\/\/web.consaguirre.com.ar\/noticias\/ll-cool-j-patea-la-serie-de-reedicion-de-vinilo\/","url":"https:\/\/web.consaguirre.com.ar\/noticias\/ll-cool-j-patea-la-serie-de-reedicion-de-vinilo\/","name":"LL Cool J patea la serie de reedici\u00f3n de vinilo","isPartOf":{"@id":"https:\/\/web.consaguirre.com.ar\/noticias\/#website"},"primaryImageOfPage":{"@id":"https:\/\/web.consaguirre.com.ar\/noticias\/ll-cool-j-patea-la-serie-de-reedicion-de-vinilo\/#primaryimage"},"image":{"@id":"https:\/\/web.consaguirre.com.ar\/noticias\/ll-cool-j-patea-la-serie-de-reedicion-de-vinilo\/#primaryimage"},"thumbnailUrl":"https:\/\/web.consaguirre.com.ar\/noticias\/wp-content\/uploads\/2025\/02\/LL-Cool-J-patea-la-serie-de-reedicion-de-vinilo.jpg","datePublished":"2025-02-21T23:39:49+00:00","dateModified":"2025-02-21T23:39:50+00:00","breadcrumb":{"@id":"https:\/\/web.consaguirre.com.ar\/noticias\/ll-cool-j-patea-la-serie-de-reedicion-de-vinilo\/#breadcrumb"},"inLanguage":"es-AR","potentialAction":[{"@type":"ReadAction","target":["https:\/\/web.consaguirre.com.ar\/noticias\/ll-cool-j-patea-la-serie-de-reedicion-de-vinilo\/"]}]},{"@type":"ImageObject","inLanguage":"es-AR","@id":"https:\/\/web.consaguirre.com.ar\/noticias\/ll-cool-j-patea-la-serie-de-reedicion-de-vinilo\/#primaryimage","url":"https:\/\/web.consaguirre.com.ar\/noticias\/wp-content\/uploads\/2025\/02\/LL-Cool-J-patea-la-serie-de-reedicion-de-vinilo.jpg","contentUrl":"https:\/\/web.consaguirre.com.ar\/noticias\/wp-content\/uploads\/2025\/02\/LL-Cool-J-patea-la-serie-de-reedicion-de-vinilo.jpg","width":1280,"height":1280,"caption":"LL Cool J patea la serie de reedici\u00f3n de vinilo"},{"@type":"BreadcrumbList","@id":"https:\/\/web.consaguirre.com.ar\/noticias\/ll-cool-j-patea-la-serie-de-reedicion-de-vinilo\/#breadcrumb","itemListElement":[{"@type":"ListItem","position":1,"name":"Inicio","item":"https:\/\/web.consaguirre.com.ar\/noticias\/"},{"@type":"ListItem","position":2,"name":"LL Cool J patea la serie de reedici\u00f3n de vinilo"}]},{"@type":"WebSite","@id":"https:\/\/web.consaguirre.com.ar\/noticias\/#website","url":"https:\/\/web.consaguirre.com.ar\/noticias\/","name":"Conservatorio de M\u00fasica Juli\u00e1n Aguirre","description":"","publisher":{"@id":"https:\/\/web.consaguirre.com.ar\/noticias\/#organization"},"potentialAction":[{"@type":"SearchAction","target":{"@type":"EntryPoint","urlTemplate":"https:\/\/web.consaguirre.com.ar\/noticias\/?s={search_term_string}"},"query-input":"required name=search_term_string"}],"inLanguage":"es-AR"},{"@type":"Organization","@id":"https:\/\/web.consaguirre.com.ar\/noticias\/#organization","name":"Conservatorio de M\u00fasica Juli\u00e1n Aguirre","url":"https:\/\/web.consaguirre.com.ar\/noticias\/","logo":{"@type":"ImageObject","inLanguage":"es-AR","@id":"https:\/\/web.consaguirre.com.ar\/noticias\/#\/schema\/logo\/image\/","url":"https:\/\/web.consaguirre.com.ar\/noticias\/wp-content\/uploads\/2024\/08\/Banner-Aguirre-23.jpg","contentUrl":"https:\/\/web.consaguirre.com.ar\/noticias\/wp-content\/uploads\/2024\/08\/Banner-Aguirre-23.jpg","width":1192,"height":600,"caption":"Conservatorio de M\u00fasica Juli\u00e1n Aguirre"},"image":{"@id":"https:\/\/web.consaguirre.com.ar\/noticias\/#\/schema\/logo\/image\/"}},{"@type":"Person","@id":"https:\/\/web.consaguirre.com.ar\/noticias\/#\/schema\/person\/6558b0cfedee7ddc5425602b237d5722","name":"Javier Figueroa","image":{"@type":"ImageObject","inLanguage":"es-AR","@id":"https:\/\/web.consaguirre.com.ar\/noticias\/#\/schema\/person\/image\/","url":"https:\/\/web.consaguirre.com.ar\/noticias\/wp-content\/uploads\/2024\/08\/Consaguirre-scaled.jpg","contentUrl":"https:\/\/web.consaguirre.com.ar\/noticias\/wp-content\/uploads\/2024\/08\/Consaguirre-scaled.jpg","caption":"Javier Figueroa"},"description":"Me llamo Javier Figueroa y soy redactor para el sitio oficial del Conservatorio de M\u00fasica Juli\u00e1n Aguirre en Buenos Aires, consaguirre.com. Apasionado por la m\u00fasica y la escritura, me esfuerzo por destacar los talentos y eventos de nuestra prestigiosa instituci\u00f3n. Mi trayectoria se nutre de una profunda admiraci\u00f3n por los artistas, haciendo de cada art\u00edculo una celebraci\u00f3n de la creatividad y la cultura musical.","sameAs":["https:\/\/web.consaguirre.com.ar\/noticias"]}]}},"_links":{"self":[{"href":"https:\/\/web.consaguirre.com.ar\/noticias\/wp-json\/wp\/v2\/posts\/1950"}],"collection":[{"href":"https:\/\/web.consaguirre.com.ar\/noticias\/wp-json\/wp\/v2\/posts"}],"about":[{"href":"https:\/\/web.consaguirre.com.ar\/noticias\/wp-json\/wp\/v2\/types\/post"}],"author":[{"embeddable":true,"href":"https:\/\/web.consaguirre.com.ar\/noticias\/wp-json\/wp\/v2\/users\/1"}],"replies":[{"embeddable":true,"href":"https:\/\/web.consaguirre.com.ar\/noticias\/wp-json\/wp\/v2\/comments?post=1950"}],"version-history":[{"count":1,"href":"https:\/\/web.consaguirre.com.ar\/noticias\/wp-json\/wp\/v2\/posts\/1950\/revisions"}],"predecessor-version":[{"id":1952,"href":"https:\/\/web.consaguirre.com.ar\/noticias\/wp-json\/wp\/v2\/posts\/1950\/revisions\/1952"}],"wp:featuredmedia":[{"embeddable":true,"href":"https:\/\/web.consaguirre.com.ar\/noticias\/wp-json\/wp\/v2\/media\/1951"}],"wp:attachment":[{"href":"https:\/\/web.consaguirre.com.ar\/noticias\/wp-json\/wp\/v2\/media?parent=1950"}],"wp:term":[{"taxonomy":"category","embeddable":true,"href":"https:\/\/web.consaguirre.com.ar\/noticias\/wp-json\/wp\/v2\/categories?post=1950"},{"taxonomy":"post_tag","embeddable":true,"href":"https:\/\/web.consaguirre.com.ar\/noticias\/wp-json\/wp\/v2\/tags?post=1950"}],"curies":[{"name":"wp","href":"https:\/\/api.w.org\/{rel}","templated":true}]}}