{"id":1947,"date":"2025-02-21T17:38:10","date_gmt":"2025-02-21T20:38:10","guid":{"rendered":"https:\/\/web.consaguirre.com.ar\/noticias\/jerry-butler-ex-cantante-principal-de-impresiones-y-politico-de-chicago-muere-a-los-85-anos\/"},"modified":"2025-02-21T17:38:11","modified_gmt":"2025-02-21T20:38:11","slug":"jerry-butler-ex-cantante-principal-de-impresiones-y-politico-de-chicago-muere-a-los-85-anos","status":"publish","type":"post","link":"https:\/\/web.consaguirre.com.ar\/noticias\/jerry-butler-ex-cantante-principal-de-impresiones-y-politico-de-chicago-muere-a-los-85-anos\/","title":{"rendered":"Jerry Butler, ex cantante principal de impresiones y pol\u00edtico de Chicago, muere a los 85 a\u00f1os"},"content":{"rendered":"<p><strong>Jerry Butler<\/strong>cantante principal del grupo R&#038;B The Impressions y un consumado pol\u00edtico de Chicago, ha muerto a los 85 a\u00f1os, <em>Los Chicago Sun-Times<\/em> informes. Aunque no se revel\u00f3 ninguna causa de muerte, Butler hab\u00eda estado viviendo con la enfermedad de Parkinson.<\/p>\n<p>Un cantante de almas decorado que pas\u00f3 a servir como comisionado de la ciudad ventosa, Butler naci\u00f3 en Mississippi y cri\u00f3 en Chicago, donde comenz\u00f3 a cantar en un coro de la iglesia local. Llev\u00f3 esas voces a las impresiones despu\u00e9s de conocer a Curtis Mayfield a mediados de la d\u00e9cada de 1950. Durante sus tres a\u00f1os como impresi\u00f3n, Butler escribi\u00f3 el \u00e9xito en solitario del grupo en 1958 &#8220;For Your Precious Love&#8221; antes de partir en buenos t\u00e9rminos para seguir una carrera en solitario.<\/p>\n<div class=\"uD-YT-container\"><img decoding=\"async\" src=\"https:\/\/web.consaguirre.com.ar\/noticias\/wp-content\/uploads\/2025\/02\/1740170290_23_Jerry-Butler-ex-cantante-principal-de-impresiones-y-politico-de.jpg\" alt=\"Video de YouTube\"><br \/>Haga clic para cargar video<\/div>\n<p>Despu\u00e9s de algunos dolores de crecimiento, todo se uni\u00f3 cuando conoci\u00f3 a los arquitectos del alma de Philly Kenny Gamble y Leon Huff, con quienes desarroll\u00f3 su cl\u00e1sico \u00e1lbum de 1962 <em>El hielo viene<\/em>. Los registros generaron \u00e9xitos importantes, incluidos &#8220;Solo los fuertes sobreviven&#8221; y &#8220;Never Give You Up&#8221;. A lo largo de su carrera en solitario, Butler tambi\u00e9n escribi\u00f3 m\u00fasica para varios otros artistas. Compuso el cl\u00e1sico de Otis Redding &#8220;He estado amando demasiado&#8221;, que desde entonces ha sido cubierto por la realeza musical de Aretha Franklin a Etta James a los Rolling Stones.<\/p>\n<div class=\"uD-YT-container\"><img decoding=\"async\" src=\"https:\/\/web.consaguirre.com.ar\/noticias\/wp-content\/uploads\/2025\/02\/1740170290_431_Jerry-Butler-ex-cantante-principal-de-impresiones-y-politico-de.jpg\" alt=\"Video de YouTube\"><br \/>Haga clic para cargar video<\/div>\n<p>Con casi dos d\u00e9cadas en m\u00fasica en su haber, Butler gir\u00f3 a la pol\u00edtica m\u00e1s tarde en la vida, llegando al rango del Comisionado de la Junta del Condado de Cook, Illinois en 1994. Como dijo el Comisionado Larry Sufredin a la <em>Lector de Chicago<\/em>: &#8220;Creo que (\u00e9l) se meti\u00f3 en (pol\u00edtica) por solo una raz\u00f3n: sinti\u00f3 que ten\u00eda una voz debido a todas las bendiciones que le hab\u00edan dado y que pod\u00eda usarlo para otras personas&#8221;.<\/p>\n<p>Pero incluso cuando gir\u00f3 al servicio c\u00edvico, sus elogios de entretenimiento continuaron llegando. Las impresiones, y Butler con ellos, fueron incluidas en el Sal\u00f3n de la Fama del Rock &#038; Roll en 1991. Y como artista en solitario, Butler se uni\u00f3 al National Rhythm &#038; Blues Hall of Fame en 2015, y recibi\u00f3 su premio a logro de por vida en 2023 .<\/p>\n<p>En declaraciones al Sun-Times, Smokey Robinson llam\u00f3 a Butler &#8220;una de las grandes voces de nuestro tiempo&#8221;. En su propia declaraci\u00f3n, Gamble y Huff se hicieron eco del sentimiento, compartiendo: \u201cLamentamos profundamente y sinceramente la p\u00e9rdida de nuestro querido y antiguo amigo, el gran Jerry Butler, tambi\u00e9n conocido como &#8216;The Iceman&#8217; por su voz y comportamiento fresco y suave. \u00a1Era una leyenda musical \u00fanica!<\/p>\n<p>Butler estuvo casado con su esposa Annette, quien conoci\u00f3 mientras ella trabajaba como su cantante de respaldo, durante 60 a\u00f1os. Ella falleci\u00f3 en 2019. Butler es sobrevivido por dos hijos, Randy y Anthony.<\/p>\n","protected":false},"excerpt":{"rendered":"<p>Jerry Butlercantante principal del grupo R&#038;B The Impressions y un consumado pol\u00edtico de Chicago, ha muerto a los 85 a\u00f1os, Los Chicago Sun-Times informes. Aunque<\/p>\n","protected":false},"author":1,"featured_media":1948,"comment_status":"closed","ping_status":"","sticky":false,"template":"","format":"standard","meta":{"footnotes":""},"categories":[50],"tags":[115,1951,623,1266,1952,1950,180,564,1953,1190],"class_list":["post-1947","post","type-post","status-publish","format-standard","has-post-thumbnail","hentry","category-el-ultimo","tag-anos","tag-butler","tag-cantante","tag-chicago","tag-impresiones","tag-jerry","tag-los","tag-muere","tag-politico","tag-principal","generate-columns","tablet-grid-50","mobile-grid-100","grid-parent","grid-50"],"yoast_head":"<!-- This site is optimized with the Yoast SEO plugin v23.3 - https:\/\/yoast.com\/wordpress\/plugins\/seo\/ -->\n<title>Jerry Butler, ex cantante principal de impresiones y pol\u00edtico de Chicago, muere a los 85 a\u00f1os<\/title>\n<meta name=\"robots\" content=\"index, follow, max-snippet:-1, max-image-preview:large, max-video-preview:-1\" \/>\n<link rel=\"canonical\" href=\"https:\/\/web.consaguirre.com.ar\/noticias\/jerry-butler-ex-cantante-principal-de-impresiones-y-politico-de-chicago-muere-a-los-85-anos\/\" \/>\n<meta property=\"og:locale\" content=\"es_ES\" \/>\n<meta property=\"og:type\" content=\"article\" \/>\n<meta property=\"og:title\" content=\"Jerry Butler, ex cantante principal de impresiones y pol\u00edtico de Chicago, muere a los 85 a\u00f1os\" \/>\n<meta property=\"og:description\" content=\"Jerry Butlercantante principal del grupo R&#038;B The Impressions y un consumado pol\u00edtico de Chicago, ha muerto a los 85 a\u00f1os, Los Chicago Sun-Times informes. Aunque\" \/>\n<meta property=\"og:url\" content=\"https:\/\/web.consaguirre.com.ar\/noticias\/jerry-butler-ex-cantante-principal-de-impresiones-y-politico-de-chicago-muere-a-los-85-anos\/\" \/>\n<meta property=\"og:site_name\" content=\"Conservatorio de M\u00fasica Juli\u00e1n Aguirre\" \/>\n<meta property=\"article:published_time\" content=\"2025-02-21T20:38:10+00:00\" \/>\n<meta property=\"article:modified_time\" content=\"2025-02-21T20:38:11+00:00\" \/>\n<meta property=\"og:image\" content=\"https:\/\/web.consaguirre.com.ar\/noticias\/wp-content\/uploads\/2025\/02\/Jerry-Butler-ex-cantante-principal-de-impresiones-y-politico-de.jpg\" \/>\n\t<meta property=\"og:image:width\" content=\"1440\" \/>\n\t<meta property=\"og:image:height\" content=\"864\" \/>\n\t<meta property=\"og:image:type\" content=\"image\/jpeg\" \/>\n<meta name=\"author\" content=\"Javier Figueroa\" \/>\n<meta name=\"twitter:card\" content=\"summary_large_image\" \/>\n<meta name=\"twitter:label1\" content=\"Escrito por\" \/>\n\t<meta name=\"twitter:data1\" content=\"Javier Figueroa\" \/>\n\t<meta name=\"twitter:label2\" content=\"Tiempo de lectura\" \/>\n\t<meta name=\"twitter:data2\" content=\"2 minutos\" \/>\n<script type=\"application\/ld+json\" class=\"yoast-schema-graph\">{\"@context\":\"https:\/\/schema.org\",\"@graph\":[{\"@type\":\"Article\",\"@id\":\"https:\/\/web.consaguirre.com.ar\/noticias\/jerry-butler-ex-cantante-principal-de-impresiones-y-politico-de-chicago-muere-a-los-85-anos\/#article\",\"isPartOf\":{\"@id\":\"https:\/\/web.consaguirre.com.ar\/noticias\/jerry-butler-ex-cantante-principal-de-impresiones-y-politico-de-chicago-muere-a-los-85-anos\/\"},\"author\":{\"name\":\"Javier Figueroa\",\"@id\":\"https:\/\/web.consaguirre.com.ar\/noticias\/#\/schema\/person\/6558b0cfedee7ddc5425602b237d5722\"},\"headline\":\"Jerry Butler, ex cantante principal de impresiones y pol\u00edtico de Chicago, muere a los 85 a\u00f1os\",\"datePublished\":\"2025-02-21T20:38:10+00:00\",\"dateModified\":\"2025-02-21T20:38:11+00:00\",\"mainEntityOfPage\":{\"@id\":\"https:\/\/web.consaguirre.com.ar\/noticias\/jerry-butler-ex-cantante-principal-de-impresiones-y-politico-de-chicago-muere-a-los-85-anos\/\"},\"wordCount\":501,\"publisher\":{\"@id\":\"https:\/\/web.consaguirre.com.ar\/noticias\/#organization\"},\"image\":{\"@id\":\"https:\/\/web.consaguirre.com.ar\/noticias\/jerry-butler-ex-cantante-principal-de-impresiones-y-politico-de-chicago-muere-a-los-85-anos\/#primaryimage\"},\"thumbnailUrl\":\"https:\/\/web.consaguirre.com.ar\/noticias\/wp-content\/uploads\/2025\/02\/Jerry-Butler-ex-cantante-principal-de-impresiones-y-politico-de.jpg\",\"keywords\":[\"a\u00f1os\",\"Butler\",\"cantante\",\"Chicago\",\"impresiones\",\"Jerry\",\"los\",\"muere\",\"pol\u00edtico\",\"principal\"],\"articleSection\":[\"El \u00faltimo\"],\"inLanguage\":\"es-AR\"},{\"@type\":\"WebPage\",\"@id\":\"https:\/\/web.consaguirre.com.ar\/noticias\/jerry-butler-ex-cantante-principal-de-impresiones-y-politico-de-chicago-muere-a-los-85-anos\/\",\"url\":\"https:\/\/web.consaguirre.com.ar\/noticias\/jerry-butler-ex-cantante-principal-de-impresiones-y-politico-de-chicago-muere-a-los-85-anos\/\",\"name\":\"Jerry Butler, ex cantante principal de impresiones y pol\u00edtico de Chicago, muere a los 85 a\u00f1os\",\"isPartOf\":{\"@id\":\"https:\/\/web.consaguirre.com.ar\/noticias\/#website\"},\"primaryImageOfPage\":{\"@id\":\"https:\/\/web.consaguirre.com.ar\/noticias\/jerry-butler-ex-cantante-principal-de-impresiones-y-politico-de-chicago-muere-a-los-85-anos\/#primaryimage\"},\"image\":{\"@id\":\"https:\/\/web.consaguirre.com.ar\/noticias\/jerry-butler-ex-cantante-principal-de-impresiones-y-politico-de-chicago-muere-a-los-85-anos\/#primaryimage\"},\"thumbnailUrl\":\"https:\/\/web.consaguirre.com.ar\/noticias\/wp-content\/uploads\/2025\/02\/Jerry-Butler-ex-cantante-principal-de-impresiones-y-politico-de.jpg\",\"datePublished\":\"2025-02-21T20:38:10+00:00\",\"dateModified\":\"2025-02-21T20:38:11+00:00\",\"breadcrumb\":{\"@id\":\"https:\/\/web.consaguirre.com.ar\/noticias\/jerry-butler-ex-cantante-principal-de-impresiones-y-politico-de-chicago-muere-a-los-85-anos\/#breadcrumb\"},\"inLanguage\":\"es-AR\",\"potentialAction\":[{\"@type\":\"ReadAction\",\"target\":[\"https:\/\/web.consaguirre.com.ar\/noticias\/jerry-butler-ex-cantante-principal-de-impresiones-y-politico-de-chicago-muere-a-los-85-anos\/\"]}]},{\"@type\":\"ImageObject\",\"inLanguage\":\"es-AR\",\"@id\":\"https:\/\/web.consaguirre.com.ar\/noticias\/jerry-butler-ex-cantante-principal-de-impresiones-y-politico-de-chicago-muere-a-los-85-anos\/#primaryimage\",\"url\":\"https:\/\/web.consaguirre.com.ar\/noticias\/wp-content\/uploads\/2025\/02\/Jerry-Butler-ex-cantante-principal-de-impresiones-y-politico-de.jpg\",\"contentUrl\":\"https:\/\/web.consaguirre.com.ar\/noticias\/wp-content\/uploads\/2025\/02\/Jerry-Butler-ex-cantante-principal-de-impresiones-y-politico-de.jpg\",\"width\":1440,\"height\":864,\"caption\":\"Jerry Butler, ex cantante principal de impresiones y pol\u00edtico de Chicago, muere a los 85 a\u00f1os\"},{\"@type\":\"BreadcrumbList\",\"@id\":\"https:\/\/web.consaguirre.com.ar\/noticias\/jerry-butler-ex-cantante-principal-de-impresiones-y-politico-de-chicago-muere-a-los-85-anos\/#breadcrumb\",\"itemListElement\":[{\"@type\":\"ListItem\",\"position\":1,\"name\":\"Inicio\",\"item\":\"https:\/\/web.consaguirre.com.ar\/noticias\/\"},{\"@type\":\"ListItem\",\"position\":2,\"name\":\"Jerry Butler, ex cantante principal de impresiones y pol\u00edtico de Chicago, muere a los 85 a\u00f1os\"}]},{\"@type\":\"WebSite\",\"@id\":\"https:\/\/web.consaguirre.com.ar\/noticias\/#website\",\"url\":\"https:\/\/web.consaguirre.com.ar\/noticias\/\",\"name\":\"Conservatorio de M\u00fasica Juli\u00e1n Aguirre\",\"description\":\"\",\"publisher\":{\"@id\":\"https:\/\/web.consaguirre.com.ar\/noticias\/#organization\"},\"potentialAction\":[{\"@type\":\"SearchAction\",\"target\":{\"@type\":\"EntryPoint\",\"urlTemplate\":\"https:\/\/web.consaguirre.com.ar\/noticias\/?s={search_term_string}\"},\"query-input\":\"required name=search_term_string\"}],\"inLanguage\":\"es-AR\"},{\"@type\":\"Organization\",\"@id\":\"https:\/\/web.consaguirre.com.ar\/noticias\/#organization\",\"name\":\"Conservatorio de M\u00fasica Juli\u00e1n Aguirre\",\"url\":\"https:\/\/web.consaguirre.com.ar\/noticias\/\",\"logo\":{\"@type\":\"ImageObject\",\"inLanguage\":\"es-AR\",\"@id\":\"https:\/\/web.consaguirre.com.ar\/noticias\/#\/schema\/logo\/image\/\",\"url\":\"https:\/\/web.consaguirre.com.ar\/noticias\/wp-content\/uploads\/2024\/08\/Banner-Aguirre-23.jpg\",\"contentUrl\":\"https:\/\/web.consaguirre.com.ar\/noticias\/wp-content\/uploads\/2024\/08\/Banner-Aguirre-23.jpg\",\"width\":1192,\"height\":600,\"caption\":\"Conservatorio de M\u00fasica Juli\u00e1n Aguirre\"},\"image\":{\"@id\":\"https:\/\/web.consaguirre.com.ar\/noticias\/#\/schema\/logo\/image\/\"}},{\"@type\":\"Person\",\"@id\":\"https:\/\/web.consaguirre.com.ar\/noticias\/#\/schema\/person\/6558b0cfedee7ddc5425602b237d5722\",\"name\":\"Javier Figueroa\",\"image\":{\"@type\":\"ImageObject\",\"inLanguage\":\"es-AR\",\"@id\":\"https:\/\/web.consaguirre.com.ar\/noticias\/#\/schema\/person\/image\/\",\"url\":\"https:\/\/web.consaguirre.com.ar\/noticias\/wp-content\/uploads\/2024\/08\/Consaguirre-scaled.jpg\",\"contentUrl\":\"https:\/\/web.consaguirre.com.ar\/noticias\/wp-content\/uploads\/2024\/08\/Consaguirre-scaled.jpg\",\"caption\":\"Javier Figueroa\"},\"description\":\"Me llamo Javier Figueroa y soy redactor para el sitio oficial del Conservatorio de M\u00fasica Juli\u00e1n Aguirre en Buenos Aires, consaguirre.com. Apasionado por la m\u00fasica y la escritura, me esfuerzo por destacar los talentos y eventos de nuestra prestigiosa instituci\u00f3n. Mi trayectoria se nutre de una profunda admiraci\u00f3n por los artistas, haciendo de cada art\u00edculo una celebraci\u00f3n de la creatividad y la cultura musical.\",\"sameAs\":[\"https:\/\/web.consaguirre.com.ar\/noticias\"]}]}<\/script>\n<!-- \/ Yoast SEO plugin. -->","yoast_head_json":{"title":"Jerry Butler, ex cantante principal de impresiones y pol\u00edtico de Chicago, muere a los 85 a\u00f1os","robots":{"index":"index","follow":"follow","max-snippet":"max-snippet:-1","max-image-preview":"max-image-preview:large","max-video-preview":"max-video-preview:-1"},"canonical":"https:\/\/web.consaguirre.com.ar\/noticias\/jerry-butler-ex-cantante-principal-de-impresiones-y-politico-de-chicago-muere-a-los-85-anos\/","og_locale":"es_ES","og_type":"article","og_title":"Jerry Butler, ex cantante principal de impresiones y pol\u00edtico de Chicago, muere a los 85 a\u00f1os","og_description":"Jerry Butlercantante principal del grupo R&#038;B The Impressions y un consumado pol\u00edtico de Chicago, ha muerto a los 85 a\u00f1os, Los Chicago Sun-Times informes. Aunque","og_url":"https:\/\/web.consaguirre.com.ar\/noticias\/jerry-butler-ex-cantante-principal-de-impresiones-y-politico-de-chicago-muere-a-los-85-anos\/","og_site_name":"Conservatorio de M\u00fasica Juli\u00e1n Aguirre","article_published_time":"2025-02-21T20:38:10+00:00","article_modified_time":"2025-02-21T20:38:11+00:00","og_image":[{"width":1440,"height":864,"url":"https:\/\/web.consaguirre.com.ar\/noticias\/wp-content\/uploads\/2025\/02\/Jerry-Butler-ex-cantante-principal-de-impresiones-y-politico-de.jpg","type":"image\/jpeg"}],"author":"Javier Figueroa","twitter_card":"summary_large_image","twitter_misc":{"Escrito por":"Javier Figueroa","Tiempo de lectura":"2 minutos"},"schema":{"@context":"https:\/\/schema.org","@graph":[{"@type":"Article","@id":"https:\/\/web.consaguirre.com.ar\/noticias\/jerry-butler-ex-cantante-principal-de-impresiones-y-politico-de-chicago-muere-a-los-85-anos\/#article","isPartOf":{"@id":"https:\/\/web.consaguirre.com.ar\/noticias\/jerry-butler-ex-cantante-principal-de-impresiones-y-politico-de-chicago-muere-a-los-85-anos\/"},"author":{"name":"Javier Figueroa","@id":"https:\/\/web.consaguirre.com.ar\/noticias\/#\/schema\/person\/6558b0cfedee7ddc5425602b237d5722"},"headline":"Jerry Butler, ex cantante principal de impresiones y pol\u00edtico de Chicago, muere a los 85 a\u00f1os","datePublished":"2025-02-21T20:38:10+00:00","dateModified":"2025-02-21T20:38:11+00:00","mainEntityOfPage":{"@id":"https:\/\/web.consaguirre.com.ar\/noticias\/jerry-butler-ex-cantante-principal-de-impresiones-y-politico-de-chicago-muere-a-los-85-anos\/"},"wordCount":501,"publisher":{"@id":"https:\/\/web.consaguirre.com.ar\/noticias\/#organization"},"image":{"@id":"https:\/\/web.consaguirre.com.ar\/noticias\/jerry-butler-ex-cantante-principal-de-impresiones-y-politico-de-chicago-muere-a-los-85-anos\/#primaryimage"},"thumbnailUrl":"https:\/\/web.consaguirre.com.ar\/noticias\/wp-content\/uploads\/2025\/02\/Jerry-Butler-ex-cantante-principal-de-impresiones-y-politico-de.jpg","keywords":["a\u00f1os","Butler","cantante","Chicago","impresiones","Jerry","los","muere","pol\u00edtico","principal"],"articleSection":["El \u00faltimo"],"inLanguage":"es-AR"},{"@type":"WebPage","@id":"https:\/\/web.consaguirre.com.ar\/noticias\/jerry-butler-ex-cantante-principal-de-impresiones-y-politico-de-chicago-muere-a-los-85-anos\/","url":"https:\/\/web.consaguirre.com.ar\/noticias\/jerry-butler-ex-cantante-principal-de-impresiones-y-politico-de-chicago-muere-a-los-85-anos\/","name":"Jerry Butler, ex cantante principal de impresiones y pol\u00edtico de Chicago, muere a los 85 a\u00f1os","isPartOf":{"@id":"https:\/\/web.consaguirre.com.ar\/noticias\/#website"},"primaryImageOfPage":{"@id":"https:\/\/web.consaguirre.com.ar\/noticias\/jerry-butler-ex-cantante-principal-de-impresiones-y-politico-de-chicago-muere-a-los-85-anos\/#primaryimage"},"image":{"@id":"https:\/\/web.consaguirre.com.ar\/noticias\/jerry-butler-ex-cantante-principal-de-impresiones-y-politico-de-chicago-muere-a-los-85-anos\/#primaryimage"},"thumbnailUrl":"https:\/\/web.consaguirre.com.ar\/noticias\/wp-content\/uploads\/2025\/02\/Jerry-Butler-ex-cantante-principal-de-impresiones-y-politico-de.jpg","datePublished":"2025-02-21T20:38:10+00:00","dateModified":"2025-02-21T20:38:11+00:00","breadcrumb":{"@id":"https:\/\/web.consaguirre.com.ar\/noticias\/jerry-butler-ex-cantante-principal-de-impresiones-y-politico-de-chicago-muere-a-los-85-anos\/#breadcrumb"},"inLanguage":"es-AR","potentialAction":[{"@type":"ReadAction","target":["https:\/\/web.consaguirre.com.ar\/noticias\/jerry-butler-ex-cantante-principal-de-impresiones-y-politico-de-chicago-muere-a-los-85-anos\/"]}]},{"@type":"ImageObject","inLanguage":"es-AR","@id":"https:\/\/web.consaguirre.com.ar\/noticias\/jerry-butler-ex-cantante-principal-de-impresiones-y-politico-de-chicago-muere-a-los-85-anos\/#primaryimage","url":"https:\/\/web.consaguirre.com.ar\/noticias\/wp-content\/uploads\/2025\/02\/Jerry-Butler-ex-cantante-principal-de-impresiones-y-politico-de.jpg","contentUrl":"https:\/\/web.consaguirre.com.ar\/noticias\/wp-content\/uploads\/2025\/02\/Jerry-Butler-ex-cantante-principal-de-impresiones-y-politico-de.jpg","width":1440,"height":864,"caption":"Jerry Butler, ex cantante principal de impresiones y pol\u00edtico de Chicago, muere a los 85 a\u00f1os"},{"@type":"BreadcrumbList","@id":"https:\/\/web.consaguirre.com.ar\/noticias\/jerry-butler-ex-cantante-principal-de-impresiones-y-politico-de-chicago-muere-a-los-85-anos\/#breadcrumb","itemListElement":[{"@type":"ListItem","position":1,"name":"Inicio","item":"https:\/\/web.consaguirre.com.ar\/noticias\/"},{"@type":"ListItem","position":2,"name":"Jerry Butler, ex cantante principal de impresiones y pol\u00edtico de Chicago, muere a los 85 a\u00f1os"}]},{"@type":"WebSite","@id":"https:\/\/web.consaguirre.com.ar\/noticias\/#website","url":"https:\/\/web.consaguirre.com.ar\/noticias\/","name":"Conservatorio de M\u00fasica Juli\u00e1n Aguirre","description":"","publisher":{"@id":"https:\/\/web.consaguirre.com.ar\/noticias\/#organization"},"potentialAction":[{"@type":"SearchAction","target":{"@type":"EntryPoint","urlTemplate":"https:\/\/web.consaguirre.com.ar\/noticias\/?s={search_term_string}"},"query-input":"required name=search_term_string"}],"inLanguage":"es-AR"},{"@type":"Organization","@id":"https:\/\/web.consaguirre.com.ar\/noticias\/#organization","name":"Conservatorio de M\u00fasica Juli\u00e1n Aguirre","url":"https:\/\/web.consaguirre.com.ar\/noticias\/","logo":{"@type":"ImageObject","inLanguage":"es-AR","@id":"https:\/\/web.consaguirre.com.ar\/noticias\/#\/schema\/logo\/image\/","url":"https:\/\/web.consaguirre.com.ar\/noticias\/wp-content\/uploads\/2024\/08\/Banner-Aguirre-23.jpg","contentUrl":"https:\/\/web.consaguirre.com.ar\/noticias\/wp-content\/uploads\/2024\/08\/Banner-Aguirre-23.jpg","width":1192,"height":600,"caption":"Conservatorio de M\u00fasica Juli\u00e1n Aguirre"},"image":{"@id":"https:\/\/web.consaguirre.com.ar\/noticias\/#\/schema\/logo\/image\/"}},{"@type":"Person","@id":"https:\/\/web.consaguirre.com.ar\/noticias\/#\/schema\/person\/6558b0cfedee7ddc5425602b237d5722","name":"Javier Figueroa","image":{"@type":"ImageObject","inLanguage":"es-AR","@id":"https:\/\/web.consaguirre.com.ar\/noticias\/#\/schema\/person\/image\/","url":"https:\/\/web.consaguirre.com.ar\/noticias\/wp-content\/uploads\/2024\/08\/Consaguirre-scaled.jpg","contentUrl":"https:\/\/web.consaguirre.com.ar\/noticias\/wp-content\/uploads\/2024\/08\/Consaguirre-scaled.jpg","caption":"Javier Figueroa"},"description":"Me llamo Javier Figueroa y soy redactor para el sitio oficial del Conservatorio de M\u00fasica Juli\u00e1n Aguirre en Buenos Aires, consaguirre.com. Apasionado por la m\u00fasica y la escritura, me esfuerzo por destacar los talentos y eventos de nuestra prestigiosa instituci\u00f3n. Mi trayectoria se nutre de una profunda admiraci\u00f3n por los artistas, haciendo de cada art\u00edculo una celebraci\u00f3n de la creatividad y la cultura musical.","sameAs":["https:\/\/web.consaguirre.com.ar\/noticias"]}]}},"_links":{"self":[{"href":"https:\/\/web.consaguirre.com.ar\/noticias\/wp-json\/wp\/v2\/posts\/1947"}],"collection":[{"href":"https:\/\/web.consaguirre.com.ar\/noticias\/wp-json\/wp\/v2\/posts"}],"about":[{"href":"https:\/\/web.consaguirre.com.ar\/noticias\/wp-json\/wp\/v2\/types\/post"}],"author":[{"embeddable":true,"href":"https:\/\/web.consaguirre.com.ar\/noticias\/wp-json\/wp\/v2\/users\/1"}],"replies":[{"embeddable":true,"href":"https:\/\/web.consaguirre.com.ar\/noticias\/wp-json\/wp\/v2\/comments?post=1947"}],"version-history":[{"count":1,"href":"https:\/\/web.consaguirre.com.ar\/noticias\/wp-json\/wp\/v2\/posts\/1947\/revisions"}],"predecessor-version":[{"id":1949,"href":"https:\/\/web.consaguirre.com.ar\/noticias\/wp-json\/wp\/v2\/posts\/1947\/revisions\/1949"}],"wp:featuredmedia":[{"embeddable":true,"href":"https:\/\/web.consaguirre.com.ar\/noticias\/wp-json\/wp\/v2\/media\/1948"}],"wp:attachment":[{"href":"https:\/\/web.consaguirre.com.ar\/noticias\/wp-json\/wp\/v2\/media?parent=1947"}],"wp:term":[{"taxonomy":"category","embeddable":true,"href":"https:\/\/web.consaguirre.com.ar\/noticias\/wp-json\/wp\/v2\/categories?post=1947"},{"taxonomy":"post_tag","embeddable":true,"href":"https:\/\/web.consaguirre.com.ar\/noticias\/wp-json\/wp\/v2\/tags?post=1947"}],"curies":[{"name":"wp","href":"https:\/\/api.w.org\/{rel}","templated":true}]}}