{"id":1923,"date":"2025-02-19T17:41:43","date_gmt":"2025-02-19T20:41:43","guid":{"rendered":"https:\/\/web.consaguirre.com.ar\/noticias\/rick-buckler-baterista-de-la-mermelada-muere-a-los-69-anos\/"},"modified":"2025-02-19T17:41:43","modified_gmt":"2025-02-19T20:41:43","slug":"rick-buckler-baterista-de-la-mermelada-muere-a-los-69-anos","status":"publish","type":"post","link":"https:\/\/web.consaguirre.com.ar\/noticias\/rick-buckler-baterista-de-la-mermelada-muere-a-los-69-anos\/","title":{"rendered":"Rick Buckler, baterista de la mermelada, muere a los 69 a\u00f1os"},"content":{"rendered":"<p><strong>Rick Buckler<\/strong>baterista en <strong>El atasco<\/strong>ha muerto a la edad de 69 a\u00f1os. La noticia fue confirmada por sus ex compa\u00f1eros de banda en las redes sociales.<\/p>\n<p>La banda fue dirigida por el cantante y guitarrista <strong>Paul Weller<\/strong>quien public\u00f3 en X: \u201cEstoy sorprendido y entristecido por el fallecimiento de Rick. Me estoy pensando en todos los ensayando en mi habitaci\u00f3n en Stanley Road, Woking. Para todos los pubs y clubes en los que jugamos como ni\u00f1os, para eventualmente haciendo un r\u00e9cord. \u00a1Qu\u00e9 viaje! Fuimos mucho m\u00e1s all\u00e1 de nuestros sue\u00f1os y lo que hicimos es la prueba del tiempo. Mi m\u00e1s profunda simpat\u00eda hacia todas las familiares y amigos &#8220;.<\/p>\n<p>El bajista Bruce Foxton agreg\u00f3: \u201cMe sorprendi\u00f3 y me devast\u00e9 al escuchar las tristes noticias hoy. Rick era un buen tipo y un gran baterista cuyos patrones innovadores de bater\u00eda ayudaron a dar forma a nuestras canciones. Me alegro de haber tenido la oportunidad de trabajar juntos tanto como nosotros. Mis pensamientos est\u00e1n con Leslie y su familia en este momento muy dif\u00edcil &#8220;.<\/p>\n<p>En una declaraci\u00f3n, su familia lo describi\u00f3 como un &#8220;esposo, padre y abuelo amorosos&#8221; que estaba &#8220;dedicado a muchos&#8221; y ser\u00e1 &#8220;extra\u00f1ado&#8221;.<\/p>\n<p>La declaraci\u00f3n agreg\u00f3 que &#8220;falleci\u00f3 pac\u00edficamente el lunes por la noche en Woking despu\u00e9s de una breve enfermedad con la familia a su lado&#8221;.<\/p>\n<p>En 2015, <strong>Buckler habl\u00f3 con <em>Mojo<\/em> Chris Catchpole<\/strong> y explic\u00f3 los or\u00edgenes de la mermelada, que estuvieron activos desde 1972-1982. La banda se hizo bastante popular en la era Punk y New Wave de finales de la d\u00e9cada de 1970. Tambi\u00e9n se les atribuye ampliamente inspirar un renacimiento en la moda y la m\u00fasica mod.<\/p>\n<p>\u201cPaul y yo nos conoc\u00edamos en la escuela. Cualquiera que estuviera interesado en la m\u00fasica sol\u00eda colgar en la sala de m\u00fasica e intercambiar \u00e1lbumes. Paul y Steve (Brookes, guitarrista original de Jam) ten\u00edan un concierto y necesitaban a alguien para tocar la bater\u00eda. Me dio una gran pila de \u00e1lbumes que eran una especie de cosas al estilo de Chuck Berry y dijo: &#8216;Vete y aprende algunos de esos&#8217; &#8220;.<\/p>\n<p>M\u00e1s tarde en la entrevista, Buckler, quien naci\u00f3 en Woking, Inglaterra, reflexion\u00f3 sobre la historia de la banda. \u201cLa banda estaba evolucionando a lo largo de la l\u00ednea y casi te mira a la cara cuando la miras desde un punto de vista retrospectivo. Siempre est\u00e1bamos empujando los l\u00edmites de lo que pod\u00edamos hacer con una banda de tres piezas. Significaba que cada \u00e1lbum ten\u00eda su propia identidad. Solo la diversidad de pistas.<\/p>\n<p>&#8220;La diferencia entre &#8216;fantasmas&#8217; y &#8216;principiantes absolutos&#8217; y &#8216;pira funeraria&#8217; y &#8216;comienza!&#8217;. Todos son totalmente diferentes en la forma en que han sido abordados y grabados. Creo que en los primeros d\u00edas sentimos que ten\u00edamos que demostrarnos a la compa\u00f1\u00eda discogr\u00e1fica o demostrarnos a una audiencia para que pudi\u00e9ramos ganar nuestra propia base de fan\u00e1ticos. Parec\u00eda ser una \u00e9tica que seguimos \u201d.<\/p>\n","protected":false},"excerpt":{"rendered":"<p>Rick Bucklerbaterista en El atascoha muerto a la edad de 69 a\u00f1os. La noticia fue confirmada por sus ex compa\u00f1eros de banda en las redes<\/p>\n","protected":false},"author":1,"featured_media":1924,"comment_status":"closed","ping_status":"","sticky":false,"template":"","format":"standard","meta":{"footnotes":""},"categories":[50],"tags":[115,1930,1929,180,1931,564,1092],"class_list":["post-1923","post","type-post","status-publish","format-standard","has-post-thumbnail","hentry","category-el-ultimo","tag-anos","tag-baterista","tag-buckler","tag-los","tag-mermelada","tag-muere","tag-rick","generate-columns","tablet-grid-50","mobile-grid-100","grid-parent","grid-50"],"yoast_head":"<!-- This site is optimized with the Yoast SEO plugin v23.3 - https:\/\/yoast.com\/wordpress\/plugins\/seo\/ -->\n<title>Rick Buckler, baterista de la mermelada, muere a los 69 a\u00f1os<\/title>\n<meta name=\"robots\" content=\"index, follow, max-snippet:-1, max-image-preview:large, max-video-preview:-1\" \/>\n<link rel=\"canonical\" href=\"https:\/\/web.consaguirre.com.ar\/noticias\/rick-buckler-baterista-de-la-mermelada-muere-a-los-69-anos\/\" \/>\n<meta property=\"og:locale\" content=\"es_ES\" \/>\n<meta property=\"og:type\" content=\"article\" \/>\n<meta property=\"og:title\" content=\"Rick Buckler, baterista de la mermelada, muere a los 69 a\u00f1os\" \/>\n<meta property=\"og:description\" content=\"Rick Bucklerbaterista en El atascoha muerto a la edad de 69 a\u00f1os. La noticia fue confirmada por sus ex compa\u00f1eros de banda en las redes\" \/>\n<meta property=\"og:url\" content=\"https:\/\/web.consaguirre.com.ar\/noticias\/rick-buckler-baterista-de-la-mermelada-muere-a-los-69-anos\/\" \/>\n<meta property=\"og:site_name\" content=\"Conservatorio de M\u00fasica Juli\u00e1n Aguirre\" \/>\n<meta property=\"article:published_time\" content=\"2025-02-19T20:41:43+00:00\" \/>\n<meta property=\"og:image\" content=\"https:\/\/web.consaguirre.com.ar\/noticias\/wp-content\/uploads\/2025\/02\/Rick-Buckler-baterista-de-la-mermelada-muere-a-los-69.jpg\" \/>\n\t<meta property=\"og:image:width\" content=\"1440\" \/>\n\t<meta property=\"og:image:height\" content=\"864\" \/>\n\t<meta property=\"og:image:type\" content=\"image\/jpeg\" \/>\n<meta name=\"author\" content=\"Javier Figueroa\" \/>\n<meta name=\"twitter:card\" content=\"summary_large_image\" \/>\n<meta name=\"twitter:label1\" content=\"Escrito por\" \/>\n\t<meta name=\"twitter:data1\" content=\"Javier Figueroa\" \/>\n\t<meta name=\"twitter:label2\" content=\"Tiempo de lectura\" \/>\n\t<meta name=\"twitter:data2\" content=\"3 minutos\" \/>\n<script type=\"application\/ld+json\" class=\"yoast-schema-graph\">{\"@context\":\"https:\/\/schema.org\",\"@graph\":[{\"@type\":\"Article\",\"@id\":\"https:\/\/web.consaguirre.com.ar\/noticias\/rick-buckler-baterista-de-la-mermelada-muere-a-los-69-anos\/#article\",\"isPartOf\":{\"@id\":\"https:\/\/web.consaguirre.com.ar\/noticias\/rick-buckler-baterista-de-la-mermelada-muere-a-los-69-anos\/\"},\"author\":{\"name\":\"Javier Figueroa\",\"@id\":\"https:\/\/web.consaguirre.com.ar\/noticias\/#\/schema\/person\/6558b0cfedee7ddc5425602b237d5722\"},\"headline\":\"Rick Buckler, baterista de la mermelada, muere a los 69 a\u00f1os\",\"datePublished\":\"2025-02-19T20:41:43+00:00\",\"dateModified\":\"2025-02-19T20:41:43+00:00\",\"mainEntityOfPage\":{\"@id\":\"https:\/\/web.consaguirre.com.ar\/noticias\/rick-buckler-baterista-de-la-mermelada-muere-a-los-69-anos\/\"},\"wordCount\":524,\"publisher\":{\"@id\":\"https:\/\/web.consaguirre.com.ar\/noticias\/#organization\"},\"image\":{\"@id\":\"https:\/\/web.consaguirre.com.ar\/noticias\/rick-buckler-baterista-de-la-mermelada-muere-a-los-69-anos\/#primaryimage\"},\"thumbnailUrl\":\"https:\/\/web.consaguirre.com.ar\/noticias\/wp-content\/uploads\/2025\/02\/Rick-Buckler-baterista-de-la-mermelada-muere-a-los-69.jpg\",\"keywords\":[\"a\u00f1os\",\"baterista\",\"Buckler\",\"los\",\"mermelada\",\"muere\",\"Rick\"],\"articleSection\":[\"El \u00faltimo\"],\"inLanguage\":\"es-AR\"},{\"@type\":\"WebPage\",\"@id\":\"https:\/\/web.consaguirre.com.ar\/noticias\/rick-buckler-baterista-de-la-mermelada-muere-a-los-69-anos\/\",\"url\":\"https:\/\/web.consaguirre.com.ar\/noticias\/rick-buckler-baterista-de-la-mermelada-muere-a-los-69-anos\/\",\"name\":\"Rick Buckler, baterista de la mermelada, muere a los 69 a\u00f1os\",\"isPartOf\":{\"@id\":\"https:\/\/web.consaguirre.com.ar\/noticias\/#website\"},\"primaryImageOfPage\":{\"@id\":\"https:\/\/web.consaguirre.com.ar\/noticias\/rick-buckler-baterista-de-la-mermelada-muere-a-los-69-anos\/#primaryimage\"},\"image\":{\"@id\":\"https:\/\/web.consaguirre.com.ar\/noticias\/rick-buckler-baterista-de-la-mermelada-muere-a-los-69-anos\/#primaryimage\"},\"thumbnailUrl\":\"https:\/\/web.consaguirre.com.ar\/noticias\/wp-content\/uploads\/2025\/02\/Rick-Buckler-baterista-de-la-mermelada-muere-a-los-69.jpg\",\"datePublished\":\"2025-02-19T20:41:43+00:00\",\"dateModified\":\"2025-02-19T20:41:43+00:00\",\"breadcrumb\":{\"@id\":\"https:\/\/web.consaguirre.com.ar\/noticias\/rick-buckler-baterista-de-la-mermelada-muere-a-los-69-anos\/#breadcrumb\"},\"inLanguage\":\"es-AR\",\"potentialAction\":[{\"@type\":\"ReadAction\",\"target\":[\"https:\/\/web.consaguirre.com.ar\/noticias\/rick-buckler-baterista-de-la-mermelada-muere-a-los-69-anos\/\"]}]},{\"@type\":\"ImageObject\",\"inLanguage\":\"es-AR\",\"@id\":\"https:\/\/web.consaguirre.com.ar\/noticias\/rick-buckler-baterista-de-la-mermelada-muere-a-los-69-anos\/#primaryimage\",\"url\":\"https:\/\/web.consaguirre.com.ar\/noticias\/wp-content\/uploads\/2025\/02\/Rick-Buckler-baterista-de-la-mermelada-muere-a-los-69.jpg\",\"contentUrl\":\"https:\/\/web.consaguirre.com.ar\/noticias\/wp-content\/uploads\/2025\/02\/Rick-Buckler-baterista-de-la-mermelada-muere-a-los-69.jpg\",\"width\":1440,\"height\":864,\"caption\":\"Rick Buckler - Photo: Fin Costello\/Redferns\"},{\"@type\":\"BreadcrumbList\",\"@id\":\"https:\/\/web.consaguirre.com.ar\/noticias\/rick-buckler-baterista-de-la-mermelada-muere-a-los-69-anos\/#breadcrumb\",\"itemListElement\":[{\"@type\":\"ListItem\",\"position\":1,\"name\":\"Inicio\",\"item\":\"https:\/\/web.consaguirre.com.ar\/noticias\/\"},{\"@type\":\"ListItem\",\"position\":2,\"name\":\"Rick Buckler, baterista de la mermelada, muere a los 69 a\u00f1os\"}]},{\"@type\":\"WebSite\",\"@id\":\"https:\/\/web.consaguirre.com.ar\/noticias\/#website\",\"url\":\"https:\/\/web.consaguirre.com.ar\/noticias\/\",\"name\":\"Conservatorio de M\u00fasica Juli\u00e1n Aguirre\",\"description\":\"\",\"publisher\":{\"@id\":\"https:\/\/web.consaguirre.com.ar\/noticias\/#organization\"},\"potentialAction\":[{\"@type\":\"SearchAction\",\"target\":{\"@type\":\"EntryPoint\",\"urlTemplate\":\"https:\/\/web.consaguirre.com.ar\/noticias\/?s={search_term_string}\"},\"query-input\":\"required name=search_term_string\"}],\"inLanguage\":\"es-AR\"},{\"@type\":\"Organization\",\"@id\":\"https:\/\/web.consaguirre.com.ar\/noticias\/#organization\",\"name\":\"Conservatorio de M\u00fasica Juli\u00e1n Aguirre\",\"url\":\"https:\/\/web.consaguirre.com.ar\/noticias\/\",\"logo\":{\"@type\":\"ImageObject\",\"inLanguage\":\"es-AR\",\"@id\":\"https:\/\/web.consaguirre.com.ar\/noticias\/#\/schema\/logo\/image\/\",\"url\":\"https:\/\/web.consaguirre.com.ar\/noticias\/wp-content\/uploads\/2024\/08\/Banner-Aguirre-23.jpg\",\"contentUrl\":\"https:\/\/web.consaguirre.com.ar\/noticias\/wp-content\/uploads\/2024\/08\/Banner-Aguirre-23.jpg\",\"width\":1192,\"height\":600,\"caption\":\"Conservatorio de M\u00fasica Juli\u00e1n Aguirre\"},\"image\":{\"@id\":\"https:\/\/web.consaguirre.com.ar\/noticias\/#\/schema\/logo\/image\/\"}},{\"@type\":\"Person\",\"@id\":\"https:\/\/web.consaguirre.com.ar\/noticias\/#\/schema\/person\/6558b0cfedee7ddc5425602b237d5722\",\"name\":\"Javier Figueroa\",\"image\":{\"@type\":\"ImageObject\",\"inLanguage\":\"es-AR\",\"@id\":\"https:\/\/web.consaguirre.com.ar\/noticias\/#\/schema\/person\/image\/\",\"url\":\"https:\/\/web.consaguirre.com.ar\/noticias\/wp-content\/uploads\/2024\/08\/Consaguirre-scaled.jpg\",\"contentUrl\":\"https:\/\/web.consaguirre.com.ar\/noticias\/wp-content\/uploads\/2024\/08\/Consaguirre-scaled.jpg\",\"caption\":\"Javier Figueroa\"},\"description\":\"Me llamo Javier Figueroa y soy redactor para el sitio oficial del Conservatorio de M\u00fasica Juli\u00e1n Aguirre en Buenos Aires, consaguirre.com. Apasionado por la m\u00fasica y la escritura, me esfuerzo por destacar los talentos y eventos de nuestra prestigiosa instituci\u00f3n. Mi trayectoria se nutre de una profunda admiraci\u00f3n por los artistas, haciendo de cada art\u00edculo una celebraci\u00f3n de la creatividad y la cultura musical.\",\"sameAs\":[\"https:\/\/web.consaguirre.com.ar\/noticias\"]}]}<\/script>\n<!-- \/ Yoast SEO plugin. -->","yoast_head_json":{"title":"Rick Buckler, baterista de la mermelada, muere a los 69 a\u00f1os","robots":{"index":"index","follow":"follow","max-snippet":"max-snippet:-1","max-image-preview":"max-image-preview:large","max-video-preview":"max-video-preview:-1"},"canonical":"https:\/\/web.consaguirre.com.ar\/noticias\/rick-buckler-baterista-de-la-mermelada-muere-a-los-69-anos\/","og_locale":"es_ES","og_type":"article","og_title":"Rick Buckler, baterista de la mermelada, muere a los 69 a\u00f1os","og_description":"Rick Bucklerbaterista en El atascoha muerto a la edad de 69 a\u00f1os. La noticia fue confirmada por sus ex compa\u00f1eros de banda en las redes","og_url":"https:\/\/web.consaguirre.com.ar\/noticias\/rick-buckler-baterista-de-la-mermelada-muere-a-los-69-anos\/","og_site_name":"Conservatorio de M\u00fasica Juli\u00e1n Aguirre","article_published_time":"2025-02-19T20:41:43+00:00","og_image":[{"width":1440,"height":864,"url":"https:\/\/web.consaguirre.com.ar\/noticias\/wp-content\/uploads\/2025\/02\/Rick-Buckler-baterista-de-la-mermelada-muere-a-los-69.jpg","type":"image\/jpeg"}],"author":"Javier Figueroa","twitter_card":"summary_large_image","twitter_misc":{"Escrito por":"Javier Figueroa","Tiempo de lectura":"3 minutos"},"schema":{"@context":"https:\/\/schema.org","@graph":[{"@type":"Article","@id":"https:\/\/web.consaguirre.com.ar\/noticias\/rick-buckler-baterista-de-la-mermelada-muere-a-los-69-anos\/#article","isPartOf":{"@id":"https:\/\/web.consaguirre.com.ar\/noticias\/rick-buckler-baterista-de-la-mermelada-muere-a-los-69-anos\/"},"author":{"name":"Javier Figueroa","@id":"https:\/\/web.consaguirre.com.ar\/noticias\/#\/schema\/person\/6558b0cfedee7ddc5425602b237d5722"},"headline":"Rick Buckler, baterista de la mermelada, muere a los 69 a\u00f1os","datePublished":"2025-02-19T20:41:43+00:00","dateModified":"2025-02-19T20:41:43+00:00","mainEntityOfPage":{"@id":"https:\/\/web.consaguirre.com.ar\/noticias\/rick-buckler-baterista-de-la-mermelada-muere-a-los-69-anos\/"},"wordCount":524,"publisher":{"@id":"https:\/\/web.consaguirre.com.ar\/noticias\/#organization"},"image":{"@id":"https:\/\/web.consaguirre.com.ar\/noticias\/rick-buckler-baterista-de-la-mermelada-muere-a-los-69-anos\/#primaryimage"},"thumbnailUrl":"https:\/\/web.consaguirre.com.ar\/noticias\/wp-content\/uploads\/2025\/02\/Rick-Buckler-baterista-de-la-mermelada-muere-a-los-69.jpg","keywords":["a\u00f1os","baterista","Buckler","los","mermelada","muere","Rick"],"articleSection":["El \u00faltimo"],"inLanguage":"es-AR"},{"@type":"WebPage","@id":"https:\/\/web.consaguirre.com.ar\/noticias\/rick-buckler-baterista-de-la-mermelada-muere-a-los-69-anos\/","url":"https:\/\/web.consaguirre.com.ar\/noticias\/rick-buckler-baterista-de-la-mermelada-muere-a-los-69-anos\/","name":"Rick Buckler, baterista de la mermelada, muere a los 69 a\u00f1os","isPartOf":{"@id":"https:\/\/web.consaguirre.com.ar\/noticias\/#website"},"primaryImageOfPage":{"@id":"https:\/\/web.consaguirre.com.ar\/noticias\/rick-buckler-baterista-de-la-mermelada-muere-a-los-69-anos\/#primaryimage"},"image":{"@id":"https:\/\/web.consaguirre.com.ar\/noticias\/rick-buckler-baterista-de-la-mermelada-muere-a-los-69-anos\/#primaryimage"},"thumbnailUrl":"https:\/\/web.consaguirre.com.ar\/noticias\/wp-content\/uploads\/2025\/02\/Rick-Buckler-baterista-de-la-mermelada-muere-a-los-69.jpg","datePublished":"2025-02-19T20:41:43+00:00","dateModified":"2025-02-19T20:41:43+00:00","breadcrumb":{"@id":"https:\/\/web.consaguirre.com.ar\/noticias\/rick-buckler-baterista-de-la-mermelada-muere-a-los-69-anos\/#breadcrumb"},"inLanguage":"es-AR","potentialAction":[{"@type":"ReadAction","target":["https:\/\/web.consaguirre.com.ar\/noticias\/rick-buckler-baterista-de-la-mermelada-muere-a-los-69-anos\/"]}]},{"@type":"ImageObject","inLanguage":"es-AR","@id":"https:\/\/web.consaguirre.com.ar\/noticias\/rick-buckler-baterista-de-la-mermelada-muere-a-los-69-anos\/#primaryimage","url":"https:\/\/web.consaguirre.com.ar\/noticias\/wp-content\/uploads\/2025\/02\/Rick-Buckler-baterista-de-la-mermelada-muere-a-los-69.jpg","contentUrl":"https:\/\/web.consaguirre.com.ar\/noticias\/wp-content\/uploads\/2025\/02\/Rick-Buckler-baterista-de-la-mermelada-muere-a-los-69.jpg","width":1440,"height":864,"caption":"Rick Buckler - Photo: Fin Costello\/Redferns"},{"@type":"BreadcrumbList","@id":"https:\/\/web.consaguirre.com.ar\/noticias\/rick-buckler-baterista-de-la-mermelada-muere-a-los-69-anos\/#breadcrumb","itemListElement":[{"@type":"ListItem","position":1,"name":"Inicio","item":"https:\/\/web.consaguirre.com.ar\/noticias\/"},{"@type":"ListItem","position":2,"name":"Rick Buckler, baterista de la mermelada, muere a los 69 a\u00f1os"}]},{"@type":"WebSite","@id":"https:\/\/web.consaguirre.com.ar\/noticias\/#website","url":"https:\/\/web.consaguirre.com.ar\/noticias\/","name":"Conservatorio de M\u00fasica Juli\u00e1n Aguirre","description":"","publisher":{"@id":"https:\/\/web.consaguirre.com.ar\/noticias\/#organization"},"potentialAction":[{"@type":"SearchAction","target":{"@type":"EntryPoint","urlTemplate":"https:\/\/web.consaguirre.com.ar\/noticias\/?s={search_term_string}"},"query-input":"required name=search_term_string"}],"inLanguage":"es-AR"},{"@type":"Organization","@id":"https:\/\/web.consaguirre.com.ar\/noticias\/#organization","name":"Conservatorio de M\u00fasica Juli\u00e1n Aguirre","url":"https:\/\/web.consaguirre.com.ar\/noticias\/","logo":{"@type":"ImageObject","inLanguage":"es-AR","@id":"https:\/\/web.consaguirre.com.ar\/noticias\/#\/schema\/logo\/image\/","url":"https:\/\/web.consaguirre.com.ar\/noticias\/wp-content\/uploads\/2024\/08\/Banner-Aguirre-23.jpg","contentUrl":"https:\/\/web.consaguirre.com.ar\/noticias\/wp-content\/uploads\/2024\/08\/Banner-Aguirre-23.jpg","width":1192,"height":600,"caption":"Conservatorio de M\u00fasica Juli\u00e1n Aguirre"},"image":{"@id":"https:\/\/web.consaguirre.com.ar\/noticias\/#\/schema\/logo\/image\/"}},{"@type":"Person","@id":"https:\/\/web.consaguirre.com.ar\/noticias\/#\/schema\/person\/6558b0cfedee7ddc5425602b237d5722","name":"Javier Figueroa","image":{"@type":"ImageObject","inLanguage":"es-AR","@id":"https:\/\/web.consaguirre.com.ar\/noticias\/#\/schema\/person\/image\/","url":"https:\/\/web.consaguirre.com.ar\/noticias\/wp-content\/uploads\/2024\/08\/Consaguirre-scaled.jpg","contentUrl":"https:\/\/web.consaguirre.com.ar\/noticias\/wp-content\/uploads\/2024\/08\/Consaguirre-scaled.jpg","caption":"Javier Figueroa"},"description":"Me llamo Javier Figueroa y soy redactor para el sitio oficial del Conservatorio de M\u00fasica Juli\u00e1n Aguirre en Buenos Aires, consaguirre.com. Apasionado por la m\u00fasica y la escritura, me esfuerzo por destacar los talentos y eventos de nuestra prestigiosa instituci\u00f3n. Mi trayectoria se nutre de una profunda admiraci\u00f3n por los artistas, haciendo de cada art\u00edculo una celebraci\u00f3n de la creatividad y la cultura musical.","sameAs":["https:\/\/web.consaguirre.com.ar\/noticias"]}]}},"_links":{"self":[{"href":"https:\/\/web.consaguirre.com.ar\/noticias\/wp-json\/wp\/v2\/posts\/1923"}],"collection":[{"href":"https:\/\/web.consaguirre.com.ar\/noticias\/wp-json\/wp\/v2\/posts"}],"about":[{"href":"https:\/\/web.consaguirre.com.ar\/noticias\/wp-json\/wp\/v2\/types\/post"}],"author":[{"embeddable":true,"href":"https:\/\/web.consaguirre.com.ar\/noticias\/wp-json\/wp\/v2\/users\/1"}],"replies":[{"embeddable":true,"href":"https:\/\/web.consaguirre.com.ar\/noticias\/wp-json\/wp\/v2\/comments?post=1923"}],"version-history":[{"count":1,"href":"https:\/\/web.consaguirre.com.ar\/noticias\/wp-json\/wp\/v2\/posts\/1923\/revisions"}],"predecessor-version":[{"id":1925,"href":"https:\/\/web.consaguirre.com.ar\/noticias\/wp-json\/wp\/v2\/posts\/1923\/revisions\/1925"}],"wp:featuredmedia":[{"embeddable":true,"href":"https:\/\/web.consaguirre.com.ar\/noticias\/wp-json\/wp\/v2\/media\/1924"}],"wp:attachment":[{"href":"https:\/\/web.consaguirre.com.ar\/noticias\/wp-json\/wp\/v2\/media?parent=1923"}],"wp:term":[{"taxonomy":"category","embeddable":true,"href":"https:\/\/web.consaguirre.com.ar\/noticias\/wp-json\/wp\/v2\/categories?post=1923"},{"taxonomy":"post_tag","embeddable":true,"href":"https:\/\/web.consaguirre.com.ar\/noticias\/wp-json\/wp\/v2\/tags?post=1923"}],"curies":[{"name":"wp","href":"https:\/\/api.w.org\/{rel}","templated":true}]}}