{"id":1917,"date":"2025-02-18T23:39:19","date_gmt":"2025-02-19T02:39:19","guid":{"rendered":"https:\/\/web.consaguirre.com.ar\/noticias\/universal-music-group-y-fondo-de-salud-mental-de-la-industria-de-la-musica-lanzamiento-de-music-alliance-alliance\/"},"modified":"2025-02-18T23:39:20","modified_gmt":"2025-02-19T02:39:20","slug":"universal-music-group-y-fondo-de-salud-mental-de-la-industria-de-la-musica-lanzamiento-de-music-alliance-alliance","status":"publish","type":"post","link":"https:\/\/web.consaguirre.com.ar\/noticias\/universal-music-group-y-fondo-de-salud-mental-de-la-industria-de-la-musica-lanzamiento-de-music-alliance-alliance\/","title":{"rendered":"Universal Music Group y Fondo de Salud Mental de la industria de la m\u00fasica lanzamiento de Music Alliance Alliance"},"content":{"rendered":"<p>El Fondo de Salud Mental de la Industria de la M\u00fasica es una nueva iniciativa de Universal Group (UMG) y la Music Health Alliance (MHA) para proporcionar recursos integrales de salud mental ambulatorio de alta calidad para los profesionales de la industria musical en todo Estados Unidos. UMG, el sello discogr\u00e1fico m\u00e1s grande del mundo, ha ampliado su asociaci\u00f3n de cuatro a\u00f1os con la organizaci\u00f3n sin fines de lucro MHA para establecer el fondo, que est\u00e1 disponible para todos los profesionales actuales y anteriores de la industria de la m\u00fasica. A los clientes de todo el mundo de la m\u00fasica tendr\u00e1n acceso al equipo de defensores y consultas iniciales de MHA y se les promete una respuesta dentro de las 24 horas.<\/p>\n<p>El Fondo proporcionar\u00e1 una gama de servicios de salud mental, incluidas recomendaciones personalizadas para consejeros y psiquiatras de salud mental, subvenciones para ayudar a compensar los costos y recomendaciones para garantizar la continuidad de la atenci\u00f3n a trav\u00e9s de un apoyo adicional de salud financiera y mental. Tambi\u00e9n entre los servicios proporcionados: Recursos de atenci\u00f3n dental (a trav\u00e9s del fondo de sonrisa de Richard M. Bates), Servicios de salud grupales, defensa de la salud y orientaci\u00f3n confidencial, seguro de salud individual y familiar, recursos de salud mental (a trav\u00e9s del Fondo de Salud Mental MHA), Atenci\u00f3n para personas mayores apoyo (incluida Medicare; a trav\u00e9s del Fondo de Legacy Price) y los recursos de atenci\u00f3n de la visi\u00f3n.<\/p>\n<p>&#8220;Hemos estado trabajando en formas de establecer una v\u00eda simplificada para el acceso a la salud mental, la financiaci\u00f3n y la planificaci\u00f3n de la atenci\u00f3n&#8221;, dijo la directora de impacto de UMG, Susan Mazo. &#8220;Crecer y continuar nuestra asociaci\u00f3n con Tatum y la Alianza de Salud de la M\u00fasica fue la forma m\u00e1s natural de garantizar un apoyo de salud mental continuo y efectivo para cualquier persona que trabaje en nuestra industria&#8221;.<\/p>\n<p>El fundador\/CEO de Music Health Alliance, Tatum Hauck Allsep, agreg\u00f3: \u201cMusic Health Alliance posee los recursos integrales necesarios para abordar el espectro completo de las necesidades de salud mental para los profesionales de la industria de la m\u00fasica. Esto incluye asistencia financiera, un continuo de atenci\u00f3n para la salud mental y f\u00edsica, y los servicios envolventes como el apoyo psiqui\u00e1trico, la facilitaci\u00f3n de programas intensivos ambulatorios y pacientes hospitalizados, y la recopilaci\u00f3n de datos. El enfoque hol\u00edstico de MHA garantiza un compromiso a largo plazo con la salud, el bienestar y la sostenibilidad de la fuerza laboral de la industria musical &#8220;.<\/p>\n","protected":false},"excerpt":{"rendered":"<p>El Fondo de Salud Mental de la Industria de la M\u00fasica es una nueva iniciativa de Universal Group (UMG) y la Music Health Alliance (MHA)<\/p>\n","protected":false},"author":1,"featured_media":1918,"comment_status":"closed","ping_status":"","sticky":false,"template":"","format":"standard","meta":{"footnotes":""},"categories":[50],"tags":[1925,1921,440,1924,237,1923,439,632,1922,438],"class_list":["post-1917","post","type-post","status-publish","format-standard","has-post-thumbnail","hentry","category-el-ultimo","tag-alliance","tag-fondo","tag-group","tag-industria","tag-lanzamiento","tag-mental","tag-music","tag-musica","tag-salud","tag-universal","generate-columns","tablet-grid-50","mobile-grid-100","grid-parent","grid-50"],"yoast_head":"<!-- This site is optimized with the Yoast SEO plugin v23.3 - https:\/\/yoast.com\/wordpress\/plugins\/seo\/ -->\n<title>Universal Music Group y Fondo de Salud Mental de la industria de la m\u00fasica lanzamiento de Music Alliance Alliance<\/title>\n<meta name=\"robots\" content=\"index, follow, max-snippet:-1, max-image-preview:large, max-video-preview:-1\" \/>\n<link rel=\"canonical\" href=\"https:\/\/web.consaguirre.com.ar\/noticias\/universal-music-group-y-fondo-de-salud-mental-de-la-industria-de-la-musica-lanzamiento-de-music-alliance-alliance\/\" \/>\n<meta property=\"og:locale\" content=\"es_ES\" \/>\n<meta property=\"og:type\" content=\"article\" \/>\n<meta property=\"og:title\" content=\"Universal Music Group y Fondo de Salud Mental de la industria de la m\u00fasica lanzamiento de Music Alliance Alliance\" \/>\n<meta property=\"og:description\" content=\"El Fondo de Salud Mental de la Industria de la M\u00fasica es una nueva iniciativa de Universal Group (UMG) y la Music Health Alliance (MHA)\" \/>\n<meta property=\"og:url\" content=\"https:\/\/web.consaguirre.com.ar\/noticias\/universal-music-group-y-fondo-de-salud-mental-de-la-industria-de-la-musica-lanzamiento-de-music-alliance-alliance\/\" \/>\n<meta property=\"og:site_name\" content=\"Conservatorio de M\u00fasica Juli\u00e1n Aguirre\" \/>\n<meta property=\"article:published_time\" content=\"2025-02-19T02:39:19+00:00\" \/>\n<meta property=\"article:modified_time\" content=\"2025-02-19T02:39:20+00:00\" \/>\n<meta property=\"og:image\" content=\"https:\/\/web.consaguirre.com.ar\/noticias\/wp-content\/uploads\/2025\/02\/Universal-Music-Group-y-Fondo-de-Salud-Mental-de-la.jpg\" \/>\n\t<meta property=\"og:image:width\" content=\"1440\" \/>\n\t<meta property=\"og:image:height\" content=\"864\" \/>\n\t<meta property=\"og:image:type\" content=\"image\/jpeg\" \/>\n<meta name=\"author\" content=\"Javier Figueroa\" \/>\n<meta name=\"twitter:card\" content=\"summary_large_image\" \/>\n<meta name=\"twitter:label1\" content=\"Escrito por\" \/>\n\t<meta name=\"twitter:data1\" content=\"Javier Figueroa\" \/>\n\t<meta name=\"twitter:label2\" content=\"Tiempo de lectura\" \/>\n\t<meta name=\"twitter:data2\" content=\"2 minutos\" \/>\n<script type=\"application\/ld+json\" class=\"yoast-schema-graph\">{\"@context\":\"https:\/\/schema.org\",\"@graph\":[{\"@type\":\"Article\",\"@id\":\"https:\/\/web.consaguirre.com.ar\/noticias\/universal-music-group-y-fondo-de-salud-mental-de-la-industria-de-la-musica-lanzamiento-de-music-alliance-alliance\/#article\",\"isPartOf\":{\"@id\":\"https:\/\/web.consaguirre.com.ar\/noticias\/universal-music-group-y-fondo-de-salud-mental-de-la-industria-de-la-musica-lanzamiento-de-music-alliance-alliance\/\"},\"author\":{\"name\":\"Javier Figueroa\",\"@id\":\"https:\/\/web.consaguirre.com.ar\/noticias\/#\/schema\/person\/6558b0cfedee7ddc5425602b237d5722\"},\"headline\":\"Universal Music Group y Fondo de Salud Mental de la industria de la m\u00fasica lanzamiento de Music Alliance Alliance\",\"datePublished\":\"2025-02-19T02:39:19+00:00\",\"dateModified\":\"2025-02-19T02:39:20+00:00\",\"mainEntityOfPage\":{\"@id\":\"https:\/\/web.consaguirre.com.ar\/noticias\/universal-music-group-y-fondo-de-salud-mental-de-la-industria-de-la-musica-lanzamiento-de-music-alliance-alliance\/\"},\"wordCount\":466,\"publisher\":{\"@id\":\"https:\/\/web.consaguirre.com.ar\/noticias\/#organization\"},\"image\":{\"@id\":\"https:\/\/web.consaguirre.com.ar\/noticias\/universal-music-group-y-fondo-de-salud-mental-de-la-industria-de-la-musica-lanzamiento-de-music-alliance-alliance\/#primaryimage\"},\"thumbnailUrl\":\"https:\/\/web.consaguirre.com.ar\/noticias\/wp-content\/uploads\/2025\/02\/Universal-Music-Group-y-Fondo-de-Salud-Mental-de-la.jpg\",\"keywords\":[\"Alliance\",\"Fondo\",\"Group\",\"industria\",\"lanzamiento\",\"Mental\",\"Music\",\"m\u00fasica\",\"Salud\",\"Universal\"],\"articleSection\":[\"El \u00faltimo\"],\"inLanguage\":\"es-AR\"},{\"@type\":\"WebPage\",\"@id\":\"https:\/\/web.consaguirre.com.ar\/noticias\/universal-music-group-y-fondo-de-salud-mental-de-la-industria-de-la-musica-lanzamiento-de-music-alliance-alliance\/\",\"url\":\"https:\/\/web.consaguirre.com.ar\/noticias\/universal-music-group-y-fondo-de-salud-mental-de-la-industria-de-la-musica-lanzamiento-de-music-alliance-alliance\/\",\"name\":\"Universal Music Group y Fondo de Salud Mental de la industria de la m\u00fasica lanzamiento de Music Alliance Alliance\",\"isPartOf\":{\"@id\":\"https:\/\/web.consaguirre.com.ar\/noticias\/#website\"},\"primaryImageOfPage\":{\"@id\":\"https:\/\/web.consaguirre.com.ar\/noticias\/universal-music-group-y-fondo-de-salud-mental-de-la-industria-de-la-musica-lanzamiento-de-music-alliance-alliance\/#primaryimage\"},\"image\":{\"@id\":\"https:\/\/web.consaguirre.com.ar\/noticias\/universal-music-group-y-fondo-de-salud-mental-de-la-industria-de-la-musica-lanzamiento-de-music-alliance-alliance\/#primaryimage\"},\"thumbnailUrl\":\"https:\/\/web.consaguirre.com.ar\/noticias\/wp-content\/uploads\/2025\/02\/Universal-Music-Group-y-Fondo-de-Salud-Mental-de-la.jpg\",\"datePublished\":\"2025-02-19T02:39:19+00:00\",\"dateModified\":\"2025-02-19T02:39:20+00:00\",\"breadcrumb\":{\"@id\":\"https:\/\/web.consaguirre.com.ar\/noticias\/universal-music-group-y-fondo-de-salud-mental-de-la-industria-de-la-musica-lanzamiento-de-music-alliance-alliance\/#breadcrumb\"},\"inLanguage\":\"es-AR\",\"potentialAction\":[{\"@type\":\"ReadAction\",\"target\":[\"https:\/\/web.consaguirre.com.ar\/noticias\/universal-music-group-y-fondo-de-salud-mental-de-la-industria-de-la-musica-lanzamiento-de-music-alliance-alliance\/\"]}]},{\"@type\":\"ImageObject\",\"inLanguage\":\"es-AR\",\"@id\":\"https:\/\/web.consaguirre.com.ar\/noticias\/universal-music-group-y-fondo-de-salud-mental-de-la-industria-de-la-musica-lanzamiento-de-music-alliance-alliance\/#primaryimage\",\"url\":\"https:\/\/web.consaguirre.com.ar\/noticias\/wp-content\/uploads\/2025\/02\/Universal-Music-Group-y-Fondo-de-Salud-Mental-de-la.jpg\",\"contentUrl\":\"https:\/\/web.consaguirre.com.ar\/noticias\/wp-content\/uploads\/2025\/02\/Universal-Music-Group-y-Fondo-de-Salud-Mental-de-la.jpg\",\"width\":1440,\"height\":864,\"caption\":\"Universal Music Group y Fondo de Salud Mental de la industria de la m\u00fasica lanzamiento de Music Alliance Alliance\"},{\"@type\":\"BreadcrumbList\",\"@id\":\"https:\/\/web.consaguirre.com.ar\/noticias\/universal-music-group-y-fondo-de-salud-mental-de-la-industria-de-la-musica-lanzamiento-de-music-alliance-alliance\/#breadcrumb\",\"itemListElement\":[{\"@type\":\"ListItem\",\"position\":1,\"name\":\"Inicio\",\"item\":\"https:\/\/web.consaguirre.com.ar\/noticias\/\"},{\"@type\":\"ListItem\",\"position\":2,\"name\":\"Universal Music Group y Fondo de Salud Mental de la industria de la m\u00fasica lanzamiento de Music Alliance Alliance\"}]},{\"@type\":\"WebSite\",\"@id\":\"https:\/\/web.consaguirre.com.ar\/noticias\/#website\",\"url\":\"https:\/\/web.consaguirre.com.ar\/noticias\/\",\"name\":\"Conservatorio de M\u00fasica Juli\u00e1n Aguirre\",\"description\":\"\",\"publisher\":{\"@id\":\"https:\/\/web.consaguirre.com.ar\/noticias\/#organization\"},\"potentialAction\":[{\"@type\":\"SearchAction\",\"target\":{\"@type\":\"EntryPoint\",\"urlTemplate\":\"https:\/\/web.consaguirre.com.ar\/noticias\/?s={search_term_string}\"},\"query-input\":\"required name=search_term_string\"}],\"inLanguage\":\"es-AR\"},{\"@type\":\"Organization\",\"@id\":\"https:\/\/web.consaguirre.com.ar\/noticias\/#organization\",\"name\":\"Conservatorio de M\u00fasica Juli\u00e1n Aguirre\",\"url\":\"https:\/\/web.consaguirre.com.ar\/noticias\/\",\"logo\":{\"@type\":\"ImageObject\",\"inLanguage\":\"es-AR\",\"@id\":\"https:\/\/web.consaguirre.com.ar\/noticias\/#\/schema\/logo\/image\/\",\"url\":\"https:\/\/web.consaguirre.com.ar\/noticias\/wp-content\/uploads\/2024\/08\/Banner-Aguirre-23.jpg\",\"contentUrl\":\"https:\/\/web.consaguirre.com.ar\/noticias\/wp-content\/uploads\/2024\/08\/Banner-Aguirre-23.jpg\",\"width\":1192,\"height\":600,\"caption\":\"Conservatorio de M\u00fasica Juli\u00e1n Aguirre\"},\"image\":{\"@id\":\"https:\/\/web.consaguirre.com.ar\/noticias\/#\/schema\/logo\/image\/\"}},{\"@type\":\"Person\",\"@id\":\"https:\/\/web.consaguirre.com.ar\/noticias\/#\/schema\/person\/6558b0cfedee7ddc5425602b237d5722\",\"name\":\"Javier Figueroa\",\"image\":{\"@type\":\"ImageObject\",\"inLanguage\":\"es-AR\",\"@id\":\"https:\/\/web.consaguirre.com.ar\/noticias\/#\/schema\/person\/image\/\",\"url\":\"https:\/\/web.consaguirre.com.ar\/noticias\/wp-content\/uploads\/2024\/08\/Consaguirre-scaled.jpg\",\"contentUrl\":\"https:\/\/web.consaguirre.com.ar\/noticias\/wp-content\/uploads\/2024\/08\/Consaguirre-scaled.jpg\",\"caption\":\"Javier Figueroa\"},\"description\":\"Me llamo Javier Figueroa y soy redactor para el sitio oficial del Conservatorio de M\u00fasica Juli\u00e1n Aguirre en Buenos Aires, consaguirre.com. Apasionado por la m\u00fasica y la escritura, me esfuerzo por destacar los talentos y eventos de nuestra prestigiosa instituci\u00f3n. Mi trayectoria se nutre de una profunda admiraci\u00f3n por los artistas, haciendo de cada art\u00edculo una celebraci\u00f3n de la creatividad y la cultura musical.\",\"sameAs\":[\"https:\/\/web.consaguirre.com.ar\/noticias\"]}]}<\/script>\n<!-- \/ Yoast SEO plugin. -->","yoast_head_json":{"title":"Universal Music Group y Fondo de Salud Mental de la industria de la m\u00fasica lanzamiento de Music Alliance Alliance","robots":{"index":"index","follow":"follow","max-snippet":"max-snippet:-1","max-image-preview":"max-image-preview:large","max-video-preview":"max-video-preview:-1"},"canonical":"https:\/\/web.consaguirre.com.ar\/noticias\/universal-music-group-y-fondo-de-salud-mental-de-la-industria-de-la-musica-lanzamiento-de-music-alliance-alliance\/","og_locale":"es_ES","og_type":"article","og_title":"Universal Music Group y Fondo de Salud Mental de la industria de la m\u00fasica lanzamiento de Music Alliance Alliance","og_description":"El Fondo de Salud Mental de la Industria de la M\u00fasica es una nueva iniciativa de Universal Group (UMG) y la Music Health Alliance (MHA)","og_url":"https:\/\/web.consaguirre.com.ar\/noticias\/universal-music-group-y-fondo-de-salud-mental-de-la-industria-de-la-musica-lanzamiento-de-music-alliance-alliance\/","og_site_name":"Conservatorio de M\u00fasica Juli\u00e1n Aguirre","article_published_time":"2025-02-19T02:39:19+00:00","article_modified_time":"2025-02-19T02:39:20+00:00","og_image":[{"width":1440,"height":864,"url":"https:\/\/web.consaguirre.com.ar\/noticias\/wp-content\/uploads\/2025\/02\/Universal-Music-Group-y-Fondo-de-Salud-Mental-de-la.jpg","type":"image\/jpeg"}],"author":"Javier Figueroa","twitter_card":"summary_large_image","twitter_misc":{"Escrito por":"Javier Figueroa","Tiempo de lectura":"2 minutos"},"schema":{"@context":"https:\/\/schema.org","@graph":[{"@type":"Article","@id":"https:\/\/web.consaguirre.com.ar\/noticias\/universal-music-group-y-fondo-de-salud-mental-de-la-industria-de-la-musica-lanzamiento-de-music-alliance-alliance\/#article","isPartOf":{"@id":"https:\/\/web.consaguirre.com.ar\/noticias\/universal-music-group-y-fondo-de-salud-mental-de-la-industria-de-la-musica-lanzamiento-de-music-alliance-alliance\/"},"author":{"name":"Javier Figueroa","@id":"https:\/\/web.consaguirre.com.ar\/noticias\/#\/schema\/person\/6558b0cfedee7ddc5425602b237d5722"},"headline":"Universal Music Group y Fondo de Salud Mental de la industria de la m\u00fasica lanzamiento de Music Alliance Alliance","datePublished":"2025-02-19T02:39:19+00:00","dateModified":"2025-02-19T02:39:20+00:00","mainEntityOfPage":{"@id":"https:\/\/web.consaguirre.com.ar\/noticias\/universal-music-group-y-fondo-de-salud-mental-de-la-industria-de-la-musica-lanzamiento-de-music-alliance-alliance\/"},"wordCount":466,"publisher":{"@id":"https:\/\/web.consaguirre.com.ar\/noticias\/#organization"},"image":{"@id":"https:\/\/web.consaguirre.com.ar\/noticias\/universal-music-group-y-fondo-de-salud-mental-de-la-industria-de-la-musica-lanzamiento-de-music-alliance-alliance\/#primaryimage"},"thumbnailUrl":"https:\/\/web.consaguirre.com.ar\/noticias\/wp-content\/uploads\/2025\/02\/Universal-Music-Group-y-Fondo-de-Salud-Mental-de-la.jpg","keywords":["Alliance","Fondo","Group","industria","lanzamiento","Mental","Music","m\u00fasica","Salud","Universal"],"articleSection":["El \u00faltimo"],"inLanguage":"es-AR"},{"@type":"WebPage","@id":"https:\/\/web.consaguirre.com.ar\/noticias\/universal-music-group-y-fondo-de-salud-mental-de-la-industria-de-la-musica-lanzamiento-de-music-alliance-alliance\/","url":"https:\/\/web.consaguirre.com.ar\/noticias\/universal-music-group-y-fondo-de-salud-mental-de-la-industria-de-la-musica-lanzamiento-de-music-alliance-alliance\/","name":"Universal Music Group y Fondo de Salud Mental de la industria de la m\u00fasica lanzamiento de Music Alliance Alliance","isPartOf":{"@id":"https:\/\/web.consaguirre.com.ar\/noticias\/#website"},"primaryImageOfPage":{"@id":"https:\/\/web.consaguirre.com.ar\/noticias\/universal-music-group-y-fondo-de-salud-mental-de-la-industria-de-la-musica-lanzamiento-de-music-alliance-alliance\/#primaryimage"},"image":{"@id":"https:\/\/web.consaguirre.com.ar\/noticias\/universal-music-group-y-fondo-de-salud-mental-de-la-industria-de-la-musica-lanzamiento-de-music-alliance-alliance\/#primaryimage"},"thumbnailUrl":"https:\/\/web.consaguirre.com.ar\/noticias\/wp-content\/uploads\/2025\/02\/Universal-Music-Group-y-Fondo-de-Salud-Mental-de-la.jpg","datePublished":"2025-02-19T02:39:19+00:00","dateModified":"2025-02-19T02:39:20+00:00","breadcrumb":{"@id":"https:\/\/web.consaguirre.com.ar\/noticias\/universal-music-group-y-fondo-de-salud-mental-de-la-industria-de-la-musica-lanzamiento-de-music-alliance-alliance\/#breadcrumb"},"inLanguage":"es-AR","potentialAction":[{"@type":"ReadAction","target":["https:\/\/web.consaguirre.com.ar\/noticias\/universal-music-group-y-fondo-de-salud-mental-de-la-industria-de-la-musica-lanzamiento-de-music-alliance-alliance\/"]}]},{"@type":"ImageObject","inLanguage":"es-AR","@id":"https:\/\/web.consaguirre.com.ar\/noticias\/universal-music-group-y-fondo-de-salud-mental-de-la-industria-de-la-musica-lanzamiento-de-music-alliance-alliance\/#primaryimage","url":"https:\/\/web.consaguirre.com.ar\/noticias\/wp-content\/uploads\/2025\/02\/Universal-Music-Group-y-Fondo-de-Salud-Mental-de-la.jpg","contentUrl":"https:\/\/web.consaguirre.com.ar\/noticias\/wp-content\/uploads\/2025\/02\/Universal-Music-Group-y-Fondo-de-Salud-Mental-de-la.jpg","width":1440,"height":864,"caption":"Universal Music Group y Fondo de Salud Mental de la industria de la m\u00fasica lanzamiento de Music Alliance Alliance"},{"@type":"BreadcrumbList","@id":"https:\/\/web.consaguirre.com.ar\/noticias\/universal-music-group-y-fondo-de-salud-mental-de-la-industria-de-la-musica-lanzamiento-de-music-alliance-alliance\/#breadcrumb","itemListElement":[{"@type":"ListItem","position":1,"name":"Inicio","item":"https:\/\/web.consaguirre.com.ar\/noticias\/"},{"@type":"ListItem","position":2,"name":"Universal Music Group y Fondo de Salud Mental de la industria de la m\u00fasica lanzamiento de Music Alliance Alliance"}]},{"@type":"WebSite","@id":"https:\/\/web.consaguirre.com.ar\/noticias\/#website","url":"https:\/\/web.consaguirre.com.ar\/noticias\/","name":"Conservatorio de M\u00fasica Juli\u00e1n Aguirre","description":"","publisher":{"@id":"https:\/\/web.consaguirre.com.ar\/noticias\/#organization"},"potentialAction":[{"@type":"SearchAction","target":{"@type":"EntryPoint","urlTemplate":"https:\/\/web.consaguirre.com.ar\/noticias\/?s={search_term_string}"},"query-input":"required name=search_term_string"}],"inLanguage":"es-AR"},{"@type":"Organization","@id":"https:\/\/web.consaguirre.com.ar\/noticias\/#organization","name":"Conservatorio de M\u00fasica Juli\u00e1n Aguirre","url":"https:\/\/web.consaguirre.com.ar\/noticias\/","logo":{"@type":"ImageObject","inLanguage":"es-AR","@id":"https:\/\/web.consaguirre.com.ar\/noticias\/#\/schema\/logo\/image\/","url":"https:\/\/web.consaguirre.com.ar\/noticias\/wp-content\/uploads\/2024\/08\/Banner-Aguirre-23.jpg","contentUrl":"https:\/\/web.consaguirre.com.ar\/noticias\/wp-content\/uploads\/2024\/08\/Banner-Aguirre-23.jpg","width":1192,"height":600,"caption":"Conservatorio de M\u00fasica Juli\u00e1n Aguirre"},"image":{"@id":"https:\/\/web.consaguirre.com.ar\/noticias\/#\/schema\/logo\/image\/"}},{"@type":"Person","@id":"https:\/\/web.consaguirre.com.ar\/noticias\/#\/schema\/person\/6558b0cfedee7ddc5425602b237d5722","name":"Javier Figueroa","image":{"@type":"ImageObject","inLanguage":"es-AR","@id":"https:\/\/web.consaguirre.com.ar\/noticias\/#\/schema\/person\/image\/","url":"https:\/\/web.consaguirre.com.ar\/noticias\/wp-content\/uploads\/2024\/08\/Consaguirre-scaled.jpg","contentUrl":"https:\/\/web.consaguirre.com.ar\/noticias\/wp-content\/uploads\/2024\/08\/Consaguirre-scaled.jpg","caption":"Javier Figueroa"},"description":"Me llamo Javier Figueroa y soy redactor para el sitio oficial del Conservatorio de M\u00fasica Juli\u00e1n Aguirre en Buenos Aires, consaguirre.com. Apasionado por la m\u00fasica y la escritura, me esfuerzo por destacar los talentos y eventos de nuestra prestigiosa instituci\u00f3n. Mi trayectoria se nutre de una profunda admiraci\u00f3n por los artistas, haciendo de cada art\u00edculo una celebraci\u00f3n de la creatividad y la cultura musical.","sameAs":["https:\/\/web.consaguirre.com.ar\/noticias"]}]}},"_links":{"self":[{"href":"https:\/\/web.consaguirre.com.ar\/noticias\/wp-json\/wp\/v2\/posts\/1917"}],"collection":[{"href":"https:\/\/web.consaguirre.com.ar\/noticias\/wp-json\/wp\/v2\/posts"}],"about":[{"href":"https:\/\/web.consaguirre.com.ar\/noticias\/wp-json\/wp\/v2\/types\/post"}],"author":[{"embeddable":true,"href":"https:\/\/web.consaguirre.com.ar\/noticias\/wp-json\/wp\/v2\/users\/1"}],"replies":[{"embeddable":true,"href":"https:\/\/web.consaguirre.com.ar\/noticias\/wp-json\/wp\/v2\/comments?post=1917"}],"version-history":[{"count":1,"href":"https:\/\/web.consaguirre.com.ar\/noticias\/wp-json\/wp\/v2\/posts\/1917\/revisions"}],"predecessor-version":[{"id":1919,"href":"https:\/\/web.consaguirre.com.ar\/noticias\/wp-json\/wp\/v2\/posts\/1917\/revisions\/1919"}],"wp:featuredmedia":[{"embeddable":true,"href":"https:\/\/web.consaguirre.com.ar\/noticias\/wp-json\/wp\/v2\/media\/1918"}],"wp:attachment":[{"href":"https:\/\/web.consaguirre.com.ar\/noticias\/wp-json\/wp\/v2\/media?parent=1917"}],"wp:term":[{"taxonomy":"category","embeddable":true,"href":"https:\/\/web.consaguirre.com.ar\/noticias\/wp-json\/wp\/v2\/categories?post=1917"},{"taxonomy":"post_tag","embeddable":true,"href":"https:\/\/web.consaguirre.com.ar\/noticias\/wp-json\/wp\/v2\/tags?post=1917"}],"curies":[{"name":"wp","href":"https:\/\/api.w.org\/{rel}","templated":true}]}}