{"id":188,"date":"2024-08-26T12:38:11","date_gmt":"2024-08-26T15:38:11","guid":{"rendered":"https:\/\/web.consaguirre.com.ar\/noticias\/resena-de-cd-el-epicentro-de-tus-suenos-de-john-escreet\/"},"modified":"2024-09-08T16:27:50","modified_gmt":"2024-09-08T19:27:50","slug":"resena-de-cd-el-epicentro-de-tus-suenos-de-john-escreet","status":"publish","type":"post","link":"https:\/\/web.consaguirre.com.ar\/noticias\/resena-de-cd-el-epicentro-de-tus-suenos-de-john-escreet\/","title":{"rendered":"Rese\u00f1a de CD: \u201cEl epicentro de tus sue\u00f1os\u201d de John Escreet"},"content":{"rendered":"<div class=\"entry\">\n<p><em><strong>El \u00faltimo \u00e1lbum de John Escreet, \u201cThe Epicenter of Your Dreams\u201d, es un testimonio de su inquebrantable b\u00fasqueda del crecimiento y la innovaci\u00f3n art\u00edstica. Recientemente, tuve el privilegio de sumergirme en este cautivador lanzamiento y puedo decir con confianza que es un trabajo de calidad excepcional que exige atenci\u00f3n.<\/strong><\/em><\/p>\n<p>El \u00e1lbum anterior de Escreet, \u201cSeismic Shift\u201d, present\u00f3 un tr\u00edo de notable fuerza e inteligencia, con el bajista Eric Revis y el baterista Damion Reid. Su m\u00fasica din\u00e1mica, que va desde lo bien compuesto a lo improvisado, elegante a lo feroz, sorprendi\u00f3 a cr\u00edticos y p\u00fablico por igual. Con \u201cthe epicenter of your dreams\u201d, Escreet ha ampliado su paleta sonora, invitando al legendario saxofonista tenor Mark Turner a unirse a este excepcional conjunto.<\/p>\n<p>Grabado en Los \u00c1ngeles, donde Escreet se mud\u00f3 desde Brooklyn antes de la pandemia, \u201cThe Epicenter of Your Dreams\u201d es un documento de la vibrante y diversa escena de jazz progresivo de la ciudad. Escreet lo describe como \u201crealmente amplio y diverso\u201d, que abarca no solo a los m\u00fasicos de Nueva York que se han mudado a la Costa Oeste, sino tambi\u00e9n a una pr\u00f3spera escena local. Este entorno f\u00e9rtil indudablemente ha influido en la direcci\u00f3n creativa del \u00e1lbum.<\/p>\n<p>Desde el tema de apertura, \u201cCall it what it is\u201d, que Escreet describe como \u201cla interpretaci\u00f3n contempor\u00e1nea de un cuarteto en su m\u00e1xima expresi\u00f3n\u201d, hasta el angular y experimental \u201cel epicentro de tus sue\u00f1os\u201d, el \u00e1lbum ofrece una experiencia auditiva diversa y cautivadora. Entre los temas m\u00e1s destacados se incluyen la pieza de swing llena de energ\u00eda \u201cDeparture No. 1\u201d, que muestra una maestr\u00eda musical excepcional y un solo de piano sobresaliente, y \u201cMeltdown\u201d, una exploraci\u00f3n de forma libre de la energ\u00eda y la estructura, cuyo t\u00edtulo es apropiado. El tema, \u201ctrouble and activity\u201d, deja al oyente exhausto pero con ganas de m\u00e1s, un testimonio de la capacidad del cuarteto para cautivar y cautivar.<\/p>\n<p><img loading=\"lazy\" decoding=\"async\" class=\"aligncenter size-large wp-image-61242\" src=\"https:\/\/web.consaguirre.com.ar\/noticias\/wp-content\/uploads\/2024\/08\/1724686691_628_Resena-de-CD-El-epicentro-de-tus-suenos-de-John.jpg\" alt=\"\" width=\"1024\" height=\"683\" \/><\/p>\n<p>Las composiciones de Escreet en \u201cThe Epicenter of Your Dreams\u201d rinden homenaje a sus inspiraciones m\u00e1s duraderas. La inclusi\u00f3n de \u201cDeparture No.1\u201d de Stanley Cowell y \u201cErato\u201d de Andrew Hill demuestra la reverencia de Escreet por estos h\u00e9roes an\u00f3nimos del jazz, al tiempo que muestra la capacidad del cuarteto para reinterpretar y darles nueva vida a estas composiciones.<\/p>\n<p>A lo largo del \u00e1lbum, se puede escuchar el sonido de los l\u00edmites que se van superando y la inquietud que se transforma en descubrimiento, mientras Escreet se esfuerza por mantener un equilibrio entre sus conceptos musicales y permitir que sus colaboradores brillen. Las personalidades \u00fanicas del conjunto, tanto musicales como de otro tipo, est\u00e1n en plena exhibici\u00f3n, con Revis proyectando una tremenda presencia, Reid igualando las exploraciones r\u00edtmicas y en\u00e9rgicas de Escreet, y la voz trascendente de Turner agregando una capa de lirismo de estilo zen.<\/p>\n<p><img loading=\"lazy\" decoding=\"async\" class=\"aligncenter size-large wp-image-61243\" src=\"https:\/\/web.consaguirre.com.ar\/noticias\/wp-content\/uploads\/2024\/08\/1724686691_612_Resena-de-CD-El-epicentro-de-tus-suenos-de-John.jpg\" alt=\"\" width=\"1024\" height=\"683\" \/><\/p>\n<p>En conclusi\u00f3n, \u201cThe Epicenter of Your Dreams\u201d de John Escreet es una notable incorporaci\u00f3n al canon del jazz contempor\u00e1neo. Es un testimonio de la inquebrantable b\u00fasqueda de crecimiento art\u00edstico de Escreet y de su capacidad para reunir un conjunto de talento y qu\u00edmica excepcionales. Si bien el \u00e1lbum puede desafiar a los oyentes con su naturaleza diversa y experimental, es una experiencia auditiva gratificante y cautivadora que exige atenci\u00f3n. Muy recomendable para entusiastas que buscan un viaje musical fresco e innovador.<\/p>\n<p><strong>P\u00f3ngase en fila:<\/strong><\/p>\n<p>John Escreet \u2013 piano | Mark Turner \u2013 saxof\u00f3n tenor | Eric Revis \u2013 bajo | Damion Reid \u2013 bater\u00eda<\/p>\n<p><strong>Listado de canciones:<\/strong><\/p>\n<p>1. ll\u00e1malo por su nombre | 2. el epicentro de tus sue\u00f1os | 3. salida n\u00ba 1 | 4. crisis | 5. problemas y actividad | 6. erato | 7. salvavidas | 8. otro lado<\/p>\n<p>Fecha de lanzamiento: 7 de junio de 2024<br \/>\nFormato: CD | Transmisi\u00f3n<br \/>\nEtiqueta: M\u00fasica de la sala azul<\/p>\n<div class=\"post-pagination\"><\/div>\n<div class=\"clearfix\"><\/div>\n<\/div>\n","protected":false},"excerpt":{"rendered":"<p>El \u00faltimo \u00e1lbum de John Escreet, \u201cThe Epicenter of Your Dreams\u201d, es un testimonio de su inquebrantable b\u00fasqueda del crecimiento y la innovaci\u00f3n art\u00edstica. Recientemente,<\/p>\n","protected":false},"author":1,"featured_media":189,"comment_status":"closed","ping_status":"open","sticky":false,"template":"","format":"standard","meta":{"footnotes":""},"categories":[4],"tags":[88,92,91,6,90,89],"class_list":["post-188","post","type-post","status-publish","format-standard","has-post-thumbnail","hentry","category-critica","tag-epicentro","tag-escreet","tag-john","tag-resena","tag-suenos","tag-tus","generate-columns","tablet-grid-50","mobile-grid-100","grid-parent","grid-50"],"yoast_head":"<!-- This site is optimized with the Yoast SEO plugin v23.3 - https:\/\/yoast.com\/wordpress\/plugins\/seo\/ -->\n<title>Rese\u00f1a de CD: \u201cEl epicentro de tus sue\u00f1os\u201d de John Escreet<\/title>\n<meta name=\"robots\" content=\"index, follow, max-snippet:-1, max-image-preview:large, max-video-preview:-1\" \/>\n<link rel=\"canonical\" href=\"https:\/\/web.consaguirre.com.ar\/noticias\/resena-de-cd-el-epicentro-de-tus-suenos-de-john-escreet\/\" \/>\n<meta property=\"og:locale\" content=\"es_ES\" \/>\n<meta property=\"og:type\" content=\"article\" \/>\n<meta property=\"og:title\" content=\"Rese\u00f1a de CD: \u201cEl epicentro de tus sue\u00f1os\u201d de John Escreet\" \/>\n<meta property=\"og:description\" content=\"El \u00faltimo \u00e1lbum de John Escreet, \u201cThe Epicenter of Your Dreams\u201d, es un testimonio de su inquebrantable b\u00fasqueda del crecimiento y la innovaci\u00f3n art\u00edstica. Recientemente,\" \/>\n<meta property=\"og:url\" content=\"https:\/\/web.consaguirre.com.ar\/noticias\/resena-de-cd-el-epicentro-de-tus-suenos-de-john-escreet\/\" \/>\n<meta property=\"og:site_name\" content=\"Conservatorio de M\u00fasica Juli\u00e1n Aguirre\" \/>\n<meta property=\"article:published_time\" content=\"2024-08-26T15:38:11+00:00\" \/>\n<meta property=\"article:modified_time\" content=\"2024-09-08T19:27:50+00:00\" \/>\n<meta property=\"og:image\" content=\"https:\/\/web.consaguirre.com.ar\/noticias\/wp-content\/uploads\/2024\/08\/Resena-de-CD-El-epicentro-de-tus-suenos-de-John.jpg\" \/>\n\t<meta property=\"og:image:width\" content=\"360\" \/>\n\t<meta property=\"og:image:height\" content=\"360\" \/>\n\t<meta property=\"og:image:type\" content=\"image\/jpeg\" \/>\n<meta name=\"author\" content=\"Javier Figueroa\" \/>\n<meta name=\"twitter:card\" content=\"summary_large_image\" \/>\n<meta name=\"twitter:label1\" content=\"Escrito por\" \/>\n\t<meta name=\"twitter:data1\" content=\"Javier Figueroa\" \/>\n\t<meta name=\"twitter:label2\" content=\"Tiempo de lectura\" \/>\n\t<meta name=\"twitter:data2\" content=\"4 minutos\" \/>\n<script type=\"application\/ld+json\" class=\"yoast-schema-graph\">{\"@context\":\"https:\/\/schema.org\",\"@graph\":[{\"@type\":\"Article\",\"@id\":\"https:\/\/web.consaguirre.com.ar\/noticias\/resena-de-cd-el-epicentro-de-tus-suenos-de-john-escreet\/#article\",\"isPartOf\":{\"@id\":\"https:\/\/web.consaguirre.com.ar\/noticias\/resena-de-cd-el-epicentro-de-tus-suenos-de-john-escreet\/\"},\"author\":{\"name\":\"Javier Figueroa\",\"@id\":\"https:\/\/web.consaguirre.com.ar\/noticias\/#\/schema\/person\/6558b0cfedee7ddc5425602b237d5722\"},\"headline\":\"Rese\u00f1a de CD: \u201cEl epicentro de tus sue\u00f1os\u201d de John Escreet\",\"datePublished\":\"2024-08-26T15:38:11+00:00\",\"dateModified\":\"2024-09-08T19:27:50+00:00\",\"mainEntityOfPage\":{\"@id\":\"https:\/\/web.consaguirre.com.ar\/noticias\/resena-de-cd-el-epicentro-de-tus-suenos-de-john-escreet\/\"},\"wordCount\":655,\"publisher\":{\"@id\":\"https:\/\/web.consaguirre.com.ar\/noticias\/#organization\"},\"image\":{\"@id\":\"https:\/\/web.consaguirre.com.ar\/noticias\/resena-de-cd-el-epicentro-de-tus-suenos-de-john-escreet\/#primaryimage\"},\"thumbnailUrl\":\"https:\/\/web.consaguirre.com.ar\/noticias\/wp-content\/uploads\/2024\/08\/Resena-de-CD-El-epicentro-de-tus-suenos-de-John.jpg\",\"keywords\":[\"epicentro\",\"Escreet\",\"John\",\"Rese\u00f1a\",\"sue\u00f1os\",\"tus\"],\"articleSection\":[\"Cr\u00edtica\"],\"inLanguage\":\"es-AR\"},{\"@type\":\"WebPage\",\"@id\":\"https:\/\/web.consaguirre.com.ar\/noticias\/resena-de-cd-el-epicentro-de-tus-suenos-de-john-escreet\/\",\"url\":\"https:\/\/web.consaguirre.com.ar\/noticias\/resena-de-cd-el-epicentro-de-tus-suenos-de-john-escreet\/\",\"name\":\"Rese\u00f1a de CD: \u201cEl epicentro de tus sue\u00f1os\u201d de John Escreet\",\"isPartOf\":{\"@id\":\"https:\/\/web.consaguirre.com.ar\/noticias\/#website\"},\"primaryImageOfPage\":{\"@id\":\"https:\/\/web.consaguirre.com.ar\/noticias\/resena-de-cd-el-epicentro-de-tus-suenos-de-john-escreet\/#primaryimage\"},\"image\":{\"@id\":\"https:\/\/web.consaguirre.com.ar\/noticias\/resena-de-cd-el-epicentro-de-tus-suenos-de-john-escreet\/#primaryimage\"},\"thumbnailUrl\":\"https:\/\/web.consaguirre.com.ar\/noticias\/wp-content\/uploads\/2024\/08\/Resena-de-CD-El-epicentro-de-tus-suenos-de-John.jpg\",\"datePublished\":\"2024-08-26T15:38:11+00:00\",\"dateModified\":\"2024-09-08T19:27:50+00:00\",\"breadcrumb\":{\"@id\":\"https:\/\/web.consaguirre.com.ar\/noticias\/resena-de-cd-el-epicentro-de-tus-suenos-de-john-escreet\/#breadcrumb\"},\"inLanguage\":\"es-AR\",\"potentialAction\":[{\"@type\":\"ReadAction\",\"target\":[\"https:\/\/web.consaguirre.com.ar\/noticias\/resena-de-cd-el-epicentro-de-tus-suenos-de-john-escreet\/\"]}]},{\"@type\":\"ImageObject\",\"inLanguage\":\"es-AR\",\"@id\":\"https:\/\/web.consaguirre.com.ar\/noticias\/resena-de-cd-el-epicentro-de-tus-suenos-de-john-escreet\/#primaryimage\",\"url\":\"https:\/\/web.consaguirre.com.ar\/noticias\/wp-content\/uploads\/2024\/08\/Resena-de-CD-El-epicentro-de-tus-suenos-de-John.jpg\",\"contentUrl\":\"https:\/\/web.consaguirre.com.ar\/noticias\/wp-content\/uploads\/2024\/08\/Resena-de-CD-El-epicentro-de-tus-suenos-de-John.jpg\",\"width\":360,\"height\":360,\"caption\":\"Rese\u00f1a de CD: \u201cEl epicentro de tus sue\u00f1os\u201d de John Escreet\"},{\"@type\":\"BreadcrumbList\",\"@id\":\"https:\/\/web.consaguirre.com.ar\/noticias\/resena-de-cd-el-epicentro-de-tus-suenos-de-john-escreet\/#breadcrumb\",\"itemListElement\":[{\"@type\":\"ListItem\",\"position\":1,\"name\":\"Inicio\",\"item\":\"https:\/\/web.consaguirre.com.ar\/noticias\/\"},{\"@type\":\"ListItem\",\"position\":2,\"name\":\"Rese\u00f1a de CD: \u201cEl epicentro de tus sue\u00f1os\u201d de John Escreet\"}]},{\"@type\":\"WebSite\",\"@id\":\"https:\/\/web.consaguirre.com.ar\/noticias\/#website\",\"url\":\"https:\/\/web.consaguirre.com.ar\/noticias\/\",\"name\":\"Conservatorio de M\u00fasica Juli\u00e1n Aguirre\",\"description\":\"\",\"publisher\":{\"@id\":\"https:\/\/web.consaguirre.com.ar\/noticias\/#organization\"},\"potentialAction\":[{\"@type\":\"SearchAction\",\"target\":{\"@type\":\"EntryPoint\",\"urlTemplate\":\"https:\/\/web.consaguirre.com.ar\/noticias\/?s={search_term_string}\"},\"query-input\":\"required name=search_term_string\"}],\"inLanguage\":\"es-AR\"},{\"@type\":\"Organization\",\"@id\":\"https:\/\/web.consaguirre.com.ar\/noticias\/#organization\",\"name\":\"Conservatorio de M\u00fasica Juli\u00e1n Aguirre\",\"url\":\"https:\/\/web.consaguirre.com.ar\/noticias\/\",\"logo\":{\"@type\":\"ImageObject\",\"inLanguage\":\"es-AR\",\"@id\":\"https:\/\/web.consaguirre.com.ar\/noticias\/#\/schema\/logo\/image\/\",\"url\":\"https:\/\/web.consaguirre.com.ar\/noticias\/wp-content\/uploads\/2024\/08\/Banner-Aguirre-23.jpg\",\"contentUrl\":\"https:\/\/web.consaguirre.com.ar\/noticias\/wp-content\/uploads\/2024\/08\/Banner-Aguirre-23.jpg\",\"width\":1192,\"height\":600,\"caption\":\"Conservatorio de M\u00fasica Juli\u00e1n Aguirre\"},\"image\":{\"@id\":\"https:\/\/web.consaguirre.com.ar\/noticias\/#\/schema\/logo\/image\/\"}},{\"@type\":\"Person\",\"@id\":\"https:\/\/web.consaguirre.com.ar\/noticias\/#\/schema\/person\/6558b0cfedee7ddc5425602b237d5722\",\"name\":\"Javier Figueroa\",\"image\":{\"@type\":\"ImageObject\",\"inLanguage\":\"es-AR\",\"@id\":\"https:\/\/web.consaguirre.com.ar\/noticias\/#\/schema\/person\/image\/\",\"url\":\"https:\/\/web.consaguirre.com.ar\/noticias\/wp-content\/uploads\/2024\/08\/Consaguirre-scaled.jpg\",\"contentUrl\":\"https:\/\/web.consaguirre.com.ar\/noticias\/wp-content\/uploads\/2024\/08\/Consaguirre-scaled.jpg\",\"caption\":\"Javier Figueroa\"},\"description\":\"Me llamo Javier Figueroa y soy redactor para el sitio oficial del Conservatorio de M\u00fasica Juli\u00e1n Aguirre en Buenos Aires, consaguirre.com. Apasionado por la m\u00fasica y la escritura, me esfuerzo por destacar los talentos y eventos de nuestra prestigiosa instituci\u00f3n. Mi trayectoria se nutre de una profunda admiraci\u00f3n por los artistas, haciendo de cada art\u00edculo una celebraci\u00f3n de la creatividad y la cultura musical.\",\"sameAs\":[\"https:\/\/web.consaguirre.com.ar\/noticias\"]}]}<\/script>\n<!-- \/ Yoast SEO plugin. -->","yoast_head_json":{"title":"Rese\u00f1a de CD: \u201cEl epicentro de tus sue\u00f1os\u201d de John Escreet","robots":{"index":"index","follow":"follow","max-snippet":"max-snippet:-1","max-image-preview":"max-image-preview:large","max-video-preview":"max-video-preview:-1"},"canonical":"https:\/\/web.consaguirre.com.ar\/noticias\/resena-de-cd-el-epicentro-de-tus-suenos-de-john-escreet\/","og_locale":"es_ES","og_type":"article","og_title":"Rese\u00f1a de CD: \u201cEl epicentro de tus sue\u00f1os\u201d de John Escreet","og_description":"El \u00faltimo \u00e1lbum de John Escreet, \u201cThe Epicenter of Your Dreams\u201d, es un testimonio de su inquebrantable b\u00fasqueda del crecimiento y la innovaci\u00f3n art\u00edstica. Recientemente,","og_url":"https:\/\/web.consaguirre.com.ar\/noticias\/resena-de-cd-el-epicentro-de-tus-suenos-de-john-escreet\/","og_site_name":"Conservatorio de M\u00fasica Juli\u00e1n Aguirre","article_published_time":"2024-08-26T15:38:11+00:00","article_modified_time":"2024-09-08T19:27:50+00:00","og_image":[{"width":360,"height":360,"url":"https:\/\/web.consaguirre.com.ar\/noticias\/wp-content\/uploads\/2024\/08\/Resena-de-CD-El-epicentro-de-tus-suenos-de-John.jpg","type":"image\/jpeg"}],"author":"Javier Figueroa","twitter_card":"summary_large_image","twitter_misc":{"Escrito por":"Javier Figueroa","Tiempo de lectura":"4 minutos"},"schema":{"@context":"https:\/\/schema.org","@graph":[{"@type":"Article","@id":"https:\/\/web.consaguirre.com.ar\/noticias\/resena-de-cd-el-epicentro-de-tus-suenos-de-john-escreet\/#article","isPartOf":{"@id":"https:\/\/web.consaguirre.com.ar\/noticias\/resena-de-cd-el-epicentro-de-tus-suenos-de-john-escreet\/"},"author":{"name":"Javier Figueroa","@id":"https:\/\/web.consaguirre.com.ar\/noticias\/#\/schema\/person\/6558b0cfedee7ddc5425602b237d5722"},"headline":"Rese\u00f1a de CD: \u201cEl epicentro de tus sue\u00f1os\u201d de John Escreet","datePublished":"2024-08-26T15:38:11+00:00","dateModified":"2024-09-08T19:27:50+00:00","mainEntityOfPage":{"@id":"https:\/\/web.consaguirre.com.ar\/noticias\/resena-de-cd-el-epicentro-de-tus-suenos-de-john-escreet\/"},"wordCount":655,"publisher":{"@id":"https:\/\/web.consaguirre.com.ar\/noticias\/#organization"},"image":{"@id":"https:\/\/web.consaguirre.com.ar\/noticias\/resena-de-cd-el-epicentro-de-tus-suenos-de-john-escreet\/#primaryimage"},"thumbnailUrl":"https:\/\/web.consaguirre.com.ar\/noticias\/wp-content\/uploads\/2024\/08\/Resena-de-CD-El-epicentro-de-tus-suenos-de-John.jpg","keywords":["epicentro","Escreet","John","Rese\u00f1a","sue\u00f1os","tus"],"articleSection":["Cr\u00edtica"],"inLanguage":"es-AR"},{"@type":"WebPage","@id":"https:\/\/web.consaguirre.com.ar\/noticias\/resena-de-cd-el-epicentro-de-tus-suenos-de-john-escreet\/","url":"https:\/\/web.consaguirre.com.ar\/noticias\/resena-de-cd-el-epicentro-de-tus-suenos-de-john-escreet\/","name":"Rese\u00f1a de CD: \u201cEl epicentro de tus sue\u00f1os\u201d de John Escreet","isPartOf":{"@id":"https:\/\/web.consaguirre.com.ar\/noticias\/#website"},"primaryImageOfPage":{"@id":"https:\/\/web.consaguirre.com.ar\/noticias\/resena-de-cd-el-epicentro-de-tus-suenos-de-john-escreet\/#primaryimage"},"image":{"@id":"https:\/\/web.consaguirre.com.ar\/noticias\/resena-de-cd-el-epicentro-de-tus-suenos-de-john-escreet\/#primaryimage"},"thumbnailUrl":"https:\/\/web.consaguirre.com.ar\/noticias\/wp-content\/uploads\/2024\/08\/Resena-de-CD-El-epicentro-de-tus-suenos-de-John.jpg","datePublished":"2024-08-26T15:38:11+00:00","dateModified":"2024-09-08T19:27:50+00:00","breadcrumb":{"@id":"https:\/\/web.consaguirre.com.ar\/noticias\/resena-de-cd-el-epicentro-de-tus-suenos-de-john-escreet\/#breadcrumb"},"inLanguage":"es-AR","potentialAction":[{"@type":"ReadAction","target":["https:\/\/web.consaguirre.com.ar\/noticias\/resena-de-cd-el-epicentro-de-tus-suenos-de-john-escreet\/"]}]},{"@type":"ImageObject","inLanguage":"es-AR","@id":"https:\/\/web.consaguirre.com.ar\/noticias\/resena-de-cd-el-epicentro-de-tus-suenos-de-john-escreet\/#primaryimage","url":"https:\/\/web.consaguirre.com.ar\/noticias\/wp-content\/uploads\/2024\/08\/Resena-de-CD-El-epicentro-de-tus-suenos-de-John.jpg","contentUrl":"https:\/\/web.consaguirre.com.ar\/noticias\/wp-content\/uploads\/2024\/08\/Resena-de-CD-El-epicentro-de-tus-suenos-de-John.jpg","width":360,"height":360,"caption":"Rese\u00f1a de CD: \u201cEl epicentro de tus sue\u00f1os\u201d de John Escreet"},{"@type":"BreadcrumbList","@id":"https:\/\/web.consaguirre.com.ar\/noticias\/resena-de-cd-el-epicentro-de-tus-suenos-de-john-escreet\/#breadcrumb","itemListElement":[{"@type":"ListItem","position":1,"name":"Inicio","item":"https:\/\/web.consaguirre.com.ar\/noticias\/"},{"@type":"ListItem","position":2,"name":"Rese\u00f1a de CD: \u201cEl epicentro de tus sue\u00f1os\u201d de John Escreet"}]},{"@type":"WebSite","@id":"https:\/\/web.consaguirre.com.ar\/noticias\/#website","url":"https:\/\/web.consaguirre.com.ar\/noticias\/","name":"Conservatorio de M\u00fasica Juli\u00e1n Aguirre","description":"","publisher":{"@id":"https:\/\/web.consaguirre.com.ar\/noticias\/#organization"},"potentialAction":[{"@type":"SearchAction","target":{"@type":"EntryPoint","urlTemplate":"https:\/\/web.consaguirre.com.ar\/noticias\/?s={search_term_string}"},"query-input":"required name=search_term_string"}],"inLanguage":"es-AR"},{"@type":"Organization","@id":"https:\/\/web.consaguirre.com.ar\/noticias\/#organization","name":"Conservatorio de M\u00fasica Juli\u00e1n Aguirre","url":"https:\/\/web.consaguirre.com.ar\/noticias\/","logo":{"@type":"ImageObject","inLanguage":"es-AR","@id":"https:\/\/web.consaguirre.com.ar\/noticias\/#\/schema\/logo\/image\/","url":"https:\/\/web.consaguirre.com.ar\/noticias\/wp-content\/uploads\/2024\/08\/Banner-Aguirre-23.jpg","contentUrl":"https:\/\/web.consaguirre.com.ar\/noticias\/wp-content\/uploads\/2024\/08\/Banner-Aguirre-23.jpg","width":1192,"height":600,"caption":"Conservatorio de M\u00fasica Juli\u00e1n Aguirre"},"image":{"@id":"https:\/\/web.consaguirre.com.ar\/noticias\/#\/schema\/logo\/image\/"}},{"@type":"Person","@id":"https:\/\/web.consaguirre.com.ar\/noticias\/#\/schema\/person\/6558b0cfedee7ddc5425602b237d5722","name":"Javier Figueroa","image":{"@type":"ImageObject","inLanguage":"es-AR","@id":"https:\/\/web.consaguirre.com.ar\/noticias\/#\/schema\/person\/image\/","url":"https:\/\/web.consaguirre.com.ar\/noticias\/wp-content\/uploads\/2024\/08\/Consaguirre-scaled.jpg","contentUrl":"https:\/\/web.consaguirre.com.ar\/noticias\/wp-content\/uploads\/2024\/08\/Consaguirre-scaled.jpg","caption":"Javier Figueroa"},"description":"Me llamo Javier Figueroa y soy redactor para el sitio oficial del Conservatorio de M\u00fasica Juli\u00e1n Aguirre en Buenos Aires, consaguirre.com. Apasionado por la m\u00fasica y la escritura, me esfuerzo por destacar los talentos y eventos de nuestra prestigiosa instituci\u00f3n. Mi trayectoria se nutre de una profunda admiraci\u00f3n por los artistas, haciendo de cada art\u00edculo una celebraci\u00f3n de la creatividad y la cultura musical.","sameAs":["https:\/\/web.consaguirre.com.ar\/noticias"]}]}},"_links":{"self":[{"href":"https:\/\/web.consaguirre.com.ar\/noticias\/wp-json\/wp\/v2\/posts\/188"}],"collection":[{"href":"https:\/\/web.consaguirre.com.ar\/noticias\/wp-json\/wp\/v2\/posts"}],"about":[{"href":"https:\/\/web.consaguirre.com.ar\/noticias\/wp-json\/wp\/v2\/types\/post"}],"author":[{"embeddable":true,"href":"https:\/\/web.consaguirre.com.ar\/noticias\/wp-json\/wp\/v2\/users\/1"}],"replies":[{"embeddable":true,"href":"https:\/\/web.consaguirre.com.ar\/noticias\/wp-json\/wp\/v2\/comments?post=188"}],"version-history":[{"count":2,"href":"https:\/\/web.consaguirre.com.ar\/noticias\/wp-json\/wp\/v2\/posts\/188\/revisions"}],"predecessor-version":[{"id":193,"href":"https:\/\/web.consaguirre.com.ar\/noticias\/wp-json\/wp\/v2\/posts\/188\/revisions\/193"}],"wp:featuredmedia":[{"embeddable":true,"href":"https:\/\/web.consaguirre.com.ar\/noticias\/wp-json\/wp\/v2\/media\/189"}],"wp:attachment":[{"href":"https:\/\/web.consaguirre.com.ar\/noticias\/wp-json\/wp\/v2\/media?parent=188"}],"wp:term":[{"taxonomy":"category","embeddable":true,"href":"https:\/\/web.consaguirre.com.ar\/noticias\/wp-json\/wp\/v2\/categories?post=188"},{"taxonomy":"post_tag","embeddable":true,"href":"https:\/\/web.consaguirre.com.ar\/noticias\/wp-json\/wp\/v2\/tags?post=188"}],"curies":[{"name":"wp","href":"https:\/\/api.w.org\/{rel}","templated":true}]}}