{"id":1877,"date":"2025-02-14T20:41:07","date_gmt":"2025-02-14T23:41:07","guid":{"rendered":"https:\/\/web.consaguirre.com.ar\/noticias\/10cc-revela-la-primera-cancion-nueva-en-20-anos\/"},"modified":"2025-02-14T20:41:08","modified_gmt":"2025-02-14T23:41:08","slug":"10cc-revela-la-primera-cancion-nueva-en-20-anos","status":"publish","type":"post","link":"https:\/\/web.consaguirre.com.ar\/noticias\/10cc-revela-la-primera-cancion-nueva-en-20-anos\/","title":{"rendered":"10CC revela la primera canci\u00f3n nueva en 20 a\u00f1os"},"content":{"rendered":"<p><strong>10cc<\/strong> Los miembros fundadores Graham Gouldman y Kevin Godley han lanzado su primera canci\u00f3n nueva en 20 a\u00f1os, &#8220;Don&#8217;t Want to Go to Heaven&#8221;.<\/p>\n<p>La pista lleg\u00f3 el jueves 13 de febrero, solo un d\u00eda antes de <strong>Un relanzamiento especial del d\u00eda de San Valent\u00edn del cl\u00e1sico &#8220;No estoy enamorado&#8221; de 10cc<\/strong> que cumple 50 a\u00f1os este a\u00f1o. Como parte de las celebraciones, el d\u00fao tambi\u00e9n se uni\u00f3 para una presentaci\u00f3n de estudio en vivo en la sala de piano de BBC Radio 2, donde tocaron &#8220;Don&#8217;t Want to Go To Heaven&#8221; y &#8220;No estoy enamorado&#8221;. Por \u00faltima vez trabajaron juntos en el \u00e1lbum de 1995. <em>Espejo espejo<\/em>\u2014En 2023, Gouldman realiz\u00f3 una gira de 16 fechas por el Reino Unido.<\/p>\n<div class=\"uD-YT-container\"><img decoding=\"async\" src=\"https:\/\/web.consaguirre.com.ar\/noticias\/wp-content\/uploads\/2025\/02\/1739576467_681_10CC-revela-la-primera-cancion-nueva-en-20-anos.jpg\" alt=\"Video de YouTube\"><br \/>Haga clic para cargar video<\/div>\n<p>&#8220;No estoy en el amor&#8221; alcanz\u00f3 el n\u00famero 1 en el Reino Unido y el n\u00famero 2 en los Estados Unidos tras su lanzamiento, y desde entonces se ha ganado la aclamaci\u00f3n. &#8220;Est\u00e1bamos a punto de desecharla y limpiar la cinta, pero, mientras caminaba por el estudio, escuch\u00e9 al Secretario cantarlo y al limpiador de ventanas silb\u00e1ndolo&#8221;, dijo Eric Stewart, ex miembro de 10CC, dijo Eric Stewart <em>El guardi\u00e1n<\/em> En una entrevista de 2018. &#8220;Sab\u00eda que ten\u00edamos una melod\u00eda: simplemente no la hab\u00edamos capturado correctamente&#8221;.<\/p>\n<p>10cc formado en Manchester en 1972, con la alineaci\u00f3n original de Gouldman, Godley, Eric Stewart y Lol Creme. Cada uno de los artistas de la banda inglesa hab\u00eda tocado con otros grupos anteriores, y todos eran cantantes y compositores y multi-instrumentistas, una irregularidad impresionante para la \u00e9poca. Llegar\u00edan a lanzar una serie de \u00e1lbumes bien recibidos a lo largo de la d\u00e9cada de 1970, incluyendo <em>10cc<\/em>, <em>Chapa<\/em> y <em>La banda sonora original<\/em>todos reforzados por la notoria asociaci\u00f3n de composici\u00f3n de canciones entre Godley y Creme.<\/p>\n<p>El \u00faltimo r\u00e9cord de 10cc con los cuatro miembros del grupo original fue de 1992 <em>Mientras tanto<\/em>\u2014Gouldman y creme, ambos t\u00e9cnicamente partieron del grupo despu\u00e9s de su \u00e1lbum de 1976 <em>Como te atreves<\/em>.<\/p>\n<p><strong>Compre la versi\u00f3n de 7 pulgadas de San Valent\u00edn de &#8220;I&#8217;m Not in Love&#8221; de 10cc ahora.<\/strong><\/p>\n","protected":false},"excerpt":{"rendered":"<p>10cc Los miembros fundadores Graham Gouldman y Kevin Godley han lanzado su primera canci\u00f3n nueva en 20 a\u00f1os, &#8220;Don&#8217;t Want to Go to Heaven&#8221;. La<\/p>\n","protected":false},"author":1,"featured_media":1878,"comment_status":"closed","ping_status":"","sticky":false,"template":"","format":"standard","meta":{"footnotes":""},"categories":[50],"tags":[1891,115,460,116,186,285],"class_list":["post-1877","post","type-post","status-publish","format-standard","has-post-thumbnail","hentry","category-el-ultimo","tag-10cc","tag-anos","tag-cancion","tag-nueva","tag-primera","tag-revela","generate-columns","tablet-grid-50","mobile-grid-100","grid-parent","grid-50"],"yoast_head":"<!-- This site is optimized with the Yoast SEO plugin v23.3 - https:\/\/yoast.com\/wordpress\/plugins\/seo\/ -->\n<title>10CC revela la primera canci\u00f3n nueva en 20 a\u00f1os<\/title>\n<meta name=\"robots\" content=\"index, follow, max-snippet:-1, max-image-preview:large, max-video-preview:-1\" \/>\n<link rel=\"canonical\" href=\"https:\/\/web.consaguirre.com.ar\/noticias\/10cc-revela-la-primera-cancion-nueva-en-20-anos\/\" \/>\n<meta property=\"og:locale\" content=\"es_ES\" \/>\n<meta property=\"og:type\" content=\"article\" \/>\n<meta property=\"og:title\" content=\"10CC revela la primera canci\u00f3n nueva en 20 a\u00f1os\" \/>\n<meta property=\"og:description\" content=\"10cc Los miembros fundadores Graham Gouldman y Kevin Godley han lanzado su primera canci\u00f3n nueva en 20 a\u00f1os, &#8220;Don&#8217;t Want to Go to Heaven&#8221;. La\" \/>\n<meta property=\"og:url\" content=\"https:\/\/web.consaguirre.com.ar\/noticias\/10cc-revela-la-primera-cancion-nueva-en-20-anos\/\" \/>\n<meta property=\"og:site_name\" content=\"Conservatorio de M\u00fasica Juli\u00e1n Aguirre\" \/>\n<meta property=\"article:published_time\" content=\"2025-02-14T23:41:07+00:00\" \/>\n<meta property=\"article:modified_time\" content=\"2025-02-14T23:41:08+00:00\" \/>\n<meta property=\"og:image\" content=\"https:\/\/web.consaguirre.com.ar\/noticias\/wp-content\/uploads\/2025\/02\/10CC-revela-la-primera-cancion-nueva-en-20-anos.jpg\" \/>\n\t<meta property=\"og:image:width\" content=\"1440\" \/>\n\t<meta property=\"og:image:height\" content=\"864\" \/>\n\t<meta property=\"og:image:type\" content=\"image\/jpeg\" \/>\n<meta name=\"author\" content=\"Javier Figueroa\" \/>\n<meta name=\"twitter:card\" content=\"summary_large_image\" \/>\n<meta name=\"twitter:label1\" content=\"Escrito por\" \/>\n\t<meta name=\"twitter:data1\" content=\"Javier Figueroa\" \/>\n\t<meta name=\"twitter:label2\" content=\"Tiempo de lectura\" \/>\n\t<meta name=\"twitter:data2\" content=\"2 minutos\" \/>\n<script type=\"application\/ld+json\" class=\"yoast-schema-graph\">{\"@context\":\"https:\/\/schema.org\",\"@graph\":[{\"@type\":\"Article\",\"@id\":\"https:\/\/web.consaguirre.com.ar\/noticias\/10cc-revela-la-primera-cancion-nueva-en-20-anos\/#article\",\"isPartOf\":{\"@id\":\"https:\/\/web.consaguirre.com.ar\/noticias\/10cc-revela-la-primera-cancion-nueva-en-20-anos\/\"},\"author\":{\"name\":\"Javier Figueroa\",\"@id\":\"https:\/\/web.consaguirre.com.ar\/noticias\/#\/schema\/person\/6558b0cfedee7ddc5425602b237d5722\"},\"headline\":\"10CC revela la primera canci\u00f3n nueva en 20 a\u00f1os\",\"datePublished\":\"2025-02-14T23:41:07+00:00\",\"dateModified\":\"2025-02-14T23:41:08+00:00\",\"mainEntityOfPage\":{\"@id\":\"https:\/\/web.consaguirre.com.ar\/noticias\/10cc-revela-la-primera-cancion-nueva-en-20-anos\/\"},\"wordCount\":377,\"publisher\":{\"@id\":\"https:\/\/web.consaguirre.com.ar\/noticias\/#organization\"},\"image\":{\"@id\":\"https:\/\/web.consaguirre.com.ar\/noticias\/10cc-revela-la-primera-cancion-nueva-en-20-anos\/#primaryimage\"},\"thumbnailUrl\":\"https:\/\/web.consaguirre.com.ar\/noticias\/wp-content\/uploads\/2025\/02\/10CC-revela-la-primera-cancion-nueva-en-20-anos.jpg\",\"keywords\":[\"10CC\",\"a\u00f1os\",\"canci\u00f3n\",\"nueva\",\"primera\",\"revela\"],\"articleSection\":[\"El \u00faltimo\"],\"inLanguage\":\"es-AR\"},{\"@type\":\"WebPage\",\"@id\":\"https:\/\/web.consaguirre.com.ar\/noticias\/10cc-revela-la-primera-cancion-nueva-en-20-anos\/\",\"url\":\"https:\/\/web.consaguirre.com.ar\/noticias\/10cc-revela-la-primera-cancion-nueva-en-20-anos\/\",\"name\":\"10CC revela la primera canci\u00f3n nueva en 20 a\u00f1os\",\"isPartOf\":{\"@id\":\"https:\/\/web.consaguirre.com.ar\/noticias\/#website\"},\"primaryImageOfPage\":{\"@id\":\"https:\/\/web.consaguirre.com.ar\/noticias\/10cc-revela-la-primera-cancion-nueva-en-20-anos\/#primaryimage\"},\"image\":{\"@id\":\"https:\/\/web.consaguirre.com.ar\/noticias\/10cc-revela-la-primera-cancion-nueva-en-20-anos\/#primaryimage\"},\"thumbnailUrl\":\"https:\/\/web.consaguirre.com.ar\/noticias\/wp-content\/uploads\/2025\/02\/10CC-revela-la-primera-cancion-nueva-en-20-anos.jpg\",\"datePublished\":\"2025-02-14T23:41:07+00:00\",\"dateModified\":\"2025-02-14T23:41:08+00:00\",\"breadcrumb\":{\"@id\":\"https:\/\/web.consaguirre.com.ar\/noticias\/10cc-revela-la-primera-cancion-nueva-en-20-anos\/#breadcrumb\"},\"inLanguage\":\"es-AR\",\"potentialAction\":[{\"@type\":\"ReadAction\",\"target\":[\"https:\/\/web.consaguirre.com.ar\/noticias\/10cc-revela-la-primera-cancion-nueva-en-20-anos\/\"]}]},{\"@type\":\"ImageObject\",\"inLanguage\":\"es-AR\",\"@id\":\"https:\/\/web.consaguirre.com.ar\/noticias\/10cc-revela-la-primera-cancion-nueva-en-20-anos\/#primaryimage\",\"url\":\"https:\/\/web.consaguirre.com.ar\/noticias\/wp-content\/uploads\/2025\/02\/10CC-revela-la-primera-cancion-nueva-en-20-anos.jpg\",\"contentUrl\":\"https:\/\/web.consaguirre.com.ar\/noticias\/wp-content\/uploads\/2025\/02\/10CC-revela-la-primera-cancion-nueva-en-20-anos.jpg\",\"width\":1440,\"height\":864,\"caption\":\"10CC revela la primera canci\u00f3n nueva en 20 a\u00f1os\"},{\"@type\":\"BreadcrumbList\",\"@id\":\"https:\/\/web.consaguirre.com.ar\/noticias\/10cc-revela-la-primera-cancion-nueva-en-20-anos\/#breadcrumb\",\"itemListElement\":[{\"@type\":\"ListItem\",\"position\":1,\"name\":\"Inicio\",\"item\":\"https:\/\/web.consaguirre.com.ar\/noticias\/\"},{\"@type\":\"ListItem\",\"position\":2,\"name\":\"10CC revela la primera canci\u00f3n nueva en 20 a\u00f1os\"}]},{\"@type\":\"WebSite\",\"@id\":\"https:\/\/web.consaguirre.com.ar\/noticias\/#website\",\"url\":\"https:\/\/web.consaguirre.com.ar\/noticias\/\",\"name\":\"Conservatorio de M\u00fasica Juli\u00e1n Aguirre\",\"description\":\"\",\"publisher\":{\"@id\":\"https:\/\/web.consaguirre.com.ar\/noticias\/#organization\"},\"potentialAction\":[{\"@type\":\"SearchAction\",\"target\":{\"@type\":\"EntryPoint\",\"urlTemplate\":\"https:\/\/web.consaguirre.com.ar\/noticias\/?s={search_term_string}\"},\"query-input\":\"required name=search_term_string\"}],\"inLanguage\":\"es-AR\"},{\"@type\":\"Organization\",\"@id\":\"https:\/\/web.consaguirre.com.ar\/noticias\/#organization\",\"name\":\"Conservatorio de M\u00fasica Juli\u00e1n Aguirre\",\"url\":\"https:\/\/web.consaguirre.com.ar\/noticias\/\",\"logo\":{\"@type\":\"ImageObject\",\"inLanguage\":\"es-AR\",\"@id\":\"https:\/\/web.consaguirre.com.ar\/noticias\/#\/schema\/logo\/image\/\",\"url\":\"https:\/\/web.consaguirre.com.ar\/noticias\/wp-content\/uploads\/2024\/08\/Banner-Aguirre-23.jpg\",\"contentUrl\":\"https:\/\/web.consaguirre.com.ar\/noticias\/wp-content\/uploads\/2024\/08\/Banner-Aguirre-23.jpg\",\"width\":1192,\"height\":600,\"caption\":\"Conservatorio de M\u00fasica Juli\u00e1n Aguirre\"},\"image\":{\"@id\":\"https:\/\/web.consaguirre.com.ar\/noticias\/#\/schema\/logo\/image\/\"}},{\"@type\":\"Person\",\"@id\":\"https:\/\/web.consaguirre.com.ar\/noticias\/#\/schema\/person\/6558b0cfedee7ddc5425602b237d5722\",\"name\":\"Javier Figueroa\",\"image\":{\"@type\":\"ImageObject\",\"inLanguage\":\"es-AR\",\"@id\":\"https:\/\/web.consaguirre.com.ar\/noticias\/#\/schema\/person\/image\/\",\"url\":\"https:\/\/web.consaguirre.com.ar\/noticias\/wp-content\/uploads\/2024\/08\/Consaguirre-scaled.jpg\",\"contentUrl\":\"https:\/\/web.consaguirre.com.ar\/noticias\/wp-content\/uploads\/2024\/08\/Consaguirre-scaled.jpg\",\"caption\":\"Javier Figueroa\"},\"description\":\"Me llamo Javier Figueroa y soy redactor para el sitio oficial del Conservatorio de M\u00fasica Juli\u00e1n Aguirre en Buenos Aires, consaguirre.com. Apasionado por la m\u00fasica y la escritura, me esfuerzo por destacar los talentos y eventos de nuestra prestigiosa instituci\u00f3n. Mi trayectoria se nutre de una profunda admiraci\u00f3n por los artistas, haciendo de cada art\u00edculo una celebraci\u00f3n de la creatividad y la cultura musical.\",\"sameAs\":[\"https:\/\/web.consaguirre.com.ar\/noticias\"]}]}<\/script>\n<!-- \/ Yoast SEO plugin. -->","yoast_head_json":{"title":"10CC revela la primera canci\u00f3n nueva en 20 a\u00f1os","robots":{"index":"index","follow":"follow","max-snippet":"max-snippet:-1","max-image-preview":"max-image-preview:large","max-video-preview":"max-video-preview:-1"},"canonical":"https:\/\/web.consaguirre.com.ar\/noticias\/10cc-revela-la-primera-cancion-nueva-en-20-anos\/","og_locale":"es_ES","og_type":"article","og_title":"10CC revela la primera canci\u00f3n nueva en 20 a\u00f1os","og_description":"10cc Los miembros fundadores Graham Gouldman y Kevin Godley han lanzado su primera canci\u00f3n nueva en 20 a\u00f1os, &#8220;Don&#8217;t Want to Go to Heaven&#8221;. La","og_url":"https:\/\/web.consaguirre.com.ar\/noticias\/10cc-revela-la-primera-cancion-nueva-en-20-anos\/","og_site_name":"Conservatorio de M\u00fasica Juli\u00e1n Aguirre","article_published_time":"2025-02-14T23:41:07+00:00","article_modified_time":"2025-02-14T23:41:08+00:00","og_image":[{"width":1440,"height":864,"url":"https:\/\/web.consaguirre.com.ar\/noticias\/wp-content\/uploads\/2025\/02\/10CC-revela-la-primera-cancion-nueva-en-20-anos.jpg","type":"image\/jpeg"}],"author":"Javier Figueroa","twitter_card":"summary_large_image","twitter_misc":{"Escrito por":"Javier Figueroa","Tiempo de lectura":"2 minutos"},"schema":{"@context":"https:\/\/schema.org","@graph":[{"@type":"Article","@id":"https:\/\/web.consaguirre.com.ar\/noticias\/10cc-revela-la-primera-cancion-nueva-en-20-anos\/#article","isPartOf":{"@id":"https:\/\/web.consaguirre.com.ar\/noticias\/10cc-revela-la-primera-cancion-nueva-en-20-anos\/"},"author":{"name":"Javier Figueroa","@id":"https:\/\/web.consaguirre.com.ar\/noticias\/#\/schema\/person\/6558b0cfedee7ddc5425602b237d5722"},"headline":"10CC revela la primera canci\u00f3n nueva en 20 a\u00f1os","datePublished":"2025-02-14T23:41:07+00:00","dateModified":"2025-02-14T23:41:08+00:00","mainEntityOfPage":{"@id":"https:\/\/web.consaguirre.com.ar\/noticias\/10cc-revela-la-primera-cancion-nueva-en-20-anos\/"},"wordCount":377,"publisher":{"@id":"https:\/\/web.consaguirre.com.ar\/noticias\/#organization"},"image":{"@id":"https:\/\/web.consaguirre.com.ar\/noticias\/10cc-revela-la-primera-cancion-nueva-en-20-anos\/#primaryimage"},"thumbnailUrl":"https:\/\/web.consaguirre.com.ar\/noticias\/wp-content\/uploads\/2025\/02\/10CC-revela-la-primera-cancion-nueva-en-20-anos.jpg","keywords":["10CC","a\u00f1os","canci\u00f3n","nueva","primera","revela"],"articleSection":["El \u00faltimo"],"inLanguage":"es-AR"},{"@type":"WebPage","@id":"https:\/\/web.consaguirre.com.ar\/noticias\/10cc-revela-la-primera-cancion-nueva-en-20-anos\/","url":"https:\/\/web.consaguirre.com.ar\/noticias\/10cc-revela-la-primera-cancion-nueva-en-20-anos\/","name":"10CC revela la primera canci\u00f3n nueva en 20 a\u00f1os","isPartOf":{"@id":"https:\/\/web.consaguirre.com.ar\/noticias\/#website"},"primaryImageOfPage":{"@id":"https:\/\/web.consaguirre.com.ar\/noticias\/10cc-revela-la-primera-cancion-nueva-en-20-anos\/#primaryimage"},"image":{"@id":"https:\/\/web.consaguirre.com.ar\/noticias\/10cc-revela-la-primera-cancion-nueva-en-20-anos\/#primaryimage"},"thumbnailUrl":"https:\/\/web.consaguirre.com.ar\/noticias\/wp-content\/uploads\/2025\/02\/10CC-revela-la-primera-cancion-nueva-en-20-anos.jpg","datePublished":"2025-02-14T23:41:07+00:00","dateModified":"2025-02-14T23:41:08+00:00","breadcrumb":{"@id":"https:\/\/web.consaguirre.com.ar\/noticias\/10cc-revela-la-primera-cancion-nueva-en-20-anos\/#breadcrumb"},"inLanguage":"es-AR","potentialAction":[{"@type":"ReadAction","target":["https:\/\/web.consaguirre.com.ar\/noticias\/10cc-revela-la-primera-cancion-nueva-en-20-anos\/"]}]},{"@type":"ImageObject","inLanguage":"es-AR","@id":"https:\/\/web.consaguirre.com.ar\/noticias\/10cc-revela-la-primera-cancion-nueva-en-20-anos\/#primaryimage","url":"https:\/\/web.consaguirre.com.ar\/noticias\/wp-content\/uploads\/2025\/02\/10CC-revela-la-primera-cancion-nueva-en-20-anos.jpg","contentUrl":"https:\/\/web.consaguirre.com.ar\/noticias\/wp-content\/uploads\/2025\/02\/10CC-revela-la-primera-cancion-nueva-en-20-anos.jpg","width":1440,"height":864,"caption":"10CC revela la primera canci\u00f3n nueva en 20 a\u00f1os"},{"@type":"BreadcrumbList","@id":"https:\/\/web.consaguirre.com.ar\/noticias\/10cc-revela-la-primera-cancion-nueva-en-20-anos\/#breadcrumb","itemListElement":[{"@type":"ListItem","position":1,"name":"Inicio","item":"https:\/\/web.consaguirre.com.ar\/noticias\/"},{"@type":"ListItem","position":2,"name":"10CC revela la primera canci\u00f3n nueva en 20 a\u00f1os"}]},{"@type":"WebSite","@id":"https:\/\/web.consaguirre.com.ar\/noticias\/#website","url":"https:\/\/web.consaguirre.com.ar\/noticias\/","name":"Conservatorio de M\u00fasica Juli\u00e1n Aguirre","description":"","publisher":{"@id":"https:\/\/web.consaguirre.com.ar\/noticias\/#organization"},"potentialAction":[{"@type":"SearchAction","target":{"@type":"EntryPoint","urlTemplate":"https:\/\/web.consaguirre.com.ar\/noticias\/?s={search_term_string}"},"query-input":"required name=search_term_string"}],"inLanguage":"es-AR"},{"@type":"Organization","@id":"https:\/\/web.consaguirre.com.ar\/noticias\/#organization","name":"Conservatorio de M\u00fasica Juli\u00e1n Aguirre","url":"https:\/\/web.consaguirre.com.ar\/noticias\/","logo":{"@type":"ImageObject","inLanguage":"es-AR","@id":"https:\/\/web.consaguirre.com.ar\/noticias\/#\/schema\/logo\/image\/","url":"https:\/\/web.consaguirre.com.ar\/noticias\/wp-content\/uploads\/2024\/08\/Banner-Aguirre-23.jpg","contentUrl":"https:\/\/web.consaguirre.com.ar\/noticias\/wp-content\/uploads\/2024\/08\/Banner-Aguirre-23.jpg","width":1192,"height":600,"caption":"Conservatorio de M\u00fasica Juli\u00e1n Aguirre"},"image":{"@id":"https:\/\/web.consaguirre.com.ar\/noticias\/#\/schema\/logo\/image\/"}},{"@type":"Person","@id":"https:\/\/web.consaguirre.com.ar\/noticias\/#\/schema\/person\/6558b0cfedee7ddc5425602b237d5722","name":"Javier Figueroa","image":{"@type":"ImageObject","inLanguage":"es-AR","@id":"https:\/\/web.consaguirre.com.ar\/noticias\/#\/schema\/person\/image\/","url":"https:\/\/web.consaguirre.com.ar\/noticias\/wp-content\/uploads\/2024\/08\/Consaguirre-scaled.jpg","contentUrl":"https:\/\/web.consaguirre.com.ar\/noticias\/wp-content\/uploads\/2024\/08\/Consaguirre-scaled.jpg","caption":"Javier Figueroa"},"description":"Me llamo Javier Figueroa y soy redactor para el sitio oficial del Conservatorio de M\u00fasica Juli\u00e1n Aguirre en Buenos Aires, consaguirre.com. Apasionado por la m\u00fasica y la escritura, me esfuerzo por destacar los talentos y eventos de nuestra prestigiosa instituci\u00f3n. Mi trayectoria se nutre de una profunda admiraci\u00f3n por los artistas, haciendo de cada art\u00edculo una celebraci\u00f3n de la creatividad y la cultura musical.","sameAs":["https:\/\/web.consaguirre.com.ar\/noticias"]}]}},"_links":{"self":[{"href":"https:\/\/web.consaguirre.com.ar\/noticias\/wp-json\/wp\/v2\/posts\/1877"}],"collection":[{"href":"https:\/\/web.consaguirre.com.ar\/noticias\/wp-json\/wp\/v2\/posts"}],"about":[{"href":"https:\/\/web.consaguirre.com.ar\/noticias\/wp-json\/wp\/v2\/types\/post"}],"author":[{"embeddable":true,"href":"https:\/\/web.consaguirre.com.ar\/noticias\/wp-json\/wp\/v2\/users\/1"}],"replies":[{"embeddable":true,"href":"https:\/\/web.consaguirre.com.ar\/noticias\/wp-json\/wp\/v2\/comments?post=1877"}],"version-history":[{"count":1,"href":"https:\/\/web.consaguirre.com.ar\/noticias\/wp-json\/wp\/v2\/posts\/1877\/revisions"}],"predecessor-version":[{"id":1879,"href":"https:\/\/web.consaguirre.com.ar\/noticias\/wp-json\/wp\/v2\/posts\/1877\/revisions\/1879"}],"wp:featuredmedia":[{"embeddable":true,"href":"https:\/\/web.consaguirre.com.ar\/noticias\/wp-json\/wp\/v2\/media\/1878"}],"wp:attachment":[{"href":"https:\/\/web.consaguirre.com.ar\/noticias\/wp-json\/wp\/v2\/media?parent=1877"}],"wp:term":[{"taxonomy":"category","embeddable":true,"href":"https:\/\/web.consaguirre.com.ar\/noticias\/wp-json\/wp\/v2\/categories?post=1877"},{"taxonomy":"post_tag","embeddable":true,"href":"https:\/\/web.consaguirre.com.ar\/noticias\/wp-json\/wp\/v2\/tags?post=1877"}],"curies":[{"name":"wp","href":"https:\/\/api.w.org\/{rel}","templated":true}]}}