{"id":1856,"date":"2025-02-13T05:42:51","date_gmt":"2025-02-13T08:42:51","guid":{"rendered":"https:\/\/web.consaguirre.com.ar\/noticias\/pat-benatar-y-neil-giraldo-anuncian-la-gira-norteamericana\/"},"modified":"2025-02-13T05:42:52","modified_gmt":"2025-02-13T08:42:52","slug":"pat-benatar-y-neil-giraldo-anuncian-la-gira-norteamericana","status":"publish","type":"post","link":"https:\/\/web.consaguirre.com.ar\/noticias\/pat-benatar-y-neil-giraldo-anuncian-la-gira-norteamericana\/","title":{"rendered":"Pat Benatar y Neil Giraldo anuncian la gira norteamericana"},"content":{"rendered":"<p><strong>Pat Benatar<\/strong> y <strong>Neil Giraldo<\/strong> He anunciado que llegar\u00e1n a la carretera esta primavera para una serie de fechas de tour en el encabezado de Am\u00e9rica del Norte.<\/p>\n<p>Comenzando en Palm Springs el 11 de abril, y todas las fechas siguientes con invitados especiales los Vindys, esta carrera de 26 fechas incluye espect\u00e1culos en Austin, TX; Memphis, TN; Charlotte, NC; Baltimore, ND; Albany, NY; y m\u00e1s. Consulte la lista completa de fechas de gira a continuaci\u00f3n.<\/p>\n<p>Este anuncio sigue a un concurrido 2024 para el d\u00fao que encabeza la lista, que recientemente anunci\u00f3 su pr\u00f3ximo libro infantil <em>\u00a1Mi abuela y mi abuelo Rock!<\/em><\/p>\n<p>Con ilustraciones de Tiffany Everett, <em>\u00a1Mi abuela y mi abuelo Rock!<\/em> Ser\u00e1 publicado este oto\u00f1o por los libros de origen, y es una oda al v\u00ednculo especial entre abuelos y nietos en todas partes. Su historia l\u00edrica destaca c\u00f3mo los abuelos pueden &#8220;rockear&#8221; de varias maneras o simplemente ser ellos mismos.<\/p>\n<p>Los primeros tres \u00e1lbumes de Benatar y Giraldo <strong>fueron reedidos en septiembre del a\u00f1o pasado<\/strong>. <em>En el calor de la noche<\/em>, <em>Cr\u00edmenes de pasi\u00f3n<\/em>y <em>Tiempo precioso<\/em> todos fueron remasterizados y ofrecidos en variantes especiales de color de pu\u00f1etazo de fruta de edici\u00f3n limitada, adem\u00e1s del negro est\u00e1ndar.<\/p>\n<p><em>En el calor de la noche<\/em>El \u00e1lbum debut de platino de Benatar de 1979, presenta el gran \u00e9xito y el himno &#8220;Heartbreaker&#8221;, as\u00ed como &#8220;I Need A Lover&#8221; y el Giraldo, &#8220;We Live For Love&#8221;. Junto con la versi\u00f3n de vinilo negro, la reedici\u00f3n de edici\u00f3n limitada lleg\u00f3 al vinilo de color mandarina.<\/p>\n<p>El estudiante de segundo a\u00f1o ganador del Grammy <em>Cr\u00edmenes de pasi\u00f3n<\/em> De 1980 presenta el cl\u00e1sico Top 10 &#8220;Hit Me With Your Best Shot&#8221;, &#8220;You Better Run Run&#8221; y &#8220;Tr\u00e1tame bien&#8221;. El lanzamiento de vinilo negro se complement\u00f3 con una versi\u00f3n magenta opaca de edici\u00f3n limitada.<\/p>\n<p>Completar la serie de reedici\u00f3n fue de 1981 <em>Tiempo precioso<\/em>un \u00e1lbum Smash No.1 con el ganador del Grammy &#8220;Fire &#038; Ice&#8221; m\u00e1s &#8220;Promeses in the Dark&#8221;. La edici\u00f3n Negra Vinyl Standard se uni\u00f3 a una edici\u00f3n limitada Purple Run.<\/p>\n<p><strong>Spotify<\/strong>.<\/p>\n<p><strong>Fechas de la gira de Pat Benatar y Neil Giraldo en la primavera 2025:<\/strong><\/p>\n<p>04\/11 &#8211; Agua Caliente Casino &#8211; Palm Springs, CA<br \/>\n19\/04 &#8211; Centro financiero inteligente &#8211; Sugar Land, TX*<br \/>\n22\/04 &#8211; Paramount Theatre &#8211; Austin, TX*<br \/>\n23\/04 &#8211; Majestic Theatre &#8211; San Antonio, TX*<br \/>\n25\/04 &#8211; Beau Rivage Resort &#038; Casino &#8211; Biloxi, MS*<br \/>\n26\/04 &#8211; Graceland Soundstage &#8211; Memphis, TN*<br \/>\n29\/04 &#8211; Auditorio Memorial de Spartanburg &#8211; Spartanburg, SC*<br \/>\n01\/05 &#8211; El Anfiteatro de San Agust\u00edn &#8211; San Agust\u00edn, FL*<br \/>\n05\/02 &#8211; Barbara B Mann Performing Arts Center &#8211; Fort Myers, FL*<br \/>\n05\/04 &#8211; Auditorio de hornos &#8211; Charlotte, NC*<br \/>\n05\/06 &#8211; Altria Theatre &#8211; Richmond, VA*<br \/>\n05\/07 &#8211; Virginia Beach Dome &#8211; Virginia Beach, VA*<br \/>\n09\/09 &#8211; Centro de arcilla de Artes y Ciencias &#8211; Charleston, WV*<br \/>\n05\/10 &#8211; Soaring Eagle Casino &#038; Resort &#8211; Mt. Pleasant, Mi*<br \/>\n12\/05 &#8211; Teatro Warner &#8211; Erie, PA*<br \/>\n14\/05 &#8211; Lyric Baltimore &#8211; Baltimore, MD*<br \/>\n6\/16 &#8211; Turning Stone Resort &#038; Casino &#8211; Centro de eventos &#8211; Verona, NY*<br \/>\n17\/05 &#8211; Fallsview Casino Resort &#8211; Grand Ballroom &#8211; Niagara Falls, en*<br \/>\n20\/05 &#8211; Kirby Center for the Performing Arts &#8211; Wilkes Barre, PA*<br \/>\n21\/05 &#8211; Palace Theatre &#8211; Albany, NY*<br \/>\n23\/05 &#8211; Auditorio Mershon &#8211; Columbus, Oh*<br \/>\n24\/05 &#8211; Terrace Centennial &#8211; Sylvania, Oh*<br \/>\n27\/05 &#8211; Peoples Bank Theatre &#8211; Marietta, Oh*<br \/>\n29\/05 &#8211; Caesars Windsor &#8211; El Coliseo &#8211; Windsor, On*<br \/>\n30\/05 &#8211; Blue Gate Theatre &#8211; Shipshewana, en *<br \/>\n06\/01 &#8211; Freeman Arts Pavillion &#8211; Selbyville, DE*<\/p>\n<p>*con invitados especiales las Vindys<\/p>\n","protected":false},"excerpt":{"rendered":"<p>Pat Benatar y Neil Giraldo He anunciado que llegar\u00e1n a la carretera esta primavera para una serie de fechas de tour en el encabezado de<\/p>\n","protected":false},"author":1,"featured_media":1857,"comment_status":"closed","ping_status":"","sticky":false,"template":"","format":"standard","meta":{"footnotes":""},"categories":[50],"tags":[725,1879,492,1881,1880,1300,1878],"class_list":["post-1856","post","type-post","status-publish","format-standard","has-post-thumbnail","hentry","category-el-ultimo","tag-anuncian","tag-benatar","tag-gira","tag-giraldo","tag-neil","tag-norteamericana","tag-pat","generate-columns","tablet-grid-50","mobile-grid-100","grid-parent","grid-50"],"yoast_head":"<!-- This site is optimized with the Yoast SEO plugin v23.3 - https:\/\/yoast.com\/wordpress\/plugins\/seo\/ -->\n<title>Pat Benatar y Neil Giraldo anuncian la gira norteamericana<\/title>\n<meta name=\"robots\" content=\"index, follow, max-snippet:-1, max-image-preview:large, max-video-preview:-1\" \/>\n<link rel=\"canonical\" href=\"https:\/\/web.consaguirre.com.ar\/noticias\/pat-benatar-y-neil-giraldo-anuncian-la-gira-norteamericana\/\" \/>\n<meta property=\"og:locale\" content=\"es_ES\" \/>\n<meta property=\"og:type\" content=\"article\" \/>\n<meta property=\"og:title\" content=\"Pat Benatar y Neil Giraldo anuncian la gira norteamericana\" \/>\n<meta property=\"og:description\" content=\"Pat Benatar y Neil Giraldo He anunciado que llegar\u00e1n a la carretera esta primavera para una serie de fechas de tour en el encabezado de\" \/>\n<meta property=\"og:url\" content=\"https:\/\/web.consaguirre.com.ar\/noticias\/pat-benatar-y-neil-giraldo-anuncian-la-gira-norteamericana\/\" \/>\n<meta property=\"og:site_name\" content=\"Conservatorio de M\u00fasica Juli\u00e1n Aguirre\" \/>\n<meta property=\"article:published_time\" content=\"2025-02-13T08:42:51+00:00\" \/>\n<meta property=\"article:modified_time\" content=\"2025-02-13T08:42:52+00:00\" \/>\n<meta property=\"og:image\" content=\"https:\/\/web.consaguirre.com.ar\/noticias\/wp-content\/uploads\/2025\/02\/Pat-Benatar-y-Neil-Giraldo-anuncian-la-gira-norteamericana.jpg\" \/>\n\t<meta property=\"og:image:width\" content=\"1440\" \/>\n\t<meta property=\"og:image:height\" content=\"864\" \/>\n\t<meta property=\"og:image:type\" content=\"image\/jpeg\" \/>\n<meta name=\"author\" content=\"Javier Figueroa\" \/>\n<meta name=\"twitter:card\" content=\"summary_large_image\" \/>\n<meta name=\"twitter:label1\" content=\"Escrito por\" \/>\n\t<meta name=\"twitter:data1\" content=\"Javier Figueroa\" \/>\n\t<meta name=\"twitter:label2\" content=\"Tiempo de lectura\" \/>\n\t<meta name=\"twitter:data2\" content=\"3 minutos\" \/>\n<script type=\"application\/ld+json\" class=\"yoast-schema-graph\">{\"@context\":\"https:\/\/schema.org\",\"@graph\":[{\"@type\":\"Article\",\"@id\":\"https:\/\/web.consaguirre.com.ar\/noticias\/pat-benatar-y-neil-giraldo-anuncian-la-gira-norteamericana\/#article\",\"isPartOf\":{\"@id\":\"https:\/\/web.consaguirre.com.ar\/noticias\/pat-benatar-y-neil-giraldo-anuncian-la-gira-norteamericana\/\"},\"author\":{\"name\":\"Javier Figueroa\",\"@id\":\"https:\/\/web.consaguirre.com.ar\/noticias\/#\/schema\/person\/6558b0cfedee7ddc5425602b237d5722\"},\"headline\":\"Pat Benatar y Neil Giraldo anuncian la gira norteamericana\",\"datePublished\":\"2025-02-13T08:42:51+00:00\",\"dateModified\":\"2025-02-13T08:42:52+00:00\",\"mainEntityOfPage\":{\"@id\":\"https:\/\/web.consaguirre.com.ar\/noticias\/pat-benatar-y-neil-giraldo-anuncian-la-gira-norteamericana\/\"},\"wordCount\":600,\"publisher\":{\"@id\":\"https:\/\/web.consaguirre.com.ar\/noticias\/#organization\"},\"image\":{\"@id\":\"https:\/\/web.consaguirre.com.ar\/noticias\/pat-benatar-y-neil-giraldo-anuncian-la-gira-norteamericana\/#primaryimage\"},\"thumbnailUrl\":\"https:\/\/web.consaguirre.com.ar\/noticias\/wp-content\/uploads\/2025\/02\/Pat-Benatar-y-Neil-Giraldo-anuncian-la-gira-norteamericana.jpg\",\"keywords\":[\"anuncian\",\"Benatar\",\"gira\",\"Giraldo\",\"Neil\",\"norteamericana\",\"Pat\"],\"articleSection\":[\"El \u00faltimo\"],\"inLanguage\":\"es-AR\"},{\"@type\":\"WebPage\",\"@id\":\"https:\/\/web.consaguirre.com.ar\/noticias\/pat-benatar-y-neil-giraldo-anuncian-la-gira-norteamericana\/\",\"url\":\"https:\/\/web.consaguirre.com.ar\/noticias\/pat-benatar-y-neil-giraldo-anuncian-la-gira-norteamericana\/\",\"name\":\"Pat Benatar y Neil Giraldo anuncian la gira norteamericana\",\"isPartOf\":{\"@id\":\"https:\/\/web.consaguirre.com.ar\/noticias\/#website\"},\"primaryImageOfPage\":{\"@id\":\"https:\/\/web.consaguirre.com.ar\/noticias\/pat-benatar-y-neil-giraldo-anuncian-la-gira-norteamericana\/#primaryimage\"},\"image\":{\"@id\":\"https:\/\/web.consaguirre.com.ar\/noticias\/pat-benatar-y-neil-giraldo-anuncian-la-gira-norteamericana\/#primaryimage\"},\"thumbnailUrl\":\"https:\/\/web.consaguirre.com.ar\/noticias\/wp-content\/uploads\/2025\/02\/Pat-Benatar-y-Neil-Giraldo-anuncian-la-gira-norteamericana.jpg\",\"datePublished\":\"2025-02-13T08:42:51+00:00\",\"dateModified\":\"2025-02-13T08:42:52+00:00\",\"breadcrumb\":{\"@id\":\"https:\/\/web.consaguirre.com.ar\/noticias\/pat-benatar-y-neil-giraldo-anuncian-la-gira-norteamericana\/#breadcrumb\"},\"inLanguage\":\"es-AR\",\"potentialAction\":[{\"@type\":\"ReadAction\",\"target\":[\"https:\/\/web.consaguirre.com.ar\/noticias\/pat-benatar-y-neil-giraldo-anuncian-la-gira-norteamericana\/\"]}]},{\"@type\":\"ImageObject\",\"inLanguage\":\"es-AR\",\"@id\":\"https:\/\/web.consaguirre.com.ar\/noticias\/pat-benatar-y-neil-giraldo-anuncian-la-gira-norteamericana\/#primaryimage\",\"url\":\"https:\/\/web.consaguirre.com.ar\/noticias\/wp-content\/uploads\/2025\/02\/Pat-Benatar-y-Neil-Giraldo-anuncian-la-gira-norteamericana.jpg\",\"contentUrl\":\"https:\/\/web.consaguirre.com.ar\/noticias\/wp-content\/uploads\/2025\/02\/Pat-Benatar-y-Neil-Giraldo-anuncian-la-gira-norteamericana.jpg\",\"width\":1440,\"height\":864,\"caption\":\"Pat Benatar and Neil Giraldo - Photo: Courtesy of High Rise PR\"},{\"@type\":\"BreadcrumbList\",\"@id\":\"https:\/\/web.consaguirre.com.ar\/noticias\/pat-benatar-y-neil-giraldo-anuncian-la-gira-norteamericana\/#breadcrumb\",\"itemListElement\":[{\"@type\":\"ListItem\",\"position\":1,\"name\":\"Inicio\",\"item\":\"https:\/\/web.consaguirre.com.ar\/noticias\/\"},{\"@type\":\"ListItem\",\"position\":2,\"name\":\"Pat Benatar y Neil Giraldo anuncian la gira norteamericana\"}]},{\"@type\":\"WebSite\",\"@id\":\"https:\/\/web.consaguirre.com.ar\/noticias\/#website\",\"url\":\"https:\/\/web.consaguirre.com.ar\/noticias\/\",\"name\":\"Conservatorio de M\u00fasica Juli\u00e1n Aguirre\",\"description\":\"\",\"publisher\":{\"@id\":\"https:\/\/web.consaguirre.com.ar\/noticias\/#organization\"},\"potentialAction\":[{\"@type\":\"SearchAction\",\"target\":{\"@type\":\"EntryPoint\",\"urlTemplate\":\"https:\/\/web.consaguirre.com.ar\/noticias\/?s={search_term_string}\"},\"query-input\":\"required name=search_term_string\"}],\"inLanguage\":\"es-AR\"},{\"@type\":\"Organization\",\"@id\":\"https:\/\/web.consaguirre.com.ar\/noticias\/#organization\",\"name\":\"Conservatorio de M\u00fasica Juli\u00e1n Aguirre\",\"url\":\"https:\/\/web.consaguirre.com.ar\/noticias\/\",\"logo\":{\"@type\":\"ImageObject\",\"inLanguage\":\"es-AR\",\"@id\":\"https:\/\/web.consaguirre.com.ar\/noticias\/#\/schema\/logo\/image\/\",\"url\":\"https:\/\/web.consaguirre.com.ar\/noticias\/wp-content\/uploads\/2024\/08\/Banner-Aguirre-23.jpg\",\"contentUrl\":\"https:\/\/web.consaguirre.com.ar\/noticias\/wp-content\/uploads\/2024\/08\/Banner-Aguirre-23.jpg\",\"width\":1192,\"height\":600,\"caption\":\"Conservatorio de M\u00fasica Juli\u00e1n Aguirre\"},\"image\":{\"@id\":\"https:\/\/web.consaguirre.com.ar\/noticias\/#\/schema\/logo\/image\/\"}},{\"@type\":\"Person\",\"@id\":\"https:\/\/web.consaguirre.com.ar\/noticias\/#\/schema\/person\/6558b0cfedee7ddc5425602b237d5722\",\"name\":\"Javier Figueroa\",\"image\":{\"@type\":\"ImageObject\",\"inLanguage\":\"es-AR\",\"@id\":\"https:\/\/web.consaguirre.com.ar\/noticias\/#\/schema\/person\/image\/\",\"url\":\"https:\/\/web.consaguirre.com.ar\/noticias\/wp-content\/uploads\/2024\/08\/Consaguirre-scaled.jpg\",\"contentUrl\":\"https:\/\/web.consaguirre.com.ar\/noticias\/wp-content\/uploads\/2024\/08\/Consaguirre-scaled.jpg\",\"caption\":\"Javier Figueroa\"},\"description\":\"Me llamo Javier Figueroa y soy redactor para el sitio oficial del Conservatorio de M\u00fasica Juli\u00e1n Aguirre en Buenos Aires, consaguirre.com. Apasionado por la m\u00fasica y la escritura, me esfuerzo por destacar los talentos y eventos de nuestra prestigiosa instituci\u00f3n. Mi trayectoria se nutre de una profunda admiraci\u00f3n por los artistas, haciendo de cada art\u00edculo una celebraci\u00f3n de la creatividad y la cultura musical.\",\"sameAs\":[\"https:\/\/web.consaguirre.com.ar\/noticias\"]}]}<\/script>\n<!-- \/ Yoast SEO plugin. -->","yoast_head_json":{"title":"Pat Benatar y Neil Giraldo anuncian la gira norteamericana","robots":{"index":"index","follow":"follow","max-snippet":"max-snippet:-1","max-image-preview":"max-image-preview:large","max-video-preview":"max-video-preview:-1"},"canonical":"https:\/\/web.consaguirre.com.ar\/noticias\/pat-benatar-y-neil-giraldo-anuncian-la-gira-norteamericana\/","og_locale":"es_ES","og_type":"article","og_title":"Pat Benatar y Neil Giraldo anuncian la gira norteamericana","og_description":"Pat Benatar y Neil Giraldo He anunciado que llegar\u00e1n a la carretera esta primavera para una serie de fechas de tour en el encabezado de","og_url":"https:\/\/web.consaguirre.com.ar\/noticias\/pat-benatar-y-neil-giraldo-anuncian-la-gira-norteamericana\/","og_site_name":"Conservatorio de M\u00fasica Juli\u00e1n Aguirre","article_published_time":"2025-02-13T08:42:51+00:00","article_modified_time":"2025-02-13T08:42:52+00:00","og_image":[{"width":1440,"height":864,"url":"https:\/\/web.consaguirre.com.ar\/noticias\/wp-content\/uploads\/2025\/02\/Pat-Benatar-y-Neil-Giraldo-anuncian-la-gira-norteamericana.jpg","type":"image\/jpeg"}],"author":"Javier Figueroa","twitter_card":"summary_large_image","twitter_misc":{"Escrito por":"Javier Figueroa","Tiempo de lectura":"3 minutos"},"schema":{"@context":"https:\/\/schema.org","@graph":[{"@type":"Article","@id":"https:\/\/web.consaguirre.com.ar\/noticias\/pat-benatar-y-neil-giraldo-anuncian-la-gira-norteamericana\/#article","isPartOf":{"@id":"https:\/\/web.consaguirre.com.ar\/noticias\/pat-benatar-y-neil-giraldo-anuncian-la-gira-norteamericana\/"},"author":{"name":"Javier Figueroa","@id":"https:\/\/web.consaguirre.com.ar\/noticias\/#\/schema\/person\/6558b0cfedee7ddc5425602b237d5722"},"headline":"Pat Benatar y Neil Giraldo anuncian la gira norteamericana","datePublished":"2025-02-13T08:42:51+00:00","dateModified":"2025-02-13T08:42:52+00:00","mainEntityOfPage":{"@id":"https:\/\/web.consaguirre.com.ar\/noticias\/pat-benatar-y-neil-giraldo-anuncian-la-gira-norteamericana\/"},"wordCount":600,"publisher":{"@id":"https:\/\/web.consaguirre.com.ar\/noticias\/#organization"},"image":{"@id":"https:\/\/web.consaguirre.com.ar\/noticias\/pat-benatar-y-neil-giraldo-anuncian-la-gira-norteamericana\/#primaryimage"},"thumbnailUrl":"https:\/\/web.consaguirre.com.ar\/noticias\/wp-content\/uploads\/2025\/02\/Pat-Benatar-y-Neil-Giraldo-anuncian-la-gira-norteamericana.jpg","keywords":["anuncian","Benatar","gira","Giraldo","Neil","norteamericana","Pat"],"articleSection":["El \u00faltimo"],"inLanguage":"es-AR"},{"@type":"WebPage","@id":"https:\/\/web.consaguirre.com.ar\/noticias\/pat-benatar-y-neil-giraldo-anuncian-la-gira-norteamericana\/","url":"https:\/\/web.consaguirre.com.ar\/noticias\/pat-benatar-y-neil-giraldo-anuncian-la-gira-norteamericana\/","name":"Pat Benatar y Neil Giraldo anuncian la gira norteamericana","isPartOf":{"@id":"https:\/\/web.consaguirre.com.ar\/noticias\/#website"},"primaryImageOfPage":{"@id":"https:\/\/web.consaguirre.com.ar\/noticias\/pat-benatar-y-neil-giraldo-anuncian-la-gira-norteamericana\/#primaryimage"},"image":{"@id":"https:\/\/web.consaguirre.com.ar\/noticias\/pat-benatar-y-neil-giraldo-anuncian-la-gira-norteamericana\/#primaryimage"},"thumbnailUrl":"https:\/\/web.consaguirre.com.ar\/noticias\/wp-content\/uploads\/2025\/02\/Pat-Benatar-y-Neil-Giraldo-anuncian-la-gira-norteamericana.jpg","datePublished":"2025-02-13T08:42:51+00:00","dateModified":"2025-02-13T08:42:52+00:00","breadcrumb":{"@id":"https:\/\/web.consaguirre.com.ar\/noticias\/pat-benatar-y-neil-giraldo-anuncian-la-gira-norteamericana\/#breadcrumb"},"inLanguage":"es-AR","potentialAction":[{"@type":"ReadAction","target":["https:\/\/web.consaguirre.com.ar\/noticias\/pat-benatar-y-neil-giraldo-anuncian-la-gira-norteamericana\/"]}]},{"@type":"ImageObject","inLanguage":"es-AR","@id":"https:\/\/web.consaguirre.com.ar\/noticias\/pat-benatar-y-neil-giraldo-anuncian-la-gira-norteamericana\/#primaryimage","url":"https:\/\/web.consaguirre.com.ar\/noticias\/wp-content\/uploads\/2025\/02\/Pat-Benatar-y-Neil-Giraldo-anuncian-la-gira-norteamericana.jpg","contentUrl":"https:\/\/web.consaguirre.com.ar\/noticias\/wp-content\/uploads\/2025\/02\/Pat-Benatar-y-Neil-Giraldo-anuncian-la-gira-norteamericana.jpg","width":1440,"height":864,"caption":"Pat Benatar and Neil Giraldo - Photo: Courtesy of High Rise PR"},{"@type":"BreadcrumbList","@id":"https:\/\/web.consaguirre.com.ar\/noticias\/pat-benatar-y-neil-giraldo-anuncian-la-gira-norteamericana\/#breadcrumb","itemListElement":[{"@type":"ListItem","position":1,"name":"Inicio","item":"https:\/\/web.consaguirre.com.ar\/noticias\/"},{"@type":"ListItem","position":2,"name":"Pat Benatar y Neil Giraldo anuncian la gira norteamericana"}]},{"@type":"WebSite","@id":"https:\/\/web.consaguirre.com.ar\/noticias\/#website","url":"https:\/\/web.consaguirre.com.ar\/noticias\/","name":"Conservatorio de M\u00fasica Juli\u00e1n Aguirre","description":"","publisher":{"@id":"https:\/\/web.consaguirre.com.ar\/noticias\/#organization"},"potentialAction":[{"@type":"SearchAction","target":{"@type":"EntryPoint","urlTemplate":"https:\/\/web.consaguirre.com.ar\/noticias\/?s={search_term_string}"},"query-input":"required name=search_term_string"}],"inLanguage":"es-AR"},{"@type":"Organization","@id":"https:\/\/web.consaguirre.com.ar\/noticias\/#organization","name":"Conservatorio de M\u00fasica Juli\u00e1n Aguirre","url":"https:\/\/web.consaguirre.com.ar\/noticias\/","logo":{"@type":"ImageObject","inLanguage":"es-AR","@id":"https:\/\/web.consaguirre.com.ar\/noticias\/#\/schema\/logo\/image\/","url":"https:\/\/web.consaguirre.com.ar\/noticias\/wp-content\/uploads\/2024\/08\/Banner-Aguirre-23.jpg","contentUrl":"https:\/\/web.consaguirre.com.ar\/noticias\/wp-content\/uploads\/2024\/08\/Banner-Aguirre-23.jpg","width":1192,"height":600,"caption":"Conservatorio de M\u00fasica Juli\u00e1n Aguirre"},"image":{"@id":"https:\/\/web.consaguirre.com.ar\/noticias\/#\/schema\/logo\/image\/"}},{"@type":"Person","@id":"https:\/\/web.consaguirre.com.ar\/noticias\/#\/schema\/person\/6558b0cfedee7ddc5425602b237d5722","name":"Javier Figueroa","image":{"@type":"ImageObject","inLanguage":"es-AR","@id":"https:\/\/web.consaguirre.com.ar\/noticias\/#\/schema\/person\/image\/","url":"https:\/\/web.consaguirre.com.ar\/noticias\/wp-content\/uploads\/2024\/08\/Consaguirre-scaled.jpg","contentUrl":"https:\/\/web.consaguirre.com.ar\/noticias\/wp-content\/uploads\/2024\/08\/Consaguirre-scaled.jpg","caption":"Javier Figueroa"},"description":"Me llamo Javier Figueroa y soy redactor para el sitio oficial del Conservatorio de M\u00fasica Juli\u00e1n Aguirre en Buenos Aires, consaguirre.com. Apasionado por la m\u00fasica y la escritura, me esfuerzo por destacar los talentos y eventos de nuestra prestigiosa instituci\u00f3n. Mi trayectoria se nutre de una profunda admiraci\u00f3n por los artistas, haciendo de cada art\u00edculo una celebraci\u00f3n de la creatividad y la cultura musical.","sameAs":["https:\/\/web.consaguirre.com.ar\/noticias"]}]}},"_links":{"self":[{"href":"https:\/\/web.consaguirre.com.ar\/noticias\/wp-json\/wp\/v2\/posts\/1856"}],"collection":[{"href":"https:\/\/web.consaguirre.com.ar\/noticias\/wp-json\/wp\/v2\/posts"}],"about":[{"href":"https:\/\/web.consaguirre.com.ar\/noticias\/wp-json\/wp\/v2\/types\/post"}],"author":[{"embeddable":true,"href":"https:\/\/web.consaguirre.com.ar\/noticias\/wp-json\/wp\/v2\/users\/1"}],"replies":[{"embeddable":true,"href":"https:\/\/web.consaguirre.com.ar\/noticias\/wp-json\/wp\/v2\/comments?post=1856"}],"version-history":[{"count":1,"href":"https:\/\/web.consaguirre.com.ar\/noticias\/wp-json\/wp\/v2\/posts\/1856\/revisions"}],"predecessor-version":[{"id":1858,"href":"https:\/\/web.consaguirre.com.ar\/noticias\/wp-json\/wp\/v2\/posts\/1856\/revisions\/1858"}],"wp:featuredmedia":[{"embeddable":true,"href":"https:\/\/web.consaguirre.com.ar\/noticias\/wp-json\/wp\/v2\/media\/1857"}],"wp:attachment":[{"href":"https:\/\/web.consaguirre.com.ar\/noticias\/wp-json\/wp\/v2\/media?parent=1856"}],"wp:term":[{"taxonomy":"category","embeddable":true,"href":"https:\/\/web.consaguirre.com.ar\/noticias\/wp-json\/wp\/v2\/categories?post=1856"},{"taxonomy":"post_tag","embeddable":true,"href":"https:\/\/web.consaguirre.com.ar\/noticias\/wp-json\/wp\/v2\/tags?post=1856"}],"curies":[{"name":"wp","href":"https:\/\/api.w.org\/{rel}","templated":true}]}}