{"id":1853,"date":"2025-02-13T02:38:37","date_gmt":"2025-02-13T05:38:37","guid":{"rendered":"https:\/\/web.consaguirre.com.ar\/noticias\/david-bisbal-se-prepara-para-la-gira-back-to-the-usa-2025\/"},"modified":"2025-02-13T02:38:38","modified_gmt":"2025-02-13T05:38:38","slug":"david-bisbal-se-prepara-para-la-gira-back-to-the-usa-2025","status":"publish","type":"post","link":"https:\/\/web.consaguirre.com.ar\/noticias\/david-bisbal-se-prepara-para-la-gira-back-to-the-usa-2025\/","title":{"rendered":"David Bisbal se prepara para la gira &#8216;Back to the USA 2025&#8217;"},"content":{"rendered":"<p>\u00cdcono espa\u00f1ol <strong>David Bisbal<\/strong> ha anunciado que regresar\u00e1 a los Estados Unidos con su primera gira desde 2021. La muy esperada carrera se titula acertadamente la gira &#8220;Back in the USA 2025&#8221;.<\/p>\n<p>Producido por Live Nation, la gira de 19 ciudades comienza el 13 de mayo, haciendo paradas en las principales ciudades estadounidenses, incluidos Los \u00c1ngeles, Chicago, Brooklyn y Miami, antes de terminar en Orlando el 15 de junio.  <\/p>\n<p>Con una carrera que abarca m\u00e1s de 20 a\u00f1os, David Bisbal ha consolidado su lugar como uno de los artistas de habla hispana m\u00e1s influyentes y queridos del mundo. Sus logros incluyen m\u00e1s de 80 premios nacionales e internacionales, incluidos tres Grammys latinos, tres premios Latin Billboard, tres premios mundiales de m\u00fasica y dos Premios Ondas. <\/p>\n<p>Adem\u00e1s, ha ganado un asombroso 11 Diamond Records y ha vendido m\u00e1s de 5.5 millones de boletos en m\u00e1s de 1,200 conciertos en todo el mundo en lugares prestigiosos como el Royal Albert Hall, O2 Arena en Londres, Carnegie Hall, Barclays Center en Nueva York, Teatro Real en Madrid en Madrid en Madrid. , y Olympia en Par\u00eds. Esta pr\u00f3xima gira seguramente consolidar\u00e1 recuerdos m\u00e1s especiales tanto para Bisbal como para sus fan\u00e1ticos.<\/p>\n<p>Escuche lo mejor de David Bisbal sobre Apple Music y Spotify.<\/p>\n<p><strong>Las fechas de la gira &#8220;Back in the USA 2025&#8221; de David Bisbal:<\/strong><\/p>\n<p>Martes 13 de mayo | Portland, o | Teatro de Roseland<br \/>\nMi\u00e9rcoles 14 de mayo | Seattle, WA | El teatro Neptuno<br \/>\nS\u00e1bado 17 de mayo | Stockton, CA | Teatro Bob Hope<br \/>\nSol 18 de mayo | San Jos\u00e9, CA | San Jose Civic<br \/>\nMi\u00e9rcoles 21 de mayo | El Caj\u00f3n, CA | La magnolia<br \/>\nJueves 22 de mayo | Riverside, CA | Centro de artes esc\u00e9nicas de Fox<br \/>\nS\u00e1bado 24 de mayo | Los \u00c1ngeles, CA | El wiltern<br \/>\nSol 25 de mayo | El Paso, TX | Teatro de la plaza<br \/>\nMi\u00e9rcoles 28 de mayo | Austin, TX | Emo<br \/>\nJueves 29 de mayo | Irving, TX | El pabell\u00f3n en Toyota Music Factory<br \/>\nS\u00e1bado 31 de mayo | McAllen, TX | Centro de artes esc\u00e9nicas de McAllen<br \/>\nSol 01 Jun | Houston, TX | 713 Music Hall<br \/>\nJueves 05 Jun | Chicago, IL | El auditorio<br \/>\nS\u00e1bado 07 Jun | Brooklyn, NY | Brooklyn Paramount<br \/>\nSol 08 Jun | Filadelfia, PA | Teatro de artes vivas<br \/>\nMi\u00e9rcoles 11 de junio | Washington, DC | Teatro Warner<br \/>\nJueves 12 de junio | Atlanta, GA | Teatro Buckhead<br \/>\nS\u00e1bado 14 de junio | Miami, FL | La playa de Fillmore Miami<br \/>\nSol 15 de junio | Orlando, FL | Steinmetz Hall<\/p>\n","protected":false},"excerpt":{"rendered":"<p>\u00cdcono espa\u00f1ol David Bisbal ha anunciado que regresar\u00e1 a los Estados Unidos con su primera gira desde 2021. La muy esperada carrera se titula acertadamente<\/p>\n","protected":false},"author":1,"featured_media":1854,"comment_status":"closed","ping_status":"","sticky":false,"template":"","format":"standard","meta":{"footnotes":""},"categories":[50],"tags":[1877,21,492,154,231,1657],"class_list":["post-1853","post","type-post","status-publish","format-standard","has-post-thumbnail","hentry","category-el-ultimo","tag-bisbal","tag-david","tag-gira","tag-para","tag-prepara","tag-usa","generate-columns","tablet-grid-50","mobile-grid-100","grid-parent","grid-50"],"yoast_head":"<!-- This site is optimized with the Yoast SEO plugin v23.3 - https:\/\/yoast.com\/wordpress\/plugins\/seo\/ -->\n<title>David Bisbal se prepara para la gira &#039;Back to the USA 2025&#039;<\/title>\n<meta name=\"robots\" content=\"index, follow, max-snippet:-1, max-image-preview:large, max-video-preview:-1\" \/>\n<link rel=\"canonical\" href=\"https:\/\/web.consaguirre.com.ar\/noticias\/david-bisbal-se-prepara-para-la-gira-back-to-the-usa-2025\/\" \/>\n<meta property=\"og:locale\" content=\"es_ES\" \/>\n<meta property=\"og:type\" content=\"article\" \/>\n<meta property=\"og:title\" content=\"David Bisbal se prepara para la gira &#039;Back to the USA 2025&#039;\" \/>\n<meta property=\"og:description\" content=\"\u00cdcono espa\u00f1ol David Bisbal ha anunciado que regresar\u00e1 a los Estados Unidos con su primera gira desde 2021. La muy esperada carrera se titula acertadamente\" \/>\n<meta property=\"og:url\" content=\"https:\/\/web.consaguirre.com.ar\/noticias\/david-bisbal-se-prepara-para-la-gira-back-to-the-usa-2025\/\" \/>\n<meta property=\"og:site_name\" content=\"Conservatorio de M\u00fasica Juli\u00e1n Aguirre\" \/>\n<meta property=\"article:published_time\" content=\"2025-02-13T05:38:37+00:00\" \/>\n<meta property=\"article:modified_time\" content=\"2025-02-13T05:38:38+00:00\" \/>\n<meta property=\"og:image\" content=\"https:\/\/web.consaguirre.com.ar\/noticias\/wp-content\/uploads\/2025\/02\/David-Bisbal-se-prepara-para-la-gira-Back-to-the.jpg\" \/>\n\t<meta property=\"og:image:width\" content=\"1440\" \/>\n\t<meta property=\"og:image:height\" content=\"864\" \/>\n\t<meta property=\"og:image:type\" content=\"image\/jpeg\" \/>\n<meta name=\"author\" content=\"Javier Figueroa\" \/>\n<meta name=\"twitter:card\" content=\"summary_large_image\" \/>\n<meta name=\"twitter:label1\" content=\"Escrito por\" \/>\n\t<meta name=\"twitter:data1\" content=\"Javier Figueroa\" \/>\n\t<meta name=\"twitter:label2\" content=\"Tiempo de lectura\" \/>\n\t<meta name=\"twitter:data2\" content=\"2 minutos\" \/>\n<script type=\"application\/ld+json\" class=\"yoast-schema-graph\">{\"@context\":\"https:\/\/schema.org\",\"@graph\":[{\"@type\":\"Article\",\"@id\":\"https:\/\/web.consaguirre.com.ar\/noticias\/david-bisbal-se-prepara-para-la-gira-back-to-the-usa-2025\/#article\",\"isPartOf\":{\"@id\":\"https:\/\/web.consaguirre.com.ar\/noticias\/david-bisbal-se-prepara-para-la-gira-back-to-the-usa-2025\/\"},\"author\":{\"name\":\"Javier Figueroa\",\"@id\":\"https:\/\/web.consaguirre.com.ar\/noticias\/#\/schema\/person\/6558b0cfedee7ddc5425602b237d5722\"},\"headline\":\"David Bisbal se prepara para la gira &#8216;Back to the USA 2025&#8217;\",\"datePublished\":\"2025-02-13T05:38:37+00:00\",\"dateModified\":\"2025-02-13T05:38:38+00:00\",\"mainEntityOfPage\":{\"@id\":\"https:\/\/web.consaguirre.com.ar\/noticias\/david-bisbal-se-prepara-para-la-gira-back-to-the-usa-2025\/\"},\"wordCount\":402,\"publisher\":{\"@id\":\"https:\/\/web.consaguirre.com.ar\/noticias\/#organization\"},\"image\":{\"@id\":\"https:\/\/web.consaguirre.com.ar\/noticias\/david-bisbal-se-prepara-para-la-gira-back-to-the-usa-2025\/#primaryimage\"},\"thumbnailUrl\":\"https:\/\/web.consaguirre.com.ar\/noticias\/wp-content\/uploads\/2025\/02\/David-Bisbal-se-prepara-para-la-gira-Back-to-the.jpg\",\"keywords\":[\"Bisbal\",\"David\",\"gira\",\"para\",\"prepara\",\"USA\"],\"articleSection\":[\"El \u00faltimo\"],\"inLanguage\":\"es-AR\"},{\"@type\":\"WebPage\",\"@id\":\"https:\/\/web.consaguirre.com.ar\/noticias\/david-bisbal-se-prepara-para-la-gira-back-to-the-usa-2025\/\",\"url\":\"https:\/\/web.consaguirre.com.ar\/noticias\/david-bisbal-se-prepara-para-la-gira-back-to-the-usa-2025\/\",\"name\":\"David Bisbal se prepara para la gira 'Back to the USA 2025'\",\"isPartOf\":{\"@id\":\"https:\/\/web.consaguirre.com.ar\/noticias\/#website\"},\"primaryImageOfPage\":{\"@id\":\"https:\/\/web.consaguirre.com.ar\/noticias\/david-bisbal-se-prepara-para-la-gira-back-to-the-usa-2025\/#primaryimage\"},\"image\":{\"@id\":\"https:\/\/web.consaguirre.com.ar\/noticias\/david-bisbal-se-prepara-para-la-gira-back-to-the-usa-2025\/#primaryimage\"},\"thumbnailUrl\":\"https:\/\/web.consaguirre.com.ar\/noticias\/wp-content\/uploads\/2025\/02\/David-Bisbal-se-prepara-para-la-gira-Back-to-the.jpg\",\"datePublished\":\"2025-02-13T05:38:37+00:00\",\"dateModified\":\"2025-02-13T05:38:38+00:00\",\"breadcrumb\":{\"@id\":\"https:\/\/web.consaguirre.com.ar\/noticias\/david-bisbal-se-prepara-para-la-gira-back-to-the-usa-2025\/#breadcrumb\"},\"inLanguage\":\"es-AR\",\"potentialAction\":[{\"@type\":\"ReadAction\",\"target\":[\"https:\/\/web.consaguirre.com.ar\/noticias\/david-bisbal-se-prepara-para-la-gira-back-to-the-usa-2025\/\"]}]},{\"@type\":\"ImageObject\",\"inLanguage\":\"es-AR\",\"@id\":\"https:\/\/web.consaguirre.com.ar\/noticias\/david-bisbal-se-prepara-para-la-gira-back-to-the-usa-2025\/#primaryimage\",\"url\":\"https:\/\/web.consaguirre.com.ar\/noticias\/wp-content\/uploads\/2025\/02\/David-Bisbal-se-prepara-para-la-gira-Back-to-the.jpg\",\"contentUrl\":\"https:\/\/web.consaguirre.com.ar\/noticias\/wp-content\/uploads\/2025\/02\/David-Bisbal-se-prepara-para-la-gira-Back-to-the.jpg\",\"width\":1440,\"height\":864,\"caption\":\"David Bisbal - Photo: Rodrigo Varela\/Getty Images for The Latin Recording Academy\"},{\"@type\":\"BreadcrumbList\",\"@id\":\"https:\/\/web.consaguirre.com.ar\/noticias\/david-bisbal-se-prepara-para-la-gira-back-to-the-usa-2025\/#breadcrumb\",\"itemListElement\":[{\"@type\":\"ListItem\",\"position\":1,\"name\":\"Inicio\",\"item\":\"https:\/\/web.consaguirre.com.ar\/noticias\/\"},{\"@type\":\"ListItem\",\"position\":2,\"name\":\"David Bisbal se prepara para la gira &#8216;Back to the USA 2025&#8217;\"}]},{\"@type\":\"WebSite\",\"@id\":\"https:\/\/web.consaguirre.com.ar\/noticias\/#website\",\"url\":\"https:\/\/web.consaguirre.com.ar\/noticias\/\",\"name\":\"Conservatorio de M\u00fasica Juli\u00e1n Aguirre\",\"description\":\"\",\"publisher\":{\"@id\":\"https:\/\/web.consaguirre.com.ar\/noticias\/#organization\"},\"potentialAction\":[{\"@type\":\"SearchAction\",\"target\":{\"@type\":\"EntryPoint\",\"urlTemplate\":\"https:\/\/web.consaguirre.com.ar\/noticias\/?s={search_term_string}\"},\"query-input\":\"required name=search_term_string\"}],\"inLanguage\":\"es-AR\"},{\"@type\":\"Organization\",\"@id\":\"https:\/\/web.consaguirre.com.ar\/noticias\/#organization\",\"name\":\"Conservatorio de M\u00fasica Juli\u00e1n Aguirre\",\"url\":\"https:\/\/web.consaguirre.com.ar\/noticias\/\",\"logo\":{\"@type\":\"ImageObject\",\"inLanguage\":\"es-AR\",\"@id\":\"https:\/\/web.consaguirre.com.ar\/noticias\/#\/schema\/logo\/image\/\",\"url\":\"https:\/\/web.consaguirre.com.ar\/noticias\/wp-content\/uploads\/2024\/08\/Banner-Aguirre-23.jpg\",\"contentUrl\":\"https:\/\/web.consaguirre.com.ar\/noticias\/wp-content\/uploads\/2024\/08\/Banner-Aguirre-23.jpg\",\"width\":1192,\"height\":600,\"caption\":\"Conservatorio de M\u00fasica Juli\u00e1n Aguirre\"},\"image\":{\"@id\":\"https:\/\/web.consaguirre.com.ar\/noticias\/#\/schema\/logo\/image\/\"}},{\"@type\":\"Person\",\"@id\":\"https:\/\/web.consaguirre.com.ar\/noticias\/#\/schema\/person\/6558b0cfedee7ddc5425602b237d5722\",\"name\":\"Javier Figueroa\",\"image\":{\"@type\":\"ImageObject\",\"inLanguage\":\"es-AR\",\"@id\":\"https:\/\/web.consaguirre.com.ar\/noticias\/#\/schema\/person\/image\/\",\"url\":\"https:\/\/web.consaguirre.com.ar\/noticias\/wp-content\/uploads\/2024\/08\/Consaguirre-scaled.jpg\",\"contentUrl\":\"https:\/\/web.consaguirre.com.ar\/noticias\/wp-content\/uploads\/2024\/08\/Consaguirre-scaled.jpg\",\"caption\":\"Javier Figueroa\"},\"description\":\"Me llamo Javier Figueroa y soy redactor para el sitio oficial del Conservatorio de M\u00fasica Juli\u00e1n Aguirre en Buenos Aires, consaguirre.com. Apasionado por la m\u00fasica y la escritura, me esfuerzo por destacar los talentos y eventos de nuestra prestigiosa instituci\u00f3n. Mi trayectoria se nutre de una profunda admiraci\u00f3n por los artistas, haciendo de cada art\u00edculo una celebraci\u00f3n de la creatividad y la cultura musical.\",\"sameAs\":[\"https:\/\/web.consaguirre.com.ar\/noticias\"]}]}<\/script>\n<!-- \/ Yoast SEO plugin. -->","yoast_head_json":{"title":"David Bisbal se prepara para la gira 'Back to the USA 2025'","robots":{"index":"index","follow":"follow","max-snippet":"max-snippet:-1","max-image-preview":"max-image-preview:large","max-video-preview":"max-video-preview:-1"},"canonical":"https:\/\/web.consaguirre.com.ar\/noticias\/david-bisbal-se-prepara-para-la-gira-back-to-the-usa-2025\/","og_locale":"es_ES","og_type":"article","og_title":"David Bisbal se prepara para la gira 'Back to the USA 2025'","og_description":"\u00cdcono espa\u00f1ol David Bisbal ha anunciado que regresar\u00e1 a los Estados Unidos con su primera gira desde 2021. La muy esperada carrera se titula acertadamente","og_url":"https:\/\/web.consaguirre.com.ar\/noticias\/david-bisbal-se-prepara-para-la-gira-back-to-the-usa-2025\/","og_site_name":"Conservatorio de M\u00fasica Juli\u00e1n Aguirre","article_published_time":"2025-02-13T05:38:37+00:00","article_modified_time":"2025-02-13T05:38:38+00:00","og_image":[{"width":1440,"height":864,"url":"https:\/\/web.consaguirre.com.ar\/noticias\/wp-content\/uploads\/2025\/02\/David-Bisbal-se-prepara-para-la-gira-Back-to-the.jpg","type":"image\/jpeg"}],"author":"Javier Figueroa","twitter_card":"summary_large_image","twitter_misc":{"Escrito por":"Javier Figueroa","Tiempo de lectura":"2 minutos"},"schema":{"@context":"https:\/\/schema.org","@graph":[{"@type":"Article","@id":"https:\/\/web.consaguirre.com.ar\/noticias\/david-bisbal-se-prepara-para-la-gira-back-to-the-usa-2025\/#article","isPartOf":{"@id":"https:\/\/web.consaguirre.com.ar\/noticias\/david-bisbal-se-prepara-para-la-gira-back-to-the-usa-2025\/"},"author":{"name":"Javier Figueroa","@id":"https:\/\/web.consaguirre.com.ar\/noticias\/#\/schema\/person\/6558b0cfedee7ddc5425602b237d5722"},"headline":"David Bisbal se prepara para la gira &#8216;Back to the USA 2025&#8217;","datePublished":"2025-02-13T05:38:37+00:00","dateModified":"2025-02-13T05:38:38+00:00","mainEntityOfPage":{"@id":"https:\/\/web.consaguirre.com.ar\/noticias\/david-bisbal-se-prepara-para-la-gira-back-to-the-usa-2025\/"},"wordCount":402,"publisher":{"@id":"https:\/\/web.consaguirre.com.ar\/noticias\/#organization"},"image":{"@id":"https:\/\/web.consaguirre.com.ar\/noticias\/david-bisbal-se-prepara-para-la-gira-back-to-the-usa-2025\/#primaryimage"},"thumbnailUrl":"https:\/\/web.consaguirre.com.ar\/noticias\/wp-content\/uploads\/2025\/02\/David-Bisbal-se-prepara-para-la-gira-Back-to-the.jpg","keywords":["Bisbal","David","gira","para","prepara","USA"],"articleSection":["El \u00faltimo"],"inLanguage":"es-AR"},{"@type":"WebPage","@id":"https:\/\/web.consaguirre.com.ar\/noticias\/david-bisbal-se-prepara-para-la-gira-back-to-the-usa-2025\/","url":"https:\/\/web.consaguirre.com.ar\/noticias\/david-bisbal-se-prepara-para-la-gira-back-to-the-usa-2025\/","name":"David Bisbal se prepara para la gira 'Back to the USA 2025'","isPartOf":{"@id":"https:\/\/web.consaguirre.com.ar\/noticias\/#website"},"primaryImageOfPage":{"@id":"https:\/\/web.consaguirre.com.ar\/noticias\/david-bisbal-se-prepara-para-la-gira-back-to-the-usa-2025\/#primaryimage"},"image":{"@id":"https:\/\/web.consaguirre.com.ar\/noticias\/david-bisbal-se-prepara-para-la-gira-back-to-the-usa-2025\/#primaryimage"},"thumbnailUrl":"https:\/\/web.consaguirre.com.ar\/noticias\/wp-content\/uploads\/2025\/02\/David-Bisbal-se-prepara-para-la-gira-Back-to-the.jpg","datePublished":"2025-02-13T05:38:37+00:00","dateModified":"2025-02-13T05:38:38+00:00","breadcrumb":{"@id":"https:\/\/web.consaguirre.com.ar\/noticias\/david-bisbal-se-prepara-para-la-gira-back-to-the-usa-2025\/#breadcrumb"},"inLanguage":"es-AR","potentialAction":[{"@type":"ReadAction","target":["https:\/\/web.consaguirre.com.ar\/noticias\/david-bisbal-se-prepara-para-la-gira-back-to-the-usa-2025\/"]}]},{"@type":"ImageObject","inLanguage":"es-AR","@id":"https:\/\/web.consaguirre.com.ar\/noticias\/david-bisbal-se-prepara-para-la-gira-back-to-the-usa-2025\/#primaryimage","url":"https:\/\/web.consaguirre.com.ar\/noticias\/wp-content\/uploads\/2025\/02\/David-Bisbal-se-prepara-para-la-gira-Back-to-the.jpg","contentUrl":"https:\/\/web.consaguirre.com.ar\/noticias\/wp-content\/uploads\/2025\/02\/David-Bisbal-se-prepara-para-la-gira-Back-to-the.jpg","width":1440,"height":864,"caption":"David Bisbal - Photo: Rodrigo Varela\/Getty Images for The Latin Recording Academy"},{"@type":"BreadcrumbList","@id":"https:\/\/web.consaguirre.com.ar\/noticias\/david-bisbal-se-prepara-para-la-gira-back-to-the-usa-2025\/#breadcrumb","itemListElement":[{"@type":"ListItem","position":1,"name":"Inicio","item":"https:\/\/web.consaguirre.com.ar\/noticias\/"},{"@type":"ListItem","position":2,"name":"David Bisbal se prepara para la gira &#8216;Back to the USA 2025&#8217;"}]},{"@type":"WebSite","@id":"https:\/\/web.consaguirre.com.ar\/noticias\/#website","url":"https:\/\/web.consaguirre.com.ar\/noticias\/","name":"Conservatorio de M\u00fasica Juli\u00e1n Aguirre","description":"","publisher":{"@id":"https:\/\/web.consaguirre.com.ar\/noticias\/#organization"},"potentialAction":[{"@type":"SearchAction","target":{"@type":"EntryPoint","urlTemplate":"https:\/\/web.consaguirre.com.ar\/noticias\/?s={search_term_string}"},"query-input":"required name=search_term_string"}],"inLanguage":"es-AR"},{"@type":"Organization","@id":"https:\/\/web.consaguirre.com.ar\/noticias\/#organization","name":"Conservatorio de M\u00fasica Juli\u00e1n Aguirre","url":"https:\/\/web.consaguirre.com.ar\/noticias\/","logo":{"@type":"ImageObject","inLanguage":"es-AR","@id":"https:\/\/web.consaguirre.com.ar\/noticias\/#\/schema\/logo\/image\/","url":"https:\/\/web.consaguirre.com.ar\/noticias\/wp-content\/uploads\/2024\/08\/Banner-Aguirre-23.jpg","contentUrl":"https:\/\/web.consaguirre.com.ar\/noticias\/wp-content\/uploads\/2024\/08\/Banner-Aguirre-23.jpg","width":1192,"height":600,"caption":"Conservatorio de M\u00fasica Juli\u00e1n Aguirre"},"image":{"@id":"https:\/\/web.consaguirre.com.ar\/noticias\/#\/schema\/logo\/image\/"}},{"@type":"Person","@id":"https:\/\/web.consaguirre.com.ar\/noticias\/#\/schema\/person\/6558b0cfedee7ddc5425602b237d5722","name":"Javier Figueroa","image":{"@type":"ImageObject","inLanguage":"es-AR","@id":"https:\/\/web.consaguirre.com.ar\/noticias\/#\/schema\/person\/image\/","url":"https:\/\/web.consaguirre.com.ar\/noticias\/wp-content\/uploads\/2024\/08\/Consaguirre-scaled.jpg","contentUrl":"https:\/\/web.consaguirre.com.ar\/noticias\/wp-content\/uploads\/2024\/08\/Consaguirre-scaled.jpg","caption":"Javier Figueroa"},"description":"Me llamo Javier Figueroa y soy redactor para el sitio oficial del Conservatorio de M\u00fasica Juli\u00e1n Aguirre en Buenos Aires, consaguirre.com. Apasionado por la m\u00fasica y la escritura, me esfuerzo por destacar los talentos y eventos de nuestra prestigiosa instituci\u00f3n. Mi trayectoria se nutre de una profunda admiraci\u00f3n por los artistas, haciendo de cada art\u00edculo una celebraci\u00f3n de la creatividad y la cultura musical.","sameAs":["https:\/\/web.consaguirre.com.ar\/noticias"]}]}},"_links":{"self":[{"href":"https:\/\/web.consaguirre.com.ar\/noticias\/wp-json\/wp\/v2\/posts\/1853"}],"collection":[{"href":"https:\/\/web.consaguirre.com.ar\/noticias\/wp-json\/wp\/v2\/posts"}],"about":[{"href":"https:\/\/web.consaguirre.com.ar\/noticias\/wp-json\/wp\/v2\/types\/post"}],"author":[{"embeddable":true,"href":"https:\/\/web.consaguirre.com.ar\/noticias\/wp-json\/wp\/v2\/users\/1"}],"replies":[{"embeddable":true,"href":"https:\/\/web.consaguirre.com.ar\/noticias\/wp-json\/wp\/v2\/comments?post=1853"}],"version-history":[{"count":1,"href":"https:\/\/web.consaguirre.com.ar\/noticias\/wp-json\/wp\/v2\/posts\/1853\/revisions"}],"predecessor-version":[{"id":1855,"href":"https:\/\/web.consaguirre.com.ar\/noticias\/wp-json\/wp\/v2\/posts\/1853\/revisions\/1855"}],"wp:featuredmedia":[{"embeddable":true,"href":"https:\/\/web.consaguirre.com.ar\/noticias\/wp-json\/wp\/v2\/media\/1854"}],"wp:attachment":[{"href":"https:\/\/web.consaguirre.com.ar\/noticias\/wp-json\/wp\/v2\/media?parent=1853"}],"wp:term":[{"taxonomy":"category","embeddable":true,"href":"https:\/\/web.consaguirre.com.ar\/noticias\/wp-json\/wp\/v2\/categories?post=1853"},{"taxonomy":"post_tag","embeddable":true,"href":"https:\/\/web.consaguirre.com.ar\/noticias\/wp-json\/wp\/v2\/tags?post=1853"}],"curies":[{"name":"wp","href":"https:\/\/api.w.org\/{rel}","templated":true}]}}