{"id":1844,"date":"2025-02-12T17:40:00","date_gmt":"2025-02-12T20:40:00","guid":{"rendered":"https:\/\/web.consaguirre.com.ar\/noticias\/tate-mcrae-josh-ross-y-the-weeknd-top-2025-nominaciones-a-los-premios-juno\/"},"modified":"2025-02-12T17:40:01","modified_gmt":"2025-02-12T20:40:01","slug":"tate-mcrae-josh-ross-y-the-weeknd-top-2025-nominaciones-a-los-premios-juno","status":"publish","type":"post","link":"https:\/\/web.consaguirre.com.ar\/noticias\/tate-mcrae-josh-ross-y-the-weeknd-top-2025-nominaciones-a-los-premios-juno\/","title":{"rendered":"Tate McRae, Josh Ross y The Weeknd Top 2025 Nominaciones a los Premios Juno"},"content":{"rendered":"<p>Tate mcrae y <strong>Josh Ross<\/strong> Son los principales nominados para los Premios Juno 2025, que se anunciaron el 11 de febrero, con cinco asentimientos cada uno. Otros nominados notables incluyen <strong>El Weeknd<\/strong> y <strong>Shawn Mendes<\/strong>que tienen cuatro nominaciones cada uno.<\/p>\n<p>Todos los artistas est\u00e1n listos para un solo del a\u00f1o (&#8220;Single Again&#8221; de Ross, &#8220;Why Why Why&#8221; de Mendes, &#8220;Exes&#8221; de McRae y The Weeknd y Playboi Carti &#8220;Timeless&#8221;) y posiblemente la mayor categor\u00eda de la noche, Artista, Artista del a\u00f1o. Ross y McRae son contendientes para el \u00e1lbum del a\u00f1o, para <em>Complicado<\/em> y <em>Pensar m\u00e1s tarde<\/em>respectivamente. Ross &#8216; <em>Complicado<\/em> tambi\u00e9n est\u00e1 listo para el \u00e1lbum country del a\u00f1o, mientras que McRae&#8217;s <em>Pensar m\u00e1s tarde<\/em> y Mendes &#8216; <em>Shawn<\/em> est\u00e1n nominados para el \u00e1lbum pop del a\u00f1o. The Weeknd tambi\u00e9n est\u00e1 preparado para compositor del a\u00f1o junto a Jessie Reyez, cuyo sencillo &#8220;Shut Up&#8221; recibi\u00f3 un single de rap del a\u00f1o.<\/p>\n<div class=\"uD-YT-container\"><img decoding=\"async\" src=\"https:\/\/web.consaguirre.com.ar\/noticias\/wp-content\/uploads\/2025\/02\/1739392800_360_Tate-McRae-Josh-Ross-y-The-Weeknd-Top-2025-Nominaciones.jpg\" alt=\"Video de YouTube\"><br \/>Haga clic para cargar video<\/div>\n<p>En otro lugar, las nominaciones al Premio de la elecci\u00f3n de fan\u00e1ticos de Tiktok Juno de los fan\u00e1ticos incluyen a Ross, McCrae, The Weeknd, Mendes, Bbno $, Dean Brody, Jade Eagleson, Karan Aujla, Les Cowboys Fringents Les Discusi\u00f3n y Preston Pablo.<\/p>\n<p>La Academia Canadiense de Artes y Ciencias de la Grabaci\u00f3n, la organizaci\u00f3n sin fines de lucro Behind the Juno Awards, tambi\u00e9n anunci\u00f3 que el productor de Toronto ganador del Grammy Boi-1da ser\u00e1 honrada en el 2025 Junos con un premio de logro internacional, mientras que la cantante Sarah Harmer ser\u00e1 recibir el premio humanitario. Al mismo tiempo, <strong>Suma 41<\/strong> Ser\u00e1 incluido en el Sal\u00f3n de la Fama de la M\u00fasica Canadiense. La banda de rock tambi\u00e9n obtuvo nominaciones para el grupo del a\u00f1o y el \u00e1lbum de rock del a\u00f1o para Heaven: X: Hell.<\/p>\n<p>Las nominaciones fueron reveladas por la Academia Canadiense de Artes y Ciencias de la Grabaci\u00f3n antes de los Premios Juno el 30 de marzo en el Rogers Arena en Vancouver. La ceremonia de 2025, que ser\u00e1 producida por Insight Productions, se transmitir\u00e1 en vivo en la red CBC y ser\u00e1 presentada por el cantante Michael Bubl\u00e9.<\/p>\n<p><strong>Consulte la lista completa de nominados en el sitio web de los Premios Juno.<\/strong><\/p>\n","protected":false},"excerpt":{"rendered":"<p>Tate mcrae y Josh Ross Son los principales nominados para los Premios Juno 2025, que se anunciaron el 11 de febrero, con cinco asentimientos cada<\/p>\n","protected":false},"author":1,"featured_media":1845,"comment_status":"closed","ping_status":"","sticky":false,"template":"","format":"standard","meta":{"footnotes":""},"categories":[50],"tags":[1870,1871,180,1869,481,821,1093,1868,1545,664],"class_list":["post-1844","post","type-post","status-publish","format-standard","has-post-thumbnail","hentry","category-el-ultimo","tag-josh","tag-juno","tag-los","tag-mcrae","tag-nominaciones","tag-premios","tag-ross","tag-tate","tag-top","tag-weeknd","generate-columns","tablet-grid-50","mobile-grid-100","grid-parent","grid-50"],"yoast_head":"<!-- This site is optimized with the Yoast SEO plugin v23.3 - https:\/\/yoast.com\/wordpress\/plugins\/seo\/ -->\n<title>Tate McRae, Josh Ross y The Weeknd Top 2025 Nominaciones a los Premios Juno<\/title>\n<meta name=\"robots\" content=\"index, follow, max-snippet:-1, max-image-preview:large, max-video-preview:-1\" \/>\n<link rel=\"canonical\" href=\"https:\/\/web.consaguirre.com.ar\/noticias\/tate-mcrae-josh-ross-y-the-weeknd-top-2025-nominaciones-a-los-premios-juno\/\" \/>\n<meta property=\"og:locale\" content=\"es_ES\" \/>\n<meta property=\"og:type\" content=\"article\" \/>\n<meta property=\"og:title\" content=\"Tate McRae, Josh Ross y The Weeknd Top 2025 Nominaciones a los Premios Juno\" \/>\n<meta property=\"og:description\" content=\"Tate mcrae y Josh Ross Son los principales nominados para los Premios Juno 2025, que se anunciaron el 11 de febrero, con cinco asentimientos cada\" \/>\n<meta property=\"og:url\" content=\"https:\/\/web.consaguirre.com.ar\/noticias\/tate-mcrae-josh-ross-y-the-weeknd-top-2025-nominaciones-a-los-premios-juno\/\" \/>\n<meta property=\"og:site_name\" content=\"Conservatorio de M\u00fasica Juli\u00e1n Aguirre\" \/>\n<meta property=\"article:published_time\" content=\"2025-02-12T20:40:00+00:00\" \/>\n<meta property=\"article:modified_time\" content=\"2025-02-12T20:40:01+00:00\" \/>\n<meta property=\"og:image\" content=\"https:\/\/web.consaguirre.com.ar\/noticias\/wp-content\/uploads\/2025\/02\/Tate-McRae-Josh-Ross-y-The-Weeknd-Top-2025-Nominaciones.jpg\" \/>\n\t<meta property=\"og:image:width\" content=\"1440\" \/>\n\t<meta property=\"og:image:height\" content=\"864\" \/>\n\t<meta property=\"og:image:type\" content=\"image\/jpeg\" \/>\n<meta name=\"author\" content=\"Javier Figueroa\" \/>\n<meta name=\"twitter:card\" content=\"summary_large_image\" \/>\n<meta name=\"twitter:label1\" content=\"Escrito por\" \/>\n\t<meta name=\"twitter:data1\" content=\"Javier Figueroa\" \/>\n\t<meta name=\"twitter:label2\" content=\"Tiempo de lectura\" \/>\n\t<meta name=\"twitter:data2\" content=\"2 minutos\" \/>\n<script type=\"application\/ld+json\" class=\"yoast-schema-graph\">{\"@context\":\"https:\/\/schema.org\",\"@graph\":[{\"@type\":\"Article\",\"@id\":\"https:\/\/web.consaguirre.com.ar\/noticias\/tate-mcrae-josh-ross-y-the-weeknd-top-2025-nominaciones-a-los-premios-juno\/#article\",\"isPartOf\":{\"@id\":\"https:\/\/web.consaguirre.com.ar\/noticias\/tate-mcrae-josh-ross-y-the-weeknd-top-2025-nominaciones-a-los-premios-juno\/\"},\"author\":{\"name\":\"Javier Figueroa\",\"@id\":\"https:\/\/web.consaguirre.com.ar\/noticias\/#\/schema\/person\/6558b0cfedee7ddc5425602b237d5722\"},\"headline\":\"Tate McRae, Josh Ross y The Weeknd Top 2025 Nominaciones a los Premios Juno\",\"datePublished\":\"2025-02-12T20:40:00+00:00\",\"dateModified\":\"2025-02-12T20:40:01+00:00\",\"mainEntityOfPage\":{\"@id\":\"https:\/\/web.consaguirre.com.ar\/noticias\/tate-mcrae-josh-ross-y-the-weeknd-top-2025-nominaciones-a-los-premios-juno\/\"},\"wordCount\":394,\"publisher\":{\"@id\":\"https:\/\/web.consaguirre.com.ar\/noticias\/#organization\"},\"image\":{\"@id\":\"https:\/\/web.consaguirre.com.ar\/noticias\/tate-mcrae-josh-ross-y-the-weeknd-top-2025-nominaciones-a-los-premios-juno\/#primaryimage\"},\"thumbnailUrl\":\"https:\/\/web.consaguirre.com.ar\/noticias\/wp-content\/uploads\/2025\/02\/Tate-McRae-Josh-Ross-y-The-Weeknd-Top-2025-Nominaciones.jpg\",\"keywords\":[\"Josh\",\"Juno\",\"los\",\"McRae\",\"nominaciones\",\"premios\",\"Ross\",\"Tate\",\"Top\",\"Weeknd\"],\"articleSection\":[\"El \u00faltimo\"],\"inLanguage\":\"es-AR\"},{\"@type\":\"WebPage\",\"@id\":\"https:\/\/web.consaguirre.com.ar\/noticias\/tate-mcrae-josh-ross-y-the-weeknd-top-2025-nominaciones-a-los-premios-juno\/\",\"url\":\"https:\/\/web.consaguirre.com.ar\/noticias\/tate-mcrae-josh-ross-y-the-weeknd-top-2025-nominaciones-a-los-premios-juno\/\",\"name\":\"Tate McRae, Josh Ross y The Weeknd Top 2025 Nominaciones a los Premios Juno\",\"isPartOf\":{\"@id\":\"https:\/\/web.consaguirre.com.ar\/noticias\/#website\"},\"primaryImageOfPage\":{\"@id\":\"https:\/\/web.consaguirre.com.ar\/noticias\/tate-mcrae-josh-ross-y-the-weeknd-top-2025-nominaciones-a-los-premios-juno\/#primaryimage\"},\"image\":{\"@id\":\"https:\/\/web.consaguirre.com.ar\/noticias\/tate-mcrae-josh-ross-y-the-weeknd-top-2025-nominaciones-a-los-premios-juno\/#primaryimage\"},\"thumbnailUrl\":\"https:\/\/web.consaguirre.com.ar\/noticias\/wp-content\/uploads\/2025\/02\/Tate-McRae-Josh-Ross-y-The-Weeknd-Top-2025-Nominaciones.jpg\",\"datePublished\":\"2025-02-12T20:40:00+00:00\",\"dateModified\":\"2025-02-12T20:40:01+00:00\",\"breadcrumb\":{\"@id\":\"https:\/\/web.consaguirre.com.ar\/noticias\/tate-mcrae-josh-ross-y-the-weeknd-top-2025-nominaciones-a-los-premios-juno\/#breadcrumb\"},\"inLanguage\":\"es-AR\",\"potentialAction\":[{\"@type\":\"ReadAction\",\"target\":[\"https:\/\/web.consaguirre.com.ar\/noticias\/tate-mcrae-josh-ross-y-the-weeknd-top-2025-nominaciones-a-los-premios-juno\/\"]}]},{\"@type\":\"ImageObject\",\"inLanguage\":\"es-AR\",\"@id\":\"https:\/\/web.consaguirre.com.ar\/noticias\/tate-mcrae-josh-ross-y-the-weeknd-top-2025-nominaciones-a-los-premios-juno\/#primaryimage\",\"url\":\"https:\/\/web.consaguirre.com.ar\/noticias\/wp-content\/uploads\/2025\/02\/Tate-McRae-Josh-Ross-y-The-Weeknd-Top-2025-Nominaciones.jpg\",\"contentUrl\":\"https:\/\/web.consaguirre.com.ar\/noticias\/wp-content\/uploads\/2025\/02\/Tate-McRae-Josh-Ross-y-The-Weeknd-Top-2025-Nominaciones.jpg\",\"width\":1440,\"height\":864,\"caption\":\"Tate McRae, Josh Ross y The Weeknd Top 2025 Nominaciones a los Premios Juno\"},{\"@type\":\"BreadcrumbList\",\"@id\":\"https:\/\/web.consaguirre.com.ar\/noticias\/tate-mcrae-josh-ross-y-the-weeknd-top-2025-nominaciones-a-los-premios-juno\/#breadcrumb\",\"itemListElement\":[{\"@type\":\"ListItem\",\"position\":1,\"name\":\"Inicio\",\"item\":\"https:\/\/web.consaguirre.com.ar\/noticias\/\"},{\"@type\":\"ListItem\",\"position\":2,\"name\":\"Tate McRae, Josh Ross y The Weeknd Top 2025 Nominaciones a los Premios Juno\"}]},{\"@type\":\"WebSite\",\"@id\":\"https:\/\/web.consaguirre.com.ar\/noticias\/#website\",\"url\":\"https:\/\/web.consaguirre.com.ar\/noticias\/\",\"name\":\"Conservatorio de M\u00fasica Juli\u00e1n Aguirre\",\"description\":\"\",\"publisher\":{\"@id\":\"https:\/\/web.consaguirre.com.ar\/noticias\/#organization\"},\"potentialAction\":[{\"@type\":\"SearchAction\",\"target\":{\"@type\":\"EntryPoint\",\"urlTemplate\":\"https:\/\/web.consaguirre.com.ar\/noticias\/?s={search_term_string}\"},\"query-input\":\"required name=search_term_string\"}],\"inLanguage\":\"es-AR\"},{\"@type\":\"Organization\",\"@id\":\"https:\/\/web.consaguirre.com.ar\/noticias\/#organization\",\"name\":\"Conservatorio de M\u00fasica Juli\u00e1n Aguirre\",\"url\":\"https:\/\/web.consaguirre.com.ar\/noticias\/\",\"logo\":{\"@type\":\"ImageObject\",\"inLanguage\":\"es-AR\",\"@id\":\"https:\/\/web.consaguirre.com.ar\/noticias\/#\/schema\/logo\/image\/\",\"url\":\"https:\/\/web.consaguirre.com.ar\/noticias\/wp-content\/uploads\/2024\/08\/Banner-Aguirre-23.jpg\",\"contentUrl\":\"https:\/\/web.consaguirre.com.ar\/noticias\/wp-content\/uploads\/2024\/08\/Banner-Aguirre-23.jpg\",\"width\":1192,\"height\":600,\"caption\":\"Conservatorio de M\u00fasica Juli\u00e1n Aguirre\"},\"image\":{\"@id\":\"https:\/\/web.consaguirre.com.ar\/noticias\/#\/schema\/logo\/image\/\"}},{\"@type\":\"Person\",\"@id\":\"https:\/\/web.consaguirre.com.ar\/noticias\/#\/schema\/person\/6558b0cfedee7ddc5425602b237d5722\",\"name\":\"Javier Figueroa\",\"image\":{\"@type\":\"ImageObject\",\"inLanguage\":\"es-AR\",\"@id\":\"https:\/\/web.consaguirre.com.ar\/noticias\/#\/schema\/person\/image\/\",\"url\":\"https:\/\/web.consaguirre.com.ar\/noticias\/wp-content\/uploads\/2024\/08\/Consaguirre-scaled.jpg\",\"contentUrl\":\"https:\/\/web.consaguirre.com.ar\/noticias\/wp-content\/uploads\/2024\/08\/Consaguirre-scaled.jpg\",\"caption\":\"Javier Figueroa\"},\"description\":\"Me llamo Javier Figueroa y soy redactor para el sitio oficial del Conservatorio de M\u00fasica Juli\u00e1n Aguirre en Buenos Aires, consaguirre.com. Apasionado por la m\u00fasica y la escritura, me esfuerzo por destacar los talentos y eventos de nuestra prestigiosa instituci\u00f3n. Mi trayectoria se nutre de una profunda admiraci\u00f3n por los artistas, haciendo de cada art\u00edculo una celebraci\u00f3n de la creatividad y la cultura musical.\",\"sameAs\":[\"https:\/\/web.consaguirre.com.ar\/noticias\"]}]}<\/script>\n<!-- \/ Yoast SEO plugin. -->","yoast_head_json":{"title":"Tate McRae, Josh Ross y The Weeknd Top 2025 Nominaciones a los Premios Juno","robots":{"index":"index","follow":"follow","max-snippet":"max-snippet:-1","max-image-preview":"max-image-preview:large","max-video-preview":"max-video-preview:-1"},"canonical":"https:\/\/web.consaguirre.com.ar\/noticias\/tate-mcrae-josh-ross-y-the-weeknd-top-2025-nominaciones-a-los-premios-juno\/","og_locale":"es_ES","og_type":"article","og_title":"Tate McRae, Josh Ross y The Weeknd Top 2025 Nominaciones a los Premios Juno","og_description":"Tate mcrae y Josh Ross Son los principales nominados para los Premios Juno 2025, que se anunciaron el 11 de febrero, con cinco asentimientos cada","og_url":"https:\/\/web.consaguirre.com.ar\/noticias\/tate-mcrae-josh-ross-y-the-weeknd-top-2025-nominaciones-a-los-premios-juno\/","og_site_name":"Conservatorio de M\u00fasica Juli\u00e1n Aguirre","article_published_time":"2025-02-12T20:40:00+00:00","article_modified_time":"2025-02-12T20:40:01+00:00","og_image":[{"width":1440,"height":864,"url":"https:\/\/web.consaguirre.com.ar\/noticias\/wp-content\/uploads\/2025\/02\/Tate-McRae-Josh-Ross-y-The-Weeknd-Top-2025-Nominaciones.jpg","type":"image\/jpeg"}],"author":"Javier Figueroa","twitter_card":"summary_large_image","twitter_misc":{"Escrito por":"Javier Figueroa","Tiempo de lectura":"2 minutos"},"schema":{"@context":"https:\/\/schema.org","@graph":[{"@type":"Article","@id":"https:\/\/web.consaguirre.com.ar\/noticias\/tate-mcrae-josh-ross-y-the-weeknd-top-2025-nominaciones-a-los-premios-juno\/#article","isPartOf":{"@id":"https:\/\/web.consaguirre.com.ar\/noticias\/tate-mcrae-josh-ross-y-the-weeknd-top-2025-nominaciones-a-los-premios-juno\/"},"author":{"name":"Javier Figueroa","@id":"https:\/\/web.consaguirre.com.ar\/noticias\/#\/schema\/person\/6558b0cfedee7ddc5425602b237d5722"},"headline":"Tate McRae, Josh Ross y The Weeknd Top 2025 Nominaciones a los Premios Juno","datePublished":"2025-02-12T20:40:00+00:00","dateModified":"2025-02-12T20:40:01+00:00","mainEntityOfPage":{"@id":"https:\/\/web.consaguirre.com.ar\/noticias\/tate-mcrae-josh-ross-y-the-weeknd-top-2025-nominaciones-a-los-premios-juno\/"},"wordCount":394,"publisher":{"@id":"https:\/\/web.consaguirre.com.ar\/noticias\/#organization"},"image":{"@id":"https:\/\/web.consaguirre.com.ar\/noticias\/tate-mcrae-josh-ross-y-the-weeknd-top-2025-nominaciones-a-los-premios-juno\/#primaryimage"},"thumbnailUrl":"https:\/\/web.consaguirre.com.ar\/noticias\/wp-content\/uploads\/2025\/02\/Tate-McRae-Josh-Ross-y-The-Weeknd-Top-2025-Nominaciones.jpg","keywords":["Josh","Juno","los","McRae","nominaciones","premios","Ross","Tate","Top","Weeknd"],"articleSection":["El \u00faltimo"],"inLanguage":"es-AR"},{"@type":"WebPage","@id":"https:\/\/web.consaguirre.com.ar\/noticias\/tate-mcrae-josh-ross-y-the-weeknd-top-2025-nominaciones-a-los-premios-juno\/","url":"https:\/\/web.consaguirre.com.ar\/noticias\/tate-mcrae-josh-ross-y-the-weeknd-top-2025-nominaciones-a-los-premios-juno\/","name":"Tate McRae, Josh Ross y The Weeknd Top 2025 Nominaciones a los Premios Juno","isPartOf":{"@id":"https:\/\/web.consaguirre.com.ar\/noticias\/#website"},"primaryImageOfPage":{"@id":"https:\/\/web.consaguirre.com.ar\/noticias\/tate-mcrae-josh-ross-y-the-weeknd-top-2025-nominaciones-a-los-premios-juno\/#primaryimage"},"image":{"@id":"https:\/\/web.consaguirre.com.ar\/noticias\/tate-mcrae-josh-ross-y-the-weeknd-top-2025-nominaciones-a-los-premios-juno\/#primaryimage"},"thumbnailUrl":"https:\/\/web.consaguirre.com.ar\/noticias\/wp-content\/uploads\/2025\/02\/Tate-McRae-Josh-Ross-y-The-Weeknd-Top-2025-Nominaciones.jpg","datePublished":"2025-02-12T20:40:00+00:00","dateModified":"2025-02-12T20:40:01+00:00","breadcrumb":{"@id":"https:\/\/web.consaguirre.com.ar\/noticias\/tate-mcrae-josh-ross-y-the-weeknd-top-2025-nominaciones-a-los-premios-juno\/#breadcrumb"},"inLanguage":"es-AR","potentialAction":[{"@type":"ReadAction","target":["https:\/\/web.consaguirre.com.ar\/noticias\/tate-mcrae-josh-ross-y-the-weeknd-top-2025-nominaciones-a-los-premios-juno\/"]}]},{"@type":"ImageObject","inLanguage":"es-AR","@id":"https:\/\/web.consaguirre.com.ar\/noticias\/tate-mcrae-josh-ross-y-the-weeknd-top-2025-nominaciones-a-los-premios-juno\/#primaryimage","url":"https:\/\/web.consaguirre.com.ar\/noticias\/wp-content\/uploads\/2025\/02\/Tate-McRae-Josh-Ross-y-The-Weeknd-Top-2025-Nominaciones.jpg","contentUrl":"https:\/\/web.consaguirre.com.ar\/noticias\/wp-content\/uploads\/2025\/02\/Tate-McRae-Josh-Ross-y-The-Weeknd-Top-2025-Nominaciones.jpg","width":1440,"height":864,"caption":"Tate McRae, Josh Ross y The Weeknd Top 2025 Nominaciones a los Premios Juno"},{"@type":"BreadcrumbList","@id":"https:\/\/web.consaguirre.com.ar\/noticias\/tate-mcrae-josh-ross-y-the-weeknd-top-2025-nominaciones-a-los-premios-juno\/#breadcrumb","itemListElement":[{"@type":"ListItem","position":1,"name":"Inicio","item":"https:\/\/web.consaguirre.com.ar\/noticias\/"},{"@type":"ListItem","position":2,"name":"Tate McRae, Josh Ross y The Weeknd Top 2025 Nominaciones a los Premios Juno"}]},{"@type":"WebSite","@id":"https:\/\/web.consaguirre.com.ar\/noticias\/#website","url":"https:\/\/web.consaguirre.com.ar\/noticias\/","name":"Conservatorio de M\u00fasica Juli\u00e1n Aguirre","description":"","publisher":{"@id":"https:\/\/web.consaguirre.com.ar\/noticias\/#organization"},"potentialAction":[{"@type":"SearchAction","target":{"@type":"EntryPoint","urlTemplate":"https:\/\/web.consaguirre.com.ar\/noticias\/?s={search_term_string}"},"query-input":"required name=search_term_string"}],"inLanguage":"es-AR"},{"@type":"Organization","@id":"https:\/\/web.consaguirre.com.ar\/noticias\/#organization","name":"Conservatorio de M\u00fasica Juli\u00e1n Aguirre","url":"https:\/\/web.consaguirre.com.ar\/noticias\/","logo":{"@type":"ImageObject","inLanguage":"es-AR","@id":"https:\/\/web.consaguirre.com.ar\/noticias\/#\/schema\/logo\/image\/","url":"https:\/\/web.consaguirre.com.ar\/noticias\/wp-content\/uploads\/2024\/08\/Banner-Aguirre-23.jpg","contentUrl":"https:\/\/web.consaguirre.com.ar\/noticias\/wp-content\/uploads\/2024\/08\/Banner-Aguirre-23.jpg","width":1192,"height":600,"caption":"Conservatorio de M\u00fasica Juli\u00e1n Aguirre"},"image":{"@id":"https:\/\/web.consaguirre.com.ar\/noticias\/#\/schema\/logo\/image\/"}},{"@type":"Person","@id":"https:\/\/web.consaguirre.com.ar\/noticias\/#\/schema\/person\/6558b0cfedee7ddc5425602b237d5722","name":"Javier Figueroa","image":{"@type":"ImageObject","inLanguage":"es-AR","@id":"https:\/\/web.consaguirre.com.ar\/noticias\/#\/schema\/person\/image\/","url":"https:\/\/web.consaguirre.com.ar\/noticias\/wp-content\/uploads\/2024\/08\/Consaguirre-scaled.jpg","contentUrl":"https:\/\/web.consaguirre.com.ar\/noticias\/wp-content\/uploads\/2024\/08\/Consaguirre-scaled.jpg","caption":"Javier Figueroa"},"description":"Me llamo Javier Figueroa y soy redactor para el sitio oficial del Conservatorio de M\u00fasica Juli\u00e1n Aguirre en Buenos Aires, consaguirre.com. Apasionado por la m\u00fasica y la escritura, me esfuerzo por destacar los talentos y eventos de nuestra prestigiosa instituci\u00f3n. Mi trayectoria se nutre de una profunda admiraci\u00f3n por los artistas, haciendo de cada art\u00edculo una celebraci\u00f3n de la creatividad y la cultura musical.","sameAs":["https:\/\/web.consaguirre.com.ar\/noticias"]}]}},"_links":{"self":[{"href":"https:\/\/web.consaguirre.com.ar\/noticias\/wp-json\/wp\/v2\/posts\/1844"}],"collection":[{"href":"https:\/\/web.consaguirre.com.ar\/noticias\/wp-json\/wp\/v2\/posts"}],"about":[{"href":"https:\/\/web.consaguirre.com.ar\/noticias\/wp-json\/wp\/v2\/types\/post"}],"author":[{"embeddable":true,"href":"https:\/\/web.consaguirre.com.ar\/noticias\/wp-json\/wp\/v2\/users\/1"}],"replies":[{"embeddable":true,"href":"https:\/\/web.consaguirre.com.ar\/noticias\/wp-json\/wp\/v2\/comments?post=1844"}],"version-history":[{"count":1,"href":"https:\/\/web.consaguirre.com.ar\/noticias\/wp-json\/wp\/v2\/posts\/1844\/revisions"}],"predecessor-version":[{"id":1846,"href":"https:\/\/web.consaguirre.com.ar\/noticias\/wp-json\/wp\/v2\/posts\/1844\/revisions\/1846"}],"wp:featuredmedia":[{"embeddable":true,"href":"https:\/\/web.consaguirre.com.ar\/noticias\/wp-json\/wp\/v2\/media\/1845"}],"wp:attachment":[{"href":"https:\/\/web.consaguirre.com.ar\/noticias\/wp-json\/wp\/v2\/media?parent=1844"}],"wp:term":[{"taxonomy":"category","embeddable":true,"href":"https:\/\/web.consaguirre.com.ar\/noticias\/wp-json\/wp\/v2\/categories?post=1844"},{"taxonomy":"post_tag","embeddable":true,"href":"https:\/\/web.consaguirre.com.ar\/noticias\/wp-json\/wp\/v2\/tags?post=1844"}],"curies":[{"name":"wp","href":"https:\/\/api.w.org\/{rel}","templated":true}]}}