{"id":1835,"date":"2025-02-11T20:38:08","date_gmt":"2025-02-11T23:38:08","guid":{"rendered":"https:\/\/web.consaguirre.com.ar\/noticias\/vavo-anuncia-la-residencia-de-wynn-summer-2025\/"},"modified":"2025-02-11T20:38:09","modified_gmt":"2025-02-11T23:38:09","slug":"vavo-anuncia-la-residencia-de-wynn-summer-2025","status":"publish","type":"post","link":"https:\/\/web.consaguirre.com.ar\/noticias\/vavo-anuncia-la-residencia-de-wynn-summer-2025\/","title":{"rendered":"Vavo anuncia la residencia de Wynn Summer 2025"},"content":{"rendered":"<p><strong>Vavo<\/strong> Traer\u00e1 su m\u00fasica pionera a Las Vegas para una serie de noches de clubes este verano. El d\u00fao DJ-Producer, cuyo sonido \u00fanico &#8220;Yeedm&#8221; combina m\u00fasica de baile country y electr\u00f3nica, se ha registrado para una residencia de cinco gigos en el Wynn. El acuerdo encontrar\u00e1 a los corredores de fiesta Jesse Fischer y Alden Martin haciendo apariciones mensuales en el famoso resort, tres en el club nocturno XS y dos en el Encore Beach Club.<\/p>\n<p>Las cosas comienzan el mi\u00e9rcoles 23 de abril, cuando Vavo regresa a XS con un set que seguramente ser\u00e1 pesado en sus remezclas de pa\u00edses. Estar\u00e1n en Encore el domingo 11 de mayo, luego en XS el domingo 6 de julio y el domingo 17 de agosto. La residencia concluye el mi\u00e9rcoles 24 de septiembre cuando los Boys Vavo entran en la cabina para Encore Beach Club en Noche.<\/p>\n<div class=\"uD-YT-container\"><img decoding=\"async\" src=\"https:\/\/web.consaguirre.com.ar\/noticias\/wp-content\/uploads\/2025\/02\/1739317088_883_Vavo-anuncia-la-residencia-de-Wynn-Summer-2025.jpg\" alt=\"Video de YouTube\"><br \/>Haga clic para cargar video<\/div>\n<p>Vavo anunci\u00f3 la residencia en un video en Instagram que tambi\u00e9n brome\u00f3 <strong>Lo que suena como un pr\u00f3ximo remix de &#8220;The Gambler&#8221; de Kenny Rogers.<\/strong> Ser\u00eda una de sus primeras remixes de una canci\u00f3n country cl\u00e1sica despu\u00e9s de su exitosa reelaboraci\u00f3n de &#8220;That Don&#8217;t Impress Me Mucho&#8221; de Shania Twain. El d\u00fao ha recorrido su propio camino a trav\u00e9s de la industria de la m\u00fasica, construyendo una reputaci\u00f3n para las pistas del club dignas de Yeehaw al remezclar estrellas como Morgan Wallen, Post Malone, Kane Brown, Nate Smith, Thomas Rhett y m\u00e1s. Han actuado en eventos como ACM Awards, EDC Las Vegas, Stagecoach y CMC Rocks de Australia.<\/p>\n<p>Fischer y Martin est\u00e1n de gira por los Estados Unidos durante los primeros meses de 2025. Tienen los pr\u00f3ximos conciertos en todo el mapa previo al lanzamiento de su residencia de Wynn, incluso en Nueva York, West Palm Beach, Park City, Norfolk, Dallas, Boston, Orlando, Miami y Jacksonville. En Tour Teasers, Vavo promete que han estado preparando mucha m\u00fasica nueva para estos conciertos y tendr\u00e1n muchos m\u00e1s programas para anunciar pronto.<\/p>\n<p><script async src=\"\/\/www.instagram.com\/embed.js\"><\/script><\/p>\n","protected":false},"excerpt":{"rendered":"<p>Vavo Traer\u00e1 su m\u00fasica pionera a Las Vegas para una serie de noches de clubes este verano. El d\u00fao DJ-Producer, cuyo sonido \u00fanico &#8220;Yeedm&#8221; combina<\/p>\n","protected":false},"author":1,"featured_media":1836,"comment_status":"closed","ping_status":"","sticky":false,"template":"","format":"standard","meta":{"footnotes":""},"categories":[50],"tags":[56,1025,379,1856,1857],"class_list":["post-1835","post","type-post","status-publish","format-standard","has-post-thumbnail","hentry","category-el-ultimo","tag-anuncia","tag-residencia","tag-summer","tag-vavo","tag-wynn","generate-columns","tablet-grid-50","mobile-grid-100","grid-parent","grid-50"],"yoast_head":"<!-- This site is optimized with the Yoast SEO plugin v23.3 - https:\/\/yoast.com\/wordpress\/plugins\/seo\/ -->\n<title>Vavo anuncia la residencia de Wynn Summer 2025<\/title>\n<meta name=\"robots\" content=\"index, follow, max-snippet:-1, max-image-preview:large, max-video-preview:-1\" \/>\n<link rel=\"canonical\" href=\"https:\/\/web.consaguirre.com.ar\/noticias\/vavo-anuncia-la-residencia-de-wynn-summer-2025\/\" \/>\n<meta property=\"og:locale\" content=\"es_ES\" \/>\n<meta property=\"og:type\" content=\"article\" \/>\n<meta property=\"og:title\" content=\"Vavo anuncia la residencia de Wynn Summer 2025\" \/>\n<meta property=\"og:description\" content=\"Vavo Traer\u00e1 su m\u00fasica pionera a Las Vegas para una serie de noches de clubes este verano. El d\u00fao DJ-Producer, cuyo sonido \u00fanico &#8220;Yeedm&#8221; combina\" \/>\n<meta property=\"og:url\" content=\"https:\/\/web.consaguirre.com.ar\/noticias\/vavo-anuncia-la-residencia-de-wynn-summer-2025\/\" \/>\n<meta property=\"og:site_name\" content=\"Conservatorio de M\u00fasica Juli\u00e1n Aguirre\" \/>\n<meta property=\"article:published_time\" content=\"2025-02-11T23:38:08+00:00\" \/>\n<meta property=\"article:modified_time\" content=\"2025-02-11T23:38:09+00:00\" \/>\n<meta property=\"og:image\" content=\"https:\/\/web.consaguirre.com.ar\/noticias\/wp-content\/uploads\/2025\/02\/Vavo-anuncia-la-residencia-de-Wynn-Summer-2025.jpg\" \/>\n\t<meta property=\"og:image:width\" content=\"1440\" \/>\n\t<meta property=\"og:image:height\" content=\"864\" \/>\n\t<meta property=\"og:image:type\" content=\"image\/jpeg\" \/>\n<meta name=\"author\" content=\"Javier Figueroa\" \/>\n<meta name=\"twitter:card\" content=\"summary_large_image\" \/>\n<meta name=\"twitter:label1\" content=\"Escrito por\" \/>\n\t<meta name=\"twitter:data1\" content=\"Javier Figueroa\" \/>\n\t<meta name=\"twitter:label2\" content=\"Tiempo de lectura\" \/>\n\t<meta name=\"twitter:data2\" content=\"2 minutos\" \/>\n<script type=\"application\/ld+json\" class=\"yoast-schema-graph\">{\"@context\":\"https:\/\/schema.org\",\"@graph\":[{\"@type\":\"Article\",\"@id\":\"https:\/\/web.consaguirre.com.ar\/noticias\/vavo-anuncia-la-residencia-de-wynn-summer-2025\/#article\",\"isPartOf\":{\"@id\":\"https:\/\/web.consaguirre.com.ar\/noticias\/vavo-anuncia-la-residencia-de-wynn-summer-2025\/\"},\"author\":{\"name\":\"Javier Figueroa\",\"@id\":\"https:\/\/web.consaguirre.com.ar\/noticias\/#\/schema\/person\/6558b0cfedee7ddc5425602b237d5722\"},\"headline\":\"Vavo anuncia la residencia de Wynn Summer 2025\",\"datePublished\":\"2025-02-11T23:38:08+00:00\",\"dateModified\":\"2025-02-11T23:38:09+00:00\",\"mainEntityOfPage\":{\"@id\":\"https:\/\/web.consaguirre.com.ar\/noticias\/vavo-anuncia-la-residencia-de-wynn-summer-2025\/\"},\"wordCount\":356,\"publisher\":{\"@id\":\"https:\/\/web.consaguirre.com.ar\/noticias\/#organization\"},\"image\":{\"@id\":\"https:\/\/web.consaguirre.com.ar\/noticias\/vavo-anuncia-la-residencia-de-wynn-summer-2025\/#primaryimage\"},\"thumbnailUrl\":\"https:\/\/web.consaguirre.com.ar\/noticias\/wp-content\/uploads\/2025\/02\/Vavo-anuncia-la-residencia-de-Wynn-Summer-2025.jpg\",\"keywords\":[\"anuncia\",\"residencia\",\"Summer\",\"Vavo\",\"Wynn\"],\"articleSection\":[\"El \u00faltimo\"],\"inLanguage\":\"es-AR\"},{\"@type\":\"WebPage\",\"@id\":\"https:\/\/web.consaguirre.com.ar\/noticias\/vavo-anuncia-la-residencia-de-wynn-summer-2025\/\",\"url\":\"https:\/\/web.consaguirre.com.ar\/noticias\/vavo-anuncia-la-residencia-de-wynn-summer-2025\/\",\"name\":\"Vavo anuncia la residencia de Wynn Summer 2025\",\"isPartOf\":{\"@id\":\"https:\/\/web.consaguirre.com.ar\/noticias\/#website\"},\"primaryImageOfPage\":{\"@id\":\"https:\/\/web.consaguirre.com.ar\/noticias\/vavo-anuncia-la-residencia-de-wynn-summer-2025\/#primaryimage\"},\"image\":{\"@id\":\"https:\/\/web.consaguirre.com.ar\/noticias\/vavo-anuncia-la-residencia-de-wynn-summer-2025\/#primaryimage\"},\"thumbnailUrl\":\"https:\/\/web.consaguirre.com.ar\/noticias\/wp-content\/uploads\/2025\/02\/Vavo-anuncia-la-residencia-de-Wynn-Summer-2025.jpg\",\"datePublished\":\"2025-02-11T23:38:08+00:00\",\"dateModified\":\"2025-02-11T23:38:09+00:00\",\"breadcrumb\":{\"@id\":\"https:\/\/web.consaguirre.com.ar\/noticias\/vavo-anuncia-la-residencia-de-wynn-summer-2025\/#breadcrumb\"},\"inLanguage\":\"es-AR\",\"potentialAction\":[{\"@type\":\"ReadAction\",\"target\":[\"https:\/\/web.consaguirre.com.ar\/noticias\/vavo-anuncia-la-residencia-de-wynn-summer-2025\/\"]}]},{\"@type\":\"ImageObject\",\"inLanguage\":\"es-AR\",\"@id\":\"https:\/\/web.consaguirre.com.ar\/noticias\/vavo-anuncia-la-residencia-de-wynn-summer-2025\/#primaryimage\",\"url\":\"https:\/\/web.consaguirre.com.ar\/noticias\/wp-content\/uploads\/2025\/02\/Vavo-anuncia-la-residencia-de-Wynn-Summer-2025.jpg\",\"contentUrl\":\"https:\/\/web.consaguirre.com.ar\/noticias\/wp-content\/uploads\/2025\/02\/Vavo-anuncia-la-residencia-de-Wynn-Summer-2025.jpg\",\"width\":1440,\"height\":864,\"caption\":\"Vavo anuncia la residencia de Wynn Summer 2025\"},{\"@type\":\"BreadcrumbList\",\"@id\":\"https:\/\/web.consaguirre.com.ar\/noticias\/vavo-anuncia-la-residencia-de-wynn-summer-2025\/#breadcrumb\",\"itemListElement\":[{\"@type\":\"ListItem\",\"position\":1,\"name\":\"Inicio\",\"item\":\"https:\/\/web.consaguirre.com.ar\/noticias\/\"},{\"@type\":\"ListItem\",\"position\":2,\"name\":\"Vavo anuncia la residencia de Wynn Summer 2025\"}]},{\"@type\":\"WebSite\",\"@id\":\"https:\/\/web.consaguirre.com.ar\/noticias\/#website\",\"url\":\"https:\/\/web.consaguirre.com.ar\/noticias\/\",\"name\":\"Conservatorio de M\u00fasica Juli\u00e1n Aguirre\",\"description\":\"\",\"publisher\":{\"@id\":\"https:\/\/web.consaguirre.com.ar\/noticias\/#organization\"},\"potentialAction\":[{\"@type\":\"SearchAction\",\"target\":{\"@type\":\"EntryPoint\",\"urlTemplate\":\"https:\/\/web.consaguirre.com.ar\/noticias\/?s={search_term_string}\"},\"query-input\":\"required name=search_term_string\"}],\"inLanguage\":\"es-AR\"},{\"@type\":\"Organization\",\"@id\":\"https:\/\/web.consaguirre.com.ar\/noticias\/#organization\",\"name\":\"Conservatorio de M\u00fasica Juli\u00e1n Aguirre\",\"url\":\"https:\/\/web.consaguirre.com.ar\/noticias\/\",\"logo\":{\"@type\":\"ImageObject\",\"inLanguage\":\"es-AR\",\"@id\":\"https:\/\/web.consaguirre.com.ar\/noticias\/#\/schema\/logo\/image\/\",\"url\":\"https:\/\/web.consaguirre.com.ar\/noticias\/wp-content\/uploads\/2024\/08\/Banner-Aguirre-23.jpg\",\"contentUrl\":\"https:\/\/web.consaguirre.com.ar\/noticias\/wp-content\/uploads\/2024\/08\/Banner-Aguirre-23.jpg\",\"width\":1192,\"height\":600,\"caption\":\"Conservatorio de M\u00fasica Juli\u00e1n Aguirre\"},\"image\":{\"@id\":\"https:\/\/web.consaguirre.com.ar\/noticias\/#\/schema\/logo\/image\/\"}},{\"@type\":\"Person\",\"@id\":\"https:\/\/web.consaguirre.com.ar\/noticias\/#\/schema\/person\/6558b0cfedee7ddc5425602b237d5722\",\"name\":\"Javier Figueroa\",\"image\":{\"@type\":\"ImageObject\",\"inLanguage\":\"es-AR\",\"@id\":\"https:\/\/web.consaguirre.com.ar\/noticias\/#\/schema\/person\/image\/\",\"url\":\"https:\/\/web.consaguirre.com.ar\/noticias\/wp-content\/uploads\/2024\/08\/Consaguirre-scaled.jpg\",\"contentUrl\":\"https:\/\/web.consaguirre.com.ar\/noticias\/wp-content\/uploads\/2024\/08\/Consaguirre-scaled.jpg\",\"caption\":\"Javier Figueroa\"},\"description\":\"Me llamo Javier Figueroa y soy redactor para el sitio oficial del Conservatorio de M\u00fasica Juli\u00e1n Aguirre en Buenos Aires, consaguirre.com. Apasionado por la m\u00fasica y la escritura, me esfuerzo por destacar los talentos y eventos de nuestra prestigiosa instituci\u00f3n. Mi trayectoria se nutre de una profunda admiraci\u00f3n por los artistas, haciendo de cada art\u00edculo una celebraci\u00f3n de la creatividad y la cultura musical.\",\"sameAs\":[\"https:\/\/web.consaguirre.com.ar\/noticias\"]}]}<\/script>\n<!-- \/ Yoast SEO plugin. -->","yoast_head_json":{"title":"Vavo anuncia la residencia de Wynn Summer 2025","robots":{"index":"index","follow":"follow","max-snippet":"max-snippet:-1","max-image-preview":"max-image-preview:large","max-video-preview":"max-video-preview:-1"},"canonical":"https:\/\/web.consaguirre.com.ar\/noticias\/vavo-anuncia-la-residencia-de-wynn-summer-2025\/","og_locale":"es_ES","og_type":"article","og_title":"Vavo anuncia la residencia de Wynn Summer 2025","og_description":"Vavo Traer\u00e1 su m\u00fasica pionera a Las Vegas para una serie de noches de clubes este verano. El d\u00fao DJ-Producer, cuyo sonido \u00fanico &#8220;Yeedm&#8221; combina","og_url":"https:\/\/web.consaguirre.com.ar\/noticias\/vavo-anuncia-la-residencia-de-wynn-summer-2025\/","og_site_name":"Conservatorio de M\u00fasica Juli\u00e1n Aguirre","article_published_time":"2025-02-11T23:38:08+00:00","article_modified_time":"2025-02-11T23:38:09+00:00","og_image":[{"width":1440,"height":864,"url":"https:\/\/web.consaguirre.com.ar\/noticias\/wp-content\/uploads\/2025\/02\/Vavo-anuncia-la-residencia-de-Wynn-Summer-2025.jpg","type":"image\/jpeg"}],"author":"Javier Figueroa","twitter_card":"summary_large_image","twitter_misc":{"Escrito por":"Javier Figueroa","Tiempo de lectura":"2 minutos"},"schema":{"@context":"https:\/\/schema.org","@graph":[{"@type":"Article","@id":"https:\/\/web.consaguirre.com.ar\/noticias\/vavo-anuncia-la-residencia-de-wynn-summer-2025\/#article","isPartOf":{"@id":"https:\/\/web.consaguirre.com.ar\/noticias\/vavo-anuncia-la-residencia-de-wynn-summer-2025\/"},"author":{"name":"Javier Figueroa","@id":"https:\/\/web.consaguirre.com.ar\/noticias\/#\/schema\/person\/6558b0cfedee7ddc5425602b237d5722"},"headline":"Vavo anuncia la residencia de Wynn Summer 2025","datePublished":"2025-02-11T23:38:08+00:00","dateModified":"2025-02-11T23:38:09+00:00","mainEntityOfPage":{"@id":"https:\/\/web.consaguirre.com.ar\/noticias\/vavo-anuncia-la-residencia-de-wynn-summer-2025\/"},"wordCount":356,"publisher":{"@id":"https:\/\/web.consaguirre.com.ar\/noticias\/#organization"},"image":{"@id":"https:\/\/web.consaguirre.com.ar\/noticias\/vavo-anuncia-la-residencia-de-wynn-summer-2025\/#primaryimage"},"thumbnailUrl":"https:\/\/web.consaguirre.com.ar\/noticias\/wp-content\/uploads\/2025\/02\/Vavo-anuncia-la-residencia-de-Wynn-Summer-2025.jpg","keywords":["anuncia","residencia","Summer","Vavo","Wynn"],"articleSection":["El \u00faltimo"],"inLanguage":"es-AR"},{"@type":"WebPage","@id":"https:\/\/web.consaguirre.com.ar\/noticias\/vavo-anuncia-la-residencia-de-wynn-summer-2025\/","url":"https:\/\/web.consaguirre.com.ar\/noticias\/vavo-anuncia-la-residencia-de-wynn-summer-2025\/","name":"Vavo anuncia la residencia de Wynn Summer 2025","isPartOf":{"@id":"https:\/\/web.consaguirre.com.ar\/noticias\/#website"},"primaryImageOfPage":{"@id":"https:\/\/web.consaguirre.com.ar\/noticias\/vavo-anuncia-la-residencia-de-wynn-summer-2025\/#primaryimage"},"image":{"@id":"https:\/\/web.consaguirre.com.ar\/noticias\/vavo-anuncia-la-residencia-de-wynn-summer-2025\/#primaryimage"},"thumbnailUrl":"https:\/\/web.consaguirre.com.ar\/noticias\/wp-content\/uploads\/2025\/02\/Vavo-anuncia-la-residencia-de-Wynn-Summer-2025.jpg","datePublished":"2025-02-11T23:38:08+00:00","dateModified":"2025-02-11T23:38:09+00:00","breadcrumb":{"@id":"https:\/\/web.consaguirre.com.ar\/noticias\/vavo-anuncia-la-residencia-de-wynn-summer-2025\/#breadcrumb"},"inLanguage":"es-AR","potentialAction":[{"@type":"ReadAction","target":["https:\/\/web.consaguirre.com.ar\/noticias\/vavo-anuncia-la-residencia-de-wynn-summer-2025\/"]}]},{"@type":"ImageObject","inLanguage":"es-AR","@id":"https:\/\/web.consaguirre.com.ar\/noticias\/vavo-anuncia-la-residencia-de-wynn-summer-2025\/#primaryimage","url":"https:\/\/web.consaguirre.com.ar\/noticias\/wp-content\/uploads\/2025\/02\/Vavo-anuncia-la-residencia-de-Wynn-Summer-2025.jpg","contentUrl":"https:\/\/web.consaguirre.com.ar\/noticias\/wp-content\/uploads\/2025\/02\/Vavo-anuncia-la-residencia-de-Wynn-Summer-2025.jpg","width":1440,"height":864,"caption":"Vavo anuncia la residencia de Wynn Summer 2025"},{"@type":"BreadcrumbList","@id":"https:\/\/web.consaguirre.com.ar\/noticias\/vavo-anuncia-la-residencia-de-wynn-summer-2025\/#breadcrumb","itemListElement":[{"@type":"ListItem","position":1,"name":"Inicio","item":"https:\/\/web.consaguirre.com.ar\/noticias\/"},{"@type":"ListItem","position":2,"name":"Vavo anuncia la residencia de Wynn Summer 2025"}]},{"@type":"WebSite","@id":"https:\/\/web.consaguirre.com.ar\/noticias\/#website","url":"https:\/\/web.consaguirre.com.ar\/noticias\/","name":"Conservatorio de M\u00fasica Juli\u00e1n Aguirre","description":"","publisher":{"@id":"https:\/\/web.consaguirre.com.ar\/noticias\/#organization"},"potentialAction":[{"@type":"SearchAction","target":{"@type":"EntryPoint","urlTemplate":"https:\/\/web.consaguirre.com.ar\/noticias\/?s={search_term_string}"},"query-input":"required name=search_term_string"}],"inLanguage":"es-AR"},{"@type":"Organization","@id":"https:\/\/web.consaguirre.com.ar\/noticias\/#organization","name":"Conservatorio de M\u00fasica Juli\u00e1n Aguirre","url":"https:\/\/web.consaguirre.com.ar\/noticias\/","logo":{"@type":"ImageObject","inLanguage":"es-AR","@id":"https:\/\/web.consaguirre.com.ar\/noticias\/#\/schema\/logo\/image\/","url":"https:\/\/web.consaguirre.com.ar\/noticias\/wp-content\/uploads\/2024\/08\/Banner-Aguirre-23.jpg","contentUrl":"https:\/\/web.consaguirre.com.ar\/noticias\/wp-content\/uploads\/2024\/08\/Banner-Aguirre-23.jpg","width":1192,"height":600,"caption":"Conservatorio de M\u00fasica Juli\u00e1n Aguirre"},"image":{"@id":"https:\/\/web.consaguirre.com.ar\/noticias\/#\/schema\/logo\/image\/"}},{"@type":"Person","@id":"https:\/\/web.consaguirre.com.ar\/noticias\/#\/schema\/person\/6558b0cfedee7ddc5425602b237d5722","name":"Javier Figueroa","image":{"@type":"ImageObject","inLanguage":"es-AR","@id":"https:\/\/web.consaguirre.com.ar\/noticias\/#\/schema\/person\/image\/","url":"https:\/\/web.consaguirre.com.ar\/noticias\/wp-content\/uploads\/2024\/08\/Consaguirre-scaled.jpg","contentUrl":"https:\/\/web.consaguirre.com.ar\/noticias\/wp-content\/uploads\/2024\/08\/Consaguirre-scaled.jpg","caption":"Javier Figueroa"},"description":"Me llamo Javier Figueroa y soy redactor para el sitio oficial del Conservatorio de M\u00fasica Juli\u00e1n Aguirre en Buenos Aires, consaguirre.com. Apasionado por la m\u00fasica y la escritura, me esfuerzo por destacar los talentos y eventos de nuestra prestigiosa instituci\u00f3n. Mi trayectoria se nutre de una profunda admiraci\u00f3n por los artistas, haciendo de cada art\u00edculo una celebraci\u00f3n de la creatividad y la cultura musical.","sameAs":["https:\/\/web.consaguirre.com.ar\/noticias"]}]}},"_links":{"self":[{"href":"https:\/\/web.consaguirre.com.ar\/noticias\/wp-json\/wp\/v2\/posts\/1835"}],"collection":[{"href":"https:\/\/web.consaguirre.com.ar\/noticias\/wp-json\/wp\/v2\/posts"}],"about":[{"href":"https:\/\/web.consaguirre.com.ar\/noticias\/wp-json\/wp\/v2\/types\/post"}],"author":[{"embeddable":true,"href":"https:\/\/web.consaguirre.com.ar\/noticias\/wp-json\/wp\/v2\/users\/1"}],"replies":[{"embeddable":true,"href":"https:\/\/web.consaguirre.com.ar\/noticias\/wp-json\/wp\/v2\/comments?post=1835"}],"version-history":[{"count":1,"href":"https:\/\/web.consaguirre.com.ar\/noticias\/wp-json\/wp\/v2\/posts\/1835\/revisions"}],"predecessor-version":[{"id":1837,"href":"https:\/\/web.consaguirre.com.ar\/noticias\/wp-json\/wp\/v2\/posts\/1835\/revisions\/1837"}],"wp:featuredmedia":[{"embeddable":true,"href":"https:\/\/web.consaguirre.com.ar\/noticias\/wp-json\/wp\/v2\/media\/1836"}],"wp:attachment":[{"href":"https:\/\/web.consaguirre.com.ar\/noticias\/wp-json\/wp\/v2\/media?parent=1835"}],"wp:term":[{"taxonomy":"category","embeddable":true,"href":"https:\/\/web.consaguirre.com.ar\/noticias\/wp-json\/wp\/v2\/categories?post=1835"},{"taxonomy":"post_tag","embeddable":true,"href":"https:\/\/web.consaguirre.com.ar\/noticias\/wp-json\/wp\/v2\/tags?post=1835"}],"curies":[{"name":"wp","href":"https:\/\/api.w.org\/{rel}","templated":true}]}}