{"id":1829,"date":"2025-02-11T14:38:52","date_gmt":"2025-02-11T17:38:52","guid":{"rendered":"https:\/\/web.consaguirre.com.ar\/noticias\/kendrick-lamar-y-sza-anuncian-la-etapa-del-reino-unido-y-europa-de-grand-national-tour\/"},"modified":"2025-02-11T14:38:52","modified_gmt":"2025-02-11T17:38:52","slug":"kendrick-lamar-y-sza-anuncian-la-etapa-del-reino-unido-y-europa-de-grand-national-tour","status":"publish","type":"post","link":"https:\/\/web.consaguirre.com.ar\/noticias\/kendrick-lamar-y-sza-anuncian-la-etapa-del-reino-unido-y-europa-de-grand-national-tour\/","title":{"rendered":"Kendrick Lamar y SZA anuncian la etapa del Reino Unido y Europa de Grand National Tour"},"content":{"rendered":"<p><strong>Kendrick Lamar<\/strong> y <strong>SZA<\/strong> Brill\u00e9 intensamente en el show de medio tiempo del Super Bowl el domingo, y su Grand National Tour est\u00e1 programada para llevarlos a estadios en Am\u00e9rica del Norte esta primavera. Ahora los colaboradores superestrella han anunciado una serie de fechas de verano en todo el Reino Unido y Europa, as\u00ed como espect\u00e1culos norteamericanos adicionales.<\/p>\n<p>Presentado por Live Nation, Pglang y Top Dawg Entertainment, el Grand National Tour har\u00e1 paradas en 13 estadios en Europa y el Reino Unido este verano. Comienza el 2 de julio en Colonia y contin\u00faa hasta el 9 de agosto en Estocolmo, con paradas en Par\u00eds, Londres, Barcelona y Roma en el camino. Adem\u00e1s, se han agregado cuatro nuevos espect\u00e1culos de junio al final de la carrera norteamericana en Detroit, Toronto, Hershey y Washington, DC.<\/p>\n<p>Varias preventas de boletos para la nueva ronda de espect\u00e1culos est\u00e1n disponibles el mi\u00e9rcoles 12 de febrero hasta el jueves 13 de febrero. El general en venta comienza el viernes 14 de febrero a las 9 am <strong>GrandnationalTour.com<\/strong>.<\/p>\n<div class=\"uD-YT-container\"><img decoding=\"async\" src=\"https:\/\/web.consaguirre.com.ar\/noticias\/wp-content\/uploads\/2025\/02\/1739295532_910_Kendrick-Lamar-y-SZA-anuncian-la-etapa-del-Reino-Unido.jpg\" alt=\"Video de YouTube\"><br \/>Haga clic para cargar video<\/div>\n<p>Kendrick Lamar ha continuado su dominante 2024 en 2025. Despu\u00e9s de continuar siendo due\u00f1o del Zeitgeist con el lanzamiento de noviembre del nuevo \u00e1lbum <em>Gnx<\/em>\u2014La gener\u00f3 la canci\u00f3n que guarda la lista &#8220;Squabble Up&#8221;, el himno muy publicado &#8220;TV Off&#8221;, y el exitoso SZA Collab &#8220;Luther&#8221;, el single que dec\u00eda el rapero &#8220;Not Like Us&#8221; limpiaba en los Grammys anteriormente esto Mes, barriendo las cinco categor\u00edas, incluido el r\u00e9cord del a\u00f1o y la canci\u00f3n del a\u00f1o. <strong>Su actuaci\u00f3n del Super Bowl<\/strong> ha sido ampliamente aclamado por su arte, valor de entretenimiento y enfoque de desaf\u00edo de las convenciones.<\/p>\n<p>SZA, que apareci\u00f3 en el programa de medio tiempo del fin de semana pasado, est\u00e1 en una buena racha propia. Su tan esperado nuevo \u00e1lbum <em>Lana<\/em> fue uno de los \u00faltimos \u00e9xitos de taquilla de 2024, lanzando el nuevo equipo de Kendrick Lamar &#8220;30 For 30&#8221; a la transmisi\u00f3n y la ubicuidad de la radio. Durante el d\u00eda del gran juego, ella respondi\u00f3 al hambre de los fan\u00e1ticos por m\u00e1s canciones nuevas con una edici\u00f3n de lujo de <em>Lana<\/em>.<\/p>\n<p><strong>Compre la m\u00fasica de Kendrick Lamar en vinilo ahora.<\/strong><\/p>\n","protected":false},"excerpt":{"rendered":"<p>Kendrick Lamar y SZA Brill\u00e9 intensamente en el show de medio tiempo del Super Bowl el domingo, y su Grand National Tour est\u00e1 programada para<\/p>\n","protected":false},"author":1,"featured_media":1830,"comment_status":"closed","ping_status":"","sticky":false,"template":"","format":"standard","meta":{"footnotes":""},"categories":[50],"tags":[725,10,1852,1853,1414,610,611,1415,1193,1413,1760,1194],"class_list":["post-1829","post","type-post","status-publish","format-standard","has-post-thumbnail","hentry","category-el-ultimo","tag-anuncian","tag-del","tag-etapa","tag-europa","tag-grand","tag-kendrick","tag-lamar","tag-national","tag-reino","tag-sza","tag-tour","tag-unido","generate-columns","tablet-grid-50","mobile-grid-100","grid-parent","grid-50"],"yoast_head":"<!-- This site is optimized with the Yoast SEO plugin v23.3 - https:\/\/yoast.com\/wordpress\/plugins\/seo\/ -->\n<title>Kendrick Lamar y SZA anuncian la etapa del Reino Unido y Europa de Grand National Tour<\/title>\n<meta name=\"robots\" content=\"index, follow, max-snippet:-1, max-image-preview:large, max-video-preview:-1\" \/>\n<link rel=\"canonical\" href=\"https:\/\/web.consaguirre.com.ar\/noticias\/kendrick-lamar-y-sza-anuncian-la-etapa-del-reino-unido-y-europa-de-grand-national-tour\/\" \/>\n<meta property=\"og:locale\" content=\"es_ES\" \/>\n<meta property=\"og:type\" content=\"article\" \/>\n<meta property=\"og:title\" content=\"Kendrick Lamar y SZA anuncian la etapa del Reino Unido y Europa de Grand National Tour\" \/>\n<meta property=\"og:description\" content=\"Kendrick Lamar y SZA Brill\u00e9 intensamente en el show de medio tiempo del Super Bowl el domingo, y su Grand National Tour est\u00e1 programada para\" \/>\n<meta property=\"og:url\" content=\"https:\/\/web.consaguirre.com.ar\/noticias\/kendrick-lamar-y-sza-anuncian-la-etapa-del-reino-unido-y-europa-de-grand-national-tour\/\" \/>\n<meta property=\"og:site_name\" content=\"Conservatorio de M\u00fasica Juli\u00e1n Aguirre\" \/>\n<meta property=\"article:published_time\" content=\"2025-02-11T17:38:52+00:00\" \/>\n<meta property=\"og:image\" content=\"https:\/\/web.consaguirre.com.ar\/noticias\/wp-content\/uploads\/2025\/02\/Kendrick-Lamar-y-SZA-anuncian-la-etapa-del-Reino-Unido.jpg\" \/>\n\t<meta property=\"og:image:width\" content=\"1440\" \/>\n\t<meta property=\"og:image:height\" content=\"864\" \/>\n\t<meta property=\"og:image:type\" content=\"image\/jpeg\" \/>\n<meta name=\"author\" content=\"Javier Figueroa\" \/>\n<meta name=\"twitter:card\" content=\"summary_large_image\" \/>\n<meta name=\"twitter:label1\" content=\"Escrito por\" \/>\n\t<meta name=\"twitter:data1\" content=\"Javier Figueroa\" \/>\n\t<meta name=\"twitter:label2\" content=\"Tiempo de lectura\" \/>\n\t<meta name=\"twitter:data2\" content=\"2 minutos\" \/>\n<script type=\"application\/ld+json\" class=\"yoast-schema-graph\">{\"@context\":\"https:\/\/schema.org\",\"@graph\":[{\"@type\":\"Article\",\"@id\":\"https:\/\/web.consaguirre.com.ar\/noticias\/kendrick-lamar-y-sza-anuncian-la-etapa-del-reino-unido-y-europa-de-grand-national-tour\/#article\",\"isPartOf\":{\"@id\":\"https:\/\/web.consaguirre.com.ar\/noticias\/kendrick-lamar-y-sza-anuncian-la-etapa-del-reino-unido-y-europa-de-grand-national-tour\/\"},\"author\":{\"name\":\"Javier Figueroa\",\"@id\":\"https:\/\/web.consaguirre.com.ar\/noticias\/#\/schema\/person\/6558b0cfedee7ddc5425602b237d5722\"},\"headline\":\"Kendrick Lamar y SZA anuncian la etapa del Reino Unido y Europa de Grand National Tour\",\"datePublished\":\"2025-02-11T17:38:52+00:00\",\"dateModified\":\"2025-02-11T17:38:52+00:00\",\"mainEntityOfPage\":{\"@id\":\"https:\/\/web.consaguirre.com.ar\/noticias\/kendrick-lamar-y-sza-anuncian-la-etapa-del-reino-unido-y-europa-de-grand-national-tour\/\"},\"wordCount\":394,\"publisher\":{\"@id\":\"https:\/\/web.consaguirre.com.ar\/noticias\/#organization\"},\"image\":{\"@id\":\"https:\/\/web.consaguirre.com.ar\/noticias\/kendrick-lamar-y-sza-anuncian-la-etapa-del-reino-unido-y-europa-de-grand-national-tour\/#primaryimage\"},\"thumbnailUrl\":\"https:\/\/web.consaguirre.com.ar\/noticias\/wp-content\/uploads\/2025\/02\/Kendrick-Lamar-y-SZA-anuncian-la-etapa-del-Reino-Unido.jpg\",\"keywords\":[\"anuncian\",\"del\",\"etapa\",\"Europa\",\"Grand\",\"Kendrick\",\"Lamar\",\"National\",\"Reino\",\"SZA\",\"Tour\",\"Unido\"],\"articleSection\":[\"El \u00faltimo\"],\"inLanguage\":\"es-AR\"},{\"@type\":\"WebPage\",\"@id\":\"https:\/\/web.consaguirre.com.ar\/noticias\/kendrick-lamar-y-sza-anuncian-la-etapa-del-reino-unido-y-europa-de-grand-national-tour\/\",\"url\":\"https:\/\/web.consaguirre.com.ar\/noticias\/kendrick-lamar-y-sza-anuncian-la-etapa-del-reino-unido-y-europa-de-grand-national-tour\/\",\"name\":\"Kendrick Lamar y SZA anuncian la etapa del Reino Unido y Europa de Grand National Tour\",\"isPartOf\":{\"@id\":\"https:\/\/web.consaguirre.com.ar\/noticias\/#website\"},\"primaryImageOfPage\":{\"@id\":\"https:\/\/web.consaguirre.com.ar\/noticias\/kendrick-lamar-y-sza-anuncian-la-etapa-del-reino-unido-y-europa-de-grand-national-tour\/#primaryimage\"},\"image\":{\"@id\":\"https:\/\/web.consaguirre.com.ar\/noticias\/kendrick-lamar-y-sza-anuncian-la-etapa-del-reino-unido-y-europa-de-grand-national-tour\/#primaryimage\"},\"thumbnailUrl\":\"https:\/\/web.consaguirre.com.ar\/noticias\/wp-content\/uploads\/2025\/02\/Kendrick-Lamar-y-SZA-anuncian-la-etapa-del-Reino-Unido.jpg\",\"datePublished\":\"2025-02-11T17:38:52+00:00\",\"dateModified\":\"2025-02-11T17:38:52+00:00\",\"breadcrumb\":{\"@id\":\"https:\/\/web.consaguirre.com.ar\/noticias\/kendrick-lamar-y-sza-anuncian-la-etapa-del-reino-unido-y-europa-de-grand-national-tour\/#breadcrumb\"},\"inLanguage\":\"es-AR\",\"potentialAction\":[{\"@type\":\"ReadAction\",\"target\":[\"https:\/\/web.consaguirre.com.ar\/noticias\/kendrick-lamar-y-sza-anuncian-la-etapa-del-reino-unido-y-europa-de-grand-national-tour\/\"]}]},{\"@type\":\"ImageObject\",\"inLanguage\":\"es-AR\",\"@id\":\"https:\/\/web.consaguirre.com.ar\/noticias\/kendrick-lamar-y-sza-anuncian-la-etapa-del-reino-unido-y-europa-de-grand-national-tour\/#primaryimage\",\"url\":\"https:\/\/web.consaguirre.com.ar\/noticias\/wp-content\/uploads\/2025\/02\/Kendrick-Lamar-y-SZA-anuncian-la-etapa-del-Reino-Unido.jpg\",\"contentUrl\":\"https:\/\/web.consaguirre.com.ar\/noticias\/wp-content\/uploads\/2025\/02\/Kendrick-Lamar-y-SZA-anuncian-la-etapa-del-Reino-Unido.jpg\",\"width\":1440,\"height\":864,\"caption\":\"Kendrick Lamar y SZA anuncian la etapa del Reino Unido y Europa de Grand National Tour\"},{\"@type\":\"BreadcrumbList\",\"@id\":\"https:\/\/web.consaguirre.com.ar\/noticias\/kendrick-lamar-y-sza-anuncian-la-etapa-del-reino-unido-y-europa-de-grand-national-tour\/#breadcrumb\",\"itemListElement\":[{\"@type\":\"ListItem\",\"position\":1,\"name\":\"Inicio\",\"item\":\"https:\/\/web.consaguirre.com.ar\/noticias\/\"},{\"@type\":\"ListItem\",\"position\":2,\"name\":\"Kendrick Lamar y SZA anuncian la etapa del Reino Unido y Europa de Grand National Tour\"}]},{\"@type\":\"WebSite\",\"@id\":\"https:\/\/web.consaguirre.com.ar\/noticias\/#website\",\"url\":\"https:\/\/web.consaguirre.com.ar\/noticias\/\",\"name\":\"Conservatorio de M\u00fasica Juli\u00e1n Aguirre\",\"description\":\"\",\"publisher\":{\"@id\":\"https:\/\/web.consaguirre.com.ar\/noticias\/#organization\"},\"potentialAction\":[{\"@type\":\"SearchAction\",\"target\":{\"@type\":\"EntryPoint\",\"urlTemplate\":\"https:\/\/web.consaguirre.com.ar\/noticias\/?s={search_term_string}\"},\"query-input\":\"required name=search_term_string\"}],\"inLanguage\":\"es-AR\"},{\"@type\":\"Organization\",\"@id\":\"https:\/\/web.consaguirre.com.ar\/noticias\/#organization\",\"name\":\"Conservatorio de M\u00fasica Juli\u00e1n Aguirre\",\"url\":\"https:\/\/web.consaguirre.com.ar\/noticias\/\",\"logo\":{\"@type\":\"ImageObject\",\"inLanguage\":\"es-AR\",\"@id\":\"https:\/\/web.consaguirre.com.ar\/noticias\/#\/schema\/logo\/image\/\",\"url\":\"https:\/\/web.consaguirre.com.ar\/noticias\/wp-content\/uploads\/2024\/08\/Banner-Aguirre-23.jpg\",\"contentUrl\":\"https:\/\/web.consaguirre.com.ar\/noticias\/wp-content\/uploads\/2024\/08\/Banner-Aguirre-23.jpg\",\"width\":1192,\"height\":600,\"caption\":\"Conservatorio de M\u00fasica Juli\u00e1n Aguirre\"},\"image\":{\"@id\":\"https:\/\/web.consaguirre.com.ar\/noticias\/#\/schema\/logo\/image\/\"}},{\"@type\":\"Person\",\"@id\":\"https:\/\/web.consaguirre.com.ar\/noticias\/#\/schema\/person\/6558b0cfedee7ddc5425602b237d5722\",\"name\":\"Javier Figueroa\",\"image\":{\"@type\":\"ImageObject\",\"inLanguage\":\"es-AR\",\"@id\":\"https:\/\/web.consaguirre.com.ar\/noticias\/#\/schema\/person\/image\/\",\"url\":\"https:\/\/web.consaguirre.com.ar\/noticias\/wp-content\/uploads\/2024\/08\/Consaguirre-scaled.jpg\",\"contentUrl\":\"https:\/\/web.consaguirre.com.ar\/noticias\/wp-content\/uploads\/2024\/08\/Consaguirre-scaled.jpg\",\"caption\":\"Javier Figueroa\"},\"description\":\"Me llamo Javier Figueroa y soy redactor para el sitio oficial del Conservatorio de M\u00fasica Juli\u00e1n Aguirre en Buenos Aires, consaguirre.com. Apasionado por la m\u00fasica y la escritura, me esfuerzo por destacar los talentos y eventos de nuestra prestigiosa instituci\u00f3n. Mi trayectoria se nutre de una profunda admiraci\u00f3n por los artistas, haciendo de cada art\u00edculo una celebraci\u00f3n de la creatividad y la cultura musical.\",\"sameAs\":[\"https:\/\/web.consaguirre.com.ar\/noticias\"]}]}<\/script>\n<!-- \/ Yoast SEO plugin. -->","yoast_head_json":{"title":"Kendrick Lamar y SZA anuncian la etapa del Reino Unido y Europa de Grand National Tour","robots":{"index":"index","follow":"follow","max-snippet":"max-snippet:-1","max-image-preview":"max-image-preview:large","max-video-preview":"max-video-preview:-1"},"canonical":"https:\/\/web.consaguirre.com.ar\/noticias\/kendrick-lamar-y-sza-anuncian-la-etapa-del-reino-unido-y-europa-de-grand-national-tour\/","og_locale":"es_ES","og_type":"article","og_title":"Kendrick Lamar y SZA anuncian la etapa del Reino Unido y Europa de Grand National Tour","og_description":"Kendrick Lamar y SZA Brill\u00e9 intensamente en el show de medio tiempo del Super Bowl el domingo, y su Grand National Tour est\u00e1 programada para","og_url":"https:\/\/web.consaguirre.com.ar\/noticias\/kendrick-lamar-y-sza-anuncian-la-etapa-del-reino-unido-y-europa-de-grand-national-tour\/","og_site_name":"Conservatorio de M\u00fasica Juli\u00e1n Aguirre","article_published_time":"2025-02-11T17:38:52+00:00","og_image":[{"width":1440,"height":864,"url":"https:\/\/web.consaguirre.com.ar\/noticias\/wp-content\/uploads\/2025\/02\/Kendrick-Lamar-y-SZA-anuncian-la-etapa-del-Reino-Unido.jpg","type":"image\/jpeg"}],"author":"Javier Figueroa","twitter_card":"summary_large_image","twitter_misc":{"Escrito por":"Javier Figueroa","Tiempo de lectura":"2 minutos"},"schema":{"@context":"https:\/\/schema.org","@graph":[{"@type":"Article","@id":"https:\/\/web.consaguirre.com.ar\/noticias\/kendrick-lamar-y-sza-anuncian-la-etapa-del-reino-unido-y-europa-de-grand-national-tour\/#article","isPartOf":{"@id":"https:\/\/web.consaguirre.com.ar\/noticias\/kendrick-lamar-y-sza-anuncian-la-etapa-del-reino-unido-y-europa-de-grand-national-tour\/"},"author":{"name":"Javier Figueroa","@id":"https:\/\/web.consaguirre.com.ar\/noticias\/#\/schema\/person\/6558b0cfedee7ddc5425602b237d5722"},"headline":"Kendrick Lamar y SZA anuncian la etapa del Reino Unido y Europa de Grand National Tour","datePublished":"2025-02-11T17:38:52+00:00","dateModified":"2025-02-11T17:38:52+00:00","mainEntityOfPage":{"@id":"https:\/\/web.consaguirre.com.ar\/noticias\/kendrick-lamar-y-sza-anuncian-la-etapa-del-reino-unido-y-europa-de-grand-national-tour\/"},"wordCount":394,"publisher":{"@id":"https:\/\/web.consaguirre.com.ar\/noticias\/#organization"},"image":{"@id":"https:\/\/web.consaguirre.com.ar\/noticias\/kendrick-lamar-y-sza-anuncian-la-etapa-del-reino-unido-y-europa-de-grand-national-tour\/#primaryimage"},"thumbnailUrl":"https:\/\/web.consaguirre.com.ar\/noticias\/wp-content\/uploads\/2025\/02\/Kendrick-Lamar-y-SZA-anuncian-la-etapa-del-Reino-Unido.jpg","keywords":["anuncian","del","etapa","Europa","Grand","Kendrick","Lamar","National","Reino","SZA","Tour","Unido"],"articleSection":["El \u00faltimo"],"inLanguage":"es-AR"},{"@type":"WebPage","@id":"https:\/\/web.consaguirre.com.ar\/noticias\/kendrick-lamar-y-sza-anuncian-la-etapa-del-reino-unido-y-europa-de-grand-national-tour\/","url":"https:\/\/web.consaguirre.com.ar\/noticias\/kendrick-lamar-y-sza-anuncian-la-etapa-del-reino-unido-y-europa-de-grand-national-tour\/","name":"Kendrick Lamar y SZA anuncian la etapa del Reino Unido y Europa de Grand National Tour","isPartOf":{"@id":"https:\/\/web.consaguirre.com.ar\/noticias\/#website"},"primaryImageOfPage":{"@id":"https:\/\/web.consaguirre.com.ar\/noticias\/kendrick-lamar-y-sza-anuncian-la-etapa-del-reino-unido-y-europa-de-grand-national-tour\/#primaryimage"},"image":{"@id":"https:\/\/web.consaguirre.com.ar\/noticias\/kendrick-lamar-y-sza-anuncian-la-etapa-del-reino-unido-y-europa-de-grand-national-tour\/#primaryimage"},"thumbnailUrl":"https:\/\/web.consaguirre.com.ar\/noticias\/wp-content\/uploads\/2025\/02\/Kendrick-Lamar-y-SZA-anuncian-la-etapa-del-Reino-Unido.jpg","datePublished":"2025-02-11T17:38:52+00:00","dateModified":"2025-02-11T17:38:52+00:00","breadcrumb":{"@id":"https:\/\/web.consaguirre.com.ar\/noticias\/kendrick-lamar-y-sza-anuncian-la-etapa-del-reino-unido-y-europa-de-grand-national-tour\/#breadcrumb"},"inLanguage":"es-AR","potentialAction":[{"@type":"ReadAction","target":["https:\/\/web.consaguirre.com.ar\/noticias\/kendrick-lamar-y-sza-anuncian-la-etapa-del-reino-unido-y-europa-de-grand-national-tour\/"]}]},{"@type":"ImageObject","inLanguage":"es-AR","@id":"https:\/\/web.consaguirre.com.ar\/noticias\/kendrick-lamar-y-sza-anuncian-la-etapa-del-reino-unido-y-europa-de-grand-national-tour\/#primaryimage","url":"https:\/\/web.consaguirre.com.ar\/noticias\/wp-content\/uploads\/2025\/02\/Kendrick-Lamar-y-SZA-anuncian-la-etapa-del-Reino-Unido.jpg","contentUrl":"https:\/\/web.consaguirre.com.ar\/noticias\/wp-content\/uploads\/2025\/02\/Kendrick-Lamar-y-SZA-anuncian-la-etapa-del-Reino-Unido.jpg","width":1440,"height":864,"caption":"Kendrick Lamar y SZA anuncian la etapa del Reino Unido y Europa de Grand National Tour"},{"@type":"BreadcrumbList","@id":"https:\/\/web.consaguirre.com.ar\/noticias\/kendrick-lamar-y-sza-anuncian-la-etapa-del-reino-unido-y-europa-de-grand-national-tour\/#breadcrumb","itemListElement":[{"@type":"ListItem","position":1,"name":"Inicio","item":"https:\/\/web.consaguirre.com.ar\/noticias\/"},{"@type":"ListItem","position":2,"name":"Kendrick Lamar y SZA anuncian la etapa del Reino Unido y Europa de Grand National Tour"}]},{"@type":"WebSite","@id":"https:\/\/web.consaguirre.com.ar\/noticias\/#website","url":"https:\/\/web.consaguirre.com.ar\/noticias\/","name":"Conservatorio de M\u00fasica Juli\u00e1n Aguirre","description":"","publisher":{"@id":"https:\/\/web.consaguirre.com.ar\/noticias\/#organization"},"potentialAction":[{"@type":"SearchAction","target":{"@type":"EntryPoint","urlTemplate":"https:\/\/web.consaguirre.com.ar\/noticias\/?s={search_term_string}"},"query-input":"required name=search_term_string"}],"inLanguage":"es-AR"},{"@type":"Organization","@id":"https:\/\/web.consaguirre.com.ar\/noticias\/#organization","name":"Conservatorio de M\u00fasica Juli\u00e1n Aguirre","url":"https:\/\/web.consaguirre.com.ar\/noticias\/","logo":{"@type":"ImageObject","inLanguage":"es-AR","@id":"https:\/\/web.consaguirre.com.ar\/noticias\/#\/schema\/logo\/image\/","url":"https:\/\/web.consaguirre.com.ar\/noticias\/wp-content\/uploads\/2024\/08\/Banner-Aguirre-23.jpg","contentUrl":"https:\/\/web.consaguirre.com.ar\/noticias\/wp-content\/uploads\/2024\/08\/Banner-Aguirre-23.jpg","width":1192,"height":600,"caption":"Conservatorio de M\u00fasica Juli\u00e1n Aguirre"},"image":{"@id":"https:\/\/web.consaguirre.com.ar\/noticias\/#\/schema\/logo\/image\/"}},{"@type":"Person","@id":"https:\/\/web.consaguirre.com.ar\/noticias\/#\/schema\/person\/6558b0cfedee7ddc5425602b237d5722","name":"Javier Figueroa","image":{"@type":"ImageObject","inLanguage":"es-AR","@id":"https:\/\/web.consaguirre.com.ar\/noticias\/#\/schema\/person\/image\/","url":"https:\/\/web.consaguirre.com.ar\/noticias\/wp-content\/uploads\/2024\/08\/Consaguirre-scaled.jpg","contentUrl":"https:\/\/web.consaguirre.com.ar\/noticias\/wp-content\/uploads\/2024\/08\/Consaguirre-scaled.jpg","caption":"Javier Figueroa"},"description":"Me llamo Javier Figueroa y soy redactor para el sitio oficial del Conservatorio de M\u00fasica Juli\u00e1n Aguirre en Buenos Aires, consaguirre.com. Apasionado por la m\u00fasica y la escritura, me esfuerzo por destacar los talentos y eventos de nuestra prestigiosa instituci\u00f3n. Mi trayectoria se nutre de una profunda admiraci\u00f3n por los artistas, haciendo de cada art\u00edculo una celebraci\u00f3n de la creatividad y la cultura musical.","sameAs":["https:\/\/web.consaguirre.com.ar\/noticias"]}]}},"_links":{"self":[{"href":"https:\/\/web.consaguirre.com.ar\/noticias\/wp-json\/wp\/v2\/posts\/1829"}],"collection":[{"href":"https:\/\/web.consaguirre.com.ar\/noticias\/wp-json\/wp\/v2\/posts"}],"about":[{"href":"https:\/\/web.consaguirre.com.ar\/noticias\/wp-json\/wp\/v2\/types\/post"}],"author":[{"embeddable":true,"href":"https:\/\/web.consaguirre.com.ar\/noticias\/wp-json\/wp\/v2\/users\/1"}],"replies":[{"embeddable":true,"href":"https:\/\/web.consaguirre.com.ar\/noticias\/wp-json\/wp\/v2\/comments?post=1829"}],"version-history":[{"count":1,"href":"https:\/\/web.consaguirre.com.ar\/noticias\/wp-json\/wp\/v2\/posts\/1829\/revisions"}],"predecessor-version":[{"id":1831,"href":"https:\/\/web.consaguirre.com.ar\/noticias\/wp-json\/wp\/v2\/posts\/1829\/revisions\/1831"}],"wp:featuredmedia":[{"embeddable":true,"href":"https:\/\/web.consaguirre.com.ar\/noticias\/wp-json\/wp\/v2\/media\/1830"}],"wp:attachment":[{"href":"https:\/\/web.consaguirre.com.ar\/noticias\/wp-json\/wp\/v2\/media?parent=1829"}],"wp:term":[{"taxonomy":"category","embeddable":true,"href":"https:\/\/web.consaguirre.com.ar\/noticias\/wp-json\/wp\/v2\/categories?post=1829"},{"taxonomy":"post_tag","embeddable":true,"href":"https:\/\/web.consaguirre.com.ar\/noticias\/wp-json\/wp\/v2\/tags?post=1829"}],"curies":[{"name":"wp","href":"https:\/\/api.w.org\/{rel}","templated":true}]}}