{"id":1811,"date":"2025-02-07T20:39:22","date_gmt":"2025-02-07T23:39:22","guid":{"rendered":"https:\/\/web.consaguirre.com.ar\/noticias\/las-primeras-demos-de-la-reina-apareceran-en-el-dia-de-la-tienda-de-discos-2025-vinilo-exclusivo\/"},"modified":"2025-02-07T20:39:23","modified_gmt":"2025-02-07T23:39:23","slug":"las-primeras-demos-de-la-reina-apareceran-en-el-dia-de-la-tienda-de-discos-2025-vinilo-exclusivo","status":"publish","type":"post","link":"https:\/\/web.consaguirre.com.ar\/noticias\/las-primeras-demos-de-la-reina-apareceran-en-el-dia-de-la-tienda-de-discos-2025-vinilo-exclusivo\/","title":{"rendered":"Las primeras demos de la reina aparecer\u00e1n en el D\u00eda de la tienda de discos 2025 vinilo exclusivo"},"content":{"rendered":"<p>Por primera vez, <strong>Reina<\/strong>Las primeras demostraciones est\u00e1n llegando a un vinilo de 12 pulgadas de edici\u00f3n limitada. Un lanzamiento exclusivo del D\u00eda de la Tienda de discos, un nuevo EP contar\u00e1 con las cinco pistas m\u00e1s tempranas de la banda, incluidas &#8220;Guanting Yourself Live&#8221;, &#8220;The Night Come Down&#8221;, &#8220;Jesus&#8221;, &#8220;Liar&#8221; y &#8220;Great King Rat&#8221;.<\/p>\n<p>Grabado en De Lane Lea Studios, las demostraciones surgieron cuando la reina, la vocalista Freddie Mercury, el guitarrista Brian May, el baterista Roger Taylor y el bajista John Deacon, se pidi\u00f3 que probara el nuevo complejo del estudio en Wembley en 1971. La banda pas\u00f3 varios meses Ayudando con las pruebas ac\u00fasticas del estudio, grabando una demostraci\u00f3n con el ingeniero Louie Austin.<\/p>\n<div class=\"uD-YT-container\"><img decoding=\"async\" src=\"https:\/\/web.consaguirre.com.ar\/noticias\/wp-content\/uploads\/2024\/11\/1732232763_540_Queen-celebra-su-album-debut-con-la-presentacion-en-vivo.jpg\" alt=\"Video de YouTube\"><br \/>Haga clic para cargar video<\/div>\n<p>Aunque las demostraciones originalmente ten\u00edan la intenci\u00f3n de ayudar a Queen a asegurar un contrato de grabaci\u00f3n, May las describi\u00f3 como &#8220;m\u00e1s cerca de lo que so\u00f1amos&#8221; que las grabaciones finales, que aparecieron en su debut hom\u00f3nimo de 1973. En octubre de 2024, ese LP recibi\u00f3 <strong>una reedici\u00f3n de hito<\/strong>con 43 y otras demostraciones raras de la carrera temprana de Queen, incluidas las im\u00e1genes de otras sesiones de grabaci\u00f3n temprana en Trident Studios.<\/p>\n<p>El nuevo EP de edici\u00f3n limitada presenta versiones remasterizadas y remezcladas de estas pistas tempranas procedentes de las v\u00edas m\u00faltiples originales (ya que las \u00fanicas copias sobrevivientes) de las demostraciones estaban en acetatos rayados. Algunas demostraciones difieren en estructura de sus contrapartes oficiales, como la de &#8220;Jes\u00fas&#8221;, que presenta un tempo m\u00e1s lento y solos extendidos en comparaci\u00f3n con la versi\u00f3n final del \u00e1lbum.<\/p>\n<p><strong>Obtenga m\u00e1s informaci\u00f3n sobre el d\u00eda de la tienda de discos 2025 aqu\u00ed.<\/strong><\/p>\n","protected":false},"excerpt":{"rendered":"<p>Por primera vez, ReinaLas primeras demostraciones est\u00e1n llegando a un vinilo de 12 pulgadas de edici\u00f3n limitada. Un lanzamiento exclusivo del D\u00eda de la Tienda<\/p>\n","protected":false},"author":1,"featured_media":1812,"comment_status":"closed","ping_status":"","sticky":false,"template":"","format":"standard","meta":{"footnotes":""},"categories":[50],"tags":[1842,1840,921,643,1843,18,1648,1841,630,87],"class_list":["post-1811","post","type-post","status-publish","format-standard","has-post-thumbnail","hentry","category-el-ultimo","tag-apareceran","tag-demos","tag-dia","tag-discos","tag-exclusivo","tag-las","tag-primeras","tag-reina","tag-tienda","tag-vinilo","generate-columns","tablet-grid-50","mobile-grid-100","grid-parent","grid-50"],"yoast_head":"<!-- This site is optimized with the Yoast SEO plugin v23.3 - https:\/\/yoast.com\/wordpress\/plugins\/seo\/ -->\n<title>Las primeras demos de la reina aparecer\u00e1n en el D\u00eda de la tienda de discos 2025 vinilo exclusivo<\/title>\n<meta name=\"robots\" content=\"index, follow, max-snippet:-1, max-image-preview:large, max-video-preview:-1\" \/>\n<link rel=\"canonical\" href=\"https:\/\/web.consaguirre.com.ar\/noticias\/las-primeras-demos-de-la-reina-apareceran-en-el-dia-de-la-tienda-de-discos-2025-vinilo-exclusivo\/\" \/>\n<meta property=\"og:locale\" content=\"es_ES\" \/>\n<meta property=\"og:type\" content=\"article\" \/>\n<meta property=\"og:title\" content=\"Las primeras demos de la reina aparecer\u00e1n en el D\u00eda de la tienda de discos 2025 vinilo exclusivo\" \/>\n<meta property=\"og:description\" content=\"Por primera vez, ReinaLas primeras demostraciones est\u00e1n llegando a un vinilo de 12 pulgadas de edici\u00f3n limitada. Un lanzamiento exclusivo del D\u00eda de la Tienda\" \/>\n<meta property=\"og:url\" content=\"https:\/\/web.consaguirre.com.ar\/noticias\/las-primeras-demos-de-la-reina-apareceran-en-el-dia-de-la-tienda-de-discos-2025-vinilo-exclusivo\/\" \/>\n<meta property=\"og:site_name\" content=\"Conservatorio de M\u00fasica Juli\u00e1n Aguirre\" \/>\n<meta property=\"article:published_time\" content=\"2025-02-07T23:39:22+00:00\" \/>\n<meta property=\"article:modified_time\" content=\"2025-02-07T23:39:23+00:00\" \/>\n<meta property=\"og:image\" content=\"https:\/\/web.consaguirre.com.ar\/noticias\/wp-content\/uploads\/2025\/02\/Las-primeras-demos-de-la-reina-apareceran-en-el-Dia.jpg\" \/>\n\t<meta property=\"og:image:width\" content=\"1280\" \/>\n\t<meta property=\"og:image:height\" content=\"1280\" \/>\n\t<meta property=\"og:image:type\" content=\"image\/jpeg\" \/>\n<meta name=\"author\" content=\"Javier Figueroa\" \/>\n<meta name=\"twitter:card\" content=\"summary_large_image\" \/>\n<meta name=\"twitter:label1\" content=\"Escrito por\" \/>\n\t<meta name=\"twitter:data1\" content=\"Javier Figueroa\" \/>\n\t<meta name=\"twitter:label2\" content=\"Tiempo de lectura\" \/>\n\t<meta name=\"twitter:data2\" content=\"1 minuto\" \/>\n<script type=\"application\/ld+json\" class=\"yoast-schema-graph\">{\"@context\":\"https:\/\/schema.org\",\"@graph\":[{\"@type\":\"Article\",\"@id\":\"https:\/\/web.consaguirre.com.ar\/noticias\/las-primeras-demos-de-la-reina-apareceran-en-el-dia-de-la-tienda-de-discos-2025-vinilo-exclusivo\/#article\",\"isPartOf\":{\"@id\":\"https:\/\/web.consaguirre.com.ar\/noticias\/las-primeras-demos-de-la-reina-apareceran-en-el-dia-de-la-tienda-de-discos-2025-vinilo-exclusivo\/\"},\"author\":{\"name\":\"Javier Figueroa\",\"@id\":\"https:\/\/web.consaguirre.com.ar\/noticias\/#\/schema\/person\/6558b0cfedee7ddc5425602b237d5722\"},\"headline\":\"Las primeras demos de la reina aparecer\u00e1n en el D\u00eda de la tienda de discos 2025 vinilo exclusivo\",\"datePublished\":\"2025-02-07T23:39:22+00:00\",\"dateModified\":\"2025-02-07T23:39:23+00:00\",\"mainEntityOfPage\":{\"@id\":\"https:\/\/web.consaguirre.com.ar\/noticias\/las-primeras-demos-de-la-reina-apareceran-en-el-dia-de-la-tienda-de-discos-2025-vinilo-exclusivo\/\"},\"wordCount\":309,\"publisher\":{\"@id\":\"https:\/\/web.consaguirre.com.ar\/noticias\/#organization\"},\"image\":{\"@id\":\"https:\/\/web.consaguirre.com.ar\/noticias\/las-primeras-demos-de-la-reina-apareceran-en-el-dia-de-la-tienda-de-discos-2025-vinilo-exclusivo\/#primaryimage\"},\"thumbnailUrl\":\"https:\/\/web.consaguirre.com.ar\/noticias\/wp-content\/uploads\/2025\/02\/Las-primeras-demos-de-la-reina-apareceran-en-el-Dia.jpg\",\"keywords\":[\"aparecer\u00e1n\",\"demos\",\"d\u00eda\",\"discos\",\"exclusivo\",\"las\",\"primeras\",\"reina\",\"tienda\",\"vinilo\"],\"articleSection\":[\"El \u00faltimo\"],\"inLanguage\":\"es-AR\"},{\"@type\":\"WebPage\",\"@id\":\"https:\/\/web.consaguirre.com.ar\/noticias\/las-primeras-demos-de-la-reina-apareceran-en-el-dia-de-la-tienda-de-discos-2025-vinilo-exclusivo\/\",\"url\":\"https:\/\/web.consaguirre.com.ar\/noticias\/las-primeras-demos-de-la-reina-apareceran-en-el-dia-de-la-tienda-de-discos-2025-vinilo-exclusivo\/\",\"name\":\"Las primeras demos de la reina aparecer\u00e1n en el D\u00eda de la tienda de discos 2025 vinilo exclusivo\",\"isPartOf\":{\"@id\":\"https:\/\/web.consaguirre.com.ar\/noticias\/#website\"},\"primaryImageOfPage\":{\"@id\":\"https:\/\/web.consaguirre.com.ar\/noticias\/las-primeras-demos-de-la-reina-apareceran-en-el-dia-de-la-tienda-de-discos-2025-vinilo-exclusivo\/#primaryimage\"},\"image\":{\"@id\":\"https:\/\/web.consaguirre.com.ar\/noticias\/las-primeras-demos-de-la-reina-apareceran-en-el-dia-de-la-tienda-de-discos-2025-vinilo-exclusivo\/#primaryimage\"},\"thumbnailUrl\":\"https:\/\/web.consaguirre.com.ar\/noticias\/wp-content\/uploads\/2025\/02\/Las-primeras-demos-de-la-reina-apareceran-en-el-Dia.jpg\",\"datePublished\":\"2025-02-07T23:39:22+00:00\",\"dateModified\":\"2025-02-07T23:39:23+00:00\",\"breadcrumb\":{\"@id\":\"https:\/\/web.consaguirre.com.ar\/noticias\/las-primeras-demos-de-la-reina-apareceran-en-el-dia-de-la-tienda-de-discos-2025-vinilo-exclusivo\/#breadcrumb\"},\"inLanguage\":\"es-AR\",\"potentialAction\":[{\"@type\":\"ReadAction\",\"target\":[\"https:\/\/web.consaguirre.com.ar\/noticias\/las-primeras-demos-de-la-reina-apareceran-en-el-dia-de-la-tienda-de-discos-2025-vinilo-exclusivo\/\"]}]},{\"@type\":\"ImageObject\",\"inLanguage\":\"es-AR\",\"@id\":\"https:\/\/web.consaguirre.com.ar\/noticias\/las-primeras-demos-de-la-reina-apareceran-en-el-dia-de-la-tienda-de-discos-2025-vinilo-exclusivo\/#primaryimage\",\"url\":\"https:\/\/web.consaguirre.com.ar\/noticias\/wp-content\/uploads\/2025\/02\/Las-primeras-demos-de-la-reina-apareceran-en-el-Dia.jpg\",\"contentUrl\":\"https:\/\/web.consaguirre.com.ar\/noticias\/wp-content\/uploads\/2025\/02\/Las-primeras-demos-de-la-reina-apareceran-en-el-Dia.jpg\",\"width\":1280,\"height\":1280,\"caption\":\"Las primeras demos de la reina aparecer\u00e1n en el D\u00eda de la tienda de discos 2025 vinilo exclusivo\"},{\"@type\":\"BreadcrumbList\",\"@id\":\"https:\/\/web.consaguirre.com.ar\/noticias\/las-primeras-demos-de-la-reina-apareceran-en-el-dia-de-la-tienda-de-discos-2025-vinilo-exclusivo\/#breadcrumb\",\"itemListElement\":[{\"@type\":\"ListItem\",\"position\":1,\"name\":\"Inicio\",\"item\":\"https:\/\/web.consaguirre.com.ar\/noticias\/\"},{\"@type\":\"ListItem\",\"position\":2,\"name\":\"Las primeras demos de la reina aparecer\u00e1n en el D\u00eda de la tienda de discos 2025 vinilo exclusivo\"}]},{\"@type\":\"WebSite\",\"@id\":\"https:\/\/web.consaguirre.com.ar\/noticias\/#website\",\"url\":\"https:\/\/web.consaguirre.com.ar\/noticias\/\",\"name\":\"Conservatorio de M\u00fasica Juli\u00e1n Aguirre\",\"description\":\"\",\"publisher\":{\"@id\":\"https:\/\/web.consaguirre.com.ar\/noticias\/#organization\"},\"potentialAction\":[{\"@type\":\"SearchAction\",\"target\":{\"@type\":\"EntryPoint\",\"urlTemplate\":\"https:\/\/web.consaguirre.com.ar\/noticias\/?s={search_term_string}\"},\"query-input\":\"required name=search_term_string\"}],\"inLanguage\":\"es-AR\"},{\"@type\":\"Organization\",\"@id\":\"https:\/\/web.consaguirre.com.ar\/noticias\/#organization\",\"name\":\"Conservatorio de M\u00fasica Juli\u00e1n Aguirre\",\"url\":\"https:\/\/web.consaguirre.com.ar\/noticias\/\",\"logo\":{\"@type\":\"ImageObject\",\"inLanguage\":\"es-AR\",\"@id\":\"https:\/\/web.consaguirre.com.ar\/noticias\/#\/schema\/logo\/image\/\",\"url\":\"https:\/\/web.consaguirre.com.ar\/noticias\/wp-content\/uploads\/2024\/08\/Banner-Aguirre-23.jpg\",\"contentUrl\":\"https:\/\/web.consaguirre.com.ar\/noticias\/wp-content\/uploads\/2024\/08\/Banner-Aguirre-23.jpg\",\"width\":1192,\"height\":600,\"caption\":\"Conservatorio de M\u00fasica Juli\u00e1n Aguirre\"},\"image\":{\"@id\":\"https:\/\/web.consaguirre.com.ar\/noticias\/#\/schema\/logo\/image\/\"}},{\"@type\":\"Person\",\"@id\":\"https:\/\/web.consaguirre.com.ar\/noticias\/#\/schema\/person\/6558b0cfedee7ddc5425602b237d5722\",\"name\":\"Javier Figueroa\",\"image\":{\"@type\":\"ImageObject\",\"inLanguage\":\"es-AR\",\"@id\":\"https:\/\/web.consaguirre.com.ar\/noticias\/#\/schema\/person\/image\/\",\"url\":\"https:\/\/web.consaguirre.com.ar\/noticias\/wp-content\/uploads\/2024\/08\/Consaguirre-scaled.jpg\",\"contentUrl\":\"https:\/\/web.consaguirre.com.ar\/noticias\/wp-content\/uploads\/2024\/08\/Consaguirre-scaled.jpg\",\"caption\":\"Javier Figueroa\"},\"description\":\"Me llamo Javier Figueroa y soy redactor para el sitio oficial del Conservatorio de M\u00fasica Juli\u00e1n Aguirre en Buenos Aires, consaguirre.com. Apasionado por la m\u00fasica y la escritura, me esfuerzo por destacar los talentos y eventos de nuestra prestigiosa instituci\u00f3n. Mi trayectoria se nutre de una profunda admiraci\u00f3n por los artistas, haciendo de cada art\u00edculo una celebraci\u00f3n de la creatividad y la cultura musical.\",\"sameAs\":[\"https:\/\/web.consaguirre.com.ar\/noticias\"]}]}<\/script>\n<!-- \/ Yoast SEO plugin. -->","yoast_head_json":{"title":"Las primeras demos de la reina aparecer\u00e1n en el D\u00eda de la tienda de discos 2025 vinilo exclusivo","robots":{"index":"index","follow":"follow","max-snippet":"max-snippet:-1","max-image-preview":"max-image-preview:large","max-video-preview":"max-video-preview:-1"},"canonical":"https:\/\/web.consaguirre.com.ar\/noticias\/las-primeras-demos-de-la-reina-apareceran-en-el-dia-de-la-tienda-de-discos-2025-vinilo-exclusivo\/","og_locale":"es_ES","og_type":"article","og_title":"Las primeras demos de la reina aparecer\u00e1n en el D\u00eda de la tienda de discos 2025 vinilo exclusivo","og_description":"Por primera vez, ReinaLas primeras demostraciones est\u00e1n llegando a un vinilo de 12 pulgadas de edici\u00f3n limitada. Un lanzamiento exclusivo del D\u00eda de la Tienda","og_url":"https:\/\/web.consaguirre.com.ar\/noticias\/las-primeras-demos-de-la-reina-apareceran-en-el-dia-de-la-tienda-de-discos-2025-vinilo-exclusivo\/","og_site_name":"Conservatorio de M\u00fasica Juli\u00e1n Aguirre","article_published_time":"2025-02-07T23:39:22+00:00","article_modified_time":"2025-02-07T23:39:23+00:00","og_image":[{"width":1280,"height":1280,"url":"https:\/\/web.consaguirre.com.ar\/noticias\/wp-content\/uploads\/2025\/02\/Las-primeras-demos-de-la-reina-apareceran-en-el-Dia.jpg","type":"image\/jpeg"}],"author":"Javier Figueroa","twitter_card":"summary_large_image","twitter_misc":{"Escrito por":"Javier Figueroa","Tiempo de lectura":"1 minuto"},"schema":{"@context":"https:\/\/schema.org","@graph":[{"@type":"Article","@id":"https:\/\/web.consaguirre.com.ar\/noticias\/las-primeras-demos-de-la-reina-apareceran-en-el-dia-de-la-tienda-de-discos-2025-vinilo-exclusivo\/#article","isPartOf":{"@id":"https:\/\/web.consaguirre.com.ar\/noticias\/las-primeras-demos-de-la-reina-apareceran-en-el-dia-de-la-tienda-de-discos-2025-vinilo-exclusivo\/"},"author":{"name":"Javier Figueroa","@id":"https:\/\/web.consaguirre.com.ar\/noticias\/#\/schema\/person\/6558b0cfedee7ddc5425602b237d5722"},"headline":"Las primeras demos de la reina aparecer\u00e1n en el D\u00eda de la tienda de discos 2025 vinilo exclusivo","datePublished":"2025-02-07T23:39:22+00:00","dateModified":"2025-02-07T23:39:23+00:00","mainEntityOfPage":{"@id":"https:\/\/web.consaguirre.com.ar\/noticias\/las-primeras-demos-de-la-reina-apareceran-en-el-dia-de-la-tienda-de-discos-2025-vinilo-exclusivo\/"},"wordCount":309,"publisher":{"@id":"https:\/\/web.consaguirre.com.ar\/noticias\/#organization"},"image":{"@id":"https:\/\/web.consaguirre.com.ar\/noticias\/las-primeras-demos-de-la-reina-apareceran-en-el-dia-de-la-tienda-de-discos-2025-vinilo-exclusivo\/#primaryimage"},"thumbnailUrl":"https:\/\/web.consaguirre.com.ar\/noticias\/wp-content\/uploads\/2025\/02\/Las-primeras-demos-de-la-reina-apareceran-en-el-Dia.jpg","keywords":["aparecer\u00e1n","demos","d\u00eda","discos","exclusivo","las","primeras","reina","tienda","vinilo"],"articleSection":["El \u00faltimo"],"inLanguage":"es-AR"},{"@type":"WebPage","@id":"https:\/\/web.consaguirre.com.ar\/noticias\/las-primeras-demos-de-la-reina-apareceran-en-el-dia-de-la-tienda-de-discos-2025-vinilo-exclusivo\/","url":"https:\/\/web.consaguirre.com.ar\/noticias\/las-primeras-demos-de-la-reina-apareceran-en-el-dia-de-la-tienda-de-discos-2025-vinilo-exclusivo\/","name":"Las primeras demos de la reina aparecer\u00e1n en el D\u00eda de la tienda de discos 2025 vinilo exclusivo","isPartOf":{"@id":"https:\/\/web.consaguirre.com.ar\/noticias\/#website"},"primaryImageOfPage":{"@id":"https:\/\/web.consaguirre.com.ar\/noticias\/las-primeras-demos-de-la-reina-apareceran-en-el-dia-de-la-tienda-de-discos-2025-vinilo-exclusivo\/#primaryimage"},"image":{"@id":"https:\/\/web.consaguirre.com.ar\/noticias\/las-primeras-demos-de-la-reina-apareceran-en-el-dia-de-la-tienda-de-discos-2025-vinilo-exclusivo\/#primaryimage"},"thumbnailUrl":"https:\/\/web.consaguirre.com.ar\/noticias\/wp-content\/uploads\/2025\/02\/Las-primeras-demos-de-la-reina-apareceran-en-el-Dia.jpg","datePublished":"2025-02-07T23:39:22+00:00","dateModified":"2025-02-07T23:39:23+00:00","breadcrumb":{"@id":"https:\/\/web.consaguirre.com.ar\/noticias\/las-primeras-demos-de-la-reina-apareceran-en-el-dia-de-la-tienda-de-discos-2025-vinilo-exclusivo\/#breadcrumb"},"inLanguage":"es-AR","potentialAction":[{"@type":"ReadAction","target":["https:\/\/web.consaguirre.com.ar\/noticias\/las-primeras-demos-de-la-reina-apareceran-en-el-dia-de-la-tienda-de-discos-2025-vinilo-exclusivo\/"]}]},{"@type":"ImageObject","inLanguage":"es-AR","@id":"https:\/\/web.consaguirre.com.ar\/noticias\/las-primeras-demos-de-la-reina-apareceran-en-el-dia-de-la-tienda-de-discos-2025-vinilo-exclusivo\/#primaryimage","url":"https:\/\/web.consaguirre.com.ar\/noticias\/wp-content\/uploads\/2025\/02\/Las-primeras-demos-de-la-reina-apareceran-en-el-Dia.jpg","contentUrl":"https:\/\/web.consaguirre.com.ar\/noticias\/wp-content\/uploads\/2025\/02\/Las-primeras-demos-de-la-reina-apareceran-en-el-Dia.jpg","width":1280,"height":1280,"caption":"Las primeras demos de la reina aparecer\u00e1n en el D\u00eda de la tienda de discos 2025 vinilo exclusivo"},{"@type":"BreadcrumbList","@id":"https:\/\/web.consaguirre.com.ar\/noticias\/las-primeras-demos-de-la-reina-apareceran-en-el-dia-de-la-tienda-de-discos-2025-vinilo-exclusivo\/#breadcrumb","itemListElement":[{"@type":"ListItem","position":1,"name":"Inicio","item":"https:\/\/web.consaguirre.com.ar\/noticias\/"},{"@type":"ListItem","position":2,"name":"Las primeras demos de la reina aparecer\u00e1n en el D\u00eda de la tienda de discos 2025 vinilo exclusivo"}]},{"@type":"WebSite","@id":"https:\/\/web.consaguirre.com.ar\/noticias\/#website","url":"https:\/\/web.consaguirre.com.ar\/noticias\/","name":"Conservatorio de M\u00fasica Juli\u00e1n Aguirre","description":"","publisher":{"@id":"https:\/\/web.consaguirre.com.ar\/noticias\/#organization"},"potentialAction":[{"@type":"SearchAction","target":{"@type":"EntryPoint","urlTemplate":"https:\/\/web.consaguirre.com.ar\/noticias\/?s={search_term_string}"},"query-input":"required name=search_term_string"}],"inLanguage":"es-AR"},{"@type":"Organization","@id":"https:\/\/web.consaguirre.com.ar\/noticias\/#organization","name":"Conservatorio de M\u00fasica Juli\u00e1n Aguirre","url":"https:\/\/web.consaguirre.com.ar\/noticias\/","logo":{"@type":"ImageObject","inLanguage":"es-AR","@id":"https:\/\/web.consaguirre.com.ar\/noticias\/#\/schema\/logo\/image\/","url":"https:\/\/web.consaguirre.com.ar\/noticias\/wp-content\/uploads\/2024\/08\/Banner-Aguirre-23.jpg","contentUrl":"https:\/\/web.consaguirre.com.ar\/noticias\/wp-content\/uploads\/2024\/08\/Banner-Aguirre-23.jpg","width":1192,"height":600,"caption":"Conservatorio de M\u00fasica Juli\u00e1n Aguirre"},"image":{"@id":"https:\/\/web.consaguirre.com.ar\/noticias\/#\/schema\/logo\/image\/"}},{"@type":"Person","@id":"https:\/\/web.consaguirre.com.ar\/noticias\/#\/schema\/person\/6558b0cfedee7ddc5425602b237d5722","name":"Javier Figueroa","image":{"@type":"ImageObject","inLanguage":"es-AR","@id":"https:\/\/web.consaguirre.com.ar\/noticias\/#\/schema\/person\/image\/","url":"https:\/\/web.consaguirre.com.ar\/noticias\/wp-content\/uploads\/2024\/08\/Consaguirre-scaled.jpg","contentUrl":"https:\/\/web.consaguirre.com.ar\/noticias\/wp-content\/uploads\/2024\/08\/Consaguirre-scaled.jpg","caption":"Javier Figueroa"},"description":"Me llamo Javier Figueroa y soy redactor para el sitio oficial del Conservatorio de M\u00fasica Juli\u00e1n Aguirre en Buenos Aires, consaguirre.com. Apasionado por la m\u00fasica y la escritura, me esfuerzo por destacar los talentos y eventos de nuestra prestigiosa instituci\u00f3n. Mi trayectoria se nutre de una profunda admiraci\u00f3n por los artistas, haciendo de cada art\u00edculo una celebraci\u00f3n de la creatividad y la cultura musical.","sameAs":["https:\/\/web.consaguirre.com.ar\/noticias"]}]}},"_links":{"self":[{"href":"https:\/\/web.consaguirre.com.ar\/noticias\/wp-json\/wp\/v2\/posts\/1811"}],"collection":[{"href":"https:\/\/web.consaguirre.com.ar\/noticias\/wp-json\/wp\/v2\/posts"}],"about":[{"href":"https:\/\/web.consaguirre.com.ar\/noticias\/wp-json\/wp\/v2\/types\/post"}],"author":[{"embeddable":true,"href":"https:\/\/web.consaguirre.com.ar\/noticias\/wp-json\/wp\/v2\/users\/1"}],"replies":[{"embeddable":true,"href":"https:\/\/web.consaguirre.com.ar\/noticias\/wp-json\/wp\/v2\/comments?post=1811"}],"version-history":[{"count":1,"href":"https:\/\/web.consaguirre.com.ar\/noticias\/wp-json\/wp\/v2\/posts\/1811\/revisions"}],"predecessor-version":[{"id":1813,"href":"https:\/\/web.consaguirre.com.ar\/noticias\/wp-json\/wp\/v2\/posts\/1811\/revisions\/1813"}],"wp:featuredmedia":[{"embeddable":true,"href":"https:\/\/web.consaguirre.com.ar\/noticias\/wp-json\/wp\/v2\/media\/1812"}],"wp:attachment":[{"href":"https:\/\/web.consaguirre.com.ar\/noticias\/wp-json\/wp\/v2\/media?parent=1811"}],"wp:term":[{"taxonomy":"category","embeddable":true,"href":"https:\/\/web.consaguirre.com.ar\/noticias\/wp-json\/wp\/v2\/categories?post=1811"},{"taxonomy":"post_tag","embeddable":true,"href":"https:\/\/web.consaguirre.com.ar\/noticias\/wp-json\/wp\/v2\/tags?post=1811"}],"curies":[{"name":"wp","href":"https:\/\/api.w.org\/{rel}","templated":true}]}}