{"id":1799,"date":"2025-02-06T20:39:14","date_gmt":"2025-02-06T23:39:14","guid":{"rendered":"https:\/\/web.consaguirre.com.ar\/noticias\/nicky-jam-firma-el-acuerdo-global-con-virgin-music-group\/"},"modified":"2025-02-06T20:39:15","modified_gmt":"2025-02-06T23:39:15","slug":"nicky-jam-firma-el-acuerdo-global-con-virgin-music-group","status":"publish","type":"post","link":"https:\/\/web.consaguirre.com.ar\/noticias\/nicky-jam-firma-el-acuerdo-global-con-virgin-music-group\/","title":{"rendered":"Nicky Jam firma el acuerdo global con Virgin Music Group"},"content":{"rendered":"<p>La estrella de Reggaet\u00f3n, Nicky Jam, ha firmado un nuevo acuerdo global con Virgin Music Group. Seg\u00fan el nuevo acuerdo, Virgin Music Group distribuir\u00e1 nueva m\u00fasica de Jam, que tambi\u00e9n administrar\u00e1 y supervisar\u00e1 su cat\u00e1logo para YouTube. Nacido Nick Rivera Caminero, Nicky Jam grab\u00f3 su primer EP a los 14 a\u00f1os, y ha estado en la industria de la m\u00fasica desde entonces.<\/p>\n<p>En <strong>una entrevista exclusiva con <\/strong><em><strong>Cartelera<\/strong>, <\/em>Jam comparti\u00f3 que la decisi\u00f3n se produjo despu\u00e9s de reunirse con varias etiquetas despu\u00e9s del final de su contrato de Sony. &#8220;Fui con mi instinto&#8221;, explic\u00f3 Jam. \u201cPens\u00e9 que era lo mejor. Tengo demasiado respeto por AFO (Verde, presidente de Sony Music Latin Iberia) y mi familia Sony. Les debo mucho y los amo mucho. Es solo que a veces sientes que tienes que moverte. Soy muy espont\u00e1neo y as\u00ed es como soy. Podr\u00eda decir que soy bohemio. Tomo mi equipaje y voy a donde sea que tenga que ir &#8220;.<\/p>\n<p>&#8220;Nicky ha sido un verdadero pionero en la m\u00fasica latina&#8221;, comparti\u00f3 Victor Gonz\u00e1lez, presidente de Virgin Music Group para Am\u00e9rica Latina y la Pen\u00ednsula Ib\u00e9rica. &#8220;Hacer que elija Virgin Music Group para este nuevo cap\u00edtulo de su carrera es incre\u00edblemente gratificante para m\u00ed y todo el equipo&#8221;. Armando Rodr\u00edguez, gerente general de Virgin Music Group para el mercado latino de EE. UU., Agreg\u00f3: \u201cNicky est\u00e1 creando m\u00fasica incre\u00edble, y estamos entusiasmados de trabajar junto a \u00e9l, no solo en sus pr\u00f3ximos lanzamientos, sino tambi\u00e9n en el desarrollo de un enfoque estrat\u00e9gico para todo su cat\u00e1logo . &#8220;<\/p>\n<p>Jam concluy\u00f3: \u201cEste acuerdo con Virgin Music Group marca un nuevo cap\u00edtulo en mi viaje art\u00edstico. Siempre he cre\u00eddo en la importancia de la evoluci\u00f3n y la adaptaci\u00f3n, y estoy seguro de que, junto con Virgin Music Group, lograremos cosas incre\u00edbles &#8220;.<\/p><\/p>\n","protected":false},"excerpt":{"rendered":"<p>La estrella de Reggaet\u00f3n, Nicky Jam, ha firmado un nuevo acuerdo global con Virgin Music Group. Seg\u00fan el nuevo acuerdo, Virgin Music Group distribuir\u00e1 nueva<\/p>\n","protected":false},"author":1,"featured_media":1800,"comment_status":"closed","ping_status":"","sticky":false,"template":"","format":"standard","meta":{"footnotes":""},"categories":[50],"tags":[1461,32,389,1832,440,787,439,1831,1833],"class_list":["post-1799","post","type-post","status-publish","format-standard","has-post-thumbnail","hentry","category-el-ultimo","tag-acuerdo","tag-con","tag-firma","tag-global","tag-group","tag-jam","tag-music","tag-nicky","tag-virgin","generate-columns","tablet-grid-50","mobile-grid-100","grid-parent","grid-50"],"yoast_head":"<!-- This site is optimized with the Yoast SEO plugin v23.3 - https:\/\/yoast.com\/wordpress\/plugins\/seo\/ -->\n<title>Nicky Jam firma el acuerdo global con Virgin Music Group<\/title>\n<meta name=\"robots\" content=\"index, follow, max-snippet:-1, max-image-preview:large, max-video-preview:-1\" \/>\n<link rel=\"canonical\" href=\"https:\/\/web.consaguirre.com.ar\/noticias\/nicky-jam-firma-el-acuerdo-global-con-virgin-music-group\/\" \/>\n<meta property=\"og:locale\" content=\"es_ES\" \/>\n<meta property=\"og:type\" content=\"article\" \/>\n<meta property=\"og:title\" content=\"Nicky Jam firma el acuerdo global con Virgin Music Group\" \/>\n<meta property=\"og:description\" content=\"La estrella de Reggaet\u00f3n, Nicky Jam, ha firmado un nuevo acuerdo global con Virgin Music Group. Seg\u00fan el nuevo acuerdo, Virgin Music Group distribuir\u00e1 nueva\" \/>\n<meta property=\"og:url\" content=\"https:\/\/web.consaguirre.com.ar\/noticias\/nicky-jam-firma-el-acuerdo-global-con-virgin-music-group\/\" \/>\n<meta property=\"og:site_name\" content=\"Conservatorio de M\u00fasica Juli\u00e1n Aguirre\" \/>\n<meta property=\"article:published_time\" content=\"2025-02-06T23:39:14+00:00\" \/>\n<meta property=\"article:modified_time\" content=\"2025-02-06T23:39:15+00:00\" \/>\n<meta property=\"og:image\" content=\"https:\/\/web.consaguirre.com.ar\/noticias\/wp-content\/uploads\/2025\/02\/Nicky-Jam-firma-el-acuerdo-global-con-Virgin-Music-Group.jpg\" \/>\n\t<meta property=\"og:image:width\" content=\"1440\" \/>\n\t<meta property=\"og:image:height\" content=\"864\" \/>\n\t<meta property=\"og:image:type\" content=\"image\/jpeg\" \/>\n<meta name=\"author\" content=\"Javier Figueroa\" \/>\n<meta name=\"twitter:card\" content=\"summary_large_image\" \/>\n<meta name=\"twitter:label1\" content=\"Escrito por\" \/>\n\t<meta name=\"twitter:data1\" content=\"Javier Figueroa\" \/>\n\t<meta name=\"twitter:label2\" content=\"Tiempo de lectura\" \/>\n\t<meta name=\"twitter:data2\" content=\"2 minutos\" \/>\n<script type=\"application\/ld+json\" class=\"yoast-schema-graph\">{\"@context\":\"https:\/\/schema.org\",\"@graph\":[{\"@type\":\"Article\",\"@id\":\"https:\/\/web.consaguirre.com.ar\/noticias\/nicky-jam-firma-el-acuerdo-global-con-virgin-music-group\/#article\",\"isPartOf\":{\"@id\":\"https:\/\/web.consaguirre.com.ar\/noticias\/nicky-jam-firma-el-acuerdo-global-con-virgin-music-group\/\"},\"author\":{\"name\":\"Javier Figueroa\",\"@id\":\"https:\/\/web.consaguirre.com.ar\/noticias\/#\/schema\/person\/6558b0cfedee7ddc5425602b237d5722\"},\"headline\":\"Nicky Jam firma el acuerdo global con Virgin Music Group\",\"datePublished\":\"2025-02-06T23:39:14+00:00\",\"dateModified\":\"2025-02-06T23:39:15+00:00\",\"mainEntityOfPage\":{\"@id\":\"https:\/\/web.consaguirre.com.ar\/noticias\/nicky-jam-firma-el-acuerdo-global-con-virgin-music-group\/\"},\"wordCount\":335,\"publisher\":{\"@id\":\"https:\/\/web.consaguirre.com.ar\/noticias\/#organization\"},\"image\":{\"@id\":\"https:\/\/web.consaguirre.com.ar\/noticias\/nicky-jam-firma-el-acuerdo-global-con-virgin-music-group\/#primaryimage\"},\"thumbnailUrl\":\"https:\/\/web.consaguirre.com.ar\/noticias\/wp-content\/uploads\/2025\/02\/Nicky-Jam-firma-el-acuerdo-global-con-Virgin-Music-Group.jpg\",\"keywords\":[\"acuerdo\",\"con\",\"firma\",\"global\",\"Group\",\"Jam\",\"Music\",\"Nicky\",\"Virgin\"],\"articleSection\":[\"El \u00faltimo\"],\"inLanguage\":\"es-AR\"},{\"@type\":\"WebPage\",\"@id\":\"https:\/\/web.consaguirre.com.ar\/noticias\/nicky-jam-firma-el-acuerdo-global-con-virgin-music-group\/\",\"url\":\"https:\/\/web.consaguirre.com.ar\/noticias\/nicky-jam-firma-el-acuerdo-global-con-virgin-music-group\/\",\"name\":\"Nicky Jam firma el acuerdo global con Virgin Music Group\",\"isPartOf\":{\"@id\":\"https:\/\/web.consaguirre.com.ar\/noticias\/#website\"},\"primaryImageOfPage\":{\"@id\":\"https:\/\/web.consaguirre.com.ar\/noticias\/nicky-jam-firma-el-acuerdo-global-con-virgin-music-group\/#primaryimage\"},\"image\":{\"@id\":\"https:\/\/web.consaguirre.com.ar\/noticias\/nicky-jam-firma-el-acuerdo-global-con-virgin-music-group\/#primaryimage\"},\"thumbnailUrl\":\"https:\/\/web.consaguirre.com.ar\/noticias\/wp-content\/uploads\/2025\/02\/Nicky-Jam-firma-el-acuerdo-global-con-Virgin-Music-Group.jpg\",\"datePublished\":\"2025-02-06T23:39:14+00:00\",\"dateModified\":\"2025-02-06T23:39:15+00:00\",\"breadcrumb\":{\"@id\":\"https:\/\/web.consaguirre.com.ar\/noticias\/nicky-jam-firma-el-acuerdo-global-con-virgin-music-group\/#breadcrumb\"},\"inLanguage\":\"es-AR\",\"potentialAction\":[{\"@type\":\"ReadAction\",\"target\":[\"https:\/\/web.consaguirre.com.ar\/noticias\/nicky-jam-firma-el-acuerdo-global-con-virgin-music-group\/\"]}]},{\"@type\":\"ImageObject\",\"inLanguage\":\"es-AR\",\"@id\":\"https:\/\/web.consaguirre.com.ar\/noticias\/nicky-jam-firma-el-acuerdo-global-con-virgin-music-group\/#primaryimage\",\"url\":\"https:\/\/web.consaguirre.com.ar\/noticias\/wp-content\/uploads\/2025\/02\/Nicky-Jam-firma-el-acuerdo-global-con-Virgin-Music-Group.jpg\",\"contentUrl\":\"https:\/\/web.consaguirre.com.ar\/noticias\/wp-content\/uploads\/2025\/02\/Nicky-Jam-firma-el-acuerdo-global-con-Virgin-Music-Group.jpg\",\"width\":1440,\"height\":864,\"caption\":\"Photo: Omar Vega\/Getty Images\"},{\"@type\":\"BreadcrumbList\",\"@id\":\"https:\/\/web.consaguirre.com.ar\/noticias\/nicky-jam-firma-el-acuerdo-global-con-virgin-music-group\/#breadcrumb\",\"itemListElement\":[{\"@type\":\"ListItem\",\"position\":1,\"name\":\"Inicio\",\"item\":\"https:\/\/web.consaguirre.com.ar\/noticias\/\"},{\"@type\":\"ListItem\",\"position\":2,\"name\":\"Nicky Jam firma el acuerdo global con Virgin Music Group\"}]},{\"@type\":\"WebSite\",\"@id\":\"https:\/\/web.consaguirre.com.ar\/noticias\/#website\",\"url\":\"https:\/\/web.consaguirre.com.ar\/noticias\/\",\"name\":\"Conservatorio de M\u00fasica Juli\u00e1n Aguirre\",\"description\":\"\",\"publisher\":{\"@id\":\"https:\/\/web.consaguirre.com.ar\/noticias\/#organization\"},\"potentialAction\":[{\"@type\":\"SearchAction\",\"target\":{\"@type\":\"EntryPoint\",\"urlTemplate\":\"https:\/\/web.consaguirre.com.ar\/noticias\/?s={search_term_string}\"},\"query-input\":\"required name=search_term_string\"}],\"inLanguage\":\"es-AR\"},{\"@type\":\"Organization\",\"@id\":\"https:\/\/web.consaguirre.com.ar\/noticias\/#organization\",\"name\":\"Conservatorio de M\u00fasica Juli\u00e1n Aguirre\",\"url\":\"https:\/\/web.consaguirre.com.ar\/noticias\/\",\"logo\":{\"@type\":\"ImageObject\",\"inLanguage\":\"es-AR\",\"@id\":\"https:\/\/web.consaguirre.com.ar\/noticias\/#\/schema\/logo\/image\/\",\"url\":\"https:\/\/web.consaguirre.com.ar\/noticias\/wp-content\/uploads\/2024\/08\/Banner-Aguirre-23.jpg\",\"contentUrl\":\"https:\/\/web.consaguirre.com.ar\/noticias\/wp-content\/uploads\/2024\/08\/Banner-Aguirre-23.jpg\",\"width\":1192,\"height\":600,\"caption\":\"Conservatorio de M\u00fasica Juli\u00e1n Aguirre\"},\"image\":{\"@id\":\"https:\/\/web.consaguirre.com.ar\/noticias\/#\/schema\/logo\/image\/\"}},{\"@type\":\"Person\",\"@id\":\"https:\/\/web.consaguirre.com.ar\/noticias\/#\/schema\/person\/6558b0cfedee7ddc5425602b237d5722\",\"name\":\"Javier Figueroa\",\"image\":{\"@type\":\"ImageObject\",\"inLanguage\":\"es-AR\",\"@id\":\"https:\/\/web.consaguirre.com.ar\/noticias\/#\/schema\/person\/image\/\",\"url\":\"https:\/\/web.consaguirre.com.ar\/noticias\/wp-content\/uploads\/2024\/08\/Consaguirre-scaled.jpg\",\"contentUrl\":\"https:\/\/web.consaguirre.com.ar\/noticias\/wp-content\/uploads\/2024\/08\/Consaguirre-scaled.jpg\",\"caption\":\"Javier Figueroa\"},\"description\":\"Me llamo Javier Figueroa y soy redactor para el sitio oficial del Conservatorio de M\u00fasica Juli\u00e1n Aguirre en Buenos Aires, consaguirre.com. Apasionado por la m\u00fasica y la escritura, me esfuerzo por destacar los talentos y eventos de nuestra prestigiosa instituci\u00f3n. Mi trayectoria se nutre de una profunda admiraci\u00f3n por los artistas, haciendo de cada art\u00edculo una celebraci\u00f3n de la creatividad y la cultura musical.\",\"sameAs\":[\"https:\/\/web.consaguirre.com.ar\/noticias\"]}]}<\/script>\n<!-- \/ Yoast SEO plugin. -->","yoast_head_json":{"title":"Nicky Jam firma el acuerdo global con Virgin Music Group","robots":{"index":"index","follow":"follow","max-snippet":"max-snippet:-1","max-image-preview":"max-image-preview:large","max-video-preview":"max-video-preview:-1"},"canonical":"https:\/\/web.consaguirre.com.ar\/noticias\/nicky-jam-firma-el-acuerdo-global-con-virgin-music-group\/","og_locale":"es_ES","og_type":"article","og_title":"Nicky Jam firma el acuerdo global con Virgin Music Group","og_description":"La estrella de Reggaet\u00f3n, Nicky Jam, ha firmado un nuevo acuerdo global con Virgin Music Group. Seg\u00fan el nuevo acuerdo, Virgin Music Group distribuir\u00e1 nueva","og_url":"https:\/\/web.consaguirre.com.ar\/noticias\/nicky-jam-firma-el-acuerdo-global-con-virgin-music-group\/","og_site_name":"Conservatorio de M\u00fasica Juli\u00e1n Aguirre","article_published_time":"2025-02-06T23:39:14+00:00","article_modified_time":"2025-02-06T23:39:15+00:00","og_image":[{"width":1440,"height":864,"url":"https:\/\/web.consaguirre.com.ar\/noticias\/wp-content\/uploads\/2025\/02\/Nicky-Jam-firma-el-acuerdo-global-con-Virgin-Music-Group.jpg","type":"image\/jpeg"}],"author":"Javier Figueroa","twitter_card":"summary_large_image","twitter_misc":{"Escrito por":"Javier Figueroa","Tiempo de lectura":"2 minutos"},"schema":{"@context":"https:\/\/schema.org","@graph":[{"@type":"Article","@id":"https:\/\/web.consaguirre.com.ar\/noticias\/nicky-jam-firma-el-acuerdo-global-con-virgin-music-group\/#article","isPartOf":{"@id":"https:\/\/web.consaguirre.com.ar\/noticias\/nicky-jam-firma-el-acuerdo-global-con-virgin-music-group\/"},"author":{"name":"Javier Figueroa","@id":"https:\/\/web.consaguirre.com.ar\/noticias\/#\/schema\/person\/6558b0cfedee7ddc5425602b237d5722"},"headline":"Nicky Jam firma el acuerdo global con Virgin Music Group","datePublished":"2025-02-06T23:39:14+00:00","dateModified":"2025-02-06T23:39:15+00:00","mainEntityOfPage":{"@id":"https:\/\/web.consaguirre.com.ar\/noticias\/nicky-jam-firma-el-acuerdo-global-con-virgin-music-group\/"},"wordCount":335,"publisher":{"@id":"https:\/\/web.consaguirre.com.ar\/noticias\/#organization"},"image":{"@id":"https:\/\/web.consaguirre.com.ar\/noticias\/nicky-jam-firma-el-acuerdo-global-con-virgin-music-group\/#primaryimage"},"thumbnailUrl":"https:\/\/web.consaguirre.com.ar\/noticias\/wp-content\/uploads\/2025\/02\/Nicky-Jam-firma-el-acuerdo-global-con-Virgin-Music-Group.jpg","keywords":["acuerdo","con","firma","global","Group","Jam","Music","Nicky","Virgin"],"articleSection":["El \u00faltimo"],"inLanguage":"es-AR"},{"@type":"WebPage","@id":"https:\/\/web.consaguirre.com.ar\/noticias\/nicky-jam-firma-el-acuerdo-global-con-virgin-music-group\/","url":"https:\/\/web.consaguirre.com.ar\/noticias\/nicky-jam-firma-el-acuerdo-global-con-virgin-music-group\/","name":"Nicky Jam firma el acuerdo global con Virgin Music Group","isPartOf":{"@id":"https:\/\/web.consaguirre.com.ar\/noticias\/#website"},"primaryImageOfPage":{"@id":"https:\/\/web.consaguirre.com.ar\/noticias\/nicky-jam-firma-el-acuerdo-global-con-virgin-music-group\/#primaryimage"},"image":{"@id":"https:\/\/web.consaguirre.com.ar\/noticias\/nicky-jam-firma-el-acuerdo-global-con-virgin-music-group\/#primaryimage"},"thumbnailUrl":"https:\/\/web.consaguirre.com.ar\/noticias\/wp-content\/uploads\/2025\/02\/Nicky-Jam-firma-el-acuerdo-global-con-Virgin-Music-Group.jpg","datePublished":"2025-02-06T23:39:14+00:00","dateModified":"2025-02-06T23:39:15+00:00","breadcrumb":{"@id":"https:\/\/web.consaguirre.com.ar\/noticias\/nicky-jam-firma-el-acuerdo-global-con-virgin-music-group\/#breadcrumb"},"inLanguage":"es-AR","potentialAction":[{"@type":"ReadAction","target":["https:\/\/web.consaguirre.com.ar\/noticias\/nicky-jam-firma-el-acuerdo-global-con-virgin-music-group\/"]}]},{"@type":"ImageObject","inLanguage":"es-AR","@id":"https:\/\/web.consaguirre.com.ar\/noticias\/nicky-jam-firma-el-acuerdo-global-con-virgin-music-group\/#primaryimage","url":"https:\/\/web.consaguirre.com.ar\/noticias\/wp-content\/uploads\/2025\/02\/Nicky-Jam-firma-el-acuerdo-global-con-Virgin-Music-Group.jpg","contentUrl":"https:\/\/web.consaguirre.com.ar\/noticias\/wp-content\/uploads\/2025\/02\/Nicky-Jam-firma-el-acuerdo-global-con-Virgin-Music-Group.jpg","width":1440,"height":864,"caption":"Photo: Omar Vega\/Getty Images"},{"@type":"BreadcrumbList","@id":"https:\/\/web.consaguirre.com.ar\/noticias\/nicky-jam-firma-el-acuerdo-global-con-virgin-music-group\/#breadcrumb","itemListElement":[{"@type":"ListItem","position":1,"name":"Inicio","item":"https:\/\/web.consaguirre.com.ar\/noticias\/"},{"@type":"ListItem","position":2,"name":"Nicky Jam firma el acuerdo global con Virgin Music Group"}]},{"@type":"WebSite","@id":"https:\/\/web.consaguirre.com.ar\/noticias\/#website","url":"https:\/\/web.consaguirre.com.ar\/noticias\/","name":"Conservatorio de M\u00fasica Juli\u00e1n Aguirre","description":"","publisher":{"@id":"https:\/\/web.consaguirre.com.ar\/noticias\/#organization"},"potentialAction":[{"@type":"SearchAction","target":{"@type":"EntryPoint","urlTemplate":"https:\/\/web.consaguirre.com.ar\/noticias\/?s={search_term_string}"},"query-input":"required name=search_term_string"}],"inLanguage":"es-AR"},{"@type":"Organization","@id":"https:\/\/web.consaguirre.com.ar\/noticias\/#organization","name":"Conservatorio de M\u00fasica Juli\u00e1n Aguirre","url":"https:\/\/web.consaguirre.com.ar\/noticias\/","logo":{"@type":"ImageObject","inLanguage":"es-AR","@id":"https:\/\/web.consaguirre.com.ar\/noticias\/#\/schema\/logo\/image\/","url":"https:\/\/web.consaguirre.com.ar\/noticias\/wp-content\/uploads\/2024\/08\/Banner-Aguirre-23.jpg","contentUrl":"https:\/\/web.consaguirre.com.ar\/noticias\/wp-content\/uploads\/2024\/08\/Banner-Aguirre-23.jpg","width":1192,"height":600,"caption":"Conservatorio de M\u00fasica Juli\u00e1n Aguirre"},"image":{"@id":"https:\/\/web.consaguirre.com.ar\/noticias\/#\/schema\/logo\/image\/"}},{"@type":"Person","@id":"https:\/\/web.consaguirre.com.ar\/noticias\/#\/schema\/person\/6558b0cfedee7ddc5425602b237d5722","name":"Javier Figueroa","image":{"@type":"ImageObject","inLanguage":"es-AR","@id":"https:\/\/web.consaguirre.com.ar\/noticias\/#\/schema\/person\/image\/","url":"https:\/\/web.consaguirre.com.ar\/noticias\/wp-content\/uploads\/2024\/08\/Consaguirre-scaled.jpg","contentUrl":"https:\/\/web.consaguirre.com.ar\/noticias\/wp-content\/uploads\/2024\/08\/Consaguirre-scaled.jpg","caption":"Javier Figueroa"},"description":"Me llamo Javier Figueroa y soy redactor para el sitio oficial del Conservatorio de M\u00fasica Juli\u00e1n Aguirre en Buenos Aires, consaguirre.com. Apasionado por la m\u00fasica y la escritura, me esfuerzo por destacar los talentos y eventos de nuestra prestigiosa instituci\u00f3n. Mi trayectoria se nutre de una profunda admiraci\u00f3n por los artistas, haciendo de cada art\u00edculo una celebraci\u00f3n de la creatividad y la cultura musical.","sameAs":["https:\/\/web.consaguirre.com.ar\/noticias"]}]}},"_links":{"self":[{"href":"https:\/\/web.consaguirre.com.ar\/noticias\/wp-json\/wp\/v2\/posts\/1799"}],"collection":[{"href":"https:\/\/web.consaguirre.com.ar\/noticias\/wp-json\/wp\/v2\/posts"}],"about":[{"href":"https:\/\/web.consaguirre.com.ar\/noticias\/wp-json\/wp\/v2\/types\/post"}],"author":[{"embeddable":true,"href":"https:\/\/web.consaguirre.com.ar\/noticias\/wp-json\/wp\/v2\/users\/1"}],"replies":[{"embeddable":true,"href":"https:\/\/web.consaguirre.com.ar\/noticias\/wp-json\/wp\/v2\/comments?post=1799"}],"version-history":[{"count":1,"href":"https:\/\/web.consaguirre.com.ar\/noticias\/wp-json\/wp\/v2\/posts\/1799\/revisions"}],"predecessor-version":[{"id":1801,"href":"https:\/\/web.consaguirre.com.ar\/noticias\/wp-json\/wp\/v2\/posts\/1799\/revisions\/1801"}],"wp:featuredmedia":[{"embeddable":true,"href":"https:\/\/web.consaguirre.com.ar\/noticias\/wp-json\/wp\/v2\/media\/1800"}],"wp:attachment":[{"href":"https:\/\/web.consaguirre.com.ar\/noticias\/wp-json\/wp\/v2\/media?parent=1799"}],"wp:term":[{"taxonomy":"category","embeddable":true,"href":"https:\/\/web.consaguirre.com.ar\/noticias\/wp-json\/wp\/v2\/categories?post=1799"},{"taxonomy":"post_tag","embeddable":true,"href":"https:\/\/web.consaguirre.com.ar\/noticias\/wp-json\/wp\/v2\/tags?post=1799"}],"curies":[{"name":"wp","href":"https:\/\/api.w.org\/{rel}","templated":true}]}}