{"id":1778,"date":"2025-02-04T23:38:56","date_gmt":"2025-02-05T02:38:56","guid":{"rendered":"https:\/\/web.consaguirre.com.ar\/noticias\/alejandro-fernandez-recibir-el-premio-y-actuar-en-la-premio-lo-nuestro-de-univision\/"},"modified":"2025-02-04T23:38:58","modified_gmt":"2025-02-05T02:38:58","slug":"alejandro-fernandez-recibir-el-premio-y-actuar-en-la-premio-lo-nuestro-de-univision","status":"publish","type":"post","link":"https:\/\/web.consaguirre.com.ar\/noticias\/alejandro-fernandez-recibir-el-premio-y-actuar-en-la-premio-lo-nuestro-de-univision\/","title":{"rendered":"Alejandro Fern\u00e1ndez recibir el premio y actuar en la Premio Lo Nuestro de Univisi\u00f3n"},"content":{"rendered":"<p><strong>Alejandro Fern\u00e1ndez<\/strong> Har\u00e1 su gran regreso a la Premio Lo Nuestro de Univisi\u00f3n este a\u00f1o. Fern\u00e1ndez, un tit\u00e1n en el campo de la m\u00fasica mexicana regional, actuar\u00e1 en la 37\u00aa entrega de la exposici\u00f3n de premios, que se transmitir\u00e1 en vivo por la Univisi\u00f3n a las 7 PM ET el 20 de febrero del Centro Kaseya en Miami. Adem\u00e1s, durante el espect\u00e1culo recibir\u00e1 el Premio Premio a la Excelencia, reconociendo sus contribuciones a la m\u00fasica mexicana y la cultura latina.<\/p>\n<p>Fern\u00e1ndez cuenta con cinco nominaciones este a\u00f1o. Su d\u00fao de Anitta &#8220;La T\u00f3xica&#8221; est\u00e1 listo para la mezcla perfecta del a\u00f1o y la canci\u00f3n de Mariachi\/Ranchera del a\u00f1o, mientras que &#8220;La Cumbia Triste&#8221;, su canci\u00f3n con Los \u00c1ngeles Azules, est\u00e1 nominada para la m\u00fasica mexicana: colaboraci\u00f3n del a\u00f1o. Su \u00e1lbum <em>Te Llevo en la sgril<\/em> es un contendiente para la m\u00fasica mexicana &#8211; \u00c1lbum del a\u00f1o, y el propio Fern\u00e1ndez podr\u00eda llevarse a casa artista masculino del a\u00f1o adem\u00e1s de su Premio a La Excelencia Honors.<\/p>\n<div class=\"uD-YT-container\"><img decoding=\"async\" src=\"https:\/\/web.consaguirre.com.ar\/noticias\/wp-content\/uploads\/2025\/02\/1738723136_567_Alejandro-Fernandez-recibir-el-premio-y-actuar-en-la-Premio.jpg\" alt=\"Video de YouTube\"><br \/>Haga clic para cargar video<\/div>\n<p><em>Te Llevo en la sgril<\/em>El 17\u00ba \u00e1lbum de estudio de Fern\u00e1ndez, anteriormente gan\u00f3 el Grammy latino 2024 al mejor \u00e1lbum Ranchero\/Mariachi, uno de sus cuatro victorias latinas del Grammy. Su reciente sencillo &#8220;No Me Se Rajar&#8221; se convirti\u00f3 en su und\u00e9cimo \u00e9xito n\u00famero 1 en la lista regional mexicana de Billboard, la mayor\u00eda por cualquier artista en solitario esta d\u00e9cada. Otros elogios para Fern\u00e1ndez incluyen el premio Icon de los American Music Awards, una estrella en el Paseo de la Fama de Hollywood y la entrada al Sal\u00f3n de la Fama de Billboard.<\/p>\n<p>Fern\u00e1ndez ha mantenido ese nivel de \u00e9xito durante m\u00e1s de 30 a\u00f1os. Es el primer artista que debuta \u00e1lbumes en el n\u00famero 1 en cuatro d\u00e9cadas consecutivas: los a\u00f1os 90, 2000, 2010 y 2020, y en 2009, en otra haza\u00f1a sin precedentes, vio tres de sus \u00e1lbumes debut simult\u00e1neamente en el top 10. \u00c9l est\u00e1 Tambi\u00e9n acumul\u00f3 8 mil millones de visitas a todos los tiempos en YouTube y est\u00e1 registrando 900 millones de transmisiones al a\u00f1o en Spotify.<\/p>\n<p>.<\/p>\n","protected":false},"excerpt":{"rendered":"<p>Alejandro Fern\u00e1ndez Har\u00e1 su gran regreso a la Premio Lo Nuestro de Univisi\u00f3n este a\u00f1o. Fern\u00e1ndez, un tit\u00e1n en el campo de la m\u00fasica mexicana<\/p>\n","protected":false},"author":1,"featured_media":1779,"comment_status":"closed","ping_status":"","sticky":false,"template":"","format":"standard","meta":{"footnotes":""},"categories":[50],"tags":[1814,935,1812,1726,178,1813,1815],"class_list":["post-1778","post","type-post","status-publish","format-standard","has-post-thumbnail","hentry","category-el-ultimo","tag-actuar","tag-alejandro","tag-fernandez","tag-nuestro","tag-premio","tag-recibir","tag-univision","generate-columns","tablet-grid-50","mobile-grid-100","grid-parent","grid-50"],"yoast_head":"<!-- This site is optimized with the Yoast SEO plugin v23.3 - https:\/\/yoast.com\/wordpress\/plugins\/seo\/ -->\n<title>Alejandro Fern\u00e1ndez recibir el premio y actuar en la Premio Lo Nuestro de Univisi\u00f3n<\/title>\n<meta name=\"robots\" content=\"index, follow, max-snippet:-1, max-image-preview:large, max-video-preview:-1\" \/>\n<link rel=\"canonical\" href=\"https:\/\/web.consaguirre.com.ar\/noticias\/alejandro-fernandez-recibir-el-premio-y-actuar-en-la-premio-lo-nuestro-de-univision\/\" \/>\n<meta property=\"og:locale\" content=\"es_ES\" \/>\n<meta property=\"og:type\" content=\"article\" \/>\n<meta property=\"og:title\" content=\"Alejandro Fern\u00e1ndez recibir el premio y actuar en la Premio Lo Nuestro de Univisi\u00f3n\" \/>\n<meta property=\"og:description\" content=\"Alejandro Fern\u00e1ndez Har\u00e1 su gran regreso a la Premio Lo Nuestro de Univisi\u00f3n este a\u00f1o. Fern\u00e1ndez, un tit\u00e1n en el campo de la m\u00fasica mexicana\" \/>\n<meta property=\"og:url\" content=\"https:\/\/web.consaguirre.com.ar\/noticias\/alejandro-fernandez-recibir-el-premio-y-actuar-en-la-premio-lo-nuestro-de-univision\/\" \/>\n<meta property=\"og:site_name\" content=\"Conservatorio de M\u00fasica Juli\u00e1n Aguirre\" \/>\n<meta property=\"article:published_time\" content=\"2025-02-05T02:38:56+00:00\" \/>\n<meta property=\"article:modified_time\" content=\"2025-02-05T02:38:58+00:00\" \/>\n<meta property=\"og:image\" content=\"https:\/\/web.consaguirre.com.ar\/noticias\/wp-content\/uploads\/2025\/02\/Alejandro-Fernandez-recibir-el-premio-y-actuar-en-la-Premio.jpg\" \/>\n\t<meta property=\"og:image:width\" content=\"1440\" \/>\n\t<meta property=\"og:image:height\" content=\"864\" \/>\n\t<meta property=\"og:image:type\" content=\"image\/jpeg\" \/>\n<meta name=\"author\" content=\"Javier Figueroa\" \/>\n<meta name=\"twitter:card\" content=\"summary_large_image\" \/>\n<meta name=\"twitter:label1\" content=\"Escrito por\" \/>\n\t<meta name=\"twitter:data1\" content=\"Javier Figueroa\" \/>\n\t<meta name=\"twitter:label2\" content=\"Tiempo de lectura\" \/>\n\t<meta name=\"twitter:data2\" content=\"2 minutos\" \/>\n<script type=\"application\/ld+json\" class=\"yoast-schema-graph\">{\"@context\":\"https:\/\/schema.org\",\"@graph\":[{\"@type\":\"Article\",\"@id\":\"https:\/\/web.consaguirre.com.ar\/noticias\/alejandro-fernandez-recibir-el-premio-y-actuar-en-la-premio-lo-nuestro-de-univision\/#article\",\"isPartOf\":{\"@id\":\"https:\/\/web.consaguirre.com.ar\/noticias\/alejandro-fernandez-recibir-el-premio-y-actuar-en-la-premio-lo-nuestro-de-univision\/\"},\"author\":{\"name\":\"Javier Figueroa\",\"@id\":\"https:\/\/web.consaguirre.com.ar\/noticias\/#\/schema\/person\/6558b0cfedee7ddc5425602b237d5722\"},\"headline\":\"Alejandro Fern\u00e1ndez recibir el premio y actuar en la Premio Lo Nuestro de Univisi\u00f3n\",\"datePublished\":\"2025-02-05T02:38:56+00:00\",\"dateModified\":\"2025-02-05T02:38:58+00:00\",\"mainEntityOfPage\":{\"@id\":\"https:\/\/web.consaguirre.com.ar\/noticias\/alejandro-fernandez-recibir-el-premio-y-actuar-en-la-premio-lo-nuestro-de-univision\/\"},\"wordCount\":390,\"publisher\":{\"@id\":\"https:\/\/web.consaguirre.com.ar\/noticias\/#organization\"},\"image\":{\"@id\":\"https:\/\/web.consaguirre.com.ar\/noticias\/alejandro-fernandez-recibir-el-premio-y-actuar-en-la-premio-lo-nuestro-de-univision\/#primaryimage\"},\"thumbnailUrl\":\"https:\/\/web.consaguirre.com.ar\/noticias\/wp-content\/uploads\/2025\/02\/Alejandro-Fernandez-recibir-el-premio-y-actuar-en-la-Premio.jpg\",\"keywords\":[\"actuar\",\"Alejandro\",\"Fern\u00e1ndez\",\"Nuestro\",\"premio\",\"recibir\",\"Univisi\u00f3n\"],\"articleSection\":[\"El \u00faltimo\"],\"inLanguage\":\"es-AR\"},{\"@type\":\"WebPage\",\"@id\":\"https:\/\/web.consaguirre.com.ar\/noticias\/alejandro-fernandez-recibir-el-premio-y-actuar-en-la-premio-lo-nuestro-de-univision\/\",\"url\":\"https:\/\/web.consaguirre.com.ar\/noticias\/alejandro-fernandez-recibir-el-premio-y-actuar-en-la-premio-lo-nuestro-de-univision\/\",\"name\":\"Alejandro Fern\u00e1ndez recibir el premio y actuar en la Premio Lo Nuestro de Univisi\u00f3n\",\"isPartOf\":{\"@id\":\"https:\/\/web.consaguirre.com.ar\/noticias\/#website\"},\"primaryImageOfPage\":{\"@id\":\"https:\/\/web.consaguirre.com.ar\/noticias\/alejandro-fernandez-recibir-el-premio-y-actuar-en-la-premio-lo-nuestro-de-univision\/#primaryimage\"},\"image\":{\"@id\":\"https:\/\/web.consaguirre.com.ar\/noticias\/alejandro-fernandez-recibir-el-premio-y-actuar-en-la-premio-lo-nuestro-de-univision\/#primaryimage\"},\"thumbnailUrl\":\"https:\/\/web.consaguirre.com.ar\/noticias\/wp-content\/uploads\/2025\/02\/Alejandro-Fernandez-recibir-el-premio-y-actuar-en-la-Premio.jpg\",\"datePublished\":\"2025-02-05T02:38:56+00:00\",\"dateModified\":\"2025-02-05T02:38:58+00:00\",\"breadcrumb\":{\"@id\":\"https:\/\/web.consaguirre.com.ar\/noticias\/alejandro-fernandez-recibir-el-premio-y-actuar-en-la-premio-lo-nuestro-de-univision\/#breadcrumb\"},\"inLanguage\":\"es-AR\",\"potentialAction\":[{\"@type\":\"ReadAction\",\"target\":[\"https:\/\/web.consaguirre.com.ar\/noticias\/alejandro-fernandez-recibir-el-premio-y-actuar-en-la-premio-lo-nuestro-de-univision\/\"]}]},{\"@type\":\"ImageObject\",\"inLanguage\":\"es-AR\",\"@id\":\"https:\/\/web.consaguirre.com.ar\/noticias\/alejandro-fernandez-recibir-el-premio-y-actuar-en-la-premio-lo-nuestro-de-univision\/#primaryimage\",\"url\":\"https:\/\/web.consaguirre.com.ar\/noticias\/wp-content\/uploads\/2025\/02\/Alejandro-Fernandez-recibir-el-premio-y-actuar-en-la-Premio.jpg\",\"contentUrl\":\"https:\/\/web.consaguirre.com.ar\/noticias\/wp-content\/uploads\/2025\/02\/Alejandro-Fernandez-recibir-el-premio-y-actuar-en-la-Premio.jpg\",\"width\":1440,\"height\":864,\"caption\":\"Alejandro Fern\u00e1ndez recibir el premio y actuar en la Premio Lo Nuestro de Univisi\u00f3n\"},{\"@type\":\"BreadcrumbList\",\"@id\":\"https:\/\/web.consaguirre.com.ar\/noticias\/alejandro-fernandez-recibir-el-premio-y-actuar-en-la-premio-lo-nuestro-de-univision\/#breadcrumb\",\"itemListElement\":[{\"@type\":\"ListItem\",\"position\":1,\"name\":\"Inicio\",\"item\":\"https:\/\/web.consaguirre.com.ar\/noticias\/\"},{\"@type\":\"ListItem\",\"position\":2,\"name\":\"Alejandro Fern\u00e1ndez recibir el premio y actuar en la Premio Lo Nuestro de Univisi\u00f3n\"}]},{\"@type\":\"WebSite\",\"@id\":\"https:\/\/web.consaguirre.com.ar\/noticias\/#website\",\"url\":\"https:\/\/web.consaguirre.com.ar\/noticias\/\",\"name\":\"Conservatorio de M\u00fasica Juli\u00e1n Aguirre\",\"description\":\"\",\"publisher\":{\"@id\":\"https:\/\/web.consaguirre.com.ar\/noticias\/#organization\"},\"potentialAction\":[{\"@type\":\"SearchAction\",\"target\":{\"@type\":\"EntryPoint\",\"urlTemplate\":\"https:\/\/web.consaguirre.com.ar\/noticias\/?s={search_term_string}\"},\"query-input\":\"required name=search_term_string\"}],\"inLanguage\":\"es-AR\"},{\"@type\":\"Organization\",\"@id\":\"https:\/\/web.consaguirre.com.ar\/noticias\/#organization\",\"name\":\"Conservatorio de M\u00fasica Juli\u00e1n Aguirre\",\"url\":\"https:\/\/web.consaguirre.com.ar\/noticias\/\",\"logo\":{\"@type\":\"ImageObject\",\"inLanguage\":\"es-AR\",\"@id\":\"https:\/\/web.consaguirre.com.ar\/noticias\/#\/schema\/logo\/image\/\",\"url\":\"https:\/\/web.consaguirre.com.ar\/noticias\/wp-content\/uploads\/2024\/08\/Banner-Aguirre-23.jpg\",\"contentUrl\":\"https:\/\/web.consaguirre.com.ar\/noticias\/wp-content\/uploads\/2024\/08\/Banner-Aguirre-23.jpg\",\"width\":1192,\"height\":600,\"caption\":\"Conservatorio de M\u00fasica Juli\u00e1n Aguirre\"},\"image\":{\"@id\":\"https:\/\/web.consaguirre.com.ar\/noticias\/#\/schema\/logo\/image\/\"}},{\"@type\":\"Person\",\"@id\":\"https:\/\/web.consaguirre.com.ar\/noticias\/#\/schema\/person\/6558b0cfedee7ddc5425602b237d5722\",\"name\":\"Javier Figueroa\",\"image\":{\"@type\":\"ImageObject\",\"inLanguage\":\"es-AR\",\"@id\":\"https:\/\/web.consaguirre.com.ar\/noticias\/#\/schema\/person\/image\/\",\"url\":\"https:\/\/web.consaguirre.com.ar\/noticias\/wp-content\/uploads\/2024\/08\/Consaguirre-scaled.jpg\",\"contentUrl\":\"https:\/\/web.consaguirre.com.ar\/noticias\/wp-content\/uploads\/2024\/08\/Consaguirre-scaled.jpg\",\"caption\":\"Javier Figueroa\"},\"description\":\"Me llamo Javier Figueroa y soy redactor para el sitio oficial del Conservatorio de M\u00fasica Juli\u00e1n Aguirre en Buenos Aires, consaguirre.com. Apasionado por la m\u00fasica y la escritura, me esfuerzo por destacar los talentos y eventos de nuestra prestigiosa instituci\u00f3n. Mi trayectoria se nutre de una profunda admiraci\u00f3n por los artistas, haciendo de cada art\u00edculo una celebraci\u00f3n de la creatividad y la cultura musical.\",\"sameAs\":[\"https:\/\/web.consaguirre.com.ar\/noticias\"]}]}<\/script>\n<!-- \/ Yoast SEO plugin. -->","yoast_head_json":{"title":"Alejandro Fern\u00e1ndez recibir el premio y actuar en la Premio Lo Nuestro de Univisi\u00f3n","robots":{"index":"index","follow":"follow","max-snippet":"max-snippet:-1","max-image-preview":"max-image-preview:large","max-video-preview":"max-video-preview:-1"},"canonical":"https:\/\/web.consaguirre.com.ar\/noticias\/alejandro-fernandez-recibir-el-premio-y-actuar-en-la-premio-lo-nuestro-de-univision\/","og_locale":"es_ES","og_type":"article","og_title":"Alejandro Fern\u00e1ndez recibir el premio y actuar en la Premio Lo Nuestro de Univisi\u00f3n","og_description":"Alejandro Fern\u00e1ndez Har\u00e1 su gran regreso a la Premio Lo Nuestro de Univisi\u00f3n este a\u00f1o. Fern\u00e1ndez, un tit\u00e1n en el campo de la m\u00fasica mexicana","og_url":"https:\/\/web.consaguirre.com.ar\/noticias\/alejandro-fernandez-recibir-el-premio-y-actuar-en-la-premio-lo-nuestro-de-univision\/","og_site_name":"Conservatorio de M\u00fasica Juli\u00e1n Aguirre","article_published_time":"2025-02-05T02:38:56+00:00","article_modified_time":"2025-02-05T02:38:58+00:00","og_image":[{"width":1440,"height":864,"url":"https:\/\/web.consaguirre.com.ar\/noticias\/wp-content\/uploads\/2025\/02\/Alejandro-Fernandez-recibir-el-premio-y-actuar-en-la-Premio.jpg","type":"image\/jpeg"}],"author":"Javier Figueroa","twitter_card":"summary_large_image","twitter_misc":{"Escrito por":"Javier Figueroa","Tiempo de lectura":"2 minutos"},"schema":{"@context":"https:\/\/schema.org","@graph":[{"@type":"Article","@id":"https:\/\/web.consaguirre.com.ar\/noticias\/alejandro-fernandez-recibir-el-premio-y-actuar-en-la-premio-lo-nuestro-de-univision\/#article","isPartOf":{"@id":"https:\/\/web.consaguirre.com.ar\/noticias\/alejandro-fernandez-recibir-el-premio-y-actuar-en-la-premio-lo-nuestro-de-univision\/"},"author":{"name":"Javier Figueroa","@id":"https:\/\/web.consaguirre.com.ar\/noticias\/#\/schema\/person\/6558b0cfedee7ddc5425602b237d5722"},"headline":"Alejandro Fern\u00e1ndez recibir el premio y actuar en la Premio Lo Nuestro de Univisi\u00f3n","datePublished":"2025-02-05T02:38:56+00:00","dateModified":"2025-02-05T02:38:58+00:00","mainEntityOfPage":{"@id":"https:\/\/web.consaguirre.com.ar\/noticias\/alejandro-fernandez-recibir-el-premio-y-actuar-en-la-premio-lo-nuestro-de-univision\/"},"wordCount":390,"publisher":{"@id":"https:\/\/web.consaguirre.com.ar\/noticias\/#organization"},"image":{"@id":"https:\/\/web.consaguirre.com.ar\/noticias\/alejandro-fernandez-recibir-el-premio-y-actuar-en-la-premio-lo-nuestro-de-univision\/#primaryimage"},"thumbnailUrl":"https:\/\/web.consaguirre.com.ar\/noticias\/wp-content\/uploads\/2025\/02\/Alejandro-Fernandez-recibir-el-premio-y-actuar-en-la-Premio.jpg","keywords":["actuar","Alejandro","Fern\u00e1ndez","Nuestro","premio","recibir","Univisi\u00f3n"],"articleSection":["El \u00faltimo"],"inLanguage":"es-AR"},{"@type":"WebPage","@id":"https:\/\/web.consaguirre.com.ar\/noticias\/alejandro-fernandez-recibir-el-premio-y-actuar-en-la-premio-lo-nuestro-de-univision\/","url":"https:\/\/web.consaguirre.com.ar\/noticias\/alejandro-fernandez-recibir-el-premio-y-actuar-en-la-premio-lo-nuestro-de-univision\/","name":"Alejandro Fern\u00e1ndez recibir el premio y actuar en la Premio Lo Nuestro de Univisi\u00f3n","isPartOf":{"@id":"https:\/\/web.consaguirre.com.ar\/noticias\/#website"},"primaryImageOfPage":{"@id":"https:\/\/web.consaguirre.com.ar\/noticias\/alejandro-fernandez-recibir-el-premio-y-actuar-en-la-premio-lo-nuestro-de-univision\/#primaryimage"},"image":{"@id":"https:\/\/web.consaguirre.com.ar\/noticias\/alejandro-fernandez-recibir-el-premio-y-actuar-en-la-premio-lo-nuestro-de-univision\/#primaryimage"},"thumbnailUrl":"https:\/\/web.consaguirre.com.ar\/noticias\/wp-content\/uploads\/2025\/02\/Alejandro-Fernandez-recibir-el-premio-y-actuar-en-la-Premio.jpg","datePublished":"2025-02-05T02:38:56+00:00","dateModified":"2025-02-05T02:38:58+00:00","breadcrumb":{"@id":"https:\/\/web.consaguirre.com.ar\/noticias\/alejandro-fernandez-recibir-el-premio-y-actuar-en-la-premio-lo-nuestro-de-univision\/#breadcrumb"},"inLanguage":"es-AR","potentialAction":[{"@type":"ReadAction","target":["https:\/\/web.consaguirre.com.ar\/noticias\/alejandro-fernandez-recibir-el-premio-y-actuar-en-la-premio-lo-nuestro-de-univision\/"]}]},{"@type":"ImageObject","inLanguage":"es-AR","@id":"https:\/\/web.consaguirre.com.ar\/noticias\/alejandro-fernandez-recibir-el-premio-y-actuar-en-la-premio-lo-nuestro-de-univision\/#primaryimage","url":"https:\/\/web.consaguirre.com.ar\/noticias\/wp-content\/uploads\/2025\/02\/Alejandro-Fernandez-recibir-el-premio-y-actuar-en-la-Premio.jpg","contentUrl":"https:\/\/web.consaguirre.com.ar\/noticias\/wp-content\/uploads\/2025\/02\/Alejandro-Fernandez-recibir-el-premio-y-actuar-en-la-Premio.jpg","width":1440,"height":864,"caption":"Alejandro Fern\u00e1ndez recibir el premio y actuar en la Premio Lo Nuestro de Univisi\u00f3n"},{"@type":"BreadcrumbList","@id":"https:\/\/web.consaguirre.com.ar\/noticias\/alejandro-fernandez-recibir-el-premio-y-actuar-en-la-premio-lo-nuestro-de-univision\/#breadcrumb","itemListElement":[{"@type":"ListItem","position":1,"name":"Inicio","item":"https:\/\/web.consaguirre.com.ar\/noticias\/"},{"@type":"ListItem","position":2,"name":"Alejandro Fern\u00e1ndez recibir el premio y actuar en la Premio Lo Nuestro de Univisi\u00f3n"}]},{"@type":"WebSite","@id":"https:\/\/web.consaguirre.com.ar\/noticias\/#website","url":"https:\/\/web.consaguirre.com.ar\/noticias\/","name":"Conservatorio de M\u00fasica Juli\u00e1n Aguirre","description":"","publisher":{"@id":"https:\/\/web.consaguirre.com.ar\/noticias\/#organization"},"potentialAction":[{"@type":"SearchAction","target":{"@type":"EntryPoint","urlTemplate":"https:\/\/web.consaguirre.com.ar\/noticias\/?s={search_term_string}"},"query-input":"required name=search_term_string"}],"inLanguage":"es-AR"},{"@type":"Organization","@id":"https:\/\/web.consaguirre.com.ar\/noticias\/#organization","name":"Conservatorio de M\u00fasica Juli\u00e1n Aguirre","url":"https:\/\/web.consaguirre.com.ar\/noticias\/","logo":{"@type":"ImageObject","inLanguage":"es-AR","@id":"https:\/\/web.consaguirre.com.ar\/noticias\/#\/schema\/logo\/image\/","url":"https:\/\/web.consaguirre.com.ar\/noticias\/wp-content\/uploads\/2024\/08\/Banner-Aguirre-23.jpg","contentUrl":"https:\/\/web.consaguirre.com.ar\/noticias\/wp-content\/uploads\/2024\/08\/Banner-Aguirre-23.jpg","width":1192,"height":600,"caption":"Conservatorio de M\u00fasica Juli\u00e1n Aguirre"},"image":{"@id":"https:\/\/web.consaguirre.com.ar\/noticias\/#\/schema\/logo\/image\/"}},{"@type":"Person","@id":"https:\/\/web.consaguirre.com.ar\/noticias\/#\/schema\/person\/6558b0cfedee7ddc5425602b237d5722","name":"Javier Figueroa","image":{"@type":"ImageObject","inLanguage":"es-AR","@id":"https:\/\/web.consaguirre.com.ar\/noticias\/#\/schema\/person\/image\/","url":"https:\/\/web.consaguirre.com.ar\/noticias\/wp-content\/uploads\/2024\/08\/Consaguirre-scaled.jpg","contentUrl":"https:\/\/web.consaguirre.com.ar\/noticias\/wp-content\/uploads\/2024\/08\/Consaguirre-scaled.jpg","caption":"Javier Figueroa"},"description":"Me llamo Javier Figueroa y soy redactor para el sitio oficial del Conservatorio de M\u00fasica Juli\u00e1n Aguirre en Buenos Aires, consaguirre.com. Apasionado por la m\u00fasica y la escritura, me esfuerzo por destacar los talentos y eventos de nuestra prestigiosa instituci\u00f3n. Mi trayectoria se nutre de una profunda admiraci\u00f3n por los artistas, haciendo de cada art\u00edculo una celebraci\u00f3n de la creatividad y la cultura musical.","sameAs":["https:\/\/web.consaguirre.com.ar\/noticias"]}]}},"_links":{"self":[{"href":"https:\/\/web.consaguirre.com.ar\/noticias\/wp-json\/wp\/v2\/posts\/1778"}],"collection":[{"href":"https:\/\/web.consaguirre.com.ar\/noticias\/wp-json\/wp\/v2\/posts"}],"about":[{"href":"https:\/\/web.consaguirre.com.ar\/noticias\/wp-json\/wp\/v2\/types\/post"}],"author":[{"embeddable":true,"href":"https:\/\/web.consaguirre.com.ar\/noticias\/wp-json\/wp\/v2\/users\/1"}],"replies":[{"embeddable":true,"href":"https:\/\/web.consaguirre.com.ar\/noticias\/wp-json\/wp\/v2\/comments?post=1778"}],"version-history":[{"count":1,"href":"https:\/\/web.consaguirre.com.ar\/noticias\/wp-json\/wp\/v2\/posts\/1778\/revisions"}],"predecessor-version":[{"id":1780,"href":"https:\/\/web.consaguirre.com.ar\/noticias\/wp-json\/wp\/v2\/posts\/1778\/revisions\/1780"}],"wp:featuredmedia":[{"embeddable":true,"href":"https:\/\/web.consaguirre.com.ar\/noticias\/wp-json\/wp\/v2\/media\/1779"}],"wp:attachment":[{"href":"https:\/\/web.consaguirre.com.ar\/noticias\/wp-json\/wp\/v2\/media?parent=1778"}],"wp:term":[{"taxonomy":"category","embeddable":true,"href":"https:\/\/web.consaguirre.com.ar\/noticias\/wp-json\/wp\/v2\/categories?post=1778"},{"taxonomy":"post_tag","embeddable":true,"href":"https:\/\/web.consaguirre.com.ar\/noticias\/wp-json\/wp\/v2\/tags?post=1778"}],"curies":[{"name":"wp","href":"https:\/\/api.w.org\/{rel}","templated":true}]}}