{"id":1772,"date":"2025-02-04T17:41:19","date_gmt":"2025-02-04T20:41:19","guid":{"rendered":"https:\/\/web.consaguirre.com.ar\/noticias\/james-bay-y-jon-batiste-lanzan-el-nuevo-sencillo-sunshine-in-the-room\/"},"modified":"2025-02-04T17:41:21","modified_gmt":"2025-02-04T20:41:21","slug":"james-bay-y-jon-batiste-lanzan-el-nuevo-sencillo-sunshine-in-the-room","status":"publish","type":"post","link":"https:\/\/web.consaguirre.com.ar\/noticias\/james-bay-y-jon-batiste-lanzan-el-nuevo-sencillo-sunshine-in-the-room\/","title":{"rendered":"James Bay y Jon Batiste lanzan el nuevo sencillo &#8216;Sunshine in the Room&#8217;"},"content":{"rendered":"<p>Por primera vez, <strong>James Bay<\/strong> y <strong>Jon Batiste<\/strong> se han asociado con una nueva canci\u00f3n. Los dos talentos galardonados unen fuerzas en el nuevo y optimista sencillo &#8220;Sunshine in the Room&#8221;, ahora. La canci\u00f3n encuentra a los dos artistas intercambiando voces, construyendo al estribillo: \u201cBurn So Bright. Eres como el sol en la habitaci\u00f3n &#8220;. Todo el tiempo, la m\u00fasica conlleva una energ\u00eda positiva en l\u00ednea con la letra.<\/p>\n<div class=\"uD-YT-container\"><img decoding=\"async\" src=\"https:\/\/web.consaguirre.com.ar\/noticias\/wp-content\/uploads\/2025\/02\/1738701679_719_James-Bay-y-Jon-Batiste-lanzan-el-nuevo-sencillo-Sunshine.jpg\" alt=\"Video de YouTube\"><br \/>Haga clic para cargar video<\/div>\n<p>Bay, el galardonado cantante, compositor y guitarrista de Brighton, Reino Unido, el galardonado brit\u00e1nico de Brighton, Reino Unido, ha encontrado un socio creativo ideal en Batiste nativo de Nueva Orleans. El multi-hyfenato y el ex <em>Show tard\u00edo con Stephen Colbert<\/em> Bandleader tiene una gran cantidad de honores para su nombre, incluidos un Emmy, un Oscar y cinco Grammys, entre ellos un \u00e1lbum del a\u00f1o para ganar para <em>Somos<\/em> en 2022.<\/p>\n<p>&#8220;Trabajar con Jon Batiste para &#8216;Sunshine in the Room&#8217; es una experiencia que nunca olvidar\u00e9&#8221;, dijo Bay. \u201cLiteralmente irrumpi\u00f3 en el estudio como un rayo de sol y trajo tanta alegr\u00eda al sonido del disco y el trabajo. Es una inspiraci\u00f3n total, y espero que podamos volver a trabajar juntos. La canci\u00f3n se trata de tener a alguien en tu vida que realmente ilumine la habitaci\u00f3n tan pronto como entran &#8220;.<\/p>\n<p>Batiste ofreci\u00f3 sus propios comentarios sobre la colaboraci\u00f3n. &#8220;James es un alma tan hermosa y un gran m\u00fasico&#8221;, dijo. \u201cAgradecido por hacer un nuevo amigo y crear m\u00fasica juntos. \u00a1Realmente emocionado por que el mundo escuche esta canci\u00f3n, es imposible no amar las vibraciones en este caso! &#8220;<\/p>\n<p>Este Spring Bay lanzar\u00e1 su primera gira a gran escala de los Estados Unidos desde 2023. La gira de UP All Night comienza el 21 de abril en Minneapolis en First Avenue y contin\u00faa hasta el 28 de mayo en Mtelus de Montreal. La gira lleva el nombre de &#8220;Up All Night&#8221;, la colaboraci\u00f3n de 2024 de Bay con Lumineers y Noah Kahan, que se convirti\u00f3 en el primer golpe de la lista estadounidense de Bay al alcanzar el n\u00famero 1 en la lista de aviones alternativos para adultos de Billboard Adult.<\/p><\/p>\n","protected":false},"excerpt":{"rendered":"<p>Por primera vez, James Bay y Jon Batiste se han asociado con una nueva canci\u00f3n. Los dos talentos galardonados unen fuerzas en el nuevo y<\/p>\n","protected":false},"author":1,"featured_media":1773,"comment_status":"closed","ping_status":"","sticky":false,"template":"","format":"standard","meta":{"footnotes":""},"categories":[50],"tags":[909,454,453,908,393,146,691,204,839],"class_list":["post-1772","post","type-post","status-publish","format-standard","has-post-thumbnail","hentry","category-el-ultimo","tag-batiste","tag-bay","tag-james","tag-jon","tag-lanzan","tag-nuevo","tag-room","tag-sencillo","tag-sunshine","generate-columns","tablet-grid-50","mobile-grid-100","grid-parent","grid-50"],"yoast_head":"<!-- This site is optimized with the Yoast SEO plugin v23.3 - https:\/\/yoast.com\/wordpress\/plugins\/seo\/ -->\n<title>James Bay y Jon Batiste lanzan el nuevo sencillo &#039;Sunshine in the Room&#039;<\/title>\n<meta name=\"robots\" content=\"index, follow, max-snippet:-1, max-image-preview:large, max-video-preview:-1\" \/>\n<link rel=\"canonical\" href=\"https:\/\/web.consaguirre.com.ar\/noticias\/james-bay-y-jon-batiste-lanzan-el-nuevo-sencillo-sunshine-in-the-room\/\" \/>\n<meta property=\"og:locale\" content=\"es_ES\" \/>\n<meta property=\"og:type\" content=\"article\" \/>\n<meta property=\"og:title\" content=\"James Bay y Jon Batiste lanzan el nuevo sencillo &#039;Sunshine in the Room&#039;\" \/>\n<meta property=\"og:description\" content=\"Por primera vez, James Bay y Jon Batiste se han asociado con una nueva canci\u00f3n. Los dos talentos galardonados unen fuerzas en el nuevo y\" \/>\n<meta property=\"og:url\" content=\"https:\/\/web.consaguirre.com.ar\/noticias\/james-bay-y-jon-batiste-lanzan-el-nuevo-sencillo-sunshine-in-the-room\/\" \/>\n<meta property=\"og:site_name\" content=\"Conservatorio de M\u00fasica Juli\u00e1n Aguirre\" \/>\n<meta property=\"article:published_time\" content=\"2025-02-04T20:41:19+00:00\" \/>\n<meta property=\"article:modified_time\" content=\"2025-02-04T20:41:21+00:00\" \/>\n<meta property=\"og:image\" content=\"https:\/\/web.consaguirre.com.ar\/noticias\/wp-content\/uploads\/2025\/02\/James-Bay-y-Jon-Batiste-lanzan-el-nuevo-sencillo-Sunshine.jpg\" \/>\n\t<meta property=\"og:image:width\" content=\"1280\" \/>\n\t<meta property=\"og:image:height\" content=\"1280\" \/>\n\t<meta property=\"og:image:type\" content=\"image\/jpeg\" \/>\n<meta name=\"author\" content=\"Javier Figueroa\" \/>\n<meta name=\"twitter:card\" content=\"summary_large_image\" \/>\n<meta name=\"twitter:label1\" content=\"Escrito por\" \/>\n\t<meta name=\"twitter:data1\" content=\"Javier Figueroa\" \/>\n\t<meta name=\"twitter:label2\" content=\"Tiempo de lectura\" \/>\n\t<meta name=\"twitter:data2\" content=\"2 minutos\" \/>\n<script type=\"application\/ld+json\" class=\"yoast-schema-graph\">{\"@context\":\"https:\/\/schema.org\",\"@graph\":[{\"@type\":\"Article\",\"@id\":\"https:\/\/web.consaguirre.com.ar\/noticias\/james-bay-y-jon-batiste-lanzan-el-nuevo-sencillo-sunshine-in-the-room\/#article\",\"isPartOf\":{\"@id\":\"https:\/\/web.consaguirre.com.ar\/noticias\/james-bay-y-jon-batiste-lanzan-el-nuevo-sencillo-sunshine-in-the-room\/\"},\"author\":{\"name\":\"Javier Figueroa\",\"@id\":\"https:\/\/web.consaguirre.com.ar\/noticias\/#\/schema\/person\/6558b0cfedee7ddc5425602b237d5722\"},\"headline\":\"James Bay y Jon Batiste lanzan el nuevo sencillo &#8216;Sunshine in the Room&#8217;\",\"datePublished\":\"2025-02-04T20:41:19+00:00\",\"dateModified\":\"2025-02-04T20:41:21+00:00\",\"mainEntityOfPage\":{\"@id\":\"https:\/\/web.consaguirre.com.ar\/noticias\/james-bay-y-jon-batiste-lanzan-el-nuevo-sencillo-sunshine-in-the-room\/\"},\"wordCount\":379,\"publisher\":{\"@id\":\"https:\/\/web.consaguirre.com.ar\/noticias\/#organization\"},\"image\":{\"@id\":\"https:\/\/web.consaguirre.com.ar\/noticias\/james-bay-y-jon-batiste-lanzan-el-nuevo-sencillo-sunshine-in-the-room\/#primaryimage\"},\"thumbnailUrl\":\"https:\/\/web.consaguirre.com.ar\/noticias\/wp-content\/uploads\/2025\/02\/James-Bay-y-Jon-Batiste-lanzan-el-nuevo-sencillo-Sunshine.jpg\",\"keywords\":[\"Batiste\",\"Bay\",\"James\",\"Jon\",\"lanzan\",\"nuevo\",\"Room\",\"sencillo\",\"Sunshine\"],\"articleSection\":[\"El \u00faltimo\"],\"inLanguage\":\"es-AR\"},{\"@type\":\"WebPage\",\"@id\":\"https:\/\/web.consaguirre.com.ar\/noticias\/james-bay-y-jon-batiste-lanzan-el-nuevo-sencillo-sunshine-in-the-room\/\",\"url\":\"https:\/\/web.consaguirre.com.ar\/noticias\/james-bay-y-jon-batiste-lanzan-el-nuevo-sencillo-sunshine-in-the-room\/\",\"name\":\"James Bay y Jon Batiste lanzan el nuevo sencillo 'Sunshine in the Room'\",\"isPartOf\":{\"@id\":\"https:\/\/web.consaguirre.com.ar\/noticias\/#website\"},\"primaryImageOfPage\":{\"@id\":\"https:\/\/web.consaguirre.com.ar\/noticias\/james-bay-y-jon-batiste-lanzan-el-nuevo-sencillo-sunshine-in-the-room\/#primaryimage\"},\"image\":{\"@id\":\"https:\/\/web.consaguirre.com.ar\/noticias\/james-bay-y-jon-batiste-lanzan-el-nuevo-sencillo-sunshine-in-the-room\/#primaryimage\"},\"thumbnailUrl\":\"https:\/\/web.consaguirre.com.ar\/noticias\/wp-content\/uploads\/2025\/02\/James-Bay-y-Jon-Batiste-lanzan-el-nuevo-sencillo-Sunshine.jpg\",\"datePublished\":\"2025-02-04T20:41:19+00:00\",\"dateModified\":\"2025-02-04T20:41:21+00:00\",\"breadcrumb\":{\"@id\":\"https:\/\/web.consaguirre.com.ar\/noticias\/james-bay-y-jon-batiste-lanzan-el-nuevo-sencillo-sunshine-in-the-room\/#breadcrumb\"},\"inLanguage\":\"es-AR\",\"potentialAction\":[{\"@type\":\"ReadAction\",\"target\":[\"https:\/\/web.consaguirre.com.ar\/noticias\/james-bay-y-jon-batiste-lanzan-el-nuevo-sencillo-sunshine-in-the-room\/\"]}]},{\"@type\":\"ImageObject\",\"inLanguage\":\"es-AR\",\"@id\":\"https:\/\/web.consaguirre.com.ar\/noticias\/james-bay-y-jon-batiste-lanzan-el-nuevo-sencillo-sunshine-in-the-room\/#primaryimage\",\"url\":\"https:\/\/web.consaguirre.com.ar\/noticias\/wp-content\/uploads\/2025\/02\/James-Bay-y-Jon-Batiste-lanzan-el-nuevo-sencillo-Sunshine.jpg\",\"contentUrl\":\"https:\/\/web.consaguirre.com.ar\/noticias\/wp-content\/uploads\/2025\/02\/James-Bay-y-Jon-Batiste-lanzan-el-nuevo-sencillo-Sunshine.jpg\",\"width\":1280,\"height\":1280,\"caption\":\"James Bay y Jon Batiste lanzan el nuevo sencillo 'Sunshine in the Room'\"},{\"@type\":\"BreadcrumbList\",\"@id\":\"https:\/\/web.consaguirre.com.ar\/noticias\/james-bay-y-jon-batiste-lanzan-el-nuevo-sencillo-sunshine-in-the-room\/#breadcrumb\",\"itemListElement\":[{\"@type\":\"ListItem\",\"position\":1,\"name\":\"Inicio\",\"item\":\"https:\/\/web.consaguirre.com.ar\/noticias\/\"},{\"@type\":\"ListItem\",\"position\":2,\"name\":\"James Bay y Jon Batiste lanzan el nuevo sencillo &#8216;Sunshine in the Room&#8217;\"}]},{\"@type\":\"WebSite\",\"@id\":\"https:\/\/web.consaguirre.com.ar\/noticias\/#website\",\"url\":\"https:\/\/web.consaguirre.com.ar\/noticias\/\",\"name\":\"Conservatorio de M\u00fasica Juli\u00e1n Aguirre\",\"description\":\"\",\"publisher\":{\"@id\":\"https:\/\/web.consaguirre.com.ar\/noticias\/#organization\"},\"potentialAction\":[{\"@type\":\"SearchAction\",\"target\":{\"@type\":\"EntryPoint\",\"urlTemplate\":\"https:\/\/web.consaguirre.com.ar\/noticias\/?s={search_term_string}\"},\"query-input\":\"required name=search_term_string\"}],\"inLanguage\":\"es-AR\"},{\"@type\":\"Organization\",\"@id\":\"https:\/\/web.consaguirre.com.ar\/noticias\/#organization\",\"name\":\"Conservatorio de M\u00fasica Juli\u00e1n Aguirre\",\"url\":\"https:\/\/web.consaguirre.com.ar\/noticias\/\",\"logo\":{\"@type\":\"ImageObject\",\"inLanguage\":\"es-AR\",\"@id\":\"https:\/\/web.consaguirre.com.ar\/noticias\/#\/schema\/logo\/image\/\",\"url\":\"https:\/\/web.consaguirre.com.ar\/noticias\/wp-content\/uploads\/2024\/08\/Banner-Aguirre-23.jpg\",\"contentUrl\":\"https:\/\/web.consaguirre.com.ar\/noticias\/wp-content\/uploads\/2024\/08\/Banner-Aguirre-23.jpg\",\"width\":1192,\"height\":600,\"caption\":\"Conservatorio de M\u00fasica Juli\u00e1n Aguirre\"},\"image\":{\"@id\":\"https:\/\/web.consaguirre.com.ar\/noticias\/#\/schema\/logo\/image\/\"}},{\"@type\":\"Person\",\"@id\":\"https:\/\/web.consaguirre.com.ar\/noticias\/#\/schema\/person\/6558b0cfedee7ddc5425602b237d5722\",\"name\":\"Javier Figueroa\",\"image\":{\"@type\":\"ImageObject\",\"inLanguage\":\"es-AR\",\"@id\":\"https:\/\/web.consaguirre.com.ar\/noticias\/#\/schema\/person\/image\/\",\"url\":\"https:\/\/web.consaguirre.com.ar\/noticias\/wp-content\/uploads\/2024\/08\/Consaguirre-scaled.jpg\",\"contentUrl\":\"https:\/\/web.consaguirre.com.ar\/noticias\/wp-content\/uploads\/2024\/08\/Consaguirre-scaled.jpg\",\"caption\":\"Javier Figueroa\"},\"description\":\"Me llamo Javier Figueroa y soy redactor para el sitio oficial del Conservatorio de M\u00fasica Juli\u00e1n Aguirre en Buenos Aires, consaguirre.com. Apasionado por la m\u00fasica y la escritura, me esfuerzo por destacar los talentos y eventos de nuestra prestigiosa instituci\u00f3n. Mi trayectoria se nutre de una profunda admiraci\u00f3n por los artistas, haciendo de cada art\u00edculo una celebraci\u00f3n de la creatividad y la cultura musical.\",\"sameAs\":[\"https:\/\/web.consaguirre.com.ar\/noticias\"]}]}<\/script>\n<!-- \/ Yoast SEO plugin. -->","yoast_head_json":{"title":"James Bay y Jon Batiste lanzan el nuevo sencillo 'Sunshine in the Room'","robots":{"index":"index","follow":"follow","max-snippet":"max-snippet:-1","max-image-preview":"max-image-preview:large","max-video-preview":"max-video-preview:-1"},"canonical":"https:\/\/web.consaguirre.com.ar\/noticias\/james-bay-y-jon-batiste-lanzan-el-nuevo-sencillo-sunshine-in-the-room\/","og_locale":"es_ES","og_type":"article","og_title":"James Bay y Jon Batiste lanzan el nuevo sencillo 'Sunshine in the Room'","og_description":"Por primera vez, James Bay y Jon Batiste se han asociado con una nueva canci\u00f3n. Los dos talentos galardonados unen fuerzas en el nuevo y","og_url":"https:\/\/web.consaguirre.com.ar\/noticias\/james-bay-y-jon-batiste-lanzan-el-nuevo-sencillo-sunshine-in-the-room\/","og_site_name":"Conservatorio de M\u00fasica Juli\u00e1n Aguirre","article_published_time":"2025-02-04T20:41:19+00:00","article_modified_time":"2025-02-04T20:41:21+00:00","og_image":[{"width":1280,"height":1280,"url":"https:\/\/web.consaguirre.com.ar\/noticias\/wp-content\/uploads\/2025\/02\/James-Bay-y-Jon-Batiste-lanzan-el-nuevo-sencillo-Sunshine.jpg","type":"image\/jpeg"}],"author":"Javier Figueroa","twitter_card":"summary_large_image","twitter_misc":{"Escrito por":"Javier Figueroa","Tiempo de lectura":"2 minutos"},"schema":{"@context":"https:\/\/schema.org","@graph":[{"@type":"Article","@id":"https:\/\/web.consaguirre.com.ar\/noticias\/james-bay-y-jon-batiste-lanzan-el-nuevo-sencillo-sunshine-in-the-room\/#article","isPartOf":{"@id":"https:\/\/web.consaguirre.com.ar\/noticias\/james-bay-y-jon-batiste-lanzan-el-nuevo-sencillo-sunshine-in-the-room\/"},"author":{"name":"Javier Figueroa","@id":"https:\/\/web.consaguirre.com.ar\/noticias\/#\/schema\/person\/6558b0cfedee7ddc5425602b237d5722"},"headline":"James Bay y Jon Batiste lanzan el nuevo sencillo &#8216;Sunshine in the Room&#8217;","datePublished":"2025-02-04T20:41:19+00:00","dateModified":"2025-02-04T20:41:21+00:00","mainEntityOfPage":{"@id":"https:\/\/web.consaguirre.com.ar\/noticias\/james-bay-y-jon-batiste-lanzan-el-nuevo-sencillo-sunshine-in-the-room\/"},"wordCount":379,"publisher":{"@id":"https:\/\/web.consaguirre.com.ar\/noticias\/#organization"},"image":{"@id":"https:\/\/web.consaguirre.com.ar\/noticias\/james-bay-y-jon-batiste-lanzan-el-nuevo-sencillo-sunshine-in-the-room\/#primaryimage"},"thumbnailUrl":"https:\/\/web.consaguirre.com.ar\/noticias\/wp-content\/uploads\/2025\/02\/James-Bay-y-Jon-Batiste-lanzan-el-nuevo-sencillo-Sunshine.jpg","keywords":["Batiste","Bay","James","Jon","lanzan","nuevo","Room","sencillo","Sunshine"],"articleSection":["El \u00faltimo"],"inLanguage":"es-AR"},{"@type":"WebPage","@id":"https:\/\/web.consaguirre.com.ar\/noticias\/james-bay-y-jon-batiste-lanzan-el-nuevo-sencillo-sunshine-in-the-room\/","url":"https:\/\/web.consaguirre.com.ar\/noticias\/james-bay-y-jon-batiste-lanzan-el-nuevo-sencillo-sunshine-in-the-room\/","name":"James Bay y Jon Batiste lanzan el nuevo sencillo 'Sunshine in the Room'","isPartOf":{"@id":"https:\/\/web.consaguirre.com.ar\/noticias\/#website"},"primaryImageOfPage":{"@id":"https:\/\/web.consaguirre.com.ar\/noticias\/james-bay-y-jon-batiste-lanzan-el-nuevo-sencillo-sunshine-in-the-room\/#primaryimage"},"image":{"@id":"https:\/\/web.consaguirre.com.ar\/noticias\/james-bay-y-jon-batiste-lanzan-el-nuevo-sencillo-sunshine-in-the-room\/#primaryimage"},"thumbnailUrl":"https:\/\/web.consaguirre.com.ar\/noticias\/wp-content\/uploads\/2025\/02\/James-Bay-y-Jon-Batiste-lanzan-el-nuevo-sencillo-Sunshine.jpg","datePublished":"2025-02-04T20:41:19+00:00","dateModified":"2025-02-04T20:41:21+00:00","breadcrumb":{"@id":"https:\/\/web.consaguirre.com.ar\/noticias\/james-bay-y-jon-batiste-lanzan-el-nuevo-sencillo-sunshine-in-the-room\/#breadcrumb"},"inLanguage":"es-AR","potentialAction":[{"@type":"ReadAction","target":["https:\/\/web.consaguirre.com.ar\/noticias\/james-bay-y-jon-batiste-lanzan-el-nuevo-sencillo-sunshine-in-the-room\/"]}]},{"@type":"ImageObject","inLanguage":"es-AR","@id":"https:\/\/web.consaguirre.com.ar\/noticias\/james-bay-y-jon-batiste-lanzan-el-nuevo-sencillo-sunshine-in-the-room\/#primaryimage","url":"https:\/\/web.consaguirre.com.ar\/noticias\/wp-content\/uploads\/2025\/02\/James-Bay-y-Jon-Batiste-lanzan-el-nuevo-sencillo-Sunshine.jpg","contentUrl":"https:\/\/web.consaguirre.com.ar\/noticias\/wp-content\/uploads\/2025\/02\/James-Bay-y-Jon-Batiste-lanzan-el-nuevo-sencillo-Sunshine.jpg","width":1280,"height":1280,"caption":"James Bay y Jon Batiste lanzan el nuevo sencillo 'Sunshine in the Room'"},{"@type":"BreadcrumbList","@id":"https:\/\/web.consaguirre.com.ar\/noticias\/james-bay-y-jon-batiste-lanzan-el-nuevo-sencillo-sunshine-in-the-room\/#breadcrumb","itemListElement":[{"@type":"ListItem","position":1,"name":"Inicio","item":"https:\/\/web.consaguirre.com.ar\/noticias\/"},{"@type":"ListItem","position":2,"name":"James Bay y Jon Batiste lanzan el nuevo sencillo &#8216;Sunshine in the Room&#8217;"}]},{"@type":"WebSite","@id":"https:\/\/web.consaguirre.com.ar\/noticias\/#website","url":"https:\/\/web.consaguirre.com.ar\/noticias\/","name":"Conservatorio de M\u00fasica Juli\u00e1n Aguirre","description":"","publisher":{"@id":"https:\/\/web.consaguirre.com.ar\/noticias\/#organization"},"potentialAction":[{"@type":"SearchAction","target":{"@type":"EntryPoint","urlTemplate":"https:\/\/web.consaguirre.com.ar\/noticias\/?s={search_term_string}"},"query-input":"required name=search_term_string"}],"inLanguage":"es-AR"},{"@type":"Organization","@id":"https:\/\/web.consaguirre.com.ar\/noticias\/#organization","name":"Conservatorio de M\u00fasica Juli\u00e1n Aguirre","url":"https:\/\/web.consaguirre.com.ar\/noticias\/","logo":{"@type":"ImageObject","inLanguage":"es-AR","@id":"https:\/\/web.consaguirre.com.ar\/noticias\/#\/schema\/logo\/image\/","url":"https:\/\/web.consaguirre.com.ar\/noticias\/wp-content\/uploads\/2024\/08\/Banner-Aguirre-23.jpg","contentUrl":"https:\/\/web.consaguirre.com.ar\/noticias\/wp-content\/uploads\/2024\/08\/Banner-Aguirre-23.jpg","width":1192,"height":600,"caption":"Conservatorio de M\u00fasica Juli\u00e1n Aguirre"},"image":{"@id":"https:\/\/web.consaguirre.com.ar\/noticias\/#\/schema\/logo\/image\/"}},{"@type":"Person","@id":"https:\/\/web.consaguirre.com.ar\/noticias\/#\/schema\/person\/6558b0cfedee7ddc5425602b237d5722","name":"Javier Figueroa","image":{"@type":"ImageObject","inLanguage":"es-AR","@id":"https:\/\/web.consaguirre.com.ar\/noticias\/#\/schema\/person\/image\/","url":"https:\/\/web.consaguirre.com.ar\/noticias\/wp-content\/uploads\/2024\/08\/Consaguirre-scaled.jpg","contentUrl":"https:\/\/web.consaguirre.com.ar\/noticias\/wp-content\/uploads\/2024\/08\/Consaguirre-scaled.jpg","caption":"Javier Figueroa"},"description":"Me llamo Javier Figueroa y soy redactor para el sitio oficial del Conservatorio de M\u00fasica Juli\u00e1n Aguirre en Buenos Aires, consaguirre.com. Apasionado por la m\u00fasica y la escritura, me esfuerzo por destacar los talentos y eventos de nuestra prestigiosa instituci\u00f3n. Mi trayectoria se nutre de una profunda admiraci\u00f3n por los artistas, haciendo de cada art\u00edculo una celebraci\u00f3n de la creatividad y la cultura musical.","sameAs":["https:\/\/web.consaguirre.com.ar\/noticias"]}]}},"_links":{"self":[{"href":"https:\/\/web.consaguirre.com.ar\/noticias\/wp-json\/wp\/v2\/posts\/1772"}],"collection":[{"href":"https:\/\/web.consaguirre.com.ar\/noticias\/wp-json\/wp\/v2\/posts"}],"about":[{"href":"https:\/\/web.consaguirre.com.ar\/noticias\/wp-json\/wp\/v2\/types\/post"}],"author":[{"embeddable":true,"href":"https:\/\/web.consaguirre.com.ar\/noticias\/wp-json\/wp\/v2\/users\/1"}],"replies":[{"embeddable":true,"href":"https:\/\/web.consaguirre.com.ar\/noticias\/wp-json\/wp\/v2\/comments?post=1772"}],"version-history":[{"count":1,"href":"https:\/\/web.consaguirre.com.ar\/noticias\/wp-json\/wp\/v2\/posts\/1772\/revisions"}],"predecessor-version":[{"id":1774,"href":"https:\/\/web.consaguirre.com.ar\/noticias\/wp-json\/wp\/v2\/posts\/1772\/revisions\/1774"}],"wp:featuredmedia":[{"embeddable":true,"href":"https:\/\/web.consaguirre.com.ar\/noticias\/wp-json\/wp\/v2\/media\/1773"}],"wp:attachment":[{"href":"https:\/\/web.consaguirre.com.ar\/noticias\/wp-json\/wp\/v2\/media?parent=1772"}],"wp:term":[{"taxonomy":"category","embeddable":true,"href":"https:\/\/web.consaguirre.com.ar\/noticias\/wp-json\/wp\/v2\/categories?post=1772"},{"taxonomy":"post_tag","embeddable":true,"href":"https:\/\/web.consaguirre.com.ar\/noticias\/wp-json\/wp\/v2\/tags?post=1772"}],"curies":[{"name":"wp","href":"https:\/\/api.w.org\/{rel}","templated":true}]}}