{"id":1760,"date":"2025-02-04T02:38:46","date_gmt":"2025-02-04T05:38:46","guid":{"rendered":"https:\/\/web.consaguirre.com.ar\/noticias\/nirvana-se-reune-en-fireaid-de-los-angeles\/"},"modified":"2025-02-04T02:38:48","modified_gmt":"2025-02-04T05:38:48","slug":"nirvana-se-reune-en-fireaid-de-los-angeles","status":"publish","type":"post","link":"https:\/\/web.consaguirre.com.ar\/noticias\/nirvana-se-reune-en-fireaid-de-los-angeles\/","title":{"rendered":"Nirvana se re\u00fane en Fireaid de Los \u00c1ngeles"},"content":{"rendered":"<p>La semana pasada, <strong>Nirvana<\/strong> realiz\u00f3 una reuni\u00f3n sorpresa ambientada en el beneficio de FireAid de Los \u00c1ngeles. Los miembros sobrevivientes Dave Grohl, Krist Novoselic y Pat Smear tocaron cuatro cl\u00e1sicos junto a una tripulaci\u00f3n de m\u00fasicas femeninas de las estrellas para el difunto l\u00edder de la banda Kurt Cobain.<\/p>\n<p>San Vicente se uni\u00f3 a la banda para <strong><em>No importa<\/em><\/strong>&#8220;Raza&#8221; mientras Kim Gordon cant\u00f3 la &#8220;escuela&#8221; profunda, una pista de 1989 <em>Lej\u00eda<\/em>. Joan Jett toc\u00f3 los punky &#8220;Pishings territoriales&#8221;. La hija de Grohl, Violet, se uni\u00f3 al grupo para el set m\u00e1s cerrado &#8220;All Disculpies&#8221;, la canci\u00f3n de cierre del \u00e1lbum de estudio final de Nirvana, 1993 <strong><em>En el \u00fatero<\/em><\/strong>. Para esa canci\u00f3n, Gordon toc\u00f3 el bajo, y Novoselic cambi\u00f3 al acorde\u00f3n.<\/p>\n<div class=\"uD-YT-container\"><img decoding=\"async\" src=\"https:\/\/web.consaguirre.com.ar\/noticias\/wp-content\/uploads\/2025\/02\/1738647526_911_Nirvana-se-reune-en-Fireaid-de-Los-Angeles.jpg\" alt=\"Video de YouTube\"><br \/>Haga clic para cargar video<\/div>\n<p>Los miembros de Nirvana se reunieron en 2014 cuando fueron incluidos en el Sal\u00f3n de la Fama del Rock and Roll. San Vicente, Gordon y Jett tambi\u00e9n se unieron a la banda para esa ocasi\u00f3n; Lorde interpret\u00f3 la voz de &#8220;All Disculies&#8221;. Despu\u00e9s de la ceremonia del rock Hall, Nirvana toc\u00f3 un espect\u00e1culo secreto en el lugar de Brooklyn ahora cerrado St. Vitus. Jett tambi\u00e9n actu\u00f3 anteriormente junto con Nirvana en el Cal Jam Music Festival de 2018.<\/p>\n<p>Fireaid tuvo lugar en el Intuit Dome y el Foro KIA. Los fondos recaudados por Fireaid se destinar\u00e1n a la reconstrucci\u00f3n de las comunidades que fueron devastadas por los incendios forestales de enero. Las estrellas del pop, los socorristas y los lugare\u00f1os de Los \u00c1ngeles ayudaron a mostrar amor por la ciudad.<\/p>\n<p>Otros artistas incluyeron Green Day, a quien se unieron a los nativos de Los \u00c1ngeles <strong>Billie Eilish<\/strong> para &#8220;anoche en la tierra&#8221;. Eilish toc\u00f3 un set ac\u00fastico m\u00e1s tarde en la noche con su hermano Finneas. Otros aspectos destacados de la noche incluyeron a Joni Mitchell realizando &#8220;Ambos lados ahora&#8221; con la ayuda de Blake Mills; Los invitados sorpresa de Anderson .Paak, Dr. Dre y Sheila E., con Dre jugando &#8220;Still Dre&#8221; y &#8220;California Love&#8221;. Graham Nash y Stephen Stills se reunieron para &#8220;Teach Your Children&#8221;, tocando junto a la banda local Dawes. <strong>No hay duda<\/strong> reun\u00ed de nuevo y jug\u00f3 &#8220;Just A Girl&#8221;, &#8220;No hables&#8221; y m\u00e1s.<\/p>\n<p> <strong>y Spotify.<\/strong><\/p>\n","protected":false},"excerpt":{"rendered":"<p>La semana pasada, Nirvana realiz\u00f3 una reuni\u00f3n sorpresa ambientada en el beneficio de FireAid de Los \u00c1ngeles. Los miembros sobrevivientes Dave Grohl, Krist Novoselic y<\/p>\n","protected":false},"author":1,"featured_media":1761,"comment_status":"closed","ping_status":"","sticky":false,"template":"","format":"standard","meta":{"footnotes":""},"categories":[50],"tags":[1627,1710,180,1803,1804],"class_list":["post-1760","post","type-post","status-publish","format-standard","has-post-thumbnail","hentry","category-el-ultimo","tag-angeles","tag-fireaid","tag-los","tag-nirvana","tag-reune","generate-columns","tablet-grid-50","mobile-grid-100","grid-parent","grid-50"],"yoast_head":"<!-- This site is optimized with the Yoast SEO plugin v23.3 - https:\/\/yoast.com\/wordpress\/plugins\/seo\/ -->\n<title>Nirvana se re\u00fane en Fireaid de Los \u00c1ngeles<\/title>\n<meta name=\"robots\" content=\"index, follow, max-snippet:-1, max-image-preview:large, max-video-preview:-1\" \/>\n<link rel=\"canonical\" href=\"https:\/\/web.consaguirre.com.ar\/noticias\/nirvana-se-reune-en-fireaid-de-los-angeles\/\" \/>\n<meta property=\"og:locale\" content=\"es_ES\" \/>\n<meta property=\"og:type\" content=\"article\" \/>\n<meta property=\"og:title\" content=\"Nirvana se re\u00fane en Fireaid de Los \u00c1ngeles\" \/>\n<meta property=\"og:description\" content=\"La semana pasada, Nirvana realiz\u00f3 una reuni\u00f3n sorpresa ambientada en el beneficio de FireAid de Los \u00c1ngeles. Los miembros sobrevivientes Dave Grohl, Krist Novoselic y\" \/>\n<meta property=\"og:url\" content=\"https:\/\/web.consaguirre.com.ar\/noticias\/nirvana-se-reune-en-fireaid-de-los-angeles\/\" \/>\n<meta property=\"og:site_name\" content=\"Conservatorio de M\u00fasica Juli\u00e1n Aguirre\" \/>\n<meta property=\"article:published_time\" content=\"2025-02-04T05:38:46+00:00\" \/>\n<meta property=\"article:modified_time\" content=\"2025-02-04T05:38:48+00:00\" \/>\n<meta property=\"og:image\" content=\"https:\/\/web.consaguirre.com.ar\/noticias\/wp-content\/uploads\/2025\/02\/Nirvana-se-reune-en-Fireaid-de-Los-Angeles.jpg\" \/>\n\t<meta property=\"og:image:width\" content=\"1440\" \/>\n\t<meta property=\"og:image:height\" content=\"864\" \/>\n\t<meta property=\"og:image:type\" content=\"image\/jpeg\" \/>\n<meta name=\"author\" content=\"Javier Figueroa\" \/>\n<meta name=\"twitter:card\" content=\"summary_large_image\" \/>\n<meta name=\"twitter:label1\" content=\"Escrito por\" \/>\n\t<meta name=\"twitter:data1\" content=\"Javier Figueroa\" \/>\n\t<meta name=\"twitter:label2\" content=\"Tiempo de lectura\" \/>\n\t<meta name=\"twitter:data2\" content=\"2 minutos\" \/>\n<script type=\"application\/ld+json\" class=\"yoast-schema-graph\">{\"@context\":\"https:\/\/schema.org\",\"@graph\":[{\"@type\":\"Article\",\"@id\":\"https:\/\/web.consaguirre.com.ar\/noticias\/nirvana-se-reune-en-fireaid-de-los-angeles\/#article\",\"isPartOf\":{\"@id\":\"https:\/\/web.consaguirre.com.ar\/noticias\/nirvana-se-reune-en-fireaid-de-los-angeles\/\"},\"author\":{\"name\":\"Javier Figueroa\",\"@id\":\"https:\/\/web.consaguirre.com.ar\/noticias\/#\/schema\/person\/6558b0cfedee7ddc5425602b237d5722\"},\"headline\":\"Nirvana se re\u00fane en Fireaid de Los \u00c1ngeles\",\"datePublished\":\"2025-02-04T05:38:46+00:00\",\"dateModified\":\"2025-02-04T05:38:48+00:00\",\"mainEntityOfPage\":{\"@id\":\"https:\/\/web.consaguirre.com.ar\/noticias\/nirvana-se-reune-en-fireaid-de-los-angeles\/\"},\"wordCount\":394,\"publisher\":{\"@id\":\"https:\/\/web.consaguirre.com.ar\/noticias\/#organization\"},\"image\":{\"@id\":\"https:\/\/web.consaguirre.com.ar\/noticias\/nirvana-se-reune-en-fireaid-de-los-angeles\/#primaryimage\"},\"thumbnailUrl\":\"https:\/\/web.consaguirre.com.ar\/noticias\/wp-content\/uploads\/2025\/02\/Nirvana-se-reune-en-Fireaid-de-Los-Angeles.jpg\",\"keywords\":[\"\u00c1ngeles\",\"FireAid\",\"los\",\"Nirvana\",\"re\u00fane\"],\"articleSection\":[\"El \u00faltimo\"],\"inLanguage\":\"es-AR\"},{\"@type\":\"WebPage\",\"@id\":\"https:\/\/web.consaguirre.com.ar\/noticias\/nirvana-se-reune-en-fireaid-de-los-angeles\/\",\"url\":\"https:\/\/web.consaguirre.com.ar\/noticias\/nirvana-se-reune-en-fireaid-de-los-angeles\/\",\"name\":\"Nirvana se re\u00fane en Fireaid de Los \u00c1ngeles\",\"isPartOf\":{\"@id\":\"https:\/\/web.consaguirre.com.ar\/noticias\/#website\"},\"primaryImageOfPage\":{\"@id\":\"https:\/\/web.consaguirre.com.ar\/noticias\/nirvana-se-reune-en-fireaid-de-los-angeles\/#primaryimage\"},\"image\":{\"@id\":\"https:\/\/web.consaguirre.com.ar\/noticias\/nirvana-se-reune-en-fireaid-de-los-angeles\/#primaryimage\"},\"thumbnailUrl\":\"https:\/\/web.consaguirre.com.ar\/noticias\/wp-content\/uploads\/2025\/02\/Nirvana-se-reune-en-Fireaid-de-Los-Angeles.jpg\",\"datePublished\":\"2025-02-04T05:38:46+00:00\",\"dateModified\":\"2025-02-04T05:38:48+00:00\",\"breadcrumb\":{\"@id\":\"https:\/\/web.consaguirre.com.ar\/noticias\/nirvana-se-reune-en-fireaid-de-los-angeles\/#breadcrumb\"},\"inLanguage\":\"es-AR\",\"potentialAction\":[{\"@type\":\"ReadAction\",\"target\":[\"https:\/\/web.consaguirre.com.ar\/noticias\/nirvana-se-reune-en-fireaid-de-los-angeles\/\"]}]},{\"@type\":\"ImageObject\",\"inLanguage\":\"es-AR\",\"@id\":\"https:\/\/web.consaguirre.com.ar\/noticias\/nirvana-se-reune-en-fireaid-de-los-angeles\/#primaryimage\",\"url\":\"https:\/\/web.consaguirre.com.ar\/noticias\/wp-content\/uploads\/2025\/02\/Nirvana-se-reune-en-Fireaid-de-Los-Angeles.jpg\",\"contentUrl\":\"https:\/\/web.consaguirre.com.ar\/noticias\/wp-content\/uploads\/2025\/02\/Nirvana-se-reune-en-Fireaid-de-Los-Angeles.jpg\",\"width\":1440,\"height\":864,\"caption\":\"Nirvana se re\u00fane en Fireaid de Los \u00c1ngeles\"},{\"@type\":\"BreadcrumbList\",\"@id\":\"https:\/\/web.consaguirre.com.ar\/noticias\/nirvana-se-reune-en-fireaid-de-los-angeles\/#breadcrumb\",\"itemListElement\":[{\"@type\":\"ListItem\",\"position\":1,\"name\":\"Inicio\",\"item\":\"https:\/\/web.consaguirre.com.ar\/noticias\/\"},{\"@type\":\"ListItem\",\"position\":2,\"name\":\"Nirvana se re\u00fane en Fireaid de Los \u00c1ngeles\"}]},{\"@type\":\"WebSite\",\"@id\":\"https:\/\/web.consaguirre.com.ar\/noticias\/#website\",\"url\":\"https:\/\/web.consaguirre.com.ar\/noticias\/\",\"name\":\"Conservatorio de M\u00fasica Juli\u00e1n Aguirre\",\"description\":\"\",\"publisher\":{\"@id\":\"https:\/\/web.consaguirre.com.ar\/noticias\/#organization\"},\"potentialAction\":[{\"@type\":\"SearchAction\",\"target\":{\"@type\":\"EntryPoint\",\"urlTemplate\":\"https:\/\/web.consaguirre.com.ar\/noticias\/?s={search_term_string}\"},\"query-input\":\"required name=search_term_string\"}],\"inLanguage\":\"es-AR\"},{\"@type\":\"Organization\",\"@id\":\"https:\/\/web.consaguirre.com.ar\/noticias\/#organization\",\"name\":\"Conservatorio de M\u00fasica Juli\u00e1n Aguirre\",\"url\":\"https:\/\/web.consaguirre.com.ar\/noticias\/\",\"logo\":{\"@type\":\"ImageObject\",\"inLanguage\":\"es-AR\",\"@id\":\"https:\/\/web.consaguirre.com.ar\/noticias\/#\/schema\/logo\/image\/\",\"url\":\"https:\/\/web.consaguirre.com.ar\/noticias\/wp-content\/uploads\/2024\/08\/Banner-Aguirre-23.jpg\",\"contentUrl\":\"https:\/\/web.consaguirre.com.ar\/noticias\/wp-content\/uploads\/2024\/08\/Banner-Aguirre-23.jpg\",\"width\":1192,\"height\":600,\"caption\":\"Conservatorio de M\u00fasica Juli\u00e1n Aguirre\"},\"image\":{\"@id\":\"https:\/\/web.consaguirre.com.ar\/noticias\/#\/schema\/logo\/image\/\"}},{\"@type\":\"Person\",\"@id\":\"https:\/\/web.consaguirre.com.ar\/noticias\/#\/schema\/person\/6558b0cfedee7ddc5425602b237d5722\",\"name\":\"Javier Figueroa\",\"image\":{\"@type\":\"ImageObject\",\"inLanguage\":\"es-AR\",\"@id\":\"https:\/\/web.consaguirre.com.ar\/noticias\/#\/schema\/person\/image\/\",\"url\":\"https:\/\/web.consaguirre.com.ar\/noticias\/wp-content\/uploads\/2024\/08\/Consaguirre-scaled.jpg\",\"contentUrl\":\"https:\/\/web.consaguirre.com.ar\/noticias\/wp-content\/uploads\/2024\/08\/Consaguirre-scaled.jpg\",\"caption\":\"Javier Figueroa\"},\"description\":\"Me llamo Javier Figueroa y soy redactor para el sitio oficial del Conservatorio de M\u00fasica Juli\u00e1n Aguirre en Buenos Aires, consaguirre.com. Apasionado por la m\u00fasica y la escritura, me esfuerzo por destacar los talentos y eventos de nuestra prestigiosa instituci\u00f3n. Mi trayectoria se nutre de una profunda admiraci\u00f3n por los artistas, haciendo de cada art\u00edculo una celebraci\u00f3n de la creatividad y la cultura musical.\",\"sameAs\":[\"https:\/\/web.consaguirre.com.ar\/noticias\"]}]}<\/script>\n<!-- \/ Yoast SEO plugin. -->","yoast_head_json":{"title":"Nirvana se re\u00fane en Fireaid de Los \u00c1ngeles","robots":{"index":"index","follow":"follow","max-snippet":"max-snippet:-1","max-image-preview":"max-image-preview:large","max-video-preview":"max-video-preview:-1"},"canonical":"https:\/\/web.consaguirre.com.ar\/noticias\/nirvana-se-reune-en-fireaid-de-los-angeles\/","og_locale":"es_ES","og_type":"article","og_title":"Nirvana se re\u00fane en Fireaid de Los \u00c1ngeles","og_description":"La semana pasada, Nirvana realiz\u00f3 una reuni\u00f3n sorpresa ambientada en el beneficio de FireAid de Los \u00c1ngeles. Los miembros sobrevivientes Dave Grohl, Krist Novoselic y","og_url":"https:\/\/web.consaguirre.com.ar\/noticias\/nirvana-se-reune-en-fireaid-de-los-angeles\/","og_site_name":"Conservatorio de M\u00fasica Juli\u00e1n Aguirre","article_published_time":"2025-02-04T05:38:46+00:00","article_modified_time":"2025-02-04T05:38:48+00:00","og_image":[{"width":1440,"height":864,"url":"https:\/\/web.consaguirre.com.ar\/noticias\/wp-content\/uploads\/2025\/02\/Nirvana-se-reune-en-Fireaid-de-Los-Angeles.jpg","type":"image\/jpeg"}],"author":"Javier Figueroa","twitter_card":"summary_large_image","twitter_misc":{"Escrito por":"Javier Figueroa","Tiempo de lectura":"2 minutos"},"schema":{"@context":"https:\/\/schema.org","@graph":[{"@type":"Article","@id":"https:\/\/web.consaguirre.com.ar\/noticias\/nirvana-se-reune-en-fireaid-de-los-angeles\/#article","isPartOf":{"@id":"https:\/\/web.consaguirre.com.ar\/noticias\/nirvana-se-reune-en-fireaid-de-los-angeles\/"},"author":{"name":"Javier Figueroa","@id":"https:\/\/web.consaguirre.com.ar\/noticias\/#\/schema\/person\/6558b0cfedee7ddc5425602b237d5722"},"headline":"Nirvana se re\u00fane en Fireaid de Los \u00c1ngeles","datePublished":"2025-02-04T05:38:46+00:00","dateModified":"2025-02-04T05:38:48+00:00","mainEntityOfPage":{"@id":"https:\/\/web.consaguirre.com.ar\/noticias\/nirvana-se-reune-en-fireaid-de-los-angeles\/"},"wordCount":394,"publisher":{"@id":"https:\/\/web.consaguirre.com.ar\/noticias\/#organization"},"image":{"@id":"https:\/\/web.consaguirre.com.ar\/noticias\/nirvana-se-reune-en-fireaid-de-los-angeles\/#primaryimage"},"thumbnailUrl":"https:\/\/web.consaguirre.com.ar\/noticias\/wp-content\/uploads\/2025\/02\/Nirvana-se-reune-en-Fireaid-de-Los-Angeles.jpg","keywords":["\u00c1ngeles","FireAid","los","Nirvana","re\u00fane"],"articleSection":["El \u00faltimo"],"inLanguage":"es-AR"},{"@type":"WebPage","@id":"https:\/\/web.consaguirre.com.ar\/noticias\/nirvana-se-reune-en-fireaid-de-los-angeles\/","url":"https:\/\/web.consaguirre.com.ar\/noticias\/nirvana-se-reune-en-fireaid-de-los-angeles\/","name":"Nirvana se re\u00fane en Fireaid de Los \u00c1ngeles","isPartOf":{"@id":"https:\/\/web.consaguirre.com.ar\/noticias\/#website"},"primaryImageOfPage":{"@id":"https:\/\/web.consaguirre.com.ar\/noticias\/nirvana-se-reune-en-fireaid-de-los-angeles\/#primaryimage"},"image":{"@id":"https:\/\/web.consaguirre.com.ar\/noticias\/nirvana-se-reune-en-fireaid-de-los-angeles\/#primaryimage"},"thumbnailUrl":"https:\/\/web.consaguirre.com.ar\/noticias\/wp-content\/uploads\/2025\/02\/Nirvana-se-reune-en-Fireaid-de-Los-Angeles.jpg","datePublished":"2025-02-04T05:38:46+00:00","dateModified":"2025-02-04T05:38:48+00:00","breadcrumb":{"@id":"https:\/\/web.consaguirre.com.ar\/noticias\/nirvana-se-reune-en-fireaid-de-los-angeles\/#breadcrumb"},"inLanguage":"es-AR","potentialAction":[{"@type":"ReadAction","target":["https:\/\/web.consaguirre.com.ar\/noticias\/nirvana-se-reune-en-fireaid-de-los-angeles\/"]}]},{"@type":"ImageObject","inLanguage":"es-AR","@id":"https:\/\/web.consaguirre.com.ar\/noticias\/nirvana-se-reune-en-fireaid-de-los-angeles\/#primaryimage","url":"https:\/\/web.consaguirre.com.ar\/noticias\/wp-content\/uploads\/2025\/02\/Nirvana-se-reune-en-Fireaid-de-Los-Angeles.jpg","contentUrl":"https:\/\/web.consaguirre.com.ar\/noticias\/wp-content\/uploads\/2025\/02\/Nirvana-se-reune-en-Fireaid-de-Los-Angeles.jpg","width":1440,"height":864,"caption":"Nirvana se re\u00fane en Fireaid de Los \u00c1ngeles"},{"@type":"BreadcrumbList","@id":"https:\/\/web.consaguirre.com.ar\/noticias\/nirvana-se-reune-en-fireaid-de-los-angeles\/#breadcrumb","itemListElement":[{"@type":"ListItem","position":1,"name":"Inicio","item":"https:\/\/web.consaguirre.com.ar\/noticias\/"},{"@type":"ListItem","position":2,"name":"Nirvana se re\u00fane en Fireaid de Los \u00c1ngeles"}]},{"@type":"WebSite","@id":"https:\/\/web.consaguirre.com.ar\/noticias\/#website","url":"https:\/\/web.consaguirre.com.ar\/noticias\/","name":"Conservatorio de M\u00fasica Juli\u00e1n Aguirre","description":"","publisher":{"@id":"https:\/\/web.consaguirre.com.ar\/noticias\/#organization"},"potentialAction":[{"@type":"SearchAction","target":{"@type":"EntryPoint","urlTemplate":"https:\/\/web.consaguirre.com.ar\/noticias\/?s={search_term_string}"},"query-input":"required name=search_term_string"}],"inLanguage":"es-AR"},{"@type":"Organization","@id":"https:\/\/web.consaguirre.com.ar\/noticias\/#organization","name":"Conservatorio de M\u00fasica Juli\u00e1n Aguirre","url":"https:\/\/web.consaguirre.com.ar\/noticias\/","logo":{"@type":"ImageObject","inLanguage":"es-AR","@id":"https:\/\/web.consaguirre.com.ar\/noticias\/#\/schema\/logo\/image\/","url":"https:\/\/web.consaguirre.com.ar\/noticias\/wp-content\/uploads\/2024\/08\/Banner-Aguirre-23.jpg","contentUrl":"https:\/\/web.consaguirre.com.ar\/noticias\/wp-content\/uploads\/2024\/08\/Banner-Aguirre-23.jpg","width":1192,"height":600,"caption":"Conservatorio de M\u00fasica Juli\u00e1n Aguirre"},"image":{"@id":"https:\/\/web.consaguirre.com.ar\/noticias\/#\/schema\/logo\/image\/"}},{"@type":"Person","@id":"https:\/\/web.consaguirre.com.ar\/noticias\/#\/schema\/person\/6558b0cfedee7ddc5425602b237d5722","name":"Javier Figueroa","image":{"@type":"ImageObject","inLanguage":"es-AR","@id":"https:\/\/web.consaguirre.com.ar\/noticias\/#\/schema\/person\/image\/","url":"https:\/\/web.consaguirre.com.ar\/noticias\/wp-content\/uploads\/2024\/08\/Consaguirre-scaled.jpg","contentUrl":"https:\/\/web.consaguirre.com.ar\/noticias\/wp-content\/uploads\/2024\/08\/Consaguirre-scaled.jpg","caption":"Javier Figueroa"},"description":"Me llamo Javier Figueroa y soy redactor para el sitio oficial del Conservatorio de M\u00fasica Juli\u00e1n Aguirre en Buenos Aires, consaguirre.com. Apasionado por la m\u00fasica y la escritura, me esfuerzo por destacar los talentos y eventos de nuestra prestigiosa instituci\u00f3n. Mi trayectoria se nutre de una profunda admiraci\u00f3n por los artistas, haciendo de cada art\u00edculo una celebraci\u00f3n de la creatividad y la cultura musical.","sameAs":["https:\/\/web.consaguirre.com.ar\/noticias"]}]}},"_links":{"self":[{"href":"https:\/\/web.consaguirre.com.ar\/noticias\/wp-json\/wp\/v2\/posts\/1760"}],"collection":[{"href":"https:\/\/web.consaguirre.com.ar\/noticias\/wp-json\/wp\/v2\/posts"}],"about":[{"href":"https:\/\/web.consaguirre.com.ar\/noticias\/wp-json\/wp\/v2\/types\/post"}],"author":[{"embeddable":true,"href":"https:\/\/web.consaguirre.com.ar\/noticias\/wp-json\/wp\/v2\/users\/1"}],"replies":[{"embeddable":true,"href":"https:\/\/web.consaguirre.com.ar\/noticias\/wp-json\/wp\/v2\/comments?post=1760"}],"version-history":[{"count":1,"href":"https:\/\/web.consaguirre.com.ar\/noticias\/wp-json\/wp\/v2\/posts\/1760\/revisions"}],"predecessor-version":[{"id":1762,"href":"https:\/\/web.consaguirre.com.ar\/noticias\/wp-json\/wp\/v2\/posts\/1760\/revisions\/1762"}],"wp:featuredmedia":[{"embeddable":true,"href":"https:\/\/web.consaguirre.com.ar\/noticias\/wp-json\/wp\/v2\/media\/1761"}],"wp:attachment":[{"href":"https:\/\/web.consaguirre.com.ar\/noticias\/wp-json\/wp\/v2\/media?parent=1760"}],"wp:term":[{"taxonomy":"category","embeddable":true,"href":"https:\/\/web.consaguirre.com.ar\/noticias\/wp-json\/wp\/v2\/categories?post=1760"},{"taxonomy":"post_tag","embeddable":true,"href":"https:\/\/web.consaguirre.com.ar\/noticias\/wp-json\/wp\/v2\/tags?post=1760"}],"curies":[{"name":"wp","href":"https:\/\/api.w.org\/{rel}","templated":true}]}}