{"id":1757,"date":"2025-02-03T23:38:16","date_gmt":"2025-02-04T02:38:16","guid":{"rendered":"https:\/\/web.consaguirre.com.ar\/noticias\/maya-delilah-anuncia-el-album-debut-the-long-way-round\/"},"modified":"2025-02-03T23:38:18","modified_gmt":"2025-02-04T02:38:18","slug":"maya-delilah-anuncia-el-album-debut-the-long-way-round","status":"publish","type":"post","link":"https:\/\/web.consaguirre.com.ar\/noticias\/maya-delilah-anuncia-el-album-debut-the-long-way-round\/","title":{"rendered":"Maya Delilah anuncia el \u00e1lbum debut &#8216;The Long Way Round&#8217;"},"content":{"rendered":"<p><strong>Maya Delilah<\/strong> ha anunciado su \u00e1lbum debut de larga duraci\u00f3n, <em>El camino largo<\/em>. El cantante y guitarrista de 24 a\u00f1os de Londres ha compartido una nueva canci\u00f3n llamada &#8220;Squeeze&#8221; antes del disco, que saldr\u00e1 el 28 de marzo a trav\u00e9s de Blue Note\/Capitol.<\/p>\n<p>&#8220;Este \u00e1lbum es una combinaci\u00f3n de muchas partes de m\u00ed&#8221;, dijo Maya Delilah en un comunicado. \u201cEstoy tan influenciado por diferentes g\u00e9neros, personas, lugares y experiencias que siempre me ha sentido dif\u00edcil encajar mi m\u00fasica en un sonido o estado de \u00e1nimo consistente. Me llev\u00f3 mucho tiempo (por lo tanto <em>El camino largo<\/em>) darse cuenta de que es algo hermoso tener un trabajo que explora tantas influencias diferentes &#8220;.<\/p>\n<div class=\"uD-YT-container\"><img decoding=\"async\" src=\"https:\/\/web.consaguirre.com.ar\/noticias\/wp-content\/uploads\/2025\/02\/1738636696_729_Maya-Delilah-anuncia-el-album-debut-The-Long-Way-Round.jpg\" alt=\"Video de YouTube\"><br \/>Haga clic para cargar video<\/div>\n<p>Maya Delilah grab\u00f3 el \u00e1lbum Soul-Pop en Studios en Los \u00c1ngeles e Inglaterra. Trabaj\u00f3 con los productores Peter Miles, Josh Grant, Doug Schadt, Seth Tackaberry y Ben Fletcher y Tom Higham de Aquilo. Otros contribuyentes al \u00e1lbum incluyen a Samm Henshaw, Grace Lightman, miembros de Fizz, el organista Cory Henry y el baterista Aaron Sterling.<\/p>\n<p><em>El camino largo<\/em> Explora la naturaleza c\u00edclica de las relaciones. Cuenta con 12 canciones que incluyen varias pistas previamente lanzadas como &#8220;Collar&#8221;, &#8220;Mira el estado de m\u00ed ahora&#8221; y &#8220;Actriz&#8221;. &#8220;Mi mayor esperanza es que el \u00e1lbum se sienta nost\u00e1lgico con alguien que nunca he conocido antes&#8221;, dice ella.<\/p>\n<p>El jugador de 24 a\u00f1os fue nombrado recientemente un &#8220;Artista para ver&#8221; de 2025 Spotify. Fender anteriormente la nombr\u00f3 como parte de su pr\u00f3xima &#8220;clase de 2024&#8221;.<\/p>\n<p>Durante la pandemia de Covid, la intrincada guitarra de Maya Delilah encontr\u00f3 una audiencia devota en Tiktok. Desde entonces, ella est\u00e1 reparada en dos EPS, 2020&#8217;s <em>Oh chico<\/em> y 2021 <em>No soy yo, eres tu<\/em>. Sus canciones como &#8220;Breakup Season&#8221; y &#8220;Tangerine Dream&#8221; tienen m\u00e1s de 50 millones de transmisiones. En 2022, reinterpret\u00f3 la portada de Cassandra Wilson de &#8220;Harvest Moon&#8221; de Neil Young para <em>Nota azul re: imaginado II<\/em>. Desde que firm\u00f3 con Blue Note\/Capitol, ha lanzado varios singles como &#8220;Silver Lining&#8221; y &#8220;Pretty Face&#8221;.<\/p>\n<p><strong>Ordene Maya Delilah&#8217;s <em>El camino largo<\/em> ahora.<\/strong><\/p>\n","protected":false},"excerpt":{"rendered":"<p>Maya Delilah ha anunciado su \u00e1lbum debut de larga duraci\u00f3n, El camino largo. El cantante y guitarrista de 24 a\u00f1os de Londres ha compartido una<\/p>\n","protected":false},"author":1,"featured_media":1758,"comment_status":"closed","ping_status":"","sticky":false,"template":"","format":"standard","meta":{"footnotes":""},"categories":[50],"tags":[147,56,257,268,274,267],"class_list":["post-1757","post","type-post","status-publish","format-standard","has-post-thumbnail","hentry","category-el-ultimo","tag-album","tag-anuncia","tag-debut","tag-delilah","tag-long","tag-maya","generate-columns","tablet-grid-50","mobile-grid-100","grid-parent","grid-50"],"yoast_head":"<!-- This site is optimized with the Yoast SEO plugin v23.3 - https:\/\/yoast.com\/wordpress\/plugins\/seo\/ -->\n<title>Maya Delilah anuncia el \u00e1lbum debut &#039;The Long Way Round&#039;<\/title>\n<meta name=\"robots\" content=\"index, follow, max-snippet:-1, max-image-preview:large, max-video-preview:-1\" \/>\n<link rel=\"canonical\" href=\"https:\/\/web.consaguirre.com.ar\/noticias\/maya-delilah-anuncia-el-album-debut-the-long-way-round\/\" \/>\n<meta property=\"og:locale\" content=\"es_ES\" \/>\n<meta property=\"og:type\" content=\"article\" \/>\n<meta property=\"og:title\" content=\"Maya Delilah anuncia el \u00e1lbum debut &#039;The Long Way Round&#039;\" \/>\n<meta property=\"og:description\" content=\"Maya Delilah ha anunciado su \u00e1lbum debut de larga duraci\u00f3n, El camino largo. El cantante y guitarrista de 24 a\u00f1os de Londres ha compartido una\" \/>\n<meta property=\"og:url\" content=\"https:\/\/web.consaguirre.com.ar\/noticias\/maya-delilah-anuncia-el-album-debut-the-long-way-round\/\" \/>\n<meta property=\"og:site_name\" content=\"Conservatorio de M\u00fasica Juli\u00e1n Aguirre\" \/>\n<meta property=\"article:published_time\" content=\"2025-02-04T02:38:16+00:00\" \/>\n<meta property=\"article:modified_time\" content=\"2025-02-04T02:38:18+00:00\" \/>\n<meta property=\"og:image\" content=\"https:\/\/web.consaguirre.com.ar\/noticias\/wp-content\/uploads\/2025\/02\/Maya-Delilah-anuncia-el-album-debut-The-Long-Way-Round.jpg\" \/>\n\t<meta property=\"og:image:width\" content=\"1280\" \/>\n\t<meta property=\"og:image:height\" content=\"1280\" \/>\n\t<meta property=\"og:image:type\" content=\"image\/jpeg\" \/>\n<meta name=\"author\" content=\"Javier Figueroa\" \/>\n<meta name=\"twitter:card\" content=\"summary_large_image\" \/>\n<meta name=\"twitter:label1\" content=\"Escrito por\" \/>\n\t<meta name=\"twitter:data1\" content=\"Javier Figueroa\" \/>\n\t<meta name=\"twitter:label2\" content=\"Tiempo de lectura\" \/>\n\t<meta name=\"twitter:data2\" content=\"2 minutos\" \/>\n<script type=\"application\/ld+json\" class=\"yoast-schema-graph\">{\"@context\":\"https:\/\/schema.org\",\"@graph\":[{\"@type\":\"Article\",\"@id\":\"https:\/\/web.consaguirre.com.ar\/noticias\/maya-delilah-anuncia-el-album-debut-the-long-way-round\/#article\",\"isPartOf\":{\"@id\":\"https:\/\/web.consaguirre.com.ar\/noticias\/maya-delilah-anuncia-el-album-debut-the-long-way-round\/\"},\"author\":{\"name\":\"Javier Figueroa\",\"@id\":\"https:\/\/web.consaguirre.com.ar\/noticias\/#\/schema\/person\/6558b0cfedee7ddc5425602b237d5722\"},\"headline\":\"Maya Delilah anuncia el \u00e1lbum debut &#8216;The Long Way Round&#8217;\",\"datePublished\":\"2025-02-04T02:38:16+00:00\",\"dateModified\":\"2025-02-04T02:38:18+00:00\",\"mainEntityOfPage\":{\"@id\":\"https:\/\/web.consaguirre.com.ar\/noticias\/maya-delilah-anuncia-el-album-debut-the-long-way-round\/\"},\"wordCount\":357,\"publisher\":{\"@id\":\"https:\/\/web.consaguirre.com.ar\/noticias\/#organization\"},\"image\":{\"@id\":\"https:\/\/web.consaguirre.com.ar\/noticias\/maya-delilah-anuncia-el-album-debut-the-long-way-round\/#primaryimage\"},\"thumbnailUrl\":\"https:\/\/web.consaguirre.com.ar\/noticias\/wp-content\/uploads\/2025\/02\/Maya-Delilah-anuncia-el-album-debut-The-Long-Way-Round.jpg\",\"keywords\":[\"\u00e1lbum\",\"anuncia\",\"debut\",\"Delilah\",\"Long\",\"Maya\"],\"articleSection\":[\"El \u00faltimo\"],\"inLanguage\":\"es-AR\"},{\"@type\":\"WebPage\",\"@id\":\"https:\/\/web.consaguirre.com.ar\/noticias\/maya-delilah-anuncia-el-album-debut-the-long-way-round\/\",\"url\":\"https:\/\/web.consaguirre.com.ar\/noticias\/maya-delilah-anuncia-el-album-debut-the-long-way-round\/\",\"name\":\"Maya Delilah anuncia el \u00e1lbum debut 'The Long Way Round'\",\"isPartOf\":{\"@id\":\"https:\/\/web.consaguirre.com.ar\/noticias\/#website\"},\"primaryImageOfPage\":{\"@id\":\"https:\/\/web.consaguirre.com.ar\/noticias\/maya-delilah-anuncia-el-album-debut-the-long-way-round\/#primaryimage\"},\"image\":{\"@id\":\"https:\/\/web.consaguirre.com.ar\/noticias\/maya-delilah-anuncia-el-album-debut-the-long-way-round\/#primaryimage\"},\"thumbnailUrl\":\"https:\/\/web.consaguirre.com.ar\/noticias\/wp-content\/uploads\/2025\/02\/Maya-Delilah-anuncia-el-album-debut-The-Long-Way-Round.jpg\",\"datePublished\":\"2025-02-04T02:38:16+00:00\",\"dateModified\":\"2025-02-04T02:38:18+00:00\",\"breadcrumb\":{\"@id\":\"https:\/\/web.consaguirre.com.ar\/noticias\/maya-delilah-anuncia-el-album-debut-the-long-way-round\/#breadcrumb\"},\"inLanguage\":\"es-AR\",\"potentialAction\":[{\"@type\":\"ReadAction\",\"target\":[\"https:\/\/web.consaguirre.com.ar\/noticias\/maya-delilah-anuncia-el-album-debut-the-long-way-round\/\"]}]},{\"@type\":\"ImageObject\",\"inLanguage\":\"es-AR\",\"@id\":\"https:\/\/web.consaguirre.com.ar\/noticias\/maya-delilah-anuncia-el-album-debut-the-long-way-round\/#primaryimage\",\"url\":\"https:\/\/web.consaguirre.com.ar\/noticias\/wp-content\/uploads\/2025\/02\/Maya-Delilah-anuncia-el-album-debut-The-Long-Way-Round.jpg\",\"contentUrl\":\"https:\/\/web.consaguirre.com.ar\/noticias\/wp-content\/uploads\/2025\/02\/Maya-Delilah-anuncia-el-album-debut-The-Long-Way-Round.jpg\",\"width\":1280,\"height\":1280,\"caption\":\"Maya Delilah anuncia el \u00e1lbum debut 'The Long Way Round'\"},{\"@type\":\"BreadcrumbList\",\"@id\":\"https:\/\/web.consaguirre.com.ar\/noticias\/maya-delilah-anuncia-el-album-debut-the-long-way-round\/#breadcrumb\",\"itemListElement\":[{\"@type\":\"ListItem\",\"position\":1,\"name\":\"Inicio\",\"item\":\"https:\/\/web.consaguirre.com.ar\/noticias\/\"},{\"@type\":\"ListItem\",\"position\":2,\"name\":\"Maya Delilah anuncia el \u00e1lbum debut &#8216;The Long Way Round&#8217;\"}]},{\"@type\":\"WebSite\",\"@id\":\"https:\/\/web.consaguirre.com.ar\/noticias\/#website\",\"url\":\"https:\/\/web.consaguirre.com.ar\/noticias\/\",\"name\":\"Conservatorio de M\u00fasica Juli\u00e1n Aguirre\",\"description\":\"\",\"publisher\":{\"@id\":\"https:\/\/web.consaguirre.com.ar\/noticias\/#organization\"},\"potentialAction\":[{\"@type\":\"SearchAction\",\"target\":{\"@type\":\"EntryPoint\",\"urlTemplate\":\"https:\/\/web.consaguirre.com.ar\/noticias\/?s={search_term_string}\"},\"query-input\":\"required name=search_term_string\"}],\"inLanguage\":\"es-AR\"},{\"@type\":\"Organization\",\"@id\":\"https:\/\/web.consaguirre.com.ar\/noticias\/#organization\",\"name\":\"Conservatorio de M\u00fasica Juli\u00e1n Aguirre\",\"url\":\"https:\/\/web.consaguirre.com.ar\/noticias\/\",\"logo\":{\"@type\":\"ImageObject\",\"inLanguage\":\"es-AR\",\"@id\":\"https:\/\/web.consaguirre.com.ar\/noticias\/#\/schema\/logo\/image\/\",\"url\":\"https:\/\/web.consaguirre.com.ar\/noticias\/wp-content\/uploads\/2024\/08\/Banner-Aguirre-23.jpg\",\"contentUrl\":\"https:\/\/web.consaguirre.com.ar\/noticias\/wp-content\/uploads\/2024\/08\/Banner-Aguirre-23.jpg\",\"width\":1192,\"height\":600,\"caption\":\"Conservatorio de M\u00fasica Juli\u00e1n Aguirre\"},\"image\":{\"@id\":\"https:\/\/web.consaguirre.com.ar\/noticias\/#\/schema\/logo\/image\/\"}},{\"@type\":\"Person\",\"@id\":\"https:\/\/web.consaguirre.com.ar\/noticias\/#\/schema\/person\/6558b0cfedee7ddc5425602b237d5722\",\"name\":\"Javier Figueroa\",\"image\":{\"@type\":\"ImageObject\",\"inLanguage\":\"es-AR\",\"@id\":\"https:\/\/web.consaguirre.com.ar\/noticias\/#\/schema\/person\/image\/\",\"url\":\"https:\/\/web.consaguirre.com.ar\/noticias\/wp-content\/uploads\/2024\/08\/Consaguirre-scaled.jpg\",\"contentUrl\":\"https:\/\/web.consaguirre.com.ar\/noticias\/wp-content\/uploads\/2024\/08\/Consaguirre-scaled.jpg\",\"caption\":\"Javier Figueroa\"},\"description\":\"Me llamo Javier Figueroa y soy redactor para el sitio oficial del Conservatorio de M\u00fasica Juli\u00e1n Aguirre en Buenos Aires, consaguirre.com. Apasionado por la m\u00fasica y la escritura, me esfuerzo por destacar los talentos y eventos de nuestra prestigiosa instituci\u00f3n. Mi trayectoria se nutre de una profunda admiraci\u00f3n por los artistas, haciendo de cada art\u00edculo una celebraci\u00f3n de la creatividad y la cultura musical.\",\"sameAs\":[\"https:\/\/web.consaguirre.com.ar\/noticias\"]}]}<\/script>\n<!-- \/ Yoast SEO plugin. -->","yoast_head_json":{"title":"Maya Delilah anuncia el \u00e1lbum debut 'The Long Way Round'","robots":{"index":"index","follow":"follow","max-snippet":"max-snippet:-1","max-image-preview":"max-image-preview:large","max-video-preview":"max-video-preview:-1"},"canonical":"https:\/\/web.consaguirre.com.ar\/noticias\/maya-delilah-anuncia-el-album-debut-the-long-way-round\/","og_locale":"es_ES","og_type":"article","og_title":"Maya Delilah anuncia el \u00e1lbum debut 'The Long Way Round'","og_description":"Maya Delilah ha anunciado su \u00e1lbum debut de larga duraci\u00f3n, El camino largo. El cantante y guitarrista de 24 a\u00f1os de Londres ha compartido una","og_url":"https:\/\/web.consaguirre.com.ar\/noticias\/maya-delilah-anuncia-el-album-debut-the-long-way-round\/","og_site_name":"Conservatorio de M\u00fasica Juli\u00e1n Aguirre","article_published_time":"2025-02-04T02:38:16+00:00","article_modified_time":"2025-02-04T02:38:18+00:00","og_image":[{"width":1280,"height":1280,"url":"https:\/\/web.consaguirre.com.ar\/noticias\/wp-content\/uploads\/2025\/02\/Maya-Delilah-anuncia-el-album-debut-The-Long-Way-Round.jpg","type":"image\/jpeg"}],"author":"Javier Figueroa","twitter_card":"summary_large_image","twitter_misc":{"Escrito por":"Javier Figueroa","Tiempo de lectura":"2 minutos"},"schema":{"@context":"https:\/\/schema.org","@graph":[{"@type":"Article","@id":"https:\/\/web.consaguirre.com.ar\/noticias\/maya-delilah-anuncia-el-album-debut-the-long-way-round\/#article","isPartOf":{"@id":"https:\/\/web.consaguirre.com.ar\/noticias\/maya-delilah-anuncia-el-album-debut-the-long-way-round\/"},"author":{"name":"Javier Figueroa","@id":"https:\/\/web.consaguirre.com.ar\/noticias\/#\/schema\/person\/6558b0cfedee7ddc5425602b237d5722"},"headline":"Maya Delilah anuncia el \u00e1lbum debut &#8216;The Long Way Round&#8217;","datePublished":"2025-02-04T02:38:16+00:00","dateModified":"2025-02-04T02:38:18+00:00","mainEntityOfPage":{"@id":"https:\/\/web.consaguirre.com.ar\/noticias\/maya-delilah-anuncia-el-album-debut-the-long-way-round\/"},"wordCount":357,"publisher":{"@id":"https:\/\/web.consaguirre.com.ar\/noticias\/#organization"},"image":{"@id":"https:\/\/web.consaguirre.com.ar\/noticias\/maya-delilah-anuncia-el-album-debut-the-long-way-round\/#primaryimage"},"thumbnailUrl":"https:\/\/web.consaguirre.com.ar\/noticias\/wp-content\/uploads\/2025\/02\/Maya-Delilah-anuncia-el-album-debut-The-Long-Way-Round.jpg","keywords":["\u00e1lbum","anuncia","debut","Delilah","Long","Maya"],"articleSection":["El \u00faltimo"],"inLanguage":"es-AR"},{"@type":"WebPage","@id":"https:\/\/web.consaguirre.com.ar\/noticias\/maya-delilah-anuncia-el-album-debut-the-long-way-round\/","url":"https:\/\/web.consaguirre.com.ar\/noticias\/maya-delilah-anuncia-el-album-debut-the-long-way-round\/","name":"Maya Delilah anuncia el \u00e1lbum debut 'The Long Way Round'","isPartOf":{"@id":"https:\/\/web.consaguirre.com.ar\/noticias\/#website"},"primaryImageOfPage":{"@id":"https:\/\/web.consaguirre.com.ar\/noticias\/maya-delilah-anuncia-el-album-debut-the-long-way-round\/#primaryimage"},"image":{"@id":"https:\/\/web.consaguirre.com.ar\/noticias\/maya-delilah-anuncia-el-album-debut-the-long-way-round\/#primaryimage"},"thumbnailUrl":"https:\/\/web.consaguirre.com.ar\/noticias\/wp-content\/uploads\/2025\/02\/Maya-Delilah-anuncia-el-album-debut-The-Long-Way-Round.jpg","datePublished":"2025-02-04T02:38:16+00:00","dateModified":"2025-02-04T02:38:18+00:00","breadcrumb":{"@id":"https:\/\/web.consaguirre.com.ar\/noticias\/maya-delilah-anuncia-el-album-debut-the-long-way-round\/#breadcrumb"},"inLanguage":"es-AR","potentialAction":[{"@type":"ReadAction","target":["https:\/\/web.consaguirre.com.ar\/noticias\/maya-delilah-anuncia-el-album-debut-the-long-way-round\/"]}]},{"@type":"ImageObject","inLanguage":"es-AR","@id":"https:\/\/web.consaguirre.com.ar\/noticias\/maya-delilah-anuncia-el-album-debut-the-long-way-round\/#primaryimage","url":"https:\/\/web.consaguirre.com.ar\/noticias\/wp-content\/uploads\/2025\/02\/Maya-Delilah-anuncia-el-album-debut-The-Long-Way-Round.jpg","contentUrl":"https:\/\/web.consaguirre.com.ar\/noticias\/wp-content\/uploads\/2025\/02\/Maya-Delilah-anuncia-el-album-debut-The-Long-Way-Round.jpg","width":1280,"height":1280,"caption":"Maya Delilah anuncia el \u00e1lbum debut 'The Long Way Round'"},{"@type":"BreadcrumbList","@id":"https:\/\/web.consaguirre.com.ar\/noticias\/maya-delilah-anuncia-el-album-debut-the-long-way-round\/#breadcrumb","itemListElement":[{"@type":"ListItem","position":1,"name":"Inicio","item":"https:\/\/web.consaguirre.com.ar\/noticias\/"},{"@type":"ListItem","position":2,"name":"Maya Delilah anuncia el \u00e1lbum debut &#8216;The Long Way Round&#8217;"}]},{"@type":"WebSite","@id":"https:\/\/web.consaguirre.com.ar\/noticias\/#website","url":"https:\/\/web.consaguirre.com.ar\/noticias\/","name":"Conservatorio de M\u00fasica Juli\u00e1n Aguirre","description":"","publisher":{"@id":"https:\/\/web.consaguirre.com.ar\/noticias\/#organization"},"potentialAction":[{"@type":"SearchAction","target":{"@type":"EntryPoint","urlTemplate":"https:\/\/web.consaguirre.com.ar\/noticias\/?s={search_term_string}"},"query-input":"required name=search_term_string"}],"inLanguage":"es-AR"},{"@type":"Organization","@id":"https:\/\/web.consaguirre.com.ar\/noticias\/#organization","name":"Conservatorio de M\u00fasica Juli\u00e1n Aguirre","url":"https:\/\/web.consaguirre.com.ar\/noticias\/","logo":{"@type":"ImageObject","inLanguage":"es-AR","@id":"https:\/\/web.consaguirre.com.ar\/noticias\/#\/schema\/logo\/image\/","url":"https:\/\/web.consaguirre.com.ar\/noticias\/wp-content\/uploads\/2024\/08\/Banner-Aguirre-23.jpg","contentUrl":"https:\/\/web.consaguirre.com.ar\/noticias\/wp-content\/uploads\/2024\/08\/Banner-Aguirre-23.jpg","width":1192,"height":600,"caption":"Conservatorio de M\u00fasica Juli\u00e1n Aguirre"},"image":{"@id":"https:\/\/web.consaguirre.com.ar\/noticias\/#\/schema\/logo\/image\/"}},{"@type":"Person","@id":"https:\/\/web.consaguirre.com.ar\/noticias\/#\/schema\/person\/6558b0cfedee7ddc5425602b237d5722","name":"Javier Figueroa","image":{"@type":"ImageObject","inLanguage":"es-AR","@id":"https:\/\/web.consaguirre.com.ar\/noticias\/#\/schema\/person\/image\/","url":"https:\/\/web.consaguirre.com.ar\/noticias\/wp-content\/uploads\/2024\/08\/Consaguirre-scaled.jpg","contentUrl":"https:\/\/web.consaguirre.com.ar\/noticias\/wp-content\/uploads\/2024\/08\/Consaguirre-scaled.jpg","caption":"Javier Figueroa"},"description":"Me llamo Javier Figueroa y soy redactor para el sitio oficial del Conservatorio de M\u00fasica Juli\u00e1n Aguirre en Buenos Aires, consaguirre.com. Apasionado por la m\u00fasica y la escritura, me esfuerzo por destacar los talentos y eventos de nuestra prestigiosa instituci\u00f3n. Mi trayectoria se nutre de una profunda admiraci\u00f3n por los artistas, haciendo de cada art\u00edculo una celebraci\u00f3n de la creatividad y la cultura musical.","sameAs":["https:\/\/web.consaguirre.com.ar\/noticias"]}]}},"_links":{"self":[{"href":"https:\/\/web.consaguirre.com.ar\/noticias\/wp-json\/wp\/v2\/posts\/1757"}],"collection":[{"href":"https:\/\/web.consaguirre.com.ar\/noticias\/wp-json\/wp\/v2\/posts"}],"about":[{"href":"https:\/\/web.consaguirre.com.ar\/noticias\/wp-json\/wp\/v2\/types\/post"}],"author":[{"embeddable":true,"href":"https:\/\/web.consaguirre.com.ar\/noticias\/wp-json\/wp\/v2\/users\/1"}],"replies":[{"embeddable":true,"href":"https:\/\/web.consaguirre.com.ar\/noticias\/wp-json\/wp\/v2\/comments?post=1757"}],"version-history":[{"count":1,"href":"https:\/\/web.consaguirre.com.ar\/noticias\/wp-json\/wp\/v2\/posts\/1757\/revisions"}],"predecessor-version":[{"id":1759,"href":"https:\/\/web.consaguirre.com.ar\/noticias\/wp-json\/wp\/v2\/posts\/1757\/revisions\/1759"}],"wp:featuredmedia":[{"embeddable":true,"href":"https:\/\/web.consaguirre.com.ar\/noticias\/wp-json\/wp\/v2\/media\/1758"}],"wp:attachment":[{"href":"https:\/\/web.consaguirre.com.ar\/noticias\/wp-json\/wp\/v2\/media?parent=1757"}],"wp:term":[{"taxonomy":"category","embeddable":true,"href":"https:\/\/web.consaguirre.com.ar\/noticias\/wp-json\/wp\/v2\/categories?post=1757"},{"taxonomy":"post_tag","embeddable":true,"href":"https:\/\/web.consaguirre.com.ar\/noticias\/wp-json\/wp\/v2\/tags?post=1757"}],"curies":[{"name":"wp","href":"https:\/\/api.w.org\/{rel}","templated":true}]}}