{"id":1754,"date":"2025-02-03T20:38:26","date_gmt":"2025-02-03T23:38:26","guid":{"rendered":"https:\/\/web.consaguirre.com.ar\/noticias\/la-oms-celebra-60-anos-con-una-exclusiva-serie-de-camisetas-y-posters\/"},"modified":"2025-02-03T20:38:29","modified_gmt":"2025-02-03T23:38:29","slug":"la-oms-celebra-60-anos-con-una-exclusiva-serie-de-camisetas-y-posters","status":"publish","type":"post","link":"https:\/\/web.consaguirre.com.ar\/noticias\/la-oms-celebra-60-anos-con-una-exclusiva-serie-de-camisetas-y-posters\/","title":{"rendered":"La OMS celebra 60 a\u00f1os con una exclusiva serie de camisetas y p\u00f3sters"},"content":{"rendered":"<p><strong>La OMS<\/strong> est\u00e1n celebrando su 60 aniversario con un p\u00f3ster recurrente y una serie de camisetas. Cada dos meses, la banda inglesa compartir\u00e1 una nueva serie de gr\u00e1ficos para que los fan\u00e1ticos la recolecten.<\/p>\n<p>La primera ca\u00edda honra a uno de los primeros singles de la banda, &#8220;No puedo explicar&#8221;. El gr\u00e1fico rojo, azul, blanco y negro est\u00e1 dise\u00f1ado por Robin Gnista y retrata al grupo a mediados de la d\u00e9cada de 1960. El que jug\u00f3 &#8220;No puedo explicar&#8221; durante <strong>Su debut televisivo en el famoso programa de m\u00fasica de televisi\u00f3n del Reino Unido de la d\u00e9cada de 1960, <em>\u00a1Listo Estable Vete!<\/em><\/strong>.<\/p>\n<div class=\"uD-YT-container\"><img decoding=\"async\" src=\"https:\/\/web.consaguirre.com.ar\/noticias\/wp-content\/uploads\/2025\/02\/1738625906_524_La-OMS-celebra-60-anos-con-una-exclusiva-serie-de.jpg\" alt=\"Video de YouTube\"><br \/>Haga clic para cargar video<\/div>\n<p>Los pr\u00f3ximos dise\u00f1os incluir\u00e1n homenajes a la explosiva actuaci\u00f3n de 1967 de la banda en &#8220;The Smothers Brothers Comedy Hour&#8221;; El aclamado doble \u00e1lbum de 1969 <strong><em>Tommy<\/em><\/strong>; Una actuaci\u00f3n de 1970 en la Universidad de Leeds que se convirti\u00f3 en el querido \u00e1lbum <strong><em>Vivir en Leeds<\/em><\/strong>; El r\u00e9cord de \u00f3pera de rock de 1973 <strong><em>Quadrofenia<\/em><\/strong>; y su gira estadounidense de mediados de la d\u00e9cada de 1970.<\/p>\n<p>El a\u00f1o pasado, la compilaci\u00f3n de 1976 <em>La historia de la OMS<\/em> fue reeditado en vinilo. Lanzado originalmente en el Reino Unido por Polydor el 24 de septiembre de 1976, la compilaci\u00f3n de vinilo de dos discos alcanz\u00f3 el n\u00famero 2 en las listas de \u00e1lbumes del Reino Unido. Cuenta<br \/>\nCanciones de la discograf\u00eda anterior a 1976 de la banda, as\u00ed como singles que aparecieron anteriormente en la compilaci\u00f3n de 1971 <em>Carnoso beaty grande y hinchable<\/em> y una portada de Eddie Cochran &#8220;Summertime Blues&#8221;.<\/p>\n<p>M\u00e1s adelante este a\u00f1o llega el estreno mundial de <strong><em>Quadrofenia, un mod de ballet<\/em><\/strong>Basado en su \u00e1lbum de 1973 del mismo nombre, escrito por Pete Townshend. La producci\u00f3n recorrer\u00e1 Plymouth Theatre Royal, Edimburgh Festival Theatre y Mayflower en Southampton antes de tener su inauguraci\u00f3n oficial en el Sadler&#8217;s Wells Theatre en Londres, que comenzar\u00e1 el 24 de junio y el final hasta el 13 de julio. Tambi\u00e9n visitar\u00e1 el Lowry en Salford en 2025 .<\/p>\n<p>En abril y mayo, el OMS Roger Daltrey se embarcar\u00e1 en una gira especial en solitario donde realizar\u00e1 ac\u00fastico y semi-ac\u00fastico de la OMS, \u00e9xitos en solitario y m\u00e1s.<\/p>\n<p><strong>Echa un vistazo a la serie de p\u00f3sters de Who&#8217;s 60 Anniversary.<\/strong><\/p>\n","protected":false},"excerpt":{"rendered":"<p>La OMS est\u00e1n celebrando su 60 aniversario con un p\u00f3ster recurrente y una serie de camisetas. Cada dos meses, la banda inglesa compartir\u00e1 una nueva<\/p>\n","protected":false},"author":1,"featured_media":1755,"comment_status":"closed","ping_status":"","sticky":false,"template":"","format":"standard","meta":{"footnotes":""},"categories":[50],"tags":[115,1801,114,32,1800,1799,1802,220,191],"class_list":["post-1754","post","type-post","status-publish","format-standard","has-post-thumbnail","hentry","category-el-ultimo","tag-anos","tag-camisetas","tag-celebra","tag-con","tag-exclusiva","tag-oms","tag-posters","tag-serie","tag-una","generate-columns","tablet-grid-50","mobile-grid-100","grid-parent","grid-50"],"yoast_head":"<!-- This site is optimized with the Yoast SEO plugin v23.3 - https:\/\/yoast.com\/wordpress\/plugins\/seo\/ -->\n<title>La OMS celebra 60 a\u00f1os con una exclusiva serie de camisetas y p\u00f3sters<\/title>\n<meta name=\"robots\" content=\"index, follow, max-snippet:-1, max-image-preview:large, max-video-preview:-1\" \/>\n<link rel=\"canonical\" href=\"https:\/\/web.consaguirre.com.ar\/noticias\/la-oms-celebra-60-anos-con-una-exclusiva-serie-de-camisetas-y-posters\/\" \/>\n<meta property=\"og:locale\" content=\"es_ES\" \/>\n<meta property=\"og:type\" content=\"article\" \/>\n<meta property=\"og:title\" content=\"La OMS celebra 60 a\u00f1os con una exclusiva serie de camisetas y p\u00f3sters\" \/>\n<meta property=\"og:description\" content=\"La OMS est\u00e1n celebrando su 60 aniversario con un p\u00f3ster recurrente y una serie de camisetas. Cada dos meses, la banda inglesa compartir\u00e1 una nueva\" \/>\n<meta property=\"og:url\" content=\"https:\/\/web.consaguirre.com.ar\/noticias\/la-oms-celebra-60-anos-con-una-exclusiva-serie-de-camisetas-y-posters\/\" \/>\n<meta property=\"og:site_name\" content=\"Conservatorio de M\u00fasica Juli\u00e1n Aguirre\" \/>\n<meta property=\"article:published_time\" content=\"2025-02-03T23:38:26+00:00\" \/>\n<meta property=\"article:modified_time\" content=\"2025-02-03T23:38:29+00:00\" \/>\n<meta property=\"og:image\" content=\"https:\/\/web.consaguirre.com.ar\/noticias\/wp-content\/uploads\/2025\/02\/La-OMS-celebra-60-anos-con-una-exclusiva-serie-de.jpg\" \/>\n\t<meta property=\"og:image:width\" content=\"1280\" \/>\n\t<meta property=\"og:image:height\" content=\"1280\" \/>\n\t<meta property=\"og:image:type\" content=\"image\/jpeg\" \/>\n<meta name=\"author\" content=\"Javier Figueroa\" \/>\n<meta name=\"twitter:card\" content=\"summary_large_image\" \/>\n<meta name=\"twitter:label1\" content=\"Escrito por\" \/>\n\t<meta name=\"twitter:data1\" content=\"Javier Figueroa\" \/>\n\t<meta name=\"twitter:label2\" content=\"Tiempo de lectura\" \/>\n\t<meta name=\"twitter:data2\" content=\"2 minutos\" \/>\n<script type=\"application\/ld+json\" class=\"yoast-schema-graph\">{\"@context\":\"https:\/\/schema.org\",\"@graph\":[{\"@type\":\"Article\",\"@id\":\"https:\/\/web.consaguirre.com.ar\/noticias\/la-oms-celebra-60-anos-con-una-exclusiva-serie-de-camisetas-y-posters\/#article\",\"isPartOf\":{\"@id\":\"https:\/\/web.consaguirre.com.ar\/noticias\/la-oms-celebra-60-anos-con-una-exclusiva-serie-de-camisetas-y-posters\/\"},\"author\":{\"name\":\"Javier Figueroa\",\"@id\":\"https:\/\/web.consaguirre.com.ar\/noticias\/#\/schema\/person\/6558b0cfedee7ddc5425602b237d5722\"},\"headline\":\"La OMS celebra 60 a\u00f1os con una exclusiva serie de camisetas y p\u00f3sters\",\"datePublished\":\"2025-02-03T23:38:26+00:00\",\"dateModified\":\"2025-02-03T23:38:29+00:00\",\"mainEntityOfPage\":{\"@id\":\"https:\/\/web.consaguirre.com.ar\/noticias\/la-oms-celebra-60-anos-con-una-exclusiva-serie-de-camisetas-y-posters\/\"},\"wordCount\":403,\"publisher\":{\"@id\":\"https:\/\/web.consaguirre.com.ar\/noticias\/#organization\"},\"image\":{\"@id\":\"https:\/\/web.consaguirre.com.ar\/noticias\/la-oms-celebra-60-anos-con-una-exclusiva-serie-de-camisetas-y-posters\/#primaryimage\"},\"thumbnailUrl\":\"https:\/\/web.consaguirre.com.ar\/noticias\/wp-content\/uploads\/2025\/02\/La-OMS-celebra-60-anos-con-una-exclusiva-serie-de.jpg\",\"keywords\":[\"a\u00f1os\",\"camisetas\",\"celebra\",\"con\",\"exclusiva\",\"OMS\",\"p\u00f3sters\",\"serie\",\"una\"],\"articleSection\":[\"El \u00faltimo\"],\"inLanguage\":\"es-AR\"},{\"@type\":\"WebPage\",\"@id\":\"https:\/\/web.consaguirre.com.ar\/noticias\/la-oms-celebra-60-anos-con-una-exclusiva-serie-de-camisetas-y-posters\/\",\"url\":\"https:\/\/web.consaguirre.com.ar\/noticias\/la-oms-celebra-60-anos-con-una-exclusiva-serie-de-camisetas-y-posters\/\",\"name\":\"La OMS celebra 60 a\u00f1os con una exclusiva serie de camisetas y p\u00f3sters\",\"isPartOf\":{\"@id\":\"https:\/\/web.consaguirre.com.ar\/noticias\/#website\"},\"primaryImageOfPage\":{\"@id\":\"https:\/\/web.consaguirre.com.ar\/noticias\/la-oms-celebra-60-anos-con-una-exclusiva-serie-de-camisetas-y-posters\/#primaryimage\"},\"image\":{\"@id\":\"https:\/\/web.consaguirre.com.ar\/noticias\/la-oms-celebra-60-anos-con-una-exclusiva-serie-de-camisetas-y-posters\/#primaryimage\"},\"thumbnailUrl\":\"https:\/\/web.consaguirre.com.ar\/noticias\/wp-content\/uploads\/2025\/02\/La-OMS-celebra-60-anos-con-una-exclusiva-serie-de.jpg\",\"datePublished\":\"2025-02-03T23:38:26+00:00\",\"dateModified\":\"2025-02-03T23:38:29+00:00\",\"breadcrumb\":{\"@id\":\"https:\/\/web.consaguirre.com.ar\/noticias\/la-oms-celebra-60-anos-con-una-exclusiva-serie-de-camisetas-y-posters\/#breadcrumb\"},\"inLanguage\":\"es-AR\",\"potentialAction\":[{\"@type\":\"ReadAction\",\"target\":[\"https:\/\/web.consaguirre.com.ar\/noticias\/la-oms-celebra-60-anos-con-una-exclusiva-serie-de-camisetas-y-posters\/\"]}]},{\"@type\":\"ImageObject\",\"inLanguage\":\"es-AR\",\"@id\":\"https:\/\/web.consaguirre.com.ar\/noticias\/la-oms-celebra-60-anos-con-una-exclusiva-serie-de-camisetas-y-posters\/#primaryimage\",\"url\":\"https:\/\/web.consaguirre.com.ar\/noticias\/wp-content\/uploads\/2025\/02\/La-OMS-celebra-60-anos-con-una-exclusiva-serie-de.jpg\",\"contentUrl\":\"https:\/\/web.consaguirre.com.ar\/noticias\/wp-content\/uploads\/2025\/02\/La-OMS-celebra-60-anos-con-una-exclusiva-serie-de.jpg\",\"width\":1280,\"height\":1280,\"caption\":\"La OMS celebra 60 a\u00f1os con una exclusiva serie de camisetas y p\u00f3sters\"},{\"@type\":\"BreadcrumbList\",\"@id\":\"https:\/\/web.consaguirre.com.ar\/noticias\/la-oms-celebra-60-anos-con-una-exclusiva-serie-de-camisetas-y-posters\/#breadcrumb\",\"itemListElement\":[{\"@type\":\"ListItem\",\"position\":1,\"name\":\"Inicio\",\"item\":\"https:\/\/web.consaguirre.com.ar\/noticias\/\"},{\"@type\":\"ListItem\",\"position\":2,\"name\":\"La OMS celebra 60 a\u00f1os con una exclusiva serie de camisetas y p\u00f3sters\"}]},{\"@type\":\"WebSite\",\"@id\":\"https:\/\/web.consaguirre.com.ar\/noticias\/#website\",\"url\":\"https:\/\/web.consaguirre.com.ar\/noticias\/\",\"name\":\"Conservatorio de M\u00fasica Juli\u00e1n Aguirre\",\"description\":\"\",\"publisher\":{\"@id\":\"https:\/\/web.consaguirre.com.ar\/noticias\/#organization\"},\"potentialAction\":[{\"@type\":\"SearchAction\",\"target\":{\"@type\":\"EntryPoint\",\"urlTemplate\":\"https:\/\/web.consaguirre.com.ar\/noticias\/?s={search_term_string}\"},\"query-input\":\"required name=search_term_string\"}],\"inLanguage\":\"es-AR\"},{\"@type\":\"Organization\",\"@id\":\"https:\/\/web.consaguirre.com.ar\/noticias\/#organization\",\"name\":\"Conservatorio de M\u00fasica Juli\u00e1n Aguirre\",\"url\":\"https:\/\/web.consaguirre.com.ar\/noticias\/\",\"logo\":{\"@type\":\"ImageObject\",\"inLanguage\":\"es-AR\",\"@id\":\"https:\/\/web.consaguirre.com.ar\/noticias\/#\/schema\/logo\/image\/\",\"url\":\"https:\/\/web.consaguirre.com.ar\/noticias\/wp-content\/uploads\/2024\/08\/Banner-Aguirre-23.jpg\",\"contentUrl\":\"https:\/\/web.consaguirre.com.ar\/noticias\/wp-content\/uploads\/2024\/08\/Banner-Aguirre-23.jpg\",\"width\":1192,\"height\":600,\"caption\":\"Conservatorio de M\u00fasica Juli\u00e1n Aguirre\"},\"image\":{\"@id\":\"https:\/\/web.consaguirre.com.ar\/noticias\/#\/schema\/logo\/image\/\"}},{\"@type\":\"Person\",\"@id\":\"https:\/\/web.consaguirre.com.ar\/noticias\/#\/schema\/person\/6558b0cfedee7ddc5425602b237d5722\",\"name\":\"Javier Figueroa\",\"image\":{\"@type\":\"ImageObject\",\"inLanguage\":\"es-AR\",\"@id\":\"https:\/\/web.consaguirre.com.ar\/noticias\/#\/schema\/person\/image\/\",\"url\":\"https:\/\/web.consaguirre.com.ar\/noticias\/wp-content\/uploads\/2024\/08\/Consaguirre-scaled.jpg\",\"contentUrl\":\"https:\/\/web.consaguirre.com.ar\/noticias\/wp-content\/uploads\/2024\/08\/Consaguirre-scaled.jpg\",\"caption\":\"Javier Figueroa\"},\"description\":\"Me llamo Javier Figueroa y soy redactor para el sitio oficial del Conservatorio de M\u00fasica Juli\u00e1n Aguirre en Buenos Aires, consaguirre.com. Apasionado por la m\u00fasica y la escritura, me esfuerzo por destacar los talentos y eventos de nuestra prestigiosa instituci\u00f3n. Mi trayectoria se nutre de una profunda admiraci\u00f3n por los artistas, haciendo de cada art\u00edculo una celebraci\u00f3n de la creatividad y la cultura musical.\",\"sameAs\":[\"https:\/\/web.consaguirre.com.ar\/noticias\"]}]}<\/script>\n<!-- \/ Yoast SEO plugin. -->","yoast_head_json":{"title":"La OMS celebra 60 a\u00f1os con una exclusiva serie de camisetas y p\u00f3sters","robots":{"index":"index","follow":"follow","max-snippet":"max-snippet:-1","max-image-preview":"max-image-preview:large","max-video-preview":"max-video-preview:-1"},"canonical":"https:\/\/web.consaguirre.com.ar\/noticias\/la-oms-celebra-60-anos-con-una-exclusiva-serie-de-camisetas-y-posters\/","og_locale":"es_ES","og_type":"article","og_title":"La OMS celebra 60 a\u00f1os con una exclusiva serie de camisetas y p\u00f3sters","og_description":"La OMS est\u00e1n celebrando su 60 aniversario con un p\u00f3ster recurrente y una serie de camisetas. Cada dos meses, la banda inglesa compartir\u00e1 una nueva","og_url":"https:\/\/web.consaguirre.com.ar\/noticias\/la-oms-celebra-60-anos-con-una-exclusiva-serie-de-camisetas-y-posters\/","og_site_name":"Conservatorio de M\u00fasica Juli\u00e1n Aguirre","article_published_time":"2025-02-03T23:38:26+00:00","article_modified_time":"2025-02-03T23:38:29+00:00","og_image":[{"width":1280,"height":1280,"url":"https:\/\/web.consaguirre.com.ar\/noticias\/wp-content\/uploads\/2025\/02\/La-OMS-celebra-60-anos-con-una-exclusiva-serie-de.jpg","type":"image\/jpeg"}],"author":"Javier Figueroa","twitter_card":"summary_large_image","twitter_misc":{"Escrito por":"Javier Figueroa","Tiempo de lectura":"2 minutos"},"schema":{"@context":"https:\/\/schema.org","@graph":[{"@type":"Article","@id":"https:\/\/web.consaguirre.com.ar\/noticias\/la-oms-celebra-60-anos-con-una-exclusiva-serie-de-camisetas-y-posters\/#article","isPartOf":{"@id":"https:\/\/web.consaguirre.com.ar\/noticias\/la-oms-celebra-60-anos-con-una-exclusiva-serie-de-camisetas-y-posters\/"},"author":{"name":"Javier Figueroa","@id":"https:\/\/web.consaguirre.com.ar\/noticias\/#\/schema\/person\/6558b0cfedee7ddc5425602b237d5722"},"headline":"La OMS celebra 60 a\u00f1os con una exclusiva serie de camisetas y p\u00f3sters","datePublished":"2025-02-03T23:38:26+00:00","dateModified":"2025-02-03T23:38:29+00:00","mainEntityOfPage":{"@id":"https:\/\/web.consaguirre.com.ar\/noticias\/la-oms-celebra-60-anos-con-una-exclusiva-serie-de-camisetas-y-posters\/"},"wordCount":403,"publisher":{"@id":"https:\/\/web.consaguirre.com.ar\/noticias\/#organization"},"image":{"@id":"https:\/\/web.consaguirre.com.ar\/noticias\/la-oms-celebra-60-anos-con-una-exclusiva-serie-de-camisetas-y-posters\/#primaryimage"},"thumbnailUrl":"https:\/\/web.consaguirre.com.ar\/noticias\/wp-content\/uploads\/2025\/02\/La-OMS-celebra-60-anos-con-una-exclusiva-serie-de.jpg","keywords":["a\u00f1os","camisetas","celebra","con","exclusiva","OMS","p\u00f3sters","serie","una"],"articleSection":["El \u00faltimo"],"inLanguage":"es-AR"},{"@type":"WebPage","@id":"https:\/\/web.consaguirre.com.ar\/noticias\/la-oms-celebra-60-anos-con-una-exclusiva-serie-de-camisetas-y-posters\/","url":"https:\/\/web.consaguirre.com.ar\/noticias\/la-oms-celebra-60-anos-con-una-exclusiva-serie-de-camisetas-y-posters\/","name":"La OMS celebra 60 a\u00f1os con una exclusiva serie de camisetas y p\u00f3sters","isPartOf":{"@id":"https:\/\/web.consaguirre.com.ar\/noticias\/#website"},"primaryImageOfPage":{"@id":"https:\/\/web.consaguirre.com.ar\/noticias\/la-oms-celebra-60-anos-con-una-exclusiva-serie-de-camisetas-y-posters\/#primaryimage"},"image":{"@id":"https:\/\/web.consaguirre.com.ar\/noticias\/la-oms-celebra-60-anos-con-una-exclusiva-serie-de-camisetas-y-posters\/#primaryimage"},"thumbnailUrl":"https:\/\/web.consaguirre.com.ar\/noticias\/wp-content\/uploads\/2025\/02\/La-OMS-celebra-60-anos-con-una-exclusiva-serie-de.jpg","datePublished":"2025-02-03T23:38:26+00:00","dateModified":"2025-02-03T23:38:29+00:00","breadcrumb":{"@id":"https:\/\/web.consaguirre.com.ar\/noticias\/la-oms-celebra-60-anos-con-una-exclusiva-serie-de-camisetas-y-posters\/#breadcrumb"},"inLanguage":"es-AR","potentialAction":[{"@type":"ReadAction","target":["https:\/\/web.consaguirre.com.ar\/noticias\/la-oms-celebra-60-anos-con-una-exclusiva-serie-de-camisetas-y-posters\/"]}]},{"@type":"ImageObject","inLanguage":"es-AR","@id":"https:\/\/web.consaguirre.com.ar\/noticias\/la-oms-celebra-60-anos-con-una-exclusiva-serie-de-camisetas-y-posters\/#primaryimage","url":"https:\/\/web.consaguirre.com.ar\/noticias\/wp-content\/uploads\/2025\/02\/La-OMS-celebra-60-anos-con-una-exclusiva-serie-de.jpg","contentUrl":"https:\/\/web.consaguirre.com.ar\/noticias\/wp-content\/uploads\/2025\/02\/La-OMS-celebra-60-anos-con-una-exclusiva-serie-de.jpg","width":1280,"height":1280,"caption":"La OMS celebra 60 a\u00f1os con una exclusiva serie de camisetas y p\u00f3sters"},{"@type":"BreadcrumbList","@id":"https:\/\/web.consaguirre.com.ar\/noticias\/la-oms-celebra-60-anos-con-una-exclusiva-serie-de-camisetas-y-posters\/#breadcrumb","itemListElement":[{"@type":"ListItem","position":1,"name":"Inicio","item":"https:\/\/web.consaguirre.com.ar\/noticias\/"},{"@type":"ListItem","position":2,"name":"La OMS celebra 60 a\u00f1os con una exclusiva serie de camisetas y p\u00f3sters"}]},{"@type":"WebSite","@id":"https:\/\/web.consaguirre.com.ar\/noticias\/#website","url":"https:\/\/web.consaguirre.com.ar\/noticias\/","name":"Conservatorio de M\u00fasica Juli\u00e1n Aguirre","description":"","publisher":{"@id":"https:\/\/web.consaguirre.com.ar\/noticias\/#organization"},"potentialAction":[{"@type":"SearchAction","target":{"@type":"EntryPoint","urlTemplate":"https:\/\/web.consaguirre.com.ar\/noticias\/?s={search_term_string}"},"query-input":"required name=search_term_string"}],"inLanguage":"es-AR"},{"@type":"Organization","@id":"https:\/\/web.consaguirre.com.ar\/noticias\/#organization","name":"Conservatorio de M\u00fasica Juli\u00e1n Aguirre","url":"https:\/\/web.consaguirre.com.ar\/noticias\/","logo":{"@type":"ImageObject","inLanguage":"es-AR","@id":"https:\/\/web.consaguirre.com.ar\/noticias\/#\/schema\/logo\/image\/","url":"https:\/\/web.consaguirre.com.ar\/noticias\/wp-content\/uploads\/2024\/08\/Banner-Aguirre-23.jpg","contentUrl":"https:\/\/web.consaguirre.com.ar\/noticias\/wp-content\/uploads\/2024\/08\/Banner-Aguirre-23.jpg","width":1192,"height":600,"caption":"Conservatorio de M\u00fasica Juli\u00e1n Aguirre"},"image":{"@id":"https:\/\/web.consaguirre.com.ar\/noticias\/#\/schema\/logo\/image\/"}},{"@type":"Person","@id":"https:\/\/web.consaguirre.com.ar\/noticias\/#\/schema\/person\/6558b0cfedee7ddc5425602b237d5722","name":"Javier Figueroa","image":{"@type":"ImageObject","inLanguage":"es-AR","@id":"https:\/\/web.consaguirre.com.ar\/noticias\/#\/schema\/person\/image\/","url":"https:\/\/web.consaguirre.com.ar\/noticias\/wp-content\/uploads\/2024\/08\/Consaguirre-scaled.jpg","contentUrl":"https:\/\/web.consaguirre.com.ar\/noticias\/wp-content\/uploads\/2024\/08\/Consaguirre-scaled.jpg","caption":"Javier Figueroa"},"description":"Me llamo Javier Figueroa y soy redactor para el sitio oficial del Conservatorio de M\u00fasica Juli\u00e1n Aguirre en Buenos Aires, consaguirre.com. Apasionado por la m\u00fasica y la escritura, me esfuerzo por destacar los talentos y eventos de nuestra prestigiosa instituci\u00f3n. Mi trayectoria se nutre de una profunda admiraci\u00f3n por los artistas, haciendo de cada art\u00edculo una celebraci\u00f3n de la creatividad y la cultura musical.","sameAs":["https:\/\/web.consaguirre.com.ar\/noticias"]}]}},"_links":{"self":[{"href":"https:\/\/web.consaguirre.com.ar\/noticias\/wp-json\/wp\/v2\/posts\/1754"}],"collection":[{"href":"https:\/\/web.consaguirre.com.ar\/noticias\/wp-json\/wp\/v2\/posts"}],"about":[{"href":"https:\/\/web.consaguirre.com.ar\/noticias\/wp-json\/wp\/v2\/types\/post"}],"author":[{"embeddable":true,"href":"https:\/\/web.consaguirre.com.ar\/noticias\/wp-json\/wp\/v2\/users\/1"}],"replies":[{"embeddable":true,"href":"https:\/\/web.consaguirre.com.ar\/noticias\/wp-json\/wp\/v2\/comments?post=1754"}],"version-history":[{"count":1,"href":"https:\/\/web.consaguirre.com.ar\/noticias\/wp-json\/wp\/v2\/posts\/1754\/revisions"}],"predecessor-version":[{"id":1756,"href":"https:\/\/web.consaguirre.com.ar\/noticias\/wp-json\/wp\/v2\/posts\/1754\/revisions\/1756"}],"wp:featuredmedia":[{"embeddable":true,"href":"https:\/\/web.consaguirre.com.ar\/noticias\/wp-json\/wp\/v2\/media\/1755"}],"wp:attachment":[{"href":"https:\/\/web.consaguirre.com.ar\/noticias\/wp-json\/wp\/v2\/media?parent=1754"}],"wp:term":[{"taxonomy":"category","embeddable":true,"href":"https:\/\/web.consaguirre.com.ar\/noticias\/wp-json\/wp\/v2\/categories?post=1754"},{"taxonomy":"post_tag","embeddable":true,"href":"https:\/\/web.consaguirre.com.ar\/noticias\/wp-json\/wp\/v2\/tags?post=1754"}],"curies":[{"name":"wp","href":"https:\/\/api.w.org\/{rel}","templated":true}]}}