{"id":1751,"date":"2025-02-03T14:39:54","date_gmt":"2025-02-03T17:39:54","guid":{"rendered":"https:\/\/web.consaguirre.com.ar\/noticias\/smashing-pumpkins-anuncia-la-reedicion-de-vinilo-siamese-dream\/"},"modified":"2025-02-03T14:39:56","modified_gmt":"2025-02-03T17:39:56","slug":"smashing-pumpkins-anuncia-la-reedicion-de-vinilo-siamese-dream","status":"publish","type":"post","link":"https:\/\/web.consaguirre.com.ar\/noticias\/smashing-pumpkins-anuncia-la-reedicion-de-vinilo-siamese-dream\/","title":{"rendered":"Smashing Pumpkins anuncia la reedici\u00f3n de vinilo &#8216;siamese Dream&#8217;"},"content":{"rendered":"<p><strong>Rompiendo calabazas<\/strong> he anunciado una nueva reedici\u00f3n de vinilo de su segundo \u00e1lbum <strong><em>Sue\u00f1o siam\u00e9s<\/em><\/strong>. El influyente disco de la Banda de Chicago volver\u00e1 a las estanter\u00edas este abril, en un vinilo negro de 180 gramos completo con el embalaje original de 1993.<\/p>\n<p>Despu\u00e9s de lanzar el debut de 1991 <em>Gish<\/em>Smashing Pumpkins, el frontman Billy Corgan, el guitarrista James Iha, el bajista D&#8217;Arcy Wretzky y el baterista Jimmy Chamberlin, tuvieron mucho que estar a la altura. Fueron ampliamente publicitados como la pr\u00f3xima gran cosa en un paisaje de rock alternativo post-nirvana: por Corgan, sinti\u00f3 una intensa presi\u00f3n para &#8220;hacer el pr\u00f3ximo \u00e1lbum para prender fuego al mundo&#8221;.<\/p>\n<div class=\"uD-YT-container\"><img decoding=\"async\" src=\"https:\/\/web.consaguirre.com.ar\/noticias\/wp-content\/uploads\/2025\/02\/1738604394_984_Smashing-Pumpkins-anuncia-la-reedicion-de-vinilo-siamese-Dream.jpg\" alt=\"Video de YouTube\"><br \/>Haga clic para cargar video<\/div>\n<p>El disco fue producido principalmente por el baterista de basura Butch Vig y Corgan, y logr\u00f3 una pared de efecto de sonido en capas: algunas canciones usan hasta 32 pistas de guitarra separadas. El d\u00fao reuni\u00f3 meticulosamente las tomas de las sesiones de grabaci\u00f3n ciertas en Marietta, Georgia. Mientras estaban haciendo el \u00e1lbum, Chamberlain estaba luchando con la adicci\u00f3n a la hero\u00edna, Wretzky e Iha hab\u00edan terminado recientemente una relaci\u00f3n rom\u00e1ntica, y Corgan estaba en las profundidades de una depresi\u00f3n suicida.<\/p>\n<p>Cuando todo estaba dicho y hecho, Corgan toc\u00f3 casi todos los instrumentos en la grabaci\u00f3n final del \u00e1lbum: \u00e9l y Vig a menudo trabajaban 16 horas durante semanas para perfeccionar el sonido. Hoy, <em>Sue\u00f1o siam\u00e9s<\/em> se considera uno de los mejores registros de roca alternativa de su edad: tambi\u00e9n recibi\u00f3 elogios de cr\u00edtica al lanzarse, debutando en el n\u00famero 10 en el Billboard 100 y catapultando al grupo al \u00e9xito general. Ha sido certificado 4x Platinum por el RIAA y recibi\u00f3 una reedici\u00f3n a gran escala en 2011.<\/p>\n<p>&#8220;En 1992, con el peso de un mundo percibido en nuestros hombros, desaparecimos en un estacionamiento para escribir las canciones que cambiar\u00edan el curso de nuestras vidas para siempre&#8221;, comparti\u00f3 Corgan sobre el disco en una entrevista de 2011 &#8220;<em>Sue\u00f1o siam\u00e9s<\/em> Representa todos nuestros sue\u00f1os que se hacen realidad, mientras que los sue\u00f1os de una banda feliz se desmoronan &#8220;.<\/p>\n<p><strong>Ordenar rompiendo calabazas &#8216; <em>Sue\u00f1o siam\u00e9s<\/em> en vinilo ahora.<\/strong><\/p>\n","protected":false},"excerpt":{"rendered":"<p>Rompiendo calabazas he anunciado una nueva reedici\u00f3n de vinilo de su segundo \u00e1lbum Sue\u00f1o siam\u00e9s. El influyente disco de la Banda de Chicago volver\u00e1 a<\/p>\n","protected":false},"author":1,"featured_media":1752,"comment_status":"closed","ping_status":"","sticky":false,"template":"","format":"standard","meta":{"footnotes":""},"categories":[50],"tags":[56,1359,1797,117,1798,1796,87],"class_list":["post-1751","post","type-post","status-publish","format-standard","has-post-thumbnail","hentry","category-el-ultimo","tag-anuncia","tag-dream","tag-pumpkins","tag-reedicion","tag-siamese","tag-smashing","tag-vinilo","generate-columns","tablet-grid-50","mobile-grid-100","grid-parent","grid-50"],"yoast_head":"<!-- This site is optimized with the Yoast SEO plugin v23.3 - https:\/\/yoast.com\/wordpress\/plugins\/seo\/ -->\n<title>Smashing Pumpkins anuncia la reedici\u00f3n de vinilo &#039;siamese Dream&#039;<\/title>\n<meta name=\"robots\" content=\"index, follow, max-snippet:-1, max-image-preview:large, max-video-preview:-1\" \/>\n<link rel=\"canonical\" href=\"https:\/\/web.consaguirre.com.ar\/noticias\/smashing-pumpkins-anuncia-la-reedicion-de-vinilo-siamese-dream\/\" \/>\n<meta property=\"og:locale\" content=\"es_ES\" \/>\n<meta property=\"og:type\" content=\"article\" \/>\n<meta property=\"og:title\" content=\"Smashing Pumpkins anuncia la reedici\u00f3n de vinilo &#039;siamese Dream&#039;\" \/>\n<meta property=\"og:description\" content=\"Rompiendo calabazas he anunciado una nueva reedici\u00f3n de vinilo de su segundo \u00e1lbum Sue\u00f1o siam\u00e9s. El influyente disco de la Banda de Chicago volver\u00e1 a\" \/>\n<meta property=\"og:url\" content=\"https:\/\/web.consaguirre.com.ar\/noticias\/smashing-pumpkins-anuncia-la-reedicion-de-vinilo-siamese-dream\/\" \/>\n<meta property=\"og:site_name\" content=\"Conservatorio de M\u00fasica Juli\u00e1n Aguirre\" \/>\n<meta property=\"article:published_time\" content=\"2025-02-03T17:39:54+00:00\" \/>\n<meta property=\"article:modified_time\" content=\"2025-02-03T17:39:56+00:00\" \/>\n<meta property=\"og:image\" content=\"https:\/\/web.consaguirre.com.ar\/noticias\/wp-content\/uploads\/2025\/02\/1738604394_Smashing-Pumpkins-anuncia-la-reedicion-de-vinilo-siamese-Dream.jpg\" \/>\n\t<meta property=\"og:image:width\" content=\"1280\" \/>\n\t<meta property=\"og:image:height\" content=\"1280\" \/>\n\t<meta property=\"og:image:type\" content=\"image\/jpeg\" \/>\n<meta name=\"author\" content=\"Javier Figueroa\" \/>\n<meta name=\"twitter:card\" content=\"summary_large_image\" \/>\n<meta name=\"twitter:label1\" content=\"Escrito por\" \/>\n\t<meta name=\"twitter:data1\" content=\"Javier Figueroa\" \/>\n\t<meta name=\"twitter:label2\" content=\"Tiempo de lectura\" \/>\n\t<meta name=\"twitter:data2\" content=\"2 minutos\" \/>\n<script type=\"application\/ld+json\" class=\"yoast-schema-graph\">{\"@context\":\"https:\/\/schema.org\",\"@graph\":[{\"@type\":\"Article\",\"@id\":\"https:\/\/web.consaguirre.com.ar\/noticias\/smashing-pumpkins-anuncia-la-reedicion-de-vinilo-siamese-dream\/#article\",\"isPartOf\":{\"@id\":\"https:\/\/web.consaguirre.com.ar\/noticias\/smashing-pumpkins-anuncia-la-reedicion-de-vinilo-siamese-dream\/\"},\"author\":{\"name\":\"Javier Figueroa\",\"@id\":\"https:\/\/web.consaguirre.com.ar\/noticias\/#\/schema\/person\/6558b0cfedee7ddc5425602b237d5722\"},\"headline\":\"Smashing Pumpkins anuncia la reedici\u00f3n de vinilo &#8216;siamese Dream&#8217;\",\"datePublished\":\"2025-02-03T17:39:54+00:00\",\"dateModified\":\"2025-02-03T17:39:56+00:00\",\"mainEntityOfPage\":{\"@id\":\"https:\/\/web.consaguirre.com.ar\/noticias\/smashing-pumpkins-anuncia-la-reedicion-de-vinilo-siamese-dream\/\"},\"wordCount\":379,\"publisher\":{\"@id\":\"https:\/\/web.consaguirre.com.ar\/noticias\/#organization\"},\"image\":{\"@id\":\"https:\/\/web.consaguirre.com.ar\/noticias\/smashing-pumpkins-anuncia-la-reedicion-de-vinilo-siamese-dream\/#primaryimage\"},\"thumbnailUrl\":\"https:\/\/web.consaguirre.com.ar\/noticias\/wp-content\/uploads\/2025\/02\/1738604394_Smashing-Pumpkins-anuncia-la-reedicion-de-vinilo-siamese-Dream.jpg\",\"keywords\":[\"anuncia\",\"Dream\",\"Pumpkins\",\"reedici\u00f3n\",\"siamese\",\"Smashing\",\"vinilo\"],\"articleSection\":[\"El \u00faltimo\"],\"inLanguage\":\"es-AR\"},{\"@type\":\"WebPage\",\"@id\":\"https:\/\/web.consaguirre.com.ar\/noticias\/smashing-pumpkins-anuncia-la-reedicion-de-vinilo-siamese-dream\/\",\"url\":\"https:\/\/web.consaguirre.com.ar\/noticias\/smashing-pumpkins-anuncia-la-reedicion-de-vinilo-siamese-dream\/\",\"name\":\"Smashing Pumpkins anuncia la reedici\u00f3n de vinilo 'siamese Dream'\",\"isPartOf\":{\"@id\":\"https:\/\/web.consaguirre.com.ar\/noticias\/#website\"},\"primaryImageOfPage\":{\"@id\":\"https:\/\/web.consaguirre.com.ar\/noticias\/smashing-pumpkins-anuncia-la-reedicion-de-vinilo-siamese-dream\/#primaryimage\"},\"image\":{\"@id\":\"https:\/\/web.consaguirre.com.ar\/noticias\/smashing-pumpkins-anuncia-la-reedicion-de-vinilo-siamese-dream\/#primaryimage\"},\"thumbnailUrl\":\"https:\/\/web.consaguirre.com.ar\/noticias\/wp-content\/uploads\/2025\/02\/1738604394_Smashing-Pumpkins-anuncia-la-reedicion-de-vinilo-siamese-Dream.jpg\",\"datePublished\":\"2025-02-03T17:39:54+00:00\",\"dateModified\":\"2025-02-03T17:39:56+00:00\",\"breadcrumb\":{\"@id\":\"https:\/\/web.consaguirre.com.ar\/noticias\/smashing-pumpkins-anuncia-la-reedicion-de-vinilo-siamese-dream\/#breadcrumb\"},\"inLanguage\":\"es-AR\",\"potentialAction\":[{\"@type\":\"ReadAction\",\"target\":[\"https:\/\/web.consaguirre.com.ar\/noticias\/smashing-pumpkins-anuncia-la-reedicion-de-vinilo-siamese-dream\/\"]}]},{\"@type\":\"ImageObject\",\"inLanguage\":\"es-AR\",\"@id\":\"https:\/\/web.consaguirre.com.ar\/noticias\/smashing-pumpkins-anuncia-la-reedicion-de-vinilo-siamese-dream\/#primaryimage\",\"url\":\"https:\/\/web.consaguirre.com.ar\/noticias\/wp-content\/uploads\/2025\/02\/1738604394_Smashing-Pumpkins-anuncia-la-reedicion-de-vinilo-siamese-Dream.jpg\",\"contentUrl\":\"https:\/\/web.consaguirre.com.ar\/noticias\/wp-content\/uploads\/2025\/02\/1738604394_Smashing-Pumpkins-anuncia-la-reedicion-de-vinilo-siamese-Dream.jpg\",\"width\":1280,\"height\":1280,\"caption\":\"Smashing Pumpkins anuncia la reedici\u00f3n de vinilo 'siamese Dream'\"},{\"@type\":\"BreadcrumbList\",\"@id\":\"https:\/\/web.consaguirre.com.ar\/noticias\/smashing-pumpkins-anuncia-la-reedicion-de-vinilo-siamese-dream\/#breadcrumb\",\"itemListElement\":[{\"@type\":\"ListItem\",\"position\":1,\"name\":\"Inicio\",\"item\":\"https:\/\/web.consaguirre.com.ar\/noticias\/\"},{\"@type\":\"ListItem\",\"position\":2,\"name\":\"Smashing Pumpkins anuncia la reedici\u00f3n de vinilo &#8216;siamese Dream&#8217;\"}]},{\"@type\":\"WebSite\",\"@id\":\"https:\/\/web.consaguirre.com.ar\/noticias\/#website\",\"url\":\"https:\/\/web.consaguirre.com.ar\/noticias\/\",\"name\":\"Conservatorio de M\u00fasica Juli\u00e1n Aguirre\",\"description\":\"\",\"publisher\":{\"@id\":\"https:\/\/web.consaguirre.com.ar\/noticias\/#organization\"},\"potentialAction\":[{\"@type\":\"SearchAction\",\"target\":{\"@type\":\"EntryPoint\",\"urlTemplate\":\"https:\/\/web.consaguirre.com.ar\/noticias\/?s={search_term_string}\"},\"query-input\":\"required name=search_term_string\"}],\"inLanguage\":\"es-AR\"},{\"@type\":\"Organization\",\"@id\":\"https:\/\/web.consaguirre.com.ar\/noticias\/#organization\",\"name\":\"Conservatorio de M\u00fasica Juli\u00e1n Aguirre\",\"url\":\"https:\/\/web.consaguirre.com.ar\/noticias\/\",\"logo\":{\"@type\":\"ImageObject\",\"inLanguage\":\"es-AR\",\"@id\":\"https:\/\/web.consaguirre.com.ar\/noticias\/#\/schema\/logo\/image\/\",\"url\":\"https:\/\/web.consaguirre.com.ar\/noticias\/wp-content\/uploads\/2024\/08\/Banner-Aguirre-23.jpg\",\"contentUrl\":\"https:\/\/web.consaguirre.com.ar\/noticias\/wp-content\/uploads\/2024\/08\/Banner-Aguirre-23.jpg\",\"width\":1192,\"height\":600,\"caption\":\"Conservatorio de M\u00fasica Juli\u00e1n Aguirre\"},\"image\":{\"@id\":\"https:\/\/web.consaguirre.com.ar\/noticias\/#\/schema\/logo\/image\/\"}},{\"@type\":\"Person\",\"@id\":\"https:\/\/web.consaguirre.com.ar\/noticias\/#\/schema\/person\/6558b0cfedee7ddc5425602b237d5722\",\"name\":\"Javier Figueroa\",\"image\":{\"@type\":\"ImageObject\",\"inLanguage\":\"es-AR\",\"@id\":\"https:\/\/web.consaguirre.com.ar\/noticias\/#\/schema\/person\/image\/\",\"url\":\"https:\/\/web.consaguirre.com.ar\/noticias\/wp-content\/uploads\/2024\/08\/Consaguirre-scaled.jpg\",\"contentUrl\":\"https:\/\/web.consaguirre.com.ar\/noticias\/wp-content\/uploads\/2024\/08\/Consaguirre-scaled.jpg\",\"caption\":\"Javier Figueroa\"},\"description\":\"Me llamo Javier Figueroa y soy redactor para el sitio oficial del Conservatorio de M\u00fasica Juli\u00e1n Aguirre en Buenos Aires, consaguirre.com. Apasionado por la m\u00fasica y la escritura, me esfuerzo por destacar los talentos y eventos de nuestra prestigiosa instituci\u00f3n. Mi trayectoria se nutre de una profunda admiraci\u00f3n por los artistas, haciendo de cada art\u00edculo una celebraci\u00f3n de la creatividad y la cultura musical.\",\"sameAs\":[\"https:\/\/web.consaguirre.com.ar\/noticias\"]}]}<\/script>\n<!-- \/ Yoast SEO plugin. -->","yoast_head_json":{"title":"Smashing Pumpkins anuncia la reedici\u00f3n de vinilo 'siamese Dream'","robots":{"index":"index","follow":"follow","max-snippet":"max-snippet:-1","max-image-preview":"max-image-preview:large","max-video-preview":"max-video-preview:-1"},"canonical":"https:\/\/web.consaguirre.com.ar\/noticias\/smashing-pumpkins-anuncia-la-reedicion-de-vinilo-siamese-dream\/","og_locale":"es_ES","og_type":"article","og_title":"Smashing Pumpkins anuncia la reedici\u00f3n de vinilo 'siamese Dream'","og_description":"Rompiendo calabazas he anunciado una nueva reedici\u00f3n de vinilo de su segundo \u00e1lbum Sue\u00f1o siam\u00e9s. El influyente disco de la Banda de Chicago volver\u00e1 a","og_url":"https:\/\/web.consaguirre.com.ar\/noticias\/smashing-pumpkins-anuncia-la-reedicion-de-vinilo-siamese-dream\/","og_site_name":"Conservatorio de M\u00fasica Juli\u00e1n Aguirre","article_published_time":"2025-02-03T17:39:54+00:00","article_modified_time":"2025-02-03T17:39:56+00:00","og_image":[{"width":1280,"height":1280,"url":"https:\/\/web.consaguirre.com.ar\/noticias\/wp-content\/uploads\/2025\/02\/1738604394_Smashing-Pumpkins-anuncia-la-reedicion-de-vinilo-siamese-Dream.jpg","type":"image\/jpeg"}],"author":"Javier Figueroa","twitter_card":"summary_large_image","twitter_misc":{"Escrito por":"Javier Figueroa","Tiempo de lectura":"2 minutos"},"schema":{"@context":"https:\/\/schema.org","@graph":[{"@type":"Article","@id":"https:\/\/web.consaguirre.com.ar\/noticias\/smashing-pumpkins-anuncia-la-reedicion-de-vinilo-siamese-dream\/#article","isPartOf":{"@id":"https:\/\/web.consaguirre.com.ar\/noticias\/smashing-pumpkins-anuncia-la-reedicion-de-vinilo-siamese-dream\/"},"author":{"name":"Javier Figueroa","@id":"https:\/\/web.consaguirre.com.ar\/noticias\/#\/schema\/person\/6558b0cfedee7ddc5425602b237d5722"},"headline":"Smashing Pumpkins anuncia la reedici\u00f3n de vinilo &#8216;siamese Dream&#8217;","datePublished":"2025-02-03T17:39:54+00:00","dateModified":"2025-02-03T17:39:56+00:00","mainEntityOfPage":{"@id":"https:\/\/web.consaguirre.com.ar\/noticias\/smashing-pumpkins-anuncia-la-reedicion-de-vinilo-siamese-dream\/"},"wordCount":379,"publisher":{"@id":"https:\/\/web.consaguirre.com.ar\/noticias\/#organization"},"image":{"@id":"https:\/\/web.consaguirre.com.ar\/noticias\/smashing-pumpkins-anuncia-la-reedicion-de-vinilo-siamese-dream\/#primaryimage"},"thumbnailUrl":"https:\/\/web.consaguirre.com.ar\/noticias\/wp-content\/uploads\/2025\/02\/1738604394_Smashing-Pumpkins-anuncia-la-reedicion-de-vinilo-siamese-Dream.jpg","keywords":["anuncia","Dream","Pumpkins","reedici\u00f3n","siamese","Smashing","vinilo"],"articleSection":["El \u00faltimo"],"inLanguage":"es-AR"},{"@type":"WebPage","@id":"https:\/\/web.consaguirre.com.ar\/noticias\/smashing-pumpkins-anuncia-la-reedicion-de-vinilo-siamese-dream\/","url":"https:\/\/web.consaguirre.com.ar\/noticias\/smashing-pumpkins-anuncia-la-reedicion-de-vinilo-siamese-dream\/","name":"Smashing Pumpkins anuncia la reedici\u00f3n de vinilo 'siamese Dream'","isPartOf":{"@id":"https:\/\/web.consaguirre.com.ar\/noticias\/#website"},"primaryImageOfPage":{"@id":"https:\/\/web.consaguirre.com.ar\/noticias\/smashing-pumpkins-anuncia-la-reedicion-de-vinilo-siamese-dream\/#primaryimage"},"image":{"@id":"https:\/\/web.consaguirre.com.ar\/noticias\/smashing-pumpkins-anuncia-la-reedicion-de-vinilo-siamese-dream\/#primaryimage"},"thumbnailUrl":"https:\/\/web.consaguirre.com.ar\/noticias\/wp-content\/uploads\/2025\/02\/1738604394_Smashing-Pumpkins-anuncia-la-reedicion-de-vinilo-siamese-Dream.jpg","datePublished":"2025-02-03T17:39:54+00:00","dateModified":"2025-02-03T17:39:56+00:00","breadcrumb":{"@id":"https:\/\/web.consaguirre.com.ar\/noticias\/smashing-pumpkins-anuncia-la-reedicion-de-vinilo-siamese-dream\/#breadcrumb"},"inLanguage":"es-AR","potentialAction":[{"@type":"ReadAction","target":["https:\/\/web.consaguirre.com.ar\/noticias\/smashing-pumpkins-anuncia-la-reedicion-de-vinilo-siamese-dream\/"]}]},{"@type":"ImageObject","inLanguage":"es-AR","@id":"https:\/\/web.consaguirre.com.ar\/noticias\/smashing-pumpkins-anuncia-la-reedicion-de-vinilo-siamese-dream\/#primaryimage","url":"https:\/\/web.consaguirre.com.ar\/noticias\/wp-content\/uploads\/2025\/02\/1738604394_Smashing-Pumpkins-anuncia-la-reedicion-de-vinilo-siamese-Dream.jpg","contentUrl":"https:\/\/web.consaguirre.com.ar\/noticias\/wp-content\/uploads\/2025\/02\/1738604394_Smashing-Pumpkins-anuncia-la-reedicion-de-vinilo-siamese-Dream.jpg","width":1280,"height":1280,"caption":"Smashing Pumpkins anuncia la reedici\u00f3n de vinilo 'siamese Dream'"},{"@type":"BreadcrumbList","@id":"https:\/\/web.consaguirre.com.ar\/noticias\/smashing-pumpkins-anuncia-la-reedicion-de-vinilo-siamese-dream\/#breadcrumb","itemListElement":[{"@type":"ListItem","position":1,"name":"Inicio","item":"https:\/\/web.consaguirre.com.ar\/noticias\/"},{"@type":"ListItem","position":2,"name":"Smashing Pumpkins anuncia la reedici\u00f3n de vinilo &#8216;siamese Dream&#8217;"}]},{"@type":"WebSite","@id":"https:\/\/web.consaguirre.com.ar\/noticias\/#website","url":"https:\/\/web.consaguirre.com.ar\/noticias\/","name":"Conservatorio de M\u00fasica Juli\u00e1n Aguirre","description":"","publisher":{"@id":"https:\/\/web.consaguirre.com.ar\/noticias\/#organization"},"potentialAction":[{"@type":"SearchAction","target":{"@type":"EntryPoint","urlTemplate":"https:\/\/web.consaguirre.com.ar\/noticias\/?s={search_term_string}"},"query-input":"required name=search_term_string"}],"inLanguage":"es-AR"},{"@type":"Organization","@id":"https:\/\/web.consaguirre.com.ar\/noticias\/#organization","name":"Conservatorio de M\u00fasica Juli\u00e1n Aguirre","url":"https:\/\/web.consaguirre.com.ar\/noticias\/","logo":{"@type":"ImageObject","inLanguage":"es-AR","@id":"https:\/\/web.consaguirre.com.ar\/noticias\/#\/schema\/logo\/image\/","url":"https:\/\/web.consaguirre.com.ar\/noticias\/wp-content\/uploads\/2024\/08\/Banner-Aguirre-23.jpg","contentUrl":"https:\/\/web.consaguirre.com.ar\/noticias\/wp-content\/uploads\/2024\/08\/Banner-Aguirre-23.jpg","width":1192,"height":600,"caption":"Conservatorio de M\u00fasica Juli\u00e1n Aguirre"},"image":{"@id":"https:\/\/web.consaguirre.com.ar\/noticias\/#\/schema\/logo\/image\/"}},{"@type":"Person","@id":"https:\/\/web.consaguirre.com.ar\/noticias\/#\/schema\/person\/6558b0cfedee7ddc5425602b237d5722","name":"Javier Figueroa","image":{"@type":"ImageObject","inLanguage":"es-AR","@id":"https:\/\/web.consaguirre.com.ar\/noticias\/#\/schema\/person\/image\/","url":"https:\/\/web.consaguirre.com.ar\/noticias\/wp-content\/uploads\/2024\/08\/Consaguirre-scaled.jpg","contentUrl":"https:\/\/web.consaguirre.com.ar\/noticias\/wp-content\/uploads\/2024\/08\/Consaguirre-scaled.jpg","caption":"Javier Figueroa"},"description":"Me llamo Javier Figueroa y soy redactor para el sitio oficial del Conservatorio de M\u00fasica Juli\u00e1n Aguirre en Buenos Aires, consaguirre.com. Apasionado por la m\u00fasica y la escritura, me esfuerzo por destacar los talentos y eventos de nuestra prestigiosa instituci\u00f3n. Mi trayectoria se nutre de una profunda admiraci\u00f3n por los artistas, haciendo de cada art\u00edculo una celebraci\u00f3n de la creatividad y la cultura musical.","sameAs":["https:\/\/web.consaguirre.com.ar\/noticias"]}]}},"_links":{"self":[{"href":"https:\/\/web.consaguirre.com.ar\/noticias\/wp-json\/wp\/v2\/posts\/1751"}],"collection":[{"href":"https:\/\/web.consaguirre.com.ar\/noticias\/wp-json\/wp\/v2\/posts"}],"about":[{"href":"https:\/\/web.consaguirre.com.ar\/noticias\/wp-json\/wp\/v2\/types\/post"}],"author":[{"embeddable":true,"href":"https:\/\/web.consaguirre.com.ar\/noticias\/wp-json\/wp\/v2\/users\/1"}],"replies":[{"embeddable":true,"href":"https:\/\/web.consaguirre.com.ar\/noticias\/wp-json\/wp\/v2\/comments?post=1751"}],"version-history":[{"count":1,"href":"https:\/\/web.consaguirre.com.ar\/noticias\/wp-json\/wp\/v2\/posts\/1751\/revisions"}],"predecessor-version":[{"id":1753,"href":"https:\/\/web.consaguirre.com.ar\/noticias\/wp-json\/wp\/v2\/posts\/1751\/revisions\/1753"}],"wp:featuredmedia":[{"embeddable":true,"href":"https:\/\/web.consaguirre.com.ar\/noticias\/wp-json\/wp\/v2\/media\/1752"}],"wp:attachment":[{"href":"https:\/\/web.consaguirre.com.ar\/noticias\/wp-json\/wp\/v2\/media?parent=1751"}],"wp:term":[{"taxonomy":"category","embeddable":true,"href":"https:\/\/web.consaguirre.com.ar\/noticias\/wp-json\/wp\/v2\/categories?post=1751"},{"taxonomy":"post_tag","embeddable":true,"href":"https:\/\/web.consaguirre.com.ar\/noticias\/wp-json\/wp\/v2\/tags?post=1751"}],"curies":[{"name":"wp","href":"https:\/\/api.w.org\/{rel}","templated":true}]}}