{"id":1745,"date":"2025-01-31T17:38:05","date_gmt":"2025-01-31T20:38:05","guid":{"rendered":"https:\/\/web.consaguirre.com.ar\/noticias\/escuche-el-nuevo-album-de-weeknd-dure-up-tomorrow\/"},"modified":"2025-01-31T17:38:08","modified_gmt":"2025-01-31T20:38:08","slug":"escuche-el-nuevo-album-de-weeknd-dure-up-tomorrow","status":"publish","type":"post","link":"https:\/\/web.consaguirre.com.ar\/noticias\/escuche-el-nuevo-album-de-weeknd-dure-up-tomorrow\/","title":{"rendered":"Escuche el nuevo \u00e1lbum de Weeknd, &#8216;Dure Up Tomorrow&#8217;"},"content":{"rendered":"<p><strong>El Weeknd<\/strong> ha lanzado su nuevo \u00e1lbum, <em>Date prisa ma\u00f1ana<\/em>. El registro, hoy a trav\u00e9s de XO\/Republic Records, es la \u00faltima entrega en una trilog\u00eda que incluye <strong><em>Fuera de horas<\/em><\/strong>  (2020) y <strong><em>Dawn FM<\/em><\/strong>  (2022).<\/p>\n<p>Abel Tesfaye primero previsualizado <em>Date prisa ma\u00f1ana<\/em> En septiembre de 2024, cuando lanz\u00f3 &#8220;Timeless&#8221; con Playboi Carti como el primer sencillo del disco. Tambi\u00e9n realiz\u00f3 pistas del \u00e1lbum en un espect\u00e1culo con entradas agotadas solo en una noche en S\u01ceo Paolo, que atrajo millones de vistas en una transmisi\u00f3n en vivo de YouTube.<\/p>\n<div class=\"uD-YT-container\"><img decoding=\"async\" src=\"https:\/\/web.consaguirre.com.ar\/noticias\/wp-content\/uploads\/2025\/01\/1738355885_644_Escuche-el-nuevo-album-de-Weeknd-Dure-Up-Tomorrow.jpg\" alt=\"Video de YouTube\"><br \/>Haga clic para cargar video<\/div>\n<p>El nuevo LP estaba programado originalmente para un lanzamiento del 24 de enero, pero se retras\u00f3 debido a los incendios forestales de California. En respuesta, Tesfaye don\u00f3 $ 1 mill\u00f3n a los esfuerzos de alivio de los incendios forestales, as\u00ed como oblig\u00f3 a todos los ingresos de la canci\u00f3n del \u00e1lbum &#8220;Take Me Back to LA&#8221; Go al LA Regional Food Bank.<\/p>\n<p>El a\u00f1o pasado ha sido r\u00e9cord para Tesfaye, quien en 2024 se convirti\u00f3 en el primer artista en la historia en ver 27 canciones superar a 1 mil millones de transmisiones en Spotify. Para celebrar <em>Date prisa ma\u00f1ana<\/em>El lanzamiento, el artista se ha asociado con el streamer para lanzar el &#8220;Experiencia emergente&#8221;, una instalaci\u00f3n de arte inmersiva que ser\u00e1 en la ciudad de Nueva York desde el 31 de enero hasta el 2 de febrero.<\/p>\n<p>En 2025, Tesfaye tambi\u00e9n protagonizar\u00e1 una pel\u00edcula inspirada en el nuevo \u00e1lbum, junto a Jenna Ortega y Barry Keoghan. Dirigido por Trey Edward Schults, el thriller psicol\u00f3gico llegar\u00e1 a los cines el 16 de mayo. Sigue el papel protagonista de 2023 de Tesfaye en HBO&#8217;s <em>El \u00eddolo<\/em>que \u00e9l co-cre\u00f3 <em>Euforia<\/em>Sam Levinson y el colaborador Reza Fahim.<\/p><\/p>\n","protected":false},"excerpt":{"rendered":"<p>El Weeknd ha lanzado su nuevo \u00e1lbum, Date prisa ma\u00f1ana. El registro, hoy a trav\u00e9s de XO\/Republic Records, es la \u00faltima entrega en una trilog\u00eda<\/p>\n","protected":false},"author":1,"featured_media":1746,"comment_status":"closed","ping_status":"","sticky":false,"template":"","format":"standard","meta":{"footnotes":""},"categories":[50],"tags":[147,1792,852,146,1363,664],"class_list":["post-1745","post","type-post","status-publish","format-standard","has-post-thumbnail","hentry","category-el-ultimo","tag-album","tag-dure","tag-escuche","tag-nuevo","tag-tomorrow","tag-weeknd","generate-columns","tablet-grid-50","mobile-grid-100","grid-parent","grid-50"],"yoast_head":"<!-- This site is optimized with the Yoast SEO plugin v23.3 - https:\/\/yoast.com\/wordpress\/plugins\/seo\/ -->\n<title>Escuche el nuevo \u00e1lbum de Weeknd, &#039;Dure Up Tomorrow&#039;<\/title>\n<meta name=\"robots\" content=\"index, follow, max-snippet:-1, max-image-preview:large, max-video-preview:-1\" \/>\n<link rel=\"canonical\" href=\"https:\/\/web.consaguirre.com.ar\/noticias\/escuche-el-nuevo-album-de-weeknd-dure-up-tomorrow\/\" \/>\n<meta property=\"og:locale\" content=\"es_ES\" \/>\n<meta property=\"og:type\" content=\"article\" \/>\n<meta property=\"og:title\" content=\"Escuche el nuevo \u00e1lbum de Weeknd, &#039;Dure Up Tomorrow&#039;\" \/>\n<meta property=\"og:description\" content=\"El Weeknd ha lanzado su nuevo \u00e1lbum, Date prisa ma\u00f1ana. El registro, hoy a trav\u00e9s de XO\/Republic Records, es la \u00faltima entrega en una trilog\u00eda\" \/>\n<meta property=\"og:url\" content=\"https:\/\/web.consaguirre.com.ar\/noticias\/escuche-el-nuevo-album-de-weeknd-dure-up-tomorrow\/\" \/>\n<meta property=\"og:site_name\" content=\"Conservatorio de M\u00fasica Juli\u00e1n Aguirre\" \/>\n<meta property=\"article:published_time\" content=\"2025-01-31T20:38:05+00:00\" \/>\n<meta property=\"article:modified_time\" content=\"2025-01-31T20:38:08+00:00\" \/>\n<meta property=\"og:image\" content=\"https:\/\/web.consaguirre.com.ar\/noticias\/wp-content\/uploads\/2025\/01\/Escuche-el-nuevo-album-de-Weeknd-Dure-Up-Tomorrow.jpg\" \/>\n\t<meta property=\"og:image:width\" content=\"1280\" \/>\n\t<meta property=\"og:image:height\" content=\"1280\" \/>\n\t<meta property=\"og:image:type\" content=\"image\/jpeg\" \/>\n<meta name=\"author\" content=\"Javier Figueroa\" \/>\n<meta name=\"twitter:card\" content=\"summary_large_image\" \/>\n<meta name=\"twitter:label1\" content=\"Escrito por\" \/>\n\t<meta name=\"twitter:data1\" content=\"Javier Figueroa\" \/>\n\t<meta name=\"twitter:label2\" content=\"Tiempo de lectura\" \/>\n\t<meta name=\"twitter:data2\" content=\"1 minuto\" \/>\n<script type=\"application\/ld+json\" class=\"yoast-schema-graph\">{\"@context\":\"https:\/\/schema.org\",\"@graph\":[{\"@type\":\"Article\",\"@id\":\"https:\/\/web.consaguirre.com.ar\/noticias\/escuche-el-nuevo-album-de-weeknd-dure-up-tomorrow\/#article\",\"isPartOf\":{\"@id\":\"https:\/\/web.consaguirre.com.ar\/noticias\/escuche-el-nuevo-album-de-weeknd-dure-up-tomorrow\/\"},\"author\":{\"name\":\"Javier Figueroa\",\"@id\":\"https:\/\/web.consaguirre.com.ar\/noticias\/#\/schema\/person\/6558b0cfedee7ddc5425602b237d5722\"},\"headline\":\"Escuche el nuevo \u00e1lbum de Weeknd, &#8216;Dure Up Tomorrow&#8217;\",\"datePublished\":\"2025-01-31T20:38:05+00:00\",\"dateModified\":\"2025-01-31T20:38:08+00:00\",\"mainEntityOfPage\":{\"@id\":\"https:\/\/web.consaguirre.com.ar\/noticias\/escuche-el-nuevo-album-de-weeknd-dure-up-tomorrow\/\"},\"wordCount\":300,\"publisher\":{\"@id\":\"https:\/\/web.consaguirre.com.ar\/noticias\/#organization\"},\"image\":{\"@id\":\"https:\/\/web.consaguirre.com.ar\/noticias\/escuche-el-nuevo-album-de-weeknd-dure-up-tomorrow\/#primaryimage\"},\"thumbnailUrl\":\"https:\/\/web.consaguirre.com.ar\/noticias\/wp-content\/uploads\/2025\/01\/Escuche-el-nuevo-album-de-Weeknd-Dure-Up-Tomorrow.jpg\",\"keywords\":[\"\u00e1lbum\",\"Dure\",\"Escuche\",\"nuevo\",\"Tomorrow\",\"Weeknd\"],\"articleSection\":[\"El \u00faltimo\"],\"inLanguage\":\"es-AR\"},{\"@type\":\"WebPage\",\"@id\":\"https:\/\/web.consaguirre.com.ar\/noticias\/escuche-el-nuevo-album-de-weeknd-dure-up-tomorrow\/\",\"url\":\"https:\/\/web.consaguirre.com.ar\/noticias\/escuche-el-nuevo-album-de-weeknd-dure-up-tomorrow\/\",\"name\":\"Escuche el nuevo \u00e1lbum de Weeknd, 'Dure Up Tomorrow'\",\"isPartOf\":{\"@id\":\"https:\/\/web.consaguirre.com.ar\/noticias\/#website\"},\"primaryImageOfPage\":{\"@id\":\"https:\/\/web.consaguirre.com.ar\/noticias\/escuche-el-nuevo-album-de-weeknd-dure-up-tomorrow\/#primaryimage\"},\"image\":{\"@id\":\"https:\/\/web.consaguirre.com.ar\/noticias\/escuche-el-nuevo-album-de-weeknd-dure-up-tomorrow\/#primaryimage\"},\"thumbnailUrl\":\"https:\/\/web.consaguirre.com.ar\/noticias\/wp-content\/uploads\/2025\/01\/Escuche-el-nuevo-album-de-Weeknd-Dure-Up-Tomorrow.jpg\",\"datePublished\":\"2025-01-31T20:38:05+00:00\",\"dateModified\":\"2025-01-31T20:38:08+00:00\",\"breadcrumb\":{\"@id\":\"https:\/\/web.consaguirre.com.ar\/noticias\/escuche-el-nuevo-album-de-weeknd-dure-up-tomorrow\/#breadcrumb\"},\"inLanguage\":\"es-AR\",\"potentialAction\":[{\"@type\":\"ReadAction\",\"target\":[\"https:\/\/web.consaguirre.com.ar\/noticias\/escuche-el-nuevo-album-de-weeknd-dure-up-tomorrow\/\"]}]},{\"@type\":\"ImageObject\",\"inLanguage\":\"es-AR\",\"@id\":\"https:\/\/web.consaguirre.com.ar\/noticias\/escuche-el-nuevo-album-de-weeknd-dure-up-tomorrow\/#primaryimage\",\"url\":\"https:\/\/web.consaguirre.com.ar\/noticias\/wp-content\/uploads\/2025\/01\/Escuche-el-nuevo-album-de-Weeknd-Dure-Up-Tomorrow.jpg\",\"contentUrl\":\"https:\/\/web.consaguirre.com.ar\/noticias\/wp-content\/uploads\/2025\/01\/Escuche-el-nuevo-album-de-Weeknd-Dure-Up-Tomorrow.jpg\",\"width\":1280,\"height\":1280,\"caption\":\"Escuche el nuevo \u00e1lbum de Weeknd, 'Dure Up Tomorrow'\"},{\"@type\":\"BreadcrumbList\",\"@id\":\"https:\/\/web.consaguirre.com.ar\/noticias\/escuche-el-nuevo-album-de-weeknd-dure-up-tomorrow\/#breadcrumb\",\"itemListElement\":[{\"@type\":\"ListItem\",\"position\":1,\"name\":\"Inicio\",\"item\":\"https:\/\/web.consaguirre.com.ar\/noticias\/\"},{\"@type\":\"ListItem\",\"position\":2,\"name\":\"Escuche el nuevo \u00e1lbum de Weeknd, &#8216;Dure Up Tomorrow&#8217;\"}]},{\"@type\":\"WebSite\",\"@id\":\"https:\/\/web.consaguirre.com.ar\/noticias\/#website\",\"url\":\"https:\/\/web.consaguirre.com.ar\/noticias\/\",\"name\":\"Conservatorio de M\u00fasica Juli\u00e1n Aguirre\",\"description\":\"\",\"publisher\":{\"@id\":\"https:\/\/web.consaguirre.com.ar\/noticias\/#organization\"},\"potentialAction\":[{\"@type\":\"SearchAction\",\"target\":{\"@type\":\"EntryPoint\",\"urlTemplate\":\"https:\/\/web.consaguirre.com.ar\/noticias\/?s={search_term_string}\"},\"query-input\":\"required name=search_term_string\"}],\"inLanguage\":\"es-AR\"},{\"@type\":\"Organization\",\"@id\":\"https:\/\/web.consaguirre.com.ar\/noticias\/#organization\",\"name\":\"Conservatorio de M\u00fasica Juli\u00e1n Aguirre\",\"url\":\"https:\/\/web.consaguirre.com.ar\/noticias\/\",\"logo\":{\"@type\":\"ImageObject\",\"inLanguage\":\"es-AR\",\"@id\":\"https:\/\/web.consaguirre.com.ar\/noticias\/#\/schema\/logo\/image\/\",\"url\":\"https:\/\/web.consaguirre.com.ar\/noticias\/wp-content\/uploads\/2024\/08\/Banner-Aguirre-23.jpg\",\"contentUrl\":\"https:\/\/web.consaguirre.com.ar\/noticias\/wp-content\/uploads\/2024\/08\/Banner-Aguirre-23.jpg\",\"width\":1192,\"height\":600,\"caption\":\"Conservatorio de M\u00fasica Juli\u00e1n Aguirre\"},\"image\":{\"@id\":\"https:\/\/web.consaguirre.com.ar\/noticias\/#\/schema\/logo\/image\/\"}},{\"@type\":\"Person\",\"@id\":\"https:\/\/web.consaguirre.com.ar\/noticias\/#\/schema\/person\/6558b0cfedee7ddc5425602b237d5722\",\"name\":\"Javier Figueroa\",\"image\":{\"@type\":\"ImageObject\",\"inLanguage\":\"es-AR\",\"@id\":\"https:\/\/web.consaguirre.com.ar\/noticias\/#\/schema\/person\/image\/\",\"url\":\"https:\/\/web.consaguirre.com.ar\/noticias\/wp-content\/uploads\/2024\/08\/Consaguirre-scaled.jpg\",\"contentUrl\":\"https:\/\/web.consaguirre.com.ar\/noticias\/wp-content\/uploads\/2024\/08\/Consaguirre-scaled.jpg\",\"caption\":\"Javier Figueroa\"},\"description\":\"Me llamo Javier Figueroa y soy redactor para el sitio oficial del Conservatorio de M\u00fasica Juli\u00e1n Aguirre en Buenos Aires, consaguirre.com. Apasionado por la m\u00fasica y la escritura, me esfuerzo por destacar los talentos y eventos de nuestra prestigiosa instituci\u00f3n. Mi trayectoria se nutre de una profunda admiraci\u00f3n por los artistas, haciendo de cada art\u00edculo una celebraci\u00f3n de la creatividad y la cultura musical.\",\"sameAs\":[\"https:\/\/web.consaguirre.com.ar\/noticias\"]}]}<\/script>\n<!-- \/ Yoast SEO plugin. -->","yoast_head_json":{"title":"Escuche el nuevo \u00e1lbum de Weeknd, 'Dure Up Tomorrow'","robots":{"index":"index","follow":"follow","max-snippet":"max-snippet:-1","max-image-preview":"max-image-preview:large","max-video-preview":"max-video-preview:-1"},"canonical":"https:\/\/web.consaguirre.com.ar\/noticias\/escuche-el-nuevo-album-de-weeknd-dure-up-tomorrow\/","og_locale":"es_ES","og_type":"article","og_title":"Escuche el nuevo \u00e1lbum de Weeknd, 'Dure Up Tomorrow'","og_description":"El Weeknd ha lanzado su nuevo \u00e1lbum, Date prisa ma\u00f1ana. El registro, hoy a trav\u00e9s de XO\/Republic Records, es la \u00faltima entrega en una trilog\u00eda","og_url":"https:\/\/web.consaguirre.com.ar\/noticias\/escuche-el-nuevo-album-de-weeknd-dure-up-tomorrow\/","og_site_name":"Conservatorio de M\u00fasica Juli\u00e1n Aguirre","article_published_time":"2025-01-31T20:38:05+00:00","article_modified_time":"2025-01-31T20:38:08+00:00","og_image":[{"width":1280,"height":1280,"url":"https:\/\/web.consaguirre.com.ar\/noticias\/wp-content\/uploads\/2025\/01\/Escuche-el-nuevo-album-de-Weeknd-Dure-Up-Tomorrow.jpg","type":"image\/jpeg"}],"author":"Javier Figueroa","twitter_card":"summary_large_image","twitter_misc":{"Escrito por":"Javier Figueroa","Tiempo de lectura":"1 minuto"},"schema":{"@context":"https:\/\/schema.org","@graph":[{"@type":"Article","@id":"https:\/\/web.consaguirre.com.ar\/noticias\/escuche-el-nuevo-album-de-weeknd-dure-up-tomorrow\/#article","isPartOf":{"@id":"https:\/\/web.consaguirre.com.ar\/noticias\/escuche-el-nuevo-album-de-weeknd-dure-up-tomorrow\/"},"author":{"name":"Javier Figueroa","@id":"https:\/\/web.consaguirre.com.ar\/noticias\/#\/schema\/person\/6558b0cfedee7ddc5425602b237d5722"},"headline":"Escuche el nuevo \u00e1lbum de Weeknd, &#8216;Dure Up Tomorrow&#8217;","datePublished":"2025-01-31T20:38:05+00:00","dateModified":"2025-01-31T20:38:08+00:00","mainEntityOfPage":{"@id":"https:\/\/web.consaguirre.com.ar\/noticias\/escuche-el-nuevo-album-de-weeknd-dure-up-tomorrow\/"},"wordCount":300,"publisher":{"@id":"https:\/\/web.consaguirre.com.ar\/noticias\/#organization"},"image":{"@id":"https:\/\/web.consaguirre.com.ar\/noticias\/escuche-el-nuevo-album-de-weeknd-dure-up-tomorrow\/#primaryimage"},"thumbnailUrl":"https:\/\/web.consaguirre.com.ar\/noticias\/wp-content\/uploads\/2025\/01\/Escuche-el-nuevo-album-de-Weeknd-Dure-Up-Tomorrow.jpg","keywords":["\u00e1lbum","Dure","Escuche","nuevo","Tomorrow","Weeknd"],"articleSection":["El \u00faltimo"],"inLanguage":"es-AR"},{"@type":"WebPage","@id":"https:\/\/web.consaguirre.com.ar\/noticias\/escuche-el-nuevo-album-de-weeknd-dure-up-tomorrow\/","url":"https:\/\/web.consaguirre.com.ar\/noticias\/escuche-el-nuevo-album-de-weeknd-dure-up-tomorrow\/","name":"Escuche el nuevo \u00e1lbum de Weeknd, 'Dure Up Tomorrow'","isPartOf":{"@id":"https:\/\/web.consaguirre.com.ar\/noticias\/#website"},"primaryImageOfPage":{"@id":"https:\/\/web.consaguirre.com.ar\/noticias\/escuche-el-nuevo-album-de-weeknd-dure-up-tomorrow\/#primaryimage"},"image":{"@id":"https:\/\/web.consaguirre.com.ar\/noticias\/escuche-el-nuevo-album-de-weeknd-dure-up-tomorrow\/#primaryimage"},"thumbnailUrl":"https:\/\/web.consaguirre.com.ar\/noticias\/wp-content\/uploads\/2025\/01\/Escuche-el-nuevo-album-de-Weeknd-Dure-Up-Tomorrow.jpg","datePublished":"2025-01-31T20:38:05+00:00","dateModified":"2025-01-31T20:38:08+00:00","breadcrumb":{"@id":"https:\/\/web.consaguirre.com.ar\/noticias\/escuche-el-nuevo-album-de-weeknd-dure-up-tomorrow\/#breadcrumb"},"inLanguage":"es-AR","potentialAction":[{"@type":"ReadAction","target":["https:\/\/web.consaguirre.com.ar\/noticias\/escuche-el-nuevo-album-de-weeknd-dure-up-tomorrow\/"]}]},{"@type":"ImageObject","inLanguage":"es-AR","@id":"https:\/\/web.consaguirre.com.ar\/noticias\/escuche-el-nuevo-album-de-weeknd-dure-up-tomorrow\/#primaryimage","url":"https:\/\/web.consaguirre.com.ar\/noticias\/wp-content\/uploads\/2025\/01\/Escuche-el-nuevo-album-de-Weeknd-Dure-Up-Tomorrow.jpg","contentUrl":"https:\/\/web.consaguirre.com.ar\/noticias\/wp-content\/uploads\/2025\/01\/Escuche-el-nuevo-album-de-Weeknd-Dure-Up-Tomorrow.jpg","width":1280,"height":1280,"caption":"Escuche el nuevo \u00e1lbum de Weeknd, 'Dure Up Tomorrow'"},{"@type":"BreadcrumbList","@id":"https:\/\/web.consaguirre.com.ar\/noticias\/escuche-el-nuevo-album-de-weeknd-dure-up-tomorrow\/#breadcrumb","itemListElement":[{"@type":"ListItem","position":1,"name":"Inicio","item":"https:\/\/web.consaguirre.com.ar\/noticias\/"},{"@type":"ListItem","position":2,"name":"Escuche el nuevo \u00e1lbum de Weeknd, &#8216;Dure Up Tomorrow&#8217;"}]},{"@type":"WebSite","@id":"https:\/\/web.consaguirre.com.ar\/noticias\/#website","url":"https:\/\/web.consaguirre.com.ar\/noticias\/","name":"Conservatorio de M\u00fasica Juli\u00e1n Aguirre","description":"","publisher":{"@id":"https:\/\/web.consaguirre.com.ar\/noticias\/#organization"},"potentialAction":[{"@type":"SearchAction","target":{"@type":"EntryPoint","urlTemplate":"https:\/\/web.consaguirre.com.ar\/noticias\/?s={search_term_string}"},"query-input":"required name=search_term_string"}],"inLanguage":"es-AR"},{"@type":"Organization","@id":"https:\/\/web.consaguirre.com.ar\/noticias\/#organization","name":"Conservatorio de M\u00fasica Juli\u00e1n Aguirre","url":"https:\/\/web.consaguirre.com.ar\/noticias\/","logo":{"@type":"ImageObject","inLanguage":"es-AR","@id":"https:\/\/web.consaguirre.com.ar\/noticias\/#\/schema\/logo\/image\/","url":"https:\/\/web.consaguirre.com.ar\/noticias\/wp-content\/uploads\/2024\/08\/Banner-Aguirre-23.jpg","contentUrl":"https:\/\/web.consaguirre.com.ar\/noticias\/wp-content\/uploads\/2024\/08\/Banner-Aguirre-23.jpg","width":1192,"height":600,"caption":"Conservatorio de M\u00fasica Juli\u00e1n Aguirre"},"image":{"@id":"https:\/\/web.consaguirre.com.ar\/noticias\/#\/schema\/logo\/image\/"}},{"@type":"Person","@id":"https:\/\/web.consaguirre.com.ar\/noticias\/#\/schema\/person\/6558b0cfedee7ddc5425602b237d5722","name":"Javier Figueroa","image":{"@type":"ImageObject","inLanguage":"es-AR","@id":"https:\/\/web.consaguirre.com.ar\/noticias\/#\/schema\/person\/image\/","url":"https:\/\/web.consaguirre.com.ar\/noticias\/wp-content\/uploads\/2024\/08\/Consaguirre-scaled.jpg","contentUrl":"https:\/\/web.consaguirre.com.ar\/noticias\/wp-content\/uploads\/2024\/08\/Consaguirre-scaled.jpg","caption":"Javier Figueroa"},"description":"Me llamo Javier Figueroa y soy redactor para el sitio oficial del Conservatorio de M\u00fasica Juli\u00e1n Aguirre en Buenos Aires, consaguirre.com. Apasionado por la m\u00fasica y la escritura, me esfuerzo por destacar los talentos y eventos de nuestra prestigiosa instituci\u00f3n. Mi trayectoria se nutre de una profunda admiraci\u00f3n por los artistas, haciendo de cada art\u00edculo una celebraci\u00f3n de la creatividad y la cultura musical.","sameAs":["https:\/\/web.consaguirre.com.ar\/noticias"]}]}},"_links":{"self":[{"href":"https:\/\/web.consaguirre.com.ar\/noticias\/wp-json\/wp\/v2\/posts\/1745"}],"collection":[{"href":"https:\/\/web.consaguirre.com.ar\/noticias\/wp-json\/wp\/v2\/posts"}],"about":[{"href":"https:\/\/web.consaguirre.com.ar\/noticias\/wp-json\/wp\/v2\/types\/post"}],"author":[{"embeddable":true,"href":"https:\/\/web.consaguirre.com.ar\/noticias\/wp-json\/wp\/v2\/users\/1"}],"replies":[{"embeddable":true,"href":"https:\/\/web.consaguirre.com.ar\/noticias\/wp-json\/wp\/v2\/comments?post=1745"}],"version-history":[{"count":1,"href":"https:\/\/web.consaguirre.com.ar\/noticias\/wp-json\/wp\/v2\/posts\/1745\/revisions"}],"predecessor-version":[{"id":1747,"href":"https:\/\/web.consaguirre.com.ar\/noticias\/wp-json\/wp\/v2\/posts\/1745\/revisions\/1747"}],"wp:featuredmedia":[{"embeddable":true,"href":"https:\/\/web.consaguirre.com.ar\/noticias\/wp-json\/wp\/v2\/media\/1746"}],"wp:attachment":[{"href":"https:\/\/web.consaguirre.com.ar\/noticias\/wp-json\/wp\/v2\/media?parent=1745"}],"wp:term":[{"taxonomy":"category","embeddable":true,"href":"https:\/\/web.consaguirre.com.ar\/noticias\/wp-json\/wp\/v2\/categories?post=1745"},{"taxonomy":"post_tag","embeddable":true,"href":"https:\/\/web.consaguirre.com.ar\/noticias\/wp-json\/wp\/v2\/tags?post=1745"}],"curies":[{"name":"wp","href":"https:\/\/api.w.org\/{rel}","templated":true}]}}