{"id":1742,"date":"2025-01-31T14:43:07","date_gmt":"2025-01-31T17:43:07","guid":{"rendered":"https:\/\/web.consaguirre.com.ar\/noticias\/def-leppard-share-cover-de-stand-by-me-para-la-organizacion-benefica-fireaid-de-los-angeles\/"},"modified":"2025-01-31T14:43:09","modified_gmt":"2025-01-31T17:43:09","slug":"def-leppard-share-cover-de-stand-by-me-para-la-organizacion-benefica-fireaid-de-los-angeles","status":"publish","type":"post","link":"https:\/\/web.consaguirre.com.ar\/noticias\/def-leppard-share-cover-de-stand-by-me-para-la-organizacion-benefica-fireaid-de-los-angeles\/","title":{"rendered":"Def Leppard Share Cover de &#8216;Stand By Me&#8217; para la organizaci\u00f3n ben\u00e9fica Fireaid de Los \u00c1ngeles"},"content":{"rendered":"<p><strong>Def Leppard<\/strong> He anunciado un nuevo sencillo digital, una portada del cl\u00e1sico &#8220;Stand By Me&#8221; de Ben E. King, con los ingresos que van a la organizaci\u00f3n ben\u00e9fica Fireaid de Los \u00c1ngeles para apoyar a todos los afectados por los recientes incendios forestales.<\/p>\n<p>\u201cLos \u00c1ngeles y su entorno siempre han jugado un papel central en la carrera de Def Leppard, desde que es donde algunos de nosotros estamos ubicados y que es nuestro centro de EE. UU. Para los ensayos, hasta ser la ciudad donde jugamos nuestro primer concierto estadounidense, &#8220;El cantante Joe Elliott dijo en un comunicado. \u201cNos sentimos bendecidos de poder dedicar esta canci\u00f3n y dar todas las regal\u00edas a los incre\u00edbles h\u00e9roes en Los \u00c1ngeles ayudando a los afectados por el fuego. No hay mejor canci\u00f3n &#8220;.<\/p>\n<p>La portada se incluy\u00f3 originalmente en la pel\u00edcula de Netflix. <i>Banco de Dave II, <\/i>que actualmente est\u00e1 disponible para transmitir en el Reino Unido<\/p>\n<div class=\"uD-YT-container\"><img decoding=\"async\" src=\"https:\/\/web.consaguirre.com.ar\/noticias\/wp-content\/uploads\/2025\/01\/1738345387_550_Def-Leppard-Share-Cover-de-Stand-By-Me-para-la.jpg\" alt=\"Video de YouTube\"><br \/>Haga clic para cargar video<\/div>\n<p>El lanzamiento \u00fanico sigue el gran beneficio de FireAid del 30 de enero, compuesto por dos conciertos simult\u00e1neos en el Foro KIA de LA y Intuit Dome. Los conciertos presentados <strong>Billie Eilish<\/strong>, <strong>Olivia Rodrigo<\/strong>, <strong>Lady Gaga<\/strong>, <strong>Rod Stewart<\/strong>, <strong>Picadura<\/strong>y m\u00e1s.<\/p>\n<p>Seg\u00fan Fireaid, las contribuciones hechas a Fireaid en relaci\u00f3n con el concierto de beneficios de Fireaid y otras donaciones directas se distribuir\u00e1n bajo el asesoramiento de la Fundaci\u00f3n Annenberg para los esfuerzos de ayuda a corto plazo y las iniciativas a largo plazo para evitar futuros desastres de incendios en todo el sur de California.<\/p>\n<p>Mientras el <strong>Los incendios horribles en el condado de Los \u00c1ngeles todav\u00eda estaban furiosos<\/strong>algunos de los nombres m\u00e1s importantes de la m\u00fasica hablaron y compartieron recursos para los afectados.<\/p>\n<p><strong>El Weeknd<\/strong>Eilish, <strong>Ariana Grande<\/strong>, <strong>Shawn Mendes<\/strong>y m\u00e1s estrellas recurrieron a las redes sociales para expresar simpat\u00eda por el desastre y llamar a sus grandes bases de fan\u00e1ticos a la acci\u00f3n. &#8220;Mi coraz\u00f3n est\u00e1 con todos afectados por los devastadores incendios de Los \u00c1ngeles, compartiendo algunas organizaciones para apoyar que responden a los afectados en tiempo real&#8221;, escribi\u00f3 Grande en su historia de Instagram, por <strong><em>Cartelera<\/em><\/strong>.<\/p>\n<p><strong>Visite el sitio web oficial de Fireaid para obtener m\u00e1s informaci\u00f3n.<\/strong><\/p>\n","protected":false},"excerpt":{"rendered":"<p>Def Leppard He anunciado un nuevo sencillo digital, una portada del cl\u00e1sico &#8220;Stand By Me&#8221; de Ben E. King, con los ingresos que van a<\/p>\n","protected":false},"author":1,"featured_media":1743,"comment_status":"closed","ping_status":"","sticky":false,"template":"","format":"standard","meta":{"footnotes":""},"categories":[50],"tags":[1627,1791,1789,122,1710,123,180,1790,154,1788,1233],"class_list":["post-1742","post","type-post","status-publish","format-standard","has-post-thumbnail","hentry","category-el-ultimo","tag-angeles","tag-benefica","tag-cover","tag-def","tag-fireaid","tag-leppard","tag-los","tag-organizacion","tag-para","tag-share","tag-stand","generate-columns","tablet-grid-50","mobile-grid-100","grid-parent","grid-50"],"yoast_head":"<!-- This site is optimized with the Yoast SEO plugin v23.3 - https:\/\/yoast.com\/wordpress\/plugins\/seo\/ -->\n<title>Def Leppard Share Cover de &#039;Stand By Me&#039; para la organizaci\u00f3n ben\u00e9fica Fireaid de Los \u00c1ngeles<\/title>\n<meta name=\"robots\" content=\"index, follow, max-snippet:-1, max-image-preview:large, max-video-preview:-1\" \/>\n<link rel=\"canonical\" href=\"https:\/\/web.consaguirre.com.ar\/noticias\/def-leppard-share-cover-de-stand-by-me-para-la-organizacion-benefica-fireaid-de-los-angeles\/\" \/>\n<meta property=\"og:locale\" content=\"es_ES\" \/>\n<meta property=\"og:type\" content=\"article\" \/>\n<meta property=\"og:title\" content=\"Def Leppard Share Cover de &#039;Stand By Me&#039; para la organizaci\u00f3n ben\u00e9fica Fireaid de Los \u00c1ngeles\" \/>\n<meta property=\"og:description\" content=\"Def Leppard He anunciado un nuevo sencillo digital, una portada del cl\u00e1sico &#8220;Stand By Me&#8221; de Ben E. King, con los ingresos que van a\" \/>\n<meta property=\"og:url\" content=\"https:\/\/web.consaguirre.com.ar\/noticias\/def-leppard-share-cover-de-stand-by-me-para-la-organizacion-benefica-fireaid-de-los-angeles\/\" \/>\n<meta property=\"og:site_name\" content=\"Conservatorio de M\u00fasica Juli\u00e1n Aguirre\" \/>\n<meta property=\"article:published_time\" content=\"2025-01-31T17:43:07+00:00\" \/>\n<meta property=\"article:modified_time\" content=\"2025-01-31T17:43:09+00:00\" \/>\n<meta property=\"og:image\" content=\"https:\/\/web.consaguirre.com.ar\/noticias\/wp-content\/uploads\/2025\/01\/Def-Leppard-Share-Cover-de-Stand-By-Me-para-la.jpg\" \/>\n\t<meta property=\"og:image:width\" content=\"1440\" \/>\n\t<meta property=\"og:image:height\" content=\"864\" \/>\n\t<meta property=\"og:image:type\" content=\"image\/jpeg\" \/>\n<meta name=\"author\" content=\"Javier Figueroa\" \/>\n<meta name=\"twitter:card\" content=\"summary_large_image\" \/>\n<meta name=\"twitter:label1\" content=\"Escrito por\" \/>\n\t<meta name=\"twitter:data1\" content=\"Javier Figueroa\" \/>\n\t<meta name=\"twitter:label2\" content=\"Tiempo de lectura\" \/>\n\t<meta name=\"twitter:data2\" content=\"2 minutos\" \/>\n<script type=\"application\/ld+json\" class=\"yoast-schema-graph\">{\"@context\":\"https:\/\/schema.org\",\"@graph\":[{\"@type\":\"Article\",\"@id\":\"https:\/\/web.consaguirre.com.ar\/noticias\/def-leppard-share-cover-de-stand-by-me-para-la-organizacion-benefica-fireaid-de-los-angeles\/#article\",\"isPartOf\":{\"@id\":\"https:\/\/web.consaguirre.com.ar\/noticias\/def-leppard-share-cover-de-stand-by-me-para-la-organizacion-benefica-fireaid-de-los-angeles\/\"},\"author\":{\"name\":\"Javier Figueroa\",\"@id\":\"https:\/\/web.consaguirre.com.ar\/noticias\/#\/schema\/person\/6558b0cfedee7ddc5425602b237d5722\"},\"headline\":\"Def Leppard Share Cover de &#8216;Stand By Me&#8217; para la organizaci\u00f3n ben\u00e9fica Fireaid de Los \u00c1ngeles\",\"datePublished\":\"2025-01-31T17:43:07+00:00\",\"dateModified\":\"2025-01-31T17:43:09+00:00\",\"mainEntityOfPage\":{\"@id\":\"https:\/\/web.consaguirre.com.ar\/noticias\/def-leppard-share-cover-de-stand-by-me-para-la-organizacion-benefica-fireaid-de-los-angeles\/\"},\"wordCount\":400,\"publisher\":{\"@id\":\"https:\/\/web.consaguirre.com.ar\/noticias\/#organization\"},\"image\":{\"@id\":\"https:\/\/web.consaguirre.com.ar\/noticias\/def-leppard-share-cover-de-stand-by-me-para-la-organizacion-benefica-fireaid-de-los-angeles\/#primaryimage\"},\"thumbnailUrl\":\"https:\/\/web.consaguirre.com.ar\/noticias\/wp-content\/uploads\/2025\/01\/Def-Leppard-Share-Cover-de-Stand-By-Me-para-la.jpg\",\"keywords\":[\"\u00c1ngeles\",\"ben\u00e9fica\",\"Cover\",\"Def\",\"FireAid\",\"Leppard\",\"los\",\"organizaci\u00f3n\",\"para\",\"Share\",\"Stand\"],\"articleSection\":[\"El \u00faltimo\"],\"inLanguage\":\"es-AR\"},{\"@type\":\"WebPage\",\"@id\":\"https:\/\/web.consaguirre.com.ar\/noticias\/def-leppard-share-cover-de-stand-by-me-para-la-organizacion-benefica-fireaid-de-los-angeles\/\",\"url\":\"https:\/\/web.consaguirre.com.ar\/noticias\/def-leppard-share-cover-de-stand-by-me-para-la-organizacion-benefica-fireaid-de-los-angeles\/\",\"name\":\"Def Leppard Share Cover de 'Stand By Me' para la organizaci\u00f3n ben\u00e9fica Fireaid de Los \u00c1ngeles\",\"isPartOf\":{\"@id\":\"https:\/\/web.consaguirre.com.ar\/noticias\/#website\"},\"primaryImageOfPage\":{\"@id\":\"https:\/\/web.consaguirre.com.ar\/noticias\/def-leppard-share-cover-de-stand-by-me-para-la-organizacion-benefica-fireaid-de-los-angeles\/#primaryimage\"},\"image\":{\"@id\":\"https:\/\/web.consaguirre.com.ar\/noticias\/def-leppard-share-cover-de-stand-by-me-para-la-organizacion-benefica-fireaid-de-los-angeles\/#primaryimage\"},\"thumbnailUrl\":\"https:\/\/web.consaguirre.com.ar\/noticias\/wp-content\/uploads\/2025\/01\/Def-Leppard-Share-Cover-de-Stand-By-Me-para-la.jpg\",\"datePublished\":\"2025-01-31T17:43:07+00:00\",\"dateModified\":\"2025-01-31T17:43:09+00:00\",\"breadcrumb\":{\"@id\":\"https:\/\/web.consaguirre.com.ar\/noticias\/def-leppard-share-cover-de-stand-by-me-para-la-organizacion-benefica-fireaid-de-los-angeles\/#breadcrumb\"},\"inLanguage\":\"es-AR\",\"potentialAction\":[{\"@type\":\"ReadAction\",\"target\":[\"https:\/\/web.consaguirre.com.ar\/noticias\/def-leppard-share-cover-de-stand-by-me-para-la-organizacion-benefica-fireaid-de-los-angeles\/\"]}]},{\"@type\":\"ImageObject\",\"inLanguage\":\"es-AR\",\"@id\":\"https:\/\/web.consaguirre.com.ar\/noticias\/def-leppard-share-cover-de-stand-by-me-para-la-organizacion-benefica-fireaid-de-los-angeles\/#primaryimage\",\"url\":\"https:\/\/web.consaguirre.com.ar\/noticias\/wp-content\/uploads\/2025\/01\/Def-Leppard-Share-Cover-de-Stand-By-Me-para-la.jpg\",\"contentUrl\":\"https:\/\/web.consaguirre.com.ar\/noticias\/wp-content\/uploads\/2025\/01\/Def-Leppard-Share-Cover-de-Stand-By-Me-para-la.jpg\",\"width\":1440,\"height\":864,\"caption\":\"Def Leppard Share Cover de 'Stand By Me' para la organizaci\u00f3n ben\u00e9fica Fireaid de Los \u00c1ngeles\"},{\"@type\":\"BreadcrumbList\",\"@id\":\"https:\/\/web.consaguirre.com.ar\/noticias\/def-leppard-share-cover-de-stand-by-me-para-la-organizacion-benefica-fireaid-de-los-angeles\/#breadcrumb\",\"itemListElement\":[{\"@type\":\"ListItem\",\"position\":1,\"name\":\"Inicio\",\"item\":\"https:\/\/web.consaguirre.com.ar\/noticias\/\"},{\"@type\":\"ListItem\",\"position\":2,\"name\":\"Def Leppard Share Cover de &#8216;Stand By Me&#8217; para la organizaci\u00f3n ben\u00e9fica Fireaid de Los \u00c1ngeles\"}]},{\"@type\":\"WebSite\",\"@id\":\"https:\/\/web.consaguirre.com.ar\/noticias\/#website\",\"url\":\"https:\/\/web.consaguirre.com.ar\/noticias\/\",\"name\":\"Conservatorio de M\u00fasica Juli\u00e1n Aguirre\",\"description\":\"\",\"publisher\":{\"@id\":\"https:\/\/web.consaguirre.com.ar\/noticias\/#organization\"},\"potentialAction\":[{\"@type\":\"SearchAction\",\"target\":{\"@type\":\"EntryPoint\",\"urlTemplate\":\"https:\/\/web.consaguirre.com.ar\/noticias\/?s={search_term_string}\"},\"query-input\":\"required name=search_term_string\"}],\"inLanguage\":\"es-AR\"},{\"@type\":\"Organization\",\"@id\":\"https:\/\/web.consaguirre.com.ar\/noticias\/#organization\",\"name\":\"Conservatorio de M\u00fasica Juli\u00e1n Aguirre\",\"url\":\"https:\/\/web.consaguirre.com.ar\/noticias\/\",\"logo\":{\"@type\":\"ImageObject\",\"inLanguage\":\"es-AR\",\"@id\":\"https:\/\/web.consaguirre.com.ar\/noticias\/#\/schema\/logo\/image\/\",\"url\":\"https:\/\/web.consaguirre.com.ar\/noticias\/wp-content\/uploads\/2024\/08\/Banner-Aguirre-23.jpg\",\"contentUrl\":\"https:\/\/web.consaguirre.com.ar\/noticias\/wp-content\/uploads\/2024\/08\/Banner-Aguirre-23.jpg\",\"width\":1192,\"height\":600,\"caption\":\"Conservatorio de M\u00fasica Juli\u00e1n Aguirre\"},\"image\":{\"@id\":\"https:\/\/web.consaguirre.com.ar\/noticias\/#\/schema\/logo\/image\/\"}},{\"@type\":\"Person\",\"@id\":\"https:\/\/web.consaguirre.com.ar\/noticias\/#\/schema\/person\/6558b0cfedee7ddc5425602b237d5722\",\"name\":\"Javier Figueroa\",\"image\":{\"@type\":\"ImageObject\",\"inLanguage\":\"es-AR\",\"@id\":\"https:\/\/web.consaguirre.com.ar\/noticias\/#\/schema\/person\/image\/\",\"url\":\"https:\/\/web.consaguirre.com.ar\/noticias\/wp-content\/uploads\/2024\/08\/Consaguirre-scaled.jpg\",\"contentUrl\":\"https:\/\/web.consaguirre.com.ar\/noticias\/wp-content\/uploads\/2024\/08\/Consaguirre-scaled.jpg\",\"caption\":\"Javier Figueroa\"},\"description\":\"Me llamo Javier Figueroa y soy redactor para el sitio oficial del Conservatorio de M\u00fasica Juli\u00e1n Aguirre en Buenos Aires, consaguirre.com. Apasionado por la m\u00fasica y la escritura, me esfuerzo por destacar los talentos y eventos de nuestra prestigiosa instituci\u00f3n. Mi trayectoria se nutre de una profunda admiraci\u00f3n por los artistas, haciendo de cada art\u00edculo una celebraci\u00f3n de la creatividad y la cultura musical.\",\"sameAs\":[\"https:\/\/web.consaguirre.com.ar\/noticias\"]}]}<\/script>\n<!-- \/ Yoast SEO plugin. -->","yoast_head_json":{"title":"Def Leppard Share Cover de 'Stand By Me' para la organizaci\u00f3n ben\u00e9fica Fireaid de Los \u00c1ngeles","robots":{"index":"index","follow":"follow","max-snippet":"max-snippet:-1","max-image-preview":"max-image-preview:large","max-video-preview":"max-video-preview:-1"},"canonical":"https:\/\/web.consaguirre.com.ar\/noticias\/def-leppard-share-cover-de-stand-by-me-para-la-organizacion-benefica-fireaid-de-los-angeles\/","og_locale":"es_ES","og_type":"article","og_title":"Def Leppard Share Cover de 'Stand By Me' para la organizaci\u00f3n ben\u00e9fica Fireaid de Los \u00c1ngeles","og_description":"Def Leppard He anunciado un nuevo sencillo digital, una portada del cl\u00e1sico &#8220;Stand By Me&#8221; de Ben E. King, con los ingresos que van a","og_url":"https:\/\/web.consaguirre.com.ar\/noticias\/def-leppard-share-cover-de-stand-by-me-para-la-organizacion-benefica-fireaid-de-los-angeles\/","og_site_name":"Conservatorio de M\u00fasica Juli\u00e1n Aguirre","article_published_time":"2025-01-31T17:43:07+00:00","article_modified_time":"2025-01-31T17:43:09+00:00","og_image":[{"width":1440,"height":864,"url":"https:\/\/web.consaguirre.com.ar\/noticias\/wp-content\/uploads\/2025\/01\/Def-Leppard-Share-Cover-de-Stand-By-Me-para-la.jpg","type":"image\/jpeg"}],"author":"Javier Figueroa","twitter_card":"summary_large_image","twitter_misc":{"Escrito por":"Javier Figueroa","Tiempo de lectura":"2 minutos"},"schema":{"@context":"https:\/\/schema.org","@graph":[{"@type":"Article","@id":"https:\/\/web.consaguirre.com.ar\/noticias\/def-leppard-share-cover-de-stand-by-me-para-la-organizacion-benefica-fireaid-de-los-angeles\/#article","isPartOf":{"@id":"https:\/\/web.consaguirre.com.ar\/noticias\/def-leppard-share-cover-de-stand-by-me-para-la-organizacion-benefica-fireaid-de-los-angeles\/"},"author":{"name":"Javier Figueroa","@id":"https:\/\/web.consaguirre.com.ar\/noticias\/#\/schema\/person\/6558b0cfedee7ddc5425602b237d5722"},"headline":"Def Leppard Share Cover de &#8216;Stand By Me&#8217; para la organizaci\u00f3n ben\u00e9fica Fireaid de Los \u00c1ngeles","datePublished":"2025-01-31T17:43:07+00:00","dateModified":"2025-01-31T17:43:09+00:00","mainEntityOfPage":{"@id":"https:\/\/web.consaguirre.com.ar\/noticias\/def-leppard-share-cover-de-stand-by-me-para-la-organizacion-benefica-fireaid-de-los-angeles\/"},"wordCount":400,"publisher":{"@id":"https:\/\/web.consaguirre.com.ar\/noticias\/#organization"},"image":{"@id":"https:\/\/web.consaguirre.com.ar\/noticias\/def-leppard-share-cover-de-stand-by-me-para-la-organizacion-benefica-fireaid-de-los-angeles\/#primaryimage"},"thumbnailUrl":"https:\/\/web.consaguirre.com.ar\/noticias\/wp-content\/uploads\/2025\/01\/Def-Leppard-Share-Cover-de-Stand-By-Me-para-la.jpg","keywords":["\u00c1ngeles","ben\u00e9fica","Cover","Def","FireAid","Leppard","los","organizaci\u00f3n","para","Share","Stand"],"articleSection":["El \u00faltimo"],"inLanguage":"es-AR"},{"@type":"WebPage","@id":"https:\/\/web.consaguirre.com.ar\/noticias\/def-leppard-share-cover-de-stand-by-me-para-la-organizacion-benefica-fireaid-de-los-angeles\/","url":"https:\/\/web.consaguirre.com.ar\/noticias\/def-leppard-share-cover-de-stand-by-me-para-la-organizacion-benefica-fireaid-de-los-angeles\/","name":"Def Leppard Share Cover de 'Stand By Me' para la organizaci\u00f3n ben\u00e9fica Fireaid de Los \u00c1ngeles","isPartOf":{"@id":"https:\/\/web.consaguirre.com.ar\/noticias\/#website"},"primaryImageOfPage":{"@id":"https:\/\/web.consaguirre.com.ar\/noticias\/def-leppard-share-cover-de-stand-by-me-para-la-organizacion-benefica-fireaid-de-los-angeles\/#primaryimage"},"image":{"@id":"https:\/\/web.consaguirre.com.ar\/noticias\/def-leppard-share-cover-de-stand-by-me-para-la-organizacion-benefica-fireaid-de-los-angeles\/#primaryimage"},"thumbnailUrl":"https:\/\/web.consaguirre.com.ar\/noticias\/wp-content\/uploads\/2025\/01\/Def-Leppard-Share-Cover-de-Stand-By-Me-para-la.jpg","datePublished":"2025-01-31T17:43:07+00:00","dateModified":"2025-01-31T17:43:09+00:00","breadcrumb":{"@id":"https:\/\/web.consaguirre.com.ar\/noticias\/def-leppard-share-cover-de-stand-by-me-para-la-organizacion-benefica-fireaid-de-los-angeles\/#breadcrumb"},"inLanguage":"es-AR","potentialAction":[{"@type":"ReadAction","target":["https:\/\/web.consaguirre.com.ar\/noticias\/def-leppard-share-cover-de-stand-by-me-para-la-organizacion-benefica-fireaid-de-los-angeles\/"]}]},{"@type":"ImageObject","inLanguage":"es-AR","@id":"https:\/\/web.consaguirre.com.ar\/noticias\/def-leppard-share-cover-de-stand-by-me-para-la-organizacion-benefica-fireaid-de-los-angeles\/#primaryimage","url":"https:\/\/web.consaguirre.com.ar\/noticias\/wp-content\/uploads\/2025\/01\/Def-Leppard-Share-Cover-de-Stand-By-Me-para-la.jpg","contentUrl":"https:\/\/web.consaguirre.com.ar\/noticias\/wp-content\/uploads\/2025\/01\/Def-Leppard-Share-Cover-de-Stand-By-Me-para-la.jpg","width":1440,"height":864,"caption":"Def Leppard Share Cover de 'Stand By Me' para la organizaci\u00f3n ben\u00e9fica Fireaid de Los \u00c1ngeles"},{"@type":"BreadcrumbList","@id":"https:\/\/web.consaguirre.com.ar\/noticias\/def-leppard-share-cover-de-stand-by-me-para-la-organizacion-benefica-fireaid-de-los-angeles\/#breadcrumb","itemListElement":[{"@type":"ListItem","position":1,"name":"Inicio","item":"https:\/\/web.consaguirre.com.ar\/noticias\/"},{"@type":"ListItem","position":2,"name":"Def Leppard Share Cover de &#8216;Stand By Me&#8217; para la organizaci\u00f3n ben\u00e9fica Fireaid de Los \u00c1ngeles"}]},{"@type":"WebSite","@id":"https:\/\/web.consaguirre.com.ar\/noticias\/#website","url":"https:\/\/web.consaguirre.com.ar\/noticias\/","name":"Conservatorio de M\u00fasica Juli\u00e1n Aguirre","description":"","publisher":{"@id":"https:\/\/web.consaguirre.com.ar\/noticias\/#organization"},"potentialAction":[{"@type":"SearchAction","target":{"@type":"EntryPoint","urlTemplate":"https:\/\/web.consaguirre.com.ar\/noticias\/?s={search_term_string}"},"query-input":"required name=search_term_string"}],"inLanguage":"es-AR"},{"@type":"Organization","@id":"https:\/\/web.consaguirre.com.ar\/noticias\/#organization","name":"Conservatorio de M\u00fasica Juli\u00e1n Aguirre","url":"https:\/\/web.consaguirre.com.ar\/noticias\/","logo":{"@type":"ImageObject","inLanguage":"es-AR","@id":"https:\/\/web.consaguirre.com.ar\/noticias\/#\/schema\/logo\/image\/","url":"https:\/\/web.consaguirre.com.ar\/noticias\/wp-content\/uploads\/2024\/08\/Banner-Aguirre-23.jpg","contentUrl":"https:\/\/web.consaguirre.com.ar\/noticias\/wp-content\/uploads\/2024\/08\/Banner-Aguirre-23.jpg","width":1192,"height":600,"caption":"Conservatorio de M\u00fasica Juli\u00e1n Aguirre"},"image":{"@id":"https:\/\/web.consaguirre.com.ar\/noticias\/#\/schema\/logo\/image\/"}},{"@type":"Person","@id":"https:\/\/web.consaguirre.com.ar\/noticias\/#\/schema\/person\/6558b0cfedee7ddc5425602b237d5722","name":"Javier Figueroa","image":{"@type":"ImageObject","inLanguage":"es-AR","@id":"https:\/\/web.consaguirre.com.ar\/noticias\/#\/schema\/person\/image\/","url":"https:\/\/web.consaguirre.com.ar\/noticias\/wp-content\/uploads\/2024\/08\/Consaguirre-scaled.jpg","contentUrl":"https:\/\/web.consaguirre.com.ar\/noticias\/wp-content\/uploads\/2024\/08\/Consaguirre-scaled.jpg","caption":"Javier Figueroa"},"description":"Me llamo Javier Figueroa y soy redactor para el sitio oficial del Conservatorio de M\u00fasica Juli\u00e1n Aguirre en Buenos Aires, consaguirre.com. Apasionado por la m\u00fasica y la escritura, me esfuerzo por destacar los talentos y eventos de nuestra prestigiosa instituci\u00f3n. Mi trayectoria se nutre de una profunda admiraci\u00f3n por los artistas, haciendo de cada art\u00edculo una celebraci\u00f3n de la creatividad y la cultura musical.","sameAs":["https:\/\/web.consaguirre.com.ar\/noticias"]}]}},"_links":{"self":[{"href":"https:\/\/web.consaguirre.com.ar\/noticias\/wp-json\/wp\/v2\/posts\/1742"}],"collection":[{"href":"https:\/\/web.consaguirre.com.ar\/noticias\/wp-json\/wp\/v2\/posts"}],"about":[{"href":"https:\/\/web.consaguirre.com.ar\/noticias\/wp-json\/wp\/v2\/types\/post"}],"author":[{"embeddable":true,"href":"https:\/\/web.consaguirre.com.ar\/noticias\/wp-json\/wp\/v2\/users\/1"}],"replies":[{"embeddable":true,"href":"https:\/\/web.consaguirre.com.ar\/noticias\/wp-json\/wp\/v2\/comments?post=1742"}],"version-history":[{"count":1,"href":"https:\/\/web.consaguirre.com.ar\/noticias\/wp-json\/wp\/v2\/posts\/1742\/revisions"}],"predecessor-version":[{"id":1744,"href":"https:\/\/web.consaguirre.com.ar\/noticias\/wp-json\/wp\/v2\/posts\/1742\/revisions\/1744"}],"wp:featuredmedia":[{"embeddable":true,"href":"https:\/\/web.consaguirre.com.ar\/noticias\/wp-json\/wp\/v2\/media\/1743"}],"wp:attachment":[{"href":"https:\/\/web.consaguirre.com.ar\/noticias\/wp-json\/wp\/v2\/media?parent=1742"}],"wp:term":[{"taxonomy":"category","embeddable":true,"href":"https:\/\/web.consaguirre.com.ar\/noticias\/wp-json\/wp\/v2\/categories?post=1742"},{"taxonomy":"post_tag","embeddable":true,"href":"https:\/\/web.consaguirre.com.ar\/noticias\/wp-json\/wp\/v2\/tags?post=1742"}],"curies":[{"name":"wp","href":"https:\/\/api.w.org\/{rel}","templated":true}]}}