{"id":1739,"date":"2025-01-30T23:40:29","date_gmt":"2025-01-31T02:40:29","guid":{"rendered":"https:\/\/web.consaguirre.com.ar\/noticias\/el-video-de-sam-fender-shares-viendo-protagonizada-por-andrew-scott\/"},"modified":"2025-01-30T23:40:31","modified_gmt":"2025-01-31T02:40:31","slug":"el-video-de-sam-fender-shares-viendo-protagonizada-por-andrew-scott","status":"publish","type":"post","link":"https:\/\/web.consaguirre.com.ar\/noticias\/el-video-de-sam-fender-shares-viendo-protagonizada-por-andrew-scott\/","title":{"rendered":"El video de Sam Fender Shares &#8216;viendo&#8217; protagonizada por Andrew Scott"},"content":{"rendered":"<p><strong>Sam Fender<\/strong> ha compartido el video de la canci\u00f3n principal de su pr\u00f3ximo tercer \u00e1lbum, <i>Gente mirando.<\/i> El video musical est\u00e1 protagonizado por el galardonado actor Andrew Scott en la primera colaboraci\u00f3n de la pareja.<\/p>\n<div class=\"uD-YT-container\"><img decoding=\"async\" src=\"https:\/\/web.consaguirre.com.ar\/noticias\/wp-content\/uploads\/2025\/01\/1738291229_900_El-video-de-Sam-Fender-Shares-viendo-protagonizada-por-Andrew.jpg\" alt=\"Video de YouTube\"><br \/>Haga clic para cargar video<\/div>\n<p>El video dirigido por Stuart McIntyre sigue al personaje de Scott, un hombre llorando la p\u00e9rdida de su madre mientras hace conexiones fugaces, pero a veces significativas, con nuevas personas. En una declaraci\u00f3n, Scott comparti\u00f3 sus sentimientos sobre el proyecto: \u201cLa obra maestra de una canci\u00f3n de Sam se ha convertido en un verdadero amigo para m\u00ed. Trabajar en \u00e9l fue verdaderamente cat\u00e1rtico, y siempre estar\u00e9 agradecido con Sam por su extraordinario talento, y por los otros artistas que hicieron esta pel\u00edcula y, por supuesto, con mi madre, a quien sostendr\u00e9 en mi coraz\u00f3n hasta el d\u00eda en que muera. . &#8220;<\/p>\n<p>Sam agreg\u00f3: &#8220;Estoy realmente emocionado de que el video &#8216;Gente que vea&#8217; salga en el mundo esta semana. Estaba muy zumbando cuando descubr\u00ed que Andrew quer\u00eda estar involucrado: soy un gran admirador suyo y \u00e9l era absolutamente perfecto para el papel &#8220;.<\/p>\n<p>Cuando el sencillo cay\u00f3 por primera vez, Fender comparti\u00f3 que la canci\u00f3n fue un homenaje a su difunto amigo y mentor, Annie Orwin. &#8220;&#8216;Mirando la gente&#8217; es sobre alguien que era como una madre sustituta para m\u00ed y falleci\u00f3 en noviembre pasado. Estaba a su lado al final, dorm\u00ed en una silla junto a ella \u201d, dijo sobre la canci\u00f3n. &#8220;Se trata de lo que estaba pasando por mi cabeza, hacia y desde ese lugar y hogar&#8221;. La canci\u00f3n fue producida por Adam Granduciel de la guerra contra las drogas.<\/p>\n<p>Fender se est\u00e1 preparando actualmente para una gira con entradas agotadas por Europa en marzo, antes de una gira por la primavera de EE. UU. Regresar\u00e1 a su Reino Unido natal para una serie de espect\u00e1culos en el verano, incluido su mayor show hasta la fecha en el London Stadium el 6 de junio antes de tres noches con entradas agotadas en Newcastle&#8217;s St. James Park. <strong>La informaci\u00f3n de boletos se puede encontrar en el sitio web de Sam.<\/strong><\/p>\n<p><strong>Ordene Sam Fender&#8217;s <em>Gente de observaci\u00f3n<\/em> ahora.<\/strong><\/p>\n","protected":false},"excerpt":{"rendered":"<p>Sam Fender ha compartido el video de la canci\u00f3n principal de su pr\u00f3ximo tercer \u00e1lbum, Gente mirando. El video musical est\u00e1 protagonizado por el galardonado<\/p>\n","protected":false},"author":1,"featured_media":1740,"comment_status":"closed","ping_status":"","sticky":false,"template":"","format":"standard","meta":{"footnotes":""},"categories":[50],"tags":[1533,1275,96,1787,519,951,1785,202,1786],"class_list":["post-1739","post","type-post","status-publish","format-standard","has-post-thumbnail","hentry","category-el-ultimo","tag-andrew","tag-fender","tag-por","tag-protagonizada","tag-sam","tag-scott","tag-shares","tag-video","tag-viendo","generate-columns","tablet-grid-50","mobile-grid-100","grid-parent","grid-50"],"yoast_head":"<!-- This site is optimized with the Yoast SEO plugin v23.3 - https:\/\/yoast.com\/wordpress\/plugins\/seo\/ -->\n<title>El video de Sam Fender Shares &#039;viendo&#039; protagonizada por Andrew Scott<\/title>\n<meta name=\"robots\" content=\"index, follow, max-snippet:-1, max-image-preview:large, max-video-preview:-1\" \/>\n<link rel=\"canonical\" href=\"https:\/\/web.consaguirre.com.ar\/noticias\/el-video-de-sam-fender-shares-viendo-protagonizada-por-andrew-scott\/\" \/>\n<meta property=\"og:locale\" content=\"es_ES\" \/>\n<meta property=\"og:type\" content=\"article\" \/>\n<meta property=\"og:title\" content=\"El video de Sam Fender Shares &#039;viendo&#039; protagonizada por Andrew Scott\" \/>\n<meta property=\"og:description\" content=\"Sam Fender ha compartido el video de la canci\u00f3n principal de su pr\u00f3ximo tercer \u00e1lbum, Gente mirando. El video musical est\u00e1 protagonizado por el galardonado\" \/>\n<meta property=\"og:url\" content=\"https:\/\/web.consaguirre.com.ar\/noticias\/el-video-de-sam-fender-shares-viendo-protagonizada-por-andrew-scott\/\" \/>\n<meta property=\"og:site_name\" content=\"Conservatorio de M\u00fasica Juli\u00e1n Aguirre\" \/>\n<meta property=\"article:published_time\" content=\"2025-01-31T02:40:29+00:00\" \/>\n<meta property=\"article:modified_time\" content=\"2025-01-31T02:40:31+00:00\" \/>\n<meta property=\"og:image\" content=\"https:\/\/web.consaguirre.com.ar\/noticias\/wp-content\/uploads\/2025\/01\/El-video-de-Sam-Fender-Shares-viendo-protagonizada-por-Andrew.jpg\" \/>\n\t<meta property=\"og:image:width\" content=\"1440\" \/>\n\t<meta property=\"og:image:height\" content=\"864\" \/>\n\t<meta property=\"og:image:type\" content=\"image\/jpeg\" \/>\n<meta name=\"author\" content=\"Javier Figueroa\" \/>\n<meta name=\"twitter:card\" content=\"summary_large_image\" \/>\n<meta name=\"twitter:label1\" content=\"Escrito por\" \/>\n\t<meta name=\"twitter:data1\" content=\"Javier Figueroa\" \/>\n\t<meta name=\"twitter:label2\" content=\"Tiempo de lectura\" \/>\n\t<meta name=\"twitter:data2\" content=\"2 minutos\" \/>\n<script type=\"application\/ld+json\" class=\"yoast-schema-graph\">{\"@context\":\"https:\/\/schema.org\",\"@graph\":[{\"@type\":\"Article\",\"@id\":\"https:\/\/web.consaguirre.com.ar\/noticias\/el-video-de-sam-fender-shares-viendo-protagonizada-por-andrew-scott\/#article\",\"isPartOf\":{\"@id\":\"https:\/\/web.consaguirre.com.ar\/noticias\/el-video-de-sam-fender-shares-viendo-protagonizada-por-andrew-scott\/\"},\"author\":{\"name\":\"Javier Figueroa\",\"@id\":\"https:\/\/web.consaguirre.com.ar\/noticias\/#\/schema\/person\/6558b0cfedee7ddc5425602b237d5722\"},\"headline\":\"El video de Sam Fender Shares &#8216;viendo&#8217; protagonizada por Andrew Scott\",\"datePublished\":\"2025-01-31T02:40:29+00:00\",\"dateModified\":\"2025-01-31T02:40:31+00:00\",\"mainEntityOfPage\":{\"@id\":\"https:\/\/web.consaguirre.com.ar\/noticias\/el-video-de-sam-fender-shares-viendo-protagonizada-por-andrew-scott\/\"},\"wordCount\":385,\"publisher\":{\"@id\":\"https:\/\/web.consaguirre.com.ar\/noticias\/#organization\"},\"image\":{\"@id\":\"https:\/\/web.consaguirre.com.ar\/noticias\/el-video-de-sam-fender-shares-viendo-protagonizada-por-andrew-scott\/#primaryimage\"},\"thumbnailUrl\":\"https:\/\/web.consaguirre.com.ar\/noticias\/wp-content\/uploads\/2025\/01\/El-video-de-Sam-Fender-Shares-viendo-protagonizada-por-Andrew.jpg\",\"keywords\":[\"Andrew\",\"Fender\",\"por\",\"protagonizada\",\"Sam\",\"Scott\",\"Shares\",\"v\u00eddeo\",\"viendo\"],\"articleSection\":[\"El \u00faltimo\"],\"inLanguage\":\"es-AR\"},{\"@type\":\"WebPage\",\"@id\":\"https:\/\/web.consaguirre.com.ar\/noticias\/el-video-de-sam-fender-shares-viendo-protagonizada-por-andrew-scott\/\",\"url\":\"https:\/\/web.consaguirre.com.ar\/noticias\/el-video-de-sam-fender-shares-viendo-protagonizada-por-andrew-scott\/\",\"name\":\"El video de Sam Fender Shares 'viendo' protagonizada por Andrew Scott\",\"isPartOf\":{\"@id\":\"https:\/\/web.consaguirre.com.ar\/noticias\/#website\"},\"primaryImageOfPage\":{\"@id\":\"https:\/\/web.consaguirre.com.ar\/noticias\/el-video-de-sam-fender-shares-viendo-protagonizada-por-andrew-scott\/#primaryimage\"},\"image\":{\"@id\":\"https:\/\/web.consaguirre.com.ar\/noticias\/el-video-de-sam-fender-shares-viendo-protagonizada-por-andrew-scott\/#primaryimage\"},\"thumbnailUrl\":\"https:\/\/web.consaguirre.com.ar\/noticias\/wp-content\/uploads\/2025\/01\/El-video-de-Sam-Fender-Shares-viendo-protagonizada-por-Andrew.jpg\",\"datePublished\":\"2025-01-31T02:40:29+00:00\",\"dateModified\":\"2025-01-31T02:40:31+00:00\",\"breadcrumb\":{\"@id\":\"https:\/\/web.consaguirre.com.ar\/noticias\/el-video-de-sam-fender-shares-viendo-protagonizada-por-andrew-scott\/#breadcrumb\"},\"inLanguage\":\"es-AR\",\"potentialAction\":[{\"@type\":\"ReadAction\",\"target\":[\"https:\/\/web.consaguirre.com.ar\/noticias\/el-video-de-sam-fender-shares-viendo-protagonizada-por-andrew-scott\/\"]}]},{\"@type\":\"ImageObject\",\"inLanguage\":\"es-AR\",\"@id\":\"https:\/\/web.consaguirre.com.ar\/noticias\/el-video-de-sam-fender-shares-viendo-protagonizada-por-andrew-scott\/#primaryimage\",\"url\":\"https:\/\/web.consaguirre.com.ar\/noticias\/wp-content\/uploads\/2025\/01\/El-video-de-Sam-Fender-Shares-viendo-protagonizada-por-Andrew.jpg\",\"contentUrl\":\"https:\/\/web.consaguirre.com.ar\/noticias\/wp-content\/uploads\/2025\/01\/El-video-de-Sam-Fender-Shares-viendo-protagonizada-por-Andrew.jpg\",\"width\":1440,\"height\":864,\"caption\":\"Photo: Matthew Baker\/Getty Images\"},{\"@type\":\"BreadcrumbList\",\"@id\":\"https:\/\/web.consaguirre.com.ar\/noticias\/el-video-de-sam-fender-shares-viendo-protagonizada-por-andrew-scott\/#breadcrumb\",\"itemListElement\":[{\"@type\":\"ListItem\",\"position\":1,\"name\":\"Inicio\",\"item\":\"https:\/\/web.consaguirre.com.ar\/noticias\/\"},{\"@type\":\"ListItem\",\"position\":2,\"name\":\"El video de Sam Fender Shares &#8216;viendo&#8217; protagonizada por Andrew Scott\"}]},{\"@type\":\"WebSite\",\"@id\":\"https:\/\/web.consaguirre.com.ar\/noticias\/#website\",\"url\":\"https:\/\/web.consaguirre.com.ar\/noticias\/\",\"name\":\"Conservatorio de M\u00fasica Juli\u00e1n Aguirre\",\"description\":\"\",\"publisher\":{\"@id\":\"https:\/\/web.consaguirre.com.ar\/noticias\/#organization\"},\"potentialAction\":[{\"@type\":\"SearchAction\",\"target\":{\"@type\":\"EntryPoint\",\"urlTemplate\":\"https:\/\/web.consaguirre.com.ar\/noticias\/?s={search_term_string}\"},\"query-input\":\"required name=search_term_string\"}],\"inLanguage\":\"es-AR\"},{\"@type\":\"Organization\",\"@id\":\"https:\/\/web.consaguirre.com.ar\/noticias\/#organization\",\"name\":\"Conservatorio de M\u00fasica Juli\u00e1n Aguirre\",\"url\":\"https:\/\/web.consaguirre.com.ar\/noticias\/\",\"logo\":{\"@type\":\"ImageObject\",\"inLanguage\":\"es-AR\",\"@id\":\"https:\/\/web.consaguirre.com.ar\/noticias\/#\/schema\/logo\/image\/\",\"url\":\"https:\/\/web.consaguirre.com.ar\/noticias\/wp-content\/uploads\/2024\/08\/Banner-Aguirre-23.jpg\",\"contentUrl\":\"https:\/\/web.consaguirre.com.ar\/noticias\/wp-content\/uploads\/2024\/08\/Banner-Aguirre-23.jpg\",\"width\":1192,\"height\":600,\"caption\":\"Conservatorio de M\u00fasica Juli\u00e1n Aguirre\"},\"image\":{\"@id\":\"https:\/\/web.consaguirre.com.ar\/noticias\/#\/schema\/logo\/image\/\"}},{\"@type\":\"Person\",\"@id\":\"https:\/\/web.consaguirre.com.ar\/noticias\/#\/schema\/person\/6558b0cfedee7ddc5425602b237d5722\",\"name\":\"Javier Figueroa\",\"image\":{\"@type\":\"ImageObject\",\"inLanguage\":\"es-AR\",\"@id\":\"https:\/\/web.consaguirre.com.ar\/noticias\/#\/schema\/person\/image\/\",\"url\":\"https:\/\/web.consaguirre.com.ar\/noticias\/wp-content\/uploads\/2024\/08\/Consaguirre-scaled.jpg\",\"contentUrl\":\"https:\/\/web.consaguirre.com.ar\/noticias\/wp-content\/uploads\/2024\/08\/Consaguirre-scaled.jpg\",\"caption\":\"Javier Figueroa\"},\"description\":\"Me llamo Javier Figueroa y soy redactor para el sitio oficial del Conservatorio de M\u00fasica Juli\u00e1n Aguirre en Buenos Aires, consaguirre.com. Apasionado por la m\u00fasica y la escritura, me esfuerzo por destacar los talentos y eventos de nuestra prestigiosa instituci\u00f3n. Mi trayectoria se nutre de una profunda admiraci\u00f3n por los artistas, haciendo de cada art\u00edculo una celebraci\u00f3n de la creatividad y la cultura musical.\",\"sameAs\":[\"https:\/\/web.consaguirre.com.ar\/noticias\"]}]}<\/script>\n<!-- \/ Yoast SEO plugin. -->","yoast_head_json":{"title":"El video de Sam Fender Shares 'viendo' protagonizada por Andrew Scott","robots":{"index":"index","follow":"follow","max-snippet":"max-snippet:-1","max-image-preview":"max-image-preview:large","max-video-preview":"max-video-preview:-1"},"canonical":"https:\/\/web.consaguirre.com.ar\/noticias\/el-video-de-sam-fender-shares-viendo-protagonizada-por-andrew-scott\/","og_locale":"es_ES","og_type":"article","og_title":"El video de Sam Fender Shares 'viendo' protagonizada por Andrew Scott","og_description":"Sam Fender ha compartido el video de la canci\u00f3n principal de su pr\u00f3ximo tercer \u00e1lbum, Gente mirando. El video musical est\u00e1 protagonizado por el galardonado","og_url":"https:\/\/web.consaguirre.com.ar\/noticias\/el-video-de-sam-fender-shares-viendo-protagonizada-por-andrew-scott\/","og_site_name":"Conservatorio de M\u00fasica Juli\u00e1n Aguirre","article_published_time":"2025-01-31T02:40:29+00:00","article_modified_time":"2025-01-31T02:40:31+00:00","og_image":[{"width":1440,"height":864,"url":"https:\/\/web.consaguirre.com.ar\/noticias\/wp-content\/uploads\/2025\/01\/El-video-de-Sam-Fender-Shares-viendo-protagonizada-por-Andrew.jpg","type":"image\/jpeg"}],"author":"Javier Figueroa","twitter_card":"summary_large_image","twitter_misc":{"Escrito por":"Javier Figueroa","Tiempo de lectura":"2 minutos"},"schema":{"@context":"https:\/\/schema.org","@graph":[{"@type":"Article","@id":"https:\/\/web.consaguirre.com.ar\/noticias\/el-video-de-sam-fender-shares-viendo-protagonizada-por-andrew-scott\/#article","isPartOf":{"@id":"https:\/\/web.consaguirre.com.ar\/noticias\/el-video-de-sam-fender-shares-viendo-protagonizada-por-andrew-scott\/"},"author":{"name":"Javier Figueroa","@id":"https:\/\/web.consaguirre.com.ar\/noticias\/#\/schema\/person\/6558b0cfedee7ddc5425602b237d5722"},"headline":"El video de Sam Fender Shares &#8216;viendo&#8217; protagonizada por Andrew Scott","datePublished":"2025-01-31T02:40:29+00:00","dateModified":"2025-01-31T02:40:31+00:00","mainEntityOfPage":{"@id":"https:\/\/web.consaguirre.com.ar\/noticias\/el-video-de-sam-fender-shares-viendo-protagonizada-por-andrew-scott\/"},"wordCount":385,"publisher":{"@id":"https:\/\/web.consaguirre.com.ar\/noticias\/#organization"},"image":{"@id":"https:\/\/web.consaguirre.com.ar\/noticias\/el-video-de-sam-fender-shares-viendo-protagonizada-por-andrew-scott\/#primaryimage"},"thumbnailUrl":"https:\/\/web.consaguirre.com.ar\/noticias\/wp-content\/uploads\/2025\/01\/El-video-de-Sam-Fender-Shares-viendo-protagonizada-por-Andrew.jpg","keywords":["Andrew","Fender","por","protagonizada","Sam","Scott","Shares","v\u00eddeo","viendo"],"articleSection":["El \u00faltimo"],"inLanguage":"es-AR"},{"@type":"WebPage","@id":"https:\/\/web.consaguirre.com.ar\/noticias\/el-video-de-sam-fender-shares-viendo-protagonizada-por-andrew-scott\/","url":"https:\/\/web.consaguirre.com.ar\/noticias\/el-video-de-sam-fender-shares-viendo-protagonizada-por-andrew-scott\/","name":"El video de Sam Fender Shares 'viendo' protagonizada por Andrew Scott","isPartOf":{"@id":"https:\/\/web.consaguirre.com.ar\/noticias\/#website"},"primaryImageOfPage":{"@id":"https:\/\/web.consaguirre.com.ar\/noticias\/el-video-de-sam-fender-shares-viendo-protagonizada-por-andrew-scott\/#primaryimage"},"image":{"@id":"https:\/\/web.consaguirre.com.ar\/noticias\/el-video-de-sam-fender-shares-viendo-protagonizada-por-andrew-scott\/#primaryimage"},"thumbnailUrl":"https:\/\/web.consaguirre.com.ar\/noticias\/wp-content\/uploads\/2025\/01\/El-video-de-Sam-Fender-Shares-viendo-protagonizada-por-Andrew.jpg","datePublished":"2025-01-31T02:40:29+00:00","dateModified":"2025-01-31T02:40:31+00:00","breadcrumb":{"@id":"https:\/\/web.consaguirre.com.ar\/noticias\/el-video-de-sam-fender-shares-viendo-protagonizada-por-andrew-scott\/#breadcrumb"},"inLanguage":"es-AR","potentialAction":[{"@type":"ReadAction","target":["https:\/\/web.consaguirre.com.ar\/noticias\/el-video-de-sam-fender-shares-viendo-protagonizada-por-andrew-scott\/"]}]},{"@type":"ImageObject","inLanguage":"es-AR","@id":"https:\/\/web.consaguirre.com.ar\/noticias\/el-video-de-sam-fender-shares-viendo-protagonizada-por-andrew-scott\/#primaryimage","url":"https:\/\/web.consaguirre.com.ar\/noticias\/wp-content\/uploads\/2025\/01\/El-video-de-Sam-Fender-Shares-viendo-protagonizada-por-Andrew.jpg","contentUrl":"https:\/\/web.consaguirre.com.ar\/noticias\/wp-content\/uploads\/2025\/01\/El-video-de-Sam-Fender-Shares-viendo-protagonizada-por-Andrew.jpg","width":1440,"height":864,"caption":"Photo: Matthew Baker\/Getty Images"},{"@type":"BreadcrumbList","@id":"https:\/\/web.consaguirre.com.ar\/noticias\/el-video-de-sam-fender-shares-viendo-protagonizada-por-andrew-scott\/#breadcrumb","itemListElement":[{"@type":"ListItem","position":1,"name":"Inicio","item":"https:\/\/web.consaguirre.com.ar\/noticias\/"},{"@type":"ListItem","position":2,"name":"El video de Sam Fender Shares &#8216;viendo&#8217; protagonizada por Andrew Scott"}]},{"@type":"WebSite","@id":"https:\/\/web.consaguirre.com.ar\/noticias\/#website","url":"https:\/\/web.consaguirre.com.ar\/noticias\/","name":"Conservatorio de M\u00fasica Juli\u00e1n Aguirre","description":"","publisher":{"@id":"https:\/\/web.consaguirre.com.ar\/noticias\/#organization"},"potentialAction":[{"@type":"SearchAction","target":{"@type":"EntryPoint","urlTemplate":"https:\/\/web.consaguirre.com.ar\/noticias\/?s={search_term_string}"},"query-input":"required name=search_term_string"}],"inLanguage":"es-AR"},{"@type":"Organization","@id":"https:\/\/web.consaguirre.com.ar\/noticias\/#organization","name":"Conservatorio de M\u00fasica Juli\u00e1n Aguirre","url":"https:\/\/web.consaguirre.com.ar\/noticias\/","logo":{"@type":"ImageObject","inLanguage":"es-AR","@id":"https:\/\/web.consaguirre.com.ar\/noticias\/#\/schema\/logo\/image\/","url":"https:\/\/web.consaguirre.com.ar\/noticias\/wp-content\/uploads\/2024\/08\/Banner-Aguirre-23.jpg","contentUrl":"https:\/\/web.consaguirre.com.ar\/noticias\/wp-content\/uploads\/2024\/08\/Banner-Aguirre-23.jpg","width":1192,"height":600,"caption":"Conservatorio de M\u00fasica Juli\u00e1n Aguirre"},"image":{"@id":"https:\/\/web.consaguirre.com.ar\/noticias\/#\/schema\/logo\/image\/"}},{"@type":"Person","@id":"https:\/\/web.consaguirre.com.ar\/noticias\/#\/schema\/person\/6558b0cfedee7ddc5425602b237d5722","name":"Javier Figueroa","image":{"@type":"ImageObject","inLanguage":"es-AR","@id":"https:\/\/web.consaguirre.com.ar\/noticias\/#\/schema\/person\/image\/","url":"https:\/\/web.consaguirre.com.ar\/noticias\/wp-content\/uploads\/2024\/08\/Consaguirre-scaled.jpg","contentUrl":"https:\/\/web.consaguirre.com.ar\/noticias\/wp-content\/uploads\/2024\/08\/Consaguirre-scaled.jpg","caption":"Javier Figueroa"},"description":"Me llamo Javier Figueroa y soy redactor para el sitio oficial del Conservatorio de M\u00fasica Juli\u00e1n Aguirre en Buenos Aires, consaguirre.com. Apasionado por la m\u00fasica y la escritura, me esfuerzo por destacar los talentos y eventos de nuestra prestigiosa instituci\u00f3n. Mi trayectoria se nutre de una profunda admiraci\u00f3n por los artistas, haciendo de cada art\u00edculo una celebraci\u00f3n de la creatividad y la cultura musical.","sameAs":["https:\/\/web.consaguirre.com.ar\/noticias"]}]}},"_links":{"self":[{"href":"https:\/\/web.consaguirre.com.ar\/noticias\/wp-json\/wp\/v2\/posts\/1739"}],"collection":[{"href":"https:\/\/web.consaguirre.com.ar\/noticias\/wp-json\/wp\/v2\/posts"}],"about":[{"href":"https:\/\/web.consaguirre.com.ar\/noticias\/wp-json\/wp\/v2\/types\/post"}],"author":[{"embeddable":true,"href":"https:\/\/web.consaguirre.com.ar\/noticias\/wp-json\/wp\/v2\/users\/1"}],"replies":[{"embeddable":true,"href":"https:\/\/web.consaguirre.com.ar\/noticias\/wp-json\/wp\/v2\/comments?post=1739"}],"version-history":[{"count":1,"href":"https:\/\/web.consaguirre.com.ar\/noticias\/wp-json\/wp\/v2\/posts\/1739\/revisions"}],"predecessor-version":[{"id":1741,"href":"https:\/\/web.consaguirre.com.ar\/noticias\/wp-json\/wp\/v2\/posts\/1739\/revisions\/1741"}],"wp:featuredmedia":[{"embeddable":true,"href":"https:\/\/web.consaguirre.com.ar\/noticias\/wp-json\/wp\/v2\/media\/1740"}],"wp:attachment":[{"href":"https:\/\/web.consaguirre.com.ar\/noticias\/wp-json\/wp\/v2\/media?parent=1739"}],"wp:term":[{"taxonomy":"category","embeddable":true,"href":"https:\/\/web.consaguirre.com.ar\/noticias\/wp-json\/wp\/v2\/categories?post=1739"},{"taxonomy":"post_tag","embeddable":true,"href":"https:\/\/web.consaguirre.com.ar\/noticias\/wp-json\/wp\/v2\/tags?post=1739"}],"curies":[{"name":"wp","href":"https:\/\/api.w.org\/{rel}","templated":true}]}}