{"id":1736,"date":"2025-01-30T20:40:22","date_gmt":"2025-01-30T23:40:22","guid":{"rendered":"https:\/\/web.consaguirre.com.ar\/noticias\/branford-marsalis-establece-su-debut-en-blue-note-con-el-nuevo-disco-pertenencia\/"},"modified":"2025-01-30T20:40:24","modified_gmt":"2025-01-30T23:40:24","slug":"branford-marsalis-establece-su-debut-en-blue-note-con-el-nuevo-disco-pertenencia","status":"publish","type":"post","link":"https:\/\/web.consaguirre.com.ar\/noticias\/branford-marsalis-establece-su-debut-en-blue-note-con-el-nuevo-disco-pertenencia\/","title":{"rendered":"Branford Marsalis establece su debut en Blue Note con el nuevo disco &#8216;pertenencia&#8217;"},"content":{"rendered":"<p>Saxofonista <b>Branford Marsalis <\/b>est\u00e1 listo para debutar en Blue Note Records con el lanzamiento del 28 de marzo de <i>Perteneciente<\/i>una interpretaci\u00f3n completa del \u00e1lbum de <strong>Keith Jarrett&#8217;s<\/strong> \u00c1lbum ECM de 1974 del mismo nombre que introdujo el cuarteto europeo del pianista. <i>Perteneciente<\/i> Es el primer lanzamiento de Marsalis desde 2019 con su aclamado cuarteto con el pianista Joey Caldrazzo, el bajista Eric Revis y el baterista Justin Faulkner. El sencillo principal del \u00e1lbum, &#8220;Spiral Dance&#8221;, ya est\u00e1 disponible.<\/p>\n<div class=\"uD-YT-container\"><img decoding=\"async\" src=\"https:\/\/web.consaguirre.com.ar\/noticias\/wp-content\/uploads\/2025\/01\/1738280422_114_Branford-Marsalis-establece-su-debut-en-Blue-Note-con-el.jpg\" alt=\"Video de YouTube\"><br \/>Haga clic para cargar video<\/div>\n<p>Cuando <em>Perteneciente<\/em> fue lanzado originalmente por Jarrett en el &#8217;74, no estaba en el radar de Marsalis. &#8220;Era un estudiante de primer a\u00f1o en la escuela secundaria, escuchando R&#038;B&#8221;, recuerda. &#8220;No sab\u00eda <i>Perteneciente <\/i>existi\u00f3. &#8221; Fue el pianista Kenny Kirkland quien luego le presentar\u00eda el trabajo de Jarrett con su cuarteto europeo; \u201cEst\u00e1bamos sentados en un avi\u00f3n en alg\u00fan momento en los a\u00f1os ochenta y Kenny puso sus auriculares en mis o\u00eddos y toc\u00f3 (el \u00e1lbum de 1979 de Jarrett) <i>Mi canci\u00f3n<\/i>. Cuando intent\u00f3 retroceder los auriculares despu\u00e9s de cinco minutos, golpe\u00e9 su mano; Y cuando llegamos a la siguiente ciudad, sal\u00ed y compr\u00e9 todas las grabaciones de esa banda &#8220;.<\/p>\n<p><em>Perteneciente<\/em> Sigue la inclusi\u00f3n de la canci\u00f3n del \u00e1lbum &#8220;The Windup&#8221;<i> <\/i>En el \u00e1lbum de Marsalis 2019 <i>El secreto entre el <\/i><em>Sombra y el alma<\/em>. Mientras grababa la canci\u00f3n, el bajista Revis ten\u00eda la idea de que el grupo interpretara <em>Perteneciente <\/em>en su totalidad.<\/p>\n<p>Al acercarse al material, el grupo busc\u00f3 una interpretaci\u00f3n equilibrada. &#8220;En la composici\u00f3n &#8216;pertenencia&#8217;, claramente jugu\u00e9 cosas que Jan jug\u00f3 en el disco&#8221;, se\u00f1ala Marsalis. \u201cNo intent\u00e9 rechazar la idea cuando ocurri\u00f3, pero en ning\u00fan momento planeamos rendir homenaje conscientemente. Siempre estoy escuchando todo el disco, no solo los solos de saxof\u00f3n, y lo m\u00e1s impresionante de <i>Perteneciente<\/i> Para m\u00ed es c\u00f3mo encaja todo &#8220;.<\/p>\n<p>El cuarteto estar\u00e1 de gira ampliamente por Am\u00e9rica del Norte y Europa en los pr\u00f3ximos meses. <strong>Se puede encontrar m\u00e1s informaci\u00f3n en el sitio web de Marsalis.<\/strong><\/p>\n<p><strong>Ordenar el cuarteto de Branford Marsalis <em>Pertenencia.<\/em><\/strong><\/p>\n","protected":false},"excerpt":{"rendered":"<p>Saxofonista Branford Marsalis est\u00e1 listo para debutar en Blue Note Records con el lanzamiento del 28 de marzo de Pertenecienteuna interpretaci\u00f3n completa del \u00e1lbum de<\/p>\n","protected":false},"author":1,"featured_media":1737,"comment_status":"closed","ping_status":"","sticky":false,"template":"","format":"standard","meta":{"footnotes":""},"categories":[50],"tags":[498,1432,32,257,252,1783,1433,1238,146,1784],"class_list":["post-1736","post","type-post","status-publish","format-standard","has-post-thumbnail","hentry","category-el-ultimo","tag-blue","tag-branford","tag-con","tag-debut","tag-disco","tag-establece","tag-marsalis","tag-note","tag-nuevo","tag-pertenencia","generate-columns","tablet-grid-50","mobile-grid-100","grid-parent","grid-50"],"yoast_head":"<!-- This site is optimized with the Yoast SEO plugin v23.3 - https:\/\/yoast.com\/wordpress\/plugins\/seo\/ -->\n<title>Branford Marsalis establece su debut en Blue Note con el nuevo disco &#039;pertenencia&#039;<\/title>\n<meta name=\"robots\" content=\"index, follow, max-snippet:-1, max-image-preview:large, max-video-preview:-1\" \/>\n<link rel=\"canonical\" href=\"https:\/\/web.consaguirre.com.ar\/noticias\/branford-marsalis-establece-su-debut-en-blue-note-con-el-nuevo-disco-pertenencia\/\" \/>\n<meta property=\"og:locale\" content=\"es_ES\" \/>\n<meta property=\"og:type\" content=\"article\" \/>\n<meta property=\"og:title\" content=\"Branford Marsalis establece su debut en Blue Note con el nuevo disco &#039;pertenencia&#039;\" \/>\n<meta property=\"og:description\" content=\"Saxofonista Branford Marsalis est\u00e1 listo para debutar en Blue Note Records con el lanzamiento del 28 de marzo de Pertenecienteuna interpretaci\u00f3n completa del \u00e1lbum de\" \/>\n<meta property=\"og:url\" content=\"https:\/\/web.consaguirre.com.ar\/noticias\/branford-marsalis-establece-su-debut-en-blue-note-con-el-nuevo-disco-pertenencia\/\" \/>\n<meta property=\"og:site_name\" content=\"Conservatorio de M\u00fasica Juli\u00e1n Aguirre\" \/>\n<meta property=\"article:published_time\" content=\"2025-01-30T23:40:22+00:00\" \/>\n<meta property=\"article:modified_time\" content=\"2025-01-30T23:40:24+00:00\" \/>\n<meta property=\"og:image\" content=\"https:\/\/web.consaguirre.com.ar\/noticias\/wp-content\/uploads\/2025\/01\/Branford-Marsalis-establece-su-debut-en-Blue-Note-con-el.jpg\" \/>\n\t<meta property=\"og:image:width\" content=\"1440\" \/>\n\t<meta property=\"og:image:height\" content=\"864\" \/>\n\t<meta property=\"og:image:type\" content=\"image\/jpeg\" \/>\n<meta name=\"author\" content=\"Javier Figueroa\" \/>\n<meta name=\"twitter:card\" content=\"summary_large_image\" \/>\n<meta name=\"twitter:label1\" content=\"Escrito por\" \/>\n\t<meta name=\"twitter:data1\" content=\"Javier Figueroa\" \/>\n\t<meta name=\"twitter:label2\" content=\"Tiempo de lectura\" \/>\n\t<meta name=\"twitter:data2\" content=\"2 minutos\" \/>\n<script type=\"application\/ld+json\" class=\"yoast-schema-graph\">{\"@context\":\"https:\/\/schema.org\",\"@graph\":[{\"@type\":\"Article\",\"@id\":\"https:\/\/web.consaguirre.com.ar\/noticias\/branford-marsalis-establece-su-debut-en-blue-note-con-el-nuevo-disco-pertenencia\/#article\",\"isPartOf\":{\"@id\":\"https:\/\/web.consaguirre.com.ar\/noticias\/branford-marsalis-establece-su-debut-en-blue-note-con-el-nuevo-disco-pertenencia\/\"},\"author\":{\"name\":\"Javier Figueroa\",\"@id\":\"https:\/\/web.consaguirre.com.ar\/noticias\/#\/schema\/person\/6558b0cfedee7ddc5425602b237d5722\"},\"headline\":\"Branford Marsalis establece su debut en Blue Note con el nuevo disco &#8216;pertenencia&#8217;\",\"datePublished\":\"2025-01-30T23:40:22+00:00\",\"dateModified\":\"2025-01-30T23:40:24+00:00\",\"mainEntityOfPage\":{\"@id\":\"https:\/\/web.consaguirre.com.ar\/noticias\/branford-marsalis-establece-su-debut-en-blue-note-con-el-nuevo-disco-pertenencia\/\"},\"wordCount\":369,\"publisher\":{\"@id\":\"https:\/\/web.consaguirre.com.ar\/noticias\/#organization\"},\"image\":{\"@id\":\"https:\/\/web.consaguirre.com.ar\/noticias\/branford-marsalis-establece-su-debut-en-blue-note-con-el-nuevo-disco-pertenencia\/#primaryimage\"},\"thumbnailUrl\":\"https:\/\/web.consaguirre.com.ar\/noticias\/wp-content\/uploads\/2025\/01\/Branford-Marsalis-establece-su-debut-en-Blue-Note-con-el.jpg\",\"keywords\":[\"Blue\",\"Branford\",\"con\",\"debut\",\"disco\",\"establece\",\"Marsalis\",\"Note\",\"nuevo\",\"pertenencia\"],\"articleSection\":[\"El \u00faltimo\"],\"inLanguage\":\"es-AR\"},{\"@type\":\"WebPage\",\"@id\":\"https:\/\/web.consaguirre.com.ar\/noticias\/branford-marsalis-establece-su-debut-en-blue-note-con-el-nuevo-disco-pertenencia\/\",\"url\":\"https:\/\/web.consaguirre.com.ar\/noticias\/branford-marsalis-establece-su-debut-en-blue-note-con-el-nuevo-disco-pertenencia\/\",\"name\":\"Branford Marsalis establece su debut en Blue Note con el nuevo disco 'pertenencia'\",\"isPartOf\":{\"@id\":\"https:\/\/web.consaguirre.com.ar\/noticias\/#website\"},\"primaryImageOfPage\":{\"@id\":\"https:\/\/web.consaguirre.com.ar\/noticias\/branford-marsalis-establece-su-debut-en-blue-note-con-el-nuevo-disco-pertenencia\/#primaryimage\"},\"image\":{\"@id\":\"https:\/\/web.consaguirre.com.ar\/noticias\/branford-marsalis-establece-su-debut-en-blue-note-con-el-nuevo-disco-pertenencia\/#primaryimage\"},\"thumbnailUrl\":\"https:\/\/web.consaguirre.com.ar\/noticias\/wp-content\/uploads\/2025\/01\/Branford-Marsalis-establece-su-debut-en-Blue-Note-con-el.jpg\",\"datePublished\":\"2025-01-30T23:40:22+00:00\",\"dateModified\":\"2025-01-30T23:40:24+00:00\",\"breadcrumb\":{\"@id\":\"https:\/\/web.consaguirre.com.ar\/noticias\/branford-marsalis-establece-su-debut-en-blue-note-con-el-nuevo-disco-pertenencia\/#breadcrumb\"},\"inLanguage\":\"es-AR\",\"potentialAction\":[{\"@type\":\"ReadAction\",\"target\":[\"https:\/\/web.consaguirre.com.ar\/noticias\/branford-marsalis-establece-su-debut-en-blue-note-con-el-nuevo-disco-pertenencia\/\"]}]},{\"@type\":\"ImageObject\",\"inLanguage\":\"es-AR\",\"@id\":\"https:\/\/web.consaguirre.com.ar\/noticias\/branford-marsalis-establece-su-debut-en-blue-note-con-el-nuevo-disco-pertenencia\/#primaryimage\",\"url\":\"https:\/\/web.consaguirre.com.ar\/noticias\/wp-content\/uploads\/2025\/01\/Branford-Marsalis-establece-su-debut-en-Blue-Note-con-el.jpg\",\"contentUrl\":\"https:\/\/web.consaguirre.com.ar\/noticias\/wp-content\/uploads\/2025\/01\/Branford-Marsalis-establece-su-debut-en-Blue-Note-con-el.jpg\",\"width\":1440,\"height\":864,\"caption\":\"Photo: Jamie McCarthy\/Getty Images\"},{\"@type\":\"BreadcrumbList\",\"@id\":\"https:\/\/web.consaguirre.com.ar\/noticias\/branford-marsalis-establece-su-debut-en-blue-note-con-el-nuevo-disco-pertenencia\/#breadcrumb\",\"itemListElement\":[{\"@type\":\"ListItem\",\"position\":1,\"name\":\"Inicio\",\"item\":\"https:\/\/web.consaguirre.com.ar\/noticias\/\"},{\"@type\":\"ListItem\",\"position\":2,\"name\":\"Branford Marsalis establece su debut en Blue Note con el nuevo disco &#8216;pertenencia&#8217;\"}]},{\"@type\":\"WebSite\",\"@id\":\"https:\/\/web.consaguirre.com.ar\/noticias\/#website\",\"url\":\"https:\/\/web.consaguirre.com.ar\/noticias\/\",\"name\":\"Conservatorio de M\u00fasica Juli\u00e1n Aguirre\",\"description\":\"\",\"publisher\":{\"@id\":\"https:\/\/web.consaguirre.com.ar\/noticias\/#organization\"},\"potentialAction\":[{\"@type\":\"SearchAction\",\"target\":{\"@type\":\"EntryPoint\",\"urlTemplate\":\"https:\/\/web.consaguirre.com.ar\/noticias\/?s={search_term_string}\"},\"query-input\":\"required name=search_term_string\"}],\"inLanguage\":\"es-AR\"},{\"@type\":\"Organization\",\"@id\":\"https:\/\/web.consaguirre.com.ar\/noticias\/#organization\",\"name\":\"Conservatorio de M\u00fasica Juli\u00e1n Aguirre\",\"url\":\"https:\/\/web.consaguirre.com.ar\/noticias\/\",\"logo\":{\"@type\":\"ImageObject\",\"inLanguage\":\"es-AR\",\"@id\":\"https:\/\/web.consaguirre.com.ar\/noticias\/#\/schema\/logo\/image\/\",\"url\":\"https:\/\/web.consaguirre.com.ar\/noticias\/wp-content\/uploads\/2024\/08\/Banner-Aguirre-23.jpg\",\"contentUrl\":\"https:\/\/web.consaguirre.com.ar\/noticias\/wp-content\/uploads\/2024\/08\/Banner-Aguirre-23.jpg\",\"width\":1192,\"height\":600,\"caption\":\"Conservatorio de M\u00fasica Juli\u00e1n Aguirre\"},\"image\":{\"@id\":\"https:\/\/web.consaguirre.com.ar\/noticias\/#\/schema\/logo\/image\/\"}},{\"@type\":\"Person\",\"@id\":\"https:\/\/web.consaguirre.com.ar\/noticias\/#\/schema\/person\/6558b0cfedee7ddc5425602b237d5722\",\"name\":\"Javier Figueroa\",\"image\":{\"@type\":\"ImageObject\",\"inLanguage\":\"es-AR\",\"@id\":\"https:\/\/web.consaguirre.com.ar\/noticias\/#\/schema\/person\/image\/\",\"url\":\"https:\/\/web.consaguirre.com.ar\/noticias\/wp-content\/uploads\/2024\/08\/Consaguirre-scaled.jpg\",\"contentUrl\":\"https:\/\/web.consaguirre.com.ar\/noticias\/wp-content\/uploads\/2024\/08\/Consaguirre-scaled.jpg\",\"caption\":\"Javier Figueroa\"},\"description\":\"Me llamo Javier Figueroa y soy redactor para el sitio oficial del Conservatorio de M\u00fasica Juli\u00e1n Aguirre en Buenos Aires, consaguirre.com. Apasionado por la m\u00fasica y la escritura, me esfuerzo por destacar los talentos y eventos de nuestra prestigiosa instituci\u00f3n. Mi trayectoria se nutre de una profunda admiraci\u00f3n por los artistas, haciendo de cada art\u00edculo una celebraci\u00f3n de la creatividad y la cultura musical.\",\"sameAs\":[\"https:\/\/web.consaguirre.com.ar\/noticias\"]}]}<\/script>\n<!-- \/ Yoast SEO plugin. -->","yoast_head_json":{"title":"Branford Marsalis establece su debut en Blue Note con el nuevo disco 'pertenencia'","robots":{"index":"index","follow":"follow","max-snippet":"max-snippet:-1","max-image-preview":"max-image-preview:large","max-video-preview":"max-video-preview:-1"},"canonical":"https:\/\/web.consaguirre.com.ar\/noticias\/branford-marsalis-establece-su-debut-en-blue-note-con-el-nuevo-disco-pertenencia\/","og_locale":"es_ES","og_type":"article","og_title":"Branford Marsalis establece su debut en Blue Note con el nuevo disco 'pertenencia'","og_description":"Saxofonista Branford Marsalis est\u00e1 listo para debutar en Blue Note Records con el lanzamiento del 28 de marzo de Pertenecienteuna interpretaci\u00f3n completa del \u00e1lbum de","og_url":"https:\/\/web.consaguirre.com.ar\/noticias\/branford-marsalis-establece-su-debut-en-blue-note-con-el-nuevo-disco-pertenencia\/","og_site_name":"Conservatorio de M\u00fasica Juli\u00e1n Aguirre","article_published_time":"2025-01-30T23:40:22+00:00","article_modified_time":"2025-01-30T23:40:24+00:00","og_image":[{"width":1440,"height":864,"url":"https:\/\/web.consaguirre.com.ar\/noticias\/wp-content\/uploads\/2025\/01\/Branford-Marsalis-establece-su-debut-en-Blue-Note-con-el.jpg","type":"image\/jpeg"}],"author":"Javier Figueroa","twitter_card":"summary_large_image","twitter_misc":{"Escrito por":"Javier Figueroa","Tiempo de lectura":"2 minutos"},"schema":{"@context":"https:\/\/schema.org","@graph":[{"@type":"Article","@id":"https:\/\/web.consaguirre.com.ar\/noticias\/branford-marsalis-establece-su-debut-en-blue-note-con-el-nuevo-disco-pertenencia\/#article","isPartOf":{"@id":"https:\/\/web.consaguirre.com.ar\/noticias\/branford-marsalis-establece-su-debut-en-blue-note-con-el-nuevo-disco-pertenencia\/"},"author":{"name":"Javier Figueroa","@id":"https:\/\/web.consaguirre.com.ar\/noticias\/#\/schema\/person\/6558b0cfedee7ddc5425602b237d5722"},"headline":"Branford Marsalis establece su debut en Blue Note con el nuevo disco &#8216;pertenencia&#8217;","datePublished":"2025-01-30T23:40:22+00:00","dateModified":"2025-01-30T23:40:24+00:00","mainEntityOfPage":{"@id":"https:\/\/web.consaguirre.com.ar\/noticias\/branford-marsalis-establece-su-debut-en-blue-note-con-el-nuevo-disco-pertenencia\/"},"wordCount":369,"publisher":{"@id":"https:\/\/web.consaguirre.com.ar\/noticias\/#organization"},"image":{"@id":"https:\/\/web.consaguirre.com.ar\/noticias\/branford-marsalis-establece-su-debut-en-blue-note-con-el-nuevo-disco-pertenencia\/#primaryimage"},"thumbnailUrl":"https:\/\/web.consaguirre.com.ar\/noticias\/wp-content\/uploads\/2025\/01\/Branford-Marsalis-establece-su-debut-en-Blue-Note-con-el.jpg","keywords":["Blue","Branford","con","debut","disco","establece","Marsalis","Note","nuevo","pertenencia"],"articleSection":["El \u00faltimo"],"inLanguage":"es-AR"},{"@type":"WebPage","@id":"https:\/\/web.consaguirre.com.ar\/noticias\/branford-marsalis-establece-su-debut-en-blue-note-con-el-nuevo-disco-pertenencia\/","url":"https:\/\/web.consaguirre.com.ar\/noticias\/branford-marsalis-establece-su-debut-en-blue-note-con-el-nuevo-disco-pertenencia\/","name":"Branford Marsalis establece su debut en Blue Note con el nuevo disco 'pertenencia'","isPartOf":{"@id":"https:\/\/web.consaguirre.com.ar\/noticias\/#website"},"primaryImageOfPage":{"@id":"https:\/\/web.consaguirre.com.ar\/noticias\/branford-marsalis-establece-su-debut-en-blue-note-con-el-nuevo-disco-pertenencia\/#primaryimage"},"image":{"@id":"https:\/\/web.consaguirre.com.ar\/noticias\/branford-marsalis-establece-su-debut-en-blue-note-con-el-nuevo-disco-pertenencia\/#primaryimage"},"thumbnailUrl":"https:\/\/web.consaguirre.com.ar\/noticias\/wp-content\/uploads\/2025\/01\/Branford-Marsalis-establece-su-debut-en-Blue-Note-con-el.jpg","datePublished":"2025-01-30T23:40:22+00:00","dateModified":"2025-01-30T23:40:24+00:00","breadcrumb":{"@id":"https:\/\/web.consaguirre.com.ar\/noticias\/branford-marsalis-establece-su-debut-en-blue-note-con-el-nuevo-disco-pertenencia\/#breadcrumb"},"inLanguage":"es-AR","potentialAction":[{"@type":"ReadAction","target":["https:\/\/web.consaguirre.com.ar\/noticias\/branford-marsalis-establece-su-debut-en-blue-note-con-el-nuevo-disco-pertenencia\/"]}]},{"@type":"ImageObject","inLanguage":"es-AR","@id":"https:\/\/web.consaguirre.com.ar\/noticias\/branford-marsalis-establece-su-debut-en-blue-note-con-el-nuevo-disco-pertenencia\/#primaryimage","url":"https:\/\/web.consaguirre.com.ar\/noticias\/wp-content\/uploads\/2025\/01\/Branford-Marsalis-establece-su-debut-en-Blue-Note-con-el.jpg","contentUrl":"https:\/\/web.consaguirre.com.ar\/noticias\/wp-content\/uploads\/2025\/01\/Branford-Marsalis-establece-su-debut-en-Blue-Note-con-el.jpg","width":1440,"height":864,"caption":"Photo: Jamie McCarthy\/Getty Images"},{"@type":"BreadcrumbList","@id":"https:\/\/web.consaguirre.com.ar\/noticias\/branford-marsalis-establece-su-debut-en-blue-note-con-el-nuevo-disco-pertenencia\/#breadcrumb","itemListElement":[{"@type":"ListItem","position":1,"name":"Inicio","item":"https:\/\/web.consaguirre.com.ar\/noticias\/"},{"@type":"ListItem","position":2,"name":"Branford Marsalis establece su debut en Blue Note con el nuevo disco &#8216;pertenencia&#8217;"}]},{"@type":"WebSite","@id":"https:\/\/web.consaguirre.com.ar\/noticias\/#website","url":"https:\/\/web.consaguirre.com.ar\/noticias\/","name":"Conservatorio de M\u00fasica Juli\u00e1n Aguirre","description":"","publisher":{"@id":"https:\/\/web.consaguirre.com.ar\/noticias\/#organization"},"potentialAction":[{"@type":"SearchAction","target":{"@type":"EntryPoint","urlTemplate":"https:\/\/web.consaguirre.com.ar\/noticias\/?s={search_term_string}"},"query-input":"required name=search_term_string"}],"inLanguage":"es-AR"},{"@type":"Organization","@id":"https:\/\/web.consaguirre.com.ar\/noticias\/#organization","name":"Conservatorio de M\u00fasica Juli\u00e1n Aguirre","url":"https:\/\/web.consaguirre.com.ar\/noticias\/","logo":{"@type":"ImageObject","inLanguage":"es-AR","@id":"https:\/\/web.consaguirre.com.ar\/noticias\/#\/schema\/logo\/image\/","url":"https:\/\/web.consaguirre.com.ar\/noticias\/wp-content\/uploads\/2024\/08\/Banner-Aguirre-23.jpg","contentUrl":"https:\/\/web.consaguirre.com.ar\/noticias\/wp-content\/uploads\/2024\/08\/Banner-Aguirre-23.jpg","width":1192,"height":600,"caption":"Conservatorio de M\u00fasica Juli\u00e1n Aguirre"},"image":{"@id":"https:\/\/web.consaguirre.com.ar\/noticias\/#\/schema\/logo\/image\/"}},{"@type":"Person","@id":"https:\/\/web.consaguirre.com.ar\/noticias\/#\/schema\/person\/6558b0cfedee7ddc5425602b237d5722","name":"Javier Figueroa","image":{"@type":"ImageObject","inLanguage":"es-AR","@id":"https:\/\/web.consaguirre.com.ar\/noticias\/#\/schema\/person\/image\/","url":"https:\/\/web.consaguirre.com.ar\/noticias\/wp-content\/uploads\/2024\/08\/Consaguirre-scaled.jpg","contentUrl":"https:\/\/web.consaguirre.com.ar\/noticias\/wp-content\/uploads\/2024\/08\/Consaguirre-scaled.jpg","caption":"Javier Figueroa"},"description":"Me llamo Javier Figueroa y soy redactor para el sitio oficial del Conservatorio de M\u00fasica Juli\u00e1n Aguirre en Buenos Aires, consaguirre.com. Apasionado por la m\u00fasica y la escritura, me esfuerzo por destacar los talentos y eventos de nuestra prestigiosa instituci\u00f3n. Mi trayectoria se nutre de una profunda admiraci\u00f3n por los artistas, haciendo de cada art\u00edculo una celebraci\u00f3n de la creatividad y la cultura musical.","sameAs":["https:\/\/web.consaguirre.com.ar\/noticias"]}]}},"_links":{"self":[{"href":"https:\/\/web.consaguirre.com.ar\/noticias\/wp-json\/wp\/v2\/posts\/1736"}],"collection":[{"href":"https:\/\/web.consaguirre.com.ar\/noticias\/wp-json\/wp\/v2\/posts"}],"about":[{"href":"https:\/\/web.consaguirre.com.ar\/noticias\/wp-json\/wp\/v2\/types\/post"}],"author":[{"embeddable":true,"href":"https:\/\/web.consaguirre.com.ar\/noticias\/wp-json\/wp\/v2\/users\/1"}],"replies":[{"embeddable":true,"href":"https:\/\/web.consaguirre.com.ar\/noticias\/wp-json\/wp\/v2\/comments?post=1736"}],"version-history":[{"count":1,"href":"https:\/\/web.consaguirre.com.ar\/noticias\/wp-json\/wp\/v2\/posts\/1736\/revisions"}],"predecessor-version":[{"id":1738,"href":"https:\/\/web.consaguirre.com.ar\/noticias\/wp-json\/wp\/v2\/posts\/1736\/revisions\/1738"}],"wp:featuredmedia":[{"embeddable":true,"href":"https:\/\/web.consaguirre.com.ar\/noticias\/wp-json\/wp\/v2\/media\/1737"}],"wp:attachment":[{"href":"https:\/\/web.consaguirre.com.ar\/noticias\/wp-json\/wp\/v2\/media?parent=1736"}],"wp:term":[{"taxonomy":"category","embeddable":true,"href":"https:\/\/web.consaguirre.com.ar\/noticias\/wp-json\/wp\/v2\/categories?post=1736"},{"taxonomy":"post_tag","embeddable":true,"href":"https:\/\/web.consaguirre.com.ar\/noticias\/wp-json\/wp\/v2\/tags?post=1736"}],"curies":[{"name":"wp","href":"https:\/\/api.w.org\/{rel}","templated":true}]}}