{"id":1733,"date":"2025-01-30T17:38:24","date_gmt":"2025-01-30T20:38:24","guid":{"rendered":"https:\/\/web.consaguirre.com.ar\/noticias\/charley-crockett-firma-a-island-records-anuncia-un-nuevo-album\/"},"modified":"2025-01-30T17:38:26","modified_gmt":"2025-01-30T20:38:26","slug":"charley-crockett-firma-a-island-records-anuncia-un-nuevo-album","status":"publish","type":"post","link":"https:\/\/web.consaguirre.com.ar\/noticias\/charley-crockett-firma-a-island-records-anuncia-un-nuevo-album\/","title":{"rendered":"Charley Crockett firma a Island Records, anuncia un nuevo \u00e1lbum"},"content":{"rendered":"<p>El nominado al Grammy Charley Crockett ha firmado con Island Records, donde lanzar\u00e1 su pr\u00f3ximo \u00e1lbum <em>Drifter solitario <\/em>el 14 de marzo. El primer sencillo del \u00e1lbum, la canci\u00f3n principal, se lanzar\u00e1 el 31 de enero.<\/p>\n<div class=\"uD-YT-container\"><img decoding=\"async\" src=\"https:\/\/web.consaguirre.com.ar\/noticias\/wp-content\/uploads\/2025\/01\/1738269504_871_Charley-Crockett-firma-a-Island-Records-anuncia-un-nuevo-album.jpg\" alt=\"Video de YouTube\"><br \/>Haga clic para cargar video<\/div>\n<p>Crockett ha sacado los asombrosos 15 \u00e1lbumes en los \u00faltimos nueve a\u00f1os en su propio sello, <em>Hijo de Davy<\/em>. <em>Drifter solitario<\/em> Ser\u00e1 su debut en el sello principal. El \u00e1lbum fue coproducido con el tirador Jennings, grabado durante 10 d\u00edas en Sunset Sound de Los \u00c1ngeles. &#8220;Shooter y yo apenas hablamos de eso&#8221;, reflexion\u00f3 Crockett. \u201cAcabo de sacar a todos mis muchachos, y el \u00e1lbum se hizo a s\u00ed mismo. Estaba en vivo sin muchos sobregrabados. No hubo inhibiciones. No estaba siendo juzgado y no me sent\u00eda consciente de s\u00ed mismo. Shooter sab\u00eda c\u00f3mo soltarse y dejar que esto se desarrollara \u201d.<\/p>\n<p>El nativo de Texas est\u00e1 actualmente listo para el mejor \u00e1lbum americano en los 2025 Grammy Awards para 2024 <em>$ 10 vaquero<\/em>. Es su primera nominaci\u00f3n.<\/p>\n<p>Crockett naci\u00f3 y creci\u00f3 en Texas, pero pas\u00f3 veranos creciendo en Nueva Orleans con su t\u00edo, un portero en los clubes de striptease en Bourbon Street. Recientemente le dijo a NPR: \u201cRealmente fue en Nueva Orleans donde aprend\u00ed todos los diferentes estilos. Aprend\u00ed a beber canciones, tocando frente a los turistas en Royal Street. Tengo una sensaci\u00f3n de sincronizaci\u00f3n de jazz, de c\u00f3mo rasguear realmente una guitarra, c\u00f3mo elegir una guitarra para un beat de dos, para unas barajas. No soy m\u00fasico de jazz por ning\u00fan tramo, pero aprend\u00ed algunas posiciones de jazz para sustituir los acordes simples del pa\u00eds y los blues, all\u00ed en esas calles, \u00bfsabes? &#8220;<\/p>\n<p>El a\u00f1o pasado, Crockett toc\u00f3 m\u00e1s de 100 shows en los Estados Unidos, Australia, Canad\u00e1 y el Reino Unido, volver\u00e1 a salir a la carretera a partir de febrero, donde tocar\u00e1 espect\u00e1culos en los Estados Unidos con Nathaniel Rateliff y The Night Sweats, Leon Bridges y Tyler Childers. <strong>Se puede encontrar m\u00e1s informaci\u00f3n en el sitio web de Crockett.<\/strong><\/p>\n<p><strong>Ordene Charley Crockett&#8217;s <em>Drifter solitario<\/em>.<\/strong><\/p>\n","protected":false},"excerpt":{"rendered":"<p>El nominado al Grammy Charley Crockett ha firmado con Island Records, donde lanzar\u00e1 su pr\u00f3ximo \u00e1lbum Drifter solitario el 14 de marzo. El primer sencillo<\/p>\n","protected":false},"author":1,"featured_media":1734,"comment_status":"closed","ping_status":"","sticky":false,"template":"","format":"standard","meta":{"footnotes":""},"categories":[50],"tags":[147,56,1780,1781,389,1782,146,256],"class_list":["post-1733","post","type-post","status-publish","format-standard","has-post-thumbnail","hentry","category-el-ultimo","tag-album","tag-anuncia","tag-charley","tag-crockett","tag-firma","tag-island","tag-nuevo","tag-records","generate-columns","tablet-grid-50","mobile-grid-100","grid-parent","grid-50"],"yoast_head":"<!-- This site is optimized with the Yoast SEO plugin v23.3 - https:\/\/yoast.com\/wordpress\/plugins\/seo\/ -->\n<title>Charley Crockett firma a Island Records, anuncia un nuevo \u00e1lbum<\/title>\n<meta name=\"robots\" content=\"index, follow, max-snippet:-1, max-image-preview:large, max-video-preview:-1\" \/>\n<link rel=\"canonical\" href=\"https:\/\/web.consaguirre.com.ar\/noticias\/charley-crockett-firma-a-island-records-anuncia-un-nuevo-album\/\" \/>\n<meta property=\"og:locale\" content=\"es_ES\" \/>\n<meta property=\"og:type\" content=\"article\" \/>\n<meta property=\"og:title\" content=\"Charley Crockett firma a Island Records, anuncia un nuevo \u00e1lbum\" \/>\n<meta property=\"og:description\" content=\"El nominado al Grammy Charley Crockett ha firmado con Island Records, donde lanzar\u00e1 su pr\u00f3ximo \u00e1lbum Drifter solitario el 14 de marzo. El primer sencillo\" \/>\n<meta property=\"og:url\" content=\"https:\/\/web.consaguirre.com.ar\/noticias\/charley-crockett-firma-a-island-records-anuncia-un-nuevo-album\/\" \/>\n<meta property=\"og:site_name\" content=\"Conservatorio de M\u00fasica Juli\u00e1n Aguirre\" \/>\n<meta property=\"article:published_time\" content=\"2025-01-30T20:38:24+00:00\" \/>\n<meta property=\"article:modified_time\" content=\"2025-01-30T20:38:26+00:00\" \/>\n<meta property=\"og:image\" content=\"https:\/\/web.consaguirre.com.ar\/noticias\/wp-content\/uploads\/2025\/01\/Charley-Crockett-firma-a-Island-Records-anuncia-un-nuevo-album.jpg\" \/>\n\t<meta property=\"og:image:width\" content=\"1440\" \/>\n\t<meta property=\"og:image:height\" content=\"864\" \/>\n\t<meta property=\"og:image:type\" content=\"image\/jpeg\" \/>\n<meta name=\"author\" content=\"Javier Figueroa\" \/>\n<meta name=\"twitter:card\" content=\"summary_large_image\" \/>\n<meta name=\"twitter:label1\" content=\"Escrito por\" \/>\n\t<meta name=\"twitter:data1\" content=\"Javier Figueroa\" \/>\n\t<meta name=\"twitter:label2\" content=\"Tiempo de lectura\" \/>\n\t<meta name=\"twitter:data2\" content=\"2 minutos\" \/>\n<script type=\"application\/ld+json\" class=\"yoast-schema-graph\">{\"@context\":\"https:\/\/schema.org\",\"@graph\":[{\"@type\":\"Article\",\"@id\":\"https:\/\/web.consaguirre.com.ar\/noticias\/charley-crockett-firma-a-island-records-anuncia-un-nuevo-album\/#article\",\"isPartOf\":{\"@id\":\"https:\/\/web.consaguirre.com.ar\/noticias\/charley-crockett-firma-a-island-records-anuncia-un-nuevo-album\/\"},\"author\":{\"name\":\"Javier Figueroa\",\"@id\":\"https:\/\/web.consaguirre.com.ar\/noticias\/#\/schema\/person\/6558b0cfedee7ddc5425602b237d5722\"},\"headline\":\"Charley Crockett firma a Island Records, anuncia un nuevo \u00e1lbum\",\"datePublished\":\"2025-01-30T20:38:24+00:00\",\"dateModified\":\"2025-01-30T20:38:26+00:00\",\"mainEntityOfPage\":{\"@id\":\"https:\/\/web.consaguirre.com.ar\/noticias\/charley-crockett-firma-a-island-records-anuncia-un-nuevo-album\/\"},\"wordCount\":363,\"publisher\":{\"@id\":\"https:\/\/web.consaguirre.com.ar\/noticias\/#organization\"},\"image\":{\"@id\":\"https:\/\/web.consaguirre.com.ar\/noticias\/charley-crockett-firma-a-island-records-anuncia-un-nuevo-album\/#primaryimage\"},\"thumbnailUrl\":\"https:\/\/web.consaguirre.com.ar\/noticias\/wp-content\/uploads\/2025\/01\/Charley-Crockett-firma-a-Island-Records-anuncia-un-nuevo-album.jpg\",\"keywords\":[\"\u00e1lbum\",\"anuncia\",\"Charley\",\"Crockett\",\"firma\",\"Island\",\"nuevo\",\"Records\"],\"articleSection\":[\"El \u00faltimo\"],\"inLanguage\":\"es-AR\"},{\"@type\":\"WebPage\",\"@id\":\"https:\/\/web.consaguirre.com.ar\/noticias\/charley-crockett-firma-a-island-records-anuncia-un-nuevo-album\/\",\"url\":\"https:\/\/web.consaguirre.com.ar\/noticias\/charley-crockett-firma-a-island-records-anuncia-un-nuevo-album\/\",\"name\":\"Charley Crockett firma a Island Records, anuncia un nuevo \u00e1lbum\",\"isPartOf\":{\"@id\":\"https:\/\/web.consaguirre.com.ar\/noticias\/#website\"},\"primaryImageOfPage\":{\"@id\":\"https:\/\/web.consaguirre.com.ar\/noticias\/charley-crockett-firma-a-island-records-anuncia-un-nuevo-album\/#primaryimage\"},\"image\":{\"@id\":\"https:\/\/web.consaguirre.com.ar\/noticias\/charley-crockett-firma-a-island-records-anuncia-un-nuevo-album\/#primaryimage\"},\"thumbnailUrl\":\"https:\/\/web.consaguirre.com.ar\/noticias\/wp-content\/uploads\/2025\/01\/Charley-Crockett-firma-a-Island-Records-anuncia-un-nuevo-album.jpg\",\"datePublished\":\"2025-01-30T20:38:24+00:00\",\"dateModified\":\"2025-01-30T20:38:26+00:00\",\"breadcrumb\":{\"@id\":\"https:\/\/web.consaguirre.com.ar\/noticias\/charley-crockett-firma-a-island-records-anuncia-un-nuevo-album\/#breadcrumb\"},\"inLanguage\":\"es-AR\",\"potentialAction\":[{\"@type\":\"ReadAction\",\"target\":[\"https:\/\/web.consaguirre.com.ar\/noticias\/charley-crockett-firma-a-island-records-anuncia-un-nuevo-album\/\"]}]},{\"@type\":\"ImageObject\",\"inLanguage\":\"es-AR\",\"@id\":\"https:\/\/web.consaguirre.com.ar\/noticias\/charley-crockett-firma-a-island-records-anuncia-un-nuevo-album\/#primaryimage\",\"url\":\"https:\/\/web.consaguirre.com.ar\/noticias\/wp-content\/uploads\/2025\/01\/Charley-Crockett-firma-a-Island-Records-anuncia-un-nuevo-album.jpg\",\"contentUrl\":\"https:\/\/web.consaguirre.com.ar\/noticias\/wp-content\/uploads\/2025\/01\/Charley-Crockett-firma-a-Island-Records-anuncia-un-nuevo-album.jpg\",\"width\":1440,\"height\":864,\"caption\":\"Photo: Tibrina Hobson\/Getty Images\"},{\"@type\":\"BreadcrumbList\",\"@id\":\"https:\/\/web.consaguirre.com.ar\/noticias\/charley-crockett-firma-a-island-records-anuncia-un-nuevo-album\/#breadcrumb\",\"itemListElement\":[{\"@type\":\"ListItem\",\"position\":1,\"name\":\"Inicio\",\"item\":\"https:\/\/web.consaguirre.com.ar\/noticias\/\"},{\"@type\":\"ListItem\",\"position\":2,\"name\":\"Charley Crockett firma a Island Records, anuncia un nuevo \u00e1lbum\"}]},{\"@type\":\"WebSite\",\"@id\":\"https:\/\/web.consaguirre.com.ar\/noticias\/#website\",\"url\":\"https:\/\/web.consaguirre.com.ar\/noticias\/\",\"name\":\"Conservatorio de M\u00fasica Juli\u00e1n Aguirre\",\"description\":\"\",\"publisher\":{\"@id\":\"https:\/\/web.consaguirre.com.ar\/noticias\/#organization\"},\"potentialAction\":[{\"@type\":\"SearchAction\",\"target\":{\"@type\":\"EntryPoint\",\"urlTemplate\":\"https:\/\/web.consaguirre.com.ar\/noticias\/?s={search_term_string}\"},\"query-input\":\"required name=search_term_string\"}],\"inLanguage\":\"es-AR\"},{\"@type\":\"Organization\",\"@id\":\"https:\/\/web.consaguirre.com.ar\/noticias\/#organization\",\"name\":\"Conservatorio de M\u00fasica Juli\u00e1n Aguirre\",\"url\":\"https:\/\/web.consaguirre.com.ar\/noticias\/\",\"logo\":{\"@type\":\"ImageObject\",\"inLanguage\":\"es-AR\",\"@id\":\"https:\/\/web.consaguirre.com.ar\/noticias\/#\/schema\/logo\/image\/\",\"url\":\"https:\/\/web.consaguirre.com.ar\/noticias\/wp-content\/uploads\/2024\/08\/Banner-Aguirre-23.jpg\",\"contentUrl\":\"https:\/\/web.consaguirre.com.ar\/noticias\/wp-content\/uploads\/2024\/08\/Banner-Aguirre-23.jpg\",\"width\":1192,\"height\":600,\"caption\":\"Conservatorio de M\u00fasica Juli\u00e1n Aguirre\"},\"image\":{\"@id\":\"https:\/\/web.consaguirre.com.ar\/noticias\/#\/schema\/logo\/image\/\"}},{\"@type\":\"Person\",\"@id\":\"https:\/\/web.consaguirre.com.ar\/noticias\/#\/schema\/person\/6558b0cfedee7ddc5425602b237d5722\",\"name\":\"Javier Figueroa\",\"image\":{\"@type\":\"ImageObject\",\"inLanguage\":\"es-AR\",\"@id\":\"https:\/\/web.consaguirre.com.ar\/noticias\/#\/schema\/person\/image\/\",\"url\":\"https:\/\/web.consaguirre.com.ar\/noticias\/wp-content\/uploads\/2024\/08\/Consaguirre-scaled.jpg\",\"contentUrl\":\"https:\/\/web.consaguirre.com.ar\/noticias\/wp-content\/uploads\/2024\/08\/Consaguirre-scaled.jpg\",\"caption\":\"Javier Figueroa\"},\"description\":\"Me llamo Javier Figueroa y soy redactor para el sitio oficial del Conservatorio de M\u00fasica Juli\u00e1n Aguirre en Buenos Aires, consaguirre.com. Apasionado por la m\u00fasica y la escritura, me esfuerzo por destacar los talentos y eventos de nuestra prestigiosa instituci\u00f3n. Mi trayectoria se nutre de una profunda admiraci\u00f3n por los artistas, haciendo de cada art\u00edculo una celebraci\u00f3n de la creatividad y la cultura musical.\",\"sameAs\":[\"https:\/\/web.consaguirre.com.ar\/noticias\"]}]}<\/script>\n<!-- \/ Yoast SEO plugin. -->","yoast_head_json":{"title":"Charley Crockett firma a Island Records, anuncia un nuevo \u00e1lbum","robots":{"index":"index","follow":"follow","max-snippet":"max-snippet:-1","max-image-preview":"max-image-preview:large","max-video-preview":"max-video-preview:-1"},"canonical":"https:\/\/web.consaguirre.com.ar\/noticias\/charley-crockett-firma-a-island-records-anuncia-un-nuevo-album\/","og_locale":"es_ES","og_type":"article","og_title":"Charley Crockett firma a Island Records, anuncia un nuevo \u00e1lbum","og_description":"El nominado al Grammy Charley Crockett ha firmado con Island Records, donde lanzar\u00e1 su pr\u00f3ximo \u00e1lbum Drifter solitario el 14 de marzo. El primer sencillo","og_url":"https:\/\/web.consaguirre.com.ar\/noticias\/charley-crockett-firma-a-island-records-anuncia-un-nuevo-album\/","og_site_name":"Conservatorio de M\u00fasica Juli\u00e1n Aguirre","article_published_time":"2025-01-30T20:38:24+00:00","article_modified_time":"2025-01-30T20:38:26+00:00","og_image":[{"width":1440,"height":864,"url":"https:\/\/web.consaguirre.com.ar\/noticias\/wp-content\/uploads\/2025\/01\/Charley-Crockett-firma-a-Island-Records-anuncia-un-nuevo-album.jpg","type":"image\/jpeg"}],"author":"Javier Figueroa","twitter_card":"summary_large_image","twitter_misc":{"Escrito por":"Javier Figueroa","Tiempo de lectura":"2 minutos"},"schema":{"@context":"https:\/\/schema.org","@graph":[{"@type":"Article","@id":"https:\/\/web.consaguirre.com.ar\/noticias\/charley-crockett-firma-a-island-records-anuncia-un-nuevo-album\/#article","isPartOf":{"@id":"https:\/\/web.consaguirre.com.ar\/noticias\/charley-crockett-firma-a-island-records-anuncia-un-nuevo-album\/"},"author":{"name":"Javier Figueroa","@id":"https:\/\/web.consaguirre.com.ar\/noticias\/#\/schema\/person\/6558b0cfedee7ddc5425602b237d5722"},"headline":"Charley Crockett firma a Island Records, anuncia un nuevo \u00e1lbum","datePublished":"2025-01-30T20:38:24+00:00","dateModified":"2025-01-30T20:38:26+00:00","mainEntityOfPage":{"@id":"https:\/\/web.consaguirre.com.ar\/noticias\/charley-crockett-firma-a-island-records-anuncia-un-nuevo-album\/"},"wordCount":363,"publisher":{"@id":"https:\/\/web.consaguirre.com.ar\/noticias\/#organization"},"image":{"@id":"https:\/\/web.consaguirre.com.ar\/noticias\/charley-crockett-firma-a-island-records-anuncia-un-nuevo-album\/#primaryimage"},"thumbnailUrl":"https:\/\/web.consaguirre.com.ar\/noticias\/wp-content\/uploads\/2025\/01\/Charley-Crockett-firma-a-Island-Records-anuncia-un-nuevo-album.jpg","keywords":["\u00e1lbum","anuncia","Charley","Crockett","firma","Island","nuevo","Records"],"articleSection":["El \u00faltimo"],"inLanguage":"es-AR"},{"@type":"WebPage","@id":"https:\/\/web.consaguirre.com.ar\/noticias\/charley-crockett-firma-a-island-records-anuncia-un-nuevo-album\/","url":"https:\/\/web.consaguirre.com.ar\/noticias\/charley-crockett-firma-a-island-records-anuncia-un-nuevo-album\/","name":"Charley Crockett firma a Island Records, anuncia un nuevo \u00e1lbum","isPartOf":{"@id":"https:\/\/web.consaguirre.com.ar\/noticias\/#website"},"primaryImageOfPage":{"@id":"https:\/\/web.consaguirre.com.ar\/noticias\/charley-crockett-firma-a-island-records-anuncia-un-nuevo-album\/#primaryimage"},"image":{"@id":"https:\/\/web.consaguirre.com.ar\/noticias\/charley-crockett-firma-a-island-records-anuncia-un-nuevo-album\/#primaryimage"},"thumbnailUrl":"https:\/\/web.consaguirre.com.ar\/noticias\/wp-content\/uploads\/2025\/01\/Charley-Crockett-firma-a-Island-Records-anuncia-un-nuevo-album.jpg","datePublished":"2025-01-30T20:38:24+00:00","dateModified":"2025-01-30T20:38:26+00:00","breadcrumb":{"@id":"https:\/\/web.consaguirre.com.ar\/noticias\/charley-crockett-firma-a-island-records-anuncia-un-nuevo-album\/#breadcrumb"},"inLanguage":"es-AR","potentialAction":[{"@type":"ReadAction","target":["https:\/\/web.consaguirre.com.ar\/noticias\/charley-crockett-firma-a-island-records-anuncia-un-nuevo-album\/"]}]},{"@type":"ImageObject","inLanguage":"es-AR","@id":"https:\/\/web.consaguirre.com.ar\/noticias\/charley-crockett-firma-a-island-records-anuncia-un-nuevo-album\/#primaryimage","url":"https:\/\/web.consaguirre.com.ar\/noticias\/wp-content\/uploads\/2025\/01\/Charley-Crockett-firma-a-Island-Records-anuncia-un-nuevo-album.jpg","contentUrl":"https:\/\/web.consaguirre.com.ar\/noticias\/wp-content\/uploads\/2025\/01\/Charley-Crockett-firma-a-Island-Records-anuncia-un-nuevo-album.jpg","width":1440,"height":864,"caption":"Photo: Tibrina Hobson\/Getty Images"},{"@type":"BreadcrumbList","@id":"https:\/\/web.consaguirre.com.ar\/noticias\/charley-crockett-firma-a-island-records-anuncia-un-nuevo-album\/#breadcrumb","itemListElement":[{"@type":"ListItem","position":1,"name":"Inicio","item":"https:\/\/web.consaguirre.com.ar\/noticias\/"},{"@type":"ListItem","position":2,"name":"Charley Crockett firma a Island Records, anuncia un nuevo \u00e1lbum"}]},{"@type":"WebSite","@id":"https:\/\/web.consaguirre.com.ar\/noticias\/#website","url":"https:\/\/web.consaguirre.com.ar\/noticias\/","name":"Conservatorio de M\u00fasica Juli\u00e1n Aguirre","description":"","publisher":{"@id":"https:\/\/web.consaguirre.com.ar\/noticias\/#organization"},"potentialAction":[{"@type":"SearchAction","target":{"@type":"EntryPoint","urlTemplate":"https:\/\/web.consaguirre.com.ar\/noticias\/?s={search_term_string}"},"query-input":"required name=search_term_string"}],"inLanguage":"es-AR"},{"@type":"Organization","@id":"https:\/\/web.consaguirre.com.ar\/noticias\/#organization","name":"Conservatorio de M\u00fasica Juli\u00e1n Aguirre","url":"https:\/\/web.consaguirre.com.ar\/noticias\/","logo":{"@type":"ImageObject","inLanguage":"es-AR","@id":"https:\/\/web.consaguirre.com.ar\/noticias\/#\/schema\/logo\/image\/","url":"https:\/\/web.consaguirre.com.ar\/noticias\/wp-content\/uploads\/2024\/08\/Banner-Aguirre-23.jpg","contentUrl":"https:\/\/web.consaguirre.com.ar\/noticias\/wp-content\/uploads\/2024\/08\/Banner-Aguirre-23.jpg","width":1192,"height":600,"caption":"Conservatorio de M\u00fasica Juli\u00e1n Aguirre"},"image":{"@id":"https:\/\/web.consaguirre.com.ar\/noticias\/#\/schema\/logo\/image\/"}},{"@type":"Person","@id":"https:\/\/web.consaguirre.com.ar\/noticias\/#\/schema\/person\/6558b0cfedee7ddc5425602b237d5722","name":"Javier Figueroa","image":{"@type":"ImageObject","inLanguage":"es-AR","@id":"https:\/\/web.consaguirre.com.ar\/noticias\/#\/schema\/person\/image\/","url":"https:\/\/web.consaguirre.com.ar\/noticias\/wp-content\/uploads\/2024\/08\/Consaguirre-scaled.jpg","contentUrl":"https:\/\/web.consaguirre.com.ar\/noticias\/wp-content\/uploads\/2024\/08\/Consaguirre-scaled.jpg","caption":"Javier Figueroa"},"description":"Me llamo Javier Figueroa y soy redactor para el sitio oficial del Conservatorio de M\u00fasica Juli\u00e1n Aguirre en Buenos Aires, consaguirre.com. Apasionado por la m\u00fasica y la escritura, me esfuerzo por destacar los talentos y eventos de nuestra prestigiosa instituci\u00f3n. Mi trayectoria se nutre de una profunda admiraci\u00f3n por los artistas, haciendo de cada art\u00edculo una celebraci\u00f3n de la creatividad y la cultura musical.","sameAs":["https:\/\/web.consaguirre.com.ar\/noticias"]}]}},"_links":{"self":[{"href":"https:\/\/web.consaguirre.com.ar\/noticias\/wp-json\/wp\/v2\/posts\/1733"}],"collection":[{"href":"https:\/\/web.consaguirre.com.ar\/noticias\/wp-json\/wp\/v2\/posts"}],"about":[{"href":"https:\/\/web.consaguirre.com.ar\/noticias\/wp-json\/wp\/v2\/types\/post"}],"author":[{"embeddable":true,"href":"https:\/\/web.consaguirre.com.ar\/noticias\/wp-json\/wp\/v2\/users\/1"}],"replies":[{"embeddable":true,"href":"https:\/\/web.consaguirre.com.ar\/noticias\/wp-json\/wp\/v2\/comments?post=1733"}],"version-history":[{"count":1,"href":"https:\/\/web.consaguirre.com.ar\/noticias\/wp-json\/wp\/v2\/posts\/1733\/revisions"}],"predecessor-version":[{"id":1735,"href":"https:\/\/web.consaguirre.com.ar\/noticias\/wp-json\/wp\/v2\/posts\/1733\/revisions\/1735"}],"wp:featuredmedia":[{"embeddable":true,"href":"https:\/\/web.consaguirre.com.ar\/noticias\/wp-json\/wp\/v2\/media\/1734"}],"wp:attachment":[{"href":"https:\/\/web.consaguirre.com.ar\/noticias\/wp-json\/wp\/v2\/media?parent=1733"}],"wp:term":[{"taxonomy":"category","embeddable":true,"href":"https:\/\/web.consaguirre.com.ar\/noticias\/wp-json\/wp\/v2\/categories?post=1733"},{"taxonomy":"post_tag","embeddable":true,"href":"https:\/\/web.consaguirre.com.ar\/noticias\/wp-json\/wp\/v2\/tags?post=1733"}],"curies":[{"name":"wp","href":"https:\/\/api.w.org\/{rel}","templated":true}]}}